{"id":4878,"date":"2021-07-06T11:00:07","date_gmt":"2021-07-06T11:00:07","guid":{"rendered":"https:\/\/redamlo.com\/?p=4878"},"modified":"2021-07-06T11:00:07","modified_gmt":"2021-07-06T11:00:07","slug":"lopez-obrador-garantiza-continuidad-de-plan-nacional-de-vacunacion-en-todo-el-pais-y-anuncia-fortalecimiento-en-chiapas","status":"publish","type":"post","link":"https:\/\/redamlo.com\/index.php\/2021\/07\/06\/lopez-obrador-garantiza-continuidad-de-plan-nacional-de-vacunacion-en-todo-el-pais-y-anuncia-fortalecimiento-en-chiapas\/","title":{"rendered":"L\u00f3pez Obrador garantiza continuidad de Plan Nacional de Vacunaci\u00f3n en todo el pa\u00eds y anuncia fortalecimiento en Chiapas"},"content":{"rendered":"<p style=\"text-align: justify;\"><span style=\"font-family: Arial, Helvetica, sans-serif; color: #000000;\">M\u00c9XICO, 05 de julio de 2021.- Contin\u00faa el Plan Nacional de Vacunaci\u00f3n contra Covid-19, se mantiene el abasto de dosis y las hospitalizaciones y defunciones han disminuido considerablemente en el pa\u00eds a\u00fan con el ligero repunte de contagios que se registra entre la poblaci\u00f3n joven, inform\u00f3 el presidente de M\u00e9xico, Andr\u00e9s Manuel L\u00f3pez Obrador.<\/span><\/p>\n<p><span style=\"font-family: Arial, Helvetica, sans-serif; color: #000000;\">En conferencia de prensa matutina destac\u00f3 los efectos favorables de las vacunas en M\u00e9xico y el mundo, por lo que adelant\u00f3 que enviar\u00e1 al Comit\u00e9 Noruego del Nobel una solicitud para que se considere entre las nominaciones a ese premio a quienes contribuyeron a la creaci\u00f3n de la vacuna para enfrentar al virus SARS-CoV-2 \u201cporque significa salvar muchas vidas\u201d.<\/span><\/p>\n<p><span style=\"font-family: Arial, Helvetica, sans-serif; color: #000000;\">En el caso de zonas tur\u00edsticas como Quintana Roo y Baja California Sur, dijo, se prioriza el acceso a las dosis por el flujo de personas y el impulso a esta actividad econ\u00f3mica. Anunci\u00f3 que se intensificar\u00e1 la vacunaci\u00f3n en Chiapas e instruy\u00f3 al director general del Instituto Mexicano del Seguro Social, Zo\u00e9 Robledo Aburto, trabajar en este prop\u00f3sito.<\/span><\/p>\n<p><span style=\"font-family: Arial, Helvetica, sans-serif; color: #000000;\">\u201cNos preocupa y estamos atendiendo y no es que est\u00e9 creciendo el n\u00famero de contagios sino que por alguna raz\u00f3n se nos fue quedando Chiapas en la vacunaci\u00f3n. Ayer tomamos la decisi\u00f3n (\u2026) que se va a intensificar la vacunaci\u00f3n porque se nos qued\u00f3 rezagado. Ayer di la instrucci\u00f3n para que Zo\u00e9 Robledo se haga cargo del Plan Nacional de Vacunaci\u00f3n en Chiapas y podamos ponerlo igual que al resto de los estados\u201d, remarc\u00f3.<\/span><\/p>\n<p><span style=\"font-family: Arial, Helvetica, sans-serif; color: #000000;\">Reiter\u00f3 el llamado a que todas las personas se vacunen en M\u00e9xico porque esa acci\u00f3n es el elemento principal de la estrategia ante la epidemia. Sostuvo que en octubre se cumplir\u00e1 el compromiso de vacunar a todas las personas mayores de 18 a\u00f1os al menos con la primera dosis.<\/span><\/p>\n<p><span style=\"font-family: Arial, Helvetica, sans-serif; color: #000000;\">\u201cSe est\u00e1 demostrando que, si estamos vacunados, estamos protegidos. No deja de haber casos en donde con una dosis, incluso con las dos dosis hay contagio o puede perder la vida una persona, pero es excepcional, no es la regla, porque a veces se magnifica eso para transmitir el mensaje de que no sirve la vacuna. Eso no es cierto; la vacuna es muy importante\u201d, enfatiz\u00f3 el mandatario.<\/span><\/p>\n<p><span style=\"font-family: Arial, Helvetica, sans-serif; color: #000000;\">Acompa\u00f1aron al presidente, los secretarios de Salud, Jorge Alcocer Varela; de Relaciones Exteriores, Marcelo Ebrard Casaubon; de la Defensa Nacional, Luis Cresencio Sandoval y de Seguridad y Protecci\u00f3n Ciudadana, Rosa Icela Rodr\u00edguez, adem\u00e1s del subsecretario de Prevenci\u00f3n y Promoci\u00f3n de la Salud, Hugo L\u00f3pez-Gatell Ram\u00edrez.<\/span><\/p>\n<p><iframe loading=\"lazy\" title=\"Registro de mayores de 18 a\u00f1os para vacunaci\u00f3n contra COVID-19. Conferencia presidente AMLO\" width=\"640\" height=\"360\" src=\"https:\/\/www.youtube.com\/embed\/A9fYn1J_XPM?start=672&#038;feature=oembed\" frameborder=\"0\" allow=\"accelerometer; autoplay; clipboard-write; encrypted-media; gyroscope; picture-in-picture; web-share\" referrerpolicy=\"strict-origin-when-cross-origin\" allowfullscreen><\/iframe><\/p>\n","protected":false},"excerpt":{"rendered":"<p>M\u00c9XICO, 05 de julio de 2021.- Contin\u00faa el Plan Nacional de Vacunaci\u00f3n contra Covid-19, se&#8230;<\/p>\n","protected":false},"author":2,"featured_media":4881,"comment_status":"open","ping_status":"closed","sticky":false,"template":"","format":"standard","meta":{"footnotes":""},"categories":[25,20,27],"tags":[84,131,473,556,9,567,576,474],"class_list":["post-4878","post","type-post","status-publish","format-standard","has-post-thumbnail","hentry","category-4t","category-nacionales","category-presidencia","tag-amlo","tag-andres-manuel-lopez-obrador","tag-covid-19","tag-gobierno-de-mexico","tag-mexico","tag-pandemia","tag-plan-nacional-de-vacunacion","tag-sars-cov-2"],"yoast_head":"<!-- This site is optimized with the Yoast SEO plugin v27.5 - https:\/\/yoast.com\/product\/yoast-seo-wordpress\/ -->\n<title>L\u00f3pez Obrador garantiza continuidad de Plan Nacional de Vacunaci\u00f3n en todo el pa\u00eds y anuncia fortalecimiento en Chiapas - NOTICIAS DE LA 4T<\/title>\n<meta name=\"robots\" content=\"noindex, follow, max-snippet:-1, max-image-preview:large, max-video-preview:-1\" \/>\n<meta property=\"og:locale\" content=\"es_MX\" \/>\n<meta property=\"og:type\" content=\"article\" \/>\n<meta property=\"og:title\" content=\"L\u00f3pez Obrador garantiza continuidad de Plan Nacional de Vacunaci\u00f3n en todo el pa\u00eds y anuncia fortalecimiento en Chiapas - NOTICIAS DE LA 4T\" \/>\n<meta property=\"og:description\" content=\"M\u00c9XICO, 05 de julio de 2021.- Contin\u00faa el Plan Nacional de Vacunaci\u00f3n contra Covid-19, se...\" \/>\n<meta property=\"og:url\" content=\"https:\/\/redamlo.com\/index.php\/2021\/07\/06\/lopez-obrador-garantiza-continuidad-de-plan-nacional-de-vacunacion-en-todo-el-pais-y-anuncia-fortalecimiento-en-chiapas\/\" \/>\n<meta property=\"og:site_name\" content=\"NOTICIAS DE LA 4T\" \/>\n<meta property=\"article:published_time\" content=\"2021-07-06T11:00:07+00:00\" \/>\n<meta property=\"og:image\" content=\"https:\/\/redamlo.com\/wp-content\/uploads\/2021\/07\/Lopez-Obrador-garantiza-continuidad-de-Plan-Nacional-de-Vacunacion-en-todo-el-pais-y-anuncia-fortalecimiento-en-Chiapas.jpg\" \/>\n\t<meta property=\"og:image:width\" content=\"1429\" \/>\n\t<meta property=\"og:image:height\" content=\"840\" \/>\n\t<meta property=\"og:image:type\" content=\"image\/jpeg\" \/>\n<meta name=\"author\" content=\"Blanca\" \/>\n<meta name=\"twitter:card\" content=\"summary_large_image\" \/>\n<meta name=\"twitter:label1\" content=\"Escrito por\" \/>\n\t<meta name=\"twitter:data1\" content=\"Blanca\" \/>\n\t<meta name=\"twitter:label2\" content=\"Tiempo de lectura\" \/>\n\t<meta name=\"twitter:data2\" content=\"2 minutos\" \/>\n<script type=\"application\/ld+json\" class=\"yoast-schema-graph\">{\"@context\":\"https:\\\/\\\/schema.org\",\"@graph\":[{\"@type\":\"Article\",\"@id\":\"https:\\\/\\\/redamlo.com\\\/index.php\\\/2021\\\/07\\\/06\\\/lopez-obrador-garantiza-continuidad-de-plan-nacional-de-vacunacion-en-todo-el-pais-y-anuncia-fortalecimiento-en-chiapas\\\/#article\",\"isPartOf\":{\"@id\":\"https:\\\/\\\/redamlo.com\\\/index.php\\\/2021\\\/07\\\/06\\\/lopez-obrador-garantiza-continuidad-de-plan-nacional-de-vacunacion-en-todo-el-pais-y-anuncia-fortalecimiento-en-chiapas\\\/\"},\"author\":{\"name\":\"Blanca\",\"@id\":\"https:\\\/\\\/redamlo.com\\\/#\\\/schema\\\/person\\\/7223a4375eb8f1a782fcae010a7115cf\"},\"headline\":\"L\u00f3pez Obrador garantiza continuidad de Plan Nacional de Vacunaci\u00f3n en todo el pa\u00eds y anuncia fortalecimiento en Chiapas\",\"datePublished\":\"2021-07-06T11:00:07+00:00\",\"mainEntityOfPage\":{\"@id\":\"https:\\\/\\\/redamlo.com\\\/index.php\\\/2021\\\/07\\\/06\\\/lopez-obrador-garantiza-continuidad-de-plan-nacional-de-vacunacion-en-todo-el-pais-y-anuncia-fortalecimiento-en-chiapas\\\/\"},\"wordCount\":476,\"commentCount\":0,\"publisher\":{\"@id\":\"https:\\\/\\\/redamlo.com\\\/#organization\"},\"image\":{\"@id\":\"https:\\\/\\\/redamlo.com\\\/index.php\\\/2021\\\/07\\\/06\\\/lopez-obrador-garantiza-continuidad-de-plan-nacional-de-vacunacion-en-todo-el-pais-y-anuncia-fortalecimiento-en-chiapas\\\/#primaryimage\"},\"thumbnailUrl\":\"https:\\\/\\\/redamlo.com\\\/wp-content\\\/uploads\\\/2021\\\/07\\\/Lopez-Obrador-garantiza-continuidad-de-Plan-Nacional-de-Vacunacion-en-todo-el-pais-y-anuncia-fortalecimiento-en-Chiapas.jpg\",\"keywords\":[\"AMLO\",\"Andr\u00e9s Manuel L\u00f3pez Obrador\",\"COVID-19\",\"Gobierno de M\u00e9xico\",\"M\u00e9xico\",\"pandemia\",\"Plan Nacional de Vacunaci\u00f3n\",\"SARS-CoV-2\"],\"articleSection\":[\"4T\",\"Nacionales\",\"Presidencia\"],\"inLanguage\":\"es\",\"potentialAction\":[{\"@type\":\"CommentAction\",\"name\":\"Comment\",\"target\":[\"https:\\\/\\\/redamlo.com\\\/index.php\\\/2021\\\/07\\\/06\\\/lopez-obrador-garantiza-continuidad-de-plan-nacional-de-vacunacion-en-todo-el-pais-y-anuncia-fortalecimiento-en-chiapas\\\/#respond\"]}]},{\"@type\":\"WebPage\",\"@id\":\"https:\\\/\\\/redamlo.com\\\/index.php\\\/2021\\\/07\\\/06\\\/lopez-obrador-garantiza-continuidad-de-plan-nacional-de-vacunacion-en-todo-el-pais-y-anuncia-fortalecimiento-en-chiapas\\\/\",\"url\":\"https:\\\/\\\/redamlo.com\\\/index.php\\\/2021\\\/07\\\/06\\\/lopez-obrador-garantiza-continuidad-de-plan-nacional-de-vacunacion-en-todo-el-pais-y-anuncia-fortalecimiento-en-chiapas\\\/\",\"name\":\"L\u00f3pez Obrador garantiza continuidad de Plan Nacional de Vacunaci\u00f3n en todo el pa\u00eds y anuncia fortalecimiento en Chiapas - NOTICIAS DE LA 4T\",\"isPartOf\":{\"@id\":\"https:\\\/\\\/redamlo.com\\\/#website\"},\"primaryImageOfPage\":{\"@id\":\"https:\\\/\\\/redamlo.com\\\/index.php\\\/2021\\\/07\\\/06\\\/lopez-obrador-garantiza-continuidad-de-plan-nacional-de-vacunacion-en-todo-el-pais-y-anuncia-fortalecimiento-en-chiapas\\\/#primaryimage\"},\"image\":{\"@id\":\"https:\\\/\\\/redamlo.com\\\/index.php\\\/2021\\\/07\\\/06\\\/lopez-obrador-garantiza-continuidad-de-plan-nacional-de-vacunacion-en-todo-el-pais-y-anuncia-fortalecimiento-en-chiapas\\\/#primaryimage\"},\"thumbnailUrl\":\"https:\\\/\\\/redamlo.com\\\/wp-content\\\/uploads\\\/2021\\\/07\\\/Lopez-Obrador-garantiza-continuidad-de-Plan-Nacional-de-Vacunacion-en-todo-el-pais-y-anuncia-fortalecimiento-en-Chiapas.jpg\",\"datePublished\":\"2021-07-06T11:00:07+00:00\",\"breadcrumb\":{\"@id\":\"https:\\\/\\\/redamlo.com\\\/index.php\\\/2021\\\/07\\\/06\\\/lopez-obrador-garantiza-continuidad-de-plan-nacional-de-vacunacion-en-todo-el-pais-y-anuncia-fortalecimiento-en-chiapas\\\/#breadcrumb\"},\"inLanguage\":\"es\",\"potentialAction\":[{\"@type\":\"ReadAction\",\"target\":[\"https:\\\/\\\/redamlo.com\\\/index.php\\\/2021\\\/07\\\/06\\\/lopez-obrador-garantiza-continuidad-de-plan-nacional-de-vacunacion-en-todo-el-pais-y-anuncia-fortalecimiento-en-chiapas\\\/\"]}]},{\"@type\":\"ImageObject\",\"inLanguage\":\"es\",\"@id\":\"https:\\\/\\\/redamlo.com\\\/index.php\\\/2021\\\/07\\\/06\\\/lopez-obrador-garantiza-continuidad-de-plan-nacional-de-vacunacion-en-todo-el-pais-y-anuncia-fortalecimiento-en-chiapas\\\/#primaryimage\",\"url\":\"https:\\\/\\\/redamlo.com\\\/wp-content\\\/uploads\\\/2021\\\/07\\\/Lopez-Obrador-garantiza-continuidad-de-Plan-Nacional-de-Vacunacion-en-todo-el-pais-y-anuncia-fortalecimiento-en-Chiapas.jpg\",\"contentUrl\":\"https:\\\/\\\/redamlo.com\\\/wp-content\\\/uploads\\\/2021\\\/07\\\/Lopez-Obrador-garantiza-continuidad-de-Plan-Nacional-de-Vacunacion-en-todo-el-pais-y-anuncia-fortalecimiento-en-Chiapas.jpg\",\"width\":1429,\"height\":840},{\"@type\":\"BreadcrumbList\",\"@id\":\"https:\\\/\\\/redamlo.com\\\/index.php\\\/2021\\\/07\\\/06\\\/lopez-obrador-garantiza-continuidad-de-plan-nacional-de-vacunacion-en-todo-el-pais-y-anuncia-fortalecimiento-en-chiapas\\\/#breadcrumb\",\"itemListElement\":[{\"@type\":\"ListItem\",\"position\":1,\"name\":\"Inicio\",\"item\":\"https:\\\/\\\/redamlo.com\\\/\"},{\"@type\":\"ListItem\",\"position\":2,\"name\":\"L\u00f3pez Obrador garantiza continuidad de Plan Nacional de Vacunaci\u00f3n en todo el pa\u00eds y anuncia fortalecimiento en Chiapas\"}]},{\"@type\":\"WebSite\",\"@id\":\"https:\\\/\\\/redamlo.com\\\/#website\",\"url\":\"https:\\\/\\\/redamlo.com\\\/\",\"name\":\"NOTICIAS DE LA 4T\",\"description\":\"\",\"publisher\":{\"@id\":\"https:\\\/\\\/redamlo.com\\\/#organization\"},\"potentialAction\":[{\"@type\":\"SearchAction\",\"target\":{\"@type\":\"EntryPoint\",\"urlTemplate\":\"https:\\\/\\\/redamlo.com\\\/?s={search_term_string}\"},\"query-input\":{\"@type\":\"PropertyValueSpecification\",\"valueRequired\":true,\"valueName\":\"search_term_string\"}}],\"inLanguage\":\"es\"},{\"@type\":\"Organization\",\"@id\":\"https:\\\/\\\/redamlo.com\\\/#organization\",\"name\":\"NOTICIAS DE LA 4T\",\"url\":\"https:\\\/\\\/redamlo.com\\\/\",\"logo\":{\"@type\":\"ImageObject\",\"inLanguage\":\"es\",\"@id\":\"https:\\\/\\\/redamlo.com\\\/#\\\/schema\\\/logo\\\/image\\\/\",\"url\":\"https:\\\/\\\/redamlo.com\\\/wp-content\\\/uploads\\\/2024\\\/08\\\/cropped-RED-AMLO-logo-50.png\",\"contentUrl\":\"https:\\\/\\\/redamlo.com\\\/wp-content\\\/uploads\\\/2024\\\/08\\\/cropped-RED-AMLO-logo-50.png\",\"width\":256,\"height\":256,\"caption\":\"NOTICIAS DE LA 4T\"},\"image\":{\"@id\":\"https:\\\/\\\/redamlo.com\\\/#\\\/schema\\\/logo\\\/image\\\/\"}},{\"@type\":\"Person\",\"@id\":\"https:\\\/\\\/redamlo.com\\\/#\\\/schema\\\/person\\\/7223a4375eb8f1a782fcae010a7115cf\",\"name\":\"Blanca\",\"image\":{\"@type\":\"ImageObject\",\"inLanguage\":\"es\",\"@id\":\"https:\\\/\\\/secure.gravatar.com\\\/avatar\\\/3f79bc8336367a4e6093eae8757acaaf61d1124834b905616de7829b0273426d?s=96&d=mm&r=g\",\"url\":\"https:\\\/\\\/secure.gravatar.com\\\/avatar\\\/3f79bc8336367a4e6093eae8757acaaf61d1124834b905616de7829b0273426d?s=96&d=mm&r=g\",\"contentUrl\":\"https:\\\/\\\/secure.gravatar.com\\\/avatar\\\/3f79bc8336367a4e6093eae8757acaaf61d1124834b905616de7829b0273426d?s=96&d=mm&r=g\",\"caption\":\"Blanca\"},\"url\":\"https:\\\/\\\/redamlo.com\\\/index.php\\\/author\\\/blanca\\\/\"}]}<\/script>\n<!-- \/ Yoast SEO plugin. -->","yoast_head_json":{"title":"L\u00f3pez Obrador garantiza continuidad de Plan Nacional de Vacunaci\u00f3n en todo el pa\u00eds y anuncia fortalecimiento en Chiapas - NOTICIAS DE LA 4T","robots":{"index":"noindex","follow":"follow","max-snippet":"max-snippet:-1","max-image-preview":"max-image-preview:large","max-video-preview":"max-video-preview:-1"},"og_locale":"es_MX","og_type":"article","og_title":"L\u00f3pez Obrador garantiza continuidad de Plan Nacional de Vacunaci\u00f3n en todo el pa\u00eds y anuncia fortalecimiento en Chiapas - NOTICIAS DE LA 4T","og_description":"M\u00c9XICO, 05 de julio de 2021.- Contin\u00faa el Plan Nacional de Vacunaci\u00f3n contra Covid-19, se...","og_url":"https:\/\/redamlo.com\/index.php\/2021\/07\/06\/lopez-obrador-garantiza-continuidad-de-plan-nacional-de-vacunacion-en-todo-el-pais-y-anuncia-fortalecimiento-en-chiapas\/","og_site_name":"NOTICIAS DE LA 4T","article_published_time":"2021-07-06T11:00:07+00:00","og_image":[{"width":1429,"height":840,"url":"https:\/\/redamlo.com\/wp-content\/uploads\/2021\/07\/Lopez-Obrador-garantiza-continuidad-de-Plan-Nacional-de-Vacunacion-en-todo-el-pais-y-anuncia-fortalecimiento-en-Chiapas.jpg","type":"image\/jpeg"}],"author":"Blanca","twitter_card":"summary_large_image","twitter_misc":{"Escrito por":"Blanca","Tiempo de lectura":"2 minutos"},"schema":{"@context":"https:\/\/schema.org","@graph":[{"@type":"Article","@id":"https:\/\/redamlo.com\/index.php\/2021\/07\/06\/lopez-obrador-garantiza-continuidad-de-plan-nacional-de-vacunacion-en-todo-el-pais-y-anuncia-fortalecimiento-en-chiapas\/#article","isPartOf":{"@id":"https:\/\/redamlo.com\/index.php\/2021\/07\/06\/lopez-obrador-garantiza-continuidad-de-plan-nacional-de-vacunacion-en-todo-el-pais-y-anuncia-fortalecimiento-en-chiapas\/"},"author":{"name":"Blanca","@id":"https:\/\/redamlo.com\/#\/schema\/person\/7223a4375eb8f1a782fcae010a7115cf"},"headline":"L\u00f3pez Obrador garantiza continuidad de Plan Nacional de Vacunaci\u00f3n en todo el pa\u00eds y anuncia fortalecimiento en Chiapas","datePublished":"2021-07-06T11:00:07+00:00","mainEntityOfPage":{"@id":"https:\/\/redamlo.com\/index.php\/2021\/07\/06\/lopez-obrador-garantiza-continuidad-de-plan-nacional-de-vacunacion-en-todo-el-pais-y-anuncia-fortalecimiento-en-chiapas\/"},"wordCount":476,"commentCount":0,"publisher":{"@id":"https:\/\/redamlo.com\/#organization"},"image":{"@id":"https:\/\/redamlo.com\/index.php\/2021\/07\/06\/lopez-obrador-garantiza-continuidad-de-plan-nacional-de-vacunacion-en-todo-el-pais-y-anuncia-fortalecimiento-en-chiapas\/#primaryimage"},"thumbnailUrl":"https:\/\/redamlo.com\/wp-content\/uploads\/2021\/07\/Lopez-Obrador-garantiza-continuidad-de-Plan-Nacional-de-Vacunacion-en-todo-el-pais-y-anuncia-fortalecimiento-en-Chiapas.jpg","keywords":["AMLO","Andr\u00e9s Manuel L\u00f3pez Obrador","COVID-19","Gobierno de M\u00e9xico","M\u00e9xico","pandemia","Plan Nacional de Vacunaci\u00f3n","SARS-CoV-2"],"articleSection":["4T","Nacionales","Presidencia"],"inLanguage":"es","potentialAction":[{"@type":"CommentAction","name":"Comment","target":["https:\/\/redamlo.com\/index.php\/2021\/07\/06\/lopez-obrador-garantiza-continuidad-de-plan-nacional-de-vacunacion-en-todo-el-pais-y-anuncia-fortalecimiento-en-chiapas\/#respond"]}]},{"@type":"WebPage","@id":"https:\/\/redamlo.com\/index.php\/2021\/07\/06\/lopez-obrador-garantiza-continuidad-de-plan-nacional-de-vacunacion-en-todo-el-pais-y-anuncia-fortalecimiento-en-chiapas\/","url":"https:\/\/redamlo.com\/index.php\/2021\/07\/06\/lopez-obrador-garantiza-continuidad-de-plan-nacional-de-vacunacion-en-todo-el-pais-y-anuncia-fortalecimiento-en-chiapas\/","name":"L\u00f3pez Obrador garantiza continuidad de Plan Nacional de Vacunaci\u00f3n en todo el pa\u00eds y anuncia fortalecimiento en Chiapas - NOTICIAS DE LA 4T","isPartOf":{"@id":"https:\/\/redamlo.com\/#website"},"primaryImageOfPage":{"@id":"https:\/\/redamlo.com\/index.php\/2021\/07\/06\/lopez-obrador-garantiza-continuidad-de-plan-nacional-de-vacunacion-en-todo-el-pais-y-anuncia-fortalecimiento-en-chiapas\/#primaryimage"},"image":{"@id":"https:\/\/redamlo.com\/index.php\/2021\/07\/06\/lopez-obrador-garantiza-continuidad-de-plan-nacional-de-vacunacion-en-todo-el-pais-y-anuncia-fortalecimiento-en-chiapas\/#primaryimage"},"thumbnailUrl":"https:\/\/redamlo.com\/wp-content\/uploads\/2021\/07\/Lopez-Obrador-garantiza-continuidad-de-Plan-Nacional-de-Vacunacion-en-todo-el-pais-y-anuncia-fortalecimiento-en-Chiapas.jpg","datePublished":"2021-07-06T11:00:07+00:00","breadcrumb":{"@id":"https:\/\/redamlo.com\/index.php\/2021\/07\/06\/lopez-obrador-garantiza-continuidad-de-plan-nacional-de-vacunacion-en-todo-el-pais-y-anuncia-fortalecimiento-en-chiapas\/#breadcrumb"},"inLanguage":"es","potentialAction":[{"@type":"ReadAction","target":["https:\/\/redamlo.com\/index.php\/2021\/07\/06\/lopez-obrador-garantiza-continuidad-de-plan-nacional-de-vacunacion-en-todo-el-pais-y-anuncia-fortalecimiento-en-chiapas\/"]}]},{"@type":"ImageObject","inLanguage":"es","@id":"https:\/\/redamlo.com\/index.php\/2021\/07\/06\/lopez-obrador-garantiza-continuidad-de-plan-nacional-de-vacunacion-en-todo-el-pais-y-anuncia-fortalecimiento-en-chiapas\/#primaryimage","url":"https:\/\/redamlo.com\/wp-content\/uploads\/2021\/07\/Lopez-Obrador-garantiza-continuidad-de-Plan-Nacional-de-Vacunacion-en-todo-el-pais-y-anuncia-fortalecimiento-en-Chiapas.jpg","contentUrl":"https:\/\/redamlo.com\/wp-content\/uploads\/2021\/07\/Lopez-Obrador-garantiza-continuidad-de-Plan-Nacional-de-Vacunacion-en-todo-el-pais-y-anuncia-fortalecimiento-en-Chiapas.jpg","width":1429,"height":840},{"@type":"BreadcrumbList","@id":"https:\/\/redamlo.com\/index.php\/2021\/07\/06\/lopez-obrador-garantiza-continuidad-de-plan-nacional-de-vacunacion-en-todo-el-pais-y-anuncia-fortalecimiento-en-chiapas\/#breadcrumb","itemListElement":[{"@type":"ListItem","position":1,"name":"Inicio","item":"https:\/\/redamlo.com\/"},{"@type":"ListItem","position":2,"name":"L\u00f3pez Obrador garantiza continuidad de Plan Nacional de Vacunaci\u00f3n en todo el pa\u00eds y anuncia fortalecimiento en Chiapas"}]},{"@type":"WebSite","@id":"https:\/\/redamlo.com\/#website","url":"https:\/\/redamlo.com\/","name":"NOTICIAS DE LA 4T","description":"","publisher":{"@id":"https:\/\/redamlo.com\/#organization"},"potentialAction":[{"@type":"SearchAction","target":{"@type":"EntryPoint","urlTemplate":"https:\/\/redamlo.com\/?s={search_term_string}"},"query-input":{"@type":"PropertyValueSpecification","valueRequired":true,"valueName":"search_term_string"}}],"inLanguage":"es"},{"@type":"Organization","@id":"https:\/\/redamlo.com\/#organization","name":"NOTICIAS DE LA 4T","url":"https:\/\/redamlo.com\/","logo":{"@type":"ImageObject","inLanguage":"es","@id":"https:\/\/redamlo.com\/#\/schema\/logo\/image\/","url":"https:\/\/redamlo.com\/wp-content\/uploads\/2024\/08\/cropped-RED-AMLO-logo-50.png","contentUrl":"https:\/\/redamlo.com\/wp-content\/uploads\/2024\/08\/cropped-RED-AMLO-logo-50.png","width":256,"height":256,"caption":"NOTICIAS DE LA 4T"},"image":{"@id":"https:\/\/redamlo.com\/#\/schema\/logo\/image\/"}},{"@type":"Person","@id":"https:\/\/redamlo.com\/#\/schema\/person\/7223a4375eb8f1a782fcae010a7115cf","name":"Blanca","image":{"@type":"ImageObject","inLanguage":"es","@id":"https:\/\/secure.gravatar.com\/avatar\/3f79bc8336367a4e6093eae8757acaaf61d1124834b905616de7829b0273426d?s=96&d=mm&r=g","url":"https:\/\/secure.gravatar.com\/avatar\/3f79bc8336367a4e6093eae8757acaaf61d1124834b905616de7829b0273426d?s=96&d=mm&r=g","contentUrl":"https:\/\/secure.gravatar.com\/avatar\/3f79bc8336367a4e6093eae8757acaaf61d1124834b905616de7829b0273426d?s=96&d=mm&r=g","caption":"Blanca"},"url":"https:\/\/redamlo.com\/index.php\/author\/blanca\/"}]}},"_links":{"self":[{"href":"https:\/\/redamlo.com\/index.php\/wp-json\/wp\/v2\/posts\/4878","targetHints":{"allow":["GET"]}}],"collection":[{"href":"https:\/\/redamlo.com\/index.php\/wp-json\/wp\/v2\/posts"}],"about":[{"href":"https:\/\/redamlo.com\/index.php\/wp-json\/wp\/v2\/types\/post"}],"author":[{"embeddable":true,"href":"https:\/\/redamlo.com\/index.php\/wp-json\/wp\/v2\/users\/2"}],"replies":[{"embeddable":true,"href":"https:\/\/redamlo.com\/index.php\/wp-json\/wp\/v2\/comments?post=4878"}],"version-history":[{"count":0,"href":"https:\/\/redamlo.com\/index.php\/wp-json\/wp\/v2\/posts\/4878\/revisions"}],"wp:featuredmedia":[{"embeddable":true,"href":"https:\/\/redamlo.com\/index.php\/wp-json\/wp\/v2\/media\/4881"}],"wp:attachment":[{"href":"https:\/\/redamlo.com\/index.php\/wp-json\/wp\/v2\/media?parent=4878"}],"wp:term":[{"taxonomy":"category","embeddable":true,"href":"https:\/\/redamlo.com\/index.php\/wp-json\/wp\/v2\/categories?post=4878"},{"taxonomy":"post_tag","embeddable":true,"href":"https:\/\/redamlo.com\/index.php\/wp-json\/wp\/v2\/tags?post=4878"}],"curies":[{"name":"wp","href":"https:\/\/api.w.org\/{rel}","templated":true}]}}