{"id":4862,"date":"2021-07-04T17:00:22","date_gmt":"2021-07-04T17:00:22","guid":{"rendered":"https:\/\/redamlo.com\/?p=4862"},"modified":"2021-07-04T17:00:22","modified_gmt":"2021-07-04T17:00:22","slug":"refrenda-lopez-obrador-compromisos-con-cananea-mejoraran-condiciones-laborales-de-salud-y-programas-para-el-bienestar-anuncia","status":"publish","type":"post","link":"https:\/\/redamlo.com\/index.php\/2021\/07\/04\/refrenda-lopez-obrador-compromisos-con-cananea-mejoraran-condiciones-laborales-de-salud-y-programas-para-el-bienestar-anuncia\/","title":{"rendered":"Refrenda L\u00f3pez Obrador compromisos con Cananea; mejorar\u00e1n condiciones laborales, de salud y Programas para el Bienestar, anuncia"},"content":{"rendered":"<div id=\":e9\" class=\"Ar Au Ao\">\n<div id=\":e5\" class=\"Am Al editable LW-avf tS-tW tS-tY\" style=\"text-align: justify;\" tabindex=\"1\" role=\"textbox\" contenteditable=\"true\" spellcheck=\"false\" aria-label=\"Cuerpo del mensaje\" aria-multiline=\"true\">\n<p><span style=\"font-family: Arial, Helvetica, sans-serif; color: #000000;\">CANANEA, SON., 04 de julio de 2021.- En el \u00faltimo d\u00eda de su gira de trabajo por Sonora, el presidente de M\u00e9xico, Andr\u00e9s Manuel L\u00f3pez Obrador refrend\u00f3 el compromiso de su administraci\u00f3n para crear proyectos que mejoren las condiciones de vida de las y los habitantes de Cananea.<\/span><\/p>\n<p><span style=\"font-family: Arial, Helvetica, sans-serif; color: #000000;\">\u201cEst\u00e1 reunido pr\u00e1cticamente todo el Gabinete del gobierno federal porque tenemos una deuda hist\u00f3rica con Cananea y no podr\u00edamos darle la espalda a este pueblo, porque ser\u00eda darle la espalda a la historia\u201d, se\u00f1al\u00f3.<\/span><\/p>\n<p><span style=\"font-family: Arial, Helvetica, sans-serif; color: #000000;\">El mandatario instruy\u00f3 a las titulares de las secretar\u00edas de Gobernaci\u00f3n y del Trabajo y Previsi\u00f3n Social revisar las condiciones laborales de los trabajadores de las mineras y entablar di\u00e1logo con empresarios y sindicatos para llegar a acuerdos sobre el reparto de utilidades.<\/span><\/p>\n<p><span style=\"font-family: Arial, Helvetica, sans-serif; color: #000000;\">En materia de infraestructura indic\u00f3 que la Secretar\u00eda de Desarrollo Agrario, Territorial y Urbano aplicar\u00e1 un programa de desarrollo para mejorar las calles, viviendas y espacios deportivos, as\u00ed como garantizar el abasto de agua en el municipio.<\/span><\/p>\n<p><span style=\"font-family: Arial, Helvetica, sans-serif; color: #000000;\">Agreg\u00f3 que la Secretar\u00eda de Medio Ambiente y Recursos Naturales vigilar\u00e1 la calidad del agua del R\u00edo Sonora.<\/span><\/p>\n<p><span style=\"font-family: Arial, Helvetica, sans-serif; color: #000000;\">El jefe del Ejecutivo hizo un llamado a los titulares del Instituto Mexicano del Seguro Social y del Instituto de Salud para el Bienestar a trabajar juntos en la creaci\u00f3n de un esquema \u00fanico para elevar la atenci\u00f3n a derechohabientes y no derechohabientes.<\/span><\/p>\n<p><span style=\"font-family: Arial, Helvetica, sans-serif; color: #000000;\">\u201cTambi\u00e9n el compromiso de que se tenga atenci\u00f3n m\u00e9dica para toda la poblaci\u00f3n, atenci\u00f3n m\u00e9dica de calidad con estudios y medicamentos gratuitos para todo Cananea (\u2026) estamos haciendo el compromiso de que va a mejorar el sistema de salud\u201d, subray\u00f3<\/span><\/p>\n<p><span style=\"font-family: Arial, Helvetica, sans-serif; color: #000000;\">Anunci\u00f3 que se ampliar\u00e1n los Programas para el Bienestar.<\/span><\/p>\n<p><span style=\"font-family: Arial, Helvetica, sans-serif; color: #000000;\">\u201cVamos para tres meses, vamos a presentar la ampliaci\u00f3n de los programas de bienestar, ya mucha gente est\u00e1 recibiendo beneficios (\u2026) pero vamos a reforzarlo, vamos a que mejore en todo\u201d, afirm\u00f3.<\/span><\/p>\n<p><span style=\"font-family: Arial, Helvetica, sans-serif; color: #000000;\">Inform\u00f3 que en tres meses volver\u00e1 al municipio para evaluar el avance de la aplicaci\u00f3n de los proyectos.<\/span><\/p>\n<p><span style=\"font-family: Arial, Helvetica, sans-serif; color: #000000;\">Por \u00faltimo, el mandatario a\u00f1adi\u00f3 que \u201clo mismo que estamos haciendo con los pueblos yaquis, (\u2026) etnia injustamente tratada (\u2026), los pueblos yaquis y Cananea van a tener justicia en el gobierno que represento\u201d.<\/span><\/p>\n<p><strong><span style=\"font-family: Arial, Helvetica, sans-serif; color: #000000;\">Programas para el Bienestar benefician a m\u00e1s de 300 mil sonorenses<\/span><\/strong><\/p>\n<p><span style=\"font-family: Arial, Helvetica, sans-serif; color: #000000;\">Durante el evento, el secretario t\u00e9cnico del Gabinete de la Oficina de la Presidencia, Carlos Torres Rosas, inform\u00f3 que en Sonora 367 mil 184 personas reciben por lo menos un apoyo a trav\u00e9s de los Programas para el Bienestar, lo que significa una inversi\u00f3n anual de 6 mil millones de pesos.<\/span><\/p>\n<p><span style=\"font-family: Arial, Helvetica, sans-serif; color: #000000;\">Actualmente en la entidad, mil 747 j\u00f3venes son capacitados como aprendices en el programa J\u00f3venes Construyendo el Futuro; la meta es incorporar a 14 mil 400 j\u00f3venes m\u00e1s.<\/span><\/p>\n<p><span style=\"font-family: Arial, Helvetica, sans-serif; color: #000000;\">A trav\u00e9s del programa J\u00f3venes Escribiendo el Futuro, 8 mil 578 estudiantes universitarios reciben becas; adem\u00e1s, 95 mil 987 estudiantes del nivel bachillerato y 35 mil 772 en el nivel b\u00e1sico cuentan con apoyo.<\/span><\/p>\n<p><span style=\"font-family: Arial, Helvetica, sans-serif; color: #000000;\">La Escuela es Nuestra ha entregado de manera directa presupuesto a 565 escuelas para mantenimiento; se busca sumar 2 mil 445 planteles m\u00e1s.<\/span><\/p>\n<p><span style=\"font-family: Arial, Helvetica, sans-serif; color: #000000;\">Reciben pensi\u00f3n bimestral 239 mil 686 adultos mayores, as\u00ed como 20 mil personas con discapacidad y 3 mil 483 hijos e hijas de madres trabajadoras.<\/span><\/p>\n<p><span style=\"font-family: Arial, Helvetica, sans-serif; color: #000000;\">Los programas Producci\u00f3n para el Bienestar y BienPesca apoya a 5 mil 795 peque\u00f1os y medianos productores del campo y a 10 mil 193 pescadores, respectivamente.<\/span><\/p>\n<p><span style=\"font-family: Arial, Helvetica, sans-serif; color: #000000;\">En Sonora se construir\u00e1n 34 sucursales del Banco del Bienestar, una de las cuales estar\u00e1 en Cananea.<\/span><\/p>\n<p><span style=\"font-family: Arial, Helvetica, sans-serif; color: #000000;\">Acompa\u00f1aron al presidente la gobernadora de Sonora, Claudia Artemiza Pavlovich Arellano; el gobernador electo de Sonora, Alfonso Durazo Monta\u00f1o y el presidente municipal de Cananea, Eduardo Quiroga Jim\u00e9nez.<\/span><\/p>\n<p><span style=\"font-family: Arial, Helvetica, sans-serif; color: #000000;\">Por parte del Gabinete Legal y Ampliado asistieron las secretarias de Gobernaci\u00f3n, Olga S\u00e1nchez Cordero; de Medio Ambiente y Recursos Naturales, Mar\u00eda Luisa Albores Gonz\u00e1lez; de Trabajo y Previsi\u00f3n Social, Luisa Mar\u00eda Alcalde Luj\u00e1n; el secretario de Desarrollo Agrario, Territorial y Urbano, Rom\u00e1n Meyer Falc\u00f3n; las subsecretarias de Egresos de la SHCP, Victoria Rodr\u00edguez Ceja y de Bienestar, Ariadna Montiel Reyes; el subsecretario de Empleo y Productividad Laboral de la STPS, Marath Baruch Bola\u00f1os L\u00f3pez; el director general del IMSS, Zo\u00e9 Robledo Aburto; el director general del Insabi, Juan Antonio Ferrer Aguilar; el coordinador nacional del Programa de Becas para el Bienestar Benito Ju\u00e1rez, Abraham V\u00e1zquez Piceno y el secretario t\u00e9cnico del Gabinete de la Oficina de la Presidencia, Carlos Torres Rosas.<\/span><\/p>\n<p><iframe loading=\"lazy\" title=\"Plan Integral de Atenci\u00f3n a Cananea y Programas para el Bienestar, desde Sonora\" width=\"640\" height=\"360\" src=\"https:\/\/www.youtube.com\/embed\/ADRYyO8DGK0?start=1455&#038;feature=oembed\" frameborder=\"0\" allow=\"accelerometer; autoplay; clipboard-write; encrypted-media; gyroscope; picture-in-picture; web-share\" referrerpolicy=\"strict-origin-when-cross-origin\" allowfullscreen><\/iframe><\/p>\n<\/div>\n<\/div>\n","protected":false},"excerpt":{"rendered":"<p>CANANEA, SON., 04 de julio de 2021.- En el \u00faltimo d\u00eda de su gira de&#8230;<\/p>\n","protected":false},"author":2,"featured_media":4865,"comment_status":"open","ping_status":"closed","sticky":false,"template":"","format":"standard","meta":{"footnotes":""},"categories":[25,20,27],"tags":[84,131,779,1104,556,9,1055,196,125],"class_list":["post-4862","post","type-post","status-publish","format-standard","has-post-thumbnail","hentry","category-4t","category-nacionales","category-presidencia","tag-amlo","tag-andres-manuel-lopez-obrador","tag-cananea","tag-condiciones-laborales","tag-gobierno-de-mexico","tag-mexico","tag-programas-para-el-bienestar","tag-salud","tag-sonora"],"yoast_head":"<!-- This site is optimized with the Yoast SEO plugin v27.5 - https:\/\/yoast.com\/product\/yoast-seo-wordpress\/ -->\n<title>Refrenda L\u00f3pez Obrador compromisos con Cananea; mejorar\u00e1n condiciones laborales, de salud y Programas para el Bienestar, anuncia - NOTICIAS DE LA 4T<\/title>\n<meta name=\"robots\" content=\"noindex, follow, max-snippet:-1, max-image-preview:large, max-video-preview:-1\" \/>\n<meta property=\"og:locale\" content=\"es_MX\" \/>\n<meta property=\"og:type\" content=\"article\" \/>\n<meta property=\"og:title\" content=\"Refrenda L\u00f3pez Obrador compromisos con Cananea; mejorar\u00e1n condiciones laborales, de salud y Programas para el Bienestar, anuncia - NOTICIAS DE LA 4T\" \/>\n<meta property=\"og:description\" content=\"CANANEA, SON., 04 de julio de 2021.- En el \u00faltimo d\u00eda de su gira de...\" \/>\n<meta property=\"og:url\" content=\"https:\/\/redamlo.com\/index.php\/2021\/07\/04\/refrenda-lopez-obrador-compromisos-con-cananea-mejoraran-condiciones-laborales-de-salud-y-programas-para-el-bienestar-anuncia\/\" \/>\n<meta property=\"og:site_name\" content=\"NOTICIAS DE LA 4T\" \/>\n<meta property=\"article:published_time\" content=\"2021-07-04T17:00:22+00:00\" \/>\n<meta property=\"og:image\" content=\"https:\/\/redamlo.com\/wp-content\/uploads\/2021\/07\/Refrenda-Lopez-Obrador-compromisos-con-Cananea-mejoraran-condiciones-laborales-de-salud-y-Programas-para-el-Bienestar-anuncia.jpg\" \/>\n\t<meta property=\"og:image:width\" content=\"1778\" \/>\n\t<meta property=\"og:image:height\" content=\"1000\" \/>\n\t<meta property=\"og:image:type\" content=\"image\/jpeg\" \/>\n<meta name=\"author\" content=\"Blanca\" \/>\n<meta name=\"twitter:card\" content=\"summary_large_image\" \/>\n<meta name=\"twitter:label1\" content=\"Escrito por\" \/>\n\t<meta name=\"twitter:data1\" content=\"Blanca\" \/>\n\t<meta name=\"twitter:label2\" content=\"Tiempo de lectura\" \/>\n\t<meta name=\"twitter:data2\" content=\"4 minutos\" \/>\n<script type=\"application\/ld+json\" class=\"yoast-schema-graph\">{\"@context\":\"https:\\\/\\\/schema.org\",\"@graph\":[{\"@type\":\"Article\",\"@id\":\"https:\\\/\\\/redamlo.com\\\/index.php\\\/2021\\\/07\\\/04\\\/refrenda-lopez-obrador-compromisos-con-cananea-mejoraran-condiciones-laborales-de-salud-y-programas-para-el-bienestar-anuncia\\\/#article\",\"isPartOf\":{\"@id\":\"https:\\\/\\\/redamlo.com\\\/index.php\\\/2021\\\/07\\\/04\\\/refrenda-lopez-obrador-compromisos-con-cananea-mejoraran-condiciones-laborales-de-salud-y-programas-para-el-bienestar-anuncia\\\/\"},\"author\":{\"name\":\"Blanca\",\"@id\":\"https:\\\/\\\/redamlo.com\\\/#\\\/schema\\\/person\\\/7223a4375eb8f1a782fcae010a7115cf\"},\"headline\":\"Refrenda L\u00f3pez Obrador compromisos con Cananea; mejorar\u00e1n condiciones laborales, de salud y Programas para el Bienestar, anuncia\",\"datePublished\":\"2021-07-04T17:00:22+00:00\",\"mainEntityOfPage\":{\"@id\":\"https:\\\/\\\/redamlo.com\\\/index.php\\\/2021\\\/07\\\/04\\\/refrenda-lopez-obrador-compromisos-con-cananea-mejoraran-condiciones-laborales-de-salud-y-programas-para-el-bienestar-anuncia\\\/\"},\"wordCount\":788,\"commentCount\":0,\"publisher\":{\"@id\":\"https:\\\/\\\/redamlo.com\\\/#organization\"},\"image\":{\"@id\":\"https:\\\/\\\/redamlo.com\\\/index.php\\\/2021\\\/07\\\/04\\\/refrenda-lopez-obrador-compromisos-con-cananea-mejoraran-condiciones-laborales-de-salud-y-programas-para-el-bienestar-anuncia\\\/#primaryimage\"},\"thumbnailUrl\":\"https:\\\/\\\/redamlo.com\\\/wp-content\\\/uploads\\\/2021\\\/07\\\/Refrenda-Lopez-Obrador-compromisos-con-Cananea-mejoraran-condiciones-laborales-de-salud-y-Programas-para-el-Bienestar-anuncia.jpg\",\"keywords\":[\"AMLO\",\"Andr\u00e9s Manuel L\u00f3pez Obrador\",\"Cananea\",\"condiciones laborales\",\"Gobierno de M\u00e9xico\",\"M\u00e9xico\",\"Programas para el Bienestar\",\"salud\",\"Sonora\"],\"articleSection\":[\"4T\",\"Nacionales\",\"Presidencia\"],\"inLanguage\":\"es\",\"potentialAction\":[{\"@type\":\"CommentAction\",\"name\":\"Comment\",\"target\":[\"https:\\\/\\\/redamlo.com\\\/index.php\\\/2021\\\/07\\\/04\\\/refrenda-lopez-obrador-compromisos-con-cananea-mejoraran-condiciones-laborales-de-salud-y-programas-para-el-bienestar-anuncia\\\/#respond\"]}]},{\"@type\":\"WebPage\",\"@id\":\"https:\\\/\\\/redamlo.com\\\/index.php\\\/2021\\\/07\\\/04\\\/refrenda-lopez-obrador-compromisos-con-cananea-mejoraran-condiciones-laborales-de-salud-y-programas-para-el-bienestar-anuncia\\\/\",\"url\":\"https:\\\/\\\/redamlo.com\\\/index.php\\\/2021\\\/07\\\/04\\\/refrenda-lopez-obrador-compromisos-con-cananea-mejoraran-condiciones-laborales-de-salud-y-programas-para-el-bienestar-anuncia\\\/\",\"name\":\"Refrenda L\u00f3pez Obrador compromisos con Cananea; mejorar\u00e1n condiciones laborales, de salud y Programas para el Bienestar, anuncia - NOTICIAS DE LA 4T\",\"isPartOf\":{\"@id\":\"https:\\\/\\\/redamlo.com\\\/#website\"},\"primaryImageOfPage\":{\"@id\":\"https:\\\/\\\/redamlo.com\\\/index.php\\\/2021\\\/07\\\/04\\\/refrenda-lopez-obrador-compromisos-con-cananea-mejoraran-condiciones-laborales-de-salud-y-programas-para-el-bienestar-anuncia\\\/#primaryimage\"},\"image\":{\"@id\":\"https:\\\/\\\/redamlo.com\\\/index.php\\\/2021\\\/07\\\/04\\\/refrenda-lopez-obrador-compromisos-con-cananea-mejoraran-condiciones-laborales-de-salud-y-programas-para-el-bienestar-anuncia\\\/#primaryimage\"},\"thumbnailUrl\":\"https:\\\/\\\/redamlo.com\\\/wp-content\\\/uploads\\\/2021\\\/07\\\/Refrenda-Lopez-Obrador-compromisos-con-Cananea-mejoraran-condiciones-laborales-de-salud-y-Programas-para-el-Bienestar-anuncia.jpg\",\"datePublished\":\"2021-07-04T17:00:22+00:00\",\"breadcrumb\":{\"@id\":\"https:\\\/\\\/redamlo.com\\\/index.php\\\/2021\\\/07\\\/04\\\/refrenda-lopez-obrador-compromisos-con-cananea-mejoraran-condiciones-laborales-de-salud-y-programas-para-el-bienestar-anuncia\\\/#breadcrumb\"},\"inLanguage\":\"es\",\"potentialAction\":[{\"@type\":\"ReadAction\",\"target\":[\"https:\\\/\\\/redamlo.com\\\/index.php\\\/2021\\\/07\\\/04\\\/refrenda-lopez-obrador-compromisos-con-cananea-mejoraran-condiciones-laborales-de-salud-y-programas-para-el-bienestar-anuncia\\\/\"]}]},{\"@type\":\"ImageObject\",\"inLanguage\":\"es\",\"@id\":\"https:\\\/\\\/redamlo.com\\\/index.php\\\/2021\\\/07\\\/04\\\/refrenda-lopez-obrador-compromisos-con-cananea-mejoraran-condiciones-laborales-de-salud-y-programas-para-el-bienestar-anuncia\\\/#primaryimage\",\"url\":\"https:\\\/\\\/redamlo.com\\\/wp-content\\\/uploads\\\/2021\\\/07\\\/Refrenda-Lopez-Obrador-compromisos-con-Cananea-mejoraran-condiciones-laborales-de-salud-y-Programas-para-el-Bienestar-anuncia.jpg\",\"contentUrl\":\"https:\\\/\\\/redamlo.com\\\/wp-content\\\/uploads\\\/2021\\\/07\\\/Refrenda-Lopez-Obrador-compromisos-con-Cananea-mejoraran-condiciones-laborales-de-salud-y-Programas-para-el-Bienestar-anuncia.jpg\",\"width\":1778,\"height\":1000},{\"@type\":\"BreadcrumbList\",\"@id\":\"https:\\\/\\\/redamlo.com\\\/index.php\\\/2021\\\/07\\\/04\\\/refrenda-lopez-obrador-compromisos-con-cananea-mejoraran-condiciones-laborales-de-salud-y-programas-para-el-bienestar-anuncia\\\/#breadcrumb\",\"itemListElement\":[{\"@type\":\"ListItem\",\"position\":1,\"name\":\"Inicio\",\"item\":\"https:\\\/\\\/redamlo.com\\\/\"},{\"@type\":\"ListItem\",\"position\":2,\"name\":\"Refrenda L\u00f3pez Obrador compromisos con Cananea; mejorar\u00e1n condiciones laborales, de salud y Programas para el Bienestar, anuncia\"}]},{\"@type\":\"WebSite\",\"@id\":\"https:\\\/\\\/redamlo.com\\\/#website\",\"url\":\"https:\\\/\\\/redamlo.com\\\/\",\"name\":\"NOTICIAS DE LA 4T\",\"description\":\"\",\"publisher\":{\"@id\":\"https:\\\/\\\/redamlo.com\\\/#organization\"},\"potentialAction\":[{\"@type\":\"SearchAction\",\"target\":{\"@type\":\"EntryPoint\",\"urlTemplate\":\"https:\\\/\\\/redamlo.com\\\/?s={search_term_string}\"},\"query-input\":{\"@type\":\"PropertyValueSpecification\",\"valueRequired\":true,\"valueName\":\"search_term_string\"}}],\"inLanguage\":\"es\"},{\"@type\":\"Organization\",\"@id\":\"https:\\\/\\\/redamlo.com\\\/#organization\",\"name\":\"NOTICIAS DE LA 4T\",\"url\":\"https:\\\/\\\/redamlo.com\\\/\",\"logo\":{\"@type\":\"ImageObject\",\"inLanguage\":\"es\",\"@id\":\"https:\\\/\\\/redamlo.com\\\/#\\\/schema\\\/logo\\\/image\\\/\",\"url\":\"https:\\\/\\\/redamlo.com\\\/wp-content\\\/uploads\\\/2024\\\/08\\\/cropped-RED-AMLO-logo-50.png\",\"contentUrl\":\"https:\\\/\\\/redamlo.com\\\/wp-content\\\/uploads\\\/2024\\\/08\\\/cropped-RED-AMLO-logo-50.png\",\"width\":256,\"height\":256,\"caption\":\"NOTICIAS DE LA 4T\"},\"image\":{\"@id\":\"https:\\\/\\\/redamlo.com\\\/#\\\/schema\\\/logo\\\/image\\\/\"}},{\"@type\":\"Person\",\"@id\":\"https:\\\/\\\/redamlo.com\\\/#\\\/schema\\\/person\\\/7223a4375eb8f1a782fcae010a7115cf\",\"name\":\"Blanca\",\"image\":{\"@type\":\"ImageObject\",\"inLanguage\":\"es\",\"@id\":\"https:\\\/\\\/secure.gravatar.com\\\/avatar\\\/3f79bc8336367a4e6093eae8757acaaf61d1124834b905616de7829b0273426d?s=96&d=mm&r=g\",\"url\":\"https:\\\/\\\/secure.gravatar.com\\\/avatar\\\/3f79bc8336367a4e6093eae8757acaaf61d1124834b905616de7829b0273426d?s=96&d=mm&r=g\",\"contentUrl\":\"https:\\\/\\\/secure.gravatar.com\\\/avatar\\\/3f79bc8336367a4e6093eae8757acaaf61d1124834b905616de7829b0273426d?s=96&d=mm&r=g\",\"caption\":\"Blanca\"},\"url\":\"https:\\\/\\\/redamlo.com\\\/index.php\\\/author\\\/blanca\\\/\"}]}<\/script>\n<!-- \/ Yoast SEO plugin. -->","yoast_head_json":{"title":"Refrenda L\u00f3pez Obrador compromisos con Cananea; mejorar\u00e1n condiciones laborales, de salud y Programas para el Bienestar, anuncia - NOTICIAS DE LA 4T","robots":{"index":"noindex","follow":"follow","max-snippet":"max-snippet:-1","max-image-preview":"max-image-preview:large","max-video-preview":"max-video-preview:-1"},"og_locale":"es_MX","og_type":"article","og_title":"Refrenda L\u00f3pez Obrador compromisos con Cananea; mejorar\u00e1n condiciones laborales, de salud y Programas para el Bienestar, anuncia - NOTICIAS DE LA 4T","og_description":"CANANEA, SON., 04 de julio de 2021.- En el \u00faltimo d\u00eda de su gira de...","og_url":"https:\/\/redamlo.com\/index.php\/2021\/07\/04\/refrenda-lopez-obrador-compromisos-con-cananea-mejoraran-condiciones-laborales-de-salud-y-programas-para-el-bienestar-anuncia\/","og_site_name":"NOTICIAS DE LA 4T","article_published_time":"2021-07-04T17:00:22+00:00","og_image":[{"width":1778,"height":1000,"url":"https:\/\/redamlo.com\/wp-content\/uploads\/2021\/07\/Refrenda-Lopez-Obrador-compromisos-con-Cananea-mejoraran-condiciones-laborales-de-salud-y-Programas-para-el-Bienestar-anuncia.jpg","type":"image\/jpeg"}],"author":"Blanca","twitter_card":"summary_large_image","twitter_misc":{"Escrito por":"Blanca","Tiempo de lectura":"4 minutos"},"schema":{"@context":"https:\/\/schema.org","@graph":[{"@type":"Article","@id":"https:\/\/redamlo.com\/index.php\/2021\/07\/04\/refrenda-lopez-obrador-compromisos-con-cananea-mejoraran-condiciones-laborales-de-salud-y-programas-para-el-bienestar-anuncia\/#article","isPartOf":{"@id":"https:\/\/redamlo.com\/index.php\/2021\/07\/04\/refrenda-lopez-obrador-compromisos-con-cananea-mejoraran-condiciones-laborales-de-salud-y-programas-para-el-bienestar-anuncia\/"},"author":{"name":"Blanca","@id":"https:\/\/redamlo.com\/#\/schema\/person\/7223a4375eb8f1a782fcae010a7115cf"},"headline":"Refrenda L\u00f3pez Obrador compromisos con Cananea; mejorar\u00e1n condiciones laborales, de salud y Programas para el Bienestar, anuncia","datePublished":"2021-07-04T17:00:22+00:00","mainEntityOfPage":{"@id":"https:\/\/redamlo.com\/index.php\/2021\/07\/04\/refrenda-lopez-obrador-compromisos-con-cananea-mejoraran-condiciones-laborales-de-salud-y-programas-para-el-bienestar-anuncia\/"},"wordCount":788,"commentCount":0,"publisher":{"@id":"https:\/\/redamlo.com\/#organization"},"image":{"@id":"https:\/\/redamlo.com\/index.php\/2021\/07\/04\/refrenda-lopez-obrador-compromisos-con-cananea-mejoraran-condiciones-laborales-de-salud-y-programas-para-el-bienestar-anuncia\/#primaryimage"},"thumbnailUrl":"https:\/\/redamlo.com\/wp-content\/uploads\/2021\/07\/Refrenda-Lopez-Obrador-compromisos-con-Cananea-mejoraran-condiciones-laborales-de-salud-y-Programas-para-el-Bienestar-anuncia.jpg","keywords":["AMLO","Andr\u00e9s Manuel L\u00f3pez Obrador","Cananea","condiciones laborales","Gobierno de M\u00e9xico","M\u00e9xico","Programas para el Bienestar","salud","Sonora"],"articleSection":["4T","Nacionales","Presidencia"],"inLanguage":"es","potentialAction":[{"@type":"CommentAction","name":"Comment","target":["https:\/\/redamlo.com\/index.php\/2021\/07\/04\/refrenda-lopez-obrador-compromisos-con-cananea-mejoraran-condiciones-laborales-de-salud-y-programas-para-el-bienestar-anuncia\/#respond"]}]},{"@type":"WebPage","@id":"https:\/\/redamlo.com\/index.php\/2021\/07\/04\/refrenda-lopez-obrador-compromisos-con-cananea-mejoraran-condiciones-laborales-de-salud-y-programas-para-el-bienestar-anuncia\/","url":"https:\/\/redamlo.com\/index.php\/2021\/07\/04\/refrenda-lopez-obrador-compromisos-con-cananea-mejoraran-condiciones-laborales-de-salud-y-programas-para-el-bienestar-anuncia\/","name":"Refrenda L\u00f3pez Obrador compromisos con Cananea; mejorar\u00e1n condiciones laborales, de salud y Programas para el Bienestar, anuncia - NOTICIAS DE LA 4T","isPartOf":{"@id":"https:\/\/redamlo.com\/#website"},"primaryImageOfPage":{"@id":"https:\/\/redamlo.com\/index.php\/2021\/07\/04\/refrenda-lopez-obrador-compromisos-con-cananea-mejoraran-condiciones-laborales-de-salud-y-programas-para-el-bienestar-anuncia\/#primaryimage"},"image":{"@id":"https:\/\/redamlo.com\/index.php\/2021\/07\/04\/refrenda-lopez-obrador-compromisos-con-cananea-mejoraran-condiciones-laborales-de-salud-y-programas-para-el-bienestar-anuncia\/#primaryimage"},"thumbnailUrl":"https:\/\/redamlo.com\/wp-content\/uploads\/2021\/07\/Refrenda-Lopez-Obrador-compromisos-con-Cananea-mejoraran-condiciones-laborales-de-salud-y-Programas-para-el-Bienestar-anuncia.jpg","datePublished":"2021-07-04T17:00:22+00:00","breadcrumb":{"@id":"https:\/\/redamlo.com\/index.php\/2021\/07\/04\/refrenda-lopez-obrador-compromisos-con-cananea-mejoraran-condiciones-laborales-de-salud-y-programas-para-el-bienestar-anuncia\/#breadcrumb"},"inLanguage":"es","potentialAction":[{"@type":"ReadAction","target":["https:\/\/redamlo.com\/index.php\/2021\/07\/04\/refrenda-lopez-obrador-compromisos-con-cananea-mejoraran-condiciones-laborales-de-salud-y-programas-para-el-bienestar-anuncia\/"]}]},{"@type":"ImageObject","inLanguage":"es","@id":"https:\/\/redamlo.com\/index.php\/2021\/07\/04\/refrenda-lopez-obrador-compromisos-con-cananea-mejoraran-condiciones-laborales-de-salud-y-programas-para-el-bienestar-anuncia\/#primaryimage","url":"https:\/\/redamlo.com\/wp-content\/uploads\/2021\/07\/Refrenda-Lopez-Obrador-compromisos-con-Cananea-mejoraran-condiciones-laborales-de-salud-y-Programas-para-el-Bienestar-anuncia.jpg","contentUrl":"https:\/\/redamlo.com\/wp-content\/uploads\/2021\/07\/Refrenda-Lopez-Obrador-compromisos-con-Cananea-mejoraran-condiciones-laborales-de-salud-y-Programas-para-el-Bienestar-anuncia.jpg","width":1778,"height":1000},{"@type":"BreadcrumbList","@id":"https:\/\/redamlo.com\/index.php\/2021\/07\/04\/refrenda-lopez-obrador-compromisos-con-cananea-mejoraran-condiciones-laborales-de-salud-y-programas-para-el-bienestar-anuncia\/#breadcrumb","itemListElement":[{"@type":"ListItem","position":1,"name":"Inicio","item":"https:\/\/redamlo.com\/"},{"@type":"ListItem","position":2,"name":"Refrenda L\u00f3pez Obrador compromisos con Cananea; mejorar\u00e1n condiciones laborales, de salud y Programas para el Bienestar, anuncia"}]},{"@type":"WebSite","@id":"https:\/\/redamlo.com\/#website","url":"https:\/\/redamlo.com\/","name":"NOTICIAS DE LA 4T","description":"","publisher":{"@id":"https:\/\/redamlo.com\/#organization"},"potentialAction":[{"@type":"SearchAction","target":{"@type":"EntryPoint","urlTemplate":"https:\/\/redamlo.com\/?s={search_term_string}"},"query-input":{"@type":"PropertyValueSpecification","valueRequired":true,"valueName":"search_term_string"}}],"inLanguage":"es"},{"@type":"Organization","@id":"https:\/\/redamlo.com\/#organization","name":"NOTICIAS DE LA 4T","url":"https:\/\/redamlo.com\/","logo":{"@type":"ImageObject","inLanguage":"es","@id":"https:\/\/redamlo.com\/#\/schema\/logo\/image\/","url":"https:\/\/redamlo.com\/wp-content\/uploads\/2024\/08\/cropped-RED-AMLO-logo-50.png","contentUrl":"https:\/\/redamlo.com\/wp-content\/uploads\/2024\/08\/cropped-RED-AMLO-logo-50.png","width":256,"height":256,"caption":"NOTICIAS DE LA 4T"},"image":{"@id":"https:\/\/redamlo.com\/#\/schema\/logo\/image\/"}},{"@type":"Person","@id":"https:\/\/redamlo.com\/#\/schema\/person\/7223a4375eb8f1a782fcae010a7115cf","name":"Blanca","image":{"@type":"ImageObject","inLanguage":"es","@id":"https:\/\/secure.gravatar.com\/avatar\/3f79bc8336367a4e6093eae8757acaaf61d1124834b905616de7829b0273426d?s=96&d=mm&r=g","url":"https:\/\/secure.gravatar.com\/avatar\/3f79bc8336367a4e6093eae8757acaaf61d1124834b905616de7829b0273426d?s=96&d=mm&r=g","contentUrl":"https:\/\/secure.gravatar.com\/avatar\/3f79bc8336367a4e6093eae8757acaaf61d1124834b905616de7829b0273426d?s=96&d=mm&r=g","caption":"Blanca"},"url":"https:\/\/redamlo.com\/index.php\/author\/blanca\/"}]}},"_links":{"self":[{"href":"https:\/\/redamlo.com\/index.php\/wp-json\/wp\/v2\/posts\/4862","targetHints":{"allow":["GET"]}}],"collection":[{"href":"https:\/\/redamlo.com\/index.php\/wp-json\/wp\/v2\/posts"}],"about":[{"href":"https:\/\/redamlo.com\/index.php\/wp-json\/wp\/v2\/types\/post"}],"author":[{"embeddable":true,"href":"https:\/\/redamlo.com\/index.php\/wp-json\/wp\/v2\/users\/2"}],"replies":[{"embeddable":true,"href":"https:\/\/redamlo.com\/index.php\/wp-json\/wp\/v2\/comments?post=4862"}],"version-history":[{"count":0,"href":"https:\/\/redamlo.com\/index.php\/wp-json\/wp\/v2\/posts\/4862\/revisions"}],"wp:featuredmedia":[{"embeddable":true,"href":"https:\/\/redamlo.com\/index.php\/wp-json\/wp\/v2\/media\/4865"}],"wp:attachment":[{"href":"https:\/\/redamlo.com\/index.php\/wp-json\/wp\/v2\/media?parent=4862"}],"wp:term":[{"taxonomy":"category","embeddable":true,"href":"https:\/\/redamlo.com\/index.php\/wp-json\/wp\/v2\/categories?post=4862"},{"taxonomy":"post_tag","embeddable":true,"href":"https:\/\/redamlo.com\/index.php\/wp-json\/wp\/v2\/tags?post=4862"}],"curies":[{"name":"wp","href":"https:\/\/api.w.org\/{rel}","templated":true}]}}