{"id":4858,"date":"2021-07-03T21:00:31","date_gmt":"2021-07-03T21:00:31","guid":{"rendered":"https:\/\/redamlo.com\/?p=4858"},"modified":"2021-07-03T21:00:31","modified_gmt":"2021-07-03T21:00:31","slug":"lopez-obrador-garantiza-presupuesto-para-programas-sociales-entrega-obras-de-mejoramiento-urbano-en-nogales","status":"publish","type":"post","link":"https:\/\/redamlo.com\/index.php\/2021\/07\/03\/lopez-obrador-garantiza-presupuesto-para-programas-sociales-entrega-obras-de-mejoramiento-urbano-en-nogales\/","title":{"rendered":"L\u00f3pez Obrador garantiza presupuesto para programas sociales; entrega obras de mejoramiento urbano en Nogales"},"content":{"rendered":"<div id=\":e9\" class=\"Ar Au Ao\">\n<div id=\":e5\" class=\"Am Al editable LW-avf tS-tW tS-tY\" style=\"text-align: justify;\" tabindex=\"1\" role=\"textbox\" contenteditable=\"true\" spellcheck=\"false\" aria-label=\"Cuerpo del mensaje\" aria-multiline=\"true\">\n<p><span style=\"font-family: Arial, Helvetica, sans-serif; color: #000000;\">NOGALES, SON., 03 de julio de 2021.- En su visita a Nogales, Sonora, el presidente de M\u00e9xico, Andr\u00e9s Manuel L\u00f3pez Obrador afirm\u00f3 que habr\u00e1 presupuesto suficiente para atender a las personas que m\u00e1s lo necesitan a trav\u00e9s de los Programas para el Bienestar.<\/span><\/p>\n<p><span style=\"font-family: Arial, Helvetica, sans-serif; color: #000000;\">\u201cSe contar\u00e1 con presupuesto para atender a todos pero dando preferencia a la gente humilde, a la gente pobre\u201d, asever\u00f3.<\/span><\/p>\n<p><span style=\"font-family: Arial, Helvetica, sans-serif; color: #000000;\">Para dar oportunidades de desarrollo garantiz\u00f3 la continuidad del programa J\u00f3venes Construyendo el Futuro y de las becas a estudiantes de todos los niveles educativos. Adem\u00e1s seguir\u00e1 la entrega de apoyo directo a planteles escolares a trav\u00e9s del programa La Escuela es Nuestra.<\/span><\/p>\n<p><span style=\"font-family: Arial, Helvetica, sans-serif; color: #000000;\">\u201cTambi\u00e9n aqu\u00ed en Nogales y en todo Sonora y en todo el pa\u00eds va a continuar la pensi\u00f3n para los adultos mayores. (\u2026) En la pasada elecci\u00f3n la gente nos dio su apoyo, si no hubi\u00e9semos obtenido mayor\u00eda, todos estos programas estar\u00edan en riesgo. (\u2026) Cuando propuse a la C\u00e1mara de Diputados que se elevara a rango constitucional la pensi\u00f3n de adultos mayores, el bloque conservador vot\u00f3 en contra; sali\u00f3 adelante porque ten\u00edamos mayor\u00eda\u201d, agreg\u00f3.<\/span><\/p>\n<p><span style=\"font-family: Arial, Helvetica, sans-serif; color: #000000;\">Record\u00f3 que a partir de este bimestre se entreg\u00f3 ese beneficio con el primer incremento de 15 por ciento. En enero de 2024 se duplicar\u00e1.<\/span><\/p>\n<p><span style=\"font-family: Arial, Helvetica, sans-serif; color: #000000;\">El jefe del Ejecutivo hizo entrega de Acciones de Mejoramiento Urbano en donde inform\u00f3 que se invirtieron m\u00e1s de 400 millones de pesos en colonias populares de Nogales, donde se construir\u00e1 una sucursal del Banco del Bienestar.<\/span><\/p>\n<p><span style=\"font-family: Arial, Helvetica, sans-serif; color: #000000;\">A trav\u00e9s de la Comisi\u00f3n Nacional de Vivienda se entregaron m\u00e1s de mil cr\u00e9ditos y realizaron siete intervenciones urbanas en el municipio.<\/span><\/p>\n<p><span style=\"font-family: Arial, Helvetica, sans-serif; color: #000000;\">En julio terminar\u00e1 vacunaci\u00f3n a habitantes de municipios colindantes con Estados Unidos: presidente<\/span><\/p>\n<p><span style=\"font-family: Arial, Helvetica, sans-serif; color: #000000;\">Durante su visita a Nogales, el presidente L\u00f3pez Obrador anunci\u00f3 que este mes concluir\u00e1 la vacunaci\u00f3n contra Covid-19 en todos los municipios de la frontera norte.<\/span><\/p>\n<p><span style=\"font-family: Arial, Helvetica, sans-serif; color: #000000;\">\u201cEn la zona fronteriza ya vamos a terminar pronto de vacunar a todos los mayores de 18 a\u00f1os (\u2026) aqu\u00ed donde comienza nuestra patria, como en Nogales, aqu\u00ed ya estamos por terminar de vacunar, no pasa de este mes de julio\u201d, remarc\u00f3.<\/span><\/p>\n<p><span style=\"font-family: Arial, Helvetica, sans-serif; color: #000000;\">Record\u00f3 que la meta es que en octubre todas las personas mayores de 18 a\u00f1os est\u00e9n protegidas contra el virus SARS-CoV-2, al menos con la primera dosis. A la fecha, a nivel nacional se ha vacunado a m\u00e1s del 35 por ciento de la poblaci\u00f3n.<\/span><\/p>\n<p><span style=\"font-family: Arial, Helvetica, sans-serif; color: #000000;\">Acompa\u00f1aron al presidente, la gobernadora de Sonora, Claudia Pavlovich Arellano; el gobernador electo de Sonora, Alfonso Durazo Monta\u00f1o; el secretario de Desarrollo Agrario, Territorial y Urbano, Rom\u00e1n Meyer Falc\u00f3n; la subsecretaria de egresos de la SHCP, Victoria Rodr\u00edguez Ceja; el secretario t\u00e9cnico del Gabinete de la Oficina de la Presidencia, Carlos Torres Rosas y el presidente municipal de Nogales, Jes\u00fas Antonio Pujol Irastorza.<\/span><\/p>\n<p><iframe loading=\"lazy\" title=\"Acciones de Mejoramiento Urbano en Nogales, Sonora\" width=\"640\" height=\"360\" src=\"https:\/\/www.youtube.com\/embed\/xKppiG4bYgw?feature=oembed\" frameborder=\"0\" allow=\"accelerometer; autoplay; clipboard-write; encrypted-media; gyroscope; picture-in-picture; web-share\" referrerpolicy=\"strict-origin-when-cross-origin\" allowfullscreen><\/iframe><\/p>\n<\/div>\n<\/div>\n","protected":false},"excerpt":{"rendered":"<p>NOGALES, SON., 03 de julio de 2021.- En su visita a Nogales, Sonora, el presidente&#8230;<\/p>\n","protected":false},"author":2,"featured_media":4861,"comment_status":"open","ping_status":"closed","sticky":false,"template":"","format":"standard","meta":{"footnotes":""},"categories":[25,20,27],"tags":[84,131,473,556,1093,9,1103,567,568,125,577],"class_list":["post-4858","post","type-post","status-publish","format-standard","has-post-thumbnail","hentry","category-4t","category-nacionales","category-presidencia","tag-amlo","tag-andres-manuel-lopez-obrador","tag-covid-19","tag-gobierno-de-mexico","tag-mejoramiento-urbano","tag-mexico","tag-nogales","tag-pandemia","tag-programas-sociales","tag-sonora","tag-vacunacion"],"yoast_head":"<!-- This site is optimized with the Yoast SEO plugin v27.5 - https:\/\/yoast.com\/product\/yoast-seo-wordpress\/ -->\n<title>L\u00f3pez Obrador garantiza presupuesto para programas sociales; entrega obras de mejoramiento urbano en Nogales - NOTICIAS DE LA 4T<\/title>\n<meta name=\"robots\" content=\"noindex, follow, max-snippet:-1, max-image-preview:large, max-video-preview:-1\" \/>\n<meta property=\"og:locale\" content=\"es_MX\" \/>\n<meta property=\"og:type\" content=\"article\" \/>\n<meta property=\"og:title\" content=\"L\u00f3pez Obrador garantiza presupuesto para programas sociales; entrega obras de mejoramiento urbano en Nogales - NOTICIAS DE LA 4T\" \/>\n<meta property=\"og:description\" content=\"NOGALES, SON., 03 de julio de 2021.- En su visita a Nogales, Sonora, el presidente...\" \/>\n<meta property=\"og:url\" content=\"https:\/\/redamlo.com\/index.php\/2021\/07\/03\/lopez-obrador-garantiza-presupuesto-para-programas-sociales-entrega-obras-de-mejoramiento-urbano-en-nogales\/\" \/>\n<meta property=\"og:site_name\" content=\"NOTICIAS DE LA 4T\" \/>\n<meta property=\"article:published_time\" content=\"2021-07-03T21:00:31+00:00\" \/>\n<meta property=\"og:image\" content=\"https:\/\/redamlo.com\/wp-content\/uploads\/2021\/07\/Lopez-Obrador-garantiza-presupuesto-para-programas-sociales-entrega-obras-de-mejoramiento-urbano-en-Nogales.jpg\" \/>\n\t<meta property=\"og:image:width\" content=\"1497\" \/>\n\t<meta property=\"og:image:height\" content=\"865\" \/>\n\t<meta property=\"og:image:type\" content=\"image\/jpeg\" \/>\n<meta name=\"author\" content=\"Blanca\" \/>\n<meta name=\"twitter:card\" content=\"summary_large_image\" \/>\n<meta name=\"twitter:label1\" content=\"Escrito por\" \/>\n\t<meta name=\"twitter:data1\" content=\"Blanca\" \/>\n\t<meta name=\"twitter:label2\" content=\"Tiempo de lectura\" \/>\n\t<meta name=\"twitter:data2\" content=\"2 minutos\" \/>\n<script type=\"application\/ld+json\" class=\"yoast-schema-graph\">{\"@context\":\"https:\\\/\\\/schema.org\",\"@graph\":[{\"@type\":\"Article\",\"@id\":\"https:\\\/\\\/redamlo.com\\\/index.php\\\/2021\\\/07\\\/03\\\/lopez-obrador-garantiza-presupuesto-para-programas-sociales-entrega-obras-de-mejoramiento-urbano-en-nogales\\\/#article\",\"isPartOf\":{\"@id\":\"https:\\\/\\\/redamlo.com\\\/index.php\\\/2021\\\/07\\\/03\\\/lopez-obrador-garantiza-presupuesto-para-programas-sociales-entrega-obras-de-mejoramiento-urbano-en-nogales\\\/\"},\"author\":{\"name\":\"Blanca\",\"@id\":\"https:\\\/\\\/redamlo.com\\\/#\\\/schema\\\/person\\\/7223a4375eb8f1a782fcae010a7115cf\"},\"headline\":\"L\u00f3pez Obrador garantiza presupuesto para programas sociales; entrega obras de mejoramiento urbano en Nogales\",\"datePublished\":\"2021-07-03T21:00:31+00:00\",\"mainEntityOfPage\":{\"@id\":\"https:\\\/\\\/redamlo.com\\\/index.php\\\/2021\\\/07\\\/03\\\/lopez-obrador-garantiza-presupuesto-para-programas-sociales-entrega-obras-de-mejoramiento-urbano-en-nogales\\\/\"},\"wordCount\":510,\"commentCount\":0,\"publisher\":{\"@id\":\"https:\\\/\\\/redamlo.com\\\/#organization\"},\"image\":{\"@id\":\"https:\\\/\\\/redamlo.com\\\/index.php\\\/2021\\\/07\\\/03\\\/lopez-obrador-garantiza-presupuesto-para-programas-sociales-entrega-obras-de-mejoramiento-urbano-en-nogales\\\/#primaryimage\"},\"thumbnailUrl\":\"https:\\\/\\\/redamlo.com\\\/wp-content\\\/uploads\\\/2021\\\/07\\\/Lopez-Obrador-garantiza-presupuesto-para-programas-sociales-entrega-obras-de-mejoramiento-urbano-en-Nogales.jpg\",\"keywords\":[\"AMLO\",\"Andr\u00e9s Manuel L\u00f3pez Obrador\",\"COVID-19\",\"Gobierno de M\u00e9xico\",\"mejoramiento urbano\",\"M\u00e9xico\",\"Nogales\",\"pandemia\",\"programas sociales\",\"Sonora\",\"vacunaci\u00f3n\"],\"articleSection\":[\"4T\",\"Nacionales\",\"Presidencia\"],\"inLanguage\":\"es\",\"potentialAction\":[{\"@type\":\"CommentAction\",\"name\":\"Comment\",\"target\":[\"https:\\\/\\\/redamlo.com\\\/index.php\\\/2021\\\/07\\\/03\\\/lopez-obrador-garantiza-presupuesto-para-programas-sociales-entrega-obras-de-mejoramiento-urbano-en-nogales\\\/#respond\"]}]},{\"@type\":\"WebPage\",\"@id\":\"https:\\\/\\\/redamlo.com\\\/index.php\\\/2021\\\/07\\\/03\\\/lopez-obrador-garantiza-presupuesto-para-programas-sociales-entrega-obras-de-mejoramiento-urbano-en-nogales\\\/\",\"url\":\"https:\\\/\\\/redamlo.com\\\/index.php\\\/2021\\\/07\\\/03\\\/lopez-obrador-garantiza-presupuesto-para-programas-sociales-entrega-obras-de-mejoramiento-urbano-en-nogales\\\/\",\"name\":\"L\u00f3pez Obrador garantiza presupuesto para programas sociales; entrega obras de mejoramiento urbano en Nogales - NOTICIAS DE LA 4T\",\"isPartOf\":{\"@id\":\"https:\\\/\\\/redamlo.com\\\/#website\"},\"primaryImageOfPage\":{\"@id\":\"https:\\\/\\\/redamlo.com\\\/index.php\\\/2021\\\/07\\\/03\\\/lopez-obrador-garantiza-presupuesto-para-programas-sociales-entrega-obras-de-mejoramiento-urbano-en-nogales\\\/#primaryimage\"},\"image\":{\"@id\":\"https:\\\/\\\/redamlo.com\\\/index.php\\\/2021\\\/07\\\/03\\\/lopez-obrador-garantiza-presupuesto-para-programas-sociales-entrega-obras-de-mejoramiento-urbano-en-nogales\\\/#primaryimage\"},\"thumbnailUrl\":\"https:\\\/\\\/redamlo.com\\\/wp-content\\\/uploads\\\/2021\\\/07\\\/Lopez-Obrador-garantiza-presupuesto-para-programas-sociales-entrega-obras-de-mejoramiento-urbano-en-Nogales.jpg\",\"datePublished\":\"2021-07-03T21:00:31+00:00\",\"breadcrumb\":{\"@id\":\"https:\\\/\\\/redamlo.com\\\/index.php\\\/2021\\\/07\\\/03\\\/lopez-obrador-garantiza-presupuesto-para-programas-sociales-entrega-obras-de-mejoramiento-urbano-en-nogales\\\/#breadcrumb\"},\"inLanguage\":\"es\",\"potentialAction\":[{\"@type\":\"ReadAction\",\"target\":[\"https:\\\/\\\/redamlo.com\\\/index.php\\\/2021\\\/07\\\/03\\\/lopez-obrador-garantiza-presupuesto-para-programas-sociales-entrega-obras-de-mejoramiento-urbano-en-nogales\\\/\"]}]},{\"@type\":\"ImageObject\",\"inLanguage\":\"es\",\"@id\":\"https:\\\/\\\/redamlo.com\\\/index.php\\\/2021\\\/07\\\/03\\\/lopez-obrador-garantiza-presupuesto-para-programas-sociales-entrega-obras-de-mejoramiento-urbano-en-nogales\\\/#primaryimage\",\"url\":\"https:\\\/\\\/redamlo.com\\\/wp-content\\\/uploads\\\/2021\\\/07\\\/Lopez-Obrador-garantiza-presupuesto-para-programas-sociales-entrega-obras-de-mejoramiento-urbano-en-Nogales.jpg\",\"contentUrl\":\"https:\\\/\\\/redamlo.com\\\/wp-content\\\/uploads\\\/2021\\\/07\\\/Lopez-Obrador-garantiza-presupuesto-para-programas-sociales-entrega-obras-de-mejoramiento-urbano-en-Nogales.jpg\",\"width\":1497,\"height\":865},{\"@type\":\"BreadcrumbList\",\"@id\":\"https:\\\/\\\/redamlo.com\\\/index.php\\\/2021\\\/07\\\/03\\\/lopez-obrador-garantiza-presupuesto-para-programas-sociales-entrega-obras-de-mejoramiento-urbano-en-nogales\\\/#breadcrumb\",\"itemListElement\":[{\"@type\":\"ListItem\",\"position\":1,\"name\":\"Inicio\",\"item\":\"https:\\\/\\\/redamlo.com\\\/\"},{\"@type\":\"ListItem\",\"position\":2,\"name\":\"L\u00f3pez Obrador garantiza presupuesto para programas sociales; entrega obras de mejoramiento urbano en Nogales\"}]},{\"@type\":\"WebSite\",\"@id\":\"https:\\\/\\\/redamlo.com\\\/#website\",\"url\":\"https:\\\/\\\/redamlo.com\\\/\",\"name\":\"NOTICIAS DE LA 4T\",\"description\":\"\",\"publisher\":{\"@id\":\"https:\\\/\\\/redamlo.com\\\/#organization\"},\"potentialAction\":[{\"@type\":\"SearchAction\",\"target\":{\"@type\":\"EntryPoint\",\"urlTemplate\":\"https:\\\/\\\/redamlo.com\\\/?s={search_term_string}\"},\"query-input\":{\"@type\":\"PropertyValueSpecification\",\"valueRequired\":true,\"valueName\":\"search_term_string\"}}],\"inLanguage\":\"es\"},{\"@type\":\"Organization\",\"@id\":\"https:\\\/\\\/redamlo.com\\\/#organization\",\"name\":\"NOTICIAS DE LA 4T\",\"url\":\"https:\\\/\\\/redamlo.com\\\/\",\"logo\":{\"@type\":\"ImageObject\",\"inLanguage\":\"es\",\"@id\":\"https:\\\/\\\/redamlo.com\\\/#\\\/schema\\\/logo\\\/image\\\/\",\"url\":\"https:\\\/\\\/redamlo.com\\\/wp-content\\\/uploads\\\/2024\\\/08\\\/cropped-RED-AMLO-logo-50.png\",\"contentUrl\":\"https:\\\/\\\/redamlo.com\\\/wp-content\\\/uploads\\\/2024\\\/08\\\/cropped-RED-AMLO-logo-50.png\",\"width\":256,\"height\":256,\"caption\":\"NOTICIAS DE LA 4T\"},\"image\":{\"@id\":\"https:\\\/\\\/redamlo.com\\\/#\\\/schema\\\/logo\\\/image\\\/\"}},{\"@type\":\"Person\",\"@id\":\"https:\\\/\\\/redamlo.com\\\/#\\\/schema\\\/person\\\/7223a4375eb8f1a782fcae010a7115cf\",\"name\":\"Blanca\",\"image\":{\"@type\":\"ImageObject\",\"inLanguage\":\"es\",\"@id\":\"https:\\\/\\\/secure.gravatar.com\\\/avatar\\\/3f79bc8336367a4e6093eae8757acaaf61d1124834b905616de7829b0273426d?s=96&d=mm&r=g\",\"url\":\"https:\\\/\\\/secure.gravatar.com\\\/avatar\\\/3f79bc8336367a4e6093eae8757acaaf61d1124834b905616de7829b0273426d?s=96&d=mm&r=g\",\"contentUrl\":\"https:\\\/\\\/secure.gravatar.com\\\/avatar\\\/3f79bc8336367a4e6093eae8757acaaf61d1124834b905616de7829b0273426d?s=96&d=mm&r=g\",\"caption\":\"Blanca\"},\"url\":\"https:\\\/\\\/redamlo.com\\\/index.php\\\/author\\\/blanca\\\/\"}]}<\/script>\n<!-- \/ Yoast SEO plugin. -->","yoast_head_json":{"title":"L\u00f3pez Obrador garantiza presupuesto para programas sociales; entrega obras de mejoramiento urbano en Nogales - NOTICIAS DE LA 4T","robots":{"index":"noindex","follow":"follow","max-snippet":"max-snippet:-1","max-image-preview":"max-image-preview:large","max-video-preview":"max-video-preview:-1"},"og_locale":"es_MX","og_type":"article","og_title":"L\u00f3pez Obrador garantiza presupuesto para programas sociales; entrega obras de mejoramiento urbano en Nogales - NOTICIAS DE LA 4T","og_description":"NOGALES, SON., 03 de julio de 2021.- En su visita a Nogales, Sonora, el presidente...","og_url":"https:\/\/redamlo.com\/index.php\/2021\/07\/03\/lopez-obrador-garantiza-presupuesto-para-programas-sociales-entrega-obras-de-mejoramiento-urbano-en-nogales\/","og_site_name":"NOTICIAS DE LA 4T","article_published_time":"2021-07-03T21:00:31+00:00","og_image":[{"width":1497,"height":865,"url":"https:\/\/redamlo.com\/wp-content\/uploads\/2021\/07\/Lopez-Obrador-garantiza-presupuesto-para-programas-sociales-entrega-obras-de-mejoramiento-urbano-en-Nogales.jpg","type":"image\/jpeg"}],"author":"Blanca","twitter_card":"summary_large_image","twitter_misc":{"Escrito por":"Blanca","Tiempo de lectura":"2 minutos"},"schema":{"@context":"https:\/\/schema.org","@graph":[{"@type":"Article","@id":"https:\/\/redamlo.com\/index.php\/2021\/07\/03\/lopez-obrador-garantiza-presupuesto-para-programas-sociales-entrega-obras-de-mejoramiento-urbano-en-nogales\/#article","isPartOf":{"@id":"https:\/\/redamlo.com\/index.php\/2021\/07\/03\/lopez-obrador-garantiza-presupuesto-para-programas-sociales-entrega-obras-de-mejoramiento-urbano-en-nogales\/"},"author":{"name":"Blanca","@id":"https:\/\/redamlo.com\/#\/schema\/person\/7223a4375eb8f1a782fcae010a7115cf"},"headline":"L\u00f3pez Obrador garantiza presupuesto para programas sociales; entrega obras de mejoramiento urbano en Nogales","datePublished":"2021-07-03T21:00:31+00:00","mainEntityOfPage":{"@id":"https:\/\/redamlo.com\/index.php\/2021\/07\/03\/lopez-obrador-garantiza-presupuesto-para-programas-sociales-entrega-obras-de-mejoramiento-urbano-en-nogales\/"},"wordCount":510,"commentCount":0,"publisher":{"@id":"https:\/\/redamlo.com\/#organization"},"image":{"@id":"https:\/\/redamlo.com\/index.php\/2021\/07\/03\/lopez-obrador-garantiza-presupuesto-para-programas-sociales-entrega-obras-de-mejoramiento-urbano-en-nogales\/#primaryimage"},"thumbnailUrl":"https:\/\/redamlo.com\/wp-content\/uploads\/2021\/07\/Lopez-Obrador-garantiza-presupuesto-para-programas-sociales-entrega-obras-de-mejoramiento-urbano-en-Nogales.jpg","keywords":["AMLO","Andr\u00e9s Manuel L\u00f3pez Obrador","COVID-19","Gobierno de M\u00e9xico","mejoramiento urbano","M\u00e9xico","Nogales","pandemia","programas sociales","Sonora","vacunaci\u00f3n"],"articleSection":["4T","Nacionales","Presidencia"],"inLanguage":"es","potentialAction":[{"@type":"CommentAction","name":"Comment","target":["https:\/\/redamlo.com\/index.php\/2021\/07\/03\/lopez-obrador-garantiza-presupuesto-para-programas-sociales-entrega-obras-de-mejoramiento-urbano-en-nogales\/#respond"]}]},{"@type":"WebPage","@id":"https:\/\/redamlo.com\/index.php\/2021\/07\/03\/lopez-obrador-garantiza-presupuesto-para-programas-sociales-entrega-obras-de-mejoramiento-urbano-en-nogales\/","url":"https:\/\/redamlo.com\/index.php\/2021\/07\/03\/lopez-obrador-garantiza-presupuesto-para-programas-sociales-entrega-obras-de-mejoramiento-urbano-en-nogales\/","name":"L\u00f3pez Obrador garantiza presupuesto para programas sociales; entrega obras de mejoramiento urbano en Nogales - NOTICIAS DE LA 4T","isPartOf":{"@id":"https:\/\/redamlo.com\/#website"},"primaryImageOfPage":{"@id":"https:\/\/redamlo.com\/index.php\/2021\/07\/03\/lopez-obrador-garantiza-presupuesto-para-programas-sociales-entrega-obras-de-mejoramiento-urbano-en-nogales\/#primaryimage"},"image":{"@id":"https:\/\/redamlo.com\/index.php\/2021\/07\/03\/lopez-obrador-garantiza-presupuesto-para-programas-sociales-entrega-obras-de-mejoramiento-urbano-en-nogales\/#primaryimage"},"thumbnailUrl":"https:\/\/redamlo.com\/wp-content\/uploads\/2021\/07\/Lopez-Obrador-garantiza-presupuesto-para-programas-sociales-entrega-obras-de-mejoramiento-urbano-en-Nogales.jpg","datePublished":"2021-07-03T21:00:31+00:00","breadcrumb":{"@id":"https:\/\/redamlo.com\/index.php\/2021\/07\/03\/lopez-obrador-garantiza-presupuesto-para-programas-sociales-entrega-obras-de-mejoramiento-urbano-en-nogales\/#breadcrumb"},"inLanguage":"es","potentialAction":[{"@type":"ReadAction","target":["https:\/\/redamlo.com\/index.php\/2021\/07\/03\/lopez-obrador-garantiza-presupuesto-para-programas-sociales-entrega-obras-de-mejoramiento-urbano-en-nogales\/"]}]},{"@type":"ImageObject","inLanguage":"es","@id":"https:\/\/redamlo.com\/index.php\/2021\/07\/03\/lopez-obrador-garantiza-presupuesto-para-programas-sociales-entrega-obras-de-mejoramiento-urbano-en-nogales\/#primaryimage","url":"https:\/\/redamlo.com\/wp-content\/uploads\/2021\/07\/Lopez-Obrador-garantiza-presupuesto-para-programas-sociales-entrega-obras-de-mejoramiento-urbano-en-Nogales.jpg","contentUrl":"https:\/\/redamlo.com\/wp-content\/uploads\/2021\/07\/Lopez-Obrador-garantiza-presupuesto-para-programas-sociales-entrega-obras-de-mejoramiento-urbano-en-Nogales.jpg","width":1497,"height":865},{"@type":"BreadcrumbList","@id":"https:\/\/redamlo.com\/index.php\/2021\/07\/03\/lopez-obrador-garantiza-presupuesto-para-programas-sociales-entrega-obras-de-mejoramiento-urbano-en-nogales\/#breadcrumb","itemListElement":[{"@type":"ListItem","position":1,"name":"Inicio","item":"https:\/\/redamlo.com\/"},{"@type":"ListItem","position":2,"name":"L\u00f3pez Obrador garantiza presupuesto para programas sociales; entrega obras de mejoramiento urbano en Nogales"}]},{"@type":"WebSite","@id":"https:\/\/redamlo.com\/#website","url":"https:\/\/redamlo.com\/","name":"NOTICIAS DE LA 4T","description":"","publisher":{"@id":"https:\/\/redamlo.com\/#organization"},"potentialAction":[{"@type":"SearchAction","target":{"@type":"EntryPoint","urlTemplate":"https:\/\/redamlo.com\/?s={search_term_string}"},"query-input":{"@type":"PropertyValueSpecification","valueRequired":true,"valueName":"search_term_string"}}],"inLanguage":"es"},{"@type":"Organization","@id":"https:\/\/redamlo.com\/#organization","name":"NOTICIAS DE LA 4T","url":"https:\/\/redamlo.com\/","logo":{"@type":"ImageObject","inLanguage":"es","@id":"https:\/\/redamlo.com\/#\/schema\/logo\/image\/","url":"https:\/\/redamlo.com\/wp-content\/uploads\/2024\/08\/cropped-RED-AMLO-logo-50.png","contentUrl":"https:\/\/redamlo.com\/wp-content\/uploads\/2024\/08\/cropped-RED-AMLO-logo-50.png","width":256,"height":256,"caption":"NOTICIAS DE LA 4T"},"image":{"@id":"https:\/\/redamlo.com\/#\/schema\/logo\/image\/"}},{"@type":"Person","@id":"https:\/\/redamlo.com\/#\/schema\/person\/7223a4375eb8f1a782fcae010a7115cf","name":"Blanca","image":{"@type":"ImageObject","inLanguage":"es","@id":"https:\/\/secure.gravatar.com\/avatar\/3f79bc8336367a4e6093eae8757acaaf61d1124834b905616de7829b0273426d?s=96&d=mm&r=g","url":"https:\/\/secure.gravatar.com\/avatar\/3f79bc8336367a4e6093eae8757acaaf61d1124834b905616de7829b0273426d?s=96&d=mm&r=g","contentUrl":"https:\/\/secure.gravatar.com\/avatar\/3f79bc8336367a4e6093eae8757acaaf61d1124834b905616de7829b0273426d?s=96&d=mm&r=g","caption":"Blanca"},"url":"https:\/\/redamlo.com\/index.php\/author\/blanca\/"}]}},"_links":{"self":[{"href":"https:\/\/redamlo.com\/index.php\/wp-json\/wp\/v2\/posts\/4858","targetHints":{"allow":["GET"]}}],"collection":[{"href":"https:\/\/redamlo.com\/index.php\/wp-json\/wp\/v2\/posts"}],"about":[{"href":"https:\/\/redamlo.com\/index.php\/wp-json\/wp\/v2\/types\/post"}],"author":[{"embeddable":true,"href":"https:\/\/redamlo.com\/index.php\/wp-json\/wp\/v2\/users\/2"}],"replies":[{"embeddable":true,"href":"https:\/\/redamlo.com\/index.php\/wp-json\/wp\/v2\/comments?post=4858"}],"version-history":[{"count":0,"href":"https:\/\/redamlo.com\/index.php\/wp-json\/wp\/v2\/posts\/4858\/revisions"}],"wp:featuredmedia":[{"embeddable":true,"href":"https:\/\/redamlo.com\/index.php\/wp-json\/wp\/v2\/media\/4861"}],"wp:attachment":[{"href":"https:\/\/redamlo.com\/index.php\/wp-json\/wp\/v2\/media?parent=4858"}],"wp:term":[{"taxonomy":"category","embeddable":true,"href":"https:\/\/redamlo.com\/index.php\/wp-json\/wp\/v2\/categories?post=4858"},{"taxonomy":"post_tag","embeddable":true,"href":"https:\/\/redamlo.com\/index.php\/wp-json\/wp\/v2\/tags?post=4858"}],"curies":[{"name":"wp","href":"https:\/\/api.w.org\/{rel}","templated":true}]}}