{"id":4854,"date":"2021-07-03T17:00:47","date_gmt":"2021-07-03T17:00:47","guid":{"rendered":"https:\/\/redamlo.com\/?p=4854"},"modified":"2021-07-03T17:00:47","modified_gmt":"2021-07-03T17:00:47","slug":"inaugura-lopez-obrador-cuartel-de-la-guardia-nacional-en-pitiquito-sonora-habra-seis-en-la-entidad-anuncia","status":"publish","type":"post","link":"https:\/\/redamlo.com\/index.php\/2021\/07\/03\/inaugura-lopez-obrador-cuartel-de-la-guardia-nacional-en-pitiquito-sonora-habra-seis-en-la-entidad-anuncia\/","title":{"rendered":"Inaugura L\u00f3pez Obrador cuartel de la Guardia Nacional en Pitiquito, Sonora; habr\u00e1 seis en la entidad, anuncia"},"content":{"rendered":"<div id=\":e9\" class=\"Ar Au Ao\">\n<div id=\":e5\" class=\"Am Al editable LW-avf tS-tW tS-tY\" style=\"text-align: justify;\" tabindex=\"1\" role=\"textbox\" contenteditable=\"true\" spellcheck=\"false\" aria-label=\"Cuerpo del mensaje\" aria-multiline=\"true\">\n<p><span style=\"font-family: Arial, Helvetica, sans-serif; color: #000000;\">PITIQUITO, SON., 03 de julio de 2021.- El presidente de M\u00e9xico, Andr\u00e9s Manuel L\u00f3pez Obrador inaugur\u00f3 en Pitiquito una de las ocho instalaciones de la Guardia Nacional que habr\u00e1 en Sonora.<\/span><\/p>\n<p><span style=\"font-family: Arial, Helvetica, sans-serif; color: #000000;\">Inform\u00f3 que hay seis cuarteles construidos y dos en proceso en esa entidad, mientras que en todo el pa\u00eds ya son m\u00e1s de 160 concluidos y al final de este a\u00f1o se espera tener 266 a nivel nacional.<\/span><\/p>\n<p><span style=\"font-family: Arial, Helvetica, sans-serif; color: #000000;\">\u201cEs una nueva estrategia que consiste b\u00e1sicamente en territorializar todo lo relacionado con la seguridad p\u00fablica, tener estos cuarteles muy cerca de la gente para proteger a los ciudadanos. Esto no exist\u00eda, por eso hablo de una nueva estrategia\u201d, remarc\u00f3.<\/span><\/p>\n<p><span style=\"font-family: Arial, Helvetica, sans-serif; color: #000000;\">Afirm\u00f3 que la Guardia Nacional y las Fuerzas Armadas son estrat\u00e9gicas en el prop\u00f3sito de garantizar la paz y la tranquilidad en el pa\u00eds. A ello se suma el esfuerzo de generar oportunidades de desarrollo para la poblaci\u00f3n.<\/span><\/p>\n<p><span style=\"font-family: Arial, Helvetica, sans-serif; color: #000000;\">Asegur\u00f3 que s\u00ed se llevar\u00e1 a cabo el acto conmemorativo por el tercer aniversario de la Guardia Nacional que se suspendi\u00f3 por la lluvia del pasado mi\u00e9rcoles.<\/span><\/p>\n<p><span style=\"font-family: Arial, Helvetica, sans-serif; color: #000000;\">\u201cEn las \u00faltimas encuestas ya est\u00e1n en el 75 por ciento de aceptaci\u00f3n. As\u00ed las califica el pueblo de M\u00e9xico\u201d, enfatiz\u00f3.<\/span><\/p>\n<p><span style=\"font-family: Arial, Helvetica, sans-serif; color: #000000;\">El comandante de la Guardia Nacional, Luis Rodr\u00edguez Bucio, expuso que, de los ocho cuarteles en Sonora, ya se ha inaugurado tres en Bavispe, Moctezuma, Hermosillo y hoy se suma el de Pitiquito.<\/span><\/p>\n<p><span style=\"font-family: Arial, Helvetica, sans-serif; color: #000000;\">Hay dos m\u00e1s en Nogales y Cajeme y est\u00e1n en edificaci\u00f3n los de Guaymas y Navojoa.<\/span><\/p>\n<p><span style=\"font-family: Arial, Helvetica, sans-serif; color: #000000;\">\u201cSe trata de espacios dignos y funcionales cuya construcci\u00f3n responde a los principios de racionalidad y funcionalidad\u201d, asever\u00f3.<\/span><\/p>\n<p><span style=\"font-family: Arial, Helvetica, sans-serif; color: #000000;\">Acompa\u00f1aron al presidente, la gobernadora Claudia Artemiza Pavlovich Arellano; el presidente municipal de Pitiquito, Gumercindo Ruiz Liz\u00e1rraga y el gobernador electo, Alfonso Durazo Monta\u00f1o.<\/span><\/p>\n<p><span style=\"font-family: Arial, Helvetica, sans-serif; color: #000000;\">Por parte del gobierno federal, la secretaria de Seguridad y Protecci\u00f3n Ciudadana, Rosa Icela Rodr\u00edguez Vel\u00e1zquez; el secretario de la Defensa Nacional, Luis Cresencio Sandoval Gonz\u00e1lez; el secretario de Marina, Jos\u00e9 Rafael Ojeda Dur\u00e1n; la subsecretaria de Egresos de la Secretar\u00eda de Hacienda y Cr\u00e9dito P\u00fablico, Victoria Rodr\u00edguez Ceja; el secretario t\u00e9cnico del Gabinete de la Oficina de la Presidencia, Carlos Torres Rosas; el comandante de la II R. M., Celestino \u00c1vila Astudillo; el comandante 45\/a. Z. M., Francisco Javier Hern\u00e1ndez V\u00e9lez y el coordinador estatal de la Guardia Nacional en Sonora, Benedicto Santamar\u00eda Gonz\u00e1lez.<\/span><\/p>\n<p><iframe loading=\"lazy\" title=\"Inauguraci\u00f3n de instalaciones de la Guardia Nacional, desde Pitiquito, Sonora\" width=\"640\" height=\"360\" src=\"https:\/\/www.youtube.com\/embed\/QvMdJ-ctlsM?start=1161&#038;feature=oembed\" frameborder=\"0\" allow=\"accelerometer; autoplay; clipboard-write; encrypted-media; gyroscope; picture-in-picture; web-share\" referrerpolicy=\"strict-origin-when-cross-origin\" allowfullscreen><\/iframe><\/p>\n<\/div>\n<\/div>\n","protected":false},"excerpt":{"rendered":"<p>PITIQUITO, SON., 03 de julio de 2021.- El presidente de M\u00e9xico, Andr\u00e9s Manuel L\u00f3pez Obrador&#8230;<\/p>\n","protected":false},"author":2,"featured_media":4857,"comment_status":"open","ping_status":"closed","sticky":false,"template":"","format":"standard","meta":{"footnotes":""},"categories":[25,20,27],"tags":[1101,309,84,131,556,737,9,1102,125],"class_list":["post-4854","post","type-post","status-publish","format-standard","has-post-thumbnail","hentry","category-4t","category-nacionales","category-presidencia","tag-acto-conmemorativo","tag-alfonso-durazo","tag-amlo","tag-andres-manuel-lopez-obrador","tag-gobierno-de-mexico","tag-guardia-nacional","tag-mexico","tag-pitiquito","tag-sonora"],"yoast_head":"<!-- This site is optimized with the Yoast SEO plugin v27.5 - https:\/\/yoast.com\/product\/yoast-seo-wordpress\/ -->\n<title>Inaugura L\u00f3pez Obrador cuartel de la Guardia Nacional en Pitiquito, Sonora; habr\u00e1 seis en la entidad, anuncia - NOTICIAS DE LA 4T<\/title>\n<meta name=\"robots\" content=\"noindex, follow, max-snippet:-1, max-image-preview:large, max-video-preview:-1\" \/>\n<meta property=\"og:locale\" content=\"es_MX\" \/>\n<meta property=\"og:type\" content=\"article\" \/>\n<meta property=\"og:title\" content=\"Inaugura L\u00f3pez Obrador cuartel de la Guardia Nacional en Pitiquito, Sonora; habr\u00e1 seis en la entidad, anuncia - NOTICIAS DE LA 4T\" \/>\n<meta property=\"og:description\" content=\"PITIQUITO, SON., 03 de julio de 2021.- El presidente de M\u00e9xico, Andr\u00e9s Manuel L\u00f3pez Obrador...\" \/>\n<meta property=\"og:url\" content=\"https:\/\/redamlo.com\/index.php\/2021\/07\/03\/inaugura-lopez-obrador-cuartel-de-la-guardia-nacional-en-pitiquito-sonora-habra-seis-en-la-entidad-anuncia\/\" \/>\n<meta property=\"og:site_name\" content=\"NOTICIAS DE LA 4T\" \/>\n<meta property=\"article:published_time\" content=\"2021-07-03T17:00:47+00:00\" \/>\n<meta property=\"og:image\" content=\"https:\/\/redamlo.com\/wp-content\/uploads\/2021\/07\/Inaugura-Lopez-Obrador-cuartel-de-la-Guardia-Nacional-en-Pitiquito-Sonora-habra-seis-en-la-entidad-anuncia.jpg\" \/>\n\t<meta property=\"og:image:width\" content=\"1497\" \/>\n\t<meta property=\"og:image:height\" content=\"803\" \/>\n\t<meta property=\"og:image:type\" content=\"image\/jpeg\" \/>\n<meta name=\"author\" content=\"Blanca\" \/>\n<meta name=\"twitter:card\" content=\"summary_large_image\" \/>\n<meta name=\"twitter:label1\" content=\"Escrito por\" \/>\n\t<meta name=\"twitter:data1\" content=\"Blanca\" \/>\n\t<meta name=\"twitter:label2\" content=\"Tiempo de lectura\" \/>\n\t<meta name=\"twitter:data2\" content=\"2 minutos\" \/>\n<script type=\"application\/ld+json\" class=\"yoast-schema-graph\">{\"@context\":\"https:\\\/\\\/schema.org\",\"@graph\":[{\"@type\":\"Article\",\"@id\":\"https:\\\/\\\/redamlo.com\\\/index.php\\\/2021\\\/07\\\/03\\\/inaugura-lopez-obrador-cuartel-de-la-guardia-nacional-en-pitiquito-sonora-habra-seis-en-la-entidad-anuncia\\\/#article\",\"isPartOf\":{\"@id\":\"https:\\\/\\\/redamlo.com\\\/index.php\\\/2021\\\/07\\\/03\\\/inaugura-lopez-obrador-cuartel-de-la-guardia-nacional-en-pitiquito-sonora-habra-seis-en-la-entidad-anuncia\\\/\"},\"author\":{\"name\":\"Blanca\",\"@id\":\"https:\\\/\\\/redamlo.com\\\/#\\\/schema\\\/person\\\/7223a4375eb8f1a782fcae010a7115cf\"},\"headline\":\"Inaugura L\u00f3pez Obrador cuartel de la Guardia Nacional en Pitiquito, Sonora; habr\u00e1 seis en la entidad, anuncia\",\"datePublished\":\"2021-07-03T17:00:47+00:00\",\"mainEntityOfPage\":{\"@id\":\"https:\\\/\\\/redamlo.com\\\/index.php\\\/2021\\\/07\\\/03\\\/inaugura-lopez-obrador-cuartel-de-la-guardia-nacional-en-pitiquito-sonora-habra-seis-en-la-entidad-anuncia\\\/\"},\"wordCount\":448,\"commentCount\":0,\"publisher\":{\"@id\":\"https:\\\/\\\/redamlo.com\\\/#organization\"},\"image\":{\"@id\":\"https:\\\/\\\/redamlo.com\\\/index.php\\\/2021\\\/07\\\/03\\\/inaugura-lopez-obrador-cuartel-de-la-guardia-nacional-en-pitiquito-sonora-habra-seis-en-la-entidad-anuncia\\\/#primaryimage\"},\"thumbnailUrl\":\"https:\\\/\\\/redamlo.com\\\/wp-content\\\/uploads\\\/2021\\\/07\\\/Inaugura-Lopez-Obrador-cuartel-de-la-Guardia-Nacional-en-Pitiquito-Sonora-habra-seis-en-la-entidad-anuncia.jpg\",\"keywords\":[\"acto conmemorativo\",\"Alfonso Durazo\",\"AMLO\",\"Andr\u00e9s Manuel L\u00f3pez Obrador\",\"Gobierno de M\u00e9xico\",\"Guardia Nacional\",\"M\u00e9xico\",\"Pitiquito\",\"Sonora\"],\"articleSection\":[\"4T\",\"Nacionales\",\"Presidencia\"],\"inLanguage\":\"es\",\"potentialAction\":[{\"@type\":\"CommentAction\",\"name\":\"Comment\",\"target\":[\"https:\\\/\\\/redamlo.com\\\/index.php\\\/2021\\\/07\\\/03\\\/inaugura-lopez-obrador-cuartel-de-la-guardia-nacional-en-pitiquito-sonora-habra-seis-en-la-entidad-anuncia\\\/#respond\"]}]},{\"@type\":\"WebPage\",\"@id\":\"https:\\\/\\\/redamlo.com\\\/index.php\\\/2021\\\/07\\\/03\\\/inaugura-lopez-obrador-cuartel-de-la-guardia-nacional-en-pitiquito-sonora-habra-seis-en-la-entidad-anuncia\\\/\",\"url\":\"https:\\\/\\\/redamlo.com\\\/index.php\\\/2021\\\/07\\\/03\\\/inaugura-lopez-obrador-cuartel-de-la-guardia-nacional-en-pitiquito-sonora-habra-seis-en-la-entidad-anuncia\\\/\",\"name\":\"Inaugura L\u00f3pez Obrador cuartel de la Guardia Nacional en Pitiquito, Sonora; habr\u00e1 seis en la entidad, anuncia - NOTICIAS DE LA 4T\",\"isPartOf\":{\"@id\":\"https:\\\/\\\/redamlo.com\\\/#website\"},\"primaryImageOfPage\":{\"@id\":\"https:\\\/\\\/redamlo.com\\\/index.php\\\/2021\\\/07\\\/03\\\/inaugura-lopez-obrador-cuartel-de-la-guardia-nacional-en-pitiquito-sonora-habra-seis-en-la-entidad-anuncia\\\/#primaryimage\"},\"image\":{\"@id\":\"https:\\\/\\\/redamlo.com\\\/index.php\\\/2021\\\/07\\\/03\\\/inaugura-lopez-obrador-cuartel-de-la-guardia-nacional-en-pitiquito-sonora-habra-seis-en-la-entidad-anuncia\\\/#primaryimage\"},\"thumbnailUrl\":\"https:\\\/\\\/redamlo.com\\\/wp-content\\\/uploads\\\/2021\\\/07\\\/Inaugura-Lopez-Obrador-cuartel-de-la-Guardia-Nacional-en-Pitiquito-Sonora-habra-seis-en-la-entidad-anuncia.jpg\",\"datePublished\":\"2021-07-03T17:00:47+00:00\",\"breadcrumb\":{\"@id\":\"https:\\\/\\\/redamlo.com\\\/index.php\\\/2021\\\/07\\\/03\\\/inaugura-lopez-obrador-cuartel-de-la-guardia-nacional-en-pitiquito-sonora-habra-seis-en-la-entidad-anuncia\\\/#breadcrumb\"},\"inLanguage\":\"es\",\"potentialAction\":[{\"@type\":\"ReadAction\",\"target\":[\"https:\\\/\\\/redamlo.com\\\/index.php\\\/2021\\\/07\\\/03\\\/inaugura-lopez-obrador-cuartel-de-la-guardia-nacional-en-pitiquito-sonora-habra-seis-en-la-entidad-anuncia\\\/\"]}]},{\"@type\":\"ImageObject\",\"inLanguage\":\"es\",\"@id\":\"https:\\\/\\\/redamlo.com\\\/index.php\\\/2021\\\/07\\\/03\\\/inaugura-lopez-obrador-cuartel-de-la-guardia-nacional-en-pitiquito-sonora-habra-seis-en-la-entidad-anuncia\\\/#primaryimage\",\"url\":\"https:\\\/\\\/redamlo.com\\\/wp-content\\\/uploads\\\/2021\\\/07\\\/Inaugura-Lopez-Obrador-cuartel-de-la-Guardia-Nacional-en-Pitiquito-Sonora-habra-seis-en-la-entidad-anuncia.jpg\",\"contentUrl\":\"https:\\\/\\\/redamlo.com\\\/wp-content\\\/uploads\\\/2021\\\/07\\\/Inaugura-Lopez-Obrador-cuartel-de-la-Guardia-Nacional-en-Pitiquito-Sonora-habra-seis-en-la-entidad-anuncia.jpg\",\"width\":1497,\"height\":803},{\"@type\":\"BreadcrumbList\",\"@id\":\"https:\\\/\\\/redamlo.com\\\/index.php\\\/2021\\\/07\\\/03\\\/inaugura-lopez-obrador-cuartel-de-la-guardia-nacional-en-pitiquito-sonora-habra-seis-en-la-entidad-anuncia\\\/#breadcrumb\",\"itemListElement\":[{\"@type\":\"ListItem\",\"position\":1,\"name\":\"Inicio\",\"item\":\"https:\\\/\\\/redamlo.com\\\/\"},{\"@type\":\"ListItem\",\"position\":2,\"name\":\"Inaugura L\u00f3pez Obrador cuartel de la Guardia Nacional en Pitiquito, Sonora; habr\u00e1 seis en la entidad, anuncia\"}]},{\"@type\":\"WebSite\",\"@id\":\"https:\\\/\\\/redamlo.com\\\/#website\",\"url\":\"https:\\\/\\\/redamlo.com\\\/\",\"name\":\"NOTICIAS DE LA 4T\",\"description\":\"\",\"publisher\":{\"@id\":\"https:\\\/\\\/redamlo.com\\\/#organization\"},\"potentialAction\":[{\"@type\":\"SearchAction\",\"target\":{\"@type\":\"EntryPoint\",\"urlTemplate\":\"https:\\\/\\\/redamlo.com\\\/?s={search_term_string}\"},\"query-input\":{\"@type\":\"PropertyValueSpecification\",\"valueRequired\":true,\"valueName\":\"search_term_string\"}}],\"inLanguage\":\"es\"},{\"@type\":\"Organization\",\"@id\":\"https:\\\/\\\/redamlo.com\\\/#organization\",\"name\":\"NOTICIAS DE LA 4T\",\"url\":\"https:\\\/\\\/redamlo.com\\\/\",\"logo\":{\"@type\":\"ImageObject\",\"inLanguage\":\"es\",\"@id\":\"https:\\\/\\\/redamlo.com\\\/#\\\/schema\\\/logo\\\/image\\\/\",\"url\":\"https:\\\/\\\/redamlo.com\\\/wp-content\\\/uploads\\\/2024\\\/08\\\/cropped-RED-AMLO-logo-50.png\",\"contentUrl\":\"https:\\\/\\\/redamlo.com\\\/wp-content\\\/uploads\\\/2024\\\/08\\\/cropped-RED-AMLO-logo-50.png\",\"width\":256,\"height\":256,\"caption\":\"NOTICIAS DE LA 4T\"},\"image\":{\"@id\":\"https:\\\/\\\/redamlo.com\\\/#\\\/schema\\\/logo\\\/image\\\/\"}},{\"@type\":\"Person\",\"@id\":\"https:\\\/\\\/redamlo.com\\\/#\\\/schema\\\/person\\\/7223a4375eb8f1a782fcae010a7115cf\",\"name\":\"Blanca\",\"image\":{\"@type\":\"ImageObject\",\"inLanguage\":\"es\",\"@id\":\"https:\\\/\\\/secure.gravatar.com\\\/avatar\\\/3f79bc8336367a4e6093eae8757acaaf61d1124834b905616de7829b0273426d?s=96&d=mm&r=g\",\"url\":\"https:\\\/\\\/secure.gravatar.com\\\/avatar\\\/3f79bc8336367a4e6093eae8757acaaf61d1124834b905616de7829b0273426d?s=96&d=mm&r=g\",\"contentUrl\":\"https:\\\/\\\/secure.gravatar.com\\\/avatar\\\/3f79bc8336367a4e6093eae8757acaaf61d1124834b905616de7829b0273426d?s=96&d=mm&r=g\",\"caption\":\"Blanca\"},\"url\":\"https:\\\/\\\/redamlo.com\\\/index.php\\\/author\\\/blanca\\\/\"}]}<\/script>\n<!-- \/ Yoast SEO plugin. -->","yoast_head_json":{"title":"Inaugura L\u00f3pez Obrador cuartel de la Guardia Nacional en Pitiquito, Sonora; habr\u00e1 seis en la entidad, anuncia - NOTICIAS DE LA 4T","robots":{"index":"noindex","follow":"follow","max-snippet":"max-snippet:-1","max-image-preview":"max-image-preview:large","max-video-preview":"max-video-preview:-1"},"og_locale":"es_MX","og_type":"article","og_title":"Inaugura L\u00f3pez Obrador cuartel de la Guardia Nacional en Pitiquito, Sonora; habr\u00e1 seis en la entidad, anuncia - NOTICIAS DE LA 4T","og_description":"PITIQUITO, SON., 03 de julio de 2021.- El presidente de M\u00e9xico, Andr\u00e9s Manuel L\u00f3pez Obrador...","og_url":"https:\/\/redamlo.com\/index.php\/2021\/07\/03\/inaugura-lopez-obrador-cuartel-de-la-guardia-nacional-en-pitiquito-sonora-habra-seis-en-la-entidad-anuncia\/","og_site_name":"NOTICIAS DE LA 4T","article_published_time":"2021-07-03T17:00:47+00:00","og_image":[{"width":1497,"height":803,"url":"https:\/\/redamlo.com\/wp-content\/uploads\/2021\/07\/Inaugura-Lopez-Obrador-cuartel-de-la-Guardia-Nacional-en-Pitiquito-Sonora-habra-seis-en-la-entidad-anuncia.jpg","type":"image\/jpeg"}],"author":"Blanca","twitter_card":"summary_large_image","twitter_misc":{"Escrito por":"Blanca","Tiempo de lectura":"2 minutos"},"schema":{"@context":"https:\/\/schema.org","@graph":[{"@type":"Article","@id":"https:\/\/redamlo.com\/index.php\/2021\/07\/03\/inaugura-lopez-obrador-cuartel-de-la-guardia-nacional-en-pitiquito-sonora-habra-seis-en-la-entidad-anuncia\/#article","isPartOf":{"@id":"https:\/\/redamlo.com\/index.php\/2021\/07\/03\/inaugura-lopez-obrador-cuartel-de-la-guardia-nacional-en-pitiquito-sonora-habra-seis-en-la-entidad-anuncia\/"},"author":{"name":"Blanca","@id":"https:\/\/redamlo.com\/#\/schema\/person\/7223a4375eb8f1a782fcae010a7115cf"},"headline":"Inaugura L\u00f3pez Obrador cuartel de la Guardia Nacional en Pitiquito, Sonora; habr\u00e1 seis en la entidad, anuncia","datePublished":"2021-07-03T17:00:47+00:00","mainEntityOfPage":{"@id":"https:\/\/redamlo.com\/index.php\/2021\/07\/03\/inaugura-lopez-obrador-cuartel-de-la-guardia-nacional-en-pitiquito-sonora-habra-seis-en-la-entidad-anuncia\/"},"wordCount":448,"commentCount":0,"publisher":{"@id":"https:\/\/redamlo.com\/#organization"},"image":{"@id":"https:\/\/redamlo.com\/index.php\/2021\/07\/03\/inaugura-lopez-obrador-cuartel-de-la-guardia-nacional-en-pitiquito-sonora-habra-seis-en-la-entidad-anuncia\/#primaryimage"},"thumbnailUrl":"https:\/\/redamlo.com\/wp-content\/uploads\/2021\/07\/Inaugura-Lopez-Obrador-cuartel-de-la-Guardia-Nacional-en-Pitiquito-Sonora-habra-seis-en-la-entidad-anuncia.jpg","keywords":["acto conmemorativo","Alfonso Durazo","AMLO","Andr\u00e9s Manuel L\u00f3pez Obrador","Gobierno de M\u00e9xico","Guardia Nacional","M\u00e9xico","Pitiquito","Sonora"],"articleSection":["4T","Nacionales","Presidencia"],"inLanguage":"es","potentialAction":[{"@type":"CommentAction","name":"Comment","target":["https:\/\/redamlo.com\/index.php\/2021\/07\/03\/inaugura-lopez-obrador-cuartel-de-la-guardia-nacional-en-pitiquito-sonora-habra-seis-en-la-entidad-anuncia\/#respond"]}]},{"@type":"WebPage","@id":"https:\/\/redamlo.com\/index.php\/2021\/07\/03\/inaugura-lopez-obrador-cuartel-de-la-guardia-nacional-en-pitiquito-sonora-habra-seis-en-la-entidad-anuncia\/","url":"https:\/\/redamlo.com\/index.php\/2021\/07\/03\/inaugura-lopez-obrador-cuartel-de-la-guardia-nacional-en-pitiquito-sonora-habra-seis-en-la-entidad-anuncia\/","name":"Inaugura L\u00f3pez Obrador cuartel de la Guardia Nacional en Pitiquito, Sonora; habr\u00e1 seis en la entidad, anuncia - NOTICIAS DE LA 4T","isPartOf":{"@id":"https:\/\/redamlo.com\/#website"},"primaryImageOfPage":{"@id":"https:\/\/redamlo.com\/index.php\/2021\/07\/03\/inaugura-lopez-obrador-cuartel-de-la-guardia-nacional-en-pitiquito-sonora-habra-seis-en-la-entidad-anuncia\/#primaryimage"},"image":{"@id":"https:\/\/redamlo.com\/index.php\/2021\/07\/03\/inaugura-lopez-obrador-cuartel-de-la-guardia-nacional-en-pitiquito-sonora-habra-seis-en-la-entidad-anuncia\/#primaryimage"},"thumbnailUrl":"https:\/\/redamlo.com\/wp-content\/uploads\/2021\/07\/Inaugura-Lopez-Obrador-cuartel-de-la-Guardia-Nacional-en-Pitiquito-Sonora-habra-seis-en-la-entidad-anuncia.jpg","datePublished":"2021-07-03T17:00:47+00:00","breadcrumb":{"@id":"https:\/\/redamlo.com\/index.php\/2021\/07\/03\/inaugura-lopez-obrador-cuartel-de-la-guardia-nacional-en-pitiquito-sonora-habra-seis-en-la-entidad-anuncia\/#breadcrumb"},"inLanguage":"es","potentialAction":[{"@type":"ReadAction","target":["https:\/\/redamlo.com\/index.php\/2021\/07\/03\/inaugura-lopez-obrador-cuartel-de-la-guardia-nacional-en-pitiquito-sonora-habra-seis-en-la-entidad-anuncia\/"]}]},{"@type":"ImageObject","inLanguage":"es","@id":"https:\/\/redamlo.com\/index.php\/2021\/07\/03\/inaugura-lopez-obrador-cuartel-de-la-guardia-nacional-en-pitiquito-sonora-habra-seis-en-la-entidad-anuncia\/#primaryimage","url":"https:\/\/redamlo.com\/wp-content\/uploads\/2021\/07\/Inaugura-Lopez-Obrador-cuartel-de-la-Guardia-Nacional-en-Pitiquito-Sonora-habra-seis-en-la-entidad-anuncia.jpg","contentUrl":"https:\/\/redamlo.com\/wp-content\/uploads\/2021\/07\/Inaugura-Lopez-Obrador-cuartel-de-la-Guardia-Nacional-en-Pitiquito-Sonora-habra-seis-en-la-entidad-anuncia.jpg","width":1497,"height":803},{"@type":"BreadcrumbList","@id":"https:\/\/redamlo.com\/index.php\/2021\/07\/03\/inaugura-lopez-obrador-cuartel-de-la-guardia-nacional-en-pitiquito-sonora-habra-seis-en-la-entidad-anuncia\/#breadcrumb","itemListElement":[{"@type":"ListItem","position":1,"name":"Inicio","item":"https:\/\/redamlo.com\/"},{"@type":"ListItem","position":2,"name":"Inaugura L\u00f3pez Obrador cuartel de la Guardia Nacional en Pitiquito, Sonora; habr\u00e1 seis en la entidad, anuncia"}]},{"@type":"WebSite","@id":"https:\/\/redamlo.com\/#website","url":"https:\/\/redamlo.com\/","name":"NOTICIAS DE LA 4T","description":"","publisher":{"@id":"https:\/\/redamlo.com\/#organization"},"potentialAction":[{"@type":"SearchAction","target":{"@type":"EntryPoint","urlTemplate":"https:\/\/redamlo.com\/?s={search_term_string}"},"query-input":{"@type":"PropertyValueSpecification","valueRequired":true,"valueName":"search_term_string"}}],"inLanguage":"es"},{"@type":"Organization","@id":"https:\/\/redamlo.com\/#organization","name":"NOTICIAS DE LA 4T","url":"https:\/\/redamlo.com\/","logo":{"@type":"ImageObject","inLanguage":"es","@id":"https:\/\/redamlo.com\/#\/schema\/logo\/image\/","url":"https:\/\/redamlo.com\/wp-content\/uploads\/2024\/08\/cropped-RED-AMLO-logo-50.png","contentUrl":"https:\/\/redamlo.com\/wp-content\/uploads\/2024\/08\/cropped-RED-AMLO-logo-50.png","width":256,"height":256,"caption":"NOTICIAS DE LA 4T"},"image":{"@id":"https:\/\/redamlo.com\/#\/schema\/logo\/image\/"}},{"@type":"Person","@id":"https:\/\/redamlo.com\/#\/schema\/person\/7223a4375eb8f1a782fcae010a7115cf","name":"Blanca","image":{"@type":"ImageObject","inLanguage":"es","@id":"https:\/\/secure.gravatar.com\/avatar\/3f79bc8336367a4e6093eae8757acaaf61d1124834b905616de7829b0273426d?s=96&d=mm&r=g","url":"https:\/\/secure.gravatar.com\/avatar\/3f79bc8336367a4e6093eae8757acaaf61d1124834b905616de7829b0273426d?s=96&d=mm&r=g","contentUrl":"https:\/\/secure.gravatar.com\/avatar\/3f79bc8336367a4e6093eae8757acaaf61d1124834b905616de7829b0273426d?s=96&d=mm&r=g","caption":"Blanca"},"url":"https:\/\/redamlo.com\/index.php\/author\/blanca\/"}]}},"_links":{"self":[{"href":"https:\/\/redamlo.com\/index.php\/wp-json\/wp\/v2\/posts\/4854","targetHints":{"allow":["GET"]}}],"collection":[{"href":"https:\/\/redamlo.com\/index.php\/wp-json\/wp\/v2\/posts"}],"about":[{"href":"https:\/\/redamlo.com\/index.php\/wp-json\/wp\/v2\/types\/post"}],"author":[{"embeddable":true,"href":"https:\/\/redamlo.com\/index.php\/wp-json\/wp\/v2\/users\/2"}],"replies":[{"embeddable":true,"href":"https:\/\/redamlo.com\/index.php\/wp-json\/wp\/v2\/comments?post=4854"}],"version-history":[{"count":0,"href":"https:\/\/redamlo.com\/index.php\/wp-json\/wp\/v2\/posts\/4854\/revisions"}],"wp:featuredmedia":[{"embeddable":true,"href":"https:\/\/redamlo.com\/index.php\/wp-json\/wp\/v2\/media\/4857"}],"wp:attachment":[{"href":"https:\/\/redamlo.com\/index.php\/wp-json\/wp\/v2\/media?parent=4854"}],"wp:term":[{"taxonomy":"category","embeddable":true,"href":"https:\/\/redamlo.com\/index.php\/wp-json\/wp\/v2\/categories?post=4854"},{"taxonomy":"post_tag","embeddable":true,"href":"https:\/\/redamlo.com\/index.php\/wp-json\/wp\/v2\/tags?post=4854"}],"curies":[{"name":"wp","href":"https:\/\/api.w.org\/{rel}","templated":true}]}}