{"id":485,"date":"2019-09-28T23:31:50","date_gmt":"2019-09-29T04:31:50","guid":{"rendered":"http:\/\/redamlo.com\/?p=485"},"modified":"2019-09-28T23:31:50","modified_gmt":"2019-09-29T04:31:50","slug":"a-5-anos-de-la-desaparicion-de-los-43-autoridades-de-la-fes-acatlan-agreden-a-los-estudiantes-que-organizaron-asamblea","status":"publish","type":"post","link":"https:\/\/redamlo.com\/index.php\/2019\/09\/28\/a-5-anos-de-la-desaparicion-de-los-43-autoridades-de-la-fes-acatlan-agreden-a-los-estudiantes-que-organizaron-asamblea\/","title":{"rendered":"A 5 a\u00f1os de la desaparici\u00f3n de los 43, autoridades de la FES  Acatl\u00e1n, agreden a los estudiantes que organizaron asamblea"},"content":{"rendered":"<p><strong>Cdmx Press\u00ae.- Ciudad de M\u00e9xico a 28 de septiebre 2019.<\/strong><\/p>\n<p>A 5 a\u00f1os de la desaparici\u00f3n de los 43, autoridades de la FES Acatl\u00e1n, agreden a los estudiantes que organizaron asamblea.<\/p>\n<p>Un funcionario de la Facultad de Estudios Superiores (FES) Acatl\u00e1n de la UNAM agredi\u00f3 a un estudiante cuando este y otro grupo de compa\u00f1eros trataban de tomar las instalaciones del plantel, luego de que decidieran apoyar la jornada global de lucha por los 43 estudiantes desaparecidos de Ayotzinapa, Guerrero hace exactamente cinco a\u00f1os.<\/p>\n<p>Ante la negativa de los funcionarios, un grupo de estudiantes se aglomero en las escaleras, y en ese momento uno de los dirigentes estudiantiles, fue tomado por el cuello, por un directivo, que intento evitar su ingreso a la direcci\u00f3n.<\/p>\n<p>El d\u00eda jueves a las 10 se hab\u00eda convocado a una asamblea para votar algunas cuestiones sobre algunas inquietudes que tenemos, pero dentro de esas votaciones estaba la propuesta de hacer un \u201cParo\u201d de 48 horas, para que pudi\u00e9semos acudir a la marcha que se hizo para conmemorar los 5 a\u00f1os de la desaparici\u00f3n de los 43 compa\u00f1eros normalistas, finalmente se hizo la votaci\u00f3n y gan\u00f3 el paro de 48 horas.<\/p>\n<p>Cuando est\u00e1bamos yendo hacia gobierno, de la facultad, aparecieron unos compa\u00f1eros que empezaron a decirnos que la votaci\u00f3n era Anti democr\u00e1tica entonces los funcionarios salieron y no nos dejaban subir las escaleras de la direcci\u00f3n, de fondo grit\u00e1bamos \u201cNo a la violencia\u201d, pero fue en ese mismo momento cuando est\u00e9 presunto funcionario empez\u00f3 a agredir al compa\u00f1ero tom\u00e1ndolo as\u00ed del cuello intentando ahorcarlo.<\/p>\n<p>Tambi\u00e9n nos pudimos percatar que al inicio de las escaleras igual empezaron a dar patadas para que no pudi\u00e9ramos subir a la direcci\u00f3n.<\/p>\n<p>Todo lo contrario a lo declarado por las Autoridades del plantel hecho ante los medios de comunicaci\u00f3n.<\/p>\n<p>&nbsp;<\/p>\n<p><iframe loading=\"lazy\" src=\"https:\/\/www.youtube.com\/embed\/qWp6mW7Q5i0\" width=\"100%\" height=\"315\" frameborder=\"0\" allowfullscreen=\"allowfullscreen\" data-mce-fragment=\"1\"><\/iframe><\/p>\n<p>&nbsp;<\/p>\n<p>&nbsp;<\/p>\n<div class=\"SandboxRoot env-bp-350\" data-twitter-event-id=\"0\">\n<div id=\"twitter-widget-1\" class=\"EmbeddedTweet EmbeddedTweet--cta js-clickToOpenTarget\" lang=\"es\" data-click-to-open-target=\"https:\/\/twitter.com\/la_feminasty\/status\/1177274754648223755\" data-iframe-title=\"Tweet de Twitter\" data-scribe=\"page:tweet\" data-twitter-event-id=\"2\">\n<div class=\"EmbeddedTweet-tweetContainer\">\n<div class=\"EmbeddedTweet-tweet\">\n<blockquote class=\"Tweet h-entry js-tweetIdInfo subject expanded\" cite=\"https:\/\/twitter.com\/la_feminasty\/status\/1177274754648223755\" data-tweet-id=\"1177274754648223755\" data-scribe=\"section:subject\">\n<div class=\"Tweet-header\">\n<p><a class=\"TweetAuthor-avatar Identity-avatar u-linkBlend\" href=\"https:\/\/twitter.com\/la_feminasty\" data-scribe=\"element:user_link\" aria-label=\"Julieta (nombre de pantalla: la_feminasty)\"><img decoding=\"async\" class=\"Avatar\" src=\"https:\/\/pbs.twimg.com\/profile_images\/1178008239805550595\/Djie8Ovt_normal.jpg\" alt=\"\" data-scribe=\"element:avatar\" data-src-2x=\"https:\/\/pbs.twimg.com\/profile_images\/1178008239805550595\/Djie8Ovt_bigger.jpg\" data-src-1x=\"https:\/\/pbs.twimg.com\/profile_images\/1178008239805550595\/Djie8Ovt_normal.jpg\" \/><\/a><\/p>\n<div class=\"TweetAuthor js-inViewportScribingTarget\" data-scribe=\"component:author\">\n<div class=\"TweetAuthor-nameScreenNameContainer\"><span class=\"TweetAuthor-decoratedName\"><span class=\"TweetAuthor-name Identity-name customisable-highlight\" title=\"Julieta\" data-scribe=\"element:name\">Julieta<\/span><\/span><span class=\"TweetAuthor-screenName Identity-screenName\" dir=\"ltr\" title=\"@la_feminasty\" data-scribe=\"element:screen_name\">@la_feminasty<\/span><\/div>\n<\/div>\n<div class=\"Tweet-brand\">\n<div class=\"Icon Icon--twitter \" title=\"Ver en Twitter\" role=\"presentation\" aria-label=\"Ver en Twitter\"><\/div>\n<\/div>\n<\/div>\n<div class=\"Tweet-body e-entry-content\" data-scribe=\"component:tweet\">\n<div class=\"Tweet-target js-inViewportScribingTarget\"><\/div>\n<p class=\"Tweet-text e-entry-title\" dir=\"ltr\" lang=\"es\">Aqu\u00ed podemos ver como las autoridades de FES Acatl\u00e1n son violentas y lo que menos hacen es protegernos.<\/p>\n<div class=\"Tweet-card\">\n<article class=\"MediaCard cards-multimedia customisable-border\" dir=\"ltr\" data-scribe=\"component:card\">\n<div class=\"MediaCard-media\">\n<div class=\"MediaCard-widthConstraint js-cspForcedStyle\" data-style=\"max-width: 2000px\">\n<div class=\"MediaCard-mediaContainer MediaCard--roundedTop MediaCard--roundedBottom js-cspForcedStyle\" data-style=\"padding-bottom: 100.0000%\">\n<div class=\"NaturalImage-ctaOverlay PlayButton PlayButton--centered\" data-scribe=\"element:play_button\">\n<div class=\"Icon Icon--playCircle \" title=\"Reproducir contenido multimedia\" role=\"img\" aria-label=\"Reproducir contenido multimedia\"><\/div>\n<\/div>\n<p><a class=\"MediaCard-mediaAsset MediaCard-mediaPlaceholder NaturalImage NaturalImage--fill js-playableMediaInterstitial\" href=\"https:\/\/twitter.com\/la_feminasty\/status\/1177274754648223755\"><img decoding=\"async\" class=\"NaturalImage-image\" src=\"https:\/\/pbs.twimg.com\/ext_tw_video_thumb\/1177273037659496449\/pu\/img\/xNlr0xFsZ4_qT2P5?format=jpg&amp;name=small\" alt=\"Video insertado\" data-image=\"https:\/\/pbs.twimg.com\/ext_tw_video_thumb\/1177273037659496449\/pu\/img\/xNlr0xFsZ4_qT2P5\" data-scribe=\"element:poster_image\" \/><\/a><\/p>\n<\/div>\n<\/div>\n<\/div>\n<\/article>\n<\/div>\n<div class=\"TweetInfo\">\n<div class=\"TweetInfo-like\">\n<div data-scribe=\"element:heart\">\n<div class=\"Icon Icon--heart \" title=\"Me gusta\" role=\"img\" aria-label=\"Me gusta\"><\/div>\n<\/div>\n<p><a class=\"TweetInfo-heart\" title=\"Me gusta\" href=\"https:\/\/twitter.com\/intent\/like?tweet_id=1177274754648223755\" data-scribe=\"component:actions\"><span class=\"TweetInfo-heartStat\" data-scribe=\"element:heart_count\">24<\/span><\/a><\/p>\n<\/div>\n<div class=\"TweetInfo-timeGeo\"><a class=\"u-linkBlend u-url customisable-highlight long-permalink\" href=\"https:\/\/twitter.com\/la_feminasty\/status\/1177274754648223755\" data-datetime=\"2019-09-26T17:32:28+0000\" data-scribe=\"element:full_timestamp\"><time class=\"dt-updated\" title=\"Publicado a las: 26 de septiembre de 2019 17:32:28 (UTC)\" datetime=\"2019-09-26T17:32:28+0000\">12:32 &#8211; 26 sept. 2019<\/time><\/a><\/div>\n<div class=\"tweet-InformationCircle\" data-scribe=\"element:notice\"><a class=\"Icon Icon--informationCircleWhite js-inViewportScribingTarget\" title=\"Informaci\u00f3n y privacidad de Twitter Ads\" href=\"https:\/\/support.twitter.com\/articles\/20175256\"><span class=\"u-hiddenVisually\">Informaci\u00f3n y privacidad de Twitter Ads<\/span><\/a><\/div>\n<\/div>\n<\/div>\n<\/blockquote>\n<\/div>\n<div class=\"CallToAction-icon\" data-scribe=\"element:conversation_icon\">\n<div class=\"Icon Icon--replyCTA \" title=\"Ver conversaci\u00f3n en Twitter\" role=\"img\" aria-label=\"Ver conversaci\u00f3n en Twitter\"><\/div>\n<\/div>\n<div class=\"CallToAction-text\" data-scribe=\"element:conversation_text\">18 personas est\u00e1n hablando de esto<\/div>\n<div class=\"CallToAction-chevron\" data-scribe=\"element:cta_chevron\"><\/div>\n<\/div>\n<\/div>\n<\/div>\n","protected":false},"excerpt":{"rendered":"<p>Cdmx Press\u00ae.- Ciudad de M\u00e9xico a 28 de septiebre 2019. A 5 a\u00f1os de la&#8230;<\/p>\n","protected":false},"author":2,"featured_media":487,"comment_status":"open","ping_status":"closed","sticky":false,"template":"","format":"standard","meta":{"footnotes":""},"categories":[20],"tags":[],"class_list":["post-485","post","type-post","status-publish","format-standard","has-post-thumbnail","hentry","category-nacionales"],"yoast_head":"<!-- This site is optimized with the Yoast SEO plugin v27.5 - https:\/\/yoast.com\/product\/yoast-seo-wordpress\/ -->\n<title>A 5 a\u00f1os de la desaparici\u00f3n de los 43, autoridades de la FES Acatl\u00e1n, agreden a los estudiantes que organizaron asamblea - NOTICIAS DE LA 4T<\/title>\n<meta name=\"robots\" content=\"noindex, follow, max-snippet:-1, max-image-preview:large, max-video-preview:-1\" \/>\n<meta property=\"og:locale\" content=\"es_MX\" \/>\n<meta property=\"og:type\" content=\"article\" \/>\n<meta property=\"og:title\" content=\"A 5 a\u00f1os de la desaparici\u00f3n de los 43, autoridades de la FES Acatl\u00e1n, agreden a los estudiantes que organizaron asamblea - NOTICIAS DE LA 4T\" \/>\n<meta property=\"og:description\" content=\"Cdmx Press\u00ae.- Ciudad de M\u00e9xico a 28 de septiebre 2019. A 5 a\u00f1os de la...\" \/>\n<meta property=\"og:url\" content=\"https:\/\/redamlo.com\/index.php\/2019\/09\/28\/a-5-anos-de-la-desaparicion-de-los-43-autoridades-de-la-fes-acatlan-agreden-a-los-estudiantes-que-organizaron-asamblea\/\" \/>\n<meta property=\"og:site_name\" content=\"NOTICIAS DE LA 4T\" \/>\n<meta property=\"article:published_time\" content=\"2019-09-29T04:31:50+00:00\" \/>\n<meta property=\"og:image\" content=\"https:\/\/redamlo.com\/wp-content\/uploads\/2019\/09\/fest-acatlan-unam-cdmxpress-1-1.jpg\" \/>\n\t<meta property=\"og:image:width\" content=\"496\" \/>\n\t<meta property=\"og:image:height\" content=\"550\" \/>\n\t<meta property=\"og:image:type\" content=\"image\/jpeg\" \/>\n<meta name=\"author\" content=\"Blanca\" \/>\n<meta name=\"twitter:card\" content=\"summary_large_image\" \/>\n<meta name=\"twitter:label1\" content=\"Escrito por\" \/>\n\t<meta name=\"twitter:data1\" content=\"Blanca\" \/>\n\t<meta name=\"twitter:label2\" content=\"Tiempo de lectura\" \/>\n\t<meta name=\"twitter:data2\" content=\"2 minutos\" \/>\n<script type=\"application\/ld+json\" class=\"yoast-schema-graph\">{\"@context\":\"https:\\\/\\\/schema.org\",\"@graph\":[{\"@type\":\"Article\",\"@id\":\"https:\\\/\\\/redamlo.com\\\/index.php\\\/2019\\\/09\\\/28\\\/a-5-anos-de-la-desaparicion-de-los-43-autoridades-de-la-fes-acatlan-agreden-a-los-estudiantes-que-organizaron-asamblea\\\/#article\",\"isPartOf\":{\"@id\":\"https:\\\/\\\/redamlo.com\\\/index.php\\\/2019\\\/09\\\/28\\\/a-5-anos-de-la-desaparicion-de-los-43-autoridades-de-la-fes-acatlan-agreden-a-los-estudiantes-que-organizaron-asamblea\\\/\"},\"author\":{\"name\":\"Blanca\",\"@id\":\"https:\\\/\\\/redamlo.com\\\/#\\\/schema\\\/person\\\/7223a4375eb8f1a782fcae010a7115cf\"},\"headline\":\"A 5 a\u00f1os de la desaparici\u00f3n de los 43, autoridades de la FES Acatl\u00e1n, agreden a los estudiantes que organizaron asamblea\",\"datePublished\":\"2019-09-29T04:31:50+00:00\",\"mainEntityOfPage\":{\"@id\":\"https:\\\/\\\/redamlo.com\\\/index.php\\\/2019\\\/09\\\/28\\\/a-5-anos-de-la-desaparicion-de-los-43-autoridades-de-la-fes-acatlan-agreden-a-los-estudiantes-que-organizaron-asamblea\\\/\"},\"wordCount\":378,\"commentCount\":0,\"publisher\":{\"@id\":\"https:\\\/\\\/redamlo.com\\\/#organization\"},\"image\":{\"@id\":\"https:\\\/\\\/redamlo.com\\\/index.php\\\/2019\\\/09\\\/28\\\/a-5-anos-de-la-desaparicion-de-los-43-autoridades-de-la-fes-acatlan-agreden-a-los-estudiantes-que-organizaron-asamblea\\\/#primaryimage\"},\"thumbnailUrl\":\"https:\\\/\\\/redamlo.com\\\/wp-content\\\/uploads\\\/2019\\\/09\\\/fest-acatlan-unam-cdmxpress-1-1.jpg\",\"articleSection\":[\"Nacionales\"],\"inLanguage\":\"es\",\"potentialAction\":[{\"@type\":\"CommentAction\",\"name\":\"Comment\",\"target\":[\"https:\\\/\\\/redamlo.com\\\/index.php\\\/2019\\\/09\\\/28\\\/a-5-anos-de-la-desaparicion-de-los-43-autoridades-de-la-fes-acatlan-agreden-a-los-estudiantes-que-organizaron-asamblea\\\/#respond\"]}]},{\"@type\":\"WebPage\",\"@id\":\"https:\\\/\\\/redamlo.com\\\/index.php\\\/2019\\\/09\\\/28\\\/a-5-anos-de-la-desaparicion-de-los-43-autoridades-de-la-fes-acatlan-agreden-a-los-estudiantes-que-organizaron-asamblea\\\/\",\"url\":\"https:\\\/\\\/redamlo.com\\\/index.php\\\/2019\\\/09\\\/28\\\/a-5-anos-de-la-desaparicion-de-los-43-autoridades-de-la-fes-acatlan-agreden-a-los-estudiantes-que-organizaron-asamblea\\\/\",\"name\":\"A 5 a\u00f1os de la desaparici\u00f3n de los 43, autoridades de la FES Acatl\u00e1n, agreden a los estudiantes que organizaron asamblea - NOTICIAS DE LA 4T\",\"isPartOf\":{\"@id\":\"https:\\\/\\\/redamlo.com\\\/#website\"},\"primaryImageOfPage\":{\"@id\":\"https:\\\/\\\/redamlo.com\\\/index.php\\\/2019\\\/09\\\/28\\\/a-5-anos-de-la-desaparicion-de-los-43-autoridades-de-la-fes-acatlan-agreden-a-los-estudiantes-que-organizaron-asamblea\\\/#primaryimage\"},\"image\":{\"@id\":\"https:\\\/\\\/redamlo.com\\\/index.php\\\/2019\\\/09\\\/28\\\/a-5-anos-de-la-desaparicion-de-los-43-autoridades-de-la-fes-acatlan-agreden-a-los-estudiantes-que-organizaron-asamblea\\\/#primaryimage\"},\"thumbnailUrl\":\"https:\\\/\\\/redamlo.com\\\/wp-content\\\/uploads\\\/2019\\\/09\\\/fest-acatlan-unam-cdmxpress-1-1.jpg\",\"datePublished\":\"2019-09-29T04:31:50+00:00\",\"breadcrumb\":{\"@id\":\"https:\\\/\\\/redamlo.com\\\/index.php\\\/2019\\\/09\\\/28\\\/a-5-anos-de-la-desaparicion-de-los-43-autoridades-de-la-fes-acatlan-agreden-a-los-estudiantes-que-organizaron-asamblea\\\/#breadcrumb\"},\"inLanguage\":\"es\",\"potentialAction\":[{\"@type\":\"ReadAction\",\"target\":[\"https:\\\/\\\/redamlo.com\\\/index.php\\\/2019\\\/09\\\/28\\\/a-5-anos-de-la-desaparicion-de-los-43-autoridades-de-la-fes-acatlan-agreden-a-los-estudiantes-que-organizaron-asamblea\\\/\"]}]},{\"@type\":\"ImageObject\",\"inLanguage\":\"es\",\"@id\":\"https:\\\/\\\/redamlo.com\\\/index.php\\\/2019\\\/09\\\/28\\\/a-5-anos-de-la-desaparicion-de-los-43-autoridades-de-la-fes-acatlan-agreden-a-los-estudiantes-que-organizaron-asamblea\\\/#primaryimage\",\"url\":\"https:\\\/\\\/redamlo.com\\\/wp-content\\\/uploads\\\/2019\\\/09\\\/fest-acatlan-unam-cdmxpress-1-1.jpg\",\"contentUrl\":\"https:\\\/\\\/redamlo.com\\\/wp-content\\\/uploads\\\/2019\\\/09\\\/fest-acatlan-unam-cdmxpress-1-1.jpg\",\"width\":496,\"height\":550},{\"@type\":\"BreadcrumbList\",\"@id\":\"https:\\\/\\\/redamlo.com\\\/index.php\\\/2019\\\/09\\\/28\\\/a-5-anos-de-la-desaparicion-de-los-43-autoridades-de-la-fes-acatlan-agreden-a-los-estudiantes-que-organizaron-asamblea\\\/#breadcrumb\",\"itemListElement\":[{\"@type\":\"ListItem\",\"position\":1,\"name\":\"Inicio\",\"item\":\"https:\\\/\\\/redamlo.com\\\/\"},{\"@type\":\"ListItem\",\"position\":2,\"name\":\"A 5 a\u00f1os de la desaparici\u00f3n de los 43, autoridades de la FES Acatl\u00e1n, agreden a los estudiantes que organizaron asamblea\"}]},{\"@type\":\"WebSite\",\"@id\":\"https:\\\/\\\/redamlo.com\\\/#website\",\"url\":\"https:\\\/\\\/redamlo.com\\\/\",\"name\":\"NOTICIAS DE LA 4T\",\"description\":\"\",\"publisher\":{\"@id\":\"https:\\\/\\\/redamlo.com\\\/#organization\"},\"potentialAction\":[{\"@type\":\"SearchAction\",\"target\":{\"@type\":\"EntryPoint\",\"urlTemplate\":\"https:\\\/\\\/redamlo.com\\\/?s={search_term_string}\"},\"query-input\":{\"@type\":\"PropertyValueSpecification\",\"valueRequired\":true,\"valueName\":\"search_term_string\"}}],\"inLanguage\":\"es\"},{\"@type\":\"Organization\",\"@id\":\"https:\\\/\\\/redamlo.com\\\/#organization\",\"name\":\"NOTICIAS DE LA 4T\",\"url\":\"https:\\\/\\\/redamlo.com\\\/\",\"logo\":{\"@type\":\"ImageObject\",\"inLanguage\":\"es\",\"@id\":\"https:\\\/\\\/redamlo.com\\\/#\\\/schema\\\/logo\\\/image\\\/\",\"url\":\"https:\\\/\\\/redamlo.com\\\/wp-content\\\/uploads\\\/2024\\\/08\\\/cropped-RED-AMLO-logo-50.png\",\"contentUrl\":\"https:\\\/\\\/redamlo.com\\\/wp-content\\\/uploads\\\/2024\\\/08\\\/cropped-RED-AMLO-logo-50.png\",\"width\":256,\"height\":256,\"caption\":\"NOTICIAS DE LA 4T\"},\"image\":{\"@id\":\"https:\\\/\\\/redamlo.com\\\/#\\\/schema\\\/logo\\\/image\\\/\"}},{\"@type\":\"Person\",\"@id\":\"https:\\\/\\\/redamlo.com\\\/#\\\/schema\\\/person\\\/7223a4375eb8f1a782fcae010a7115cf\",\"name\":\"Blanca\",\"image\":{\"@type\":\"ImageObject\",\"inLanguage\":\"es\",\"@id\":\"https:\\\/\\\/secure.gravatar.com\\\/avatar\\\/3f79bc8336367a4e6093eae8757acaaf61d1124834b905616de7829b0273426d?s=96&d=mm&r=g\",\"url\":\"https:\\\/\\\/secure.gravatar.com\\\/avatar\\\/3f79bc8336367a4e6093eae8757acaaf61d1124834b905616de7829b0273426d?s=96&d=mm&r=g\",\"contentUrl\":\"https:\\\/\\\/secure.gravatar.com\\\/avatar\\\/3f79bc8336367a4e6093eae8757acaaf61d1124834b905616de7829b0273426d?s=96&d=mm&r=g\",\"caption\":\"Blanca\"},\"url\":\"https:\\\/\\\/redamlo.com\\\/index.php\\\/author\\\/blanca\\\/\"}]}<\/script>\n<!-- \/ Yoast SEO plugin. -->","yoast_head_json":{"title":"A 5 a\u00f1os de la desaparici\u00f3n de los 43, autoridades de la FES Acatl\u00e1n, agreden a los estudiantes que organizaron asamblea - NOTICIAS DE LA 4T","robots":{"index":"noindex","follow":"follow","max-snippet":"max-snippet:-1","max-image-preview":"max-image-preview:large","max-video-preview":"max-video-preview:-1"},"og_locale":"es_MX","og_type":"article","og_title":"A 5 a\u00f1os de la desaparici\u00f3n de los 43, autoridades de la FES Acatl\u00e1n, agreden a los estudiantes que organizaron asamblea - NOTICIAS DE LA 4T","og_description":"Cdmx Press\u00ae.- Ciudad de M\u00e9xico a 28 de septiebre 2019. A 5 a\u00f1os de la...","og_url":"https:\/\/redamlo.com\/index.php\/2019\/09\/28\/a-5-anos-de-la-desaparicion-de-los-43-autoridades-de-la-fes-acatlan-agreden-a-los-estudiantes-que-organizaron-asamblea\/","og_site_name":"NOTICIAS DE LA 4T","article_published_time":"2019-09-29T04:31:50+00:00","og_image":[{"width":496,"height":550,"url":"https:\/\/redamlo.com\/wp-content\/uploads\/2019\/09\/fest-acatlan-unam-cdmxpress-1-1.jpg","type":"image\/jpeg"}],"author":"Blanca","twitter_card":"summary_large_image","twitter_misc":{"Escrito por":"Blanca","Tiempo de lectura":"2 minutos"},"schema":{"@context":"https:\/\/schema.org","@graph":[{"@type":"Article","@id":"https:\/\/redamlo.com\/index.php\/2019\/09\/28\/a-5-anos-de-la-desaparicion-de-los-43-autoridades-de-la-fes-acatlan-agreden-a-los-estudiantes-que-organizaron-asamblea\/#article","isPartOf":{"@id":"https:\/\/redamlo.com\/index.php\/2019\/09\/28\/a-5-anos-de-la-desaparicion-de-los-43-autoridades-de-la-fes-acatlan-agreden-a-los-estudiantes-que-organizaron-asamblea\/"},"author":{"name":"Blanca","@id":"https:\/\/redamlo.com\/#\/schema\/person\/7223a4375eb8f1a782fcae010a7115cf"},"headline":"A 5 a\u00f1os de la desaparici\u00f3n de los 43, autoridades de la FES Acatl\u00e1n, agreden a los estudiantes que organizaron asamblea","datePublished":"2019-09-29T04:31:50+00:00","mainEntityOfPage":{"@id":"https:\/\/redamlo.com\/index.php\/2019\/09\/28\/a-5-anos-de-la-desaparicion-de-los-43-autoridades-de-la-fes-acatlan-agreden-a-los-estudiantes-que-organizaron-asamblea\/"},"wordCount":378,"commentCount":0,"publisher":{"@id":"https:\/\/redamlo.com\/#organization"},"image":{"@id":"https:\/\/redamlo.com\/index.php\/2019\/09\/28\/a-5-anos-de-la-desaparicion-de-los-43-autoridades-de-la-fes-acatlan-agreden-a-los-estudiantes-que-organizaron-asamblea\/#primaryimage"},"thumbnailUrl":"https:\/\/redamlo.com\/wp-content\/uploads\/2019\/09\/fest-acatlan-unam-cdmxpress-1-1.jpg","articleSection":["Nacionales"],"inLanguage":"es","potentialAction":[{"@type":"CommentAction","name":"Comment","target":["https:\/\/redamlo.com\/index.php\/2019\/09\/28\/a-5-anos-de-la-desaparicion-de-los-43-autoridades-de-la-fes-acatlan-agreden-a-los-estudiantes-que-organizaron-asamblea\/#respond"]}]},{"@type":"WebPage","@id":"https:\/\/redamlo.com\/index.php\/2019\/09\/28\/a-5-anos-de-la-desaparicion-de-los-43-autoridades-de-la-fes-acatlan-agreden-a-los-estudiantes-que-organizaron-asamblea\/","url":"https:\/\/redamlo.com\/index.php\/2019\/09\/28\/a-5-anos-de-la-desaparicion-de-los-43-autoridades-de-la-fes-acatlan-agreden-a-los-estudiantes-que-organizaron-asamblea\/","name":"A 5 a\u00f1os de la desaparici\u00f3n de los 43, autoridades de la FES Acatl\u00e1n, agreden a los estudiantes que organizaron asamblea - NOTICIAS DE LA 4T","isPartOf":{"@id":"https:\/\/redamlo.com\/#website"},"primaryImageOfPage":{"@id":"https:\/\/redamlo.com\/index.php\/2019\/09\/28\/a-5-anos-de-la-desaparicion-de-los-43-autoridades-de-la-fes-acatlan-agreden-a-los-estudiantes-que-organizaron-asamblea\/#primaryimage"},"image":{"@id":"https:\/\/redamlo.com\/index.php\/2019\/09\/28\/a-5-anos-de-la-desaparicion-de-los-43-autoridades-de-la-fes-acatlan-agreden-a-los-estudiantes-que-organizaron-asamblea\/#primaryimage"},"thumbnailUrl":"https:\/\/redamlo.com\/wp-content\/uploads\/2019\/09\/fest-acatlan-unam-cdmxpress-1-1.jpg","datePublished":"2019-09-29T04:31:50+00:00","breadcrumb":{"@id":"https:\/\/redamlo.com\/index.php\/2019\/09\/28\/a-5-anos-de-la-desaparicion-de-los-43-autoridades-de-la-fes-acatlan-agreden-a-los-estudiantes-que-organizaron-asamblea\/#breadcrumb"},"inLanguage":"es","potentialAction":[{"@type":"ReadAction","target":["https:\/\/redamlo.com\/index.php\/2019\/09\/28\/a-5-anos-de-la-desaparicion-de-los-43-autoridades-de-la-fes-acatlan-agreden-a-los-estudiantes-que-organizaron-asamblea\/"]}]},{"@type":"ImageObject","inLanguage":"es","@id":"https:\/\/redamlo.com\/index.php\/2019\/09\/28\/a-5-anos-de-la-desaparicion-de-los-43-autoridades-de-la-fes-acatlan-agreden-a-los-estudiantes-que-organizaron-asamblea\/#primaryimage","url":"https:\/\/redamlo.com\/wp-content\/uploads\/2019\/09\/fest-acatlan-unam-cdmxpress-1-1.jpg","contentUrl":"https:\/\/redamlo.com\/wp-content\/uploads\/2019\/09\/fest-acatlan-unam-cdmxpress-1-1.jpg","width":496,"height":550},{"@type":"BreadcrumbList","@id":"https:\/\/redamlo.com\/index.php\/2019\/09\/28\/a-5-anos-de-la-desaparicion-de-los-43-autoridades-de-la-fes-acatlan-agreden-a-los-estudiantes-que-organizaron-asamblea\/#breadcrumb","itemListElement":[{"@type":"ListItem","position":1,"name":"Inicio","item":"https:\/\/redamlo.com\/"},{"@type":"ListItem","position":2,"name":"A 5 a\u00f1os de la desaparici\u00f3n de los 43, autoridades de la FES Acatl\u00e1n, agreden a los estudiantes que organizaron asamblea"}]},{"@type":"WebSite","@id":"https:\/\/redamlo.com\/#website","url":"https:\/\/redamlo.com\/","name":"NOTICIAS DE LA 4T","description":"","publisher":{"@id":"https:\/\/redamlo.com\/#organization"},"potentialAction":[{"@type":"SearchAction","target":{"@type":"EntryPoint","urlTemplate":"https:\/\/redamlo.com\/?s={search_term_string}"},"query-input":{"@type":"PropertyValueSpecification","valueRequired":true,"valueName":"search_term_string"}}],"inLanguage":"es"},{"@type":"Organization","@id":"https:\/\/redamlo.com\/#organization","name":"NOTICIAS DE LA 4T","url":"https:\/\/redamlo.com\/","logo":{"@type":"ImageObject","inLanguage":"es","@id":"https:\/\/redamlo.com\/#\/schema\/logo\/image\/","url":"https:\/\/redamlo.com\/wp-content\/uploads\/2024\/08\/cropped-RED-AMLO-logo-50.png","contentUrl":"https:\/\/redamlo.com\/wp-content\/uploads\/2024\/08\/cropped-RED-AMLO-logo-50.png","width":256,"height":256,"caption":"NOTICIAS DE LA 4T"},"image":{"@id":"https:\/\/redamlo.com\/#\/schema\/logo\/image\/"}},{"@type":"Person","@id":"https:\/\/redamlo.com\/#\/schema\/person\/7223a4375eb8f1a782fcae010a7115cf","name":"Blanca","image":{"@type":"ImageObject","inLanguage":"es","@id":"https:\/\/secure.gravatar.com\/avatar\/3f79bc8336367a4e6093eae8757acaaf61d1124834b905616de7829b0273426d?s=96&d=mm&r=g","url":"https:\/\/secure.gravatar.com\/avatar\/3f79bc8336367a4e6093eae8757acaaf61d1124834b905616de7829b0273426d?s=96&d=mm&r=g","contentUrl":"https:\/\/secure.gravatar.com\/avatar\/3f79bc8336367a4e6093eae8757acaaf61d1124834b905616de7829b0273426d?s=96&d=mm&r=g","caption":"Blanca"},"url":"https:\/\/redamlo.com\/index.php\/author\/blanca\/"}]}},"_links":{"self":[{"href":"https:\/\/redamlo.com\/index.php\/wp-json\/wp\/v2\/posts\/485","targetHints":{"allow":["GET"]}}],"collection":[{"href":"https:\/\/redamlo.com\/index.php\/wp-json\/wp\/v2\/posts"}],"about":[{"href":"https:\/\/redamlo.com\/index.php\/wp-json\/wp\/v2\/types\/post"}],"author":[{"embeddable":true,"href":"https:\/\/redamlo.com\/index.php\/wp-json\/wp\/v2\/users\/2"}],"replies":[{"embeddable":true,"href":"https:\/\/redamlo.com\/index.php\/wp-json\/wp\/v2\/comments?post=485"}],"version-history":[{"count":0,"href":"https:\/\/redamlo.com\/index.php\/wp-json\/wp\/v2\/posts\/485\/revisions"}],"wp:featuredmedia":[{"embeddable":true,"href":"https:\/\/redamlo.com\/index.php\/wp-json\/wp\/v2\/media\/487"}],"wp:attachment":[{"href":"https:\/\/redamlo.com\/index.php\/wp-json\/wp\/v2\/media?parent=485"}],"wp:term":[{"taxonomy":"category","embeddable":true,"href":"https:\/\/redamlo.com\/index.php\/wp-json\/wp\/v2\/categories?post=485"},{"taxonomy":"post_tag","embeddable":true,"href":"https:\/\/redamlo.com\/index.php\/wp-json\/wp\/v2\/tags?post=485"}],"curies":[{"name":"wp","href":"https:\/\/api.w.org\/{rel}","templated":true}]}}