{"id":4841,"date":"2021-07-02T17:00:40","date_gmt":"2021-07-02T17:00:40","guid":{"rendered":"https:\/\/redamlo.com\/?p=4841"},"modified":"2021-07-02T17:00:40","modified_gmt":"2021-07-02T17:00:40","slug":"constata-lopez-obrador-avances-de-acciones-de-mejoramiento-urbano-en-san-luis-rio-colorado-sonora","status":"publish","type":"post","link":"https:\/\/redamlo.com\/index.php\/2021\/07\/02\/constata-lopez-obrador-avances-de-acciones-de-mejoramiento-urbano-en-san-luis-rio-colorado-sonora\/","title":{"rendered":"Constata L\u00f3pez Obrador avances de acciones de mejoramiento urbano en San Luis R\u00edo Colorado, Sonora"},"content":{"rendered":"<div id=\":ez\" class=\"Ar Au Ao\">\n<div id=\":dw\" class=\"Am Al editable LW-avf tS-tW tS-tY\" style=\"text-align: justify;\" tabindex=\"1\" role=\"textbox\" contenteditable=\"true\" spellcheck=\"false\" aria-label=\"Cuerpo del mensaje\" aria-multiline=\"true\">\n<p><span style=\"color: #000000; font-family: Arial, Helvetica, sans-serif;\">SAN LUIS R\u00cdO COLORADO, SON, 02 de julio de 2021.- El presidente de M\u00e9xico, Andr\u00e9s Manuel L\u00f3pez Obrador inici\u00f3 la gira de trabajo del fin de semana con la supervisi\u00f3n de acciones de mejoramiento urbano en San Luis R\u00edo Colorado, Sonora.<\/span><\/p>\n<p><span style=\"color: #000000; font-family: Arial, Helvetica, sans-serif;\">\u201cEstas intervenciones son muy importantes. Le cambian el rostro a las ciudades. Ayudan mucho a que haya espacios deportivos para los j\u00f3venes y esto lo estamos haciendo en muchas ciudades de M\u00e9xico y es posible porque hay servidores p\u00fablicos responsables como Rom\u00e1n Meyer, incorruptibles, trabajadores. Adem\u00e1s Rom\u00e1n Meyer, secretario de Desarrollo Agrario Territorial y Urbano, tiene sentido de lo est\u00e9tico, de la belleza\u201d, expres\u00f3 el mandatario.<\/span><\/p>\n<p><span style=\"color: #000000; font-family: Arial, Helvetica, sans-serif;\">La Sedatu reporta que en ese municipio se realizaron acciones de construcci\u00f3n y mejoramiento, como los parques Nuevo San Luis, Gabriel Leyva y La Tortuga, el Centro de Salud Mental y Adicciones, el jard\u00edn de ni\u00f1os y escuela primaria Topahue, la unidad de salud y medicina familiar de La Tortuga y en el estadio de b\u00e9isbol del bosque de la ciudad.<\/span><\/p>\n<p><span style=\"color: #000000; font-family: Arial, Helvetica, sans-serif;\">Al respecto el mandatario celebr\u00f3 que la Secretar\u00eda de Desarrollo Agrario contribuy\u00f3 a dejar listo este sitio para la pr\u00e1ctica deportiva y el disfrute de las y los sonorenses.<\/span><\/p>\n<p><span style=\"color: #000000; font-family: Arial, Helvetica, sans-serif;\">Adelant\u00f3 que en Sonora habr\u00e1 dos escuelas para la formaci\u00f3n t\u00e9cnica de j\u00f3venes en actividades deportivas, una en Hermosillo y otra en Obreg\u00f3n.<\/span><\/p>\n<p><span style=\"color: #000000; font-family: Arial, Helvetica, sans-serif;\">En menos de ocho meses la Sedatu cumpli\u00f3 10 acciones y vialidades que mejoraron el bienestar de las personas y generaron m\u00e1s de 3 mil empleos en el municipio con una inversi\u00f3n de 420 millones de pesos.<\/span><\/p>\n<p><span style=\"color: #000000; font-family: Arial, Helvetica, sans-serif;\">A trav\u00e9s de la Comisi\u00f3n Nacional de Vivienda m\u00e1s de 800 familias recibieron apoyo para mejorar su vivienda.<\/span><\/p>\n<p><span style=\"color: #000000; font-family: Arial, Helvetica, sans-serif;\">El jefe del Ejecutivo inform\u00f3 que regresar\u00e1 a Sonora para inaugurar el hospital de Hermosillo antes de concluir la actual administraci\u00f3n estatal. Instruy\u00f3 al Instituto de Salud para el Bienestar apresurar el equipamiento de dicha unidad m\u00e9dica.<\/span><\/p>\n<p><span style=\"color: #000000; font-family: Arial, Helvetica, sans-serif;\">Resalt\u00f3 que ya se est\u00e1 vacunando a la poblaci\u00f3n mayor de 18 a\u00f1os de los municipios fronterizos de la entidad.<\/span><\/p>\n<p><span style=\"color: #000000; font-family: Arial, Helvetica, sans-serif;\">Acompa\u00f1aron al presidente, la gobernadora de Sonora, Claudia Pavlovich Arellano; el titular de la Sedatu, Rom\u00e1n Guillermo Meyer Falc\u00f3n; la subsecretaria de Egresos de la Secretar\u00eda de Hacienda y Cr\u00e9dito P\u00fablico, Victoria Rodr\u00edguez Ceja; el secretario T\u00e9cnico del Gabinete de la Oficina de la Presidencia, Carlos Torres Rosas; el presidente municipal de San Luis R\u00edo Colorado, Santos Gonz\u00e1lez Yescas; el director de la Oficina de la Presidencia para la Promoci\u00f3n y el Desarrollo del B\u00e9isbol en M\u00e9xico (ProB\u00e9is), \u00c9dgar Gonz\u00e1lez Sab\u00edn y el ex jugador de b\u00e9isbol, Sergio \u201cKaliman\u201d Robles.<\/span><\/p>\n<p><iframe loading=\"lazy\" title=\"Acciones de Mejoramiento Urbano en San Luis R\u00edo Colorado, Sonora\" width=\"640\" height=\"360\" src=\"https:\/\/www.youtube.com\/embed\/GPVWFYQtTs0?start=671&#038;feature=oembed\" frameborder=\"0\" allow=\"accelerometer; autoplay; clipboard-write; encrypted-media; gyroscope; picture-in-picture; web-share\" referrerpolicy=\"strict-origin-when-cross-origin\" allowfullscreen><\/iframe><\/p>\n<\/div>\n<\/div>\n","protected":false},"excerpt":{"rendered":"<p>SAN LUIS R\u00cdO COLORADO, SON, 02 de julio de 2021.- El presidente de M\u00e9xico, Andr\u00e9s&#8230;<\/p>\n","protected":false},"author":2,"featured_media":4844,"comment_status":"open","ping_status":"closed","sticky":false,"template":"","format":"standard","meta":{"footnotes":""},"categories":[25,20,27],"tags":[84,131,442,556,1093,9,1094,125],"class_list":["post-4841","post","type-post","status-publish","format-standard","has-post-thumbnail","hentry","category-4t","category-nacionales","category-presidencia","tag-amlo","tag-andres-manuel-lopez-obrador","tag-cuarta-transformacion","tag-gobierno-de-mexico","tag-mejoramiento-urbano","tag-mexico","tag-roman-meyer","tag-sonora"],"yoast_head":"<!-- This site is optimized with the Yoast SEO plugin v27.5 - https:\/\/yoast.com\/product\/yoast-seo-wordpress\/ -->\n<title>Constata L\u00f3pez Obrador avances de acciones de mejoramiento urbano en San Luis R\u00edo Colorado, Sonora - NOTICIAS DE LA 4T<\/title>\n<meta name=\"robots\" content=\"noindex, follow, max-snippet:-1, max-image-preview:large, max-video-preview:-1\" \/>\n<meta property=\"og:locale\" content=\"es_MX\" \/>\n<meta property=\"og:type\" content=\"article\" \/>\n<meta property=\"og:title\" content=\"Constata L\u00f3pez Obrador avances de acciones de mejoramiento urbano en San Luis R\u00edo Colorado, Sonora - NOTICIAS DE LA 4T\" \/>\n<meta property=\"og:description\" content=\"SAN LUIS R\u00cdO COLORADO, SON, 02 de julio de 2021.- El presidente de M\u00e9xico, Andr\u00e9s...\" \/>\n<meta property=\"og:url\" content=\"https:\/\/redamlo.com\/index.php\/2021\/07\/02\/constata-lopez-obrador-avances-de-acciones-de-mejoramiento-urbano-en-san-luis-rio-colorado-sonora\/\" \/>\n<meta property=\"og:site_name\" content=\"NOTICIAS DE LA 4T\" \/>\n<meta property=\"article:published_time\" content=\"2021-07-02T17:00:40+00:00\" \/>\n<meta property=\"og:image\" content=\"https:\/\/redamlo.com\/wp-content\/uploads\/2021\/07\/Constata-Lopez-Obrador-avances-de-acciones-de-mejoramiento-urbano-en-San-Luis-Rio-Colorado-Sonora.jpg\" \/>\n\t<meta property=\"og:image:width\" content=\"770\" \/>\n\t<meta property=\"og:image:height\" content=\"471\" \/>\n\t<meta property=\"og:image:type\" content=\"image\/jpeg\" \/>\n<meta name=\"author\" content=\"Blanca\" \/>\n<meta name=\"twitter:card\" content=\"summary_large_image\" \/>\n<meta name=\"twitter:label1\" content=\"Escrito por\" \/>\n\t<meta name=\"twitter:data1\" content=\"Blanca\" \/>\n\t<meta name=\"twitter:label2\" content=\"Tiempo de lectura\" \/>\n\t<meta name=\"twitter:data2\" content=\"2 minutos\" \/>\n<script type=\"application\/ld+json\" class=\"yoast-schema-graph\">{\"@context\":\"https:\\\/\\\/schema.org\",\"@graph\":[{\"@type\":\"Article\",\"@id\":\"https:\\\/\\\/redamlo.com\\\/index.php\\\/2021\\\/07\\\/02\\\/constata-lopez-obrador-avances-de-acciones-de-mejoramiento-urbano-en-san-luis-rio-colorado-sonora\\\/#article\",\"isPartOf\":{\"@id\":\"https:\\\/\\\/redamlo.com\\\/index.php\\\/2021\\\/07\\\/02\\\/constata-lopez-obrador-avances-de-acciones-de-mejoramiento-urbano-en-san-luis-rio-colorado-sonora\\\/\"},\"author\":{\"name\":\"Blanca\",\"@id\":\"https:\\\/\\\/redamlo.com\\\/#\\\/schema\\\/person\\\/7223a4375eb8f1a782fcae010a7115cf\"},\"headline\":\"Constata L\u00f3pez Obrador avances de acciones de mejoramiento urbano en San Luis R\u00edo Colorado, Sonora\",\"datePublished\":\"2021-07-02T17:00:40+00:00\",\"mainEntityOfPage\":{\"@id\":\"https:\\\/\\\/redamlo.com\\\/index.php\\\/2021\\\/07\\\/02\\\/constata-lopez-obrador-avances-de-acciones-de-mejoramiento-urbano-en-san-luis-rio-colorado-sonora\\\/\"},\"wordCount\":496,\"commentCount\":0,\"publisher\":{\"@id\":\"https:\\\/\\\/redamlo.com\\\/#organization\"},\"image\":{\"@id\":\"https:\\\/\\\/redamlo.com\\\/index.php\\\/2021\\\/07\\\/02\\\/constata-lopez-obrador-avances-de-acciones-de-mejoramiento-urbano-en-san-luis-rio-colorado-sonora\\\/#primaryimage\"},\"thumbnailUrl\":\"https:\\\/\\\/redamlo.com\\\/wp-content\\\/uploads\\\/2021\\\/07\\\/Constata-Lopez-Obrador-avances-de-acciones-de-mejoramiento-urbano-en-San-Luis-Rio-Colorado-Sonora.jpg\",\"keywords\":[\"AMLO\",\"Andr\u00e9s Manuel L\u00f3pez Obrador\",\"Cuarta Transformaci\u00f3n\",\"Gobierno de M\u00e9xico\",\"mejoramiento urbano\",\"M\u00e9xico\",\"Rom\u00e1n Meyer\",\"Sonora\"],\"articleSection\":[\"4T\",\"Nacionales\",\"Presidencia\"],\"inLanguage\":\"es\",\"potentialAction\":[{\"@type\":\"CommentAction\",\"name\":\"Comment\",\"target\":[\"https:\\\/\\\/redamlo.com\\\/index.php\\\/2021\\\/07\\\/02\\\/constata-lopez-obrador-avances-de-acciones-de-mejoramiento-urbano-en-san-luis-rio-colorado-sonora\\\/#respond\"]}]},{\"@type\":\"WebPage\",\"@id\":\"https:\\\/\\\/redamlo.com\\\/index.php\\\/2021\\\/07\\\/02\\\/constata-lopez-obrador-avances-de-acciones-de-mejoramiento-urbano-en-san-luis-rio-colorado-sonora\\\/\",\"url\":\"https:\\\/\\\/redamlo.com\\\/index.php\\\/2021\\\/07\\\/02\\\/constata-lopez-obrador-avances-de-acciones-de-mejoramiento-urbano-en-san-luis-rio-colorado-sonora\\\/\",\"name\":\"Constata L\u00f3pez Obrador avances de acciones de mejoramiento urbano en San Luis R\u00edo Colorado, Sonora - NOTICIAS DE LA 4T\",\"isPartOf\":{\"@id\":\"https:\\\/\\\/redamlo.com\\\/#website\"},\"primaryImageOfPage\":{\"@id\":\"https:\\\/\\\/redamlo.com\\\/index.php\\\/2021\\\/07\\\/02\\\/constata-lopez-obrador-avances-de-acciones-de-mejoramiento-urbano-en-san-luis-rio-colorado-sonora\\\/#primaryimage\"},\"image\":{\"@id\":\"https:\\\/\\\/redamlo.com\\\/index.php\\\/2021\\\/07\\\/02\\\/constata-lopez-obrador-avances-de-acciones-de-mejoramiento-urbano-en-san-luis-rio-colorado-sonora\\\/#primaryimage\"},\"thumbnailUrl\":\"https:\\\/\\\/redamlo.com\\\/wp-content\\\/uploads\\\/2021\\\/07\\\/Constata-Lopez-Obrador-avances-de-acciones-de-mejoramiento-urbano-en-San-Luis-Rio-Colorado-Sonora.jpg\",\"datePublished\":\"2021-07-02T17:00:40+00:00\",\"breadcrumb\":{\"@id\":\"https:\\\/\\\/redamlo.com\\\/index.php\\\/2021\\\/07\\\/02\\\/constata-lopez-obrador-avances-de-acciones-de-mejoramiento-urbano-en-san-luis-rio-colorado-sonora\\\/#breadcrumb\"},\"inLanguage\":\"es\",\"potentialAction\":[{\"@type\":\"ReadAction\",\"target\":[\"https:\\\/\\\/redamlo.com\\\/index.php\\\/2021\\\/07\\\/02\\\/constata-lopez-obrador-avances-de-acciones-de-mejoramiento-urbano-en-san-luis-rio-colorado-sonora\\\/\"]}]},{\"@type\":\"ImageObject\",\"inLanguage\":\"es\",\"@id\":\"https:\\\/\\\/redamlo.com\\\/index.php\\\/2021\\\/07\\\/02\\\/constata-lopez-obrador-avances-de-acciones-de-mejoramiento-urbano-en-san-luis-rio-colorado-sonora\\\/#primaryimage\",\"url\":\"https:\\\/\\\/redamlo.com\\\/wp-content\\\/uploads\\\/2021\\\/07\\\/Constata-Lopez-Obrador-avances-de-acciones-de-mejoramiento-urbano-en-San-Luis-Rio-Colorado-Sonora.jpg\",\"contentUrl\":\"https:\\\/\\\/redamlo.com\\\/wp-content\\\/uploads\\\/2021\\\/07\\\/Constata-Lopez-Obrador-avances-de-acciones-de-mejoramiento-urbano-en-San-Luis-Rio-Colorado-Sonora.jpg\",\"width\":770,\"height\":471},{\"@type\":\"BreadcrumbList\",\"@id\":\"https:\\\/\\\/redamlo.com\\\/index.php\\\/2021\\\/07\\\/02\\\/constata-lopez-obrador-avances-de-acciones-de-mejoramiento-urbano-en-san-luis-rio-colorado-sonora\\\/#breadcrumb\",\"itemListElement\":[{\"@type\":\"ListItem\",\"position\":1,\"name\":\"Inicio\",\"item\":\"https:\\\/\\\/redamlo.com\\\/\"},{\"@type\":\"ListItem\",\"position\":2,\"name\":\"Constata L\u00f3pez Obrador avances de acciones de mejoramiento urbano en San Luis R\u00edo Colorado, Sonora\"}]},{\"@type\":\"WebSite\",\"@id\":\"https:\\\/\\\/redamlo.com\\\/#website\",\"url\":\"https:\\\/\\\/redamlo.com\\\/\",\"name\":\"NOTICIAS DE LA 4T\",\"description\":\"\",\"publisher\":{\"@id\":\"https:\\\/\\\/redamlo.com\\\/#organization\"},\"potentialAction\":[{\"@type\":\"SearchAction\",\"target\":{\"@type\":\"EntryPoint\",\"urlTemplate\":\"https:\\\/\\\/redamlo.com\\\/?s={search_term_string}\"},\"query-input\":{\"@type\":\"PropertyValueSpecification\",\"valueRequired\":true,\"valueName\":\"search_term_string\"}}],\"inLanguage\":\"es\"},{\"@type\":\"Organization\",\"@id\":\"https:\\\/\\\/redamlo.com\\\/#organization\",\"name\":\"NOTICIAS DE LA 4T\",\"url\":\"https:\\\/\\\/redamlo.com\\\/\",\"logo\":{\"@type\":\"ImageObject\",\"inLanguage\":\"es\",\"@id\":\"https:\\\/\\\/redamlo.com\\\/#\\\/schema\\\/logo\\\/image\\\/\",\"url\":\"https:\\\/\\\/redamlo.com\\\/wp-content\\\/uploads\\\/2024\\\/08\\\/cropped-RED-AMLO-logo-50.png\",\"contentUrl\":\"https:\\\/\\\/redamlo.com\\\/wp-content\\\/uploads\\\/2024\\\/08\\\/cropped-RED-AMLO-logo-50.png\",\"width\":256,\"height\":256,\"caption\":\"NOTICIAS DE LA 4T\"},\"image\":{\"@id\":\"https:\\\/\\\/redamlo.com\\\/#\\\/schema\\\/logo\\\/image\\\/\"}},{\"@type\":\"Person\",\"@id\":\"https:\\\/\\\/redamlo.com\\\/#\\\/schema\\\/person\\\/7223a4375eb8f1a782fcae010a7115cf\",\"name\":\"Blanca\",\"image\":{\"@type\":\"ImageObject\",\"inLanguage\":\"es\",\"@id\":\"https:\\\/\\\/secure.gravatar.com\\\/avatar\\\/3f79bc8336367a4e6093eae8757acaaf61d1124834b905616de7829b0273426d?s=96&d=mm&r=g\",\"url\":\"https:\\\/\\\/secure.gravatar.com\\\/avatar\\\/3f79bc8336367a4e6093eae8757acaaf61d1124834b905616de7829b0273426d?s=96&d=mm&r=g\",\"contentUrl\":\"https:\\\/\\\/secure.gravatar.com\\\/avatar\\\/3f79bc8336367a4e6093eae8757acaaf61d1124834b905616de7829b0273426d?s=96&d=mm&r=g\",\"caption\":\"Blanca\"},\"url\":\"https:\\\/\\\/redamlo.com\\\/index.php\\\/author\\\/blanca\\\/\"}]}<\/script>\n<!-- \/ Yoast SEO plugin. -->","yoast_head_json":{"title":"Constata L\u00f3pez Obrador avances de acciones de mejoramiento urbano en San Luis R\u00edo Colorado, Sonora - NOTICIAS DE LA 4T","robots":{"index":"noindex","follow":"follow","max-snippet":"max-snippet:-1","max-image-preview":"max-image-preview:large","max-video-preview":"max-video-preview:-1"},"og_locale":"es_MX","og_type":"article","og_title":"Constata L\u00f3pez Obrador avances de acciones de mejoramiento urbano en San Luis R\u00edo Colorado, Sonora - NOTICIAS DE LA 4T","og_description":"SAN LUIS R\u00cdO COLORADO, SON, 02 de julio de 2021.- El presidente de M\u00e9xico, Andr\u00e9s...","og_url":"https:\/\/redamlo.com\/index.php\/2021\/07\/02\/constata-lopez-obrador-avances-de-acciones-de-mejoramiento-urbano-en-san-luis-rio-colorado-sonora\/","og_site_name":"NOTICIAS DE LA 4T","article_published_time":"2021-07-02T17:00:40+00:00","og_image":[{"width":770,"height":471,"url":"https:\/\/redamlo.com\/wp-content\/uploads\/2021\/07\/Constata-Lopez-Obrador-avances-de-acciones-de-mejoramiento-urbano-en-San-Luis-Rio-Colorado-Sonora.jpg","type":"image\/jpeg"}],"author":"Blanca","twitter_card":"summary_large_image","twitter_misc":{"Escrito por":"Blanca","Tiempo de lectura":"2 minutos"},"schema":{"@context":"https:\/\/schema.org","@graph":[{"@type":"Article","@id":"https:\/\/redamlo.com\/index.php\/2021\/07\/02\/constata-lopez-obrador-avances-de-acciones-de-mejoramiento-urbano-en-san-luis-rio-colorado-sonora\/#article","isPartOf":{"@id":"https:\/\/redamlo.com\/index.php\/2021\/07\/02\/constata-lopez-obrador-avances-de-acciones-de-mejoramiento-urbano-en-san-luis-rio-colorado-sonora\/"},"author":{"name":"Blanca","@id":"https:\/\/redamlo.com\/#\/schema\/person\/7223a4375eb8f1a782fcae010a7115cf"},"headline":"Constata L\u00f3pez Obrador avances de acciones de mejoramiento urbano en San Luis R\u00edo Colorado, Sonora","datePublished":"2021-07-02T17:00:40+00:00","mainEntityOfPage":{"@id":"https:\/\/redamlo.com\/index.php\/2021\/07\/02\/constata-lopez-obrador-avances-de-acciones-de-mejoramiento-urbano-en-san-luis-rio-colorado-sonora\/"},"wordCount":496,"commentCount":0,"publisher":{"@id":"https:\/\/redamlo.com\/#organization"},"image":{"@id":"https:\/\/redamlo.com\/index.php\/2021\/07\/02\/constata-lopez-obrador-avances-de-acciones-de-mejoramiento-urbano-en-san-luis-rio-colorado-sonora\/#primaryimage"},"thumbnailUrl":"https:\/\/redamlo.com\/wp-content\/uploads\/2021\/07\/Constata-Lopez-Obrador-avances-de-acciones-de-mejoramiento-urbano-en-San-Luis-Rio-Colorado-Sonora.jpg","keywords":["AMLO","Andr\u00e9s Manuel L\u00f3pez Obrador","Cuarta Transformaci\u00f3n","Gobierno de M\u00e9xico","mejoramiento urbano","M\u00e9xico","Rom\u00e1n Meyer","Sonora"],"articleSection":["4T","Nacionales","Presidencia"],"inLanguage":"es","potentialAction":[{"@type":"CommentAction","name":"Comment","target":["https:\/\/redamlo.com\/index.php\/2021\/07\/02\/constata-lopez-obrador-avances-de-acciones-de-mejoramiento-urbano-en-san-luis-rio-colorado-sonora\/#respond"]}]},{"@type":"WebPage","@id":"https:\/\/redamlo.com\/index.php\/2021\/07\/02\/constata-lopez-obrador-avances-de-acciones-de-mejoramiento-urbano-en-san-luis-rio-colorado-sonora\/","url":"https:\/\/redamlo.com\/index.php\/2021\/07\/02\/constata-lopez-obrador-avances-de-acciones-de-mejoramiento-urbano-en-san-luis-rio-colorado-sonora\/","name":"Constata L\u00f3pez Obrador avances de acciones de mejoramiento urbano en San Luis R\u00edo Colorado, Sonora - NOTICIAS DE LA 4T","isPartOf":{"@id":"https:\/\/redamlo.com\/#website"},"primaryImageOfPage":{"@id":"https:\/\/redamlo.com\/index.php\/2021\/07\/02\/constata-lopez-obrador-avances-de-acciones-de-mejoramiento-urbano-en-san-luis-rio-colorado-sonora\/#primaryimage"},"image":{"@id":"https:\/\/redamlo.com\/index.php\/2021\/07\/02\/constata-lopez-obrador-avances-de-acciones-de-mejoramiento-urbano-en-san-luis-rio-colorado-sonora\/#primaryimage"},"thumbnailUrl":"https:\/\/redamlo.com\/wp-content\/uploads\/2021\/07\/Constata-Lopez-Obrador-avances-de-acciones-de-mejoramiento-urbano-en-San-Luis-Rio-Colorado-Sonora.jpg","datePublished":"2021-07-02T17:00:40+00:00","breadcrumb":{"@id":"https:\/\/redamlo.com\/index.php\/2021\/07\/02\/constata-lopez-obrador-avances-de-acciones-de-mejoramiento-urbano-en-san-luis-rio-colorado-sonora\/#breadcrumb"},"inLanguage":"es","potentialAction":[{"@type":"ReadAction","target":["https:\/\/redamlo.com\/index.php\/2021\/07\/02\/constata-lopez-obrador-avances-de-acciones-de-mejoramiento-urbano-en-san-luis-rio-colorado-sonora\/"]}]},{"@type":"ImageObject","inLanguage":"es","@id":"https:\/\/redamlo.com\/index.php\/2021\/07\/02\/constata-lopez-obrador-avances-de-acciones-de-mejoramiento-urbano-en-san-luis-rio-colorado-sonora\/#primaryimage","url":"https:\/\/redamlo.com\/wp-content\/uploads\/2021\/07\/Constata-Lopez-Obrador-avances-de-acciones-de-mejoramiento-urbano-en-San-Luis-Rio-Colorado-Sonora.jpg","contentUrl":"https:\/\/redamlo.com\/wp-content\/uploads\/2021\/07\/Constata-Lopez-Obrador-avances-de-acciones-de-mejoramiento-urbano-en-San-Luis-Rio-Colorado-Sonora.jpg","width":770,"height":471},{"@type":"BreadcrumbList","@id":"https:\/\/redamlo.com\/index.php\/2021\/07\/02\/constata-lopez-obrador-avances-de-acciones-de-mejoramiento-urbano-en-san-luis-rio-colorado-sonora\/#breadcrumb","itemListElement":[{"@type":"ListItem","position":1,"name":"Inicio","item":"https:\/\/redamlo.com\/"},{"@type":"ListItem","position":2,"name":"Constata L\u00f3pez Obrador avances de acciones de mejoramiento urbano en San Luis R\u00edo Colorado, Sonora"}]},{"@type":"WebSite","@id":"https:\/\/redamlo.com\/#website","url":"https:\/\/redamlo.com\/","name":"NOTICIAS DE LA 4T","description":"","publisher":{"@id":"https:\/\/redamlo.com\/#organization"},"potentialAction":[{"@type":"SearchAction","target":{"@type":"EntryPoint","urlTemplate":"https:\/\/redamlo.com\/?s={search_term_string}"},"query-input":{"@type":"PropertyValueSpecification","valueRequired":true,"valueName":"search_term_string"}}],"inLanguage":"es"},{"@type":"Organization","@id":"https:\/\/redamlo.com\/#organization","name":"NOTICIAS DE LA 4T","url":"https:\/\/redamlo.com\/","logo":{"@type":"ImageObject","inLanguage":"es","@id":"https:\/\/redamlo.com\/#\/schema\/logo\/image\/","url":"https:\/\/redamlo.com\/wp-content\/uploads\/2024\/08\/cropped-RED-AMLO-logo-50.png","contentUrl":"https:\/\/redamlo.com\/wp-content\/uploads\/2024\/08\/cropped-RED-AMLO-logo-50.png","width":256,"height":256,"caption":"NOTICIAS DE LA 4T"},"image":{"@id":"https:\/\/redamlo.com\/#\/schema\/logo\/image\/"}},{"@type":"Person","@id":"https:\/\/redamlo.com\/#\/schema\/person\/7223a4375eb8f1a782fcae010a7115cf","name":"Blanca","image":{"@type":"ImageObject","inLanguage":"es","@id":"https:\/\/secure.gravatar.com\/avatar\/3f79bc8336367a4e6093eae8757acaaf61d1124834b905616de7829b0273426d?s=96&d=mm&r=g","url":"https:\/\/secure.gravatar.com\/avatar\/3f79bc8336367a4e6093eae8757acaaf61d1124834b905616de7829b0273426d?s=96&d=mm&r=g","contentUrl":"https:\/\/secure.gravatar.com\/avatar\/3f79bc8336367a4e6093eae8757acaaf61d1124834b905616de7829b0273426d?s=96&d=mm&r=g","caption":"Blanca"},"url":"https:\/\/redamlo.com\/index.php\/author\/blanca\/"}]}},"_links":{"self":[{"href":"https:\/\/redamlo.com\/index.php\/wp-json\/wp\/v2\/posts\/4841","targetHints":{"allow":["GET"]}}],"collection":[{"href":"https:\/\/redamlo.com\/index.php\/wp-json\/wp\/v2\/posts"}],"about":[{"href":"https:\/\/redamlo.com\/index.php\/wp-json\/wp\/v2\/types\/post"}],"author":[{"embeddable":true,"href":"https:\/\/redamlo.com\/index.php\/wp-json\/wp\/v2\/users\/2"}],"replies":[{"embeddable":true,"href":"https:\/\/redamlo.com\/index.php\/wp-json\/wp\/v2\/comments?post=4841"}],"version-history":[{"count":0,"href":"https:\/\/redamlo.com\/index.php\/wp-json\/wp\/v2\/posts\/4841\/revisions"}],"wp:featuredmedia":[{"embeddable":true,"href":"https:\/\/redamlo.com\/index.php\/wp-json\/wp\/v2\/media\/4844"}],"wp:attachment":[{"href":"https:\/\/redamlo.com\/index.php\/wp-json\/wp\/v2\/media?parent=4841"}],"wp:term":[{"taxonomy":"category","embeddable":true,"href":"https:\/\/redamlo.com\/index.php\/wp-json\/wp\/v2\/categories?post=4841"},{"taxonomy":"post_tag","embeddable":true,"href":"https:\/\/redamlo.com\/index.php\/wp-json\/wp\/v2\/tags?post=4841"}],"curies":[{"name":"wp","href":"https:\/\/api.w.org\/{rel}","templated":true}]}}