{"id":4837,"date":"2021-07-02T12:00:02","date_gmt":"2021-07-02T12:00:02","guid":{"rendered":"https:\/\/redamlo.com\/?p=4837"},"modified":"2021-07-02T12:00:02","modified_gmt":"2021-07-02T12:00:02","slug":"cumplimos-el-compromiso-de-no-aumentar-precios-de-los-combustibles-lopez-obrador-variaciones-en-el-precio-del-gas-se-revisaran-afirma","status":"publish","type":"post","link":"https:\/\/redamlo.com\/index.php\/2021\/07\/02\/cumplimos-el-compromiso-de-no-aumentar-precios-de-los-combustibles-lopez-obrador-variaciones-en-el-precio-del-gas-se-revisaran-afirma\/","title":{"rendered":"Cumplimos el compromiso de no aumentar precios de los combustibles: L\u00f3pez Obrador; variaciones en el precio del gas se revisar\u00e1n, afirma"},"content":{"rendered":"<div id=\":ez\" class=\"Ar Au Ao\">\n<div id=\":dw\" class=\"Am Al editable LW-avf tS-tW tS-tY\" style=\"text-align: justify;\" tabindex=\"1\" role=\"textbox\" contenteditable=\"true\" spellcheck=\"false\" aria-label=\"Cuerpo del mensaje\" aria-multiline=\"true\">\n<p><span style=\"color: #000000; font-family: Arial, Helvetica, sans-serif;\">M\u00c9XICO, 02 de julio de 2021.- El presidente de M\u00e9xico, Andr\u00e9s Manuel L\u00f3pez Obrador afirm\u00f3 que el Gobierno de la Cuarta Transformaci\u00f3n ha cumplido el compromiso de no aumentar en t\u00e9rminos reales los precios de los combustibles.<\/span><\/p>\n<p><span style=\"color: #000000; font-family: Arial, Helvetica, sans-serif;\">\u201cEn el caso de ninguna de las gasolinas, ni del di\u00e9sel ni la luz. Hemos cumplido incluso hasta por debajo de los incrementos inflacionarios\u201d, remarc\u00f3.<\/span><\/p>\n<p><span style=\"color: #000000; font-family: Arial, Helvetica, sans-serif;\">En conferencia de prensa matutina anunci\u00f3 que el martes de la siguiente semana revisar\u00e1 el incremento del gas natural que se ha dado recientemente, particularmente en la Ciudad de M\u00e9xico debido a que ciertos monopolios dominan la distribuci\u00f3n en las colonias.<\/span><\/p>\n<p><span style=\"color: #000000; font-family: Arial, Helvetica, sans-serif;\">\u201cYa estamos analizando el asunto y lo vamos a enfrentar. (\u2026) Si es necesario vamos a establecer un precio m\u00e1ximo\u201d, asever\u00f3.<\/span><\/p>\n<p><span style=\"color: #000000; font-family: Arial, Helvetica, sans-serif;\">Sobre el precio de la tortilla, el jefe del Ejecutivo dijo que su gesti\u00f3n revisa alternativas para regular el precio, como abrir la importaci\u00f3n para fomentar la competencia.<\/span><\/p>\n<p><span style=\"color: #000000; font-family: Arial, Helvetica, sans-serif;\">\u201cDesgraciadamente no somos autosuficientes en producci\u00f3n de ma\u00edz. Somos autosuficientes en producci\u00f3n de ma\u00edz blanco pero no de ma\u00edz amarillo. Entonces tenemos que atender el asunto pero estamos pendientes, muy pendientes. De toda la econom\u00eda, que va muy bien, (\u2026) la \u00fanica cosa que me preocupa es inflaci\u00f3n, el que mantengamos bajo control la inflaci\u00f3n\u201d, explic\u00f3.<\/span><\/p>\n<p><iframe loading=\"lazy\" title=\"Cumplimos compromiso de no aumentar precios de combustibles. Conferencia presidente AMLO\" width=\"640\" height=\"360\" src=\"https:\/\/www.youtube.com\/embed\/Myj3gi2f38k?start=999&#038;feature=oembed\" frameborder=\"0\" allow=\"accelerometer; autoplay; clipboard-write; encrypted-media; gyroscope; picture-in-picture; web-share\" referrerpolicy=\"strict-origin-when-cross-origin\" allowfullscreen><\/iframe><\/p>\n<\/div>\n<\/div>\n","protected":false},"excerpt":{"rendered":"<p>M\u00c9XICO, 02 de julio de 2021.- El presidente de M\u00e9xico, Andr\u00e9s Manuel L\u00f3pez Obrador afirm\u00f3&#8230;<\/p>\n","protected":false},"author":2,"featured_media":4840,"comment_status":"open","ping_status":"closed","sticky":false,"template":"","format":"standard","meta":{"footnotes":""},"categories":[25,20,27],"tags":[84,131,697,442,556,9,700],"class_list":["post-4837","post","type-post","status-publish","format-standard","has-post-thumbnail","hentry","category-4t","category-nacionales","category-presidencia","tag-amlo","tag-andres-manuel-lopez-obrador","tag-combustibles","tag-cuarta-transformacion","tag-gobierno-de-mexico","tag-mexico","tag-no-aumentar-precios"],"yoast_head":"<!-- This site is optimized with the Yoast SEO plugin v27.5 - https:\/\/yoast.com\/product\/yoast-seo-wordpress\/ -->\n<title>Cumplimos el compromiso de no aumentar precios de los combustibles: L\u00f3pez Obrador; variaciones en el precio del gas se revisar\u00e1n, afirma - NOTICIAS DE LA 4T<\/title>\n<meta name=\"robots\" content=\"noindex, follow, max-snippet:-1, max-image-preview:large, max-video-preview:-1\" \/>\n<meta property=\"og:locale\" content=\"es_MX\" \/>\n<meta property=\"og:type\" content=\"article\" \/>\n<meta property=\"og:title\" content=\"Cumplimos el compromiso de no aumentar precios de los combustibles: L\u00f3pez Obrador; variaciones en el precio del gas se revisar\u00e1n, afirma - NOTICIAS DE LA 4T\" \/>\n<meta property=\"og:description\" content=\"M\u00c9XICO, 02 de julio de 2021.- El presidente de M\u00e9xico, Andr\u00e9s Manuel L\u00f3pez Obrador afirm\u00f3...\" \/>\n<meta property=\"og:url\" content=\"https:\/\/redamlo.com\/index.php\/2021\/07\/02\/cumplimos-el-compromiso-de-no-aumentar-precios-de-los-combustibles-lopez-obrador-variaciones-en-el-precio-del-gas-se-revisaran-afirma\/\" \/>\n<meta property=\"og:site_name\" content=\"NOTICIAS DE LA 4T\" \/>\n<meta property=\"article:published_time\" content=\"2021-07-02T12:00:02+00:00\" \/>\n<meta property=\"og:image\" content=\"https:\/\/redamlo.com\/wp-content\/uploads\/2021\/07\/Cumplimos-el-compromiso-de-no-aumentar-precios-de-los-combustibles-Lopez-Obrador-variaciones-en-el-precio-del-gas-se-revisaran-afirma.jpg\" \/>\n\t<meta property=\"og:image:width\" content=\"1499\" \/>\n\t<meta property=\"og:image:height\" content=\"821\" \/>\n\t<meta property=\"og:image:type\" content=\"image\/jpeg\" \/>\n<meta name=\"author\" content=\"Blanca\" \/>\n<meta name=\"twitter:card\" content=\"summary_large_image\" \/>\n<meta name=\"twitter:label1\" content=\"Escrito por\" \/>\n\t<meta name=\"twitter:data1\" content=\"Blanca\" \/>\n\t<meta name=\"twitter:label2\" content=\"Tiempo de lectura\" \/>\n\t<meta name=\"twitter:data2\" content=\"1 minuto\" \/>\n<script type=\"application\/ld+json\" class=\"yoast-schema-graph\">{\"@context\":\"https:\\\/\\\/schema.org\",\"@graph\":[{\"@type\":\"Article\",\"@id\":\"https:\\\/\\\/redamlo.com\\\/index.php\\\/2021\\\/07\\\/02\\\/cumplimos-el-compromiso-de-no-aumentar-precios-de-los-combustibles-lopez-obrador-variaciones-en-el-precio-del-gas-se-revisaran-afirma\\\/#article\",\"isPartOf\":{\"@id\":\"https:\\\/\\\/redamlo.com\\\/index.php\\\/2021\\\/07\\\/02\\\/cumplimos-el-compromiso-de-no-aumentar-precios-de-los-combustibles-lopez-obrador-variaciones-en-el-precio-del-gas-se-revisaran-afirma\\\/\"},\"author\":{\"name\":\"Blanca\",\"@id\":\"https:\\\/\\\/redamlo.com\\\/#\\\/schema\\\/person\\\/7223a4375eb8f1a782fcae010a7115cf\"},\"headline\":\"Cumplimos el compromiso de no aumentar precios de los combustibles: L\u00f3pez Obrador; variaciones en el precio del gas se revisar\u00e1n, afirma\",\"datePublished\":\"2021-07-02T12:00:02+00:00\",\"mainEntityOfPage\":{\"@id\":\"https:\\\/\\\/redamlo.com\\\/index.php\\\/2021\\\/07\\\/02\\\/cumplimos-el-compromiso-de-no-aumentar-precios-de-los-combustibles-lopez-obrador-variaciones-en-el-precio-del-gas-se-revisaran-afirma\\\/\"},\"wordCount\":265,\"commentCount\":0,\"publisher\":{\"@id\":\"https:\\\/\\\/redamlo.com\\\/#organization\"},\"image\":{\"@id\":\"https:\\\/\\\/redamlo.com\\\/index.php\\\/2021\\\/07\\\/02\\\/cumplimos-el-compromiso-de-no-aumentar-precios-de-los-combustibles-lopez-obrador-variaciones-en-el-precio-del-gas-se-revisaran-afirma\\\/#primaryimage\"},\"thumbnailUrl\":\"https:\\\/\\\/redamlo.com\\\/wp-content\\\/uploads\\\/2021\\\/07\\\/Cumplimos-el-compromiso-de-no-aumentar-precios-de-los-combustibles-Lopez-Obrador-variaciones-en-el-precio-del-gas-se-revisaran-afirma.jpg\",\"keywords\":[\"AMLO\",\"Andr\u00e9s Manuel L\u00f3pez Obrador\",\"combustibles\",\"Cuarta Transformaci\u00f3n\",\"Gobierno de M\u00e9xico\",\"M\u00e9xico\",\"no aumentar precios\"],\"articleSection\":[\"4T\",\"Nacionales\",\"Presidencia\"],\"inLanguage\":\"es\",\"potentialAction\":[{\"@type\":\"CommentAction\",\"name\":\"Comment\",\"target\":[\"https:\\\/\\\/redamlo.com\\\/index.php\\\/2021\\\/07\\\/02\\\/cumplimos-el-compromiso-de-no-aumentar-precios-de-los-combustibles-lopez-obrador-variaciones-en-el-precio-del-gas-se-revisaran-afirma\\\/#respond\"]}]},{\"@type\":\"WebPage\",\"@id\":\"https:\\\/\\\/redamlo.com\\\/index.php\\\/2021\\\/07\\\/02\\\/cumplimos-el-compromiso-de-no-aumentar-precios-de-los-combustibles-lopez-obrador-variaciones-en-el-precio-del-gas-se-revisaran-afirma\\\/\",\"url\":\"https:\\\/\\\/redamlo.com\\\/index.php\\\/2021\\\/07\\\/02\\\/cumplimos-el-compromiso-de-no-aumentar-precios-de-los-combustibles-lopez-obrador-variaciones-en-el-precio-del-gas-se-revisaran-afirma\\\/\",\"name\":\"Cumplimos el compromiso de no aumentar precios de los combustibles: L\u00f3pez Obrador; variaciones en el precio del gas se revisar\u00e1n, afirma - NOTICIAS DE LA 4T\",\"isPartOf\":{\"@id\":\"https:\\\/\\\/redamlo.com\\\/#website\"},\"primaryImageOfPage\":{\"@id\":\"https:\\\/\\\/redamlo.com\\\/index.php\\\/2021\\\/07\\\/02\\\/cumplimos-el-compromiso-de-no-aumentar-precios-de-los-combustibles-lopez-obrador-variaciones-en-el-precio-del-gas-se-revisaran-afirma\\\/#primaryimage\"},\"image\":{\"@id\":\"https:\\\/\\\/redamlo.com\\\/index.php\\\/2021\\\/07\\\/02\\\/cumplimos-el-compromiso-de-no-aumentar-precios-de-los-combustibles-lopez-obrador-variaciones-en-el-precio-del-gas-se-revisaran-afirma\\\/#primaryimage\"},\"thumbnailUrl\":\"https:\\\/\\\/redamlo.com\\\/wp-content\\\/uploads\\\/2021\\\/07\\\/Cumplimos-el-compromiso-de-no-aumentar-precios-de-los-combustibles-Lopez-Obrador-variaciones-en-el-precio-del-gas-se-revisaran-afirma.jpg\",\"datePublished\":\"2021-07-02T12:00:02+00:00\",\"breadcrumb\":{\"@id\":\"https:\\\/\\\/redamlo.com\\\/index.php\\\/2021\\\/07\\\/02\\\/cumplimos-el-compromiso-de-no-aumentar-precios-de-los-combustibles-lopez-obrador-variaciones-en-el-precio-del-gas-se-revisaran-afirma\\\/#breadcrumb\"},\"inLanguage\":\"es\",\"potentialAction\":[{\"@type\":\"ReadAction\",\"target\":[\"https:\\\/\\\/redamlo.com\\\/index.php\\\/2021\\\/07\\\/02\\\/cumplimos-el-compromiso-de-no-aumentar-precios-de-los-combustibles-lopez-obrador-variaciones-en-el-precio-del-gas-se-revisaran-afirma\\\/\"]}]},{\"@type\":\"ImageObject\",\"inLanguage\":\"es\",\"@id\":\"https:\\\/\\\/redamlo.com\\\/index.php\\\/2021\\\/07\\\/02\\\/cumplimos-el-compromiso-de-no-aumentar-precios-de-los-combustibles-lopez-obrador-variaciones-en-el-precio-del-gas-se-revisaran-afirma\\\/#primaryimage\",\"url\":\"https:\\\/\\\/redamlo.com\\\/wp-content\\\/uploads\\\/2021\\\/07\\\/Cumplimos-el-compromiso-de-no-aumentar-precios-de-los-combustibles-Lopez-Obrador-variaciones-en-el-precio-del-gas-se-revisaran-afirma.jpg\",\"contentUrl\":\"https:\\\/\\\/redamlo.com\\\/wp-content\\\/uploads\\\/2021\\\/07\\\/Cumplimos-el-compromiso-de-no-aumentar-precios-de-los-combustibles-Lopez-Obrador-variaciones-en-el-precio-del-gas-se-revisaran-afirma.jpg\",\"width\":1499,\"height\":821},{\"@type\":\"BreadcrumbList\",\"@id\":\"https:\\\/\\\/redamlo.com\\\/index.php\\\/2021\\\/07\\\/02\\\/cumplimos-el-compromiso-de-no-aumentar-precios-de-los-combustibles-lopez-obrador-variaciones-en-el-precio-del-gas-se-revisaran-afirma\\\/#breadcrumb\",\"itemListElement\":[{\"@type\":\"ListItem\",\"position\":1,\"name\":\"Inicio\",\"item\":\"https:\\\/\\\/redamlo.com\\\/\"},{\"@type\":\"ListItem\",\"position\":2,\"name\":\"Cumplimos el compromiso de no aumentar precios de los combustibles: L\u00f3pez Obrador; variaciones en el precio del gas se revisar\u00e1n, afirma\"}]},{\"@type\":\"WebSite\",\"@id\":\"https:\\\/\\\/redamlo.com\\\/#website\",\"url\":\"https:\\\/\\\/redamlo.com\\\/\",\"name\":\"NOTICIAS DE LA 4T\",\"description\":\"\",\"publisher\":{\"@id\":\"https:\\\/\\\/redamlo.com\\\/#organization\"},\"potentialAction\":[{\"@type\":\"SearchAction\",\"target\":{\"@type\":\"EntryPoint\",\"urlTemplate\":\"https:\\\/\\\/redamlo.com\\\/?s={search_term_string}\"},\"query-input\":{\"@type\":\"PropertyValueSpecification\",\"valueRequired\":true,\"valueName\":\"search_term_string\"}}],\"inLanguage\":\"es\"},{\"@type\":\"Organization\",\"@id\":\"https:\\\/\\\/redamlo.com\\\/#organization\",\"name\":\"NOTICIAS DE LA 4T\",\"url\":\"https:\\\/\\\/redamlo.com\\\/\",\"logo\":{\"@type\":\"ImageObject\",\"inLanguage\":\"es\",\"@id\":\"https:\\\/\\\/redamlo.com\\\/#\\\/schema\\\/logo\\\/image\\\/\",\"url\":\"https:\\\/\\\/redamlo.com\\\/wp-content\\\/uploads\\\/2024\\\/08\\\/cropped-RED-AMLO-logo-50.png\",\"contentUrl\":\"https:\\\/\\\/redamlo.com\\\/wp-content\\\/uploads\\\/2024\\\/08\\\/cropped-RED-AMLO-logo-50.png\",\"width\":256,\"height\":256,\"caption\":\"NOTICIAS DE LA 4T\"},\"image\":{\"@id\":\"https:\\\/\\\/redamlo.com\\\/#\\\/schema\\\/logo\\\/image\\\/\"}},{\"@type\":\"Person\",\"@id\":\"https:\\\/\\\/redamlo.com\\\/#\\\/schema\\\/person\\\/7223a4375eb8f1a782fcae010a7115cf\",\"name\":\"Blanca\",\"image\":{\"@type\":\"ImageObject\",\"inLanguage\":\"es\",\"@id\":\"https:\\\/\\\/secure.gravatar.com\\\/avatar\\\/3f79bc8336367a4e6093eae8757acaaf61d1124834b905616de7829b0273426d?s=96&d=mm&r=g\",\"url\":\"https:\\\/\\\/secure.gravatar.com\\\/avatar\\\/3f79bc8336367a4e6093eae8757acaaf61d1124834b905616de7829b0273426d?s=96&d=mm&r=g\",\"contentUrl\":\"https:\\\/\\\/secure.gravatar.com\\\/avatar\\\/3f79bc8336367a4e6093eae8757acaaf61d1124834b905616de7829b0273426d?s=96&d=mm&r=g\",\"caption\":\"Blanca\"},\"url\":\"https:\\\/\\\/redamlo.com\\\/index.php\\\/author\\\/blanca\\\/\"}]}<\/script>\n<!-- \/ Yoast SEO plugin. -->","yoast_head_json":{"title":"Cumplimos el compromiso de no aumentar precios de los combustibles: L\u00f3pez Obrador; variaciones en el precio del gas se revisar\u00e1n, afirma - NOTICIAS DE LA 4T","robots":{"index":"noindex","follow":"follow","max-snippet":"max-snippet:-1","max-image-preview":"max-image-preview:large","max-video-preview":"max-video-preview:-1"},"og_locale":"es_MX","og_type":"article","og_title":"Cumplimos el compromiso de no aumentar precios de los combustibles: L\u00f3pez Obrador; variaciones en el precio del gas se revisar\u00e1n, afirma - NOTICIAS DE LA 4T","og_description":"M\u00c9XICO, 02 de julio de 2021.- El presidente de M\u00e9xico, Andr\u00e9s Manuel L\u00f3pez Obrador afirm\u00f3...","og_url":"https:\/\/redamlo.com\/index.php\/2021\/07\/02\/cumplimos-el-compromiso-de-no-aumentar-precios-de-los-combustibles-lopez-obrador-variaciones-en-el-precio-del-gas-se-revisaran-afirma\/","og_site_name":"NOTICIAS DE LA 4T","article_published_time":"2021-07-02T12:00:02+00:00","og_image":[{"width":1499,"height":821,"url":"https:\/\/redamlo.com\/wp-content\/uploads\/2021\/07\/Cumplimos-el-compromiso-de-no-aumentar-precios-de-los-combustibles-Lopez-Obrador-variaciones-en-el-precio-del-gas-se-revisaran-afirma.jpg","type":"image\/jpeg"}],"author":"Blanca","twitter_card":"summary_large_image","twitter_misc":{"Escrito por":"Blanca","Tiempo de lectura":"1 minuto"},"schema":{"@context":"https:\/\/schema.org","@graph":[{"@type":"Article","@id":"https:\/\/redamlo.com\/index.php\/2021\/07\/02\/cumplimos-el-compromiso-de-no-aumentar-precios-de-los-combustibles-lopez-obrador-variaciones-en-el-precio-del-gas-se-revisaran-afirma\/#article","isPartOf":{"@id":"https:\/\/redamlo.com\/index.php\/2021\/07\/02\/cumplimos-el-compromiso-de-no-aumentar-precios-de-los-combustibles-lopez-obrador-variaciones-en-el-precio-del-gas-se-revisaran-afirma\/"},"author":{"name":"Blanca","@id":"https:\/\/redamlo.com\/#\/schema\/person\/7223a4375eb8f1a782fcae010a7115cf"},"headline":"Cumplimos el compromiso de no aumentar precios de los combustibles: L\u00f3pez Obrador; variaciones en el precio del gas se revisar\u00e1n, afirma","datePublished":"2021-07-02T12:00:02+00:00","mainEntityOfPage":{"@id":"https:\/\/redamlo.com\/index.php\/2021\/07\/02\/cumplimos-el-compromiso-de-no-aumentar-precios-de-los-combustibles-lopez-obrador-variaciones-en-el-precio-del-gas-se-revisaran-afirma\/"},"wordCount":265,"commentCount":0,"publisher":{"@id":"https:\/\/redamlo.com\/#organization"},"image":{"@id":"https:\/\/redamlo.com\/index.php\/2021\/07\/02\/cumplimos-el-compromiso-de-no-aumentar-precios-de-los-combustibles-lopez-obrador-variaciones-en-el-precio-del-gas-se-revisaran-afirma\/#primaryimage"},"thumbnailUrl":"https:\/\/redamlo.com\/wp-content\/uploads\/2021\/07\/Cumplimos-el-compromiso-de-no-aumentar-precios-de-los-combustibles-Lopez-Obrador-variaciones-en-el-precio-del-gas-se-revisaran-afirma.jpg","keywords":["AMLO","Andr\u00e9s Manuel L\u00f3pez Obrador","combustibles","Cuarta Transformaci\u00f3n","Gobierno de M\u00e9xico","M\u00e9xico","no aumentar precios"],"articleSection":["4T","Nacionales","Presidencia"],"inLanguage":"es","potentialAction":[{"@type":"CommentAction","name":"Comment","target":["https:\/\/redamlo.com\/index.php\/2021\/07\/02\/cumplimos-el-compromiso-de-no-aumentar-precios-de-los-combustibles-lopez-obrador-variaciones-en-el-precio-del-gas-se-revisaran-afirma\/#respond"]}]},{"@type":"WebPage","@id":"https:\/\/redamlo.com\/index.php\/2021\/07\/02\/cumplimos-el-compromiso-de-no-aumentar-precios-de-los-combustibles-lopez-obrador-variaciones-en-el-precio-del-gas-se-revisaran-afirma\/","url":"https:\/\/redamlo.com\/index.php\/2021\/07\/02\/cumplimos-el-compromiso-de-no-aumentar-precios-de-los-combustibles-lopez-obrador-variaciones-en-el-precio-del-gas-se-revisaran-afirma\/","name":"Cumplimos el compromiso de no aumentar precios de los combustibles: L\u00f3pez Obrador; variaciones en el precio del gas se revisar\u00e1n, afirma - NOTICIAS DE LA 4T","isPartOf":{"@id":"https:\/\/redamlo.com\/#website"},"primaryImageOfPage":{"@id":"https:\/\/redamlo.com\/index.php\/2021\/07\/02\/cumplimos-el-compromiso-de-no-aumentar-precios-de-los-combustibles-lopez-obrador-variaciones-en-el-precio-del-gas-se-revisaran-afirma\/#primaryimage"},"image":{"@id":"https:\/\/redamlo.com\/index.php\/2021\/07\/02\/cumplimos-el-compromiso-de-no-aumentar-precios-de-los-combustibles-lopez-obrador-variaciones-en-el-precio-del-gas-se-revisaran-afirma\/#primaryimage"},"thumbnailUrl":"https:\/\/redamlo.com\/wp-content\/uploads\/2021\/07\/Cumplimos-el-compromiso-de-no-aumentar-precios-de-los-combustibles-Lopez-Obrador-variaciones-en-el-precio-del-gas-se-revisaran-afirma.jpg","datePublished":"2021-07-02T12:00:02+00:00","breadcrumb":{"@id":"https:\/\/redamlo.com\/index.php\/2021\/07\/02\/cumplimos-el-compromiso-de-no-aumentar-precios-de-los-combustibles-lopez-obrador-variaciones-en-el-precio-del-gas-se-revisaran-afirma\/#breadcrumb"},"inLanguage":"es","potentialAction":[{"@type":"ReadAction","target":["https:\/\/redamlo.com\/index.php\/2021\/07\/02\/cumplimos-el-compromiso-de-no-aumentar-precios-de-los-combustibles-lopez-obrador-variaciones-en-el-precio-del-gas-se-revisaran-afirma\/"]}]},{"@type":"ImageObject","inLanguage":"es","@id":"https:\/\/redamlo.com\/index.php\/2021\/07\/02\/cumplimos-el-compromiso-de-no-aumentar-precios-de-los-combustibles-lopez-obrador-variaciones-en-el-precio-del-gas-se-revisaran-afirma\/#primaryimage","url":"https:\/\/redamlo.com\/wp-content\/uploads\/2021\/07\/Cumplimos-el-compromiso-de-no-aumentar-precios-de-los-combustibles-Lopez-Obrador-variaciones-en-el-precio-del-gas-se-revisaran-afirma.jpg","contentUrl":"https:\/\/redamlo.com\/wp-content\/uploads\/2021\/07\/Cumplimos-el-compromiso-de-no-aumentar-precios-de-los-combustibles-Lopez-Obrador-variaciones-en-el-precio-del-gas-se-revisaran-afirma.jpg","width":1499,"height":821},{"@type":"BreadcrumbList","@id":"https:\/\/redamlo.com\/index.php\/2021\/07\/02\/cumplimos-el-compromiso-de-no-aumentar-precios-de-los-combustibles-lopez-obrador-variaciones-en-el-precio-del-gas-se-revisaran-afirma\/#breadcrumb","itemListElement":[{"@type":"ListItem","position":1,"name":"Inicio","item":"https:\/\/redamlo.com\/"},{"@type":"ListItem","position":2,"name":"Cumplimos el compromiso de no aumentar precios de los combustibles: L\u00f3pez Obrador; variaciones en el precio del gas se revisar\u00e1n, afirma"}]},{"@type":"WebSite","@id":"https:\/\/redamlo.com\/#website","url":"https:\/\/redamlo.com\/","name":"NOTICIAS DE LA 4T","description":"","publisher":{"@id":"https:\/\/redamlo.com\/#organization"},"potentialAction":[{"@type":"SearchAction","target":{"@type":"EntryPoint","urlTemplate":"https:\/\/redamlo.com\/?s={search_term_string}"},"query-input":{"@type":"PropertyValueSpecification","valueRequired":true,"valueName":"search_term_string"}}],"inLanguage":"es"},{"@type":"Organization","@id":"https:\/\/redamlo.com\/#organization","name":"NOTICIAS DE LA 4T","url":"https:\/\/redamlo.com\/","logo":{"@type":"ImageObject","inLanguage":"es","@id":"https:\/\/redamlo.com\/#\/schema\/logo\/image\/","url":"https:\/\/redamlo.com\/wp-content\/uploads\/2024\/08\/cropped-RED-AMLO-logo-50.png","contentUrl":"https:\/\/redamlo.com\/wp-content\/uploads\/2024\/08\/cropped-RED-AMLO-logo-50.png","width":256,"height":256,"caption":"NOTICIAS DE LA 4T"},"image":{"@id":"https:\/\/redamlo.com\/#\/schema\/logo\/image\/"}},{"@type":"Person","@id":"https:\/\/redamlo.com\/#\/schema\/person\/7223a4375eb8f1a782fcae010a7115cf","name":"Blanca","image":{"@type":"ImageObject","inLanguage":"es","@id":"https:\/\/secure.gravatar.com\/avatar\/3f79bc8336367a4e6093eae8757acaaf61d1124834b905616de7829b0273426d?s=96&d=mm&r=g","url":"https:\/\/secure.gravatar.com\/avatar\/3f79bc8336367a4e6093eae8757acaaf61d1124834b905616de7829b0273426d?s=96&d=mm&r=g","contentUrl":"https:\/\/secure.gravatar.com\/avatar\/3f79bc8336367a4e6093eae8757acaaf61d1124834b905616de7829b0273426d?s=96&d=mm&r=g","caption":"Blanca"},"url":"https:\/\/redamlo.com\/index.php\/author\/blanca\/"}]}},"_links":{"self":[{"href":"https:\/\/redamlo.com\/index.php\/wp-json\/wp\/v2\/posts\/4837","targetHints":{"allow":["GET"]}}],"collection":[{"href":"https:\/\/redamlo.com\/index.php\/wp-json\/wp\/v2\/posts"}],"about":[{"href":"https:\/\/redamlo.com\/index.php\/wp-json\/wp\/v2\/types\/post"}],"author":[{"embeddable":true,"href":"https:\/\/redamlo.com\/index.php\/wp-json\/wp\/v2\/users\/2"}],"replies":[{"embeddable":true,"href":"https:\/\/redamlo.com\/index.php\/wp-json\/wp\/v2\/comments?post=4837"}],"version-history":[{"count":0,"href":"https:\/\/redamlo.com\/index.php\/wp-json\/wp\/v2\/posts\/4837\/revisions"}],"wp:featuredmedia":[{"embeddable":true,"href":"https:\/\/redamlo.com\/index.php\/wp-json\/wp\/v2\/media\/4840"}],"wp:attachment":[{"href":"https:\/\/redamlo.com\/index.php\/wp-json\/wp\/v2\/media?parent=4837"}],"wp:term":[{"taxonomy":"category","embeddable":true,"href":"https:\/\/redamlo.com\/index.php\/wp-json\/wp\/v2\/categories?post=4837"},{"taxonomy":"post_tag","embeddable":true,"href":"https:\/\/redamlo.com\/index.php\/wp-json\/wp\/v2\/tags?post=4837"}],"curies":[{"name":"wp","href":"https:\/\/api.w.org\/{rel}","templated":true}]}}