{"id":4833,"date":"2021-07-01T20:00:18","date_gmt":"2021-07-01T20:00:18","guid":{"rendered":"https:\/\/redamlo.com\/?p=4833"},"modified":"2021-07-01T20:00:18","modified_gmt":"2021-07-01T20:00:18","slug":"cuarta-transformacion-tiene-aprobacion-del-pueblo-de-mexico-afirma-lopez-obrador-en-tercer-aniversario-del-triunfo-democratico","status":"publish","type":"post","link":"https:\/\/redamlo.com\/index.php\/2021\/07\/01\/cuarta-transformacion-tiene-aprobacion-del-pueblo-de-mexico-afirma-lopez-obrador-en-tercer-aniversario-del-triunfo-democratico\/","title":{"rendered":"Cuarta Transformaci\u00f3n tiene aprobaci\u00f3n del pueblo de M\u00e9xico, afirma L\u00f3pez Obrador en tercer aniversario del triunfo democr\u00e1tico"},"content":{"rendered":"<div id=\":ez\" class=\"Ar Au Ao\">\n<div id=\":dw\" class=\"Am Al editable LW-avf tS-tW tS-tY\" style=\"text-align: justify;\" tabindex=\"1\" role=\"textbox\" contenteditable=\"true\" spellcheck=\"false\" aria-label=\"Cuerpo del mensaje\" aria-multiline=\"true\">\n<p><span style=\"font-family: Arial, Helvetica, sans-serif; color: #000000;\">M\u00c9XICO, 01 de julio de 2021.- A tres a\u00f1os del triunfo democr\u00e1tico del movimiento de transformaci\u00f3n que encabeza, el presidente de M\u00e9xico, Andr\u00e9s Manuel L\u00f3pez Obrador asegur\u00f3 que el pueblo de M\u00e9xico aprueba la labor del gobierno federal.<\/span><\/p>\n<p><span style=\"font-family: Arial, Helvetica, sans-serif; color: #000000;\">\u201cEstamos bien calificados, pero aspiramos a convencer a m\u00e1s gente que lo mejor para todos es elevar a rango supremo la honestidad y hacer gala, sentirnos orgullosos, de la gran reserva de valores culturales, morales y espirituales que heredamos de nuestros antepasados. (\u2026) Nadie, en honor a la verdad, podr\u00e1 decir que no he cumplido con mi compromiso de desterrar la corrupci\u00f3n y destinar mi imaginaci\u00f3n, experiencia y trabajo en beneficio del pueblo y de la naci\u00f3n\u201d, expres\u00f3.<\/span><\/p>\n<p><span style=\"font-family: Arial, Helvetica, sans-serif; color: #000000;\">Durante el informe trimestral de avances de la actual administraci\u00f3n dio a conocer resultados de una encuesta telef\u00f3nica nacional realizada por su gesti\u00f3n. En estos se se\u00f1ala que el 72.4 por ciento de las y los entrevistados est\u00e1n a favor de que concluya su mandato en 2024 y no antes de terminar su sexenio.<\/span><\/p>\n<p><span style=\"font-family: Arial, Helvetica, sans-serif; color: #000000;\">Asimismo, el mandatario expuso que el 64.7 por ciento de la muestra entrevistada consider\u00f3 que la Cuarta Transformaci\u00f3n signific\u00f3 un cambio importante para el pa\u00eds y que el 87.4 por ciento est\u00e1 de acuerdo al respecto. Resalt\u00f3 que en su desempe\u00f1o como titular del Poder Ejecutivo obtuvo una evaluaci\u00f3n de 6.7.<\/span><\/p>\n<p><span style=\"font-family: Arial, Helvetica, sans-serif; color: #000000;\">\u201cLos logros est\u00e1n a la vista. A pesar de la pandemia y del sufrimiento que acarre\u00f3, la gente no ha perdido la fe en un mejor porvenir, existen libertades plenas y poco a poco vamos pacificando al pa\u00eds sin violar derechos humanos y sin reprimir al pueblo. Me alegra que as\u00ed lo entienda la mayor\u00eda de los mexicanos. (\u2026) Gracias por refrendar su confianza en mi persona. Repito: yo siempre estar\u00e9 a la altura de ustedes y nunca, jam\u00e1s los traicionar\u00e9\u201d, asever\u00f3.<\/span><\/p>\n<p><span style=\"font-family: Arial, Helvetica, sans-serif; color: #000000;\">Sostuvo que las pol\u00edticas p\u00fablicas en beneficio de la poblaci\u00f3n vulnerable tendr\u00e1n continuidad porque estar\u00e1 garantizado el presupuesto destinado al desarrollo del pa\u00eds y al bienestar del pueblo.<\/span><\/p>\n<p><span style=\"font-family: Arial, Helvetica, sans-serif; color: #000000;\">Dijo que los opositores a la pol\u00edtica de bienestar \u201cno podr\u00e1n detener las ayudas destinadas a los pobres. No podr\u00e1n desaparecer, como lo quer\u00edan, la pensi\u00f3n a los adultos mayores, a las ni\u00f1as y ni\u00f1os con discapacidad, las becas para estudiantes de familias pobres, ni la atenci\u00f3n m\u00e9dica y los medicamentos gratuitos\u201d.<\/span><\/p>\n<p><span style=\"font-family: Arial, Helvetica, sans-serif; color: #000000;\">El jefe del Ejecutivo afirm\u00f3 que seguir\u00e1 y se fortalecer\u00e1 la implementaci\u00f3n de programas y proyectos estrat\u00e9gicos, como Sembrando Vida, J\u00f3venes Construyendo el Futuro, el Aeropuerto Internacional General Felipe \u00c1ngeles, el Tren Maya, las sucursales del Banco del Bienestar, el corredor del Istmo de Tehuantepec y la cobertura de la empresa CFE Internet para Todos.<\/span><\/p>\n<p><span style=\"font-family: Arial, Helvetica, sans-serif; color: #000000;\">\u201cEs un deber colectivo de las naciones ofrecer a cada una de sus hijas e hijos una cuna para nacer, un pupitre para aprender, herramientas para trabajar, una cama para dormir, una mesa para comer, un techo para guarecerse, un lugar en el hospital para curarse y una tumba para descansar. \u00bfY cu\u00e1l es la recompensa que obtendremos por dedicar el tiempo posible a esta noble tarea? Ser\u00e1 el de estar bien con nuestra conciencia y con el pr\u00f3jimo, y gozar de la inmensa felicidad que produce el ayudar a vivir, a todas y todos, en un pa\u00eds m\u00e1s libre, m\u00e1s justo, m\u00e1s seguro, m\u00e1s pac\u00edfico y m\u00e1s pr\u00f3spero\u201d, apunt\u00f3.<\/span><\/p>\n<p><strong><span style=\"font-family: Arial, Helvetica, sans-serif; color: #000000;\">M\u00e9xico transita por fase de recuperaci\u00f3n sanitaria y econ\u00f3mica<\/span><\/strong><\/p>\n<p><span style=\"font-family: Arial, Helvetica, sans-serif; color: #000000;\">Durante el informe a la naci\u00f3n, el presidente de M\u00e9xico, Andr\u00e9s Manuel L\u00f3pez Obrador destac\u00f3 que en el \u00faltimo trimestre el pa\u00eds muestra signos alentadores de recuperaci\u00f3n en materia de salud y econ\u00f3mica.<\/span><\/p>\n<p><span style=\"font-family: Arial, Helvetica, sans-serif; color: #000000;\">En cuanto a la crisis sanitaria que gener\u00f3 la pandemia de Covid-19, detall\u00f3 que de abril a junio se redujo considerablemente el n\u00famero de contagios y se han registrado menos fallecimientos a causa de la infecci\u00f3n grave por el virus SARS-CoV-2.<\/span><\/p>\n<p><span style=\"font-family: Arial, Helvetica, sans-serif; color: #000000;\">El control de la epidemia en M\u00e9xico, dijo, es producto de la colaboraci\u00f3n de la poblaci\u00f3n con las autoridades y del esfuerzo del personal m\u00e9dico que trabaja diariamente para salvar vidas.<\/span><\/p>\n<p><span style=\"font-family: Arial, Helvetica, sans-serif; color: #000000;\">En cuanto a la actuaci\u00f3n del gobierno federal, \u201chemos hecho todo lo humanamente posible para enfrentar la pandemia y salvar vidas. Es p\u00fablico y notorio que informamos y respondimos a tiempo, que levantamos con oportunidad el sistema de salud p\u00fablica, que estaba en ruinas. No titubeamos en destinar recursos a la atenci\u00f3n de la pandemia\u201d.<\/span><\/p>\n<p><span style=\"font-family: Arial, Helvetica, sans-serif; color: #000000;\">Expuso que en 15 meses el presupuesto de salud se ha incrementado en 70 mil millones de pesos. Con estos recursos se terminaron, reconvirtieron y equiparon hospitales; adem\u00e1s se contrat\u00f3 y capacit\u00f3 a m\u00e1s de 70 mil trabajadores de la salud con el prop\u00f3sito de que ninguna persona enferma se quedara sin una cama, equipo de respiraci\u00f3n o personal de salud que lo atendiera de manera oportuna.<\/span><\/p>\n<p><span style=\"font-family: Arial, Helvetica, sans-serif; color: #000000;\">Debido a estas acciones el pa\u00eds no est\u00e1 colocado, ni en Am\u00e9rica ni en el resto del mundo, en los primeros lugares en mortalidad por Covid, acot\u00f3 el presidente.<\/span><\/p>\n<p><span style=\"font-family: Arial, Helvetica, sans-serif; color: #000000;\">Afirm\u00f3 que el Plan Nacional de Vacunaci\u00f3n es eficaz. Hasta este d\u00eda, el 35 por ciento de la poblaci\u00f3n mayor de 18 a\u00f1os ya fue vacunada y han llegado 57 millones 336 mil 595 dosis de vacunas Pfizer, Sinovac, Sputnik, AstraZeneca, Janssen de Johnson &amp; Johnson y Cansino.<\/span><\/p>\n<p><span style=\"font-family: Arial, Helvetica, sans-serif; color: #000000;\">\u201cReitero el compromiso de vacunar aun con una dosis a todos los mayores de 18 a\u00f1os del pa\u00eds, para el mes de octubre, con el prop\u00f3sito de que lleguemos al invierno m\u00e1s protegidos\u201d, enfatiz\u00f3.<\/span><\/p>\n<p><span style=\"font-family: Arial, Helvetica, sans-serif; color: #000000;\">El mandatario agradeci\u00f3 la solidaridad de las farmac\u00e9uticas y los gobiernos de Cuba, Argentina, Estados Unidos, Rusia, China e India durante la pandemia.<\/span><\/p>\n<p><span style=\"font-family: Arial, Helvetica, sans-serif; color: #000000;\">En cuanto a la econom\u00eda, el presidente inform\u00f3 que las previsiones de crecimiento son del 6 por ciento.<\/span><\/p>\n<p><span style=\"font-family: Arial, Helvetica, sans-serif; color: #000000;\">La mejora en la situaci\u00f3n sanitaria contribuye a la normalizaci\u00f3n de la actividad productiva, educativa y social del pa\u00eds, asegur\u00f3.<\/span><\/p>\n<p><span style=\"font-family: Arial, Helvetica, sans-serif; color: #000000;\">Aun con la pandemia el campo produce sin limitaciones e incluso el a\u00f1o pasado la producci\u00f3n agropecuaria aument\u00f3 2 por ciento.<\/span><\/p>\n<p><span style=\"font-family: Arial, Helvetica, sans-serif; color: #000000;\">Por otro lado, se recuperan el sector industrial, el comercio, el turismo, los restaurantes y la aviaci\u00f3n.<\/span><\/p>\n<p><span style=\"font-family: Arial, Helvetica, sans-serif; color: #000000;\">Adelant\u00f3 que el gobierno federal mantendr\u00e1 la pol\u00edtica de no contratar deuda adicional y no aumentar en t\u00e9rminos reales los precios de las gasolinas, el di\u00e9sel, el gas y la luz.<\/span><\/p>\n<p><span style=\"font-family: Arial, Helvetica, sans-serif; color: #000000;\">Apunt\u00f3 que el peso no se ha devaluado, el salario m\u00ednimo ha aumentado en 44 por ciento y la inflaci\u00f3n se mantiene estable.<\/span><\/p>\n<p><span style=\"font-family: Arial, Helvetica, sans-serif; color: #000000;\">Las reservas del Banco de M\u00e9xico han aumentado 11 por ciento. A finales de la administraci\u00f3n pasada, el 30 de noviembre de 2018, eran de 173 mil 775 millones de d\u00f3lares, actualmente son de 192 mil 886 millones de d\u00f3lares.<\/span><\/p>\n<p><span style=\"font-family: Arial, Helvetica, sans-serif; color: #000000;\">En materia de empleo, de los 20 millones 613 mil 536 trabajadores inscritos en el Seguro Social antes de la pandemia, se han recuperado 957 mil 248 y en los pr\u00f3ximos tres meses se espera recuperar 438 mil 156 para alcanzar el nivel previo a la crisis sanitaria.<\/span><\/p>\n<p><span style=\"font-family: Arial, Helvetica, sans-serif; color: #000000;\">\u201cNo ha habido asaltos a comercios ni actos de vandalismo o desesperaci\u00f3n por hambre o desatenci\u00f3n a las necesidades b\u00e1sicas de la gente\u201d, subray\u00f3.<\/span><\/p>\n<p><span style=\"font-family: Arial, Helvetica, sans-serif; color: #000000;\">En el rubro de seguridad p\u00fablica, la incidencia delictiva mantiene una tendencia a la baja: los homicidios han disminuido 2 por ciento; el robo de veh\u00edculo, 40 por ciento; el secuestro, 41 por ciento y el robo a casa habitaci\u00f3n, 26 por ciento, a\u00f1adi\u00f3.<\/span><\/p>\n<p><span style=\"font-family: Arial, Helvetica, sans-serif; color: #000000;\">Acompa\u00f1aron al presidente integrantes del Gabinete Legal y Ampliado.<\/span><\/p>\n<p><iframe loading=\"lazy\" title=\"3er a\u00f1o del triunfo hist\u00f3rico democr\u00e1tico\" width=\"640\" height=\"360\" src=\"https:\/\/www.youtube.com\/embed\/5jvLy-62kxk?feature=oembed\" frameborder=\"0\" allow=\"accelerometer; autoplay; clipboard-write; encrypted-media; gyroscope; picture-in-picture; web-share\" referrerpolicy=\"strict-origin-when-cross-origin\" allowfullscreen><\/iframe><\/p>\n<\/div>\n<\/div>\n","protected":false},"excerpt":{"rendered":"<p>M\u00c9XICO, 01 de julio de 2021.- A tres a\u00f1os del triunfo democr\u00e1tico del movimiento de&#8230;<\/p>\n","protected":false},"author":2,"featured_media":4836,"comment_status":"open","ping_status":"closed","sticky":false,"template":"","format":"standard","meta":{"footnotes":""},"categories":[25,20,27],"tags":[84,131,1090,442,556,9,1091,1092],"class_list":["post-4833","post","type-post","status-publish","format-standard","has-post-thumbnail","hentry","category-4t","category-nacionales","category-presidencia","tag-amlo","tag-andres-manuel-lopez-obrador","tag-aprobacion-del-pueblo","tag-cuarta-transformacion","tag-gobierno-de-mexico","tag-mexico","tag-tercer-aniversario","tag-triunfo-democratico"],"yoast_head":"<!-- This site is optimized with the Yoast SEO plugin v27.5 - https:\/\/yoast.com\/product\/yoast-seo-wordpress\/ -->\n<title>Cuarta Transformaci\u00f3n tiene aprobaci\u00f3n del pueblo de M\u00e9xico, afirma L\u00f3pez Obrador en tercer aniversario del triunfo democr\u00e1tico - NOTICIAS DE LA 4T<\/title>\n<meta name=\"robots\" content=\"noindex, follow, max-snippet:-1, max-image-preview:large, max-video-preview:-1\" \/>\n<meta property=\"og:locale\" content=\"es_MX\" \/>\n<meta property=\"og:type\" content=\"article\" \/>\n<meta property=\"og:title\" content=\"Cuarta Transformaci\u00f3n tiene aprobaci\u00f3n del pueblo de M\u00e9xico, afirma L\u00f3pez Obrador en tercer aniversario del triunfo democr\u00e1tico - NOTICIAS DE LA 4T\" \/>\n<meta property=\"og:description\" content=\"M\u00c9XICO, 01 de julio de 2021.- A tres a\u00f1os del triunfo democr\u00e1tico del movimiento de...\" \/>\n<meta property=\"og:url\" content=\"https:\/\/redamlo.com\/index.php\/2021\/07\/01\/cuarta-transformacion-tiene-aprobacion-del-pueblo-de-mexico-afirma-lopez-obrador-en-tercer-aniversario-del-triunfo-democratico\/\" \/>\n<meta property=\"og:site_name\" content=\"NOTICIAS DE LA 4T\" \/>\n<meta property=\"article:published_time\" content=\"2021-07-01T20:00:18+00:00\" \/>\n<meta property=\"og:image\" content=\"https:\/\/redamlo.com\/wp-content\/uploads\/2021\/07\/Cuarta-Transformacion-tiene-aprobacion-del-pueblo-de-Mexico-afirma-Lopez-Obrador-en-tercer-aniversario-del-triunfo-democratico.jpg\" \/>\n\t<meta property=\"og:image:width\" content=\"1497\" \/>\n\t<meta property=\"og:image:height\" content=\"857\" \/>\n\t<meta property=\"og:image:type\" content=\"image\/jpeg\" \/>\n<meta name=\"author\" content=\"Blanca\" \/>\n<meta name=\"twitter:card\" content=\"summary_large_image\" \/>\n<meta name=\"twitter:label1\" content=\"Escrito por\" \/>\n\t<meta name=\"twitter:data1\" content=\"Blanca\" \/>\n\t<meta name=\"twitter:label2\" content=\"Tiempo de lectura\" \/>\n\t<meta name=\"twitter:data2\" content=\"6 minutos\" \/>\n<script type=\"application\/ld+json\" class=\"yoast-schema-graph\">{\"@context\":\"https:\\\/\\\/schema.org\",\"@graph\":[{\"@type\":\"Article\",\"@id\":\"https:\\\/\\\/redamlo.com\\\/index.php\\\/2021\\\/07\\\/01\\\/cuarta-transformacion-tiene-aprobacion-del-pueblo-de-mexico-afirma-lopez-obrador-en-tercer-aniversario-del-triunfo-democratico\\\/#article\",\"isPartOf\":{\"@id\":\"https:\\\/\\\/redamlo.com\\\/index.php\\\/2021\\\/07\\\/01\\\/cuarta-transformacion-tiene-aprobacion-del-pueblo-de-mexico-afirma-lopez-obrador-en-tercer-aniversario-del-triunfo-democratico\\\/\"},\"author\":{\"name\":\"Blanca\",\"@id\":\"https:\\\/\\\/redamlo.com\\\/#\\\/schema\\\/person\\\/7223a4375eb8f1a782fcae010a7115cf\"},\"headline\":\"Cuarta Transformaci\u00f3n tiene aprobaci\u00f3n del pueblo de M\u00e9xico, afirma L\u00f3pez Obrador en tercer aniversario del triunfo democr\u00e1tico\",\"datePublished\":\"2021-07-01T20:00:18+00:00\",\"mainEntityOfPage\":{\"@id\":\"https:\\\/\\\/redamlo.com\\\/index.php\\\/2021\\\/07\\\/01\\\/cuarta-transformacion-tiene-aprobacion-del-pueblo-de-mexico-afirma-lopez-obrador-en-tercer-aniversario-del-triunfo-democratico\\\/\"},\"wordCount\":1321,\"commentCount\":0,\"publisher\":{\"@id\":\"https:\\\/\\\/redamlo.com\\\/#organization\"},\"image\":{\"@id\":\"https:\\\/\\\/redamlo.com\\\/index.php\\\/2021\\\/07\\\/01\\\/cuarta-transformacion-tiene-aprobacion-del-pueblo-de-mexico-afirma-lopez-obrador-en-tercer-aniversario-del-triunfo-democratico\\\/#primaryimage\"},\"thumbnailUrl\":\"https:\\\/\\\/redamlo.com\\\/wp-content\\\/uploads\\\/2021\\\/07\\\/Cuarta-Transformacion-tiene-aprobacion-del-pueblo-de-Mexico-afirma-Lopez-Obrador-en-tercer-aniversario-del-triunfo-democratico.jpg\",\"keywords\":[\"AMLO\",\"Andr\u00e9s Manuel L\u00f3pez Obrador\",\"aprobaci\u00f3n del pueblo\",\"Cuarta Transformaci\u00f3n\",\"Gobierno de M\u00e9xico\",\"M\u00e9xico\",\"tercer aniversario\",\"triunfo democr\u00e1tico\"],\"articleSection\":[\"4T\",\"Nacionales\",\"Presidencia\"],\"inLanguage\":\"es\",\"potentialAction\":[{\"@type\":\"CommentAction\",\"name\":\"Comment\",\"target\":[\"https:\\\/\\\/redamlo.com\\\/index.php\\\/2021\\\/07\\\/01\\\/cuarta-transformacion-tiene-aprobacion-del-pueblo-de-mexico-afirma-lopez-obrador-en-tercer-aniversario-del-triunfo-democratico\\\/#respond\"]}]},{\"@type\":\"WebPage\",\"@id\":\"https:\\\/\\\/redamlo.com\\\/index.php\\\/2021\\\/07\\\/01\\\/cuarta-transformacion-tiene-aprobacion-del-pueblo-de-mexico-afirma-lopez-obrador-en-tercer-aniversario-del-triunfo-democratico\\\/\",\"url\":\"https:\\\/\\\/redamlo.com\\\/index.php\\\/2021\\\/07\\\/01\\\/cuarta-transformacion-tiene-aprobacion-del-pueblo-de-mexico-afirma-lopez-obrador-en-tercer-aniversario-del-triunfo-democratico\\\/\",\"name\":\"Cuarta Transformaci\u00f3n tiene aprobaci\u00f3n del pueblo de M\u00e9xico, afirma L\u00f3pez Obrador en tercer aniversario del triunfo democr\u00e1tico - NOTICIAS DE LA 4T\",\"isPartOf\":{\"@id\":\"https:\\\/\\\/redamlo.com\\\/#website\"},\"primaryImageOfPage\":{\"@id\":\"https:\\\/\\\/redamlo.com\\\/index.php\\\/2021\\\/07\\\/01\\\/cuarta-transformacion-tiene-aprobacion-del-pueblo-de-mexico-afirma-lopez-obrador-en-tercer-aniversario-del-triunfo-democratico\\\/#primaryimage\"},\"image\":{\"@id\":\"https:\\\/\\\/redamlo.com\\\/index.php\\\/2021\\\/07\\\/01\\\/cuarta-transformacion-tiene-aprobacion-del-pueblo-de-mexico-afirma-lopez-obrador-en-tercer-aniversario-del-triunfo-democratico\\\/#primaryimage\"},\"thumbnailUrl\":\"https:\\\/\\\/redamlo.com\\\/wp-content\\\/uploads\\\/2021\\\/07\\\/Cuarta-Transformacion-tiene-aprobacion-del-pueblo-de-Mexico-afirma-Lopez-Obrador-en-tercer-aniversario-del-triunfo-democratico.jpg\",\"datePublished\":\"2021-07-01T20:00:18+00:00\",\"breadcrumb\":{\"@id\":\"https:\\\/\\\/redamlo.com\\\/index.php\\\/2021\\\/07\\\/01\\\/cuarta-transformacion-tiene-aprobacion-del-pueblo-de-mexico-afirma-lopez-obrador-en-tercer-aniversario-del-triunfo-democratico\\\/#breadcrumb\"},\"inLanguage\":\"es\",\"potentialAction\":[{\"@type\":\"ReadAction\",\"target\":[\"https:\\\/\\\/redamlo.com\\\/index.php\\\/2021\\\/07\\\/01\\\/cuarta-transformacion-tiene-aprobacion-del-pueblo-de-mexico-afirma-lopez-obrador-en-tercer-aniversario-del-triunfo-democratico\\\/\"]}]},{\"@type\":\"ImageObject\",\"inLanguage\":\"es\",\"@id\":\"https:\\\/\\\/redamlo.com\\\/index.php\\\/2021\\\/07\\\/01\\\/cuarta-transformacion-tiene-aprobacion-del-pueblo-de-mexico-afirma-lopez-obrador-en-tercer-aniversario-del-triunfo-democratico\\\/#primaryimage\",\"url\":\"https:\\\/\\\/redamlo.com\\\/wp-content\\\/uploads\\\/2021\\\/07\\\/Cuarta-Transformacion-tiene-aprobacion-del-pueblo-de-Mexico-afirma-Lopez-Obrador-en-tercer-aniversario-del-triunfo-democratico.jpg\",\"contentUrl\":\"https:\\\/\\\/redamlo.com\\\/wp-content\\\/uploads\\\/2021\\\/07\\\/Cuarta-Transformacion-tiene-aprobacion-del-pueblo-de-Mexico-afirma-Lopez-Obrador-en-tercer-aniversario-del-triunfo-democratico.jpg\",\"width\":1497,\"height\":857},{\"@type\":\"BreadcrumbList\",\"@id\":\"https:\\\/\\\/redamlo.com\\\/index.php\\\/2021\\\/07\\\/01\\\/cuarta-transformacion-tiene-aprobacion-del-pueblo-de-mexico-afirma-lopez-obrador-en-tercer-aniversario-del-triunfo-democratico\\\/#breadcrumb\",\"itemListElement\":[{\"@type\":\"ListItem\",\"position\":1,\"name\":\"Inicio\",\"item\":\"https:\\\/\\\/redamlo.com\\\/\"},{\"@type\":\"ListItem\",\"position\":2,\"name\":\"Cuarta Transformaci\u00f3n tiene aprobaci\u00f3n del pueblo de M\u00e9xico, afirma L\u00f3pez Obrador en tercer aniversario del triunfo democr\u00e1tico\"}]},{\"@type\":\"WebSite\",\"@id\":\"https:\\\/\\\/redamlo.com\\\/#website\",\"url\":\"https:\\\/\\\/redamlo.com\\\/\",\"name\":\"NOTICIAS DE LA 4T\",\"description\":\"\",\"publisher\":{\"@id\":\"https:\\\/\\\/redamlo.com\\\/#organization\"},\"potentialAction\":[{\"@type\":\"SearchAction\",\"target\":{\"@type\":\"EntryPoint\",\"urlTemplate\":\"https:\\\/\\\/redamlo.com\\\/?s={search_term_string}\"},\"query-input\":{\"@type\":\"PropertyValueSpecification\",\"valueRequired\":true,\"valueName\":\"search_term_string\"}}],\"inLanguage\":\"es\"},{\"@type\":\"Organization\",\"@id\":\"https:\\\/\\\/redamlo.com\\\/#organization\",\"name\":\"NOTICIAS DE LA 4T\",\"url\":\"https:\\\/\\\/redamlo.com\\\/\",\"logo\":{\"@type\":\"ImageObject\",\"inLanguage\":\"es\",\"@id\":\"https:\\\/\\\/redamlo.com\\\/#\\\/schema\\\/logo\\\/image\\\/\",\"url\":\"https:\\\/\\\/redamlo.com\\\/wp-content\\\/uploads\\\/2024\\\/08\\\/cropped-RED-AMLO-logo-50.png\",\"contentUrl\":\"https:\\\/\\\/redamlo.com\\\/wp-content\\\/uploads\\\/2024\\\/08\\\/cropped-RED-AMLO-logo-50.png\",\"width\":256,\"height\":256,\"caption\":\"NOTICIAS DE LA 4T\"},\"image\":{\"@id\":\"https:\\\/\\\/redamlo.com\\\/#\\\/schema\\\/logo\\\/image\\\/\"}},{\"@type\":\"Person\",\"@id\":\"https:\\\/\\\/redamlo.com\\\/#\\\/schema\\\/person\\\/7223a4375eb8f1a782fcae010a7115cf\",\"name\":\"Blanca\",\"image\":{\"@type\":\"ImageObject\",\"inLanguage\":\"es\",\"@id\":\"https:\\\/\\\/secure.gravatar.com\\\/avatar\\\/3f79bc8336367a4e6093eae8757acaaf61d1124834b905616de7829b0273426d?s=96&d=mm&r=g\",\"url\":\"https:\\\/\\\/secure.gravatar.com\\\/avatar\\\/3f79bc8336367a4e6093eae8757acaaf61d1124834b905616de7829b0273426d?s=96&d=mm&r=g\",\"contentUrl\":\"https:\\\/\\\/secure.gravatar.com\\\/avatar\\\/3f79bc8336367a4e6093eae8757acaaf61d1124834b905616de7829b0273426d?s=96&d=mm&r=g\",\"caption\":\"Blanca\"},\"url\":\"https:\\\/\\\/redamlo.com\\\/index.php\\\/author\\\/blanca\\\/\"}]}<\/script>\n<!-- \/ Yoast SEO plugin. -->","yoast_head_json":{"title":"Cuarta Transformaci\u00f3n tiene aprobaci\u00f3n del pueblo de M\u00e9xico, afirma L\u00f3pez Obrador en tercer aniversario del triunfo democr\u00e1tico - NOTICIAS DE LA 4T","robots":{"index":"noindex","follow":"follow","max-snippet":"max-snippet:-1","max-image-preview":"max-image-preview:large","max-video-preview":"max-video-preview:-1"},"og_locale":"es_MX","og_type":"article","og_title":"Cuarta Transformaci\u00f3n tiene aprobaci\u00f3n del pueblo de M\u00e9xico, afirma L\u00f3pez Obrador en tercer aniversario del triunfo democr\u00e1tico - NOTICIAS DE LA 4T","og_description":"M\u00c9XICO, 01 de julio de 2021.- A tres a\u00f1os del triunfo democr\u00e1tico del movimiento de...","og_url":"https:\/\/redamlo.com\/index.php\/2021\/07\/01\/cuarta-transformacion-tiene-aprobacion-del-pueblo-de-mexico-afirma-lopez-obrador-en-tercer-aniversario-del-triunfo-democratico\/","og_site_name":"NOTICIAS DE LA 4T","article_published_time":"2021-07-01T20:00:18+00:00","og_image":[{"width":1497,"height":857,"url":"https:\/\/redamlo.com\/wp-content\/uploads\/2021\/07\/Cuarta-Transformacion-tiene-aprobacion-del-pueblo-de-Mexico-afirma-Lopez-Obrador-en-tercer-aniversario-del-triunfo-democratico.jpg","type":"image\/jpeg"}],"author":"Blanca","twitter_card":"summary_large_image","twitter_misc":{"Escrito por":"Blanca","Tiempo de lectura":"6 minutos"},"schema":{"@context":"https:\/\/schema.org","@graph":[{"@type":"Article","@id":"https:\/\/redamlo.com\/index.php\/2021\/07\/01\/cuarta-transformacion-tiene-aprobacion-del-pueblo-de-mexico-afirma-lopez-obrador-en-tercer-aniversario-del-triunfo-democratico\/#article","isPartOf":{"@id":"https:\/\/redamlo.com\/index.php\/2021\/07\/01\/cuarta-transformacion-tiene-aprobacion-del-pueblo-de-mexico-afirma-lopez-obrador-en-tercer-aniversario-del-triunfo-democratico\/"},"author":{"name":"Blanca","@id":"https:\/\/redamlo.com\/#\/schema\/person\/7223a4375eb8f1a782fcae010a7115cf"},"headline":"Cuarta Transformaci\u00f3n tiene aprobaci\u00f3n del pueblo de M\u00e9xico, afirma L\u00f3pez Obrador en tercer aniversario del triunfo democr\u00e1tico","datePublished":"2021-07-01T20:00:18+00:00","mainEntityOfPage":{"@id":"https:\/\/redamlo.com\/index.php\/2021\/07\/01\/cuarta-transformacion-tiene-aprobacion-del-pueblo-de-mexico-afirma-lopez-obrador-en-tercer-aniversario-del-triunfo-democratico\/"},"wordCount":1321,"commentCount":0,"publisher":{"@id":"https:\/\/redamlo.com\/#organization"},"image":{"@id":"https:\/\/redamlo.com\/index.php\/2021\/07\/01\/cuarta-transformacion-tiene-aprobacion-del-pueblo-de-mexico-afirma-lopez-obrador-en-tercer-aniversario-del-triunfo-democratico\/#primaryimage"},"thumbnailUrl":"https:\/\/redamlo.com\/wp-content\/uploads\/2021\/07\/Cuarta-Transformacion-tiene-aprobacion-del-pueblo-de-Mexico-afirma-Lopez-Obrador-en-tercer-aniversario-del-triunfo-democratico.jpg","keywords":["AMLO","Andr\u00e9s Manuel L\u00f3pez Obrador","aprobaci\u00f3n del pueblo","Cuarta Transformaci\u00f3n","Gobierno de M\u00e9xico","M\u00e9xico","tercer aniversario","triunfo democr\u00e1tico"],"articleSection":["4T","Nacionales","Presidencia"],"inLanguage":"es","potentialAction":[{"@type":"CommentAction","name":"Comment","target":["https:\/\/redamlo.com\/index.php\/2021\/07\/01\/cuarta-transformacion-tiene-aprobacion-del-pueblo-de-mexico-afirma-lopez-obrador-en-tercer-aniversario-del-triunfo-democratico\/#respond"]}]},{"@type":"WebPage","@id":"https:\/\/redamlo.com\/index.php\/2021\/07\/01\/cuarta-transformacion-tiene-aprobacion-del-pueblo-de-mexico-afirma-lopez-obrador-en-tercer-aniversario-del-triunfo-democratico\/","url":"https:\/\/redamlo.com\/index.php\/2021\/07\/01\/cuarta-transformacion-tiene-aprobacion-del-pueblo-de-mexico-afirma-lopez-obrador-en-tercer-aniversario-del-triunfo-democratico\/","name":"Cuarta Transformaci\u00f3n tiene aprobaci\u00f3n del pueblo de M\u00e9xico, afirma L\u00f3pez Obrador en tercer aniversario del triunfo democr\u00e1tico - NOTICIAS DE LA 4T","isPartOf":{"@id":"https:\/\/redamlo.com\/#website"},"primaryImageOfPage":{"@id":"https:\/\/redamlo.com\/index.php\/2021\/07\/01\/cuarta-transformacion-tiene-aprobacion-del-pueblo-de-mexico-afirma-lopez-obrador-en-tercer-aniversario-del-triunfo-democratico\/#primaryimage"},"image":{"@id":"https:\/\/redamlo.com\/index.php\/2021\/07\/01\/cuarta-transformacion-tiene-aprobacion-del-pueblo-de-mexico-afirma-lopez-obrador-en-tercer-aniversario-del-triunfo-democratico\/#primaryimage"},"thumbnailUrl":"https:\/\/redamlo.com\/wp-content\/uploads\/2021\/07\/Cuarta-Transformacion-tiene-aprobacion-del-pueblo-de-Mexico-afirma-Lopez-Obrador-en-tercer-aniversario-del-triunfo-democratico.jpg","datePublished":"2021-07-01T20:00:18+00:00","breadcrumb":{"@id":"https:\/\/redamlo.com\/index.php\/2021\/07\/01\/cuarta-transformacion-tiene-aprobacion-del-pueblo-de-mexico-afirma-lopez-obrador-en-tercer-aniversario-del-triunfo-democratico\/#breadcrumb"},"inLanguage":"es","potentialAction":[{"@type":"ReadAction","target":["https:\/\/redamlo.com\/index.php\/2021\/07\/01\/cuarta-transformacion-tiene-aprobacion-del-pueblo-de-mexico-afirma-lopez-obrador-en-tercer-aniversario-del-triunfo-democratico\/"]}]},{"@type":"ImageObject","inLanguage":"es","@id":"https:\/\/redamlo.com\/index.php\/2021\/07\/01\/cuarta-transformacion-tiene-aprobacion-del-pueblo-de-mexico-afirma-lopez-obrador-en-tercer-aniversario-del-triunfo-democratico\/#primaryimage","url":"https:\/\/redamlo.com\/wp-content\/uploads\/2021\/07\/Cuarta-Transformacion-tiene-aprobacion-del-pueblo-de-Mexico-afirma-Lopez-Obrador-en-tercer-aniversario-del-triunfo-democratico.jpg","contentUrl":"https:\/\/redamlo.com\/wp-content\/uploads\/2021\/07\/Cuarta-Transformacion-tiene-aprobacion-del-pueblo-de-Mexico-afirma-Lopez-Obrador-en-tercer-aniversario-del-triunfo-democratico.jpg","width":1497,"height":857},{"@type":"BreadcrumbList","@id":"https:\/\/redamlo.com\/index.php\/2021\/07\/01\/cuarta-transformacion-tiene-aprobacion-del-pueblo-de-mexico-afirma-lopez-obrador-en-tercer-aniversario-del-triunfo-democratico\/#breadcrumb","itemListElement":[{"@type":"ListItem","position":1,"name":"Inicio","item":"https:\/\/redamlo.com\/"},{"@type":"ListItem","position":2,"name":"Cuarta Transformaci\u00f3n tiene aprobaci\u00f3n del pueblo de M\u00e9xico, afirma L\u00f3pez Obrador en tercer aniversario del triunfo democr\u00e1tico"}]},{"@type":"WebSite","@id":"https:\/\/redamlo.com\/#website","url":"https:\/\/redamlo.com\/","name":"NOTICIAS DE LA 4T","description":"","publisher":{"@id":"https:\/\/redamlo.com\/#organization"},"potentialAction":[{"@type":"SearchAction","target":{"@type":"EntryPoint","urlTemplate":"https:\/\/redamlo.com\/?s={search_term_string}"},"query-input":{"@type":"PropertyValueSpecification","valueRequired":true,"valueName":"search_term_string"}}],"inLanguage":"es"},{"@type":"Organization","@id":"https:\/\/redamlo.com\/#organization","name":"NOTICIAS DE LA 4T","url":"https:\/\/redamlo.com\/","logo":{"@type":"ImageObject","inLanguage":"es","@id":"https:\/\/redamlo.com\/#\/schema\/logo\/image\/","url":"https:\/\/redamlo.com\/wp-content\/uploads\/2024\/08\/cropped-RED-AMLO-logo-50.png","contentUrl":"https:\/\/redamlo.com\/wp-content\/uploads\/2024\/08\/cropped-RED-AMLO-logo-50.png","width":256,"height":256,"caption":"NOTICIAS DE LA 4T"},"image":{"@id":"https:\/\/redamlo.com\/#\/schema\/logo\/image\/"}},{"@type":"Person","@id":"https:\/\/redamlo.com\/#\/schema\/person\/7223a4375eb8f1a782fcae010a7115cf","name":"Blanca","image":{"@type":"ImageObject","inLanguage":"es","@id":"https:\/\/secure.gravatar.com\/avatar\/3f79bc8336367a4e6093eae8757acaaf61d1124834b905616de7829b0273426d?s=96&d=mm&r=g","url":"https:\/\/secure.gravatar.com\/avatar\/3f79bc8336367a4e6093eae8757acaaf61d1124834b905616de7829b0273426d?s=96&d=mm&r=g","contentUrl":"https:\/\/secure.gravatar.com\/avatar\/3f79bc8336367a4e6093eae8757acaaf61d1124834b905616de7829b0273426d?s=96&d=mm&r=g","caption":"Blanca"},"url":"https:\/\/redamlo.com\/index.php\/author\/blanca\/"}]}},"_links":{"self":[{"href":"https:\/\/redamlo.com\/index.php\/wp-json\/wp\/v2\/posts\/4833","targetHints":{"allow":["GET"]}}],"collection":[{"href":"https:\/\/redamlo.com\/index.php\/wp-json\/wp\/v2\/posts"}],"about":[{"href":"https:\/\/redamlo.com\/index.php\/wp-json\/wp\/v2\/types\/post"}],"author":[{"embeddable":true,"href":"https:\/\/redamlo.com\/index.php\/wp-json\/wp\/v2\/users\/2"}],"replies":[{"embeddable":true,"href":"https:\/\/redamlo.com\/index.php\/wp-json\/wp\/v2\/comments?post=4833"}],"version-history":[{"count":0,"href":"https:\/\/redamlo.com\/index.php\/wp-json\/wp\/v2\/posts\/4833\/revisions"}],"wp:featuredmedia":[{"embeddable":true,"href":"https:\/\/redamlo.com\/index.php\/wp-json\/wp\/v2\/media\/4836"}],"wp:attachment":[{"href":"https:\/\/redamlo.com\/index.php\/wp-json\/wp\/v2\/media?parent=4833"}],"wp:term":[{"taxonomy":"category","embeddable":true,"href":"https:\/\/redamlo.com\/index.php\/wp-json\/wp\/v2\/categories?post=4833"},{"taxonomy":"post_tag","embeddable":true,"href":"https:\/\/redamlo.com\/index.php\/wp-json\/wp\/v2\/tags?post=4833"}],"curies":[{"name":"wp","href":"https:\/\/api.w.org\/{rel}","templated":true}]}}