{"id":4818,"date":"2021-06-29T12:00:40","date_gmt":"2021-06-29T12:00:40","guid":{"rendered":"https:\/\/redamlo.com\/?p=4818"},"modified":"2021-06-29T12:00:40","modified_gmt":"2021-06-29T12:00:40","slug":"lopez-obrador-llama-a-habitantes-de-sonora-a-vacunarse-contra-covid-19-contribuye-a-reducir-la-mortalidad-afirma","status":"publish","type":"post","link":"https:\/\/redamlo.com\/index.php\/2021\/06\/29\/lopez-obrador-llama-a-habitantes-de-sonora-a-vacunarse-contra-covid-19-contribuye-a-reducir-la-mortalidad-afirma\/","title":{"rendered":"L\u00f3pez Obrador llama a habitantes de Sonora a vacunarse contra Covid-19; contribuye a reducir la mortalidad, afirma"},"content":{"rendered":"<div id=\":ez\" class=\"Ar Au Ao\">\n<div id=\":dw\" class=\"Am Al editable LW-avf tS-tW tS-tY\" style=\"text-align: justify;\" tabindex=\"1\" role=\"textbox\" contenteditable=\"true\" spellcheck=\"false\" aria-label=\"Cuerpo del mensaje\" aria-multiline=\"true\">\n<p><span style=\"font-family: Arial, Helvetica, sans-serif; color: #000000;\">M\u00c9XICO, 29 de junio de 2021.- El presidente de M\u00e9xico, Andr\u00e9s Manuel L\u00f3pez Obrador llam\u00f3 a las y los habitantes de Sonora, de 18 a 39 a\u00f1os, a vacunarse contra Covid-19 como parte del operativo especial de inmunizaci\u00f3n que se lleva a cabo en municipios de la frontera con Estados Unidos para reabrirla y reanudar las actividades econ\u00f3micas.<\/span><\/p>\n<p><span style=\"font-family: Arial, Helvetica, sans-serif; color: #000000;\">\u201cQue todos se vacunen. Es voluntario pero hay que tomar en cuenta que es muy importante protegernos\u201d, expres\u00f3 en conferencia de prensa matutina.<\/span><\/p>\n<p><span style=\"font-family: Arial, Helvetica, sans-serif; color: #000000;\">Destac\u00f3 que gracias a la vacunaci\u00f3n de las personas adultas mayores, en M\u00e9xico disminuyeron las hospitalizaciones y defunciones entre este sector de la poblaci\u00f3n por coronavirus grave.<\/span><\/p>\n<p><span style=\"font-family: Arial, Helvetica, sans-serif; color: #000000;\">\u201cLa reducci\u00f3n de los fallecimientos es algo que nos llena de satisfacci\u00f3n, se ha logrado (\u2026) aun con los rebrotes que se est\u00e1n dando en algunas partes, que no son alarmantes, no aumenta el n\u00famero de fallecidos. Eso es muy bueno. (\u2026) La gente mayor afortunadamente ya est\u00e1 vacunada, ya est\u00e1 protegida, se est\u00e1 hospitalizando menos y, repito, lo que m\u00e1s debe darnos tranquilidad es que est\u00e1n perdiendo la vida menos adultos mayores. Entonces s\u00ed ayuda la vacuna\u201d, explic\u00f3 el mandatario.<\/span><\/p>\n<p><span style=\"font-family: Arial, Helvetica, sans-serif; color: #000000;\">Adicionalmente, se\u00f1al\u00f3, existen avances en el conocimiento sobre los diferentes tratamientos para la enfermedad que causa el virus SARS-CoV-2.<\/span><\/p>\n<p><span style=\"font-family: Arial, Helvetica, sans-serif; color: #000000;\">El jefe del Ejecutivo exhort\u00f3 a la poblaci\u00f3n a continuar los cuidados a nivel individual y colectivo para prevenir contagios. Dijo que es necesario mantener precauciones de manera simult\u00e1nea a la vacunaci\u00f3n, la cual se pretende concluir en octubre con la aplicaci\u00f3n de la primera dosis.<\/span><\/p>\n<p><strong><span style=\"font-family: Arial, Helvetica, sans-serif; color: #000000;\">Avanza vacunaci\u00f3n en Sonora: SSPC<\/span><\/strong><\/p>\n<p><span style=\"font-family: Arial, Helvetica, sans-serif; color: #000000;\">La secretaria de Seguridad y Protecci\u00f3n Ciudadana, Rosa Icela Rodr\u00edguez, inform\u00f3 que ya inici\u00f3 la vacunaci\u00f3n en cuatro municipios fronterizos de Sonora.<\/span><\/p>\n<p><span style=\"font-family: Arial, Helvetica, sans-serif; color: #000000;\">El s\u00e1bado se trasladaron las dosis excedentes de la vacuna Janssen de Johnson &amp; Johnson de Baja California a San Luis R\u00edo Colorado para ser aplicadas en dicho municipio, Puerto Pe\u00f1asco, Altar y General Plutarco El\u00edas Calles (Sonoyta).<\/span><\/p>\n<p><span style=\"font-family: Arial, Helvetica, sans-serif; color: #000000;\">Durante cuatro d\u00edas se colocar\u00e1 la dosis \u00fanica a 93 mil 395 personas. En una primera etapa se instalaron seis centros y participan 52 c\u00e9lulas de vacunaci\u00f3n.<\/span><\/p>\n<p><span style=\"font-family: Arial, Helvetica, sans-serif; color: #000000;\">A partir del jueves 1 y el viernes 2 de julio, las brigadas integradas por el Instituto Mexicano del Seguro Social, las secretar\u00edas de Salud, de la Defensa Nacional, de Marina, de Seguridad y Protecci\u00f3n Ciudadana y la Guardia Nacional continuar\u00e1n esta labor en Santa Cruz, Naco, Cananea, Saric, Caborca, Nogales y Agua Prieta. Ah\u00ed se proteger\u00e1 a la poblaci\u00f3n con dosis de la vacuna Pfizer.<\/span><\/p>\n<p><span style=\"font-family: Arial, Helvetica, sans-serif; color: #000000;\">El presidente de M\u00e9xico, Andr\u00e9s Manuel L\u00f3pez Obrador indic\u00f3 que en la frontera norte se aplican vacunas autorizadas por el gobierno de Estados Unidos \u201cporque no queremos problemas, pero es indebido. \u00bfC\u00f3mo no permitir la vacunaci\u00f3n con CanSino, Astra y Sputnik? Considero que es incorrecto\u201d.<\/span><\/p>\n<p><span style=\"font-family: Arial, Helvetica, sans-serif; color: #000000;\">Solicit\u00f3 a la Organizaci\u00f3n Mundial de la Salud pronunciarse sobre la restricci\u00f3n impuesta por parte de algunos gobiernos para que los viajeros ingresen sus pa\u00edses en funci\u00f3n de la vacuna que hayan recibido.<\/span><\/p>\n<p><span style=\"font-family: Arial, Helvetica, sans-serif; color: #000000;\">\u201cSi hay una vacuna que tiene un reconocimiento cient\u00edfico sea desacreditada por un gobierno y que no se permita al que se vacun\u00f3 con ese tipo de vacuna entrar a un pa\u00eds. Eso est\u00e1 muy mal pero as\u00ed suele pasar con los organismos internacionales, que les falta definici\u00f3n\u201d, apunt\u00f3.<\/span><\/p>\n<p><iframe loading=\"lazy\" title=\"Inicia en Sonora vacunaci\u00f3n universal contra COVID-19. Conferencia presidente AMLO\" width=\"640\" height=\"360\" src=\"https:\/\/www.youtube.com\/embed\/Vlv0piuDY9A?start=892&#038;feature=oembed\" frameborder=\"0\" allow=\"accelerometer; autoplay; clipboard-write; encrypted-media; gyroscope; picture-in-picture; web-share\" referrerpolicy=\"strict-origin-when-cross-origin\" allowfullscreen><\/iframe><\/p>\n<\/div>\n<\/div>\n","protected":false},"excerpt":{"rendered":"<p>M\u00c9XICO, 29 de junio de 2021.- El presidente de M\u00e9xico, Andr\u00e9s Manuel L\u00f3pez Obrador llam\u00f3&#8230;<\/p>\n","protected":false},"author":2,"featured_media":4821,"comment_status":"open","ping_status":"closed","sticky":false,"template":"","format":"standard","meta":{"footnotes":""},"categories":[25,20,27],"tags":[84,131,473,556,9,567,679,125,680,577],"class_list":["post-4818","post","type-post","status-publish","format-standard","has-post-thumbnail","hentry","category-4t","category-nacionales","category-presidencia","tag-amlo","tag-andres-manuel-lopez-obrador","tag-covid-19","tag-gobierno-de-mexico","tag-mexico","tag-pandemia","tag-rosa-icela-rodriguez","tag-sonora","tag-sspc","tag-vacunacion"],"yoast_head":"<!-- This site is optimized with the Yoast SEO plugin v27.5 - https:\/\/yoast.com\/product\/yoast-seo-wordpress\/ -->\n<title>L\u00f3pez Obrador llama a habitantes de Sonora a vacunarse contra Covid-19; contribuye a reducir la mortalidad, afirma - NOTICIAS DE LA 4T<\/title>\n<meta name=\"robots\" content=\"noindex, follow, max-snippet:-1, max-image-preview:large, max-video-preview:-1\" \/>\n<meta property=\"og:locale\" content=\"es_MX\" \/>\n<meta property=\"og:type\" content=\"article\" \/>\n<meta property=\"og:title\" content=\"L\u00f3pez Obrador llama a habitantes de Sonora a vacunarse contra Covid-19; contribuye a reducir la mortalidad, afirma - NOTICIAS DE LA 4T\" \/>\n<meta property=\"og:description\" content=\"M\u00c9XICO, 29 de junio de 2021.- El presidente de M\u00e9xico, Andr\u00e9s Manuel L\u00f3pez Obrador llam\u00f3...\" \/>\n<meta property=\"og:url\" content=\"https:\/\/redamlo.com\/index.php\/2021\/06\/29\/lopez-obrador-llama-a-habitantes-de-sonora-a-vacunarse-contra-covid-19-contribuye-a-reducir-la-mortalidad-afirma\/\" \/>\n<meta property=\"og:site_name\" content=\"NOTICIAS DE LA 4T\" \/>\n<meta property=\"article:published_time\" content=\"2021-06-29T12:00:40+00:00\" \/>\n<meta property=\"og:image\" content=\"https:\/\/redamlo.com\/wp-content\/uploads\/2021\/07\/Lopez-Obrador-llama-a-habitantes-de-Sonora-a-vacunarse-contra-Covid-19-contribuye-a-reducir-la-mortalidad-afirma.jpg\" \/>\n\t<meta property=\"og:image:width\" content=\"1501\" \/>\n\t<meta property=\"og:image:height\" content=\"895\" \/>\n\t<meta property=\"og:image:type\" content=\"image\/jpeg\" \/>\n<meta name=\"author\" content=\"Blanca\" \/>\n<meta name=\"twitter:card\" content=\"summary_large_image\" \/>\n<meta name=\"twitter:label1\" content=\"Escrito por\" \/>\n\t<meta name=\"twitter:data1\" content=\"Blanca\" \/>\n\t<meta name=\"twitter:label2\" content=\"Tiempo de lectura\" \/>\n\t<meta name=\"twitter:data2\" content=\"3 minutos\" \/>\n<script type=\"application\/ld+json\" class=\"yoast-schema-graph\">{\"@context\":\"https:\\\/\\\/schema.org\",\"@graph\":[{\"@type\":\"Article\",\"@id\":\"https:\\\/\\\/redamlo.com\\\/index.php\\\/2021\\\/06\\\/29\\\/lopez-obrador-llama-a-habitantes-de-sonora-a-vacunarse-contra-covid-19-contribuye-a-reducir-la-mortalidad-afirma\\\/#article\",\"isPartOf\":{\"@id\":\"https:\\\/\\\/redamlo.com\\\/index.php\\\/2021\\\/06\\\/29\\\/lopez-obrador-llama-a-habitantes-de-sonora-a-vacunarse-contra-covid-19-contribuye-a-reducir-la-mortalidad-afirma\\\/\"},\"author\":{\"name\":\"Blanca\",\"@id\":\"https:\\\/\\\/redamlo.com\\\/#\\\/schema\\\/person\\\/7223a4375eb8f1a782fcae010a7115cf\"},\"headline\":\"L\u00f3pez Obrador llama a habitantes de Sonora a vacunarse contra Covid-19; contribuye a reducir la mortalidad, afirma\",\"datePublished\":\"2021-06-29T12:00:40+00:00\",\"mainEntityOfPage\":{\"@id\":\"https:\\\/\\\/redamlo.com\\\/index.php\\\/2021\\\/06\\\/29\\\/lopez-obrador-llama-a-habitantes-de-sonora-a-vacunarse-contra-covid-19-contribuye-a-reducir-la-mortalidad-afirma\\\/\"},\"wordCount\":611,\"commentCount\":0,\"publisher\":{\"@id\":\"https:\\\/\\\/redamlo.com\\\/#organization\"},\"image\":{\"@id\":\"https:\\\/\\\/redamlo.com\\\/index.php\\\/2021\\\/06\\\/29\\\/lopez-obrador-llama-a-habitantes-de-sonora-a-vacunarse-contra-covid-19-contribuye-a-reducir-la-mortalidad-afirma\\\/#primaryimage\"},\"thumbnailUrl\":\"https:\\\/\\\/redamlo.com\\\/wp-content\\\/uploads\\\/2021\\\/07\\\/Lopez-Obrador-llama-a-habitantes-de-Sonora-a-vacunarse-contra-Covid-19-contribuye-a-reducir-la-mortalidad-afirma.jpg\",\"keywords\":[\"AMLO\",\"Andr\u00e9s Manuel L\u00f3pez Obrador\",\"COVID-19\",\"Gobierno de M\u00e9xico\",\"M\u00e9xico\",\"pandemia\",\"Rosa Icela Rodr\u00edguez\",\"Sonora\",\"SSPC\",\"vacunaci\u00f3n\"],\"articleSection\":[\"4T\",\"Nacionales\",\"Presidencia\"],\"inLanguage\":\"es\",\"potentialAction\":[{\"@type\":\"CommentAction\",\"name\":\"Comment\",\"target\":[\"https:\\\/\\\/redamlo.com\\\/index.php\\\/2021\\\/06\\\/29\\\/lopez-obrador-llama-a-habitantes-de-sonora-a-vacunarse-contra-covid-19-contribuye-a-reducir-la-mortalidad-afirma\\\/#respond\"]}]},{\"@type\":\"WebPage\",\"@id\":\"https:\\\/\\\/redamlo.com\\\/index.php\\\/2021\\\/06\\\/29\\\/lopez-obrador-llama-a-habitantes-de-sonora-a-vacunarse-contra-covid-19-contribuye-a-reducir-la-mortalidad-afirma\\\/\",\"url\":\"https:\\\/\\\/redamlo.com\\\/index.php\\\/2021\\\/06\\\/29\\\/lopez-obrador-llama-a-habitantes-de-sonora-a-vacunarse-contra-covid-19-contribuye-a-reducir-la-mortalidad-afirma\\\/\",\"name\":\"L\u00f3pez Obrador llama a habitantes de Sonora a vacunarse contra Covid-19; contribuye a reducir la mortalidad, afirma - NOTICIAS DE LA 4T\",\"isPartOf\":{\"@id\":\"https:\\\/\\\/redamlo.com\\\/#website\"},\"primaryImageOfPage\":{\"@id\":\"https:\\\/\\\/redamlo.com\\\/index.php\\\/2021\\\/06\\\/29\\\/lopez-obrador-llama-a-habitantes-de-sonora-a-vacunarse-contra-covid-19-contribuye-a-reducir-la-mortalidad-afirma\\\/#primaryimage\"},\"image\":{\"@id\":\"https:\\\/\\\/redamlo.com\\\/index.php\\\/2021\\\/06\\\/29\\\/lopez-obrador-llama-a-habitantes-de-sonora-a-vacunarse-contra-covid-19-contribuye-a-reducir-la-mortalidad-afirma\\\/#primaryimage\"},\"thumbnailUrl\":\"https:\\\/\\\/redamlo.com\\\/wp-content\\\/uploads\\\/2021\\\/07\\\/Lopez-Obrador-llama-a-habitantes-de-Sonora-a-vacunarse-contra-Covid-19-contribuye-a-reducir-la-mortalidad-afirma.jpg\",\"datePublished\":\"2021-06-29T12:00:40+00:00\",\"breadcrumb\":{\"@id\":\"https:\\\/\\\/redamlo.com\\\/index.php\\\/2021\\\/06\\\/29\\\/lopez-obrador-llama-a-habitantes-de-sonora-a-vacunarse-contra-covid-19-contribuye-a-reducir-la-mortalidad-afirma\\\/#breadcrumb\"},\"inLanguage\":\"es\",\"potentialAction\":[{\"@type\":\"ReadAction\",\"target\":[\"https:\\\/\\\/redamlo.com\\\/index.php\\\/2021\\\/06\\\/29\\\/lopez-obrador-llama-a-habitantes-de-sonora-a-vacunarse-contra-covid-19-contribuye-a-reducir-la-mortalidad-afirma\\\/\"]}]},{\"@type\":\"ImageObject\",\"inLanguage\":\"es\",\"@id\":\"https:\\\/\\\/redamlo.com\\\/index.php\\\/2021\\\/06\\\/29\\\/lopez-obrador-llama-a-habitantes-de-sonora-a-vacunarse-contra-covid-19-contribuye-a-reducir-la-mortalidad-afirma\\\/#primaryimage\",\"url\":\"https:\\\/\\\/redamlo.com\\\/wp-content\\\/uploads\\\/2021\\\/07\\\/Lopez-Obrador-llama-a-habitantes-de-Sonora-a-vacunarse-contra-Covid-19-contribuye-a-reducir-la-mortalidad-afirma.jpg\",\"contentUrl\":\"https:\\\/\\\/redamlo.com\\\/wp-content\\\/uploads\\\/2021\\\/07\\\/Lopez-Obrador-llama-a-habitantes-de-Sonora-a-vacunarse-contra-Covid-19-contribuye-a-reducir-la-mortalidad-afirma.jpg\",\"width\":1501,\"height\":895},{\"@type\":\"BreadcrumbList\",\"@id\":\"https:\\\/\\\/redamlo.com\\\/index.php\\\/2021\\\/06\\\/29\\\/lopez-obrador-llama-a-habitantes-de-sonora-a-vacunarse-contra-covid-19-contribuye-a-reducir-la-mortalidad-afirma\\\/#breadcrumb\",\"itemListElement\":[{\"@type\":\"ListItem\",\"position\":1,\"name\":\"Inicio\",\"item\":\"https:\\\/\\\/redamlo.com\\\/\"},{\"@type\":\"ListItem\",\"position\":2,\"name\":\"L\u00f3pez Obrador llama a habitantes de Sonora a vacunarse contra Covid-19; contribuye a reducir la mortalidad, afirma\"}]},{\"@type\":\"WebSite\",\"@id\":\"https:\\\/\\\/redamlo.com\\\/#website\",\"url\":\"https:\\\/\\\/redamlo.com\\\/\",\"name\":\"NOTICIAS DE LA 4T\",\"description\":\"\",\"publisher\":{\"@id\":\"https:\\\/\\\/redamlo.com\\\/#organization\"},\"potentialAction\":[{\"@type\":\"SearchAction\",\"target\":{\"@type\":\"EntryPoint\",\"urlTemplate\":\"https:\\\/\\\/redamlo.com\\\/?s={search_term_string}\"},\"query-input\":{\"@type\":\"PropertyValueSpecification\",\"valueRequired\":true,\"valueName\":\"search_term_string\"}}],\"inLanguage\":\"es\"},{\"@type\":\"Organization\",\"@id\":\"https:\\\/\\\/redamlo.com\\\/#organization\",\"name\":\"NOTICIAS DE LA 4T\",\"url\":\"https:\\\/\\\/redamlo.com\\\/\",\"logo\":{\"@type\":\"ImageObject\",\"inLanguage\":\"es\",\"@id\":\"https:\\\/\\\/redamlo.com\\\/#\\\/schema\\\/logo\\\/image\\\/\",\"url\":\"https:\\\/\\\/redamlo.com\\\/wp-content\\\/uploads\\\/2024\\\/08\\\/cropped-RED-AMLO-logo-50.png\",\"contentUrl\":\"https:\\\/\\\/redamlo.com\\\/wp-content\\\/uploads\\\/2024\\\/08\\\/cropped-RED-AMLO-logo-50.png\",\"width\":256,\"height\":256,\"caption\":\"NOTICIAS DE LA 4T\"},\"image\":{\"@id\":\"https:\\\/\\\/redamlo.com\\\/#\\\/schema\\\/logo\\\/image\\\/\"}},{\"@type\":\"Person\",\"@id\":\"https:\\\/\\\/redamlo.com\\\/#\\\/schema\\\/person\\\/7223a4375eb8f1a782fcae010a7115cf\",\"name\":\"Blanca\",\"image\":{\"@type\":\"ImageObject\",\"inLanguage\":\"es\",\"@id\":\"https:\\\/\\\/secure.gravatar.com\\\/avatar\\\/3f79bc8336367a4e6093eae8757acaaf61d1124834b905616de7829b0273426d?s=96&d=mm&r=g\",\"url\":\"https:\\\/\\\/secure.gravatar.com\\\/avatar\\\/3f79bc8336367a4e6093eae8757acaaf61d1124834b905616de7829b0273426d?s=96&d=mm&r=g\",\"contentUrl\":\"https:\\\/\\\/secure.gravatar.com\\\/avatar\\\/3f79bc8336367a4e6093eae8757acaaf61d1124834b905616de7829b0273426d?s=96&d=mm&r=g\",\"caption\":\"Blanca\"},\"url\":\"https:\\\/\\\/redamlo.com\\\/index.php\\\/author\\\/blanca\\\/\"}]}<\/script>\n<!-- \/ Yoast SEO plugin. -->","yoast_head_json":{"title":"L\u00f3pez Obrador llama a habitantes de Sonora a vacunarse contra Covid-19; contribuye a reducir la mortalidad, afirma - NOTICIAS DE LA 4T","robots":{"index":"noindex","follow":"follow","max-snippet":"max-snippet:-1","max-image-preview":"max-image-preview:large","max-video-preview":"max-video-preview:-1"},"og_locale":"es_MX","og_type":"article","og_title":"L\u00f3pez Obrador llama a habitantes de Sonora a vacunarse contra Covid-19; contribuye a reducir la mortalidad, afirma - NOTICIAS DE LA 4T","og_description":"M\u00c9XICO, 29 de junio de 2021.- El presidente de M\u00e9xico, Andr\u00e9s Manuel L\u00f3pez Obrador llam\u00f3...","og_url":"https:\/\/redamlo.com\/index.php\/2021\/06\/29\/lopez-obrador-llama-a-habitantes-de-sonora-a-vacunarse-contra-covid-19-contribuye-a-reducir-la-mortalidad-afirma\/","og_site_name":"NOTICIAS DE LA 4T","article_published_time":"2021-06-29T12:00:40+00:00","og_image":[{"width":1501,"height":895,"url":"https:\/\/redamlo.com\/wp-content\/uploads\/2021\/07\/Lopez-Obrador-llama-a-habitantes-de-Sonora-a-vacunarse-contra-Covid-19-contribuye-a-reducir-la-mortalidad-afirma.jpg","type":"image\/jpeg"}],"author":"Blanca","twitter_card":"summary_large_image","twitter_misc":{"Escrito por":"Blanca","Tiempo de lectura":"3 minutos"},"schema":{"@context":"https:\/\/schema.org","@graph":[{"@type":"Article","@id":"https:\/\/redamlo.com\/index.php\/2021\/06\/29\/lopez-obrador-llama-a-habitantes-de-sonora-a-vacunarse-contra-covid-19-contribuye-a-reducir-la-mortalidad-afirma\/#article","isPartOf":{"@id":"https:\/\/redamlo.com\/index.php\/2021\/06\/29\/lopez-obrador-llama-a-habitantes-de-sonora-a-vacunarse-contra-covid-19-contribuye-a-reducir-la-mortalidad-afirma\/"},"author":{"name":"Blanca","@id":"https:\/\/redamlo.com\/#\/schema\/person\/7223a4375eb8f1a782fcae010a7115cf"},"headline":"L\u00f3pez Obrador llama a habitantes de Sonora a vacunarse contra Covid-19; contribuye a reducir la mortalidad, afirma","datePublished":"2021-06-29T12:00:40+00:00","mainEntityOfPage":{"@id":"https:\/\/redamlo.com\/index.php\/2021\/06\/29\/lopez-obrador-llama-a-habitantes-de-sonora-a-vacunarse-contra-covid-19-contribuye-a-reducir-la-mortalidad-afirma\/"},"wordCount":611,"commentCount":0,"publisher":{"@id":"https:\/\/redamlo.com\/#organization"},"image":{"@id":"https:\/\/redamlo.com\/index.php\/2021\/06\/29\/lopez-obrador-llama-a-habitantes-de-sonora-a-vacunarse-contra-covid-19-contribuye-a-reducir-la-mortalidad-afirma\/#primaryimage"},"thumbnailUrl":"https:\/\/redamlo.com\/wp-content\/uploads\/2021\/07\/Lopez-Obrador-llama-a-habitantes-de-Sonora-a-vacunarse-contra-Covid-19-contribuye-a-reducir-la-mortalidad-afirma.jpg","keywords":["AMLO","Andr\u00e9s Manuel L\u00f3pez Obrador","COVID-19","Gobierno de M\u00e9xico","M\u00e9xico","pandemia","Rosa Icela Rodr\u00edguez","Sonora","SSPC","vacunaci\u00f3n"],"articleSection":["4T","Nacionales","Presidencia"],"inLanguage":"es","potentialAction":[{"@type":"CommentAction","name":"Comment","target":["https:\/\/redamlo.com\/index.php\/2021\/06\/29\/lopez-obrador-llama-a-habitantes-de-sonora-a-vacunarse-contra-covid-19-contribuye-a-reducir-la-mortalidad-afirma\/#respond"]}]},{"@type":"WebPage","@id":"https:\/\/redamlo.com\/index.php\/2021\/06\/29\/lopez-obrador-llama-a-habitantes-de-sonora-a-vacunarse-contra-covid-19-contribuye-a-reducir-la-mortalidad-afirma\/","url":"https:\/\/redamlo.com\/index.php\/2021\/06\/29\/lopez-obrador-llama-a-habitantes-de-sonora-a-vacunarse-contra-covid-19-contribuye-a-reducir-la-mortalidad-afirma\/","name":"L\u00f3pez Obrador llama a habitantes de Sonora a vacunarse contra Covid-19; contribuye a reducir la mortalidad, afirma - NOTICIAS DE LA 4T","isPartOf":{"@id":"https:\/\/redamlo.com\/#website"},"primaryImageOfPage":{"@id":"https:\/\/redamlo.com\/index.php\/2021\/06\/29\/lopez-obrador-llama-a-habitantes-de-sonora-a-vacunarse-contra-covid-19-contribuye-a-reducir-la-mortalidad-afirma\/#primaryimage"},"image":{"@id":"https:\/\/redamlo.com\/index.php\/2021\/06\/29\/lopez-obrador-llama-a-habitantes-de-sonora-a-vacunarse-contra-covid-19-contribuye-a-reducir-la-mortalidad-afirma\/#primaryimage"},"thumbnailUrl":"https:\/\/redamlo.com\/wp-content\/uploads\/2021\/07\/Lopez-Obrador-llama-a-habitantes-de-Sonora-a-vacunarse-contra-Covid-19-contribuye-a-reducir-la-mortalidad-afirma.jpg","datePublished":"2021-06-29T12:00:40+00:00","breadcrumb":{"@id":"https:\/\/redamlo.com\/index.php\/2021\/06\/29\/lopez-obrador-llama-a-habitantes-de-sonora-a-vacunarse-contra-covid-19-contribuye-a-reducir-la-mortalidad-afirma\/#breadcrumb"},"inLanguage":"es","potentialAction":[{"@type":"ReadAction","target":["https:\/\/redamlo.com\/index.php\/2021\/06\/29\/lopez-obrador-llama-a-habitantes-de-sonora-a-vacunarse-contra-covid-19-contribuye-a-reducir-la-mortalidad-afirma\/"]}]},{"@type":"ImageObject","inLanguage":"es","@id":"https:\/\/redamlo.com\/index.php\/2021\/06\/29\/lopez-obrador-llama-a-habitantes-de-sonora-a-vacunarse-contra-covid-19-contribuye-a-reducir-la-mortalidad-afirma\/#primaryimage","url":"https:\/\/redamlo.com\/wp-content\/uploads\/2021\/07\/Lopez-Obrador-llama-a-habitantes-de-Sonora-a-vacunarse-contra-Covid-19-contribuye-a-reducir-la-mortalidad-afirma.jpg","contentUrl":"https:\/\/redamlo.com\/wp-content\/uploads\/2021\/07\/Lopez-Obrador-llama-a-habitantes-de-Sonora-a-vacunarse-contra-Covid-19-contribuye-a-reducir-la-mortalidad-afirma.jpg","width":1501,"height":895},{"@type":"BreadcrumbList","@id":"https:\/\/redamlo.com\/index.php\/2021\/06\/29\/lopez-obrador-llama-a-habitantes-de-sonora-a-vacunarse-contra-covid-19-contribuye-a-reducir-la-mortalidad-afirma\/#breadcrumb","itemListElement":[{"@type":"ListItem","position":1,"name":"Inicio","item":"https:\/\/redamlo.com\/"},{"@type":"ListItem","position":2,"name":"L\u00f3pez Obrador llama a habitantes de Sonora a vacunarse contra Covid-19; contribuye a reducir la mortalidad, afirma"}]},{"@type":"WebSite","@id":"https:\/\/redamlo.com\/#website","url":"https:\/\/redamlo.com\/","name":"NOTICIAS DE LA 4T","description":"","publisher":{"@id":"https:\/\/redamlo.com\/#organization"},"potentialAction":[{"@type":"SearchAction","target":{"@type":"EntryPoint","urlTemplate":"https:\/\/redamlo.com\/?s={search_term_string}"},"query-input":{"@type":"PropertyValueSpecification","valueRequired":true,"valueName":"search_term_string"}}],"inLanguage":"es"},{"@type":"Organization","@id":"https:\/\/redamlo.com\/#organization","name":"NOTICIAS DE LA 4T","url":"https:\/\/redamlo.com\/","logo":{"@type":"ImageObject","inLanguage":"es","@id":"https:\/\/redamlo.com\/#\/schema\/logo\/image\/","url":"https:\/\/redamlo.com\/wp-content\/uploads\/2024\/08\/cropped-RED-AMLO-logo-50.png","contentUrl":"https:\/\/redamlo.com\/wp-content\/uploads\/2024\/08\/cropped-RED-AMLO-logo-50.png","width":256,"height":256,"caption":"NOTICIAS DE LA 4T"},"image":{"@id":"https:\/\/redamlo.com\/#\/schema\/logo\/image\/"}},{"@type":"Person","@id":"https:\/\/redamlo.com\/#\/schema\/person\/7223a4375eb8f1a782fcae010a7115cf","name":"Blanca","image":{"@type":"ImageObject","inLanguage":"es","@id":"https:\/\/secure.gravatar.com\/avatar\/3f79bc8336367a4e6093eae8757acaaf61d1124834b905616de7829b0273426d?s=96&d=mm&r=g","url":"https:\/\/secure.gravatar.com\/avatar\/3f79bc8336367a4e6093eae8757acaaf61d1124834b905616de7829b0273426d?s=96&d=mm&r=g","contentUrl":"https:\/\/secure.gravatar.com\/avatar\/3f79bc8336367a4e6093eae8757acaaf61d1124834b905616de7829b0273426d?s=96&d=mm&r=g","caption":"Blanca"},"url":"https:\/\/redamlo.com\/index.php\/author\/blanca\/"}]}},"_links":{"self":[{"href":"https:\/\/redamlo.com\/index.php\/wp-json\/wp\/v2\/posts\/4818","targetHints":{"allow":["GET"]}}],"collection":[{"href":"https:\/\/redamlo.com\/index.php\/wp-json\/wp\/v2\/posts"}],"about":[{"href":"https:\/\/redamlo.com\/index.php\/wp-json\/wp\/v2\/types\/post"}],"author":[{"embeddable":true,"href":"https:\/\/redamlo.com\/index.php\/wp-json\/wp\/v2\/users\/2"}],"replies":[{"embeddable":true,"href":"https:\/\/redamlo.com\/index.php\/wp-json\/wp\/v2\/comments?post=4818"}],"version-history":[{"count":0,"href":"https:\/\/redamlo.com\/index.php\/wp-json\/wp\/v2\/posts\/4818\/revisions"}],"wp:featuredmedia":[{"embeddable":true,"href":"https:\/\/redamlo.com\/index.php\/wp-json\/wp\/v2\/media\/4821"}],"wp:attachment":[{"href":"https:\/\/redamlo.com\/index.php\/wp-json\/wp\/v2\/media?parent=4818"}],"wp:term":[{"taxonomy":"category","embeddable":true,"href":"https:\/\/redamlo.com\/index.php\/wp-json\/wp\/v2\/categories?post=4818"},{"taxonomy":"post_tag","embeddable":true,"href":"https:\/\/redamlo.com\/index.php\/wp-json\/wp\/v2\/tags?post=4818"}],"curies":[{"name":"wp","href":"https:\/\/api.w.org\/{rel}","templated":true}]}}