{"id":4807,"date":"2021-06-27T17:00:21","date_gmt":"2021-06-27T17:00:21","guid":{"rendered":"https:\/\/redamlo.com\/?p=4807"},"modified":"2021-06-27T17:00:21","modified_gmt":"2021-06-27T17:00:21","slug":"cada-municipio-de-mexico-cuenta-con-al-menos-un-programa-para-el-bienestar-amlo","status":"publish","type":"post","link":"https:\/\/redamlo.com\/index.php\/2021\/06\/27\/cada-municipio-de-mexico-cuenta-con-al-menos-un-programa-para-el-bienestar-amlo\/","title":{"rendered":"Cada municipio de M\u00e9xico cuenta con al menos un Programa para el Bienestar: AMLO"},"content":{"rendered":"<p style=\"text-align: justify;\"><span style=\"font-family: Arial, Helvetica, sans-serif; color: #000000;\">PLAYAS DE ROSARITO, B.C., 27 de junio de 2021.- El presidente de M\u00e9xico, Andr\u00e9s Manuel L\u00f3pez Obrador sostuvo que garantizar la seguridad de la poblaci\u00f3n no se logra con \u201cmano dura\u201d sino generando condiciones de bienestar a la poblaci\u00f3n.<\/span><\/p>\n<p><span style=\"font-family: Arial, Helvetica, sans-serif; color: #000000;\">Inform\u00f3 que en cada uno de los cerca de 2 mil 500 municipios de la Rep\u00fablica los habitantes que m\u00e1s lo necesitan acceden a m\u00ednimo un Programa para el Bienestar.<\/span><\/p>\n<p><span style=\"font-family: Arial, Helvetica, sans-serif; color: #000000;\">Dio a conocer que en Rosarito, Baja California, hay siete aprendices inscritos en el programa J\u00f3venes Construyendo el Futuro.<\/span><\/p>\n<p><span style=\"font-family: Arial, Helvetica, sans-serif; color: #000000;\">Cuatro mil 170 estudiantes de bachillerato reciben becas, as\u00ed como mil 748 familias con hijos estudiantes en preescolar, primaria y secundaria.<\/span><\/p>\n<p><span style=\"font-family: Arial, Helvetica, sans-serif; color: #000000;\">En el municipio, 5 mil 598 adultos mayores cuentan con pensi\u00f3n bimestral; mil 360 ni\u00f1as y ni\u00f1os reciben apoyos, al igual que hijos de madres trabajadoras.<\/span><\/p>\n<p><span style=\"font-family: Arial, Helvetica, sans-serif; color: #000000;\">Con el apoyo de ingenieros militares se construyen dos sucursales del Banco del Bienestar que se suman a las 2 mil 700 que habr\u00e1 en todo el pa\u00eds.<\/span><\/p>\n<p><span style=\"font-family: Arial, Helvetica, sans-serif; color: #000000;\">Acompa\u00f1aron al presidente, el gobernador de Baja California, Jaime Bonilla Valdez; la secretaria de Seguridad y Protecci\u00f3n Ciudadana, Rosa Icela Rodr\u00edguez Vel\u00e1zquez; los secretarios de Marina, Jos\u00e9 Rafael Ojeda Dur\u00e1n y de la Defensa Nacional, Luis Cresencio Sandoval Gonz\u00e1lez; el comandante de la Guardia Nacional, Luis Rodr\u00edguez Bucio; la subsecretar\u00eda de Egresos de la SHCP, Victoria Rodr\u00edguez Ceja; el secretario t\u00e9cnico del Gabinete de la Oficina de la Presidencia, Carlos Torres Rosas; el comandante de la II Regi\u00f3n Militar, Celestino \u00c1vila Astudillo; el comandante de la II Zona Militar, Sa\u00fal Luna Jaimes; el coordinador estatal de la Guardia Nacional en Baja California, Francisco Javier Hern\u00e1ndez Almanza y la presidenta municipal de Playas de Rosarito, Hilda Araceli Brown Figueredo.<\/span><\/p>\n<p><iframe loading=\"lazy\" title=\"Recorrido en instalaciones de la Guardia Nacional en Rosarito, Baja California\" width=\"640\" height=\"360\" src=\"https:\/\/www.youtube.com\/embed\/0Ba8rxeJIow?feature=oembed\" frameborder=\"0\" allow=\"accelerometer; autoplay; clipboard-write; encrypted-media; gyroscope; picture-in-picture; web-share\" referrerpolicy=\"strict-origin-when-cross-origin\" allowfullscreen><\/iframe><\/p>\n","protected":false},"excerpt":{"rendered":"<p>PLAYAS DE ROSARITO, B.C., 27 de junio de 2021.- El presidente de M\u00e9xico, Andr\u00e9s Manuel&#8230;<\/p>\n","protected":false},"author":2,"featured_media":4809,"comment_status":"open","ping_status":"closed","sticky":false,"template":"","format":"standard","meta":{"footnotes":""},"categories":[25,20,27],"tags":[84,131,260,556,9,1061],"class_list":["post-4807","post","type-post","status-publish","format-standard","has-post-thumbnail","hentry","category-4t","category-nacionales","category-presidencia","tag-amlo","tag-andres-manuel-lopez-obrador","tag-baja-california","tag-gobierno-de-mexico","tag-mexico","tag-programa-para-el-bienestar"],"yoast_head":"<!-- This site is optimized with the Yoast SEO plugin v27.5 - https:\/\/yoast.com\/product\/yoast-seo-wordpress\/ -->\n<title>Cada municipio de M\u00e9xico cuenta con al menos un Programa para el Bienestar: AMLO - NOTICIAS DE LA 4T<\/title>\n<meta name=\"robots\" content=\"noindex, follow, max-snippet:-1, max-image-preview:large, max-video-preview:-1\" \/>\n<meta property=\"og:locale\" content=\"es_MX\" \/>\n<meta property=\"og:type\" content=\"article\" \/>\n<meta property=\"og:title\" content=\"Cada municipio de M\u00e9xico cuenta con al menos un Programa para el Bienestar: AMLO - NOTICIAS DE LA 4T\" \/>\n<meta property=\"og:description\" content=\"PLAYAS DE ROSARITO, B.C., 27 de junio de 2021.- El presidente de M\u00e9xico, Andr\u00e9s Manuel...\" \/>\n<meta property=\"og:url\" content=\"https:\/\/redamlo.com\/index.php\/2021\/06\/27\/cada-municipio-de-mexico-cuenta-con-al-menos-un-programa-para-el-bienestar-amlo\/\" \/>\n<meta property=\"og:site_name\" content=\"NOTICIAS DE LA 4T\" \/>\n<meta property=\"article:published_time\" content=\"2021-06-27T17:00:21+00:00\" \/>\n<meta property=\"og:image\" content=\"https:\/\/redamlo.com\/wp-content\/uploads\/2021\/07\/Cada-municipio-de-Mexico-cuenta-con-al-menos-un-Programa-para-el-Bienestar-AMLO.jpg\" \/>\n\t<meta property=\"og:image:width\" content=\"1497\" \/>\n\t<meta property=\"og:image:height\" content=\"897\" \/>\n\t<meta property=\"og:image:type\" content=\"image\/jpeg\" \/>\n<meta name=\"author\" content=\"Blanca\" \/>\n<meta name=\"twitter:card\" content=\"summary_large_image\" \/>\n<meta name=\"twitter:label1\" content=\"Escrito por\" \/>\n\t<meta name=\"twitter:data1\" content=\"Blanca\" \/>\n\t<meta name=\"twitter:label2\" content=\"Tiempo de lectura\" \/>\n\t<meta name=\"twitter:data2\" content=\"2 minutos\" \/>\n<script type=\"application\/ld+json\" class=\"yoast-schema-graph\">{\"@context\":\"https:\\\/\\\/schema.org\",\"@graph\":[{\"@type\":\"Article\",\"@id\":\"https:\\\/\\\/redamlo.com\\\/index.php\\\/2021\\\/06\\\/27\\\/cada-municipio-de-mexico-cuenta-con-al-menos-un-programa-para-el-bienestar-amlo\\\/#article\",\"isPartOf\":{\"@id\":\"https:\\\/\\\/redamlo.com\\\/index.php\\\/2021\\\/06\\\/27\\\/cada-municipio-de-mexico-cuenta-con-al-menos-un-programa-para-el-bienestar-amlo\\\/\"},\"author\":{\"name\":\"Blanca\",\"@id\":\"https:\\\/\\\/redamlo.com\\\/#\\\/schema\\\/person\\\/7223a4375eb8f1a782fcae010a7115cf\"},\"headline\":\"Cada municipio de M\u00e9xico cuenta con al menos un Programa para el Bienestar: AMLO\",\"datePublished\":\"2021-06-27T17:00:21+00:00\",\"mainEntityOfPage\":{\"@id\":\"https:\\\/\\\/redamlo.com\\\/index.php\\\/2021\\\/06\\\/27\\\/cada-municipio-de-mexico-cuenta-con-al-menos-un-programa-para-el-bienestar-amlo\\\/\"},\"wordCount\":325,\"commentCount\":0,\"publisher\":{\"@id\":\"https:\\\/\\\/redamlo.com\\\/#organization\"},\"image\":{\"@id\":\"https:\\\/\\\/redamlo.com\\\/index.php\\\/2021\\\/06\\\/27\\\/cada-municipio-de-mexico-cuenta-con-al-menos-un-programa-para-el-bienestar-amlo\\\/#primaryimage\"},\"thumbnailUrl\":\"https:\\\/\\\/redamlo.com\\\/wp-content\\\/uploads\\\/2021\\\/07\\\/Cada-municipio-de-Mexico-cuenta-con-al-menos-un-Programa-para-el-Bienestar-AMLO.jpg\",\"keywords\":[\"AMLO\",\"Andr\u00e9s Manuel L\u00f3pez Obrador\",\"Baja California\",\"Gobierno de M\u00e9xico\",\"M\u00e9xico\",\"Programa para el Bienestar\"],\"articleSection\":[\"4T\",\"Nacionales\",\"Presidencia\"],\"inLanguage\":\"es\",\"potentialAction\":[{\"@type\":\"CommentAction\",\"name\":\"Comment\",\"target\":[\"https:\\\/\\\/redamlo.com\\\/index.php\\\/2021\\\/06\\\/27\\\/cada-municipio-de-mexico-cuenta-con-al-menos-un-programa-para-el-bienestar-amlo\\\/#respond\"]}]},{\"@type\":\"WebPage\",\"@id\":\"https:\\\/\\\/redamlo.com\\\/index.php\\\/2021\\\/06\\\/27\\\/cada-municipio-de-mexico-cuenta-con-al-menos-un-programa-para-el-bienestar-amlo\\\/\",\"url\":\"https:\\\/\\\/redamlo.com\\\/index.php\\\/2021\\\/06\\\/27\\\/cada-municipio-de-mexico-cuenta-con-al-menos-un-programa-para-el-bienestar-amlo\\\/\",\"name\":\"Cada municipio de M\u00e9xico cuenta con al menos un Programa para el Bienestar: AMLO - NOTICIAS DE LA 4T\",\"isPartOf\":{\"@id\":\"https:\\\/\\\/redamlo.com\\\/#website\"},\"primaryImageOfPage\":{\"@id\":\"https:\\\/\\\/redamlo.com\\\/index.php\\\/2021\\\/06\\\/27\\\/cada-municipio-de-mexico-cuenta-con-al-menos-un-programa-para-el-bienestar-amlo\\\/#primaryimage\"},\"image\":{\"@id\":\"https:\\\/\\\/redamlo.com\\\/index.php\\\/2021\\\/06\\\/27\\\/cada-municipio-de-mexico-cuenta-con-al-menos-un-programa-para-el-bienestar-amlo\\\/#primaryimage\"},\"thumbnailUrl\":\"https:\\\/\\\/redamlo.com\\\/wp-content\\\/uploads\\\/2021\\\/07\\\/Cada-municipio-de-Mexico-cuenta-con-al-menos-un-Programa-para-el-Bienestar-AMLO.jpg\",\"datePublished\":\"2021-06-27T17:00:21+00:00\",\"breadcrumb\":{\"@id\":\"https:\\\/\\\/redamlo.com\\\/index.php\\\/2021\\\/06\\\/27\\\/cada-municipio-de-mexico-cuenta-con-al-menos-un-programa-para-el-bienestar-amlo\\\/#breadcrumb\"},\"inLanguage\":\"es\",\"potentialAction\":[{\"@type\":\"ReadAction\",\"target\":[\"https:\\\/\\\/redamlo.com\\\/index.php\\\/2021\\\/06\\\/27\\\/cada-municipio-de-mexico-cuenta-con-al-menos-un-programa-para-el-bienestar-amlo\\\/\"]}]},{\"@type\":\"ImageObject\",\"inLanguage\":\"es\",\"@id\":\"https:\\\/\\\/redamlo.com\\\/index.php\\\/2021\\\/06\\\/27\\\/cada-municipio-de-mexico-cuenta-con-al-menos-un-programa-para-el-bienestar-amlo\\\/#primaryimage\",\"url\":\"https:\\\/\\\/redamlo.com\\\/wp-content\\\/uploads\\\/2021\\\/07\\\/Cada-municipio-de-Mexico-cuenta-con-al-menos-un-Programa-para-el-Bienestar-AMLO.jpg\",\"contentUrl\":\"https:\\\/\\\/redamlo.com\\\/wp-content\\\/uploads\\\/2021\\\/07\\\/Cada-municipio-de-Mexico-cuenta-con-al-menos-un-Programa-para-el-Bienestar-AMLO.jpg\",\"width\":1497,\"height\":897},{\"@type\":\"BreadcrumbList\",\"@id\":\"https:\\\/\\\/redamlo.com\\\/index.php\\\/2021\\\/06\\\/27\\\/cada-municipio-de-mexico-cuenta-con-al-menos-un-programa-para-el-bienestar-amlo\\\/#breadcrumb\",\"itemListElement\":[{\"@type\":\"ListItem\",\"position\":1,\"name\":\"Inicio\",\"item\":\"https:\\\/\\\/redamlo.com\\\/\"},{\"@type\":\"ListItem\",\"position\":2,\"name\":\"Cada municipio de M\u00e9xico cuenta con al menos un Programa para el Bienestar: AMLO\"}]},{\"@type\":\"WebSite\",\"@id\":\"https:\\\/\\\/redamlo.com\\\/#website\",\"url\":\"https:\\\/\\\/redamlo.com\\\/\",\"name\":\"NOTICIAS DE LA 4T\",\"description\":\"\",\"publisher\":{\"@id\":\"https:\\\/\\\/redamlo.com\\\/#organization\"},\"potentialAction\":[{\"@type\":\"SearchAction\",\"target\":{\"@type\":\"EntryPoint\",\"urlTemplate\":\"https:\\\/\\\/redamlo.com\\\/?s={search_term_string}\"},\"query-input\":{\"@type\":\"PropertyValueSpecification\",\"valueRequired\":true,\"valueName\":\"search_term_string\"}}],\"inLanguage\":\"es\"},{\"@type\":\"Organization\",\"@id\":\"https:\\\/\\\/redamlo.com\\\/#organization\",\"name\":\"NOTICIAS DE LA 4T\",\"url\":\"https:\\\/\\\/redamlo.com\\\/\",\"logo\":{\"@type\":\"ImageObject\",\"inLanguage\":\"es\",\"@id\":\"https:\\\/\\\/redamlo.com\\\/#\\\/schema\\\/logo\\\/image\\\/\",\"url\":\"https:\\\/\\\/redamlo.com\\\/wp-content\\\/uploads\\\/2024\\\/08\\\/cropped-RED-AMLO-logo-50.png\",\"contentUrl\":\"https:\\\/\\\/redamlo.com\\\/wp-content\\\/uploads\\\/2024\\\/08\\\/cropped-RED-AMLO-logo-50.png\",\"width\":256,\"height\":256,\"caption\":\"NOTICIAS DE LA 4T\"},\"image\":{\"@id\":\"https:\\\/\\\/redamlo.com\\\/#\\\/schema\\\/logo\\\/image\\\/\"}},{\"@type\":\"Person\",\"@id\":\"https:\\\/\\\/redamlo.com\\\/#\\\/schema\\\/person\\\/7223a4375eb8f1a782fcae010a7115cf\",\"name\":\"Blanca\",\"image\":{\"@type\":\"ImageObject\",\"inLanguage\":\"es\",\"@id\":\"https:\\\/\\\/secure.gravatar.com\\\/avatar\\\/3f79bc8336367a4e6093eae8757acaaf61d1124834b905616de7829b0273426d?s=96&d=mm&r=g\",\"url\":\"https:\\\/\\\/secure.gravatar.com\\\/avatar\\\/3f79bc8336367a4e6093eae8757acaaf61d1124834b905616de7829b0273426d?s=96&d=mm&r=g\",\"contentUrl\":\"https:\\\/\\\/secure.gravatar.com\\\/avatar\\\/3f79bc8336367a4e6093eae8757acaaf61d1124834b905616de7829b0273426d?s=96&d=mm&r=g\",\"caption\":\"Blanca\"},\"url\":\"https:\\\/\\\/redamlo.com\\\/index.php\\\/author\\\/blanca\\\/\"}]}<\/script>\n<!-- \/ Yoast SEO plugin. -->","yoast_head_json":{"title":"Cada municipio de M\u00e9xico cuenta con al menos un Programa para el Bienestar: AMLO - NOTICIAS DE LA 4T","robots":{"index":"noindex","follow":"follow","max-snippet":"max-snippet:-1","max-image-preview":"max-image-preview:large","max-video-preview":"max-video-preview:-1"},"og_locale":"es_MX","og_type":"article","og_title":"Cada municipio de M\u00e9xico cuenta con al menos un Programa para el Bienestar: AMLO - NOTICIAS DE LA 4T","og_description":"PLAYAS DE ROSARITO, B.C., 27 de junio de 2021.- El presidente de M\u00e9xico, Andr\u00e9s Manuel...","og_url":"https:\/\/redamlo.com\/index.php\/2021\/06\/27\/cada-municipio-de-mexico-cuenta-con-al-menos-un-programa-para-el-bienestar-amlo\/","og_site_name":"NOTICIAS DE LA 4T","article_published_time":"2021-06-27T17:00:21+00:00","og_image":[{"width":1497,"height":897,"url":"https:\/\/redamlo.com\/wp-content\/uploads\/2021\/07\/Cada-municipio-de-Mexico-cuenta-con-al-menos-un-Programa-para-el-Bienestar-AMLO.jpg","type":"image\/jpeg"}],"author":"Blanca","twitter_card":"summary_large_image","twitter_misc":{"Escrito por":"Blanca","Tiempo de lectura":"2 minutos"},"schema":{"@context":"https:\/\/schema.org","@graph":[{"@type":"Article","@id":"https:\/\/redamlo.com\/index.php\/2021\/06\/27\/cada-municipio-de-mexico-cuenta-con-al-menos-un-programa-para-el-bienestar-amlo\/#article","isPartOf":{"@id":"https:\/\/redamlo.com\/index.php\/2021\/06\/27\/cada-municipio-de-mexico-cuenta-con-al-menos-un-programa-para-el-bienestar-amlo\/"},"author":{"name":"Blanca","@id":"https:\/\/redamlo.com\/#\/schema\/person\/7223a4375eb8f1a782fcae010a7115cf"},"headline":"Cada municipio de M\u00e9xico cuenta con al menos un Programa para el Bienestar: AMLO","datePublished":"2021-06-27T17:00:21+00:00","mainEntityOfPage":{"@id":"https:\/\/redamlo.com\/index.php\/2021\/06\/27\/cada-municipio-de-mexico-cuenta-con-al-menos-un-programa-para-el-bienestar-amlo\/"},"wordCount":325,"commentCount":0,"publisher":{"@id":"https:\/\/redamlo.com\/#organization"},"image":{"@id":"https:\/\/redamlo.com\/index.php\/2021\/06\/27\/cada-municipio-de-mexico-cuenta-con-al-menos-un-programa-para-el-bienestar-amlo\/#primaryimage"},"thumbnailUrl":"https:\/\/redamlo.com\/wp-content\/uploads\/2021\/07\/Cada-municipio-de-Mexico-cuenta-con-al-menos-un-Programa-para-el-Bienestar-AMLO.jpg","keywords":["AMLO","Andr\u00e9s Manuel L\u00f3pez Obrador","Baja California","Gobierno de M\u00e9xico","M\u00e9xico","Programa para el Bienestar"],"articleSection":["4T","Nacionales","Presidencia"],"inLanguage":"es","potentialAction":[{"@type":"CommentAction","name":"Comment","target":["https:\/\/redamlo.com\/index.php\/2021\/06\/27\/cada-municipio-de-mexico-cuenta-con-al-menos-un-programa-para-el-bienestar-amlo\/#respond"]}]},{"@type":"WebPage","@id":"https:\/\/redamlo.com\/index.php\/2021\/06\/27\/cada-municipio-de-mexico-cuenta-con-al-menos-un-programa-para-el-bienestar-amlo\/","url":"https:\/\/redamlo.com\/index.php\/2021\/06\/27\/cada-municipio-de-mexico-cuenta-con-al-menos-un-programa-para-el-bienestar-amlo\/","name":"Cada municipio de M\u00e9xico cuenta con al menos un Programa para el Bienestar: AMLO - NOTICIAS DE LA 4T","isPartOf":{"@id":"https:\/\/redamlo.com\/#website"},"primaryImageOfPage":{"@id":"https:\/\/redamlo.com\/index.php\/2021\/06\/27\/cada-municipio-de-mexico-cuenta-con-al-menos-un-programa-para-el-bienestar-amlo\/#primaryimage"},"image":{"@id":"https:\/\/redamlo.com\/index.php\/2021\/06\/27\/cada-municipio-de-mexico-cuenta-con-al-menos-un-programa-para-el-bienestar-amlo\/#primaryimage"},"thumbnailUrl":"https:\/\/redamlo.com\/wp-content\/uploads\/2021\/07\/Cada-municipio-de-Mexico-cuenta-con-al-menos-un-Programa-para-el-Bienestar-AMLO.jpg","datePublished":"2021-06-27T17:00:21+00:00","breadcrumb":{"@id":"https:\/\/redamlo.com\/index.php\/2021\/06\/27\/cada-municipio-de-mexico-cuenta-con-al-menos-un-programa-para-el-bienestar-amlo\/#breadcrumb"},"inLanguage":"es","potentialAction":[{"@type":"ReadAction","target":["https:\/\/redamlo.com\/index.php\/2021\/06\/27\/cada-municipio-de-mexico-cuenta-con-al-menos-un-programa-para-el-bienestar-amlo\/"]}]},{"@type":"ImageObject","inLanguage":"es","@id":"https:\/\/redamlo.com\/index.php\/2021\/06\/27\/cada-municipio-de-mexico-cuenta-con-al-menos-un-programa-para-el-bienestar-amlo\/#primaryimage","url":"https:\/\/redamlo.com\/wp-content\/uploads\/2021\/07\/Cada-municipio-de-Mexico-cuenta-con-al-menos-un-Programa-para-el-Bienestar-AMLO.jpg","contentUrl":"https:\/\/redamlo.com\/wp-content\/uploads\/2021\/07\/Cada-municipio-de-Mexico-cuenta-con-al-menos-un-Programa-para-el-Bienestar-AMLO.jpg","width":1497,"height":897},{"@type":"BreadcrumbList","@id":"https:\/\/redamlo.com\/index.php\/2021\/06\/27\/cada-municipio-de-mexico-cuenta-con-al-menos-un-programa-para-el-bienestar-amlo\/#breadcrumb","itemListElement":[{"@type":"ListItem","position":1,"name":"Inicio","item":"https:\/\/redamlo.com\/"},{"@type":"ListItem","position":2,"name":"Cada municipio de M\u00e9xico cuenta con al menos un Programa para el Bienestar: AMLO"}]},{"@type":"WebSite","@id":"https:\/\/redamlo.com\/#website","url":"https:\/\/redamlo.com\/","name":"NOTICIAS DE LA 4T","description":"","publisher":{"@id":"https:\/\/redamlo.com\/#organization"},"potentialAction":[{"@type":"SearchAction","target":{"@type":"EntryPoint","urlTemplate":"https:\/\/redamlo.com\/?s={search_term_string}"},"query-input":{"@type":"PropertyValueSpecification","valueRequired":true,"valueName":"search_term_string"}}],"inLanguage":"es"},{"@type":"Organization","@id":"https:\/\/redamlo.com\/#organization","name":"NOTICIAS DE LA 4T","url":"https:\/\/redamlo.com\/","logo":{"@type":"ImageObject","inLanguage":"es","@id":"https:\/\/redamlo.com\/#\/schema\/logo\/image\/","url":"https:\/\/redamlo.com\/wp-content\/uploads\/2024\/08\/cropped-RED-AMLO-logo-50.png","contentUrl":"https:\/\/redamlo.com\/wp-content\/uploads\/2024\/08\/cropped-RED-AMLO-logo-50.png","width":256,"height":256,"caption":"NOTICIAS DE LA 4T"},"image":{"@id":"https:\/\/redamlo.com\/#\/schema\/logo\/image\/"}},{"@type":"Person","@id":"https:\/\/redamlo.com\/#\/schema\/person\/7223a4375eb8f1a782fcae010a7115cf","name":"Blanca","image":{"@type":"ImageObject","inLanguage":"es","@id":"https:\/\/secure.gravatar.com\/avatar\/3f79bc8336367a4e6093eae8757acaaf61d1124834b905616de7829b0273426d?s=96&d=mm&r=g","url":"https:\/\/secure.gravatar.com\/avatar\/3f79bc8336367a4e6093eae8757acaaf61d1124834b905616de7829b0273426d?s=96&d=mm&r=g","contentUrl":"https:\/\/secure.gravatar.com\/avatar\/3f79bc8336367a4e6093eae8757acaaf61d1124834b905616de7829b0273426d?s=96&d=mm&r=g","caption":"Blanca"},"url":"https:\/\/redamlo.com\/index.php\/author\/blanca\/"}]}},"_links":{"self":[{"href":"https:\/\/redamlo.com\/index.php\/wp-json\/wp\/v2\/posts\/4807","targetHints":{"allow":["GET"]}}],"collection":[{"href":"https:\/\/redamlo.com\/index.php\/wp-json\/wp\/v2\/posts"}],"about":[{"href":"https:\/\/redamlo.com\/index.php\/wp-json\/wp\/v2\/types\/post"}],"author":[{"embeddable":true,"href":"https:\/\/redamlo.com\/index.php\/wp-json\/wp\/v2\/users\/2"}],"replies":[{"embeddable":true,"href":"https:\/\/redamlo.com\/index.php\/wp-json\/wp\/v2\/comments?post=4807"}],"version-history":[{"count":0,"href":"https:\/\/redamlo.com\/index.php\/wp-json\/wp\/v2\/posts\/4807\/revisions"}],"wp:featuredmedia":[{"embeddable":true,"href":"https:\/\/redamlo.com\/index.php\/wp-json\/wp\/v2\/media\/4809"}],"wp:attachment":[{"href":"https:\/\/redamlo.com\/index.php\/wp-json\/wp\/v2\/media?parent=4807"}],"wp:term":[{"taxonomy":"category","embeddable":true,"href":"https:\/\/redamlo.com\/index.php\/wp-json\/wp\/v2\/categories?post=4807"},{"taxonomy":"post_tag","embeddable":true,"href":"https:\/\/redamlo.com\/index.php\/wp-json\/wp\/v2\/tags?post=4807"}],"curies":[{"name":"wp","href":"https:\/\/api.w.org\/{rel}","templated":true}]}}