{"id":4803,"date":"2021-06-27T15:00:11","date_gmt":"2021-06-27T15:00:11","guid":{"rendered":"https:\/\/redamlo.com\/?p=4803"},"modified":"2021-06-27T15:00:11","modified_gmt":"2021-06-27T15:00:11","slug":"mexico-dialoga-con-autoridades-estadounidenses-para-abrir-frontera-con-baja-california-lopez-obrador","status":"publish","type":"post","link":"https:\/\/redamlo.com\/index.php\/2021\/06\/27\/mexico-dialoga-con-autoridades-estadounidenses-para-abrir-frontera-con-baja-california-lopez-obrador\/","title":{"rendered":"M\u00e9xico dialoga con autoridades estadounidenses para abrir frontera con Baja California: L\u00f3pez Obrador"},"content":{"rendered":"<p style=\"text-align: justify;\"><span style=\"color: #000000; font-family: Arial, Helvetica, sans-serif;\">PLAYAS DE ROSARITO, B.C., 27 de junio de 2021.- El presidente de M\u00e9xico, Andr\u00e9s Manuel L\u00f3pez Obrador inform\u00f3 que tras concluir la vacunaci\u00f3n contra Covid-19 a personas mayores de 18 a\u00f1os en Baja California, el Gobierno de M\u00e9xico, a trav\u00e9s de la Secretar\u00eda de Relaciones Exteriores, inici\u00f3 el di\u00e1logo con autoridades del estado de California en Estados Unidos para impulsar la reapertura de las actividades comerciales en la frontera.<\/span><\/p>\n<p><span style=\"color: #000000; font-family: Arial, Helvetica, sans-serif;\">\u201cYa est\u00e1n en Baja California vacunados todos los mayores de 18 a\u00f1os (\u2026), porque queremos que se abra la frontera (\u2026) y nos conviene a las dos naciones. Ya estamos haciendo gestiones con el gobierno estadounidense con ese prop\u00f3sito, con el gobernador de California, con las autoridades de San Diego, para que juntos sigamos fortaleciendo esta frontera en beneficio de nuestros pueblos\u201d, destac\u00f3.<\/span><\/p>\n<p><span style=\"color: #000000; font-family: Arial, Helvetica, sans-serif;\">Al inaugurar las instalaciones de la Guardia Nacional en Rosarito, el mandatario reconoci\u00f3 que gracias al apoyo de las Fuerzas Armadas en solo ocho d\u00edas se logr\u00f3 completar la vacunaci\u00f3n universal en la entidad.<\/span><\/p>\n<p><span style=\"color: #000000; font-family: Arial, Helvetica, sans-serif;\">\u201cLas dos instituciones apoyando al cien en todo lo relacionado para enfrentar la pandemia. \u00bfQu\u00e9 har\u00edamos sin el apoyo de enfermeras, de m\u00e9dicos de la Marina, del Ej\u00e9rcito que nos han ayudado tanto para reconvertir hospitales? (\u2026) En el programa de vacunaci\u00f3n nada m\u00e1s imag\u00ednense la log\u00edstica y la distribuci\u00f3n de vacunas por todo el pa\u00eds. (\u2026) Se han distribuido m\u00e1s de 50 millones de dosis y aqu\u00ed est\u00e1 el ejemplo en Baja California; en ocho d\u00edas se aplicaron un mill\u00f3n 200 mil dosis\u201d, subray\u00f3 el presidente.<\/span><\/p>\n<p><span style=\"color: #000000; font-family: Arial, Helvetica, sans-serif;\">Agreg\u00f3 que el Ej\u00e9rcito y la Marina tambi\u00e9n participan en labores de construcci\u00f3n de infraestructura, como el Tren Maya y el Aeropuerto Internacional General Felipe \u00c1ngeles, as\u00ed como las sucursales del Banco del Bienestar y las instalaciones de la Guardia Nacional ubicadas en todo el pa\u00eds.<\/span><\/p>\n<p><span style=\"color: #000000; font-family: Arial, Helvetica, sans-serif;\">En un recorrido por las instalaciones inauguradas en este municipio, el mandatario destac\u00f3 que en solo dos a\u00f1os la Guardia Nacional ha construido 165 cuarteles para 100 mil elementos con los que cuenta actualmente.<\/span><\/p>\n<p><span style=\"color: #000000; font-family: Arial, Helvetica, sans-serif;\">\u201cEste a\u00f1o vamos a llegar a 244 y vamos a dejar al gobierno con 500 cuarteles como este para la Guardia Nacional\u201d, inform\u00f3.<\/span><\/p>\n<p><span style=\"color: #000000; font-family: Arial, Helvetica, sans-serif;\">Cada cuartel tiene un costo aproximado de 26 millones de pesos y se realiza en m\u00e1ximo seis meses con la ayuda de ingenieros militares, explic\u00f3 en un mensaje a trav\u00e9s de sus redes sociales.<\/span><\/p>\n<p><iframe loading=\"lazy\" title=\"Recorrido en instalaciones de la Guardia Nacional en Rosarito, Baja California\" width=\"640\" height=\"360\" src=\"https:\/\/www.youtube.com\/embed\/0Ba8rxeJIow?feature=oembed\" frameborder=\"0\" allow=\"accelerometer; autoplay; clipboard-write; encrypted-media; gyroscope; picture-in-picture; web-share\" referrerpolicy=\"strict-origin-when-cross-origin\" allowfullscreen><\/iframe><\/p>\n","protected":false},"excerpt":{"rendered":"<p>PLAYAS DE ROSARITO, B.C., 27 de junio de 2021.- El presidente de M\u00e9xico, Andr\u00e9s Manuel&#8230;<\/p>\n","protected":false},"author":2,"featured_media":4806,"comment_status":"open","ping_status":"closed","sticky":false,"template":"","format":"standard","meta":{"footnotes":""},"categories":[25,20,27],"tags":[84,131,260,473,556,737,9,567,655,577],"class_list":["post-4803","post","type-post","status-publish","format-standard","has-post-thumbnail","hentry","category-4t","category-nacionales","category-presidencia","tag-amlo","tag-andres-manuel-lopez-obrador","tag-baja-california","tag-covid-19","tag-gobierno-de-mexico","tag-guardia-nacional","tag-mexico","tag-pandemia","tag-sre","tag-vacunacion"],"yoast_head":"<!-- This site is optimized with the Yoast SEO plugin v27.5 - https:\/\/yoast.com\/product\/yoast-seo-wordpress\/ -->\n<title>M\u00e9xico dialoga con autoridades estadounidenses para abrir frontera con Baja California: L\u00f3pez Obrador - NOTICIAS DE LA 4T<\/title>\n<meta name=\"robots\" content=\"noindex, follow, max-snippet:-1, max-image-preview:large, max-video-preview:-1\" \/>\n<meta property=\"og:locale\" content=\"es_MX\" \/>\n<meta property=\"og:type\" content=\"article\" \/>\n<meta property=\"og:title\" content=\"M\u00e9xico dialoga con autoridades estadounidenses para abrir frontera con Baja California: L\u00f3pez Obrador - NOTICIAS DE LA 4T\" \/>\n<meta property=\"og:description\" content=\"PLAYAS DE ROSARITO, B.C., 27 de junio de 2021.- El presidente de M\u00e9xico, Andr\u00e9s Manuel...\" \/>\n<meta property=\"og:url\" content=\"https:\/\/redamlo.com\/index.php\/2021\/06\/27\/mexico-dialoga-con-autoridades-estadounidenses-para-abrir-frontera-con-baja-california-lopez-obrador\/\" \/>\n<meta property=\"og:site_name\" content=\"NOTICIAS DE LA 4T\" \/>\n<meta property=\"article:published_time\" content=\"2021-06-27T15:00:11+00:00\" \/>\n<meta property=\"og:image\" content=\"https:\/\/redamlo.com\/wp-content\/uploads\/2021\/07\/Mexico-dialoga-con-autoridades-estadounidenses-para-abrir-frontera-con-Baja-California-Lopez-Obrador.jpg\" \/>\n\t<meta property=\"og:image:width\" content=\"770\" \/>\n\t<meta property=\"og:image:height\" content=\"425\" \/>\n\t<meta property=\"og:image:type\" content=\"image\/jpeg\" \/>\n<meta name=\"author\" content=\"Blanca\" \/>\n<meta name=\"twitter:card\" content=\"summary_large_image\" \/>\n<meta name=\"twitter:label1\" content=\"Escrito por\" \/>\n\t<meta name=\"twitter:data1\" content=\"Blanca\" \/>\n\t<meta name=\"twitter:label2\" content=\"Tiempo de lectura\" \/>\n\t<meta name=\"twitter:data2\" content=\"2 minutos\" \/>\n<script type=\"application\/ld+json\" class=\"yoast-schema-graph\">{\"@context\":\"https:\\\/\\\/schema.org\",\"@graph\":[{\"@type\":\"Article\",\"@id\":\"https:\\\/\\\/redamlo.com\\\/index.php\\\/2021\\\/06\\\/27\\\/mexico-dialoga-con-autoridades-estadounidenses-para-abrir-frontera-con-baja-california-lopez-obrador\\\/#article\",\"isPartOf\":{\"@id\":\"https:\\\/\\\/redamlo.com\\\/index.php\\\/2021\\\/06\\\/27\\\/mexico-dialoga-con-autoridades-estadounidenses-para-abrir-frontera-con-baja-california-lopez-obrador\\\/\"},\"author\":{\"name\":\"Blanca\",\"@id\":\"https:\\\/\\\/redamlo.com\\\/#\\\/schema\\\/person\\\/7223a4375eb8f1a782fcae010a7115cf\"},\"headline\":\"M\u00e9xico dialoga con autoridades estadounidenses para abrir frontera con Baja California: L\u00f3pez Obrador\",\"datePublished\":\"2021-06-27T15:00:11+00:00\",\"mainEntityOfPage\":{\"@id\":\"https:\\\/\\\/redamlo.com\\\/index.php\\\/2021\\\/06\\\/27\\\/mexico-dialoga-con-autoridades-estadounidenses-para-abrir-frontera-con-baja-california-lopez-obrador\\\/\"},\"wordCount\":438,\"commentCount\":0,\"publisher\":{\"@id\":\"https:\\\/\\\/redamlo.com\\\/#organization\"},\"image\":{\"@id\":\"https:\\\/\\\/redamlo.com\\\/index.php\\\/2021\\\/06\\\/27\\\/mexico-dialoga-con-autoridades-estadounidenses-para-abrir-frontera-con-baja-california-lopez-obrador\\\/#primaryimage\"},\"thumbnailUrl\":\"https:\\\/\\\/redamlo.com\\\/wp-content\\\/uploads\\\/2021\\\/07\\\/Mexico-dialoga-con-autoridades-estadounidenses-para-abrir-frontera-con-Baja-California-Lopez-Obrador.jpg\",\"keywords\":[\"AMLO\",\"Andr\u00e9s Manuel L\u00f3pez Obrador\",\"Baja California\",\"COVID-19\",\"Gobierno de M\u00e9xico\",\"Guardia Nacional\",\"M\u00e9xico\",\"pandemia\",\"SRE\",\"vacunaci\u00f3n\"],\"articleSection\":[\"4T\",\"Nacionales\",\"Presidencia\"],\"inLanguage\":\"es\",\"potentialAction\":[{\"@type\":\"CommentAction\",\"name\":\"Comment\",\"target\":[\"https:\\\/\\\/redamlo.com\\\/index.php\\\/2021\\\/06\\\/27\\\/mexico-dialoga-con-autoridades-estadounidenses-para-abrir-frontera-con-baja-california-lopez-obrador\\\/#respond\"]}]},{\"@type\":\"WebPage\",\"@id\":\"https:\\\/\\\/redamlo.com\\\/index.php\\\/2021\\\/06\\\/27\\\/mexico-dialoga-con-autoridades-estadounidenses-para-abrir-frontera-con-baja-california-lopez-obrador\\\/\",\"url\":\"https:\\\/\\\/redamlo.com\\\/index.php\\\/2021\\\/06\\\/27\\\/mexico-dialoga-con-autoridades-estadounidenses-para-abrir-frontera-con-baja-california-lopez-obrador\\\/\",\"name\":\"M\u00e9xico dialoga con autoridades estadounidenses para abrir frontera con Baja California: L\u00f3pez Obrador - NOTICIAS DE LA 4T\",\"isPartOf\":{\"@id\":\"https:\\\/\\\/redamlo.com\\\/#website\"},\"primaryImageOfPage\":{\"@id\":\"https:\\\/\\\/redamlo.com\\\/index.php\\\/2021\\\/06\\\/27\\\/mexico-dialoga-con-autoridades-estadounidenses-para-abrir-frontera-con-baja-california-lopez-obrador\\\/#primaryimage\"},\"image\":{\"@id\":\"https:\\\/\\\/redamlo.com\\\/index.php\\\/2021\\\/06\\\/27\\\/mexico-dialoga-con-autoridades-estadounidenses-para-abrir-frontera-con-baja-california-lopez-obrador\\\/#primaryimage\"},\"thumbnailUrl\":\"https:\\\/\\\/redamlo.com\\\/wp-content\\\/uploads\\\/2021\\\/07\\\/Mexico-dialoga-con-autoridades-estadounidenses-para-abrir-frontera-con-Baja-California-Lopez-Obrador.jpg\",\"datePublished\":\"2021-06-27T15:00:11+00:00\",\"breadcrumb\":{\"@id\":\"https:\\\/\\\/redamlo.com\\\/index.php\\\/2021\\\/06\\\/27\\\/mexico-dialoga-con-autoridades-estadounidenses-para-abrir-frontera-con-baja-california-lopez-obrador\\\/#breadcrumb\"},\"inLanguage\":\"es\",\"potentialAction\":[{\"@type\":\"ReadAction\",\"target\":[\"https:\\\/\\\/redamlo.com\\\/index.php\\\/2021\\\/06\\\/27\\\/mexico-dialoga-con-autoridades-estadounidenses-para-abrir-frontera-con-baja-california-lopez-obrador\\\/\"]}]},{\"@type\":\"ImageObject\",\"inLanguage\":\"es\",\"@id\":\"https:\\\/\\\/redamlo.com\\\/index.php\\\/2021\\\/06\\\/27\\\/mexico-dialoga-con-autoridades-estadounidenses-para-abrir-frontera-con-baja-california-lopez-obrador\\\/#primaryimage\",\"url\":\"https:\\\/\\\/redamlo.com\\\/wp-content\\\/uploads\\\/2021\\\/07\\\/Mexico-dialoga-con-autoridades-estadounidenses-para-abrir-frontera-con-Baja-California-Lopez-Obrador.jpg\",\"contentUrl\":\"https:\\\/\\\/redamlo.com\\\/wp-content\\\/uploads\\\/2021\\\/07\\\/Mexico-dialoga-con-autoridades-estadounidenses-para-abrir-frontera-con-Baja-California-Lopez-Obrador.jpg\",\"width\":770,\"height\":425},{\"@type\":\"BreadcrumbList\",\"@id\":\"https:\\\/\\\/redamlo.com\\\/index.php\\\/2021\\\/06\\\/27\\\/mexico-dialoga-con-autoridades-estadounidenses-para-abrir-frontera-con-baja-california-lopez-obrador\\\/#breadcrumb\",\"itemListElement\":[{\"@type\":\"ListItem\",\"position\":1,\"name\":\"Inicio\",\"item\":\"https:\\\/\\\/redamlo.com\\\/\"},{\"@type\":\"ListItem\",\"position\":2,\"name\":\"M\u00e9xico dialoga con autoridades estadounidenses para abrir frontera con Baja California: L\u00f3pez Obrador\"}]},{\"@type\":\"WebSite\",\"@id\":\"https:\\\/\\\/redamlo.com\\\/#website\",\"url\":\"https:\\\/\\\/redamlo.com\\\/\",\"name\":\"NOTICIAS DE LA 4T\",\"description\":\"\",\"publisher\":{\"@id\":\"https:\\\/\\\/redamlo.com\\\/#organization\"},\"potentialAction\":[{\"@type\":\"SearchAction\",\"target\":{\"@type\":\"EntryPoint\",\"urlTemplate\":\"https:\\\/\\\/redamlo.com\\\/?s={search_term_string}\"},\"query-input\":{\"@type\":\"PropertyValueSpecification\",\"valueRequired\":true,\"valueName\":\"search_term_string\"}}],\"inLanguage\":\"es\"},{\"@type\":\"Organization\",\"@id\":\"https:\\\/\\\/redamlo.com\\\/#organization\",\"name\":\"NOTICIAS DE LA 4T\",\"url\":\"https:\\\/\\\/redamlo.com\\\/\",\"logo\":{\"@type\":\"ImageObject\",\"inLanguage\":\"es\",\"@id\":\"https:\\\/\\\/redamlo.com\\\/#\\\/schema\\\/logo\\\/image\\\/\",\"url\":\"https:\\\/\\\/redamlo.com\\\/wp-content\\\/uploads\\\/2024\\\/08\\\/cropped-RED-AMLO-logo-50.png\",\"contentUrl\":\"https:\\\/\\\/redamlo.com\\\/wp-content\\\/uploads\\\/2024\\\/08\\\/cropped-RED-AMLO-logo-50.png\",\"width\":256,\"height\":256,\"caption\":\"NOTICIAS DE LA 4T\"},\"image\":{\"@id\":\"https:\\\/\\\/redamlo.com\\\/#\\\/schema\\\/logo\\\/image\\\/\"}},{\"@type\":\"Person\",\"@id\":\"https:\\\/\\\/redamlo.com\\\/#\\\/schema\\\/person\\\/7223a4375eb8f1a782fcae010a7115cf\",\"name\":\"Blanca\",\"image\":{\"@type\":\"ImageObject\",\"inLanguage\":\"es\",\"@id\":\"https:\\\/\\\/secure.gravatar.com\\\/avatar\\\/3f79bc8336367a4e6093eae8757acaaf61d1124834b905616de7829b0273426d?s=96&d=mm&r=g\",\"url\":\"https:\\\/\\\/secure.gravatar.com\\\/avatar\\\/3f79bc8336367a4e6093eae8757acaaf61d1124834b905616de7829b0273426d?s=96&d=mm&r=g\",\"contentUrl\":\"https:\\\/\\\/secure.gravatar.com\\\/avatar\\\/3f79bc8336367a4e6093eae8757acaaf61d1124834b905616de7829b0273426d?s=96&d=mm&r=g\",\"caption\":\"Blanca\"},\"url\":\"https:\\\/\\\/redamlo.com\\\/index.php\\\/author\\\/blanca\\\/\"}]}<\/script>\n<!-- \/ Yoast SEO plugin. -->","yoast_head_json":{"title":"M\u00e9xico dialoga con autoridades estadounidenses para abrir frontera con Baja California: L\u00f3pez Obrador - NOTICIAS DE LA 4T","robots":{"index":"noindex","follow":"follow","max-snippet":"max-snippet:-1","max-image-preview":"max-image-preview:large","max-video-preview":"max-video-preview:-1"},"og_locale":"es_MX","og_type":"article","og_title":"M\u00e9xico dialoga con autoridades estadounidenses para abrir frontera con Baja California: L\u00f3pez Obrador - NOTICIAS DE LA 4T","og_description":"PLAYAS DE ROSARITO, B.C., 27 de junio de 2021.- El presidente de M\u00e9xico, Andr\u00e9s Manuel...","og_url":"https:\/\/redamlo.com\/index.php\/2021\/06\/27\/mexico-dialoga-con-autoridades-estadounidenses-para-abrir-frontera-con-baja-california-lopez-obrador\/","og_site_name":"NOTICIAS DE LA 4T","article_published_time":"2021-06-27T15:00:11+00:00","og_image":[{"width":770,"height":425,"url":"https:\/\/redamlo.com\/wp-content\/uploads\/2021\/07\/Mexico-dialoga-con-autoridades-estadounidenses-para-abrir-frontera-con-Baja-California-Lopez-Obrador.jpg","type":"image\/jpeg"}],"author":"Blanca","twitter_card":"summary_large_image","twitter_misc":{"Escrito por":"Blanca","Tiempo de lectura":"2 minutos"},"schema":{"@context":"https:\/\/schema.org","@graph":[{"@type":"Article","@id":"https:\/\/redamlo.com\/index.php\/2021\/06\/27\/mexico-dialoga-con-autoridades-estadounidenses-para-abrir-frontera-con-baja-california-lopez-obrador\/#article","isPartOf":{"@id":"https:\/\/redamlo.com\/index.php\/2021\/06\/27\/mexico-dialoga-con-autoridades-estadounidenses-para-abrir-frontera-con-baja-california-lopez-obrador\/"},"author":{"name":"Blanca","@id":"https:\/\/redamlo.com\/#\/schema\/person\/7223a4375eb8f1a782fcae010a7115cf"},"headline":"M\u00e9xico dialoga con autoridades estadounidenses para abrir frontera con Baja California: L\u00f3pez Obrador","datePublished":"2021-06-27T15:00:11+00:00","mainEntityOfPage":{"@id":"https:\/\/redamlo.com\/index.php\/2021\/06\/27\/mexico-dialoga-con-autoridades-estadounidenses-para-abrir-frontera-con-baja-california-lopez-obrador\/"},"wordCount":438,"commentCount":0,"publisher":{"@id":"https:\/\/redamlo.com\/#organization"},"image":{"@id":"https:\/\/redamlo.com\/index.php\/2021\/06\/27\/mexico-dialoga-con-autoridades-estadounidenses-para-abrir-frontera-con-baja-california-lopez-obrador\/#primaryimage"},"thumbnailUrl":"https:\/\/redamlo.com\/wp-content\/uploads\/2021\/07\/Mexico-dialoga-con-autoridades-estadounidenses-para-abrir-frontera-con-Baja-California-Lopez-Obrador.jpg","keywords":["AMLO","Andr\u00e9s Manuel L\u00f3pez Obrador","Baja California","COVID-19","Gobierno de M\u00e9xico","Guardia Nacional","M\u00e9xico","pandemia","SRE","vacunaci\u00f3n"],"articleSection":["4T","Nacionales","Presidencia"],"inLanguage":"es","potentialAction":[{"@type":"CommentAction","name":"Comment","target":["https:\/\/redamlo.com\/index.php\/2021\/06\/27\/mexico-dialoga-con-autoridades-estadounidenses-para-abrir-frontera-con-baja-california-lopez-obrador\/#respond"]}]},{"@type":"WebPage","@id":"https:\/\/redamlo.com\/index.php\/2021\/06\/27\/mexico-dialoga-con-autoridades-estadounidenses-para-abrir-frontera-con-baja-california-lopez-obrador\/","url":"https:\/\/redamlo.com\/index.php\/2021\/06\/27\/mexico-dialoga-con-autoridades-estadounidenses-para-abrir-frontera-con-baja-california-lopez-obrador\/","name":"M\u00e9xico dialoga con autoridades estadounidenses para abrir frontera con Baja California: L\u00f3pez Obrador - NOTICIAS DE LA 4T","isPartOf":{"@id":"https:\/\/redamlo.com\/#website"},"primaryImageOfPage":{"@id":"https:\/\/redamlo.com\/index.php\/2021\/06\/27\/mexico-dialoga-con-autoridades-estadounidenses-para-abrir-frontera-con-baja-california-lopez-obrador\/#primaryimage"},"image":{"@id":"https:\/\/redamlo.com\/index.php\/2021\/06\/27\/mexico-dialoga-con-autoridades-estadounidenses-para-abrir-frontera-con-baja-california-lopez-obrador\/#primaryimage"},"thumbnailUrl":"https:\/\/redamlo.com\/wp-content\/uploads\/2021\/07\/Mexico-dialoga-con-autoridades-estadounidenses-para-abrir-frontera-con-Baja-California-Lopez-Obrador.jpg","datePublished":"2021-06-27T15:00:11+00:00","breadcrumb":{"@id":"https:\/\/redamlo.com\/index.php\/2021\/06\/27\/mexico-dialoga-con-autoridades-estadounidenses-para-abrir-frontera-con-baja-california-lopez-obrador\/#breadcrumb"},"inLanguage":"es","potentialAction":[{"@type":"ReadAction","target":["https:\/\/redamlo.com\/index.php\/2021\/06\/27\/mexico-dialoga-con-autoridades-estadounidenses-para-abrir-frontera-con-baja-california-lopez-obrador\/"]}]},{"@type":"ImageObject","inLanguage":"es","@id":"https:\/\/redamlo.com\/index.php\/2021\/06\/27\/mexico-dialoga-con-autoridades-estadounidenses-para-abrir-frontera-con-baja-california-lopez-obrador\/#primaryimage","url":"https:\/\/redamlo.com\/wp-content\/uploads\/2021\/07\/Mexico-dialoga-con-autoridades-estadounidenses-para-abrir-frontera-con-Baja-California-Lopez-Obrador.jpg","contentUrl":"https:\/\/redamlo.com\/wp-content\/uploads\/2021\/07\/Mexico-dialoga-con-autoridades-estadounidenses-para-abrir-frontera-con-Baja-California-Lopez-Obrador.jpg","width":770,"height":425},{"@type":"BreadcrumbList","@id":"https:\/\/redamlo.com\/index.php\/2021\/06\/27\/mexico-dialoga-con-autoridades-estadounidenses-para-abrir-frontera-con-baja-california-lopez-obrador\/#breadcrumb","itemListElement":[{"@type":"ListItem","position":1,"name":"Inicio","item":"https:\/\/redamlo.com\/"},{"@type":"ListItem","position":2,"name":"M\u00e9xico dialoga con autoridades estadounidenses para abrir frontera con Baja California: L\u00f3pez Obrador"}]},{"@type":"WebSite","@id":"https:\/\/redamlo.com\/#website","url":"https:\/\/redamlo.com\/","name":"NOTICIAS DE LA 4T","description":"","publisher":{"@id":"https:\/\/redamlo.com\/#organization"},"potentialAction":[{"@type":"SearchAction","target":{"@type":"EntryPoint","urlTemplate":"https:\/\/redamlo.com\/?s={search_term_string}"},"query-input":{"@type":"PropertyValueSpecification","valueRequired":true,"valueName":"search_term_string"}}],"inLanguage":"es"},{"@type":"Organization","@id":"https:\/\/redamlo.com\/#organization","name":"NOTICIAS DE LA 4T","url":"https:\/\/redamlo.com\/","logo":{"@type":"ImageObject","inLanguage":"es","@id":"https:\/\/redamlo.com\/#\/schema\/logo\/image\/","url":"https:\/\/redamlo.com\/wp-content\/uploads\/2024\/08\/cropped-RED-AMLO-logo-50.png","contentUrl":"https:\/\/redamlo.com\/wp-content\/uploads\/2024\/08\/cropped-RED-AMLO-logo-50.png","width":256,"height":256,"caption":"NOTICIAS DE LA 4T"},"image":{"@id":"https:\/\/redamlo.com\/#\/schema\/logo\/image\/"}},{"@type":"Person","@id":"https:\/\/redamlo.com\/#\/schema\/person\/7223a4375eb8f1a782fcae010a7115cf","name":"Blanca","image":{"@type":"ImageObject","inLanguage":"es","@id":"https:\/\/secure.gravatar.com\/avatar\/3f79bc8336367a4e6093eae8757acaaf61d1124834b905616de7829b0273426d?s=96&d=mm&r=g","url":"https:\/\/secure.gravatar.com\/avatar\/3f79bc8336367a4e6093eae8757acaaf61d1124834b905616de7829b0273426d?s=96&d=mm&r=g","contentUrl":"https:\/\/secure.gravatar.com\/avatar\/3f79bc8336367a4e6093eae8757acaaf61d1124834b905616de7829b0273426d?s=96&d=mm&r=g","caption":"Blanca"},"url":"https:\/\/redamlo.com\/index.php\/author\/blanca\/"}]}},"_links":{"self":[{"href":"https:\/\/redamlo.com\/index.php\/wp-json\/wp\/v2\/posts\/4803","targetHints":{"allow":["GET"]}}],"collection":[{"href":"https:\/\/redamlo.com\/index.php\/wp-json\/wp\/v2\/posts"}],"about":[{"href":"https:\/\/redamlo.com\/index.php\/wp-json\/wp\/v2\/types\/post"}],"author":[{"embeddable":true,"href":"https:\/\/redamlo.com\/index.php\/wp-json\/wp\/v2\/users\/2"}],"replies":[{"embeddable":true,"href":"https:\/\/redamlo.com\/index.php\/wp-json\/wp\/v2\/comments?post=4803"}],"version-history":[{"count":0,"href":"https:\/\/redamlo.com\/index.php\/wp-json\/wp\/v2\/posts\/4803\/revisions"}],"wp:featuredmedia":[{"embeddable":true,"href":"https:\/\/redamlo.com\/index.php\/wp-json\/wp\/v2\/media\/4806"}],"wp:attachment":[{"href":"https:\/\/redamlo.com\/index.php\/wp-json\/wp\/v2\/media?parent=4803"}],"wp:term":[{"taxonomy":"category","embeddable":true,"href":"https:\/\/redamlo.com\/index.php\/wp-json\/wp\/v2\/categories?post=4803"},{"taxonomy":"post_tag","embeddable":true,"href":"https:\/\/redamlo.com\/index.php\/wp-json\/wp\/v2\/tags?post=4803"}],"curies":[{"name":"wp","href":"https:\/\/api.w.org\/{rel}","templated":true}]}}