{"id":4786,"date":"2021-07-09T13:58:13","date_gmt":"2021-07-09T18:58:13","guid":{"rendered":"https:\/\/redamlo.com\/?p=4786"},"modified":"2021-07-09T13:58:13","modified_gmt":"2021-07-09T18:58:13","slug":"militantes-de-morena-yucatan-denuncian-violencia-politica-en-contra-de-alejandra-novelo-2","status":"publish","type":"post","link":"https:\/\/redamlo.com\/index.php\/2021\/07\/09\/militantes-de-morena-yucatan-denuncian-violencia-politica-en-contra-de-alejandra-novelo-2\/","title":{"rendered":"Militantes de MORENA Yucat\u00e1n denuncian violencia pol\u00edtica en contra de Alejandra Novelo"},"content":{"rendered":"<p>El <strong>Movimiento de Regeneraci\u00f3n Nacional (MORENA) se ha fortalecido estructuralmente en el estado de Yucat\u00e1n<\/strong> y como resultado tangible est\u00e1 el comparativo entre los procesos electorales de 2018 y 2021 donde MORENA creci\u00f3 exponencialmente en la obtenci\u00f3n del voto ciudadano, situaci\u00f3n que es resultado del trabajo partidista. <strong>El proyecto ha llevado la conducci\u00f3n pol\u00edtica del Senador Ovidio Peralta<\/strong>, perteneciente al poderoso grupo compacto de Tabasco.<\/p>\n<p>El proyecto pol\u00edtico de <strong>MORENA en Yucat\u00e1n ha logrado disolver el bipartidismo hegem\u00f3nico en la entidad<\/strong> y adem\u00e1s la alianza del PRIAN representa un paradigma pol\u00edtico que no ha seguido la din\u00e1mica nacional de la alianza al mantenerse el PAN bajo la conducci\u00f3n de Mauricio Vila de manera independiente sin alianzas con el PRI, sin embargo, rumbo a la gubernatura de 2024 se perfila una posible alianza PAN-PRI para poder hacer frente a la segunda fuerza pol\u00edtica ya concentrada en MORENA.<\/p>\n<p>Durante 2018 el hoy presidente <strong>Andr\u00e9s Manuel L\u00f3pez Obrador dinamit\u00f3 el bipartidismo en Yucat\u00e1n en alianza del ex panista Huacho D\u00edaz Mena para abanderar el proyecto morenista<\/strong>, sin embargo, sus pactos con Mauricio Vila lo han relegado actualmente del proyecto pol\u00edtico de MORENA y ahora se encuentra aislado en la coordinaci\u00f3n de los programas federales, pero sin margen de maniobra presupuestal, es decir, un puesto completamente administrativo y no pol\u00edtico.<\/p>\n<p><strong>Otro que qued\u00f3 aislado del proyecto pol\u00edtico de MORENA en Yucat\u00e1n fue Rogerio Castro<\/strong>, sin embargo, se aferra en intentar fomentar la divisi\u00f3n interna del partido, aunque sus esfuerzos son aislados junto a Diaz Mena que podr\u00eda estar en sus \u00faltimos d\u00edas en su cargo administrativo.<\/p>\n<p><img loading=\"lazy\" decoding=\"async\" class=\"size-medium wp-image-4791 aligncenter\" src=\"https:\/\/redamlo.com\/wp-content\/uploads\/2021\/07\/Ale_Novelo_Consulta_Merida-1-300x225.jpg\" alt=\"\" width=\"300\" height=\"225\" srcset=\"https:\/\/redamlo.com\/wp-content\/uploads\/2021\/07\/Ale_Novelo_Consulta_Merida-1-300x225.jpg 300w, https:\/\/redamlo.com\/wp-content\/uploads\/2021\/07\/Ale_Novelo_Consulta_Merida-1-1024x768.jpg 1024w, https:\/\/redamlo.com\/wp-content\/uploads\/2021\/07\/Ale_Novelo_Consulta_Merida-1-768x576.jpg 768w, https:\/\/redamlo.com\/wp-content\/uploads\/2021\/07\/Ale_Novelo_Consulta_Merida-1-1536x1152.jpg 1536w, https:\/\/redamlo.com\/wp-content\/uploads\/2021\/07\/Ale_Novelo_Consulta_Merida-1.jpg 2048w\" sizes=\"auto, (max-width: 300px) 100vw, 300px\" \/><\/p>\n<p>&nbsp;<\/p>\n<p><strong>La l\u00ednea pol\u00edtica del CEN de MORENA es que Ovidio Peralta y Alejandra Novelo contin\u00faen liderando el proyecto estatal, situaci\u00f3n que no tolera Mauricio Vila al no tener pacto con los antes mencionados<\/strong> y por esa raz\u00f3n busca desestabilizar MORENA a trav\u00e9s de sus esquiroles al interior del partido.<\/p>\n<p>En ese contexto apareci\u00f3 Guillermo Calder\u00f3n, derrotado en las urnas el pasado proceso electoral 2021, personaje que acudi\u00f3 al Sal\u00f3n Versalles el pasado 06 julio en el evento organizativo de la Consulta Popular para expresidentes, donde tom\u00f3 la palabra para ejercer violencia pol\u00edtica en contra de Alejandra Novelo por su participaci\u00f3n en el pres\u00eddium, agresi\u00f3n que fue aplaudida por los acompa\u00f1antes del Sr. Calder\u00f3n, mismos que filmaron con celular el acto y aplaudieron la violencia fuera de contexto.<\/p>\n<p><iframe loading=\"lazy\" title=\"Abuchean a diputada electa de Morena\" width=\"640\" height=\"360\" src=\"https:\/\/www.youtube.com\/embed\/qEPhTEAYw5s?feature=oembed\" frameborder=\"0\" allow=\"accelerometer; autoplay; clipboard-write; encrypted-media; gyroscope; picture-in-picture; web-share\" referrerpolicy=\"strict-origin-when-cross-origin\" allowfullscreen><\/iframe><\/p>\n<p>Ahora p\u00e1ginas afines al panismo tratan de difundir la discursiva sobre un presunto abucheo generalizado en contra de Alejandra Novelo, situaci\u00f3n que es completamente falsa. Por su parte, miembros de MORENA Yucat\u00e1n catalogaron el acto como violencia pol\u00edtica.<\/p>\n<p><img loading=\"lazy\" decoding=\"async\" class=\"size-medium wp-image-4787 aligncenter\" src=\"https:\/\/redamlo.com\/wp-content\/uploads\/2021\/07\/ruido_medio_PAN-300x126.png\" alt=\"\" width=\"300\" height=\"126\" srcset=\"https:\/\/redamlo.com\/wp-content\/uploads\/2021\/07\/ruido_medio_PAN-300x126.png 300w, https:\/\/redamlo.com\/wp-content\/uploads\/2021\/07\/ruido_medio_PAN-1024x429.png 1024w, https:\/\/redamlo.com\/wp-content\/uploads\/2021\/07\/ruido_medio_PAN-768x322.png 768w, https:\/\/redamlo.com\/wp-content\/uploads\/2021\/07\/ruido_medio_PAN-1536x644.png 1536w, https:\/\/redamlo.com\/wp-content\/uploads\/2021\/07\/ruido_medio_PAN.png 1670w\" sizes=\"auto, (max-width: 300px) 100vw, 300px\" \/><\/p>\n<p>&nbsp;<\/p>\n<p>La realidad es que Mauricio Vila trata de desestabilizar la posible llegada de Alejandra Novelo a la Coordinaci\u00f3n del Grupo Parlamentario de MORENA en el Congreso del estado de Yucat\u00e1n.<\/p>\n<p><img loading=\"lazy\" decoding=\"async\" class=\"size-medium wp-image-4729 aligncenter\" src=\"https:\/\/redamlo.com\/wp-content\/uploads\/2021\/07\/%E2%80%A2Alejandra-Novelo-se-perfila-para-dirigir-el-Grupo-Parlamentario-de-MORENA-en-Yucatan-3-1024x768-300x225.jpg\" alt=\"\" width=\"300\" height=\"225\" \/><\/p>\n","protected":false},"excerpt":{"rendered":"<p>El Movimiento de Regeneraci\u00f3n Nacional (MORENA) se ha fortalecido estructuralmente en el estado de Yucat\u00e1n&#8230;<\/p>\n","protected":false},"author":2,"featured_media":4788,"comment_status":"open","ping_status":"closed","sticky":false,"template":"","format":"standard","meta":{"footnotes":""},"categories":[25],"tags":[1116,1117,1127,811,24,1128,1129],"class_list":["post-4786","post","type-post","status-publish","format-standard","has-post-thumbnail","hentry","category-4t","tag-alejandra-novelo","tag-consulta-popular","tag-guillermos-calderon","tag-merida","tag-morena","tag-slon-versalles","tag-violencia-politica"],"yoast_head":"<!-- This site is optimized with the Yoast SEO plugin v27.5 - https:\/\/yoast.com\/product\/yoast-seo-wordpress\/ -->\n<title>Militantes de MORENA Yucat\u00e1n denuncian violencia pol\u00edtica en contra de Alejandra Novelo - NOTICIAS DE LA 4T<\/title>\n<meta name=\"robots\" content=\"noindex, follow, max-snippet:-1, max-image-preview:large, max-video-preview:-1\" \/>\n<meta property=\"og:locale\" content=\"es_MX\" \/>\n<meta property=\"og:type\" content=\"article\" \/>\n<meta property=\"og:title\" content=\"Militantes de MORENA Yucat\u00e1n denuncian violencia pol\u00edtica en contra de Alejandra Novelo - NOTICIAS DE LA 4T\" \/>\n<meta property=\"og:description\" content=\"El Movimiento de Regeneraci\u00f3n Nacional (MORENA) se ha fortalecido estructuralmente en el estado de Yucat\u00e1n...\" \/>\n<meta property=\"og:url\" content=\"https:\/\/redamlo.com\/index.php\/2021\/07\/09\/militantes-de-morena-yucatan-denuncian-violencia-politica-en-contra-de-alejandra-novelo-2\/\" \/>\n<meta property=\"og:site_name\" content=\"NOTICIAS DE LA 4T\" \/>\n<meta property=\"article:published_time\" content=\"2021-07-09T18:58:13+00:00\" \/>\n<meta property=\"og:image\" content=\"https:\/\/redamlo.com\/wp-content\/uploads\/2021\/07\/ale_novelo_perfil.jpg\" \/>\n\t<meta property=\"og:image:width\" content=\"2048\" \/>\n\t<meta property=\"og:image:height\" content=\"1536\" \/>\n\t<meta property=\"og:image:type\" content=\"image\/jpeg\" \/>\n<meta name=\"author\" content=\"Blanca\" \/>\n<meta name=\"twitter:card\" content=\"summary_large_image\" \/>\n<meta name=\"twitter:label1\" content=\"Escrito por\" \/>\n\t<meta name=\"twitter:data1\" content=\"Blanca\" \/>\n\t<meta name=\"twitter:label2\" content=\"Tiempo de lectura\" \/>\n\t<meta name=\"twitter:data2\" content=\"3 minutos\" \/>\n<script type=\"application\/ld+json\" class=\"yoast-schema-graph\">{\"@context\":\"https:\\\/\\\/schema.org\",\"@graph\":[{\"@type\":\"Article\",\"@id\":\"https:\\\/\\\/redamlo.com\\\/index.php\\\/2021\\\/07\\\/09\\\/militantes-de-morena-yucatan-denuncian-violencia-politica-en-contra-de-alejandra-novelo-2\\\/#article\",\"isPartOf\":{\"@id\":\"https:\\\/\\\/redamlo.com\\\/index.php\\\/2021\\\/07\\\/09\\\/militantes-de-morena-yucatan-denuncian-violencia-politica-en-contra-de-alejandra-novelo-2\\\/\"},\"author\":{\"name\":\"Blanca\",\"@id\":\"https:\\\/\\\/redamlo.com\\\/#\\\/schema\\\/person\\\/7223a4375eb8f1a782fcae010a7115cf\"},\"headline\":\"Militantes de MORENA Yucat\u00e1n denuncian violencia pol\u00edtica en contra de Alejandra Novelo\",\"datePublished\":\"2021-07-09T18:58:13+00:00\",\"mainEntityOfPage\":{\"@id\":\"https:\\\/\\\/redamlo.com\\\/index.php\\\/2021\\\/07\\\/09\\\/militantes-de-morena-yucatan-denuncian-violencia-politica-en-contra-de-alejandra-novelo-2\\\/\"},\"wordCount\":521,\"commentCount\":0,\"publisher\":{\"@id\":\"https:\\\/\\\/redamlo.com\\\/#organization\"},\"image\":{\"@id\":\"https:\\\/\\\/redamlo.com\\\/index.php\\\/2021\\\/07\\\/09\\\/militantes-de-morena-yucatan-denuncian-violencia-politica-en-contra-de-alejandra-novelo-2\\\/#primaryimage\"},\"thumbnailUrl\":\"https:\\\/\\\/redamlo.com\\\/wp-content\\\/uploads\\\/2021\\\/07\\\/ale_novelo_perfil.jpg\",\"keywords\":[\"Alejandra Novelo\",\"Consulta popular\",\"Guillermos Calder\u00f3n\",\"M\u00e9rida\",\"Morena\",\"Sl\u00f3n Versalles\",\"violencia pol\u00edtica\"],\"articleSection\":[\"4T\"],\"inLanguage\":\"es\",\"potentialAction\":[{\"@type\":\"CommentAction\",\"name\":\"Comment\",\"target\":[\"https:\\\/\\\/redamlo.com\\\/index.php\\\/2021\\\/07\\\/09\\\/militantes-de-morena-yucatan-denuncian-violencia-politica-en-contra-de-alejandra-novelo-2\\\/#respond\"]}]},{\"@type\":\"WebPage\",\"@id\":\"https:\\\/\\\/redamlo.com\\\/index.php\\\/2021\\\/07\\\/09\\\/militantes-de-morena-yucatan-denuncian-violencia-politica-en-contra-de-alejandra-novelo-2\\\/\",\"url\":\"https:\\\/\\\/redamlo.com\\\/index.php\\\/2021\\\/07\\\/09\\\/militantes-de-morena-yucatan-denuncian-violencia-politica-en-contra-de-alejandra-novelo-2\\\/\",\"name\":\"Militantes de MORENA Yucat\u00e1n denuncian violencia pol\u00edtica en contra de Alejandra Novelo - NOTICIAS DE LA 4T\",\"isPartOf\":{\"@id\":\"https:\\\/\\\/redamlo.com\\\/#website\"},\"primaryImageOfPage\":{\"@id\":\"https:\\\/\\\/redamlo.com\\\/index.php\\\/2021\\\/07\\\/09\\\/militantes-de-morena-yucatan-denuncian-violencia-politica-en-contra-de-alejandra-novelo-2\\\/#primaryimage\"},\"image\":{\"@id\":\"https:\\\/\\\/redamlo.com\\\/index.php\\\/2021\\\/07\\\/09\\\/militantes-de-morena-yucatan-denuncian-violencia-politica-en-contra-de-alejandra-novelo-2\\\/#primaryimage\"},\"thumbnailUrl\":\"https:\\\/\\\/redamlo.com\\\/wp-content\\\/uploads\\\/2021\\\/07\\\/ale_novelo_perfil.jpg\",\"datePublished\":\"2021-07-09T18:58:13+00:00\",\"breadcrumb\":{\"@id\":\"https:\\\/\\\/redamlo.com\\\/index.php\\\/2021\\\/07\\\/09\\\/militantes-de-morena-yucatan-denuncian-violencia-politica-en-contra-de-alejandra-novelo-2\\\/#breadcrumb\"},\"inLanguage\":\"es\",\"potentialAction\":[{\"@type\":\"ReadAction\",\"target\":[\"https:\\\/\\\/redamlo.com\\\/index.php\\\/2021\\\/07\\\/09\\\/militantes-de-morena-yucatan-denuncian-violencia-politica-en-contra-de-alejandra-novelo-2\\\/\"]}]},{\"@type\":\"ImageObject\",\"inLanguage\":\"es\",\"@id\":\"https:\\\/\\\/redamlo.com\\\/index.php\\\/2021\\\/07\\\/09\\\/militantes-de-morena-yucatan-denuncian-violencia-politica-en-contra-de-alejandra-novelo-2\\\/#primaryimage\",\"url\":\"https:\\\/\\\/redamlo.com\\\/wp-content\\\/uploads\\\/2021\\\/07\\\/ale_novelo_perfil.jpg\",\"contentUrl\":\"https:\\\/\\\/redamlo.com\\\/wp-content\\\/uploads\\\/2021\\\/07\\\/ale_novelo_perfil.jpg\",\"width\":2048,\"height\":1536},{\"@type\":\"BreadcrumbList\",\"@id\":\"https:\\\/\\\/redamlo.com\\\/index.php\\\/2021\\\/07\\\/09\\\/militantes-de-morena-yucatan-denuncian-violencia-politica-en-contra-de-alejandra-novelo-2\\\/#breadcrumb\",\"itemListElement\":[{\"@type\":\"ListItem\",\"position\":1,\"name\":\"Inicio\",\"item\":\"https:\\\/\\\/redamlo.com\\\/\"},{\"@type\":\"ListItem\",\"position\":2,\"name\":\"Militantes de MORENA Yucat\u00e1n denuncian violencia pol\u00edtica en contra de Alejandra Novelo\"}]},{\"@type\":\"WebSite\",\"@id\":\"https:\\\/\\\/redamlo.com\\\/#website\",\"url\":\"https:\\\/\\\/redamlo.com\\\/\",\"name\":\"NOTICIAS DE LA 4T\",\"description\":\"\",\"publisher\":{\"@id\":\"https:\\\/\\\/redamlo.com\\\/#organization\"},\"potentialAction\":[{\"@type\":\"SearchAction\",\"target\":{\"@type\":\"EntryPoint\",\"urlTemplate\":\"https:\\\/\\\/redamlo.com\\\/?s={search_term_string}\"},\"query-input\":{\"@type\":\"PropertyValueSpecification\",\"valueRequired\":true,\"valueName\":\"search_term_string\"}}],\"inLanguage\":\"es\"},{\"@type\":\"Organization\",\"@id\":\"https:\\\/\\\/redamlo.com\\\/#organization\",\"name\":\"NOTICIAS DE LA 4T\",\"url\":\"https:\\\/\\\/redamlo.com\\\/\",\"logo\":{\"@type\":\"ImageObject\",\"inLanguage\":\"es\",\"@id\":\"https:\\\/\\\/redamlo.com\\\/#\\\/schema\\\/logo\\\/image\\\/\",\"url\":\"https:\\\/\\\/redamlo.com\\\/wp-content\\\/uploads\\\/2024\\\/08\\\/cropped-RED-AMLO-logo-50.png\",\"contentUrl\":\"https:\\\/\\\/redamlo.com\\\/wp-content\\\/uploads\\\/2024\\\/08\\\/cropped-RED-AMLO-logo-50.png\",\"width\":256,\"height\":256,\"caption\":\"NOTICIAS DE LA 4T\"},\"image\":{\"@id\":\"https:\\\/\\\/redamlo.com\\\/#\\\/schema\\\/logo\\\/image\\\/\"}},{\"@type\":\"Person\",\"@id\":\"https:\\\/\\\/redamlo.com\\\/#\\\/schema\\\/person\\\/7223a4375eb8f1a782fcae010a7115cf\",\"name\":\"Blanca\",\"image\":{\"@type\":\"ImageObject\",\"inLanguage\":\"es\",\"@id\":\"https:\\\/\\\/secure.gravatar.com\\\/avatar\\\/3f79bc8336367a4e6093eae8757acaaf61d1124834b905616de7829b0273426d?s=96&d=mm&r=g\",\"url\":\"https:\\\/\\\/secure.gravatar.com\\\/avatar\\\/3f79bc8336367a4e6093eae8757acaaf61d1124834b905616de7829b0273426d?s=96&d=mm&r=g\",\"contentUrl\":\"https:\\\/\\\/secure.gravatar.com\\\/avatar\\\/3f79bc8336367a4e6093eae8757acaaf61d1124834b905616de7829b0273426d?s=96&d=mm&r=g\",\"caption\":\"Blanca\"},\"url\":\"https:\\\/\\\/redamlo.com\\\/index.php\\\/author\\\/blanca\\\/\"}]}<\/script>\n<!-- \/ Yoast SEO plugin. -->","yoast_head_json":{"title":"Militantes de MORENA Yucat\u00e1n denuncian violencia pol\u00edtica en contra de Alejandra Novelo - NOTICIAS DE LA 4T","robots":{"index":"noindex","follow":"follow","max-snippet":"max-snippet:-1","max-image-preview":"max-image-preview:large","max-video-preview":"max-video-preview:-1"},"og_locale":"es_MX","og_type":"article","og_title":"Militantes de MORENA Yucat\u00e1n denuncian violencia pol\u00edtica en contra de Alejandra Novelo - NOTICIAS DE LA 4T","og_description":"El Movimiento de Regeneraci\u00f3n Nacional (MORENA) se ha fortalecido estructuralmente en el estado de Yucat\u00e1n...","og_url":"https:\/\/redamlo.com\/index.php\/2021\/07\/09\/militantes-de-morena-yucatan-denuncian-violencia-politica-en-contra-de-alejandra-novelo-2\/","og_site_name":"NOTICIAS DE LA 4T","article_published_time":"2021-07-09T18:58:13+00:00","og_image":[{"width":2048,"height":1536,"url":"https:\/\/redamlo.com\/wp-content\/uploads\/2021\/07\/ale_novelo_perfil.jpg","type":"image\/jpeg"}],"author":"Blanca","twitter_card":"summary_large_image","twitter_misc":{"Escrito por":"Blanca","Tiempo de lectura":"3 minutos"},"schema":{"@context":"https:\/\/schema.org","@graph":[{"@type":"Article","@id":"https:\/\/redamlo.com\/index.php\/2021\/07\/09\/militantes-de-morena-yucatan-denuncian-violencia-politica-en-contra-de-alejandra-novelo-2\/#article","isPartOf":{"@id":"https:\/\/redamlo.com\/index.php\/2021\/07\/09\/militantes-de-morena-yucatan-denuncian-violencia-politica-en-contra-de-alejandra-novelo-2\/"},"author":{"name":"Blanca","@id":"https:\/\/redamlo.com\/#\/schema\/person\/7223a4375eb8f1a782fcae010a7115cf"},"headline":"Militantes de MORENA Yucat\u00e1n denuncian violencia pol\u00edtica en contra de Alejandra Novelo","datePublished":"2021-07-09T18:58:13+00:00","mainEntityOfPage":{"@id":"https:\/\/redamlo.com\/index.php\/2021\/07\/09\/militantes-de-morena-yucatan-denuncian-violencia-politica-en-contra-de-alejandra-novelo-2\/"},"wordCount":521,"commentCount":0,"publisher":{"@id":"https:\/\/redamlo.com\/#organization"},"image":{"@id":"https:\/\/redamlo.com\/index.php\/2021\/07\/09\/militantes-de-morena-yucatan-denuncian-violencia-politica-en-contra-de-alejandra-novelo-2\/#primaryimage"},"thumbnailUrl":"https:\/\/redamlo.com\/wp-content\/uploads\/2021\/07\/ale_novelo_perfil.jpg","keywords":["Alejandra Novelo","Consulta popular","Guillermos Calder\u00f3n","M\u00e9rida","Morena","Sl\u00f3n Versalles","violencia pol\u00edtica"],"articleSection":["4T"],"inLanguage":"es","potentialAction":[{"@type":"CommentAction","name":"Comment","target":["https:\/\/redamlo.com\/index.php\/2021\/07\/09\/militantes-de-morena-yucatan-denuncian-violencia-politica-en-contra-de-alejandra-novelo-2\/#respond"]}]},{"@type":"WebPage","@id":"https:\/\/redamlo.com\/index.php\/2021\/07\/09\/militantes-de-morena-yucatan-denuncian-violencia-politica-en-contra-de-alejandra-novelo-2\/","url":"https:\/\/redamlo.com\/index.php\/2021\/07\/09\/militantes-de-morena-yucatan-denuncian-violencia-politica-en-contra-de-alejandra-novelo-2\/","name":"Militantes de MORENA Yucat\u00e1n denuncian violencia pol\u00edtica en contra de Alejandra Novelo - NOTICIAS DE LA 4T","isPartOf":{"@id":"https:\/\/redamlo.com\/#website"},"primaryImageOfPage":{"@id":"https:\/\/redamlo.com\/index.php\/2021\/07\/09\/militantes-de-morena-yucatan-denuncian-violencia-politica-en-contra-de-alejandra-novelo-2\/#primaryimage"},"image":{"@id":"https:\/\/redamlo.com\/index.php\/2021\/07\/09\/militantes-de-morena-yucatan-denuncian-violencia-politica-en-contra-de-alejandra-novelo-2\/#primaryimage"},"thumbnailUrl":"https:\/\/redamlo.com\/wp-content\/uploads\/2021\/07\/ale_novelo_perfil.jpg","datePublished":"2021-07-09T18:58:13+00:00","breadcrumb":{"@id":"https:\/\/redamlo.com\/index.php\/2021\/07\/09\/militantes-de-morena-yucatan-denuncian-violencia-politica-en-contra-de-alejandra-novelo-2\/#breadcrumb"},"inLanguage":"es","potentialAction":[{"@type":"ReadAction","target":["https:\/\/redamlo.com\/index.php\/2021\/07\/09\/militantes-de-morena-yucatan-denuncian-violencia-politica-en-contra-de-alejandra-novelo-2\/"]}]},{"@type":"ImageObject","inLanguage":"es","@id":"https:\/\/redamlo.com\/index.php\/2021\/07\/09\/militantes-de-morena-yucatan-denuncian-violencia-politica-en-contra-de-alejandra-novelo-2\/#primaryimage","url":"https:\/\/redamlo.com\/wp-content\/uploads\/2021\/07\/ale_novelo_perfil.jpg","contentUrl":"https:\/\/redamlo.com\/wp-content\/uploads\/2021\/07\/ale_novelo_perfil.jpg","width":2048,"height":1536},{"@type":"BreadcrumbList","@id":"https:\/\/redamlo.com\/index.php\/2021\/07\/09\/militantes-de-morena-yucatan-denuncian-violencia-politica-en-contra-de-alejandra-novelo-2\/#breadcrumb","itemListElement":[{"@type":"ListItem","position":1,"name":"Inicio","item":"https:\/\/redamlo.com\/"},{"@type":"ListItem","position":2,"name":"Militantes de MORENA Yucat\u00e1n denuncian violencia pol\u00edtica en contra de Alejandra Novelo"}]},{"@type":"WebSite","@id":"https:\/\/redamlo.com\/#website","url":"https:\/\/redamlo.com\/","name":"NOTICIAS DE LA 4T","description":"","publisher":{"@id":"https:\/\/redamlo.com\/#organization"},"potentialAction":[{"@type":"SearchAction","target":{"@type":"EntryPoint","urlTemplate":"https:\/\/redamlo.com\/?s={search_term_string}"},"query-input":{"@type":"PropertyValueSpecification","valueRequired":true,"valueName":"search_term_string"}}],"inLanguage":"es"},{"@type":"Organization","@id":"https:\/\/redamlo.com\/#organization","name":"NOTICIAS DE LA 4T","url":"https:\/\/redamlo.com\/","logo":{"@type":"ImageObject","inLanguage":"es","@id":"https:\/\/redamlo.com\/#\/schema\/logo\/image\/","url":"https:\/\/redamlo.com\/wp-content\/uploads\/2024\/08\/cropped-RED-AMLO-logo-50.png","contentUrl":"https:\/\/redamlo.com\/wp-content\/uploads\/2024\/08\/cropped-RED-AMLO-logo-50.png","width":256,"height":256,"caption":"NOTICIAS DE LA 4T"},"image":{"@id":"https:\/\/redamlo.com\/#\/schema\/logo\/image\/"}},{"@type":"Person","@id":"https:\/\/redamlo.com\/#\/schema\/person\/7223a4375eb8f1a782fcae010a7115cf","name":"Blanca","image":{"@type":"ImageObject","inLanguage":"es","@id":"https:\/\/secure.gravatar.com\/avatar\/3f79bc8336367a4e6093eae8757acaaf61d1124834b905616de7829b0273426d?s=96&d=mm&r=g","url":"https:\/\/secure.gravatar.com\/avatar\/3f79bc8336367a4e6093eae8757acaaf61d1124834b905616de7829b0273426d?s=96&d=mm&r=g","contentUrl":"https:\/\/secure.gravatar.com\/avatar\/3f79bc8336367a4e6093eae8757acaaf61d1124834b905616de7829b0273426d?s=96&d=mm&r=g","caption":"Blanca"},"url":"https:\/\/redamlo.com\/index.php\/author\/blanca\/"}]}},"_links":{"self":[{"href":"https:\/\/redamlo.com\/index.php\/wp-json\/wp\/v2\/posts\/4786","targetHints":{"allow":["GET"]}}],"collection":[{"href":"https:\/\/redamlo.com\/index.php\/wp-json\/wp\/v2\/posts"}],"about":[{"href":"https:\/\/redamlo.com\/index.php\/wp-json\/wp\/v2\/types\/post"}],"author":[{"embeddable":true,"href":"https:\/\/redamlo.com\/index.php\/wp-json\/wp\/v2\/users\/2"}],"replies":[{"embeddable":true,"href":"https:\/\/redamlo.com\/index.php\/wp-json\/wp\/v2\/comments?post=4786"}],"version-history":[{"count":0,"href":"https:\/\/redamlo.com\/index.php\/wp-json\/wp\/v2\/posts\/4786\/revisions"}],"wp:featuredmedia":[{"embeddable":true,"href":"https:\/\/redamlo.com\/index.php\/wp-json\/wp\/v2\/media\/4788"}],"wp:attachment":[{"href":"https:\/\/redamlo.com\/index.php\/wp-json\/wp\/v2\/media?parent=4786"}],"wp:term":[{"taxonomy":"category","embeddable":true,"href":"https:\/\/redamlo.com\/index.php\/wp-json\/wp\/v2\/categories?post=4786"},{"taxonomy":"post_tag","embeddable":true,"href":"https:\/\/redamlo.com\/index.php\/wp-json\/wp\/v2\/tags?post=4786"}],"curies":[{"name":"wp","href":"https:\/\/api.w.org\/{rel}","templated":true}]}}