{"id":4768,"date":"2021-06-25T17:00:01","date_gmt":"2021-06-25T17:00:01","guid":{"rendered":"https:\/\/redamlo.com\/?p=4768"},"modified":"2021-06-25T17:00:01","modified_gmt":"2021-06-25T17:00:01","slug":"habra-crecimiento-economico-con-empleo-y-bienestar-en-frontera-norte-lopez-obrador-anuncia-ampliacion-de-programas-para-el-bienestar","status":"publish","type":"post","link":"https:\/\/redamlo.com\/index.php\/2021\/06\/25\/habra-crecimiento-economico-con-empleo-y-bienestar-en-frontera-norte-lopez-obrador-anuncia-ampliacion-de-programas-para-el-bienestar\/","title":{"rendered":"Habr\u00e1 crecimiento econ\u00f3mico con empleo y bienestar en frontera norte: L\u00f3pez Obrador; anuncia ampliaci\u00f3n de Programas para el Bienestar"},"content":{"rendered":"<div id=\":ez\" class=\"Ar Au Ao\">\n<div id=\":dw\" class=\"Am Al editable LW-avf tS-tW tS-tY\" style=\"text-align: justify;\" tabindex=\"1\" role=\"textbox\" contenteditable=\"true\" spellcheck=\"false\" aria-label=\"Cuerpo del mensaje\" aria-multiline=\"true\">\n<p><span style=\"color: #000000; font-family: Arial, Helvetica, sans-serif;\">MEXICALI, B.C., 25 de junio de 2021.- Al iniciar su gira de trabajo por Baja California, el presidente de M\u00e9xico, Andr\u00e9s Manuel L\u00f3pez Obrador pronostic\u00f3 que en la frontera del pa\u00eds habr\u00e1 crecimiento econ\u00f3mico e incrementar\u00e1 la actividad comercial.<\/span><\/p>\n<p><span style=\"color: #000000; font-family: Arial, Helvetica, sans-serif;\">\u201cYo quiero hacer un pron\u00f3stico positivo, dar una buena noticia, decirle a los habitantes de la frontera norte de nuestro pa\u00eds que va a seguir creciendo la econom\u00eda y el comercio, que es una regi\u00f3n estrat\u00e9gica en el mundo y que en el futuro va a haber m\u00e1s crecimiento, m\u00e1s empleo y m\u00e1s bienestar en los estados fronterizos\u201d, afirm\u00f3.<\/span><\/p>\n<p><span style=\"color: #000000; font-family: Arial, Helvetica, sans-serif;\">El jefe del ejecutivo record\u00f3 que esta zona del pa\u00eds se ha beneficiado con la disminuci\u00f3n del IVA al 8 por ciento y del ISR al 20 por ciento, el aumento del salario m\u00ednimo en poco m\u00e1s del doble y la reducci\u00f3n de los costos de combustibles en todos los municipios de la frontera.<\/span><\/p>\n<p><span style=\"color: #000000; font-family: Arial, Helvetica, sans-serif;\">En el norte del pa\u00eds los habitantes pueden adquirir las gasolinas hasta en seis pesos menos por litro en comparaci\u00f3n con el resto de la Rep\u00fablica, inform\u00f3.<\/span><\/p>\n<p><strong><span style=\"color: #000000; font-family: Arial, Helvetica, sans-serif;\">L\u00f3pez Obrador anuncia ampliaci\u00f3n de Programas para el Bienestar<\/span><\/strong><\/p>\n<p><span style=\"color: #000000; font-family: Arial, Helvetica, sans-serif;\">Durante el evento, el mandatario anunci\u00f3 que se ampliar\u00e1n y mejorar\u00e1n los Programas para el Bienestar en toda la Rep\u00fablica en un esfuerzo conjunto con los gobiernos estatales.<\/span><\/p>\n<p><span style=\"color: #000000; font-family: Arial, Helvetica, sans-serif;\">\u201cEstoy hablando ya con los nuevos gobernadores, mujeres y hombres que van a gobernar ahora con los cambios, para que el programa de la pensi\u00f3n a ni\u00f1os y ni\u00f1as con discapacidad se ampl\u00ede. (\u2026) Vamos a ponernos de acuerdo para que el 50 por ciento adicional lo aporte el estado y el otro 50 por ciento, la federaci\u00f3n\u201d, anunci\u00f3.<\/span><\/p>\n<p><span style=\"color: #000000; font-family: Arial, Helvetica, sans-serif;\">Agreg\u00f3 que tambi\u00e9n se ampliar\u00e1 el programa La Escuela es Nuestra, que hoy atiende a 60 mil escuelas, para cubrir hasta 200 mil planteles escolares. En esta iniciativa tambi\u00e9n se buscar\u00e1 la colaboraci\u00f3n con los gobiernos estatales.<\/span><\/p>\n<p><span style=\"color: #000000; font-family: Arial, Helvetica, sans-serif;\">Asimismo se trabajar\u00e1 para que las becas a estudiantes de bachillerato aumenten conforme a la inflaci\u00f3n y continuar\u00e1n los apoyos a los niveles de preescolar, primaria y secundaria.<\/span><\/p>\n<p><span style=\"color: #000000; font-family: Arial, Helvetica, sans-serif;\">\u201cVamos a mejorar todos los programas de bienestar en beneficio de la gente; que el presupuesto p\u00fablico, dinero del pueblo, llegue a la gente, que nosotros seamos facilitadores\u201d, a\u00f1adi\u00f3.<\/span><\/p>\n<p><span style=\"color: #000000; font-family: Arial, Helvetica, sans-serif;\">El secretario t\u00e9cnico del Gabinete de la Oficina de la Presidencia, Carlos Torres Rosas, inform\u00f3 que en Baja California hay 360 mil 156 beneficiarios de los Programas para el Bienestar, de los cuales 834 j\u00f3venes son aprendices en el programa J\u00f3venes Construyendo el Futuro.<\/span><\/p>\n<p><span style=\"color: #000000; font-family: Arial, Helvetica, sans-serif;\">Reciben becas 2 mil 86 estudiantes universitarios a trav\u00e9s del programa J\u00f3venes Escribiendo el Futuro; 108 mil 838 j\u00f3venes en bachillerato cuentan con apoyo, as\u00ed como 48 mil familias con hijos en nivel b\u00e1sico.<\/span><\/p>\n<p><span style=\"color: #000000; font-family: Arial, Helvetica, sans-serif;\">El programa La Escuela es Nuestra ha entregado de manera directa recursos a 86 escuelas en la entidad y se busca sumar 2 mil planteles m\u00e1s.<\/span><\/p>\n<p><span style=\"color: #000000; font-family: Arial, Helvetica, sans-serif;\">En el estado, 171 mil 244 adultos mayores reciben pensi\u00f3n y ya comenz\u00f3 la dispersi\u00f3n de recursos correspondientes al bimestre julio-agosto con un incremento de 15 por ciento.<\/span><\/p>\n<p><span style=\"color: #000000; font-family: Arial, Helvetica, sans-serif;\">Mil 457 ni\u00f1as y ni\u00f1os hijos de madres trabajadores cuentan con una pensi\u00f3n, as\u00ed como 22 mil 800 personas con discapacidad.<\/span><\/p>\n<p><span style=\"color: #000000; font-family: Arial, Helvetica, sans-serif;\">El gobierno federal avanza en la construcci\u00f3n de 24 sucursales del Banco del Bienestar, concluy\u00f3 el secretario t\u00e9cnico.<\/span><\/p>\n<p><span style=\"color: #000000; font-family: Arial, Helvetica, sans-serif;\">Acompa\u00f1aron al presidente el gobernador de Baja California, Jaime Bonilla Valdez y los secretarios de la Defensa Nacional, Luis Cresencio Sandoval Gonz\u00e1lez; de Marina, Jos\u00e9 Rafael Ojeda Dur\u00e1n; de Agricultura y Desarrollo Rural, V\u00edctor Manuel Villalobos Ar\u00e1mbula; las secretarias de Econom\u00eda, Tatiana Clouthier Carrillo y de Medio Ambiente y Recursos Naturales, Mar\u00eda Luisa Albores Gonz\u00e1lez.<\/span><\/p>\n<p><span style=\"color: #000000; font-family: Arial, Helvetica, sans-serif;\">Asistieron la subsecretaria de Bienestar, Ariadna Montiel Reyes; la subsecretaria de Egresos de la SHCP, Victoria Rodr\u00edguez Ceja; el subsecretario de Empleo y Productividad Laboral, Marath Bola\u00f1os L\u00f3pez; el coordinador nacional del Programas de Becas para el Bienestar Benito Ju\u00e1rez, Abraham V\u00e1zquez Piceno; el comisionado nacional de Acuacultura y Pesca, Octavio Almada Palafox; la directora general de La Escuela es Nuestra, Pamela L\u00f3pez Ruiz y la presidenta municipal de Mexicali, Mar\u00eda Guadalupe Mora Qui\u00f1onez.<\/span><\/p>\n<p><iframe loading=\"lazy\" title=\"Acciones en Alto Golfo de California, Programas para el Bienestar y Zona Libre de la Frontera Norte\" width=\"640\" height=\"360\" src=\"https:\/\/www.youtube.com\/embed\/czBLmkeQAU4?feature=oembed\" frameborder=\"0\" allow=\"accelerometer; autoplay; clipboard-write; encrypted-media; gyroscope; picture-in-picture; web-share\" referrerpolicy=\"strict-origin-when-cross-origin\" allowfullscreen><\/iframe><\/p>\n<\/div>\n<\/div>\n","protected":false},"excerpt":{"rendered":"<p>MEXICALI, B.C., 25 de junio de 2021.- Al iniciar su gira de trabajo por Baja&#8230;<\/p>\n","protected":false},"author":2,"featured_media":4771,"comment_status":"open","ping_status":"closed","sticky":false,"template":"","format":"standard","meta":{"footnotes":""},"categories":[25,20,27],"tags":[84,131,260,442,983,556,9,1055],"class_list":["post-4768","post","type-post","status-publish","format-standard","has-post-thumbnail","hentry","category-4t","category-nacionales","category-presidencia","tag-amlo","tag-andres-manuel-lopez-obrador","tag-baja-california","tag-cuarta-transformacion","tag-gira-de-trabajo","tag-gobierno-de-mexico","tag-mexico","tag-programas-para-el-bienestar"],"yoast_head":"<!-- This site is optimized with the Yoast SEO plugin v27.5 - https:\/\/yoast.com\/product\/yoast-seo-wordpress\/ -->\n<title>Habr\u00e1 crecimiento econ\u00f3mico con empleo y bienestar en frontera norte: L\u00f3pez Obrador; anuncia ampliaci\u00f3n de Programas para el Bienestar - NOTICIAS DE LA 4T<\/title>\n<meta name=\"robots\" content=\"noindex, follow, max-snippet:-1, max-image-preview:large, max-video-preview:-1\" \/>\n<meta property=\"og:locale\" content=\"es_MX\" \/>\n<meta property=\"og:type\" content=\"article\" \/>\n<meta property=\"og:title\" content=\"Habr\u00e1 crecimiento econ\u00f3mico con empleo y bienestar en frontera norte: L\u00f3pez Obrador; anuncia ampliaci\u00f3n de Programas para el Bienestar - NOTICIAS DE LA 4T\" \/>\n<meta property=\"og:description\" content=\"MEXICALI, B.C., 25 de junio de 2021.- Al iniciar su gira de trabajo por Baja...\" \/>\n<meta property=\"og:url\" content=\"https:\/\/redamlo.com\/index.php\/2021\/06\/25\/habra-crecimiento-economico-con-empleo-y-bienestar-en-frontera-norte-lopez-obrador-anuncia-ampliacion-de-programas-para-el-bienestar\/\" \/>\n<meta property=\"og:site_name\" content=\"NOTICIAS DE LA 4T\" \/>\n<meta property=\"article:published_time\" content=\"2021-06-25T17:00:01+00:00\" \/>\n<meta property=\"og:image\" content=\"https:\/\/redamlo.com\/wp-content\/uploads\/2021\/07\/Habra-crecimiento-economico-con-empleo-y-bienestar-en-frontera-norte-Lopez-Obrador-anuncia-ampliacion-de-Programas-para-el-Bienestar.jpg\" \/>\n\t<meta property=\"og:image:width\" content=\"769\" \/>\n\t<meta property=\"og:image:height\" content=\"494\" \/>\n\t<meta property=\"og:image:type\" content=\"image\/jpeg\" \/>\n<meta name=\"author\" content=\"Blanca\" \/>\n<meta name=\"twitter:card\" content=\"summary_large_image\" \/>\n<meta name=\"twitter:label1\" content=\"Escrito por\" \/>\n\t<meta name=\"twitter:data1\" content=\"Blanca\" \/>\n\t<meta name=\"twitter:label2\" content=\"Tiempo de lectura\" \/>\n\t<meta name=\"twitter:data2\" content=\"4 minutos\" \/>\n<script type=\"application\/ld+json\" class=\"yoast-schema-graph\">{\"@context\":\"https:\\\/\\\/schema.org\",\"@graph\":[{\"@type\":\"Article\",\"@id\":\"https:\\\/\\\/redamlo.com\\\/index.php\\\/2021\\\/06\\\/25\\\/habra-crecimiento-economico-con-empleo-y-bienestar-en-frontera-norte-lopez-obrador-anuncia-ampliacion-de-programas-para-el-bienestar\\\/#article\",\"isPartOf\":{\"@id\":\"https:\\\/\\\/redamlo.com\\\/index.php\\\/2021\\\/06\\\/25\\\/habra-crecimiento-economico-con-empleo-y-bienestar-en-frontera-norte-lopez-obrador-anuncia-ampliacion-de-programas-para-el-bienestar\\\/\"},\"author\":{\"name\":\"Blanca\",\"@id\":\"https:\\\/\\\/redamlo.com\\\/#\\\/schema\\\/person\\\/7223a4375eb8f1a782fcae010a7115cf\"},\"headline\":\"Habr\u00e1 crecimiento econ\u00f3mico con empleo y bienestar en frontera norte: L\u00f3pez Obrador; anuncia ampliaci\u00f3n de Programas para el Bienestar\",\"datePublished\":\"2021-06-25T17:00:01+00:00\",\"mainEntityOfPage\":{\"@id\":\"https:\\\/\\\/redamlo.com\\\/index.php\\\/2021\\\/06\\\/25\\\/habra-crecimiento-economico-con-empleo-y-bienestar-en-frontera-norte-lopez-obrador-anuncia-ampliacion-de-programas-para-el-bienestar\\\/\"},\"wordCount\":747,\"commentCount\":0,\"publisher\":{\"@id\":\"https:\\\/\\\/redamlo.com\\\/#organization\"},\"image\":{\"@id\":\"https:\\\/\\\/redamlo.com\\\/index.php\\\/2021\\\/06\\\/25\\\/habra-crecimiento-economico-con-empleo-y-bienestar-en-frontera-norte-lopez-obrador-anuncia-ampliacion-de-programas-para-el-bienestar\\\/#primaryimage\"},\"thumbnailUrl\":\"https:\\\/\\\/redamlo.com\\\/wp-content\\\/uploads\\\/2021\\\/07\\\/Habra-crecimiento-economico-con-empleo-y-bienestar-en-frontera-norte-Lopez-Obrador-anuncia-ampliacion-de-Programas-para-el-Bienestar.jpg\",\"keywords\":[\"AMLO\",\"Andr\u00e9s Manuel L\u00f3pez Obrador\",\"Baja California\",\"Cuarta Transformaci\u00f3n\",\"gira de trabajo\",\"Gobierno de M\u00e9xico\",\"M\u00e9xico\",\"Programas para el Bienestar\"],\"articleSection\":[\"4T\",\"Nacionales\",\"Presidencia\"],\"inLanguage\":\"es\",\"potentialAction\":[{\"@type\":\"CommentAction\",\"name\":\"Comment\",\"target\":[\"https:\\\/\\\/redamlo.com\\\/index.php\\\/2021\\\/06\\\/25\\\/habra-crecimiento-economico-con-empleo-y-bienestar-en-frontera-norte-lopez-obrador-anuncia-ampliacion-de-programas-para-el-bienestar\\\/#respond\"]}]},{\"@type\":\"WebPage\",\"@id\":\"https:\\\/\\\/redamlo.com\\\/index.php\\\/2021\\\/06\\\/25\\\/habra-crecimiento-economico-con-empleo-y-bienestar-en-frontera-norte-lopez-obrador-anuncia-ampliacion-de-programas-para-el-bienestar\\\/\",\"url\":\"https:\\\/\\\/redamlo.com\\\/index.php\\\/2021\\\/06\\\/25\\\/habra-crecimiento-economico-con-empleo-y-bienestar-en-frontera-norte-lopez-obrador-anuncia-ampliacion-de-programas-para-el-bienestar\\\/\",\"name\":\"Habr\u00e1 crecimiento econ\u00f3mico con empleo y bienestar en frontera norte: L\u00f3pez Obrador; anuncia ampliaci\u00f3n de Programas para el Bienestar - NOTICIAS DE LA 4T\",\"isPartOf\":{\"@id\":\"https:\\\/\\\/redamlo.com\\\/#website\"},\"primaryImageOfPage\":{\"@id\":\"https:\\\/\\\/redamlo.com\\\/index.php\\\/2021\\\/06\\\/25\\\/habra-crecimiento-economico-con-empleo-y-bienestar-en-frontera-norte-lopez-obrador-anuncia-ampliacion-de-programas-para-el-bienestar\\\/#primaryimage\"},\"image\":{\"@id\":\"https:\\\/\\\/redamlo.com\\\/index.php\\\/2021\\\/06\\\/25\\\/habra-crecimiento-economico-con-empleo-y-bienestar-en-frontera-norte-lopez-obrador-anuncia-ampliacion-de-programas-para-el-bienestar\\\/#primaryimage\"},\"thumbnailUrl\":\"https:\\\/\\\/redamlo.com\\\/wp-content\\\/uploads\\\/2021\\\/07\\\/Habra-crecimiento-economico-con-empleo-y-bienestar-en-frontera-norte-Lopez-Obrador-anuncia-ampliacion-de-Programas-para-el-Bienestar.jpg\",\"datePublished\":\"2021-06-25T17:00:01+00:00\",\"breadcrumb\":{\"@id\":\"https:\\\/\\\/redamlo.com\\\/index.php\\\/2021\\\/06\\\/25\\\/habra-crecimiento-economico-con-empleo-y-bienestar-en-frontera-norte-lopez-obrador-anuncia-ampliacion-de-programas-para-el-bienestar\\\/#breadcrumb\"},\"inLanguage\":\"es\",\"potentialAction\":[{\"@type\":\"ReadAction\",\"target\":[\"https:\\\/\\\/redamlo.com\\\/index.php\\\/2021\\\/06\\\/25\\\/habra-crecimiento-economico-con-empleo-y-bienestar-en-frontera-norte-lopez-obrador-anuncia-ampliacion-de-programas-para-el-bienestar\\\/\"]}]},{\"@type\":\"ImageObject\",\"inLanguage\":\"es\",\"@id\":\"https:\\\/\\\/redamlo.com\\\/index.php\\\/2021\\\/06\\\/25\\\/habra-crecimiento-economico-con-empleo-y-bienestar-en-frontera-norte-lopez-obrador-anuncia-ampliacion-de-programas-para-el-bienestar\\\/#primaryimage\",\"url\":\"https:\\\/\\\/redamlo.com\\\/wp-content\\\/uploads\\\/2021\\\/07\\\/Habra-crecimiento-economico-con-empleo-y-bienestar-en-frontera-norte-Lopez-Obrador-anuncia-ampliacion-de-Programas-para-el-Bienestar.jpg\",\"contentUrl\":\"https:\\\/\\\/redamlo.com\\\/wp-content\\\/uploads\\\/2021\\\/07\\\/Habra-crecimiento-economico-con-empleo-y-bienestar-en-frontera-norte-Lopez-Obrador-anuncia-ampliacion-de-Programas-para-el-Bienestar.jpg\",\"width\":769,\"height\":494},{\"@type\":\"BreadcrumbList\",\"@id\":\"https:\\\/\\\/redamlo.com\\\/index.php\\\/2021\\\/06\\\/25\\\/habra-crecimiento-economico-con-empleo-y-bienestar-en-frontera-norte-lopez-obrador-anuncia-ampliacion-de-programas-para-el-bienestar\\\/#breadcrumb\",\"itemListElement\":[{\"@type\":\"ListItem\",\"position\":1,\"name\":\"Inicio\",\"item\":\"https:\\\/\\\/redamlo.com\\\/\"},{\"@type\":\"ListItem\",\"position\":2,\"name\":\"Habr\u00e1 crecimiento econ\u00f3mico con empleo y bienestar en frontera norte: L\u00f3pez Obrador; anuncia ampliaci\u00f3n de Programas para el Bienestar\"}]},{\"@type\":\"WebSite\",\"@id\":\"https:\\\/\\\/redamlo.com\\\/#website\",\"url\":\"https:\\\/\\\/redamlo.com\\\/\",\"name\":\"NOTICIAS DE LA 4T\",\"description\":\"\",\"publisher\":{\"@id\":\"https:\\\/\\\/redamlo.com\\\/#organization\"},\"potentialAction\":[{\"@type\":\"SearchAction\",\"target\":{\"@type\":\"EntryPoint\",\"urlTemplate\":\"https:\\\/\\\/redamlo.com\\\/?s={search_term_string}\"},\"query-input\":{\"@type\":\"PropertyValueSpecification\",\"valueRequired\":true,\"valueName\":\"search_term_string\"}}],\"inLanguage\":\"es\"},{\"@type\":\"Organization\",\"@id\":\"https:\\\/\\\/redamlo.com\\\/#organization\",\"name\":\"NOTICIAS DE LA 4T\",\"url\":\"https:\\\/\\\/redamlo.com\\\/\",\"logo\":{\"@type\":\"ImageObject\",\"inLanguage\":\"es\",\"@id\":\"https:\\\/\\\/redamlo.com\\\/#\\\/schema\\\/logo\\\/image\\\/\",\"url\":\"https:\\\/\\\/redamlo.com\\\/wp-content\\\/uploads\\\/2024\\\/08\\\/cropped-RED-AMLO-logo-50.png\",\"contentUrl\":\"https:\\\/\\\/redamlo.com\\\/wp-content\\\/uploads\\\/2024\\\/08\\\/cropped-RED-AMLO-logo-50.png\",\"width\":256,\"height\":256,\"caption\":\"NOTICIAS DE LA 4T\"},\"image\":{\"@id\":\"https:\\\/\\\/redamlo.com\\\/#\\\/schema\\\/logo\\\/image\\\/\"}},{\"@type\":\"Person\",\"@id\":\"https:\\\/\\\/redamlo.com\\\/#\\\/schema\\\/person\\\/7223a4375eb8f1a782fcae010a7115cf\",\"name\":\"Blanca\",\"image\":{\"@type\":\"ImageObject\",\"inLanguage\":\"es\",\"@id\":\"https:\\\/\\\/secure.gravatar.com\\\/avatar\\\/3f79bc8336367a4e6093eae8757acaaf61d1124834b905616de7829b0273426d?s=96&d=mm&r=g\",\"url\":\"https:\\\/\\\/secure.gravatar.com\\\/avatar\\\/3f79bc8336367a4e6093eae8757acaaf61d1124834b905616de7829b0273426d?s=96&d=mm&r=g\",\"contentUrl\":\"https:\\\/\\\/secure.gravatar.com\\\/avatar\\\/3f79bc8336367a4e6093eae8757acaaf61d1124834b905616de7829b0273426d?s=96&d=mm&r=g\",\"caption\":\"Blanca\"},\"url\":\"https:\\\/\\\/redamlo.com\\\/index.php\\\/author\\\/blanca\\\/\"}]}<\/script>\n<!-- \/ Yoast SEO plugin. -->","yoast_head_json":{"title":"Habr\u00e1 crecimiento econ\u00f3mico con empleo y bienestar en frontera norte: L\u00f3pez Obrador; anuncia ampliaci\u00f3n de Programas para el Bienestar - NOTICIAS DE LA 4T","robots":{"index":"noindex","follow":"follow","max-snippet":"max-snippet:-1","max-image-preview":"max-image-preview:large","max-video-preview":"max-video-preview:-1"},"og_locale":"es_MX","og_type":"article","og_title":"Habr\u00e1 crecimiento econ\u00f3mico con empleo y bienestar en frontera norte: L\u00f3pez Obrador; anuncia ampliaci\u00f3n de Programas para el Bienestar - NOTICIAS DE LA 4T","og_description":"MEXICALI, B.C., 25 de junio de 2021.- Al iniciar su gira de trabajo por Baja...","og_url":"https:\/\/redamlo.com\/index.php\/2021\/06\/25\/habra-crecimiento-economico-con-empleo-y-bienestar-en-frontera-norte-lopez-obrador-anuncia-ampliacion-de-programas-para-el-bienestar\/","og_site_name":"NOTICIAS DE LA 4T","article_published_time":"2021-06-25T17:00:01+00:00","og_image":[{"width":769,"height":494,"url":"https:\/\/redamlo.com\/wp-content\/uploads\/2021\/07\/Habra-crecimiento-economico-con-empleo-y-bienestar-en-frontera-norte-Lopez-Obrador-anuncia-ampliacion-de-Programas-para-el-Bienestar.jpg","type":"image\/jpeg"}],"author":"Blanca","twitter_card":"summary_large_image","twitter_misc":{"Escrito por":"Blanca","Tiempo de lectura":"4 minutos"},"schema":{"@context":"https:\/\/schema.org","@graph":[{"@type":"Article","@id":"https:\/\/redamlo.com\/index.php\/2021\/06\/25\/habra-crecimiento-economico-con-empleo-y-bienestar-en-frontera-norte-lopez-obrador-anuncia-ampliacion-de-programas-para-el-bienestar\/#article","isPartOf":{"@id":"https:\/\/redamlo.com\/index.php\/2021\/06\/25\/habra-crecimiento-economico-con-empleo-y-bienestar-en-frontera-norte-lopez-obrador-anuncia-ampliacion-de-programas-para-el-bienestar\/"},"author":{"name":"Blanca","@id":"https:\/\/redamlo.com\/#\/schema\/person\/7223a4375eb8f1a782fcae010a7115cf"},"headline":"Habr\u00e1 crecimiento econ\u00f3mico con empleo y bienestar en frontera norte: L\u00f3pez Obrador; anuncia ampliaci\u00f3n de Programas para el Bienestar","datePublished":"2021-06-25T17:00:01+00:00","mainEntityOfPage":{"@id":"https:\/\/redamlo.com\/index.php\/2021\/06\/25\/habra-crecimiento-economico-con-empleo-y-bienestar-en-frontera-norte-lopez-obrador-anuncia-ampliacion-de-programas-para-el-bienestar\/"},"wordCount":747,"commentCount":0,"publisher":{"@id":"https:\/\/redamlo.com\/#organization"},"image":{"@id":"https:\/\/redamlo.com\/index.php\/2021\/06\/25\/habra-crecimiento-economico-con-empleo-y-bienestar-en-frontera-norte-lopez-obrador-anuncia-ampliacion-de-programas-para-el-bienestar\/#primaryimage"},"thumbnailUrl":"https:\/\/redamlo.com\/wp-content\/uploads\/2021\/07\/Habra-crecimiento-economico-con-empleo-y-bienestar-en-frontera-norte-Lopez-Obrador-anuncia-ampliacion-de-Programas-para-el-Bienestar.jpg","keywords":["AMLO","Andr\u00e9s Manuel L\u00f3pez Obrador","Baja California","Cuarta Transformaci\u00f3n","gira de trabajo","Gobierno de M\u00e9xico","M\u00e9xico","Programas para el Bienestar"],"articleSection":["4T","Nacionales","Presidencia"],"inLanguage":"es","potentialAction":[{"@type":"CommentAction","name":"Comment","target":["https:\/\/redamlo.com\/index.php\/2021\/06\/25\/habra-crecimiento-economico-con-empleo-y-bienestar-en-frontera-norte-lopez-obrador-anuncia-ampliacion-de-programas-para-el-bienestar\/#respond"]}]},{"@type":"WebPage","@id":"https:\/\/redamlo.com\/index.php\/2021\/06\/25\/habra-crecimiento-economico-con-empleo-y-bienestar-en-frontera-norte-lopez-obrador-anuncia-ampliacion-de-programas-para-el-bienestar\/","url":"https:\/\/redamlo.com\/index.php\/2021\/06\/25\/habra-crecimiento-economico-con-empleo-y-bienestar-en-frontera-norte-lopez-obrador-anuncia-ampliacion-de-programas-para-el-bienestar\/","name":"Habr\u00e1 crecimiento econ\u00f3mico con empleo y bienestar en frontera norte: L\u00f3pez Obrador; anuncia ampliaci\u00f3n de Programas para el Bienestar - NOTICIAS DE LA 4T","isPartOf":{"@id":"https:\/\/redamlo.com\/#website"},"primaryImageOfPage":{"@id":"https:\/\/redamlo.com\/index.php\/2021\/06\/25\/habra-crecimiento-economico-con-empleo-y-bienestar-en-frontera-norte-lopez-obrador-anuncia-ampliacion-de-programas-para-el-bienestar\/#primaryimage"},"image":{"@id":"https:\/\/redamlo.com\/index.php\/2021\/06\/25\/habra-crecimiento-economico-con-empleo-y-bienestar-en-frontera-norte-lopez-obrador-anuncia-ampliacion-de-programas-para-el-bienestar\/#primaryimage"},"thumbnailUrl":"https:\/\/redamlo.com\/wp-content\/uploads\/2021\/07\/Habra-crecimiento-economico-con-empleo-y-bienestar-en-frontera-norte-Lopez-Obrador-anuncia-ampliacion-de-Programas-para-el-Bienestar.jpg","datePublished":"2021-06-25T17:00:01+00:00","breadcrumb":{"@id":"https:\/\/redamlo.com\/index.php\/2021\/06\/25\/habra-crecimiento-economico-con-empleo-y-bienestar-en-frontera-norte-lopez-obrador-anuncia-ampliacion-de-programas-para-el-bienestar\/#breadcrumb"},"inLanguage":"es","potentialAction":[{"@type":"ReadAction","target":["https:\/\/redamlo.com\/index.php\/2021\/06\/25\/habra-crecimiento-economico-con-empleo-y-bienestar-en-frontera-norte-lopez-obrador-anuncia-ampliacion-de-programas-para-el-bienestar\/"]}]},{"@type":"ImageObject","inLanguage":"es","@id":"https:\/\/redamlo.com\/index.php\/2021\/06\/25\/habra-crecimiento-economico-con-empleo-y-bienestar-en-frontera-norte-lopez-obrador-anuncia-ampliacion-de-programas-para-el-bienestar\/#primaryimage","url":"https:\/\/redamlo.com\/wp-content\/uploads\/2021\/07\/Habra-crecimiento-economico-con-empleo-y-bienestar-en-frontera-norte-Lopez-Obrador-anuncia-ampliacion-de-Programas-para-el-Bienestar.jpg","contentUrl":"https:\/\/redamlo.com\/wp-content\/uploads\/2021\/07\/Habra-crecimiento-economico-con-empleo-y-bienestar-en-frontera-norte-Lopez-Obrador-anuncia-ampliacion-de-Programas-para-el-Bienestar.jpg","width":769,"height":494},{"@type":"BreadcrumbList","@id":"https:\/\/redamlo.com\/index.php\/2021\/06\/25\/habra-crecimiento-economico-con-empleo-y-bienestar-en-frontera-norte-lopez-obrador-anuncia-ampliacion-de-programas-para-el-bienestar\/#breadcrumb","itemListElement":[{"@type":"ListItem","position":1,"name":"Inicio","item":"https:\/\/redamlo.com\/"},{"@type":"ListItem","position":2,"name":"Habr\u00e1 crecimiento econ\u00f3mico con empleo y bienestar en frontera norte: L\u00f3pez Obrador; anuncia ampliaci\u00f3n de Programas para el Bienestar"}]},{"@type":"WebSite","@id":"https:\/\/redamlo.com\/#website","url":"https:\/\/redamlo.com\/","name":"NOTICIAS DE LA 4T","description":"","publisher":{"@id":"https:\/\/redamlo.com\/#organization"},"potentialAction":[{"@type":"SearchAction","target":{"@type":"EntryPoint","urlTemplate":"https:\/\/redamlo.com\/?s={search_term_string}"},"query-input":{"@type":"PropertyValueSpecification","valueRequired":true,"valueName":"search_term_string"}}],"inLanguage":"es"},{"@type":"Organization","@id":"https:\/\/redamlo.com\/#organization","name":"NOTICIAS DE LA 4T","url":"https:\/\/redamlo.com\/","logo":{"@type":"ImageObject","inLanguage":"es","@id":"https:\/\/redamlo.com\/#\/schema\/logo\/image\/","url":"https:\/\/redamlo.com\/wp-content\/uploads\/2024\/08\/cropped-RED-AMLO-logo-50.png","contentUrl":"https:\/\/redamlo.com\/wp-content\/uploads\/2024\/08\/cropped-RED-AMLO-logo-50.png","width":256,"height":256,"caption":"NOTICIAS DE LA 4T"},"image":{"@id":"https:\/\/redamlo.com\/#\/schema\/logo\/image\/"}},{"@type":"Person","@id":"https:\/\/redamlo.com\/#\/schema\/person\/7223a4375eb8f1a782fcae010a7115cf","name":"Blanca","image":{"@type":"ImageObject","inLanguage":"es","@id":"https:\/\/secure.gravatar.com\/avatar\/3f79bc8336367a4e6093eae8757acaaf61d1124834b905616de7829b0273426d?s=96&d=mm&r=g","url":"https:\/\/secure.gravatar.com\/avatar\/3f79bc8336367a4e6093eae8757acaaf61d1124834b905616de7829b0273426d?s=96&d=mm&r=g","contentUrl":"https:\/\/secure.gravatar.com\/avatar\/3f79bc8336367a4e6093eae8757acaaf61d1124834b905616de7829b0273426d?s=96&d=mm&r=g","caption":"Blanca"},"url":"https:\/\/redamlo.com\/index.php\/author\/blanca\/"}]}},"_links":{"self":[{"href":"https:\/\/redamlo.com\/index.php\/wp-json\/wp\/v2\/posts\/4768","targetHints":{"allow":["GET"]}}],"collection":[{"href":"https:\/\/redamlo.com\/index.php\/wp-json\/wp\/v2\/posts"}],"about":[{"href":"https:\/\/redamlo.com\/index.php\/wp-json\/wp\/v2\/types\/post"}],"author":[{"embeddable":true,"href":"https:\/\/redamlo.com\/index.php\/wp-json\/wp\/v2\/users\/2"}],"replies":[{"embeddable":true,"href":"https:\/\/redamlo.com\/index.php\/wp-json\/wp\/v2\/comments?post=4768"}],"version-history":[{"count":0,"href":"https:\/\/redamlo.com\/index.php\/wp-json\/wp\/v2\/posts\/4768\/revisions"}],"wp:featuredmedia":[{"embeddable":true,"href":"https:\/\/redamlo.com\/index.php\/wp-json\/wp\/v2\/media\/4771"}],"wp:attachment":[{"href":"https:\/\/redamlo.com\/index.php\/wp-json\/wp\/v2\/media?parent=4768"}],"wp:term":[{"taxonomy":"category","embeddable":true,"href":"https:\/\/redamlo.com\/index.php\/wp-json\/wp\/v2\/categories?post=4768"},{"taxonomy":"post_tag","embeddable":true,"href":"https:\/\/redamlo.com\/index.php\/wp-json\/wp\/v2\/tags?post=4768"}],"curies":[{"name":"wp","href":"https:\/\/api.w.org\/{rel}","templated":true}]}}