{"id":4764,"date":"2021-06-25T14:00:34","date_gmt":"2021-06-25T14:00:34","guid":{"rendered":"https:\/\/redamlo.com\/?p=4764"},"modified":"2021-06-25T14:00:34","modified_gmt":"2021-06-25T14:00:34","slug":"secretaria-tecnica-de-la-presidencia-asume-funciones-de-coordinacion-general-de-programas-para-el-desarrollo-anuncia-lopez-obrador","status":"publish","type":"post","link":"https:\/\/redamlo.com\/index.php\/2021\/06\/25\/secretaria-tecnica-de-la-presidencia-asume-funciones-de-coordinacion-general-de-programas-para-el-desarrollo-anuncia-lopez-obrador\/","title":{"rendered":"Secretar\u00eda T\u00e9cnica de la Presidencia asume funciones de Coordinaci\u00f3n General de Programas para el Desarrollo, anuncia L\u00f3pez Obrador"},"content":{"rendered":"<p style=\"text-align: justify;\"><span style=\"font-family: Arial, Helvetica, sans-serif; color: #000000;\">M\u00c9XICO, 25 de junio de 2021.- El presidente de M\u00e9xico, Andr\u00e9s Manuel L\u00f3pez Obrador anunci\u00f3 la fusi\u00f3n de la Secretar\u00eda T\u00e9cnica de la Presidencia de la Rep\u00fablica con la Coordinaci\u00f3n General de Programas para el Desarrollo; el liderazgo del \u00e1rea estar\u00e1 a cargo de Carlos Torres Rosas.<\/span><\/p>\n<p><span style=\"font-family: Arial, Helvetica, sans-serif; color: #000000;\">\u201cEs un relevo. Gabriel Garc\u00eda es un profesional con convicciones, precursor de este movimiento de transformaci\u00f3n; viene con nosotros desde hace muchos a\u00f1os y es senador de la Rep\u00fablica. Su suplente, Alejandro Pe\u00f1a, va a estar en actividades partidistas, decidi\u00f3 eso. Entonces se perder\u00eda el espacio en el Senado, de modo que Gabriel decidi\u00f3 regresar, ayuda mucho y lo va a sustituir quien me ha venido ayudando como secretario t\u00e9cnico de la Presidencia: Carlos Torres\u201d, detall\u00f3 en conferencia de prensa matutina.<\/span><\/p>\n<p><iframe loading=\"lazy\" title=\"Baja California concluye vacunaci\u00f3n universal contra COVID-19. Conferencia presidente AMLO\" width=\"640\" height=\"360\" src=\"https:\/\/www.youtube.com\/embed\/AUnyvB_EI4Y?start=1929&#038;feature=oembed\" frameborder=\"0\" allow=\"accelerometer; autoplay; clipboard-write; encrypted-media; gyroscope; picture-in-picture; web-share\" referrerpolicy=\"strict-origin-when-cross-origin\" allowfullscreen><\/iframe><\/p>\n","protected":false},"excerpt":{"rendered":"<p>M\u00c9XICO, 25 de junio de 2021.- El presidente de M\u00e9xico, Andr\u00e9s Manuel L\u00f3pez Obrador anunci\u00f3&#8230;<\/p>\n","protected":false},"author":2,"featured_media":4767,"comment_status":"open","ping_status":"closed","sticky":false,"template":"","format":"standard","meta":{"footnotes":""},"categories":[25,20,27],"tags":[84,131,1052,1053,1054,556,9],"class_list":["post-4764","post","type-post","status-publish","format-standard","has-post-thumbnail","hentry","category-4t","category-nacionales","category-presidencia","tag-amlo","tag-andres-manuel-lopez-obrador","tag-carlos-torres-rosas","tag-fusion","tag-gabriel-garcia","tag-gobierno-de-mexico","tag-mexico"],"yoast_head":"<!-- This site is optimized with the Yoast SEO plugin v27.5 - https:\/\/yoast.com\/product\/yoast-seo-wordpress\/ -->\n<title>Secretar\u00eda T\u00e9cnica de la Presidencia asume funciones de Coordinaci\u00f3n General de Programas para el Desarrollo, anuncia L\u00f3pez Obrador - NOTICIAS DE LA 4T<\/title>\n<meta name=\"robots\" content=\"noindex, follow, max-snippet:-1, max-image-preview:large, max-video-preview:-1\" \/>\n<meta property=\"og:locale\" content=\"es_MX\" \/>\n<meta property=\"og:type\" content=\"article\" \/>\n<meta property=\"og:title\" content=\"Secretar\u00eda T\u00e9cnica de la Presidencia asume funciones de Coordinaci\u00f3n General de Programas para el Desarrollo, anuncia L\u00f3pez Obrador - NOTICIAS DE LA 4T\" \/>\n<meta property=\"og:description\" content=\"M\u00c9XICO, 25 de junio de 2021.- El presidente de M\u00e9xico, Andr\u00e9s Manuel L\u00f3pez Obrador anunci\u00f3...\" \/>\n<meta property=\"og:url\" content=\"https:\/\/redamlo.com\/index.php\/2021\/06\/25\/secretaria-tecnica-de-la-presidencia-asume-funciones-de-coordinacion-general-de-programas-para-el-desarrollo-anuncia-lopez-obrador\/\" \/>\n<meta property=\"og:site_name\" content=\"NOTICIAS DE LA 4T\" \/>\n<meta property=\"article:published_time\" content=\"2021-06-25T14:00:34+00:00\" \/>\n<meta property=\"og:image\" content=\"https:\/\/redamlo.com\/wp-content\/uploads\/2021\/07\/Secretaria-Tecnica-de-la-Presidencia-asume-funciones-de-Coordinacion-General-de-Programas-para-el-Desarrollo-anuncia-Lopez-Obrador.jpg\" \/>\n\t<meta property=\"og:image:width\" content=\"770\" \/>\n\t<meta property=\"og:image:height\" content=\"455\" \/>\n\t<meta property=\"og:image:type\" content=\"image\/jpeg\" \/>\n<meta name=\"author\" content=\"Blanca\" \/>\n<meta name=\"twitter:card\" content=\"summary_large_image\" \/>\n<meta name=\"twitter:label1\" content=\"Escrito por\" \/>\n\t<meta name=\"twitter:data1\" content=\"Blanca\" \/>\n\t<meta name=\"twitter:label2\" content=\"Tiempo de lectura\" \/>\n\t<meta name=\"twitter:data2\" content=\"1 minuto\" \/>\n<script type=\"application\/ld+json\" class=\"yoast-schema-graph\">{\"@context\":\"https:\\\/\\\/schema.org\",\"@graph\":[{\"@type\":\"Article\",\"@id\":\"https:\\\/\\\/redamlo.com\\\/index.php\\\/2021\\\/06\\\/25\\\/secretaria-tecnica-de-la-presidencia-asume-funciones-de-coordinacion-general-de-programas-para-el-desarrollo-anuncia-lopez-obrador\\\/#article\",\"isPartOf\":{\"@id\":\"https:\\\/\\\/redamlo.com\\\/index.php\\\/2021\\\/06\\\/25\\\/secretaria-tecnica-de-la-presidencia-asume-funciones-de-coordinacion-general-de-programas-para-el-desarrollo-anuncia-lopez-obrador\\\/\"},\"author\":{\"name\":\"Blanca\",\"@id\":\"https:\\\/\\\/redamlo.com\\\/#\\\/schema\\\/person\\\/7223a4375eb8f1a782fcae010a7115cf\"},\"headline\":\"Secretar\u00eda T\u00e9cnica de la Presidencia asume funciones de Coordinaci\u00f3n General de Programas para el Desarrollo, anuncia L\u00f3pez Obrador\",\"datePublished\":\"2021-06-25T14:00:34+00:00\",\"mainEntityOfPage\":{\"@id\":\"https:\\\/\\\/redamlo.com\\\/index.php\\\/2021\\\/06\\\/25\\\/secretaria-tecnica-de-la-presidencia-asume-funciones-de-coordinacion-general-de-programas-para-el-desarrollo-anuncia-lopez-obrador\\\/\"},\"wordCount\":177,\"commentCount\":0,\"publisher\":{\"@id\":\"https:\\\/\\\/redamlo.com\\\/#organization\"},\"image\":{\"@id\":\"https:\\\/\\\/redamlo.com\\\/index.php\\\/2021\\\/06\\\/25\\\/secretaria-tecnica-de-la-presidencia-asume-funciones-de-coordinacion-general-de-programas-para-el-desarrollo-anuncia-lopez-obrador\\\/#primaryimage\"},\"thumbnailUrl\":\"https:\\\/\\\/redamlo.com\\\/wp-content\\\/uploads\\\/2021\\\/07\\\/Secretaria-Tecnica-de-la-Presidencia-asume-funciones-de-Coordinacion-General-de-Programas-para-el-Desarrollo-anuncia-Lopez-Obrador.jpg\",\"keywords\":[\"AMLO\",\"Andr\u00e9s Manuel L\u00f3pez Obrador\",\"Carlos Torres Rosas\",\"fusi\u00f3n\",\"Gabriel Garc\u00eda\",\"Gobierno de M\u00e9xico\",\"M\u00e9xico\"],\"articleSection\":[\"4T\",\"Nacionales\",\"Presidencia\"],\"inLanguage\":\"es\",\"potentialAction\":[{\"@type\":\"CommentAction\",\"name\":\"Comment\",\"target\":[\"https:\\\/\\\/redamlo.com\\\/index.php\\\/2021\\\/06\\\/25\\\/secretaria-tecnica-de-la-presidencia-asume-funciones-de-coordinacion-general-de-programas-para-el-desarrollo-anuncia-lopez-obrador\\\/#respond\"]}]},{\"@type\":\"WebPage\",\"@id\":\"https:\\\/\\\/redamlo.com\\\/index.php\\\/2021\\\/06\\\/25\\\/secretaria-tecnica-de-la-presidencia-asume-funciones-de-coordinacion-general-de-programas-para-el-desarrollo-anuncia-lopez-obrador\\\/\",\"url\":\"https:\\\/\\\/redamlo.com\\\/index.php\\\/2021\\\/06\\\/25\\\/secretaria-tecnica-de-la-presidencia-asume-funciones-de-coordinacion-general-de-programas-para-el-desarrollo-anuncia-lopez-obrador\\\/\",\"name\":\"Secretar\u00eda T\u00e9cnica de la Presidencia asume funciones de Coordinaci\u00f3n General de Programas para el Desarrollo, anuncia L\u00f3pez Obrador - NOTICIAS DE LA 4T\",\"isPartOf\":{\"@id\":\"https:\\\/\\\/redamlo.com\\\/#website\"},\"primaryImageOfPage\":{\"@id\":\"https:\\\/\\\/redamlo.com\\\/index.php\\\/2021\\\/06\\\/25\\\/secretaria-tecnica-de-la-presidencia-asume-funciones-de-coordinacion-general-de-programas-para-el-desarrollo-anuncia-lopez-obrador\\\/#primaryimage\"},\"image\":{\"@id\":\"https:\\\/\\\/redamlo.com\\\/index.php\\\/2021\\\/06\\\/25\\\/secretaria-tecnica-de-la-presidencia-asume-funciones-de-coordinacion-general-de-programas-para-el-desarrollo-anuncia-lopez-obrador\\\/#primaryimage\"},\"thumbnailUrl\":\"https:\\\/\\\/redamlo.com\\\/wp-content\\\/uploads\\\/2021\\\/07\\\/Secretaria-Tecnica-de-la-Presidencia-asume-funciones-de-Coordinacion-General-de-Programas-para-el-Desarrollo-anuncia-Lopez-Obrador.jpg\",\"datePublished\":\"2021-06-25T14:00:34+00:00\",\"breadcrumb\":{\"@id\":\"https:\\\/\\\/redamlo.com\\\/index.php\\\/2021\\\/06\\\/25\\\/secretaria-tecnica-de-la-presidencia-asume-funciones-de-coordinacion-general-de-programas-para-el-desarrollo-anuncia-lopez-obrador\\\/#breadcrumb\"},\"inLanguage\":\"es\",\"potentialAction\":[{\"@type\":\"ReadAction\",\"target\":[\"https:\\\/\\\/redamlo.com\\\/index.php\\\/2021\\\/06\\\/25\\\/secretaria-tecnica-de-la-presidencia-asume-funciones-de-coordinacion-general-de-programas-para-el-desarrollo-anuncia-lopez-obrador\\\/\"]}]},{\"@type\":\"ImageObject\",\"inLanguage\":\"es\",\"@id\":\"https:\\\/\\\/redamlo.com\\\/index.php\\\/2021\\\/06\\\/25\\\/secretaria-tecnica-de-la-presidencia-asume-funciones-de-coordinacion-general-de-programas-para-el-desarrollo-anuncia-lopez-obrador\\\/#primaryimage\",\"url\":\"https:\\\/\\\/redamlo.com\\\/wp-content\\\/uploads\\\/2021\\\/07\\\/Secretaria-Tecnica-de-la-Presidencia-asume-funciones-de-Coordinacion-General-de-Programas-para-el-Desarrollo-anuncia-Lopez-Obrador.jpg\",\"contentUrl\":\"https:\\\/\\\/redamlo.com\\\/wp-content\\\/uploads\\\/2021\\\/07\\\/Secretaria-Tecnica-de-la-Presidencia-asume-funciones-de-Coordinacion-General-de-Programas-para-el-Desarrollo-anuncia-Lopez-Obrador.jpg\",\"width\":770,\"height\":455},{\"@type\":\"BreadcrumbList\",\"@id\":\"https:\\\/\\\/redamlo.com\\\/index.php\\\/2021\\\/06\\\/25\\\/secretaria-tecnica-de-la-presidencia-asume-funciones-de-coordinacion-general-de-programas-para-el-desarrollo-anuncia-lopez-obrador\\\/#breadcrumb\",\"itemListElement\":[{\"@type\":\"ListItem\",\"position\":1,\"name\":\"Inicio\",\"item\":\"https:\\\/\\\/redamlo.com\\\/\"},{\"@type\":\"ListItem\",\"position\":2,\"name\":\"Secretar\u00eda T\u00e9cnica de la Presidencia asume funciones de Coordinaci\u00f3n General de Programas para el Desarrollo, anuncia L\u00f3pez Obrador\"}]},{\"@type\":\"WebSite\",\"@id\":\"https:\\\/\\\/redamlo.com\\\/#website\",\"url\":\"https:\\\/\\\/redamlo.com\\\/\",\"name\":\"NOTICIAS DE LA 4T\",\"description\":\"\",\"publisher\":{\"@id\":\"https:\\\/\\\/redamlo.com\\\/#organization\"},\"potentialAction\":[{\"@type\":\"SearchAction\",\"target\":{\"@type\":\"EntryPoint\",\"urlTemplate\":\"https:\\\/\\\/redamlo.com\\\/?s={search_term_string}\"},\"query-input\":{\"@type\":\"PropertyValueSpecification\",\"valueRequired\":true,\"valueName\":\"search_term_string\"}}],\"inLanguage\":\"es\"},{\"@type\":\"Organization\",\"@id\":\"https:\\\/\\\/redamlo.com\\\/#organization\",\"name\":\"NOTICIAS DE LA 4T\",\"url\":\"https:\\\/\\\/redamlo.com\\\/\",\"logo\":{\"@type\":\"ImageObject\",\"inLanguage\":\"es\",\"@id\":\"https:\\\/\\\/redamlo.com\\\/#\\\/schema\\\/logo\\\/image\\\/\",\"url\":\"https:\\\/\\\/redamlo.com\\\/wp-content\\\/uploads\\\/2024\\\/08\\\/cropped-RED-AMLO-logo-50.png\",\"contentUrl\":\"https:\\\/\\\/redamlo.com\\\/wp-content\\\/uploads\\\/2024\\\/08\\\/cropped-RED-AMLO-logo-50.png\",\"width\":256,\"height\":256,\"caption\":\"NOTICIAS DE LA 4T\"},\"image\":{\"@id\":\"https:\\\/\\\/redamlo.com\\\/#\\\/schema\\\/logo\\\/image\\\/\"}},{\"@type\":\"Person\",\"@id\":\"https:\\\/\\\/redamlo.com\\\/#\\\/schema\\\/person\\\/7223a4375eb8f1a782fcae010a7115cf\",\"name\":\"Blanca\",\"image\":{\"@type\":\"ImageObject\",\"inLanguage\":\"es\",\"@id\":\"https:\\\/\\\/secure.gravatar.com\\\/avatar\\\/3f79bc8336367a4e6093eae8757acaaf61d1124834b905616de7829b0273426d?s=96&d=mm&r=g\",\"url\":\"https:\\\/\\\/secure.gravatar.com\\\/avatar\\\/3f79bc8336367a4e6093eae8757acaaf61d1124834b905616de7829b0273426d?s=96&d=mm&r=g\",\"contentUrl\":\"https:\\\/\\\/secure.gravatar.com\\\/avatar\\\/3f79bc8336367a4e6093eae8757acaaf61d1124834b905616de7829b0273426d?s=96&d=mm&r=g\",\"caption\":\"Blanca\"},\"url\":\"https:\\\/\\\/redamlo.com\\\/index.php\\\/author\\\/blanca\\\/\"}]}<\/script>\n<!-- \/ Yoast SEO plugin. -->","yoast_head_json":{"title":"Secretar\u00eda T\u00e9cnica de la Presidencia asume funciones de Coordinaci\u00f3n General de Programas para el Desarrollo, anuncia L\u00f3pez Obrador - NOTICIAS DE LA 4T","robots":{"index":"noindex","follow":"follow","max-snippet":"max-snippet:-1","max-image-preview":"max-image-preview:large","max-video-preview":"max-video-preview:-1"},"og_locale":"es_MX","og_type":"article","og_title":"Secretar\u00eda T\u00e9cnica de la Presidencia asume funciones de Coordinaci\u00f3n General de Programas para el Desarrollo, anuncia L\u00f3pez Obrador - NOTICIAS DE LA 4T","og_description":"M\u00c9XICO, 25 de junio de 2021.- El presidente de M\u00e9xico, Andr\u00e9s Manuel L\u00f3pez Obrador anunci\u00f3...","og_url":"https:\/\/redamlo.com\/index.php\/2021\/06\/25\/secretaria-tecnica-de-la-presidencia-asume-funciones-de-coordinacion-general-de-programas-para-el-desarrollo-anuncia-lopez-obrador\/","og_site_name":"NOTICIAS DE LA 4T","article_published_time":"2021-06-25T14:00:34+00:00","og_image":[{"width":770,"height":455,"url":"https:\/\/redamlo.com\/wp-content\/uploads\/2021\/07\/Secretaria-Tecnica-de-la-Presidencia-asume-funciones-de-Coordinacion-General-de-Programas-para-el-Desarrollo-anuncia-Lopez-Obrador.jpg","type":"image\/jpeg"}],"author":"Blanca","twitter_card":"summary_large_image","twitter_misc":{"Escrito por":"Blanca","Tiempo de lectura":"1 minuto"},"schema":{"@context":"https:\/\/schema.org","@graph":[{"@type":"Article","@id":"https:\/\/redamlo.com\/index.php\/2021\/06\/25\/secretaria-tecnica-de-la-presidencia-asume-funciones-de-coordinacion-general-de-programas-para-el-desarrollo-anuncia-lopez-obrador\/#article","isPartOf":{"@id":"https:\/\/redamlo.com\/index.php\/2021\/06\/25\/secretaria-tecnica-de-la-presidencia-asume-funciones-de-coordinacion-general-de-programas-para-el-desarrollo-anuncia-lopez-obrador\/"},"author":{"name":"Blanca","@id":"https:\/\/redamlo.com\/#\/schema\/person\/7223a4375eb8f1a782fcae010a7115cf"},"headline":"Secretar\u00eda T\u00e9cnica de la Presidencia asume funciones de Coordinaci\u00f3n General de Programas para el Desarrollo, anuncia L\u00f3pez Obrador","datePublished":"2021-06-25T14:00:34+00:00","mainEntityOfPage":{"@id":"https:\/\/redamlo.com\/index.php\/2021\/06\/25\/secretaria-tecnica-de-la-presidencia-asume-funciones-de-coordinacion-general-de-programas-para-el-desarrollo-anuncia-lopez-obrador\/"},"wordCount":177,"commentCount":0,"publisher":{"@id":"https:\/\/redamlo.com\/#organization"},"image":{"@id":"https:\/\/redamlo.com\/index.php\/2021\/06\/25\/secretaria-tecnica-de-la-presidencia-asume-funciones-de-coordinacion-general-de-programas-para-el-desarrollo-anuncia-lopez-obrador\/#primaryimage"},"thumbnailUrl":"https:\/\/redamlo.com\/wp-content\/uploads\/2021\/07\/Secretaria-Tecnica-de-la-Presidencia-asume-funciones-de-Coordinacion-General-de-Programas-para-el-Desarrollo-anuncia-Lopez-Obrador.jpg","keywords":["AMLO","Andr\u00e9s Manuel L\u00f3pez Obrador","Carlos Torres Rosas","fusi\u00f3n","Gabriel Garc\u00eda","Gobierno de M\u00e9xico","M\u00e9xico"],"articleSection":["4T","Nacionales","Presidencia"],"inLanguage":"es","potentialAction":[{"@type":"CommentAction","name":"Comment","target":["https:\/\/redamlo.com\/index.php\/2021\/06\/25\/secretaria-tecnica-de-la-presidencia-asume-funciones-de-coordinacion-general-de-programas-para-el-desarrollo-anuncia-lopez-obrador\/#respond"]}]},{"@type":"WebPage","@id":"https:\/\/redamlo.com\/index.php\/2021\/06\/25\/secretaria-tecnica-de-la-presidencia-asume-funciones-de-coordinacion-general-de-programas-para-el-desarrollo-anuncia-lopez-obrador\/","url":"https:\/\/redamlo.com\/index.php\/2021\/06\/25\/secretaria-tecnica-de-la-presidencia-asume-funciones-de-coordinacion-general-de-programas-para-el-desarrollo-anuncia-lopez-obrador\/","name":"Secretar\u00eda T\u00e9cnica de la Presidencia asume funciones de Coordinaci\u00f3n General de Programas para el Desarrollo, anuncia L\u00f3pez Obrador - NOTICIAS DE LA 4T","isPartOf":{"@id":"https:\/\/redamlo.com\/#website"},"primaryImageOfPage":{"@id":"https:\/\/redamlo.com\/index.php\/2021\/06\/25\/secretaria-tecnica-de-la-presidencia-asume-funciones-de-coordinacion-general-de-programas-para-el-desarrollo-anuncia-lopez-obrador\/#primaryimage"},"image":{"@id":"https:\/\/redamlo.com\/index.php\/2021\/06\/25\/secretaria-tecnica-de-la-presidencia-asume-funciones-de-coordinacion-general-de-programas-para-el-desarrollo-anuncia-lopez-obrador\/#primaryimage"},"thumbnailUrl":"https:\/\/redamlo.com\/wp-content\/uploads\/2021\/07\/Secretaria-Tecnica-de-la-Presidencia-asume-funciones-de-Coordinacion-General-de-Programas-para-el-Desarrollo-anuncia-Lopez-Obrador.jpg","datePublished":"2021-06-25T14:00:34+00:00","breadcrumb":{"@id":"https:\/\/redamlo.com\/index.php\/2021\/06\/25\/secretaria-tecnica-de-la-presidencia-asume-funciones-de-coordinacion-general-de-programas-para-el-desarrollo-anuncia-lopez-obrador\/#breadcrumb"},"inLanguage":"es","potentialAction":[{"@type":"ReadAction","target":["https:\/\/redamlo.com\/index.php\/2021\/06\/25\/secretaria-tecnica-de-la-presidencia-asume-funciones-de-coordinacion-general-de-programas-para-el-desarrollo-anuncia-lopez-obrador\/"]}]},{"@type":"ImageObject","inLanguage":"es","@id":"https:\/\/redamlo.com\/index.php\/2021\/06\/25\/secretaria-tecnica-de-la-presidencia-asume-funciones-de-coordinacion-general-de-programas-para-el-desarrollo-anuncia-lopez-obrador\/#primaryimage","url":"https:\/\/redamlo.com\/wp-content\/uploads\/2021\/07\/Secretaria-Tecnica-de-la-Presidencia-asume-funciones-de-Coordinacion-General-de-Programas-para-el-Desarrollo-anuncia-Lopez-Obrador.jpg","contentUrl":"https:\/\/redamlo.com\/wp-content\/uploads\/2021\/07\/Secretaria-Tecnica-de-la-Presidencia-asume-funciones-de-Coordinacion-General-de-Programas-para-el-Desarrollo-anuncia-Lopez-Obrador.jpg","width":770,"height":455},{"@type":"BreadcrumbList","@id":"https:\/\/redamlo.com\/index.php\/2021\/06\/25\/secretaria-tecnica-de-la-presidencia-asume-funciones-de-coordinacion-general-de-programas-para-el-desarrollo-anuncia-lopez-obrador\/#breadcrumb","itemListElement":[{"@type":"ListItem","position":1,"name":"Inicio","item":"https:\/\/redamlo.com\/"},{"@type":"ListItem","position":2,"name":"Secretar\u00eda T\u00e9cnica de la Presidencia asume funciones de Coordinaci\u00f3n General de Programas para el Desarrollo, anuncia L\u00f3pez Obrador"}]},{"@type":"WebSite","@id":"https:\/\/redamlo.com\/#website","url":"https:\/\/redamlo.com\/","name":"NOTICIAS DE LA 4T","description":"","publisher":{"@id":"https:\/\/redamlo.com\/#organization"},"potentialAction":[{"@type":"SearchAction","target":{"@type":"EntryPoint","urlTemplate":"https:\/\/redamlo.com\/?s={search_term_string}"},"query-input":{"@type":"PropertyValueSpecification","valueRequired":true,"valueName":"search_term_string"}}],"inLanguage":"es"},{"@type":"Organization","@id":"https:\/\/redamlo.com\/#organization","name":"NOTICIAS DE LA 4T","url":"https:\/\/redamlo.com\/","logo":{"@type":"ImageObject","inLanguage":"es","@id":"https:\/\/redamlo.com\/#\/schema\/logo\/image\/","url":"https:\/\/redamlo.com\/wp-content\/uploads\/2024\/08\/cropped-RED-AMLO-logo-50.png","contentUrl":"https:\/\/redamlo.com\/wp-content\/uploads\/2024\/08\/cropped-RED-AMLO-logo-50.png","width":256,"height":256,"caption":"NOTICIAS DE LA 4T"},"image":{"@id":"https:\/\/redamlo.com\/#\/schema\/logo\/image\/"}},{"@type":"Person","@id":"https:\/\/redamlo.com\/#\/schema\/person\/7223a4375eb8f1a782fcae010a7115cf","name":"Blanca","image":{"@type":"ImageObject","inLanguage":"es","@id":"https:\/\/secure.gravatar.com\/avatar\/3f79bc8336367a4e6093eae8757acaaf61d1124834b905616de7829b0273426d?s=96&d=mm&r=g","url":"https:\/\/secure.gravatar.com\/avatar\/3f79bc8336367a4e6093eae8757acaaf61d1124834b905616de7829b0273426d?s=96&d=mm&r=g","contentUrl":"https:\/\/secure.gravatar.com\/avatar\/3f79bc8336367a4e6093eae8757acaaf61d1124834b905616de7829b0273426d?s=96&d=mm&r=g","caption":"Blanca"},"url":"https:\/\/redamlo.com\/index.php\/author\/blanca\/"}]}},"_links":{"self":[{"href":"https:\/\/redamlo.com\/index.php\/wp-json\/wp\/v2\/posts\/4764","targetHints":{"allow":["GET"]}}],"collection":[{"href":"https:\/\/redamlo.com\/index.php\/wp-json\/wp\/v2\/posts"}],"about":[{"href":"https:\/\/redamlo.com\/index.php\/wp-json\/wp\/v2\/types\/post"}],"author":[{"embeddable":true,"href":"https:\/\/redamlo.com\/index.php\/wp-json\/wp\/v2\/users\/2"}],"replies":[{"embeddable":true,"href":"https:\/\/redamlo.com\/index.php\/wp-json\/wp\/v2\/comments?post=4764"}],"version-history":[{"count":0,"href":"https:\/\/redamlo.com\/index.php\/wp-json\/wp\/v2\/posts\/4764\/revisions"}],"wp:featuredmedia":[{"embeddable":true,"href":"https:\/\/redamlo.com\/index.php\/wp-json\/wp\/v2\/media\/4767"}],"wp:attachment":[{"href":"https:\/\/redamlo.com\/index.php\/wp-json\/wp\/v2\/media?parent=4764"}],"wp:term":[{"taxonomy":"category","embeddable":true,"href":"https:\/\/redamlo.com\/index.php\/wp-json\/wp\/v2\/categories?post=4764"},{"taxonomy":"post_tag","embeddable":true,"href":"https:\/\/redamlo.com\/index.php\/wp-json\/wp\/v2\/tags?post=4764"}],"curies":[{"name":"wp","href":"https:\/\/api.w.org\/{rel}","templated":true}]}}