{"id":4735,"date":"2021-07-08T17:09:55","date_gmt":"2021-07-08T17:09:55","guid":{"rendered":"https:\/\/redamlo.com\/?p=4735"},"modified":"2021-07-08T17:09:55","modified_gmt":"2021-07-08T17:09:55","slug":"amlo-puso-de-ejemplo-a-cristiano-ronaldo-en-la-mananera","status":"publish","type":"post","link":"https:\/\/redamlo.com\/index.php\/2021\/07\/08\/amlo-puso-de-ejemplo-a-cristiano-ronaldo-en-la-mananera\/","title":{"rendered":"AMLO  puso de ejemplo a Cristiano Ronaldo en la \u2018ma\u00f1anera\u2019"},"content":{"rendered":"<p class=\"default__StyledText-xb1qmn-0 kYamVn body-paragraph\">El presidente\u00a0<b>Andr\u00e9s Manuel L\u00f3pez Obrador<\/b>\u00a0hizo referencia este mi\u00e9rcoles al futbolista<b>\u00a0Cristiano Ronaldo<\/b>, quien en una conferencia de prensa rechaz\u00f3 unas botellas de refresco y se\u00f1al\u00f3 una de agua.<\/p>\n<p class=\"default__StyledText-xb1qmn-0 kYamVn body-paragraph\">El mandatario federal refiri\u00f3 que se tiene que continuar orientando sobre nutrici\u00f3n y ejercicio ante el aumento de la obesidad durante la pandemia.<\/p>\n<p class=\"default__StyledText-xb1qmn-0 kYamVn body-paragraph\">En tanto, lament\u00f3 la eliminaci\u00f3n de Portugal en el torneo europeo de futbol, y record\u00f3 que Cristiano Ronaldo se encuentra en dicho equipo y tuvo este gesto recientemente. \u201cUna imagen as\u00ed ayuda m\u00e1s que muchos tomos sobre nutrici\u00f3n. Y adem\u00e1s lo sent\u00ed espont\u00e1neo\u201d, apunt\u00f3.<\/p>\n<p class=\"default__StyledText-xb1qmn-0 kYamVn body-paragraph\">L\u00f3pez Obrador pidi\u00f3 que se pusiera durante la conferencia matutina el video en el que el jugador rechaza las botellas de Coca-Cola y dice<b>\u00a0\u201cagua s\u00ed\u201d.<\/b><\/p>\n<p class=\"default__StyledText-xb1qmn-0 kYamVn body-paragraph\">\u201cTengan para que aprendan\u201d, apunt\u00f3 AMLO.<\/p>\n","protected":false},"excerpt":{"rendered":"<p>El presidente\u00a0Andr\u00e9s Manuel L\u00f3pez Obrador\u00a0hizo referencia este mi\u00e9rcoles al futbolista\u00a0Cristiano Ronaldo, quien en una conferencia&#8230;<\/p>\n","protected":false},"author":2,"featured_media":4767,"comment_status":"open","ping_status":"closed","sticky":false,"template":"","format":"standard","meta":{"footnotes":""},"categories":[94],"tags":[1123,1124],"class_list":["post-4735","post","type-post","status-publish","format-standard","has-post-thumbnail","hentry","category-deportes","tag-amlo-y-cristiano-ronaldo","tag-cristiano-ronaldo"],"yoast_head":"<!-- This site is optimized with the Yoast SEO plugin v27.5 - https:\/\/yoast.com\/product\/yoast-seo-wordpress\/ -->\n<title>AMLO puso de ejemplo a Cristiano Ronaldo en la \u2018ma\u00f1anera\u2019 - NOTICIAS DE LA 4T<\/title>\n<meta name=\"robots\" content=\"noindex, follow, max-snippet:-1, max-image-preview:large, max-video-preview:-1\" \/>\n<meta property=\"og:locale\" content=\"es_MX\" \/>\n<meta property=\"og:type\" content=\"article\" \/>\n<meta property=\"og:title\" content=\"AMLO puso de ejemplo a Cristiano Ronaldo en la \u2018ma\u00f1anera\u2019 - NOTICIAS DE LA 4T\" \/>\n<meta property=\"og:description\" content=\"El presidente\u00a0Andr\u00e9s Manuel L\u00f3pez Obrador\u00a0hizo referencia este mi\u00e9rcoles al futbolista\u00a0Cristiano Ronaldo, quien en una conferencia...\" \/>\n<meta property=\"og:url\" content=\"https:\/\/redamlo.com\/index.php\/2021\/07\/08\/amlo-puso-de-ejemplo-a-cristiano-ronaldo-en-la-mananera\/\" \/>\n<meta property=\"og:site_name\" content=\"NOTICIAS DE LA 4T\" \/>\n<meta property=\"article:published_time\" content=\"2021-07-08T17:09:55+00:00\" \/>\n<meta property=\"og:image\" content=\"https:\/\/redamlo.com\/wp-content\/uploads\/2021\/07\/Secretaria-Tecnica-de-la-Presidencia-asume-funciones-de-Coordinacion-General-de-Programas-para-el-Desarrollo-anuncia-Lopez-Obrador.jpg\" \/>\n\t<meta property=\"og:image:width\" content=\"770\" \/>\n\t<meta property=\"og:image:height\" content=\"455\" \/>\n\t<meta property=\"og:image:type\" content=\"image\/jpeg\" \/>\n<meta name=\"author\" content=\"Blanca\" \/>\n<meta name=\"twitter:card\" content=\"summary_large_image\" \/>\n<meta name=\"twitter:label1\" content=\"Escrito por\" \/>\n\t<meta name=\"twitter:data1\" content=\"Blanca\" \/>\n\t<meta name=\"twitter:label2\" content=\"Tiempo de lectura\" \/>\n\t<meta name=\"twitter:data2\" content=\"1 minuto\" \/>\n<script type=\"application\/ld+json\" class=\"yoast-schema-graph\">{\"@context\":\"https:\\\/\\\/schema.org\",\"@graph\":[{\"@type\":\"Article\",\"@id\":\"https:\\\/\\\/redamlo.com\\\/index.php\\\/2021\\\/07\\\/08\\\/amlo-puso-de-ejemplo-a-cristiano-ronaldo-en-la-mananera\\\/#article\",\"isPartOf\":{\"@id\":\"https:\\\/\\\/redamlo.com\\\/index.php\\\/2021\\\/07\\\/08\\\/amlo-puso-de-ejemplo-a-cristiano-ronaldo-en-la-mananera\\\/\"},\"author\":{\"name\":\"Blanca\",\"@id\":\"https:\\\/\\\/redamlo.com\\\/#\\\/schema\\\/person\\\/7223a4375eb8f1a782fcae010a7115cf\"},\"headline\":\"AMLO puso de ejemplo a Cristiano Ronaldo en la \u2018ma\u00f1anera\u2019\",\"datePublished\":\"2021-07-08T17:09:55+00:00\",\"mainEntityOfPage\":{\"@id\":\"https:\\\/\\\/redamlo.com\\\/index.php\\\/2021\\\/07\\\/08\\\/amlo-puso-de-ejemplo-a-cristiano-ronaldo-en-la-mananera\\\/\"},\"wordCount\":151,\"commentCount\":0,\"publisher\":{\"@id\":\"https:\\\/\\\/redamlo.com\\\/#organization\"},\"image\":{\"@id\":\"https:\\\/\\\/redamlo.com\\\/index.php\\\/2021\\\/07\\\/08\\\/amlo-puso-de-ejemplo-a-cristiano-ronaldo-en-la-mananera\\\/#primaryimage\"},\"thumbnailUrl\":\"https:\\\/\\\/redamlo.com\\\/wp-content\\\/uploads\\\/2021\\\/07\\\/Secretaria-Tecnica-de-la-Presidencia-asume-funciones-de-Coordinacion-General-de-Programas-para-el-Desarrollo-anuncia-Lopez-Obrador.jpg\",\"keywords\":[\"amlo y cristiano ronaldo\",\"cristiano ronaldo\"],\"articleSection\":[\"Deportes\"],\"inLanguage\":\"es\",\"potentialAction\":[{\"@type\":\"CommentAction\",\"name\":\"Comment\",\"target\":[\"https:\\\/\\\/redamlo.com\\\/index.php\\\/2021\\\/07\\\/08\\\/amlo-puso-de-ejemplo-a-cristiano-ronaldo-en-la-mananera\\\/#respond\"]}]},{\"@type\":\"WebPage\",\"@id\":\"https:\\\/\\\/redamlo.com\\\/index.php\\\/2021\\\/07\\\/08\\\/amlo-puso-de-ejemplo-a-cristiano-ronaldo-en-la-mananera\\\/\",\"url\":\"https:\\\/\\\/redamlo.com\\\/index.php\\\/2021\\\/07\\\/08\\\/amlo-puso-de-ejemplo-a-cristiano-ronaldo-en-la-mananera\\\/\",\"name\":\"AMLO puso de ejemplo a Cristiano Ronaldo en la \u2018ma\u00f1anera\u2019 - NOTICIAS DE LA 4T\",\"isPartOf\":{\"@id\":\"https:\\\/\\\/redamlo.com\\\/#website\"},\"primaryImageOfPage\":{\"@id\":\"https:\\\/\\\/redamlo.com\\\/index.php\\\/2021\\\/07\\\/08\\\/amlo-puso-de-ejemplo-a-cristiano-ronaldo-en-la-mananera\\\/#primaryimage\"},\"image\":{\"@id\":\"https:\\\/\\\/redamlo.com\\\/index.php\\\/2021\\\/07\\\/08\\\/amlo-puso-de-ejemplo-a-cristiano-ronaldo-en-la-mananera\\\/#primaryimage\"},\"thumbnailUrl\":\"https:\\\/\\\/redamlo.com\\\/wp-content\\\/uploads\\\/2021\\\/07\\\/Secretaria-Tecnica-de-la-Presidencia-asume-funciones-de-Coordinacion-General-de-Programas-para-el-Desarrollo-anuncia-Lopez-Obrador.jpg\",\"datePublished\":\"2021-07-08T17:09:55+00:00\",\"breadcrumb\":{\"@id\":\"https:\\\/\\\/redamlo.com\\\/index.php\\\/2021\\\/07\\\/08\\\/amlo-puso-de-ejemplo-a-cristiano-ronaldo-en-la-mananera\\\/#breadcrumb\"},\"inLanguage\":\"es\",\"potentialAction\":[{\"@type\":\"ReadAction\",\"target\":[\"https:\\\/\\\/redamlo.com\\\/index.php\\\/2021\\\/07\\\/08\\\/amlo-puso-de-ejemplo-a-cristiano-ronaldo-en-la-mananera\\\/\"]}]},{\"@type\":\"ImageObject\",\"inLanguage\":\"es\",\"@id\":\"https:\\\/\\\/redamlo.com\\\/index.php\\\/2021\\\/07\\\/08\\\/amlo-puso-de-ejemplo-a-cristiano-ronaldo-en-la-mananera\\\/#primaryimage\",\"url\":\"https:\\\/\\\/redamlo.com\\\/wp-content\\\/uploads\\\/2021\\\/07\\\/Secretaria-Tecnica-de-la-Presidencia-asume-funciones-de-Coordinacion-General-de-Programas-para-el-Desarrollo-anuncia-Lopez-Obrador.jpg\",\"contentUrl\":\"https:\\\/\\\/redamlo.com\\\/wp-content\\\/uploads\\\/2021\\\/07\\\/Secretaria-Tecnica-de-la-Presidencia-asume-funciones-de-Coordinacion-General-de-Programas-para-el-Desarrollo-anuncia-Lopez-Obrador.jpg\",\"width\":770,\"height\":455},{\"@type\":\"BreadcrumbList\",\"@id\":\"https:\\\/\\\/redamlo.com\\\/index.php\\\/2021\\\/07\\\/08\\\/amlo-puso-de-ejemplo-a-cristiano-ronaldo-en-la-mananera\\\/#breadcrumb\",\"itemListElement\":[{\"@type\":\"ListItem\",\"position\":1,\"name\":\"Inicio\",\"item\":\"https:\\\/\\\/redamlo.com\\\/\"},{\"@type\":\"ListItem\",\"position\":2,\"name\":\"AMLO puso de ejemplo a Cristiano Ronaldo en la \u2018ma\u00f1anera\u2019\"}]},{\"@type\":\"WebSite\",\"@id\":\"https:\\\/\\\/redamlo.com\\\/#website\",\"url\":\"https:\\\/\\\/redamlo.com\\\/\",\"name\":\"NOTICIAS DE LA 4T\",\"description\":\"\",\"publisher\":{\"@id\":\"https:\\\/\\\/redamlo.com\\\/#organization\"},\"potentialAction\":[{\"@type\":\"SearchAction\",\"target\":{\"@type\":\"EntryPoint\",\"urlTemplate\":\"https:\\\/\\\/redamlo.com\\\/?s={search_term_string}\"},\"query-input\":{\"@type\":\"PropertyValueSpecification\",\"valueRequired\":true,\"valueName\":\"search_term_string\"}}],\"inLanguage\":\"es\"},{\"@type\":\"Organization\",\"@id\":\"https:\\\/\\\/redamlo.com\\\/#organization\",\"name\":\"NOTICIAS DE LA 4T\",\"url\":\"https:\\\/\\\/redamlo.com\\\/\",\"logo\":{\"@type\":\"ImageObject\",\"inLanguage\":\"es\",\"@id\":\"https:\\\/\\\/redamlo.com\\\/#\\\/schema\\\/logo\\\/image\\\/\",\"url\":\"https:\\\/\\\/redamlo.com\\\/wp-content\\\/uploads\\\/2024\\\/08\\\/cropped-RED-AMLO-logo-50.png\",\"contentUrl\":\"https:\\\/\\\/redamlo.com\\\/wp-content\\\/uploads\\\/2024\\\/08\\\/cropped-RED-AMLO-logo-50.png\",\"width\":256,\"height\":256,\"caption\":\"NOTICIAS DE LA 4T\"},\"image\":{\"@id\":\"https:\\\/\\\/redamlo.com\\\/#\\\/schema\\\/logo\\\/image\\\/\"}},{\"@type\":\"Person\",\"@id\":\"https:\\\/\\\/redamlo.com\\\/#\\\/schema\\\/person\\\/7223a4375eb8f1a782fcae010a7115cf\",\"name\":\"Blanca\",\"image\":{\"@type\":\"ImageObject\",\"inLanguage\":\"es\",\"@id\":\"https:\\\/\\\/secure.gravatar.com\\\/avatar\\\/3f79bc8336367a4e6093eae8757acaaf61d1124834b905616de7829b0273426d?s=96&d=mm&r=g\",\"url\":\"https:\\\/\\\/secure.gravatar.com\\\/avatar\\\/3f79bc8336367a4e6093eae8757acaaf61d1124834b905616de7829b0273426d?s=96&d=mm&r=g\",\"contentUrl\":\"https:\\\/\\\/secure.gravatar.com\\\/avatar\\\/3f79bc8336367a4e6093eae8757acaaf61d1124834b905616de7829b0273426d?s=96&d=mm&r=g\",\"caption\":\"Blanca\"},\"url\":\"https:\\\/\\\/redamlo.com\\\/index.php\\\/author\\\/blanca\\\/\"}]}<\/script>\n<!-- \/ Yoast SEO plugin. -->","yoast_head_json":{"title":"AMLO puso de ejemplo a Cristiano Ronaldo en la \u2018ma\u00f1anera\u2019 - NOTICIAS DE LA 4T","robots":{"index":"noindex","follow":"follow","max-snippet":"max-snippet:-1","max-image-preview":"max-image-preview:large","max-video-preview":"max-video-preview:-1"},"og_locale":"es_MX","og_type":"article","og_title":"AMLO puso de ejemplo a Cristiano Ronaldo en la \u2018ma\u00f1anera\u2019 - NOTICIAS DE LA 4T","og_description":"El presidente\u00a0Andr\u00e9s Manuel L\u00f3pez Obrador\u00a0hizo referencia este mi\u00e9rcoles al futbolista\u00a0Cristiano Ronaldo, quien en una conferencia...","og_url":"https:\/\/redamlo.com\/index.php\/2021\/07\/08\/amlo-puso-de-ejemplo-a-cristiano-ronaldo-en-la-mananera\/","og_site_name":"NOTICIAS DE LA 4T","article_published_time":"2021-07-08T17:09:55+00:00","og_image":[{"width":770,"height":455,"url":"https:\/\/redamlo.com\/wp-content\/uploads\/2021\/07\/Secretaria-Tecnica-de-la-Presidencia-asume-funciones-de-Coordinacion-General-de-Programas-para-el-Desarrollo-anuncia-Lopez-Obrador.jpg","type":"image\/jpeg"}],"author":"Blanca","twitter_card":"summary_large_image","twitter_misc":{"Escrito por":"Blanca","Tiempo de lectura":"1 minuto"},"schema":{"@context":"https:\/\/schema.org","@graph":[{"@type":"Article","@id":"https:\/\/redamlo.com\/index.php\/2021\/07\/08\/amlo-puso-de-ejemplo-a-cristiano-ronaldo-en-la-mananera\/#article","isPartOf":{"@id":"https:\/\/redamlo.com\/index.php\/2021\/07\/08\/amlo-puso-de-ejemplo-a-cristiano-ronaldo-en-la-mananera\/"},"author":{"name":"Blanca","@id":"https:\/\/redamlo.com\/#\/schema\/person\/7223a4375eb8f1a782fcae010a7115cf"},"headline":"AMLO puso de ejemplo a Cristiano Ronaldo en la \u2018ma\u00f1anera\u2019","datePublished":"2021-07-08T17:09:55+00:00","mainEntityOfPage":{"@id":"https:\/\/redamlo.com\/index.php\/2021\/07\/08\/amlo-puso-de-ejemplo-a-cristiano-ronaldo-en-la-mananera\/"},"wordCount":151,"commentCount":0,"publisher":{"@id":"https:\/\/redamlo.com\/#organization"},"image":{"@id":"https:\/\/redamlo.com\/index.php\/2021\/07\/08\/amlo-puso-de-ejemplo-a-cristiano-ronaldo-en-la-mananera\/#primaryimage"},"thumbnailUrl":"https:\/\/redamlo.com\/wp-content\/uploads\/2021\/07\/Secretaria-Tecnica-de-la-Presidencia-asume-funciones-de-Coordinacion-General-de-Programas-para-el-Desarrollo-anuncia-Lopez-Obrador.jpg","keywords":["amlo y cristiano ronaldo","cristiano ronaldo"],"articleSection":["Deportes"],"inLanguage":"es","potentialAction":[{"@type":"CommentAction","name":"Comment","target":["https:\/\/redamlo.com\/index.php\/2021\/07\/08\/amlo-puso-de-ejemplo-a-cristiano-ronaldo-en-la-mananera\/#respond"]}]},{"@type":"WebPage","@id":"https:\/\/redamlo.com\/index.php\/2021\/07\/08\/amlo-puso-de-ejemplo-a-cristiano-ronaldo-en-la-mananera\/","url":"https:\/\/redamlo.com\/index.php\/2021\/07\/08\/amlo-puso-de-ejemplo-a-cristiano-ronaldo-en-la-mananera\/","name":"AMLO puso de ejemplo a Cristiano Ronaldo en la \u2018ma\u00f1anera\u2019 - NOTICIAS DE LA 4T","isPartOf":{"@id":"https:\/\/redamlo.com\/#website"},"primaryImageOfPage":{"@id":"https:\/\/redamlo.com\/index.php\/2021\/07\/08\/amlo-puso-de-ejemplo-a-cristiano-ronaldo-en-la-mananera\/#primaryimage"},"image":{"@id":"https:\/\/redamlo.com\/index.php\/2021\/07\/08\/amlo-puso-de-ejemplo-a-cristiano-ronaldo-en-la-mananera\/#primaryimage"},"thumbnailUrl":"https:\/\/redamlo.com\/wp-content\/uploads\/2021\/07\/Secretaria-Tecnica-de-la-Presidencia-asume-funciones-de-Coordinacion-General-de-Programas-para-el-Desarrollo-anuncia-Lopez-Obrador.jpg","datePublished":"2021-07-08T17:09:55+00:00","breadcrumb":{"@id":"https:\/\/redamlo.com\/index.php\/2021\/07\/08\/amlo-puso-de-ejemplo-a-cristiano-ronaldo-en-la-mananera\/#breadcrumb"},"inLanguage":"es","potentialAction":[{"@type":"ReadAction","target":["https:\/\/redamlo.com\/index.php\/2021\/07\/08\/amlo-puso-de-ejemplo-a-cristiano-ronaldo-en-la-mananera\/"]}]},{"@type":"ImageObject","inLanguage":"es","@id":"https:\/\/redamlo.com\/index.php\/2021\/07\/08\/amlo-puso-de-ejemplo-a-cristiano-ronaldo-en-la-mananera\/#primaryimage","url":"https:\/\/redamlo.com\/wp-content\/uploads\/2021\/07\/Secretaria-Tecnica-de-la-Presidencia-asume-funciones-de-Coordinacion-General-de-Programas-para-el-Desarrollo-anuncia-Lopez-Obrador.jpg","contentUrl":"https:\/\/redamlo.com\/wp-content\/uploads\/2021\/07\/Secretaria-Tecnica-de-la-Presidencia-asume-funciones-de-Coordinacion-General-de-Programas-para-el-Desarrollo-anuncia-Lopez-Obrador.jpg","width":770,"height":455},{"@type":"BreadcrumbList","@id":"https:\/\/redamlo.com\/index.php\/2021\/07\/08\/amlo-puso-de-ejemplo-a-cristiano-ronaldo-en-la-mananera\/#breadcrumb","itemListElement":[{"@type":"ListItem","position":1,"name":"Inicio","item":"https:\/\/redamlo.com\/"},{"@type":"ListItem","position":2,"name":"AMLO puso de ejemplo a Cristiano Ronaldo en la \u2018ma\u00f1anera\u2019"}]},{"@type":"WebSite","@id":"https:\/\/redamlo.com\/#website","url":"https:\/\/redamlo.com\/","name":"NOTICIAS DE LA 4T","description":"","publisher":{"@id":"https:\/\/redamlo.com\/#organization"},"potentialAction":[{"@type":"SearchAction","target":{"@type":"EntryPoint","urlTemplate":"https:\/\/redamlo.com\/?s={search_term_string}"},"query-input":{"@type":"PropertyValueSpecification","valueRequired":true,"valueName":"search_term_string"}}],"inLanguage":"es"},{"@type":"Organization","@id":"https:\/\/redamlo.com\/#organization","name":"NOTICIAS DE LA 4T","url":"https:\/\/redamlo.com\/","logo":{"@type":"ImageObject","inLanguage":"es","@id":"https:\/\/redamlo.com\/#\/schema\/logo\/image\/","url":"https:\/\/redamlo.com\/wp-content\/uploads\/2024\/08\/cropped-RED-AMLO-logo-50.png","contentUrl":"https:\/\/redamlo.com\/wp-content\/uploads\/2024\/08\/cropped-RED-AMLO-logo-50.png","width":256,"height":256,"caption":"NOTICIAS DE LA 4T"},"image":{"@id":"https:\/\/redamlo.com\/#\/schema\/logo\/image\/"}},{"@type":"Person","@id":"https:\/\/redamlo.com\/#\/schema\/person\/7223a4375eb8f1a782fcae010a7115cf","name":"Blanca","image":{"@type":"ImageObject","inLanguage":"es","@id":"https:\/\/secure.gravatar.com\/avatar\/3f79bc8336367a4e6093eae8757acaaf61d1124834b905616de7829b0273426d?s=96&d=mm&r=g","url":"https:\/\/secure.gravatar.com\/avatar\/3f79bc8336367a4e6093eae8757acaaf61d1124834b905616de7829b0273426d?s=96&d=mm&r=g","contentUrl":"https:\/\/secure.gravatar.com\/avatar\/3f79bc8336367a4e6093eae8757acaaf61d1124834b905616de7829b0273426d?s=96&d=mm&r=g","caption":"Blanca"},"url":"https:\/\/redamlo.com\/index.php\/author\/blanca\/"}]}},"_links":{"self":[{"href":"https:\/\/redamlo.com\/index.php\/wp-json\/wp\/v2\/posts\/4735","targetHints":{"allow":["GET"]}}],"collection":[{"href":"https:\/\/redamlo.com\/index.php\/wp-json\/wp\/v2\/posts"}],"about":[{"href":"https:\/\/redamlo.com\/index.php\/wp-json\/wp\/v2\/types\/post"}],"author":[{"embeddable":true,"href":"https:\/\/redamlo.com\/index.php\/wp-json\/wp\/v2\/users\/2"}],"replies":[{"embeddable":true,"href":"https:\/\/redamlo.com\/index.php\/wp-json\/wp\/v2\/comments?post=4735"}],"version-history":[{"count":0,"href":"https:\/\/redamlo.com\/index.php\/wp-json\/wp\/v2\/posts\/4735\/revisions"}],"wp:featuredmedia":[{"embeddable":true,"href":"https:\/\/redamlo.com\/index.php\/wp-json\/wp\/v2\/media\/4767"}],"wp:attachment":[{"href":"https:\/\/redamlo.com\/index.php\/wp-json\/wp\/v2\/media?parent=4735"}],"wp:term":[{"taxonomy":"category","embeddable":true,"href":"https:\/\/redamlo.com\/index.php\/wp-json\/wp\/v2\/categories?post=4735"},{"taxonomy":"post_tag","embeddable":true,"href":"https:\/\/redamlo.com\/index.php\/wp-json\/wp\/v2\/tags?post=4735"}],"curies":[{"name":"wp","href":"https:\/\/api.w.org\/{rel}","templated":true}]}}