{"id":473,"date":"2019-09-28T12:28:57","date_gmt":"2019-09-28T17:28:57","guid":{"rendered":"http:\/\/redamlo.com\/?p=473"},"modified":"2019-09-28T12:28:57","modified_gmt":"2019-09-28T17:28:57","slug":"borrador-automaticoque-opinas-que-morena-cambie-estatutos-para-elegir-a-su-lider-con-encuesta","status":"publish","type":"post","link":"https:\/\/redamlo.com\/index.php\/2019\/09\/28\/borrador-automaticoque-opinas-que-morena-cambie-estatutos-para-elegir-a-su-lider-con-encuesta\/","title":{"rendered":"Borrador autom\u00e1tico\u00bfQue opinas que Morena cambie estatutos para elegir a su l\u00edder con encuesta?"},"content":{"rendered":"<p><strong>Cdmx Press Red de Noticias.- Yeidckol Polevnsky lider Nacional de Morena, dijo que har\u00e1n ajustes de los estatutos del partido para permitir que la pr\u00f3xima dirigencia nacional se elija mediante encuesta, como sugiri\u00f3 AMLO.<\/strong><\/p>\n<p>\u201cEl presidente <strong>(L\u00f3pez Obrador)<\/strong> sugiri\u00f3 que para que no hubiera desavenencia o divisiones, fu\u00e9ramos a una encuesta. As\u00ed lo hemos hecho con las candidatos y nos ha ido realmente muy bien. Entonces, yo respaldo la propuesta del presidente y tendremos que hacer los ajustes a los estatutos, a lo que sea para evitar cualquier rebatinga&#8221;,<\/p>\n<p>MORENA programa\u00a0 una serie de cambios en sus estatutos para permitir que el pr\u00f3ximo l\u00edder del partido pueda ser elegido mediante una encuesta, como lo sugiri\u00f3 el presidente de M\u00e9xico <strong>Andr\u00e9s Manuel L\u00f3pez Obrador.<\/strong><\/p>\n<blockquote><p><strong>&#8220;Somos un partido diferente, as\u00ed nos queremos mantener y por eso respaldamos la plataforma del presidente de la Rep\u00fablica, que es la plataforma de Morena&#8221;,\u00a0<\/strong><\/p>\n<p>&nbsp;<\/p>\n<p><strong>&#8220;El presidente fund\u00f3 este partido, conoce mucho de partidos y creemos que la propuesta que \u00e9l hace de elegir al l\u00edder en un encuesta es la mejor propuesta y trabajaremos en consecuencia para que podamos institucionalizarla&#8221;<\/strong><\/p>\n<p><strong>Polevnsky.<\/strong><\/p>\n<p><a href=\"http:\/\/redamlo.com\/wp-content\/uploads\/2019\/09\/yeickol-y-amlo-cdmxpress.jpg\"><img loading=\"lazy\" decoding=\"async\" class=\"alignnone size-full wp-image-3012\" src=\"http:\/\/redamlo.com\/wp-content\/uploads\/2019\/09\/yeickol-y-amlo-cdmxpress.jpg\" alt=\"\" width=\"240\" height=\"172\" \/><\/a><\/p><\/blockquote>\n<p>&nbsp;<\/p>\n","protected":false},"excerpt":{"rendered":"<p>Cdmx Press Red de Noticias.- Yeidckol Polevnsky lider Nacional de Morena, dijo que har\u00e1n ajustes&#8230;<\/p>\n","protected":false},"author":2,"featured_media":475,"comment_status":"open","ping_status":"closed","sticky":false,"template":"","format":"standard","meta":{"footnotes":""},"categories":[25,5],"tags":[],"class_list":["post-473","post","type-post","status-publish","format-standard","has-post-thumbnail","hentry","category-4t","category-politica"],"yoast_head":"<!-- This site is optimized with the Yoast SEO plugin v27.5 - https:\/\/yoast.com\/product\/yoast-seo-wordpress\/ -->\n<title>Borrador autom\u00e1tico\u00bfQue opinas que Morena cambie estatutos para elegir a su l\u00edder con encuesta? - NOTICIAS DE LA 4T<\/title>\n<meta name=\"robots\" content=\"noindex, follow, max-snippet:-1, max-image-preview:large, max-video-preview:-1\" \/>\n<meta property=\"og:locale\" content=\"es_MX\" \/>\n<meta property=\"og:type\" content=\"article\" \/>\n<meta property=\"og:title\" content=\"Borrador autom\u00e1tico\u00bfQue opinas que Morena cambie estatutos para elegir a su l\u00edder con encuesta? - NOTICIAS DE LA 4T\" \/>\n<meta property=\"og:description\" content=\"Cdmx Press Red de Noticias.- Yeidckol Polevnsky lider Nacional de Morena, dijo que har\u00e1n ajustes...\" \/>\n<meta property=\"og:url\" content=\"https:\/\/redamlo.com\/index.php\/2019\/09\/28\/borrador-automaticoque-opinas-que-morena-cambie-estatutos-para-elegir-a-su-lider-con-encuesta\/\" \/>\n<meta property=\"og:site_name\" content=\"NOTICIAS DE LA 4T\" \/>\n<meta property=\"article:published_time\" content=\"2019-09-28T17:28:57+00:00\" \/>\n<meta property=\"og:image\" content=\"https:\/\/redamlo.com\/wp-content\/uploads\/2019\/09\/yeidckol-polenvksy-cdmxpress-cdmx-luis-antonio-gonzalez-montes.jpg\" \/>\n\t<meta property=\"og:image:width\" content=\"958\" \/>\n\t<meta property=\"og:image:height\" content=\"596\" \/>\n\t<meta property=\"og:image:type\" content=\"image\/jpeg\" \/>\n<meta name=\"author\" content=\"Blanca\" \/>\n<meta name=\"twitter:card\" content=\"summary_large_image\" \/>\n<meta name=\"twitter:label1\" content=\"Escrito por\" \/>\n\t<meta name=\"twitter:data1\" content=\"Blanca\" \/>\n\t<meta name=\"twitter:label2\" content=\"Tiempo de lectura\" \/>\n\t<meta name=\"twitter:data2\" content=\"1 minuto\" \/>\n<script type=\"application\/ld+json\" class=\"yoast-schema-graph\">{\"@context\":\"https:\\\/\\\/schema.org\",\"@graph\":[{\"@type\":\"Article\",\"@id\":\"https:\\\/\\\/redamlo.com\\\/index.php\\\/2019\\\/09\\\/28\\\/borrador-automaticoque-opinas-que-morena-cambie-estatutos-para-elegir-a-su-lider-con-encuesta\\\/#article\",\"isPartOf\":{\"@id\":\"https:\\\/\\\/redamlo.com\\\/index.php\\\/2019\\\/09\\\/28\\\/borrador-automaticoque-opinas-que-morena-cambie-estatutos-para-elegir-a-su-lider-con-encuesta\\\/\"},\"author\":{\"name\":\"Blanca\",\"@id\":\"https:\\\/\\\/redamlo.com\\\/#\\\/schema\\\/person\\\/7223a4375eb8f1a782fcae010a7115cf\"},\"headline\":\"Borrador autom\u00e1tico\u00bfQue opinas que Morena cambie estatutos para elegir a su l\u00edder con encuesta?\",\"datePublished\":\"2019-09-28T17:28:57+00:00\",\"mainEntityOfPage\":{\"@id\":\"https:\\\/\\\/redamlo.com\\\/index.php\\\/2019\\\/09\\\/28\\\/borrador-automaticoque-opinas-que-morena-cambie-estatutos-para-elegir-a-su-lider-con-encuesta\\\/\"},\"wordCount\":216,\"commentCount\":0,\"publisher\":{\"@id\":\"https:\\\/\\\/redamlo.com\\\/#organization\"},\"image\":{\"@id\":\"https:\\\/\\\/redamlo.com\\\/index.php\\\/2019\\\/09\\\/28\\\/borrador-automaticoque-opinas-que-morena-cambie-estatutos-para-elegir-a-su-lider-con-encuesta\\\/#primaryimage\"},\"thumbnailUrl\":\"https:\\\/\\\/redamlo.com\\\/wp-content\\\/uploads\\\/2019\\\/09\\\/yeidckol-polenvksy-cdmxpress-cdmx-luis-antonio-gonzalez-montes.jpg\",\"articleSection\":[\"4T\",\"Pol\u00edtica\"],\"inLanguage\":\"es\",\"potentialAction\":[{\"@type\":\"CommentAction\",\"name\":\"Comment\",\"target\":[\"https:\\\/\\\/redamlo.com\\\/index.php\\\/2019\\\/09\\\/28\\\/borrador-automaticoque-opinas-que-morena-cambie-estatutos-para-elegir-a-su-lider-con-encuesta\\\/#respond\"]}]},{\"@type\":\"WebPage\",\"@id\":\"https:\\\/\\\/redamlo.com\\\/index.php\\\/2019\\\/09\\\/28\\\/borrador-automaticoque-opinas-que-morena-cambie-estatutos-para-elegir-a-su-lider-con-encuesta\\\/\",\"url\":\"https:\\\/\\\/redamlo.com\\\/index.php\\\/2019\\\/09\\\/28\\\/borrador-automaticoque-opinas-que-morena-cambie-estatutos-para-elegir-a-su-lider-con-encuesta\\\/\",\"name\":\"Borrador autom\u00e1tico\u00bfQue opinas que Morena cambie estatutos para elegir a su l\u00edder con encuesta? - NOTICIAS DE LA 4T\",\"isPartOf\":{\"@id\":\"https:\\\/\\\/redamlo.com\\\/#website\"},\"primaryImageOfPage\":{\"@id\":\"https:\\\/\\\/redamlo.com\\\/index.php\\\/2019\\\/09\\\/28\\\/borrador-automaticoque-opinas-que-morena-cambie-estatutos-para-elegir-a-su-lider-con-encuesta\\\/#primaryimage\"},\"image\":{\"@id\":\"https:\\\/\\\/redamlo.com\\\/index.php\\\/2019\\\/09\\\/28\\\/borrador-automaticoque-opinas-que-morena-cambie-estatutos-para-elegir-a-su-lider-con-encuesta\\\/#primaryimage\"},\"thumbnailUrl\":\"https:\\\/\\\/redamlo.com\\\/wp-content\\\/uploads\\\/2019\\\/09\\\/yeidckol-polenvksy-cdmxpress-cdmx-luis-antonio-gonzalez-montes.jpg\",\"datePublished\":\"2019-09-28T17:28:57+00:00\",\"breadcrumb\":{\"@id\":\"https:\\\/\\\/redamlo.com\\\/index.php\\\/2019\\\/09\\\/28\\\/borrador-automaticoque-opinas-que-morena-cambie-estatutos-para-elegir-a-su-lider-con-encuesta\\\/#breadcrumb\"},\"inLanguage\":\"es\",\"potentialAction\":[{\"@type\":\"ReadAction\",\"target\":[\"https:\\\/\\\/redamlo.com\\\/index.php\\\/2019\\\/09\\\/28\\\/borrador-automaticoque-opinas-que-morena-cambie-estatutos-para-elegir-a-su-lider-con-encuesta\\\/\"]}]},{\"@type\":\"ImageObject\",\"inLanguage\":\"es\",\"@id\":\"https:\\\/\\\/redamlo.com\\\/index.php\\\/2019\\\/09\\\/28\\\/borrador-automaticoque-opinas-que-morena-cambie-estatutos-para-elegir-a-su-lider-con-encuesta\\\/#primaryimage\",\"url\":\"https:\\\/\\\/redamlo.com\\\/wp-content\\\/uploads\\\/2019\\\/09\\\/yeidckol-polenvksy-cdmxpress-cdmx-luis-antonio-gonzalez-montes.jpg\",\"contentUrl\":\"https:\\\/\\\/redamlo.com\\\/wp-content\\\/uploads\\\/2019\\\/09\\\/yeidckol-polenvksy-cdmxpress-cdmx-luis-antonio-gonzalez-montes.jpg\",\"width\":958,\"height\":596},{\"@type\":\"BreadcrumbList\",\"@id\":\"https:\\\/\\\/redamlo.com\\\/index.php\\\/2019\\\/09\\\/28\\\/borrador-automaticoque-opinas-que-morena-cambie-estatutos-para-elegir-a-su-lider-con-encuesta\\\/#breadcrumb\",\"itemListElement\":[{\"@type\":\"ListItem\",\"position\":1,\"name\":\"Inicio\",\"item\":\"https:\\\/\\\/redamlo.com\\\/\"},{\"@type\":\"ListItem\",\"position\":2,\"name\":\"Borrador autom\u00e1tico\u00bfQue opinas que Morena cambie estatutos para elegir a su l\u00edder con encuesta?\"}]},{\"@type\":\"WebSite\",\"@id\":\"https:\\\/\\\/redamlo.com\\\/#website\",\"url\":\"https:\\\/\\\/redamlo.com\\\/\",\"name\":\"NOTICIAS DE LA 4T\",\"description\":\"\",\"publisher\":{\"@id\":\"https:\\\/\\\/redamlo.com\\\/#organization\"},\"potentialAction\":[{\"@type\":\"SearchAction\",\"target\":{\"@type\":\"EntryPoint\",\"urlTemplate\":\"https:\\\/\\\/redamlo.com\\\/?s={search_term_string}\"},\"query-input\":{\"@type\":\"PropertyValueSpecification\",\"valueRequired\":true,\"valueName\":\"search_term_string\"}}],\"inLanguage\":\"es\"},{\"@type\":\"Organization\",\"@id\":\"https:\\\/\\\/redamlo.com\\\/#organization\",\"name\":\"NOTICIAS DE LA 4T\",\"url\":\"https:\\\/\\\/redamlo.com\\\/\",\"logo\":{\"@type\":\"ImageObject\",\"inLanguage\":\"es\",\"@id\":\"https:\\\/\\\/redamlo.com\\\/#\\\/schema\\\/logo\\\/image\\\/\",\"url\":\"https:\\\/\\\/redamlo.com\\\/wp-content\\\/uploads\\\/2024\\\/08\\\/cropped-RED-AMLO-logo-50.png\",\"contentUrl\":\"https:\\\/\\\/redamlo.com\\\/wp-content\\\/uploads\\\/2024\\\/08\\\/cropped-RED-AMLO-logo-50.png\",\"width\":256,\"height\":256,\"caption\":\"NOTICIAS DE LA 4T\"},\"image\":{\"@id\":\"https:\\\/\\\/redamlo.com\\\/#\\\/schema\\\/logo\\\/image\\\/\"}},{\"@type\":\"Person\",\"@id\":\"https:\\\/\\\/redamlo.com\\\/#\\\/schema\\\/person\\\/7223a4375eb8f1a782fcae010a7115cf\",\"name\":\"Blanca\",\"image\":{\"@type\":\"ImageObject\",\"inLanguage\":\"es\",\"@id\":\"https:\\\/\\\/secure.gravatar.com\\\/avatar\\\/3f79bc8336367a4e6093eae8757acaaf61d1124834b905616de7829b0273426d?s=96&d=mm&r=g\",\"url\":\"https:\\\/\\\/secure.gravatar.com\\\/avatar\\\/3f79bc8336367a4e6093eae8757acaaf61d1124834b905616de7829b0273426d?s=96&d=mm&r=g\",\"contentUrl\":\"https:\\\/\\\/secure.gravatar.com\\\/avatar\\\/3f79bc8336367a4e6093eae8757acaaf61d1124834b905616de7829b0273426d?s=96&d=mm&r=g\",\"caption\":\"Blanca\"},\"url\":\"https:\\\/\\\/redamlo.com\\\/index.php\\\/author\\\/blanca\\\/\"}]}<\/script>\n<!-- \/ Yoast SEO plugin. -->","yoast_head_json":{"title":"Borrador autom\u00e1tico\u00bfQue opinas que Morena cambie estatutos para elegir a su l\u00edder con encuesta? - NOTICIAS DE LA 4T","robots":{"index":"noindex","follow":"follow","max-snippet":"max-snippet:-1","max-image-preview":"max-image-preview:large","max-video-preview":"max-video-preview:-1"},"og_locale":"es_MX","og_type":"article","og_title":"Borrador autom\u00e1tico\u00bfQue opinas que Morena cambie estatutos para elegir a su l\u00edder con encuesta? - NOTICIAS DE LA 4T","og_description":"Cdmx Press Red de Noticias.- Yeidckol Polevnsky lider Nacional de Morena, dijo que har\u00e1n ajustes...","og_url":"https:\/\/redamlo.com\/index.php\/2019\/09\/28\/borrador-automaticoque-opinas-que-morena-cambie-estatutos-para-elegir-a-su-lider-con-encuesta\/","og_site_name":"NOTICIAS DE LA 4T","article_published_time":"2019-09-28T17:28:57+00:00","og_image":[{"width":958,"height":596,"url":"https:\/\/redamlo.com\/wp-content\/uploads\/2019\/09\/yeidckol-polenvksy-cdmxpress-cdmx-luis-antonio-gonzalez-montes.jpg","type":"image\/jpeg"}],"author":"Blanca","twitter_card":"summary_large_image","twitter_misc":{"Escrito por":"Blanca","Tiempo de lectura":"1 minuto"},"schema":{"@context":"https:\/\/schema.org","@graph":[{"@type":"Article","@id":"https:\/\/redamlo.com\/index.php\/2019\/09\/28\/borrador-automaticoque-opinas-que-morena-cambie-estatutos-para-elegir-a-su-lider-con-encuesta\/#article","isPartOf":{"@id":"https:\/\/redamlo.com\/index.php\/2019\/09\/28\/borrador-automaticoque-opinas-que-morena-cambie-estatutos-para-elegir-a-su-lider-con-encuesta\/"},"author":{"name":"Blanca","@id":"https:\/\/redamlo.com\/#\/schema\/person\/7223a4375eb8f1a782fcae010a7115cf"},"headline":"Borrador autom\u00e1tico\u00bfQue opinas que Morena cambie estatutos para elegir a su l\u00edder con encuesta?","datePublished":"2019-09-28T17:28:57+00:00","mainEntityOfPage":{"@id":"https:\/\/redamlo.com\/index.php\/2019\/09\/28\/borrador-automaticoque-opinas-que-morena-cambie-estatutos-para-elegir-a-su-lider-con-encuesta\/"},"wordCount":216,"commentCount":0,"publisher":{"@id":"https:\/\/redamlo.com\/#organization"},"image":{"@id":"https:\/\/redamlo.com\/index.php\/2019\/09\/28\/borrador-automaticoque-opinas-que-morena-cambie-estatutos-para-elegir-a-su-lider-con-encuesta\/#primaryimage"},"thumbnailUrl":"https:\/\/redamlo.com\/wp-content\/uploads\/2019\/09\/yeidckol-polenvksy-cdmxpress-cdmx-luis-antonio-gonzalez-montes.jpg","articleSection":["4T","Pol\u00edtica"],"inLanguage":"es","potentialAction":[{"@type":"CommentAction","name":"Comment","target":["https:\/\/redamlo.com\/index.php\/2019\/09\/28\/borrador-automaticoque-opinas-que-morena-cambie-estatutos-para-elegir-a-su-lider-con-encuesta\/#respond"]}]},{"@type":"WebPage","@id":"https:\/\/redamlo.com\/index.php\/2019\/09\/28\/borrador-automaticoque-opinas-que-morena-cambie-estatutos-para-elegir-a-su-lider-con-encuesta\/","url":"https:\/\/redamlo.com\/index.php\/2019\/09\/28\/borrador-automaticoque-opinas-que-morena-cambie-estatutos-para-elegir-a-su-lider-con-encuesta\/","name":"Borrador autom\u00e1tico\u00bfQue opinas que Morena cambie estatutos para elegir a su l\u00edder con encuesta? - NOTICIAS DE LA 4T","isPartOf":{"@id":"https:\/\/redamlo.com\/#website"},"primaryImageOfPage":{"@id":"https:\/\/redamlo.com\/index.php\/2019\/09\/28\/borrador-automaticoque-opinas-que-morena-cambie-estatutos-para-elegir-a-su-lider-con-encuesta\/#primaryimage"},"image":{"@id":"https:\/\/redamlo.com\/index.php\/2019\/09\/28\/borrador-automaticoque-opinas-que-morena-cambie-estatutos-para-elegir-a-su-lider-con-encuesta\/#primaryimage"},"thumbnailUrl":"https:\/\/redamlo.com\/wp-content\/uploads\/2019\/09\/yeidckol-polenvksy-cdmxpress-cdmx-luis-antonio-gonzalez-montes.jpg","datePublished":"2019-09-28T17:28:57+00:00","breadcrumb":{"@id":"https:\/\/redamlo.com\/index.php\/2019\/09\/28\/borrador-automaticoque-opinas-que-morena-cambie-estatutos-para-elegir-a-su-lider-con-encuesta\/#breadcrumb"},"inLanguage":"es","potentialAction":[{"@type":"ReadAction","target":["https:\/\/redamlo.com\/index.php\/2019\/09\/28\/borrador-automaticoque-opinas-que-morena-cambie-estatutos-para-elegir-a-su-lider-con-encuesta\/"]}]},{"@type":"ImageObject","inLanguage":"es","@id":"https:\/\/redamlo.com\/index.php\/2019\/09\/28\/borrador-automaticoque-opinas-que-morena-cambie-estatutos-para-elegir-a-su-lider-con-encuesta\/#primaryimage","url":"https:\/\/redamlo.com\/wp-content\/uploads\/2019\/09\/yeidckol-polenvksy-cdmxpress-cdmx-luis-antonio-gonzalez-montes.jpg","contentUrl":"https:\/\/redamlo.com\/wp-content\/uploads\/2019\/09\/yeidckol-polenvksy-cdmxpress-cdmx-luis-antonio-gonzalez-montes.jpg","width":958,"height":596},{"@type":"BreadcrumbList","@id":"https:\/\/redamlo.com\/index.php\/2019\/09\/28\/borrador-automaticoque-opinas-que-morena-cambie-estatutos-para-elegir-a-su-lider-con-encuesta\/#breadcrumb","itemListElement":[{"@type":"ListItem","position":1,"name":"Inicio","item":"https:\/\/redamlo.com\/"},{"@type":"ListItem","position":2,"name":"Borrador autom\u00e1tico\u00bfQue opinas que Morena cambie estatutos para elegir a su l\u00edder con encuesta?"}]},{"@type":"WebSite","@id":"https:\/\/redamlo.com\/#website","url":"https:\/\/redamlo.com\/","name":"NOTICIAS DE LA 4T","description":"","publisher":{"@id":"https:\/\/redamlo.com\/#organization"},"potentialAction":[{"@type":"SearchAction","target":{"@type":"EntryPoint","urlTemplate":"https:\/\/redamlo.com\/?s={search_term_string}"},"query-input":{"@type":"PropertyValueSpecification","valueRequired":true,"valueName":"search_term_string"}}],"inLanguage":"es"},{"@type":"Organization","@id":"https:\/\/redamlo.com\/#organization","name":"NOTICIAS DE LA 4T","url":"https:\/\/redamlo.com\/","logo":{"@type":"ImageObject","inLanguage":"es","@id":"https:\/\/redamlo.com\/#\/schema\/logo\/image\/","url":"https:\/\/redamlo.com\/wp-content\/uploads\/2024\/08\/cropped-RED-AMLO-logo-50.png","contentUrl":"https:\/\/redamlo.com\/wp-content\/uploads\/2024\/08\/cropped-RED-AMLO-logo-50.png","width":256,"height":256,"caption":"NOTICIAS DE LA 4T"},"image":{"@id":"https:\/\/redamlo.com\/#\/schema\/logo\/image\/"}},{"@type":"Person","@id":"https:\/\/redamlo.com\/#\/schema\/person\/7223a4375eb8f1a782fcae010a7115cf","name":"Blanca","image":{"@type":"ImageObject","inLanguage":"es","@id":"https:\/\/secure.gravatar.com\/avatar\/3f79bc8336367a4e6093eae8757acaaf61d1124834b905616de7829b0273426d?s=96&d=mm&r=g","url":"https:\/\/secure.gravatar.com\/avatar\/3f79bc8336367a4e6093eae8757acaaf61d1124834b905616de7829b0273426d?s=96&d=mm&r=g","contentUrl":"https:\/\/secure.gravatar.com\/avatar\/3f79bc8336367a4e6093eae8757acaaf61d1124834b905616de7829b0273426d?s=96&d=mm&r=g","caption":"Blanca"},"url":"https:\/\/redamlo.com\/index.php\/author\/blanca\/"}]}},"_links":{"self":[{"href":"https:\/\/redamlo.com\/index.php\/wp-json\/wp\/v2\/posts\/473","targetHints":{"allow":["GET"]}}],"collection":[{"href":"https:\/\/redamlo.com\/index.php\/wp-json\/wp\/v2\/posts"}],"about":[{"href":"https:\/\/redamlo.com\/index.php\/wp-json\/wp\/v2\/types\/post"}],"author":[{"embeddable":true,"href":"https:\/\/redamlo.com\/index.php\/wp-json\/wp\/v2\/users\/2"}],"replies":[{"embeddable":true,"href":"https:\/\/redamlo.com\/index.php\/wp-json\/wp\/v2\/comments?post=473"}],"version-history":[{"count":0,"href":"https:\/\/redamlo.com\/index.php\/wp-json\/wp\/v2\/posts\/473\/revisions"}],"wp:featuredmedia":[{"embeddable":true,"href":"https:\/\/redamlo.com\/index.php\/wp-json\/wp\/v2\/media\/475"}],"wp:attachment":[{"href":"https:\/\/redamlo.com\/index.php\/wp-json\/wp\/v2\/media?parent=473"}],"wp:term":[{"taxonomy":"category","embeddable":true,"href":"https:\/\/redamlo.com\/index.php\/wp-json\/wp\/v2\/categories?post=473"},{"taxonomy":"post_tag","embeddable":true,"href":"https:\/\/redamlo.com\/index.php\/wp-json\/wp\/v2\/tags?post=473"}],"curies":[{"name":"wp","href":"https:\/\/api.w.org\/{rel}","templated":true}]}}