{"id":4718,"date":"2021-07-06T19:44:42","date_gmt":"2021-07-06T19:44:42","guid":{"rendered":"https:\/\/redamlo.com\/?p=4718"},"modified":"2021-07-06T19:44:42","modified_gmt":"2021-07-06T19:44:42","slug":"enrique-alfaro-gobernador-de-jalisco-se-reune-con-amlo-en-palacio-nacional","status":"publish","type":"post","link":"https:\/\/redamlo.com\/index.php\/2021\/07\/06\/enrique-alfaro-gobernador-de-jalisco-se-reune-con-amlo-en-palacio-nacional\/","title":{"rendered":"Enrique Alfaro gobernador de Jalisco se re\u00fane con AMLO en Palacio Nacional"},"content":{"rendered":"<p class=\"paragraph\">El gobernador de Jalisco,\u00a0<b>Enrique Alfaro,\u00a0<\/b>junto con funcionarios del gabinete estatal, arribaron a\u00a0<b>Palacio Nacional\u00a0<\/b>para sostener un segundo encuentro con el presidente,\u00a0<b>Andr\u00e9s Manuel L\u00f3pez Obrador.<\/b><\/p>\n<p class=\"paragraph\">Esta ser\u00e1 la segunda reuni\u00f3n que ambos funcionarios sostienen para dar continuidad a la primera, llevada cabo el pasado\u00a0<b>28 de junio<\/b><b>\u00a0<\/b>que se realiz\u00f3 como parte de los encuentros que el presidente mexicano ten\u00eda programado con los mandatarios locales para establecer\u00a0<b>una agenda de di\u00e1logo.<\/b><\/p>\n<p class=\"paragraph\">Sin embargo, a diferencia de aquella ocasi\u00f3n, Alfaro s\u00ed se acerc\u00f3 a la prensa para brindar algunos detalles respecto a lo que se discutir\u00eda en este nuevo encuentro.<\/p>\n<p class=\"paragraph\"><b>\u201cVamos a tocar varios temas de infraestructura para el estado, particularmente, en materia de abasto de agua, de saneamiento y algunos temas de infraestructura para el transporte publico. Seguramente habr\u00e1 la oportunidad de comentar algunos temas de seguridad\u201d<\/b>, expres\u00f3 Alfaro a los medios de comunicaci\u00f3n.<\/p>\n<p class=\"paragraph\">Cabe resaltar que ayer,\u00a0<b>5 de julio,<\/b>\u00a0en una conferencia de prensa sobre la situaci\u00f3n de Jalisco y el COVID-19, el gobernador anunci\u00f3 que participar\u00eda en este encuentro en donde, adem\u00e1s de lo mencionado, tambi\u00e9n presentar\u00eda al Jefe del Ejecutivo\u00a0<b>una estrategia para reforzar la vacunaci\u00f3n\u00a0<\/b>en el estado.<\/p>\n<p class=\"paragraph\">El\u00a0<b>28 de junio,<\/b>\u00a0<b>Enrique Alfaro\u00a0<\/b>sostuvo su primer encuentro con AMLO\u00a0cerca de las 18:00 horas. Sin embargo, a su llegada,\u00a0<b>no realiz\u00f3 pronunciamiento alguno<\/b>; se limit\u00f3 a saludar a la prensa que estaba en su espera.<\/p>\n<p class=\"paragraph\">La reuni\u00f3n hab\u00eda sido anunciada durante la conferencia de prensa matutina de ese mismo d\u00eda, justo cuando L\u00f3pez Obrador se retiraba y s\u00f3lo<b>\u00a0dijo brevemente que se reunir\u00eda este d\u00eda con Javier Corral y con Enrique Alfaro<\/b>.<\/p>\n<p class=\"paragraph\">Al retirarse de Palacio Nacional, el gobernador de Jalisco subi\u00f3 un video a sus redes sociales en donde\u00a0<b>explic\u00f3 c\u00f3mo ocurri\u00f3 la reuni\u00f3n<\/b>, la agenda que trataron y su percepci\u00f3n respecto al presidente L\u00f3pez Obrador y la colaboraci\u00f3n que se establecer\u00e1 entre gobiernos.<\/p>\n<p class=\"paragraph\"><b>Alfaro Ram\u00edrez calific\u00f3 de \u201ccordial\u201d\u00a0<\/b>el encuentro y adelant\u00f3 que derivado de este di\u00e1logo se pudo avanzar en \u201calgunos acuerdos que ser\u00e1n revisados y afinados en una reuni\u00f3n el martes con una parte del gabinete del gobierno de la rep\u00fablica y con una parte del gobierno estatal\u201d.<\/p>\n<p class=\"paragraph\">En cuanto a la otra visita que tuvo horas antes\u00a0<b>L\u00f3pez Obrador, el gobernador Javier Corral\u00a0<\/b>asegur\u00f3 que lim\u00f3 asperezas con el jefe del ejecutivo federal y que pudieron hablar de diversos temas donde\u00a0<b>el combate a la corrupci\u00f3n fue el hilo conductor de su di\u00e1logo<\/b>.<\/p>\n<p class=\"paragraph\">\u201cReconocimos que tenemos m\u00e1s coincidencias que divergencias; la m\u00e1s importante: el combate a la corrupci\u00f3n. Adem\u00e1s acept\u00f3 mi invitaci\u00f3n para visitar Chihuahua y Ciudad Ju\u00e1rez antes de que concluya mi mandato.<b>\u00a0\u00a1Ha sido una gran reuni\u00f3n, cordial y productiva!<\/b>\u201d, escribi\u00f3 en su cuenta de Twitter Corral Jurado.<\/p>\n<p class=\"paragraph\">El encuentro dur\u00f3 cerca de hora y media, donde se tocaron temas del mayor inter\u00e9s tanto para Chihuahua como para el pa\u00eds. En cuanto a la percepci\u00f3n del di\u00e1logo, el panista dijo que encontr\u00f3 a\u00a0<b>\u201cun presidente de la rep\u00fablica receptivo y emp\u00e1tico a nuestros planteamientos y propuestas\u201d<\/b>.<\/p>\n<p class=\"paragraph\">Al igual que con Alfaro Ram\u00edrez, durante la reuni\u00f3n se plantearon temas de financiamiento para el \u00faltimo tramo de su gobierno en Chihuahua\u00a0<b>\u201chemos explorado apoyos econ\u00f3micos para el cierre de la administraci\u00f3n\u201d<\/b>, mismos que se canalizar\u00e1n en los sectores de salud, seguridad y educaci\u00f3n.<\/p>\n<p class=\"paragraph\"><b>\u00a0<\/b><\/p>\n","protected":false},"excerpt":{"rendered":"<p>El gobernador de Jalisco,\u00a0Enrique Alfaro,\u00a0junto con funcionarios del gabinete estatal, arribaron a\u00a0Palacio Nacional\u00a0para sostener un&#8230;<\/p>\n","protected":false},"author":2,"featured_media":4720,"comment_status":"open","ping_status":"closed","sticky":false,"template":"","format":"standard","meta":{"footnotes":""},"categories":[5],"tags":[1114,1115],"class_list":["post-4718","post","type-post","status-publish","format-standard","has-post-thumbnail","hentry","category-politica","tag-amlo-y-enrique-alfaro","tag-enrique-alfaro"],"yoast_head":"<!-- This site is optimized with the Yoast SEO plugin v27.5 - https:\/\/yoast.com\/product\/yoast-seo-wordpress\/ -->\n<title>Enrique Alfaro gobernador de Jalisco se re\u00fane con AMLO en Palacio Nacional - NOTICIAS DE LA 4T<\/title>\n<meta name=\"robots\" content=\"noindex, follow, max-snippet:-1, max-image-preview:large, max-video-preview:-1\" \/>\n<meta property=\"og:locale\" content=\"es_MX\" \/>\n<meta property=\"og:type\" content=\"article\" \/>\n<meta property=\"og:title\" content=\"Enrique Alfaro gobernador de Jalisco se re\u00fane con AMLO en Palacio Nacional - NOTICIAS DE LA 4T\" \/>\n<meta property=\"og:description\" content=\"El gobernador de Jalisco,\u00a0Enrique Alfaro,\u00a0junto con funcionarios del gabinete estatal, arribaron a\u00a0Palacio Nacional\u00a0para sostener un...\" \/>\n<meta property=\"og:url\" content=\"https:\/\/redamlo.com\/index.php\/2021\/07\/06\/enrique-alfaro-gobernador-de-jalisco-se-reune-con-amlo-en-palacio-nacional\/\" \/>\n<meta property=\"og:site_name\" content=\"NOTICIAS DE LA 4T\" \/>\n<meta property=\"article:published_time\" content=\"2021-07-06T19:44:42+00:00\" \/>\n<meta property=\"og:image\" content=\"https:\/\/redamlo.com\/wp-content\/uploads\/2021\/07\/enrique-alfaro-amlo-cuartoscuro.jpg\" \/>\n\t<meta property=\"og:image:width\" content=\"1100\" \/>\n\t<meta property=\"og:image:height\" content=\"580\" \/>\n\t<meta property=\"og:image:type\" content=\"image\/jpeg\" \/>\n<meta name=\"author\" content=\"Blanca\" \/>\n<meta name=\"twitter:card\" content=\"summary_large_image\" \/>\n<meta name=\"twitter:label1\" content=\"Escrito por\" \/>\n\t<meta name=\"twitter:data1\" content=\"Blanca\" \/>\n\t<meta name=\"twitter:label2\" content=\"Tiempo de lectura\" \/>\n\t<meta name=\"twitter:data2\" content=\"3 minutos\" \/>\n<script type=\"application\/ld+json\" class=\"yoast-schema-graph\">{\"@context\":\"https:\\\/\\\/schema.org\",\"@graph\":[{\"@type\":\"Article\",\"@id\":\"https:\\\/\\\/redamlo.com\\\/index.php\\\/2021\\\/07\\\/06\\\/enrique-alfaro-gobernador-de-jalisco-se-reune-con-amlo-en-palacio-nacional\\\/#article\",\"isPartOf\":{\"@id\":\"https:\\\/\\\/redamlo.com\\\/index.php\\\/2021\\\/07\\\/06\\\/enrique-alfaro-gobernador-de-jalisco-se-reune-con-amlo-en-palacio-nacional\\\/\"},\"author\":{\"name\":\"Blanca\",\"@id\":\"https:\\\/\\\/redamlo.com\\\/#\\\/schema\\\/person\\\/7223a4375eb8f1a782fcae010a7115cf\"},\"headline\":\"Enrique Alfaro gobernador de Jalisco se re\u00fane con AMLO en Palacio Nacional\",\"datePublished\":\"2021-07-06T19:44:42+00:00\",\"mainEntityOfPage\":{\"@id\":\"https:\\\/\\\/redamlo.com\\\/index.php\\\/2021\\\/07\\\/06\\\/enrique-alfaro-gobernador-de-jalisco-se-reune-con-amlo-en-palacio-nacional\\\/\"},\"wordCount\":609,\"commentCount\":0,\"publisher\":{\"@id\":\"https:\\\/\\\/redamlo.com\\\/#organization\"},\"image\":{\"@id\":\"https:\\\/\\\/redamlo.com\\\/index.php\\\/2021\\\/07\\\/06\\\/enrique-alfaro-gobernador-de-jalisco-se-reune-con-amlo-en-palacio-nacional\\\/#primaryimage\"},\"thumbnailUrl\":\"https:\\\/\\\/redamlo.com\\\/wp-content\\\/uploads\\\/2021\\\/07\\\/enrique-alfaro-amlo-cuartoscuro.jpg\",\"keywords\":[\"amlo y enrique alfaro\",\"enrique alfaro\"],\"articleSection\":[\"Pol\u00edtica\"],\"inLanguage\":\"es\",\"potentialAction\":[{\"@type\":\"CommentAction\",\"name\":\"Comment\",\"target\":[\"https:\\\/\\\/redamlo.com\\\/index.php\\\/2021\\\/07\\\/06\\\/enrique-alfaro-gobernador-de-jalisco-se-reune-con-amlo-en-palacio-nacional\\\/#respond\"]}]},{\"@type\":\"WebPage\",\"@id\":\"https:\\\/\\\/redamlo.com\\\/index.php\\\/2021\\\/07\\\/06\\\/enrique-alfaro-gobernador-de-jalisco-se-reune-con-amlo-en-palacio-nacional\\\/\",\"url\":\"https:\\\/\\\/redamlo.com\\\/index.php\\\/2021\\\/07\\\/06\\\/enrique-alfaro-gobernador-de-jalisco-se-reune-con-amlo-en-palacio-nacional\\\/\",\"name\":\"Enrique Alfaro gobernador de Jalisco se re\u00fane con AMLO en Palacio Nacional - NOTICIAS DE LA 4T\",\"isPartOf\":{\"@id\":\"https:\\\/\\\/redamlo.com\\\/#website\"},\"primaryImageOfPage\":{\"@id\":\"https:\\\/\\\/redamlo.com\\\/index.php\\\/2021\\\/07\\\/06\\\/enrique-alfaro-gobernador-de-jalisco-se-reune-con-amlo-en-palacio-nacional\\\/#primaryimage\"},\"image\":{\"@id\":\"https:\\\/\\\/redamlo.com\\\/index.php\\\/2021\\\/07\\\/06\\\/enrique-alfaro-gobernador-de-jalisco-se-reune-con-amlo-en-palacio-nacional\\\/#primaryimage\"},\"thumbnailUrl\":\"https:\\\/\\\/redamlo.com\\\/wp-content\\\/uploads\\\/2021\\\/07\\\/enrique-alfaro-amlo-cuartoscuro.jpg\",\"datePublished\":\"2021-07-06T19:44:42+00:00\",\"breadcrumb\":{\"@id\":\"https:\\\/\\\/redamlo.com\\\/index.php\\\/2021\\\/07\\\/06\\\/enrique-alfaro-gobernador-de-jalisco-se-reune-con-amlo-en-palacio-nacional\\\/#breadcrumb\"},\"inLanguage\":\"es\",\"potentialAction\":[{\"@type\":\"ReadAction\",\"target\":[\"https:\\\/\\\/redamlo.com\\\/index.php\\\/2021\\\/07\\\/06\\\/enrique-alfaro-gobernador-de-jalisco-se-reune-con-amlo-en-palacio-nacional\\\/\"]}]},{\"@type\":\"ImageObject\",\"inLanguage\":\"es\",\"@id\":\"https:\\\/\\\/redamlo.com\\\/index.php\\\/2021\\\/07\\\/06\\\/enrique-alfaro-gobernador-de-jalisco-se-reune-con-amlo-en-palacio-nacional\\\/#primaryimage\",\"url\":\"https:\\\/\\\/redamlo.com\\\/wp-content\\\/uploads\\\/2021\\\/07\\\/enrique-alfaro-amlo-cuartoscuro.jpg\",\"contentUrl\":\"https:\\\/\\\/redamlo.com\\\/wp-content\\\/uploads\\\/2021\\\/07\\\/enrique-alfaro-amlo-cuartoscuro.jpg\",\"width\":1100,\"height\":580},{\"@type\":\"BreadcrumbList\",\"@id\":\"https:\\\/\\\/redamlo.com\\\/index.php\\\/2021\\\/07\\\/06\\\/enrique-alfaro-gobernador-de-jalisco-se-reune-con-amlo-en-palacio-nacional\\\/#breadcrumb\",\"itemListElement\":[{\"@type\":\"ListItem\",\"position\":1,\"name\":\"Inicio\",\"item\":\"https:\\\/\\\/redamlo.com\\\/\"},{\"@type\":\"ListItem\",\"position\":2,\"name\":\"Enrique Alfaro gobernador de Jalisco se re\u00fane con AMLO en Palacio Nacional\"}]},{\"@type\":\"WebSite\",\"@id\":\"https:\\\/\\\/redamlo.com\\\/#website\",\"url\":\"https:\\\/\\\/redamlo.com\\\/\",\"name\":\"NOTICIAS DE LA 4T\",\"description\":\"\",\"publisher\":{\"@id\":\"https:\\\/\\\/redamlo.com\\\/#organization\"},\"potentialAction\":[{\"@type\":\"SearchAction\",\"target\":{\"@type\":\"EntryPoint\",\"urlTemplate\":\"https:\\\/\\\/redamlo.com\\\/?s={search_term_string}\"},\"query-input\":{\"@type\":\"PropertyValueSpecification\",\"valueRequired\":true,\"valueName\":\"search_term_string\"}}],\"inLanguage\":\"es\"},{\"@type\":\"Organization\",\"@id\":\"https:\\\/\\\/redamlo.com\\\/#organization\",\"name\":\"NOTICIAS DE LA 4T\",\"url\":\"https:\\\/\\\/redamlo.com\\\/\",\"logo\":{\"@type\":\"ImageObject\",\"inLanguage\":\"es\",\"@id\":\"https:\\\/\\\/redamlo.com\\\/#\\\/schema\\\/logo\\\/image\\\/\",\"url\":\"https:\\\/\\\/redamlo.com\\\/wp-content\\\/uploads\\\/2024\\\/08\\\/cropped-RED-AMLO-logo-50.png\",\"contentUrl\":\"https:\\\/\\\/redamlo.com\\\/wp-content\\\/uploads\\\/2024\\\/08\\\/cropped-RED-AMLO-logo-50.png\",\"width\":256,\"height\":256,\"caption\":\"NOTICIAS DE LA 4T\"},\"image\":{\"@id\":\"https:\\\/\\\/redamlo.com\\\/#\\\/schema\\\/logo\\\/image\\\/\"}},{\"@type\":\"Person\",\"@id\":\"https:\\\/\\\/redamlo.com\\\/#\\\/schema\\\/person\\\/7223a4375eb8f1a782fcae010a7115cf\",\"name\":\"Blanca\",\"image\":{\"@type\":\"ImageObject\",\"inLanguage\":\"es\",\"@id\":\"https:\\\/\\\/secure.gravatar.com\\\/avatar\\\/3f79bc8336367a4e6093eae8757acaaf61d1124834b905616de7829b0273426d?s=96&d=mm&r=g\",\"url\":\"https:\\\/\\\/secure.gravatar.com\\\/avatar\\\/3f79bc8336367a4e6093eae8757acaaf61d1124834b905616de7829b0273426d?s=96&d=mm&r=g\",\"contentUrl\":\"https:\\\/\\\/secure.gravatar.com\\\/avatar\\\/3f79bc8336367a4e6093eae8757acaaf61d1124834b905616de7829b0273426d?s=96&d=mm&r=g\",\"caption\":\"Blanca\"},\"url\":\"https:\\\/\\\/redamlo.com\\\/index.php\\\/author\\\/blanca\\\/\"}]}<\/script>\n<!-- \/ Yoast SEO plugin. -->","yoast_head_json":{"title":"Enrique Alfaro gobernador de Jalisco se re\u00fane con AMLO en Palacio Nacional - NOTICIAS DE LA 4T","robots":{"index":"noindex","follow":"follow","max-snippet":"max-snippet:-1","max-image-preview":"max-image-preview:large","max-video-preview":"max-video-preview:-1"},"og_locale":"es_MX","og_type":"article","og_title":"Enrique Alfaro gobernador de Jalisco se re\u00fane con AMLO en Palacio Nacional - NOTICIAS DE LA 4T","og_description":"El gobernador de Jalisco,\u00a0Enrique Alfaro,\u00a0junto con funcionarios del gabinete estatal, arribaron a\u00a0Palacio Nacional\u00a0para sostener un...","og_url":"https:\/\/redamlo.com\/index.php\/2021\/07\/06\/enrique-alfaro-gobernador-de-jalisco-se-reune-con-amlo-en-palacio-nacional\/","og_site_name":"NOTICIAS DE LA 4T","article_published_time":"2021-07-06T19:44:42+00:00","og_image":[{"width":1100,"height":580,"url":"https:\/\/redamlo.com\/wp-content\/uploads\/2021\/07\/enrique-alfaro-amlo-cuartoscuro.jpg","type":"image\/jpeg"}],"author":"Blanca","twitter_card":"summary_large_image","twitter_misc":{"Escrito por":"Blanca","Tiempo de lectura":"3 minutos"},"schema":{"@context":"https:\/\/schema.org","@graph":[{"@type":"Article","@id":"https:\/\/redamlo.com\/index.php\/2021\/07\/06\/enrique-alfaro-gobernador-de-jalisco-se-reune-con-amlo-en-palacio-nacional\/#article","isPartOf":{"@id":"https:\/\/redamlo.com\/index.php\/2021\/07\/06\/enrique-alfaro-gobernador-de-jalisco-se-reune-con-amlo-en-palacio-nacional\/"},"author":{"name":"Blanca","@id":"https:\/\/redamlo.com\/#\/schema\/person\/7223a4375eb8f1a782fcae010a7115cf"},"headline":"Enrique Alfaro gobernador de Jalisco se re\u00fane con AMLO en Palacio Nacional","datePublished":"2021-07-06T19:44:42+00:00","mainEntityOfPage":{"@id":"https:\/\/redamlo.com\/index.php\/2021\/07\/06\/enrique-alfaro-gobernador-de-jalisco-se-reune-con-amlo-en-palacio-nacional\/"},"wordCount":609,"commentCount":0,"publisher":{"@id":"https:\/\/redamlo.com\/#organization"},"image":{"@id":"https:\/\/redamlo.com\/index.php\/2021\/07\/06\/enrique-alfaro-gobernador-de-jalisco-se-reune-con-amlo-en-palacio-nacional\/#primaryimage"},"thumbnailUrl":"https:\/\/redamlo.com\/wp-content\/uploads\/2021\/07\/enrique-alfaro-amlo-cuartoscuro.jpg","keywords":["amlo y enrique alfaro","enrique alfaro"],"articleSection":["Pol\u00edtica"],"inLanguage":"es","potentialAction":[{"@type":"CommentAction","name":"Comment","target":["https:\/\/redamlo.com\/index.php\/2021\/07\/06\/enrique-alfaro-gobernador-de-jalisco-se-reune-con-amlo-en-palacio-nacional\/#respond"]}]},{"@type":"WebPage","@id":"https:\/\/redamlo.com\/index.php\/2021\/07\/06\/enrique-alfaro-gobernador-de-jalisco-se-reune-con-amlo-en-palacio-nacional\/","url":"https:\/\/redamlo.com\/index.php\/2021\/07\/06\/enrique-alfaro-gobernador-de-jalisco-se-reune-con-amlo-en-palacio-nacional\/","name":"Enrique Alfaro gobernador de Jalisco se re\u00fane con AMLO en Palacio Nacional - NOTICIAS DE LA 4T","isPartOf":{"@id":"https:\/\/redamlo.com\/#website"},"primaryImageOfPage":{"@id":"https:\/\/redamlo.com\/index.php\/2021\/07\/06\/enrique-alfaro-gobernador-de-jalisco-se-reune-con-amlo-en-palacio-nacional\/#primaryimage"},"image":{"@id":"https:\/\/redamlo.com\/index.php\/2021\/07\/06\/enrique-alfaro-gobernador-de-jalisco-se-reune-con-amlo-en-palacio-nacional\/#primaryimage"},"thumbnailUrl":"https:\/\/redamlo.com\/wp-content\/uploads\/2021\/07\/enrique-alfaro-amlo-cuartoscuro.jpg","datePublished":"2021-07-06T19:44:42+00:00","breadcrumb":{"@id":"https:\/\/redamlo.com\/index.php\/2021\/07\/06\/enrique-alfaro-gobernador-de-jalisco-se-reune-con-amlo-en-palacio-nacional\/#breadcrumb"},"inLanguage":"es","potentialAction":[{"@type":"ReadAction","target":["https:\/\/redamlo.com\/index.php\/2021\/07\/06\/enrique-alfaro-gobernador-de-jalisco-se-reune-con-amlo-en-palacio-nacional\/"]}]},{"@type":"ImageObject","inLanguage":"es","@id":"https:\/\/redamlo.com\/index.php\/2021\/07\/06\/enrique-alfaro-gobernador-de-jalisco-se-reune-con-amlo-en-palacio-nacional\/#primaryimage","url":"https:\/\/redamlo.com\/wp-content\/uploads\/2021\/07\/enrique-alfaro-amlo-cuartoscuro.jpg","contentUrl":"https:\/\/redamlo.com\/wp-content\/uploads\/2021\/07\/enrique-alfaro-amlo-cuartoscuro.jpg","width":1100,"height":580},{"@type":"BreadcrumbList","@id":"https:\/\/redamlo.com\/index.php\/2021\/07\/06\/enrique-alfaro-gobernador-de-jalisco-se-reune-con-amlo-en-palacio-nacional\/#breadcrumb","itemListElement":[{"@type":"ListItem","position":1,"name":"Inicio","item":"https:\/\/redamlo.com\/"},{"@type":"ListItem","position":2,"name":"Enrique Alfaro gobernador de Jalisco se re\u00fane con AMLO en Palacio Nacional"}]},{"@type":"WebSite","@id":"https:\/\/redamlo.com\/#website","url":"https:\/\/redamlo.com\/","name":"NOTICIAS DE LA 4T","description":"","publisher":{"@id":"https:\/\/redamlo.com\/#organization"},"potentialAction":[{"@type":"SearchAction","target":{"@type":"EntryPoint","urlTemplate":"https:\/\/redamlo.com\/?s={search_term_string}"},"query-input":{"@type":"PropertyValueSpecification","valueRequired":true,"valueName":"search_term_string"}}],"inLanguage":"es"},{"@type":"Organization","@id":"https:\/\/redamlo.com\/#organization","name":"NOTICIAS DE LA 4T","url":"https:\/\/redamlo.com\/","logo":{"@type":"ImageObject","inLanguage":"es","@id":"https:\/\/redamlo.com\/#\/schema\/logo\/image\/","url":"https:\/\/redamlo.com\/wp-content\/uploads\/2024\/08\/cropped-RED-AMLO-logo-50.png","contentUrl":"https:\/\/redamlo.com\/wp-content\/uploads\/2024\/08\/cropped-RED-AMLO-logo-50.png","width":256,"height":256,"caption":"NOTICIAS DE LA 4T"},"image":{"@id":"https:\/\/redamlo.com\/#\/schema\/logo\/image\/"}},{"@type":"Person","@id":"https:\/\/redamlo.com\/#\/schema\/person\/7223a4375eb8f1a782fcae010a7115cf","name":"Blanca","image":{"@type":"ImageObject","inLanguage":"es","@id":"https:\/\/secure.gravatar.com\/avatar\/3f79bc8336367a4e6093eae8757acaaf61d1124834b905616de7829b0273426d?s=96&d=mm&r=g","url":"https:\/\/secure.gravatar.com\/avatar\/3f79bc8336367a4e6093eae8757acaaf61d1124834b905616de7829b0273426d?s=96&d=mm&r=g","contentUrl":"https:\/\/secure.gravatar.com\/avatar\/3f79bc8336367a4e6093eae8757acaaf61d1124834b905616de7829b0273426d?s=96&d=mm&r=g","caption":"Blanca"},"url":"https:\/\/redamlo.com\/index.php\/author\/blanca\/"}]}},"_links":{"self":[{"href":"https:\/\/redamlo.com\/index.php\/wp-json\/wp\/v2\/posts\/4718","targetHints":{"allow":["GET"]}}],"collection":[{"href":"https:\/\/redamlo.com\/index.php\/wp-json\/wp\/v2\/posts"}],"about":[{"href":"https:\/\/redamlo.com\/index.php\/wp-json\/wp\/v2\/types\/post"}],"author":[{"embeddable":true,"href":"https:\/\/redamlo.com\/index.php\/wp-json\/wp\/v2\/users\/2"}],"replies":[{"embeddable":true,"href":"https:\/\/redamlo.com\/index.php\/wp-json\/wp\/v2\/comments?post=4718"}],"version-history":[{"count":0,"href":"https:\/\/redamlo.com\/index.php\/wp-json\/wp\/v2\/posts\/4718\/revisions"}],"wp:featuredmedia":[{"embeddable":true,"href":"https:\/\/redamlo.com\/index.php\/wp-json\/wp\/v2\/media\/4720"}],"wp:attachment":[{"href":"https:\/\/redamlo.com\/index.php\/wp-json\/wp\/v2\/media?parent=4718"}],"wp:term":[{"taxonomy":"category","embeddable":true,"href":"https:\/\/redamlo.com\/index.php\/wp-json\/wp\/v2\/categories?post=4718"},{"taxonomy":"post_tag","embeddable":true,"href":"https:\/\/redamlo.com\/index.php\/wp-json\/wp\/v2\/tags?post=4718"}],"curies":[{"name":"wp","href":"https:\/\/api.w.org\/{rel}","templated":true}]}}