{"id":4690,"date":"2021-07-02T15:48:37","date_gmt":"2021-07-02T15:48:37","guid":{"rendered":"https:\/\/redamlo.com\/?p=4690"},"modified":"2021-07-02T15:48:37","modified_gmt":"2021-07-02T15:48:37","slug":"laura-beristain-navarrete-recibio-el-respaldo-total-e-incondicional-de-todos-los-dirigentes-alcaldes-gobernadores-e-integrantes-de-morena","status":"publish","type":"post","link":"https:\/\/redamlo.com\/index.php\/2021\/07\/02\/laura-beristain-navarrete-recibio-el-respaldo-total-e-incondicional-de-todos-los-dirigentes-alcaldes-gobernadores-e-integrantes-de-morena\/","title":{"rendered":"Laura Beristain Navarrete,  recibi\u00f3 el respaldo total e incondicional de todos los dirigentes, alcaldes, gobernadores e integrantes de MORENA"},"content":{"rendered":"<p>Morena vivi\u00f3 anoche el festejo por el tercer aniversario del triunfo electoral de 2018 en medio de luces y sombras: con la plena coincidencia de respaldo e impulso al proyecto del presidente Andr\u00e9s Manuel L\u00f3pez Obrador, pero en medio de divergencias con la dirigencia nacional y un descontento que buena parte de los militantes (unos 4 mil) expresaron con silbidos durante el discurso de Mario Delgado, presidente nacional del movimiento.<\/p>\n<p>Estuvieron presentes en el acto gobernadores en funciones y electos, integrantes del gabinete presidencial, diputados federales y senadores, al igual que militantes de distintas partes del pa\u00eds.<\/p>\n<p>Participaron casi todos los gobernadores de las 17 entidades en las que gan\u00f3 el partido guinda. S\u00f3lo falt\u00f3 Jaime Bonilla, de Baja California; Miguel Barbosa, de Puebla, y los futuros gobernadores de Michoac\u00e1n, Guerrero y Zacatecas.<\/p>\n<p>Durante el evento se presentaron y dieron a conocer algunas anomal\u00edas y denuncias en contra de los gobiernos conservadores, que contin\u00faan utilizando las viejas practicas, coartando la libertad de expresi\u00f3n, y utilizan el poder del estado para intimidar e imponer candidatos, pero no solo eso, sino que amenazan y realizan actos de fabricaci\u00f3n de culpables.<\/p>\n<p><strong>Tal es el caso de Laura Beristain Navarrete, quien recibi\u00f3 el respaldo total e incondicional de todos los dirigentes, alcaldes, gobernadores e integrantes del Movimiento de regeneraci\u00f3n nacional (MORENA).<\/strong><\/p>\n<h2 class=\"bajada\">La alcaldesa hizo un llamado a la dirigencia morenista a visibilizar la violencia pol\u00edtica de g\u00e9nero de la que es v\u00edctima.<\/h2>\n<p>Desde esta tribuna, Laura Beristain hizo un llamado a la dirigencia morenista a visibilizar la violencia pol\u00edtica de g\u00e9nero de la que es v\u00edctima y denunci\u00f3 la persecuci\u00f3n pol\u00edtica en contra de los m\u00e1s de 15 militantes de MORENA que hoy injustamente siguen sujetos a proceso penal.<\/p>\n<p>Laura Beristain Navarrete, destac\u00f3 que en el municipio \u201cno s\u00f3lo vivimos un fraude electoral en Solidaridad, sino una agresi\u00f3n embestida directa con total autoritarismo por parte del gobernador del estado, Carlos Joaqu\u00edn Gonz\u00e1lez y del Fiscal General del Estado, \u00d3scar Montes de Oca\u201d.<\/p>\n<p>Como hechos concretos cit\u00f3 el cateo a su domicilio por parte de polic\u00edas estatales, quienes entraron con una orden de allanamiento de morada a casa de su familia, enca\u00f1on\u00e1ndolos con armas cortas y largas, cateando toda la vivienda, retir\u00e1ndose m\u00e1s tarde tras no encontrar ninguna evidencia que justificara este acto brutal de abuso de poder y violaci\u00f3n a los derechos humanos.<\/p>\n<p>Asimismo, la Alcaldesa denunci\u00f3 de detenci\u00f3n ilegal de 15 activistas de Morena que hoy est\u00e1n siendo sometidos a proceso como si fueran delincuentes, cuando su estatus es de presos pol\u00edticos y anunci\u00f3 que por parte del gobernador del estado de Quintana Roo, a trav\u00e9s de una denuncia interpuesta por el ejecutivo estatal en su contra, pretende silenciarla por denunciar estos hechos.<\/p>\n<p>\u201cPor eso, respetuosamente les ruego su solidaridad y ayuda, no s\u00f3lo hacia mi persona por la violencia pol\u00edtica de g\u00e9nero que estoy padeciendo por parte del gobernador de Quintana Roo, Carlos Joaqu\u00edn Gonz\u00e1lez y el Fiscal General del Estado, \u00d3scar Montes de Oca, sino tambi\u00e9n les pido ayuda; un SOS al presidente de M\u00e9xico, Andr\u00e9s Manuel L\u00f3pez Obrador; un SOS al secretario general de Morena, Mario Delgado y a la secretaria general de este partido, Citlalli Hern\u00e1ndez Mora.<\/p>\n<p>Al reconocerse a s\u00ed misma como mujer con preferencias sexuales diferentes; como Alcaldesa de Solidaridad y v\u00edctima de violencia pol\u00edtica de g\u00e9nero y homofobia, afirm\u00f3 que bajo ninguna circunstancia dejar\u00e1 de luchar por la v\u00eda legal y pac\u00edfica para defender sus derechos y los derechos de los habitantes de Solidaridad, a quienes les fue robado su voto; a pesar de recibir constantes amenazas por defender este derecho universal y denunciar estos hechos violentos contra su persona, lo que gener\u00f3 total empat\u00eda con la dirigencia de MORENA, quienes le dieron su total respaldo y solidaridad contra actos caciquiles y de abuso de autoridad.<\/p>\n<p>En respuesta, <strong>\u00a0Mario Delgado,<\/strong><strong>\u00a0dirigente nacional de MORENA,<\/strong>y miembros de la directiva, entre ellos Rafael Barajas &#8220;El fisg\u00f3n&#8221;, le reiteraron todo el apoyo de este partido en esta lucha desigual en Solidaridad.<\/p>\n<p><img loading=\"lazy\" decoding=\"async\" class=\"alignnone wp-image-2671 size-full\" src=\"https:\/\/redamlo.com\/wp-content\/uploads\/2021\/07\/Laura-Beristain-Navarrete-recibio-el-respaldo-total-e-incondicional-de-todos-los-dirigentes-alcaldes-gobernadores-e-integrantes-de-MORENA-cdmx-press.jpg\" alt=\"\" width=\"720\" height=\"324\" \/><\/p>\n<p>A tres a\u00f1os de la victoria de Andr\u00e9s Manuel L\u00f3pez Obrador, el dirigente nacional de Morena, Mario Delgado Carrillo asegur\u00f3 que en M\u00e9xico se est\u00e1 viviendo un cambio de r\u00e9gimen pol\u00edtico y la ruptura con un sistema lleno de abusos y corrupci\u00f3n que se resiste a desaparecer.<\/p>\n<p>\u201cA Andr\u00e9s Manuel L\u00f3pez Obrador es un l\u00edder a quien le bast\u00f3 ser honesto para ser revolucionario. El mandato de cambio del pueblo de M\u00e9xico que asumi\u00f3 el Presidente de la Rep\u00fablica lo entendi\u00f3 no solo como un cambio de regimen politico sino tambi\u00e9n de modelo economico; nuestro pais hoy est\u00e1 entre los diez paises con mayor inversion extranjera\u201d, declar\u00f3 Delgado.<\/p>\n<p>En este sentido, se\u00f1al\u00f3 que L\u00f3pez Obrador es ejemplo de que se puede ser un gobernante fiscal y socialmente responsable. Pues mientras el plan econ\u00f3mico neoliberal se basaba en el aumento de impuestos, en gasolinazos y despilfarros; hoy tenemos un gobierno con finanzas sanas que no ha aumentado impuestos y que no se ha endeudado pero sobretodo que ha aumentado el salario m\u00ednimo en 60% durante estos tres primeros a\u00f1os de gobierno.<\/p>\n<p>Adem\u00e1s, resalt\u00f3 que a iniciativa presidencial se ha modificado la Constituci\u00f3n para darle m\u00e1s poder al pueblo, a trav\u00e9s de la Consulta Popular y para que el Presidente de la Rep\u00fablica pueda ser juzgado, adem\u00e1s se le quit\u00f3 la facultad de decidir quien paga y quien no impuestos y con ello, terminar con la complicidad que exist\u00eda entre el poder pol\u00edtico y el poder econ\u00f3mico.<\/p>\n<p>Por otro lado, durante el primer encuentro con alcaldesas y alcaldes electos, Mario Delgado dio a conocer que en 2018 Morena gobernaba 391 Alcald\u00edas y Ayuntamientos, y que este a\u00f1o gobernar\u00e1 692 es decir, 301 m\u00e1s, lo que significa un incremento de 76.9%.<\/p>\n<p>Asimismo, exhort\u00f3 a Alcaldesas y Alcaldes electos de Morena a gobernar apegados a los principios de dicho partido: no mentir, no robar y no traicionar. \u201cEsa es la \u00fanica manera de no equivocarnos, deben gobernar apegados a nuestros principios y seguir impulsando el proyecto transformador del presidente. Deben comprometerse a regenerar la vida publica del pa\u00eds, nunca deben alejarse del pueblo deben conducirse con austeridad, y siempre poner por delante a quien m\u00e1s lo necesita\u201d, finaliz\u00f3.<\/p>\n","protected":false},"excerpt":{"rendered":"<p>Morena vivi\u00f3 anoche el festejo por el tercer aniversario del triunfo electoral de 2018 en&#8230;<\/p>\n","protected":false},"author":2,"featured_media":4692,"comment_status":"open","ping_status":"closed","sticky":false,"template":"","format":"standard","meta":{"footnotes":""},"categories":[25,17],"tags":[959,1080,1081,1082,374,1083],"class_list":["post-4690","post","type-post","status-publish","format-standard","has-post-thumbnail","hentry","category-4t","category-cdmx","tag-alcaldes","tag-dirigentes","tag-gobernadores","tag-integrantes-de-morena","tag-laura-beristain-navarrete","tag-recibio-el-respaldo-total-e-incondicional"],"yoast_head":"<!-- This site is optimized with the Yoast SEO plugin v27.5 - https:\/\/yoast.com\/product\/yoast-seo-wordpress\/ -->\n<title>Laura Beristain Navarrete, recibi\u00f3 el respaldo total e incondicional de todos los dirigentes, alcaldes, gobernadores e integrantes de MORENA - NOTICIAS DE LA 4T<\/title>\n<meta name=\"robots\" content=\"noindex, follow, max-snippet:-1, max-image-preview:large, max-video-preview:-1\" \/>\n<meta property=\"og:locale\" content=\"es_MX\" \/>\n<meta property=\"og:type\" content=\"article\" \/>\n<meta property=\"og:title\" content=\"Laura Beristain Navarrete, recibi\u00f3 el respaldo total e incondicional de todos los dirigentes, alcaldes, gobernadores e integrantes de MORENA - NOTICIAS DE LA 4T\" \/>\n<meta property=\"og:description\" content=\"Morena vivi\u00f3 anoche el festejo por el tercer aniversario del triunfo electoral de 2018 en...\" \/>\n<meta property=\"og:url\" content=\"https:\/\/redamlo.com\/index.php\/2021\/07\/02\/laura-beristain-navarrete-recibio-el-respaldo-total-e-incondicional-de-todos-los-dirigentes-alcaldes-gobernadores-e-integrantes-de-morena\/\" \/>\n<meta property=\"og:site_name\" content=\"NOTICIAS DE LA 4T\" \/>\n<meta property=\"article:published_time\" content=\"2021-07-02T15:48:37+00:00\" \/>\n<meta property=\"og:image\" content=\"https:\/\/redamlo.com\/wp-content\/uploads\/2021\/07\/Laura-Beristain-Navarrete-recibio-el-respaldo-total-e-incondicional-de-todos-los-dirigentes-alcaldes-gobernadores-e-integrantes-de-MORENA.jpg\" \/>\n\t<meta property=\"og:image:width\" content=\"1170\" \/>\n\t<meta property=\"og:image:height\" content=\"700\" \/>\n\t<meta property=\"og:image:type\" content=\"image\/jpeg\" \/>\n<meta name=\"author\" content=\"Blanca\" \/>\n<meta name=\"twitter:card\" content=\"summary_large_image\" \/>\n<meta name=\"twitter:label1\" content=\"Escrito por\" \/>\n\t<meta name=\"twitter:data1\" content=\"Blanca\" \/>\n\t<meta name=\"twitter:label2\" content=\"Tiempo de lectura\" \/>\n\t<meta name=\"twitter:data2\" content=\"5 minutos\" \/>\n<script type=\"application\/ld+json\" class=\"yoast-schema-graph\">{\"@context\":\"https:\\\/\\\/schema.org\",\"@graph\":[{\"@type\":\"Article\",\"@id\":\"https:\\\/\\\/redamlo.com\\\/index.php\\\/2021\\\/07\\\/02\\\/laura-beristain-navarrete-recibio-el-respaldo-total-e-incondicional-de-todos-los-dirigentes-alcaldes-gobernadores-e-integrantes-de-morena\\\/#article\",\"isPartOf\":{\"@id\":\"https:\\\/\\\/redamlo.com\\\/index.php\\\/2021\\\/07\\\/02\\\/laura-beristain-navarrete-recibio-el-respaldo-total-e-incondicional-de-todos-los-dirigentes-alcaldes-gobernadores-e-integrantes-de-morena\\\/\"},\"author\":{\"name\":\"Blanca\",\"@id\":\"https:\\\/\\\/redamlo.com\\\/#\\\/schema\\\/person\\\/7223a4375eb8f1a782fcae010a7115cf\"},\"headline\":\"Laura Beristain Navarrete, recibi\u00f3 el respaldo total e incondicional de todos los dirigentes, alcaldes, gobernadores e integrantes de MORENA\",\"datePublished\":\"2021-07-02T15:48:37+00:00\",\"mainEntityOfPage\":{\"@id\":\"https:\\\/\\\/redamlo.com\\\/index.php\\\/2021\\\/07\\\/02\\\/laura-beristain-navarrete-recibio-el-respaldo-total-e-incondicional-de-todos-los-dirigentes-alcaldes-gobernadores-e-integrantes-de-morena\\\/\"},\"wordCount\":1117,\"commentCount\":0,\"publisher\":{\"@id\":\"https:\\\/\\\/redamlo.com\\\/#organization\"},\"image\":{\"@id\":\"https:\\\/\\\/redamlo.com\\\/index.php\\\/2021\\\/07\\\/02\\\/laura-beristain-navarrete-recibio-el-respaldo-total-e-incondicional-de-todos-los-dirigentes-alcaldes-gobernadores-e-integrantes-de-morena\\\/#primaryimage\"},\"thumbnailUrl\":\"https:\\\/\\\/redamlo.com\\\/wp-content\\\/uploads\\\/2021\\\/07\\\/Laura-Beristain-Navarrete-recibio-el-respaldo-total-e-incondicional-de-todos-los-dirigentes-alcaldes-gobernadores-e-integrantes-de-MORENA.jpg\",\"keywords\":[\"Alcaldes\",\"dirigentes\",\"gobernadores\",\"integrantes de MORENA\",\"Laura Beristain Navarrete\",\"recibi\u00f3 el respaldo total e incondicional\"],\"articleSection\":[\"4T\",\"CDMX\"],\"inLanguage\":\"es\",\"potentialAction\":[{\"@type\":\"CommentAction\",\"name\":\"Comment\",\"target\":[\"https:\\\/\\\/redamlo.com\\\/index.php\\\/2021\\\/07\\\/02\\\/laura-beristain-navarrete-recibio-el-respaldo-total-e-incondicional-de-todos-los-dirigentes-alcaldes-gobernadores-e-integrantes-de-morena\\\/#respond\"]}]},{\"@type\":\"WebPage\",\"@id\":\"https:\\\/\\\/redamlo.com\\\/index.php\\\/2021\\\/07\\\/02\\\/laura-beristain-navarrete-recibio-el-respaldo-total-e-incondicional-de-todos-los-dirigentes-alcaldes-gobernadores-e-integrantes-de-morena\\\/\",\"url\":\"https:\\\/\\\/redamlo.com\\\/index.php\\\/2021\\\/07\\\/02\\\/laura-beristain-navarrete-recibio-el-respaldo-total-e-incondicional-de-todos-los-dirigentes-alcaldes-gobernadores-e-integrantes-de-morena\\\/\",\"name\":\"Laura Beristain Navarrete, recibi\u00f3 el respaldo total e incondicional de todos los dirigentes, alcaldes, gobernadores e integrantes de MORENA - NOTICIAS DE LA 4T\",\"isPartOf\":{\"@id\":\"https:\\\/\\\/redamlo.com\\\/#website\"},\"primaryImageOfPage\":{\"@id\":\"https:\\\/\\\/redamlo.com\\\/index.php\\\/2021\\\/07\\\/02\\\/laura-beristain-navarrete-recibio-el-respaldo-total-e-incondicional-de-todos-los-dirigentes-alcaldes-gobernadores-e-integrantes-de-morena\\\/#primaryimage\"},\"image\":{\"@id\":\"https:\\\/\\\/redamlo.com\\\/index.php\\\/2021\\\/07\\\/02\\\/laura-beristain-navarrete-recibio-el-respaldo-total-e-incondicional-de-todos-los-dirigentes-alcaldes-gobernadores-e-integrantes-de-morena\\\/#primaryimage\"},\"thumbnailUrl\":\"https:\\\/\\\/redamlo.com\\\/wp-content\\\/uploads\\\/2021\\\/07\\\/Laura-Beristain-Navarrete-recibio-el-respaldo-total-e-incondicional-de-todos-los-dirigentes-alcaldes-gobernadores-e-integrantes-de-MORENA.jpg\",\"datePublished\":\"2021-07-02T15:48:37+00:00\",\"breadcrumb\":{\"@id\":\"https:\\\/\\\/redamlo.com\\\/index.php\\\/2021\\\/07\\\/02\\\/laura-beristain-navarrete-recibio-el-respaldo-total-e-incondicional-de-todos-los-dirigentes-alcaldes-gobernadores-e-integrantes-de-morena\\\/#breadcrumb\"},\"inLanguage\":\"es\",\"potentialAction\":[{\"@type\":\"ReadAction\",\"target\":[\"https:\\\/\\\/redamlo.com\\\/index.php\\\/2021\\\/07\\\/02\\\/laura-beristain-navarrete-recibio-el-respaldo-total-e-incondicional-de-todos-los-dirigentes-alcaldes-gobernadores-e-integrantes-de-morena\\\/\"]}]},{\"@type\":\"ImageObject\",\"inLanguage\":\"es\",\"@id\":\"https:\\\/\\\/redamlo.com\\\/index.php\\\/2021\\\/07\\\/02\\\/laura-beristain-navarrete-recibio-el-respaldo-total-e-incondicional-de-todos-los-dirigentes-alcaldes-gobernadores-e-integrantes-de-morena\\\/#primaryimage\",\"url\":\"https:\\\/\\\/redamlo.com\\\/wp-content\\\/uploads\\\/2021\\\/07\\\/Laura-Beristain-Navarrete-recibio-el-respaldo-total-e-incondicional-de-todos-los-dirigentes-alcaldes-gobernadores-e-integrantes-de-MORENA.jpg\",\"contentUrl\":\"https:\\\/\\\/redamlo.com\\\/wp-content\\\/uploads\\\/2021\\\/07\\\/Laura-Beristain-Navarrete-recibio-el-respaldo-total-e-incondicional-de-todos-los-dirigentes-alcaldes-gobernadores-e-integrantes-de-MORENA.jpg\",\"width\":1170,\"height\":700},{\"@type\":\"BreadcrumbList\",\"@id\":\"https:\\\/\\\/redamlo.com\\\/index.php\\\/2021\\\/07\\\/02\\\/laura-beristain-navarrete-recibio-el-respaldo-total-e-incondicional-de-todos-los-dirigentes-alcaldes-gobernadores-e-integrantes-de-morena\\\/#breadcrumb\",\"itemListElement\":[{\"@type\":\"ListItem\",\"position\":1,\"name\":\"Inicio\",\"item\":\"https:\\\/\\\/redamlo.com\\\/\"},{\"@type\":\"ListItem\",\"position\":2,\"name\":\"Laura Beristain Navarrete, recibi\u00f3 el respaldo total e incondicional de todos los dirigentes, alcaldes, gobernadores e integrantes de MORENA\"}]},{\"@type\":\"WebSite\",\"@id\":\"https:\\\/\\\/redamlo.com\\\/#website\",\"url\":\"https:\\\/\\\/redamlo.com\\\/\",\"name\":\"NOTICIAS DE LA 4T\",\"description\":\"\",\"publisher\":{\"@id\":\"https:\\\/\\\/redamlo.com\\\/#organization\"},\"potentialAction\":[{\"@type\":\"SearchAction\",\"target\":{\"@type\":\"EntryPoint\",\"urlTemplate\":\"https:\\\/\\\/redamlo.com\\\/?s={search_term_string}\"},\"query-input\":{\"@type\":\"PropertyValueSpecification\",\"valueRequired\":true,\"valueName\":\"search_term_string\"}}],\"inLanguage\":\"es\"},{\"@type\":\"Organization\",\"@id\":\"https:\\\/\\\/redamlo.com\\\/#organization\",\"name\":\"NOTICIAS DE LA 4T\",\"url\":\"https:\\\/\\\/redamlo.com\\\/\",\"logo\":{\"@type\":\"ImageObject\",\"inLanguage\":\"es\",\"@id\":\"https:\\\/\\\/redamlo.com\\\/#\\\/schema\\\/logo\\\/image\\\/\",\"url\":\"https:\\\/\\\/redamlo.com\\\/wp-content\\\/uploads\\\/2024\\\/08\\\/cropped-RED-AMLO-logo-50.png\",\"contentUrl\":\"https:\\\/\\\/redamlo.com\\\/wp-content\\\/uploads\\\/2024\\\/08\\\/cropped-RED-AMLO-logo-50.png\",\"width\":256,\"height\":256,\"caption\":\"NOTICIAS DE LA 4T\"},\"image\":{\"@id\":\"https:\\\/\\\/redamlo.com\\\/#\\\/schema\\\/logo\\\/image\\\/\"}},{\"@type\":\"Person\",\"@id\":\"https:\\\/\\\/redamlo.com\\\/#\\\/schema\\\/person\\\/7223a4375eb8f1a782fcae010a7115cf\",\"name\":\"Blanca\",\"image\":{\"@type\":\"ImageObject\",\"inLanguage\":\"es\",\"@id\":\"https:\\\/\\\/secure.gravatar.com\\\/avatar\\\/3f79bc8336367a4e6093eae8757acaaf61d1124834b905616de7829b0273426d?s=96&d=mm&r=g\",\"url\":\"https:\\\/\\\/secure.gravatar.com\\\/avatar\\\/3f79bc8336367a4e6093eae8757acaaf61d1124834b905616de7829b0273426d?s=96&d=mm&r=g\",\"contentUrl\":\"https:\\\/\\\/secure.gravatar.com\\\/avatar\\\/3f79bc8336367a4e6093eae8757acaaf61d1124834b905616de7829b0273426d?s=96&d=mm&r=g\",\"caption\":\"Blanca\"},\"url\":\"https:\\\/\\\/redamlo.com\\\/index.php\\\/author\\\/blanca\\\/\"}]}<\/script>\n<!-- \/ Yoast SEO plugin. -->","yoast_head_json":{"title":"Laura Beristain Navarrete, recibi\u00f3 el respaldo total e incondicional de todos los dirigentes, alcaldes, gobernadores e integrantes de MORENA - NOTICIAS DE LA 4T","robots":{"index":"noindex","follow":"follow","max-snippet":"max-snippet:-1","max-image-preview":"max-image-preview:large","max-video-preview":"max-video-preview:-1"},"og_locale":"es_MX","og_type":"article","og_title":"Laura Beristain Navarrete, recibi\u00f3 el respaldo total e incondicional de todos los dirigentes, alcaldes, gobernadores e integrantes de MORENA - NOTICIAS DE LA 4T","og_description":"Morena vivi\u00f3 anoche el festejo por el tercer aniversario del triunfo electoral de 2018 en...","og_url":"https:\/\/redamlo.com\/index.php\/2021\/07\/02\/laura-beristain-navarrete-recibio-el-respaldo-total-e-incondicional-de-todos-los-dirigentes-alcaldes-gobernadores-e-integrantes-de-morena\/","og_site_name":"NOTICIAS DE LA 4T","article_published_time":"2021-07-02T15:48:37+00:00","og_image":[{"width":1170,"height":700,"url":"https:\/\/redamlo.com\/wp-content\/uploads\/2021\/07\/Laura-Beristain-Navarrete-recibio-el-respaldo-total-e-incondicional-de-todos-los-dirigentes-alcaldes-gobernadores-e-integrantes-de-MORENA.jpg","type":"image\/jpeg"}],"author":"Blanca","twitter_card":"summary_large_image","twitter_misc":{"Escrito por":"Blanca","Tiempo de lectura":"5 minutos"},"schema":{"@context":"https:\/\/schema.org","@graph":[{"@type":"Article","@id":"https:\/\/redamlo.com\/index.php\/2021\/07\/02\/laura-beristain-navarrete-recibio-el-respaldo-total-e-incondicional-de-todos-los-dirigentes-alcaldes-gobernadores-e-integrantes-de-morena\/#article","isPartOf":{"@id":"https:\/\/redamlo.com\/index.php\/2021\/07\/02\/laura-beristain-navarrete-recibio-el-respaldo-total-e-incondicional-de-todos-los-dirigentes-alcaldes-gobernadores-e-integrantes-de-morena\/"},"author":{"name":"Blanca","@id":"https:\/\/redamlo.com\/#\/schema\/person\/7223a4375eb8f1a782fcae010a7115cf"},"headline":"Laura Beristain Navarrete, recibi\u00f3 el respaldo total e incondicional de todos los dirigentes, alcaldes, gobernadores e integrantes de MORENA","datePublished":"2021-07-02T15:48:37+00:00","mainEntityOfPage":{"@id":"https:\/\/redamlo.com\/index.php\/2021\/07\/02\/laura-beristain-navarrete-recibio-el-respaldo-total-e-incondicional-de-todos-los-dirigentes-alcaldes-gobernadores-e-integrantes-de-morena\/"},"wordCount":1117,"commentCount":0,"publisher":{"@id":"https:\/\/redamlo.com\/#organization"},"image":{"@id":"https:\/\/redamlo.com\/index.php\/2021\/07\/02\/laura-beristain-navarrete-recibio-el-respaldo-total-e-incondicional-de-todos-los-dirigentes-alcaldes-gobernadores-e-integrantes-de-morena\/#primaryimage"},"thumbnailUrl":"https:\/\/redamlo.com\/wp-content\/uploads\/2021\/07\/Laura-Beristain-Navarrete-recibio-el-respaldo-total-e-incondicional-de-todos-los-dirigentes-alcaldes-gobernadores-e-integrantes-de-MORENA.jpg","keywords":["Alcaldes","dirigentes","gobernadores","integrantes de MORENA","Laura Beristain Navarrete","recibi\u00f3 el respaldo total e incondicional"],"articleSection":["4T","CDMX"],"inLanguage":"es","potentialAction":[{"@type":"CommentAction","name":"Comment","target":["https:\/\/redamlo.com\/index.php\/2021\/07\/02\/laura-beristain-navarrete-recibio-el-respaldo-total-e-incondicional-de-todos-los-dirigentes-alcaldes-gobernadores-e-integrantes-de-morena\/#respond"]}]},{"@type":"WebPage","@id":"https:\/\/redamlo.com\/index.php\/2021\/07\/02\/laura-beristain-navarrete-recibio-el-respaldo-total-e-incondicional-de-todos-los-dirigentes-alcaldes-gobernadores-e-integrantes-de-morena\/","url":"https:\/\/redamlo.com\/index.php\/2021\/07\/02\/laura-beristain-navarrete-recibio-el-respaldo-total-e-incondicional-de-todos-los-dirigentes-alcaldes-gobernadores-e-integrantes-de-morena\/","name":"Laura Beristain Navarrete, recibi\u00f3 el respaldo total e incondicional de todos los dirigentes, alcaldes, gobernadores e integrantes de MORENA - NOTICIAS DE LA 4T","isPartOf":{"@id":"https:\/\/redamlo.com\/#website"},"primaryImageOfPage":{"@id":"https:\/\/redamlo.com\/index.php\/2021\/07\/02\/laura-beristain-navarrete-recibio-el-respaldo-total-e-incondicional-de-todos-los-dirigentes-alcaldes-gobernadores-e-integrantes-de-morena\/#primaryimage"},"image":{"@id":"https:\/\/redamlo.com\/index.php\/2021\/07\/02\/laura-beristain-navarrete-recibio-el-respaldo-total-e-incondicional-de-todos-los-dirigentes-alcaldes-gobernadores-e-integrantes-de-morena\/#primaryimage"},"thumbnailUrl":"https:\/\/redamlo.com\/wp-content\/uploads\/2021\/07\/Laura-Beristain-Navarrete-recibio-el-respaldo-total-e-incondicional-de-todos-los-dirigentes-alcaldes-gobernadores-e-integrantes-de-MORENA.jpg","datePublished":"2021-07-02T15:48:37+00:00","breadcrumb":{"@id":"https:\/\/redamlo.com\/index.php\/2021\/07\/02\/laura-beristain-navarrete-recibio-el-respaldo-total-e-incondicional-de-todos-los-dirigentes-alcaldes-gobernadores-e-integrantes-de-morena\/#breadcrumb"},"inLanguage":"es","potentialAction":[{"@type":"ReadAction","target":["https:\/\/redamlo.com\/index.php\/2021\/07\/02\/laura-beristain-navarrete-recibio-el-respaldo-total-e-incondicional-de-todos-los-dirigentes-alcaldes-gobernadores-e-integrantes-de-morena\/"]}]},{"@type":"ImageObject","inLanguage":"es","@id":"https:\/\/redamlo.com\/index.php\/2021\/07\/02\/laura-beristain-navarrete-recibio-el-respaldo-total-e-incondicional-de-todos-los-dirigentes-alcaldes-gobernadores-e-integrantes-de-morena\/#primaryimage","url":"https:\/\/redamlo.com\/wp-content\/uploads\/2021\/07\/Laura-Beristain-Navarrete-recibio-el-respaldo-total-e-incondicional-de-todos-los-dirigentes-alcaldes-gobernadores-e-integrantes-de-MORENA.jpg","contentUrl":"https:\/\/redamlo.com\/wp-content\/uploads\/2021\/07\/Laura-Beristain-Navarrete-recibio-el-respaldo-total-e-incondicional-de-todos-los-dirigentes-alcaldes-gobernadores-e-integrantes-de-MORENA.jpg","width":1170,"height":700},{"@type":"BreadcrumbList","@id":"https:\/\/redamlo.com\/index.php\/2021\/07\/02\/laura-beristain-navarrete-recibio-el-respaldo-total-e-incondicional-de-todos-los-dirigentes-alcaldes-gobernadores-e-integrantes-de-morena\/#breadcrumb","itemListElement":[{"@type":"ListItem","position":1,"name":"Inicio","item":"https:\/\/redamlo.com\/"},{"@type":"ListItem","position":2,"name":"Laura Beristain Navarrete, recibi\u00f3 el respaldo total e incondicional de todos los dirigentes, alcaldes, gobernadores e integrantes de MORENA"}]},{"@type":"WebSite","@id":"https:\/\/redamlo.com\/#website","url":"https:\/\/redamlo.com\/","name":"NOTICIAS DE LA 4T","description":"","publisher":{"@id":"https:\/\/redamlo.com\/#organization"},"potentialAction":[{"@type":"SearchAction","target":{"@type":"EntryPoint","urlTemplate":"https:\/\/redamlo.com\/?s={search_term_string}"},"query-input":{"@type":"PropertyValueSpecification","valueRequired":true,"valueName":"search_term_string"}}],"inLanguage":"es"},{"@type":"Organization","@id":"https:\/\/redamlo.com\/#organization","name":"NOTICIAS DE LA 4T","url":"https:\/\/redamlo.com\/","logo":{"@type":"ImageObject","inLanguage":"es","@id":"https:\/\/redamlo.com\/#\/schema\/logo\/image\/","url":"https:\/\/redamlo.com\/wp-content\/uploads\/2024\/08\/cropped-RED-AMLO-logo-50.png","contentUrl":"https:\/\/redamlo.com\/wp-content\/uploads\/2024\/08\/cropped-RED-AMLO-logo-50.png","width":256,"height":256,"caption":"NOTICIAS DE LA 4T"},"image":{"@id":"https:\/\/redamlo.com\/#\/schema\/logo\/image\/"}},{"@type":"Person","@id":"https:\/\/redamlo.com\/#\/schema\/person\/7223a4375eb8f1a782fcae010a7115cf","name":"Blanca","image":{"@type":"ImageObject","inLanguage":"es","@id":"https:\/\/secure.gravatar.com\/avatar\/3f79bc8336367a4e6093eae8757acaaf61d1124834b905616de7829b0273426d?s=96&d=mm&r=g","url":"https:\/\/secure.gravatar.com\/avatar\/3f79bc8336367a4e6093eae8757acaaf61d1124834b905616de7829b0273426d?s=96&d=mm&r=g","contentUrl":"https:\/\/secure.gravatar.com\/avatar\/3f79bc8336367a4e6093eae8757acaaf61d1124834b905616de7829b0273426d?s=96&d=mm&r=g","caption":"Blanca"},"url":"https:\/\/redamlo.com\/index.php\/author\/blanca\/"}]}},"_links":{"self":[{"href":"https:\/\/redamlo.com\/index.php\/wp-json\/wp\/v2\/posts\/4690","targetHints":{"allow":["GET"]}}],"collection":[{"href":"https:\/\/redamlo.com\/index.php\/wp-json\/wp\/v2\/posts"}],"about":[{"href":"https:\/\/redamlo.com\/index.php\/wp-json\/wp\/v2\/types\/post"}],"author":[{"embeddable":true,"href":"https:\/\/redamlo.com\/index.php\/wp-json\/wp\/v2\/users\/2"}],"replies":[{"embeddable":true,"href":"https:\/\/redamlo.com\/index.php\/wp-json\/wp\/v2\/comments?post=4690"}],"version-history":[{"count":0,"href":"https:\/\/redamlo.com\/index.php\/wp-json\/wp\/v2\/posts\/4690\/revisions"}],"wp:featuredmedia":[{"embeddable":true,"href":"https:\/\/redamlo.com\/index.php\/wp-json\/wp\/v2\/media\/4692"}],"wp:attachment":[{"href":"https:\/\/redamlo.com\/index.php\/wp-json\/wp\/v2\/media?parent=4690"}],"wp:term":[{"taxonomy":"category","embeddable":true,"href":"https:\/\/redamlo.com\/index.php\/wp-json\/wp\/v2\/categories?post=4690"},{"taxonomy":"post_tag","embeddable":true,"href":"https:\/\/redamlo.com\/index.php\/wp-json\/wp\/v2\/tags?post=4690"}],"curies":[{"name":"wp","href":"https:\/\/api.w.org\/{rel}","templated":true}]}}