{"id":469,"date":"2019-09-27T06:56:27","date_gmt":"2019-09-27T11:56:27","guid":{"rendered":"http:\/\/redamlo.com\/?p=469"},"modified":"2019-09-27T06:56:27","modified_gmt":"2019-09-27T11:56:27","slug":"escuelas-de-la-unam-mantienen-paro-por-quinto-aniversario-de-la-desparicion-de-los-43-de-ayotzinapa","status":"publish","type":"post","link":"https:\/\/redamlo.com\/index.php\/2019\/09\/27\/escuelas-de-la-unam-mantienen-paro-por-quinto-aniversario-de-la-desparicion-de-los-43-de-ayotzinapa\/","title":{"rendered":"Escuelas de la UNAM mantienen paro por quinto aniversario de la desparici\u00f3n de los 43 de Ayotzinapa"},"content":{"rendered":"<p>A cinco a\u00f1os de la desaparici\u00f3n forzada de 43 estudiantes de la Escuela Normal Rural \u201cRa\u00fal Isidro Burgos\u201d de Ayotzinapa, Guerrero, diversos planteles de la Universidad Nacional Aut\u00f3noma de M\u00e9xico (UNAM) mantienen un paro de labores como forma de protesta.<\/p>\n<p>Desde escuelas preparatorias, Colegios de Ciencias y Humanidades, y diversas facultades de la UNAM.<\/p>\n<p>A continuaci\u00f3n te compartimos el listado de los planteles que mantienen su paro:<\/p>\n<p>-La Escuela Nacional Preparatoria 2 &#8220;Erasmo Castellanos Quinto&#8221; acord\u00f3 un paro de 8 d\u00edas.<\/p>\n<p>-La Escuela Nacional Preparatoria 6 &#8220;Antonio Caso&#8221; acord\u00f3 un paro de 8 d\u00edas.<\/p>\n<p>-La Escuela Nacional Preparatoria 8 &#8220;Miguel E. Schulz&#8221; acord\u00f3 un paro de 8 d\u00edas.<\/p>\n<p>-La Escuela Nacional de Trabajo Social acord\u00f3 un paro de labores total de 48 horas.<\/p>\n<p>-El Colegio de Ciencias y Humanidades plantel Azcapotzalco acord\u00f3 un paro de 48 horas.<\/p>\n<p>-El Colegio de Ciencias y Humanidades plantel Vallejo acord\u00f3 un paro de 48 horas.<\/p>\n<p>-El Colegio de Ciencias y Humanidades plantel Naucalpan acord\u00f3 un paro de 48 horas.<\/p>\n<p>&nbsp;<\/p>\n","protected":false},"excerpt":{"rendered":"<p>Preparatorias, CCH&#8217;s y diversas facultades cerraron sus puertas como forma de protesta ante la falta de resultados en el esclarecimiento del paradero de los estudiantes normalistas<\/p>\n","protected":false},"author":2,"featured_media":471,"comment_status":"open","ping_status":"closed","sticky":false,"template":"","format":"standard","meta":{"footnotes":""},"categories":[25],"tags":[252,253,254,255,256,257,258],"class_list":["post-469","post","type-post","status-publish","format-standard","has-post-thumbnail","hentry","category-4t","tag-43-de-ayoztinapa","tag-ayotzinapa","tag-escuela-normal-rural-raul-isidro-burgos","tag-estudiantes","tag-normalistas","tag-paro-en-la-unam","tag-unam"],"yoast_head":"<!-- This site is optimized with the Yoast SEO plugin v27.5 - https:\/\/yoast.com\/product\/yoast-seo-wordpress\/ -->\n<title>Escuelas de la UNAM mantienen paro por quinto aniversario de la desparici\u00f3n de los 43 de Ayotzinapa - NOTICIAS DE LA 4T<\/title>\n<meta name=\"robots\" content=\"noindex, follow, max-snippet:-1, max-image-preview:large, max-video-preview:-1\" \/>\n<meta property=\"og:locale\" content=\"es_MX\" \/>\n<meta property=\"og:type\" content=\"article\" \/>\n<meta property=\"og:title\" content=\"Escuelas de la UNAM mantienen paro por quinto aniversario de la desparici\u00f3n de los 43 de Ayotzinapa - NOTICIAS DE LA 4T\" \/>\n<meta property=\"og:description\" content=\"Preparatorias, CCH&#039;s y diversas facultades cerraron sus puertas como forma de protesta ante la falta de resultados en el esclarecimiento del paradero de los estudiantes normalistas\" \/>\n<meta property=\"og:url\" content=\"https:\/\/redamlo.com\/index.php\/2019\/09\/27\/escuelas-de-la-unam-mantienen-paro-por-quinto-aniversario-de-la-desparicion-de-los-43-de-ayotzinapa\/\" \/>\n<meta property=\"og:site_name\" content=\"NOTICIAS DE LA 4T\" \/>\n<meta property=\"article:published_time\" content=\"2019-09-27T11:56:27+00:00\" \/>\n<meta property=\"og:image\" content=\"https:\/\/redamlo.com\/wp-content\/uploads\/2019\/09\/Marcha-de-Ayotzinapa.jpg\" \/>\n\t<meta property=\"og:image:width\" content=\"1045\" \/>\n\t<meta property=\"og:image:height\" content=\"602\" \/>\n\t<meta property=\"og:image:type\" content=\"image\/jpeg\" \/>\n<meta name=\"author\" content=\"Blanca\" \/>\n<meta name=\"twitter:card\" content=\"summary_large_image\" \/>\n<meta name=\"twitter:label1\" content=\"Escrito por\" \/>\n\t<meta name=\"twitter:data1\" content=\"Blanca\" \/>\n\t<meta name=\"twitter:label2\" content=\"Tiempo de lectura\" \/>\n\t<meta name=\"twitter:data2\" content=\"1 minuto\" \/>\n<script type=\"application\/ld+json\" class=\"yoast-schema-graph\">{\"@context\":\"https:\\\/\\\/schema.org\",\"@graph\":[{\"@type\":\"Article\",\"@id\":\"https:\\\/\\\/redamlo.com\\\/index.php\\\/2019\\\/09\\\/27\\\/escuelas-de-la-unam-mantienen-paro-por-quinto-aniversario-de-la-desparicion-de-los-43-de-ayotzinapa\\\/#article\",\"isPartOf\":{\"@id\":\"https:\\\/\\\/redamlo.com\\\/index.php\\\/2019\\\/09\\\/27\\\/escuelas-de-la-unam-mantienen-paro-por-quinto-aniversario-de-la-desparicion-de-los-43-de-ayotzinapa\\\/\"},\"author\":{\"name\":\"Blanca\",\"@id\":\"https:\\\/\\\/redamlo.com\\\/#\\\/schema\\\/person\\\/7223a4375eb8f1a782fcae010a7115cf\"},\"headline\":\"Escuelas de la UNAM mantienen paro por quinto aniversario de la desparici\u00f3n de los 43 de Ayotzinapa\",\"datePublished\":\"2019-09-27T11:56:27+00:00\",\"mainEntityOfPage\":{\"@id\":\"https:\\\/\\\/redamlo.com\\\/index.php\\\/2019\\\/09\\\/27\\\/escuelas-de-la-unam-mantienen-paro-por-quinto-aniversario-de-la-desparicion-de-los-43-de-ayotzinapa\\\/\"},\"wordCount\":181,\"commentCount\":0,\"publisher\":{\"@id\":\"https:\\\/\\\/redamlo.com\\\/#organization\"},\"image\":{\"@id\":\"https:\\\/\\\/redamlo.com\\\/index.php\\\/2019\\\/09\\\/27\\\/escuelas-de-la-unam-mantienen-paro-por-quinto-aniversario-de-la-desparicion-de-los-43-de-ayotzinapa\\\/#primaryimage\"},\"thumbnailUrl\":\"https:\\\/\\\/redamlo.com\\\/wp-content\\\/uploads\\\/2019\\\/09\\\/Marcha-de-Ayotzinapa.jpg\",\"keywords\":[\"43 de Ayoztinapa\",\"Ayotzinapa\",\"Escuela Normal Rural Ra\u00fal Isidro Burgos\",\"estudiantes\",\"normalistas\",\"paro en la UNAM\",\"UNAM\"],\"articleSection\":[\"4T\"],\"inLanguage\":\"es\",\"potentialAction\":[{\"@type\":\"CommentAction\",\"name\":\"Comment\",\"target\":[\"https:\\\/\\\/redamlo.com\\\/index.php\\\/2019\\\/09\\\/27\\\/escuelas-de-la-unam-mantienen-paro-por-quinto-aniversario-de-la-desparicion-de-los-43-de-ayotzinapa\\\/#respond\"]}]},{\"@type\":\"WebPage\",\"@id\":\"https:\\\/\\\/redamlo.com\\\/index.php\\\/2019\\\/09\\\/27\\\/escuelas-de-la-unam-mantienen-paro-por-quinto-aniversario-de-la-desparicion-de-los-43-de-ayotzinapa\\\/\",\"url\":\"https:\\\/\\\/redamlo.com\\\/index.php\\\/2019\\\/09\\\/27\\\/escuelas-de-la-unam-mantienen-paro-por-quinto-aniversario-de-la-desparicion-de-los-43-de-ayotzinapa\\\/\",\"name\":\"Escuelas de la UNAM mantienen paro por quinto aniversario de la desparici\u00f3n de los 43 de Ayotzinapa - NOTICIAS DE LA 4T\",\"isPartOf\":{\"@id\":\"https:\\\/\\\/redamlo.com\\\/#website\"},\"primaryImageOfPage\":{\"@id\":\"https:\\\/\\\/redamlo.com\\\/index.php\\\/2019\\\/09\\\/27\\\/escuelas-de-la-unam-mantienen-paro-por-quinto-aniversario-de-la-desparicion-de-los-43-de-ayotzinapa\\\/#primaryimage\"},\"image\":{\"@id\":\"https:\\\/\\\/redamlo.com\\\/index.php\\\/2019\\\/09\\\/27\\\/escuelas-de-la-unam-mantienen-paro-por-quinto-aniversario-de-la-desparicion-de-los-43-de-ayotzinapa\\\/#primaryimage\"},\"thumbnailUrl\":\"https:\\\/\\\/redamlo.com\\\/wp-content\\\/uploads\\\/2019\\\/09\\\/Marcha-de-Ayotzinapa.jpg\",\"datePublished\":\"2019-09-27T11:56:27+00:00\",\"breadcrumb\":{\"@id\":\"https:\\\/\\\/redamlo.com\\\/index.php\\\/2019\\\/09\\\/27\\\/escuelas-de-la-unam-mantienen-paro-por-quinto-aniversario-de-la-desparicion-de-los-43-de-ayotzinapa\\\/#breadcrumb\"},\"inLanguage\":\"es\",\"potentialAction\":[{\"@type\":\"ReadAction\",\"target\":[\"https:\\\/\\\/redamlo.com\\\/index.php\\\/2019\\\/09\\\/27\\\/escuelas-de-la-unam-mantienen-paro-por-quinto-aniversario-de-la-desparicion-de-los-43-de-ayotzinapa\\\/\"]}]},{\"@type\":\"ImageObject\",\"inLanguage\":\"es\",\"@id\":\"https:\\\/\\\/redamlo.com\\\/index.php\\\/2019\\\/09\\\/27\\\/escuelas-de-la-unam-mantienen-paro-por-quinto-aniversario-de-la-desparicion-de-los-43-de-ayotzinapa\\\/#primaryimage\",\"url\":\"https:\\\/\\\/redamlo.com\\\/wp-content\\\/uploads\\\/2019\\\/09\\\/Marcha-de-Ayotzinapa.jpg\",\"contentUrl\":\"https:\\\/\\\/redamlo.com\\\/wp-content\\\/uploads\\\/2019\\\/09\\\/Marcha-de-Ayotzinapa.jpg\",\"width\":1045,\"height\":602,\"caption\":\"Foto: Especial\"},{\"@type\":\"BreadcrumbList\",\"@id\":\"https:\\\/\\\/redamlo.com\\\/index.php\\\/2019\\\/09\\\/27\\\/escuelas-de-la-unam-mantienen-paro-por-quinto-aniversario-de-la-desparicion-de-los-43-de-ayotzinapa\\\/#breadcrumb\",\"itemListElement\":[{\"@type\":\"ListItem\",\"position\":1,\"name\":\"Inicio\",\"item\":\"https:\\\/\\\/redamlo.com\\\/\"},{\"@type\":\"ListItem\",\"position\":2,\"name\":\"Escuelas de la UNAM mantienen paro por quinto aniversario de la desparici\u00f3n de los 43 de Ayotzinapa\"}]},{\"@type\":\"WebSite\",\"@id\":\"https:\\\/\\\/redamlo.com\\\/#website\",\"url\":\"https:\\\/\\\/redamlo.com\\\/\",\"name\":\"NOTICIAS DE LA 4T\",\"description\":\"\",\"publisher\":{\"@id\":\"https:\\\/\\\/redamlo.com\\\/#organization\"},\"potentialAction\":[{\"@type\":\"SearchAction\",\"target\":{\"@type\":\"EntryPoint\",\"urlTemplate\":\"https:\\\/\\\/redamlo.com\\\/?s={search_term_string}\"},\"query-input\":{\"@type\":\"PropertyValueSpecification\",\"valueRequired\":true,\"valueName\":\"search_term_string\"}}],\"inLanguage\":\"es\"},{\"@type\":\"Organization\",\"@id\":\"https:\\\/\\\/redamlo.com\\\/#organization\",\"name\":\"NOTICIAS DE LA 4T\",\"url\":\"https:\\\/\\\/redamlo.com\\\/\",\"logo\":{\"@type\":\"ImageObject\",\"inLanguage\":\"es\",\"@id\":\"https:\\\/\\\/redamlo.com\\\/#\\\/schema\\\/logo\\\/image\\\/\",\"url\":\"https:\\\/\\\/redamlo.com\\\/wp-content\\\/uploads\\\/2024\\\/08\\\/cropped-RED-AMLO-logo-50.png\",\"contentUrl\":\"https:\\\/\\\/redamlo.com\\\/wp-content\\\/uploads\\\/2024\\\/08\\\/cropped-RED-AMLO-logo-50.png\",\"width\":256,\"height\":256,\"caption\":\"NOTICIAS DE LA 4T\"},\"image\":{\"@id\":\"https:\\\/\\\/redamlo.com\\\/#\\\/schema\\\/logo\\\/image\\\/\"}},{\"@type\":\"Person\",\"@id\":\"https:\\\/\\\/redamlo.com\\\/#\\\/schema\\\/person\\\/7223a4375eb8f1a782fcae010a7115cf\",\"name\":\"Blanca\",\"image\":{\"@type\":\"ImageObject\",\"inLanguage\":\"es\",\"@id\":\"https:\\\/\\\/secure.gravatar.com\\\/avatar\\\/3f79bc8336367a4e6093eae8757acaaf61d1124834b905616de7829b0273426d?s=96&d=mm&r=g\",\"url\":\"https:\\\/\\\/secure.gravatar.com\\\/avatar\\\/3f79bc8336367a4e6093eae8757acaaf61d1124834b905616de7829b0273426d?s=96&d=mm&r=g\",\"contentUrl\":\"https:\\\/\\\/secure.gravatar.com\\\/avatar\\\/3f79bc8336367a4e6093eae8757acaaf61d1124834b905616de7829b0273426d?s=96&d=mm&r=g\",\"caption\":\"Blanca\"},\"url\":\"https:\\\/\\\/redamlo.com\\\/index.php\\\/author\\\/blanca\\\/\"}]}<\/script>\n<!-- \/ Yoast SEO plugin. -->","yoast_head_json":{"title":"Escuelas de la UNAM mantienen paro por quinto aniversario de la desparici\u00f3n de los 43 de Ayotzinapa - NOTICIAS DE LA 4T","robots":{"index":"noindex","follow":"follow","max-snippet":"max-snippet:-1","max-image-preview":"max-image-preview:large","max-video-preview":"max-video-preview:-1"},"og_locale":"es_MX","og_type":"article","og_title":"Escuelas de la UNAM mantienen paro por quinto aniversario de la desparici\u00f3n de los 43 de Ayotzinapa - NOTICIAS DE LA 4T","og_description":"Preparatorias, CCH's y diversas facultades cerraron sus puertas como forma de protesta ante la falta de resultados en el esclarecimiento del paradero de los estudiantes normalistas","og_url":"https:\/\/redamlo.com\/index.php\/2019\/09\/27\/escuelas-de-la-unam-mantienen-paro-por-quinto-aniversario-de-la-desparicion-de-los-43-de-ayotzinapa\/","og_site_name":"NOTICIAS DE LA 4T","article_published_time":"2019-09-27T11:56:27+00:00","og_image":[{"width":1045,"height":602,"url":"https:\/\/redamlo.com\/wp-content\/uploads\/2019\/09\/Marcha-de-Ayotzinapa.jpg","type":"image\/jpeg"}],"author":"Blanca","twitter_card":"summary_large_image","twitter_misc":{"Escrito por":"Blanca","Tiempo de lectura":"1 minuto"},"schema":{"@context":"https:\/\/schema.org","@graph":[{"@type":"Article","@id":"https:\/\/redamlo.com\/index.php\/2019\/09\/27\/escuelas-de-la-unam-mantienen-paro-por-quinto-aniversario-de-la-desparicion-de-los-43-de-ayotzinapa\/#article","isPartOf":{"@id":"https:\/\/redamlo.com\/index.php\/2019\/09\/27\/escuelas-de-la-unam-mantienen-paro-por-quinto-aniversario-de-la-desparicion-de-los-43-de-ayotzinapa\/"},"author":{"name":"Blanca","@id":"https:\/\/redamlo.com\/#\/schema\/person\/7223a4375eb8f1a782fcae010a7115cf"},"headline":"Escuelas de la UNAM mantienen paro por quinto aniversario de la desparici\u00f3n de los 43 de Ayotzinapa","datePublished":"2019-09-27T11:56:27+00:00","mainEntityOfPage":{"@id":"https:\/\/redamlo.com\/index.php\/2019\/09\/27\/escuelas-de-la-unam-mantienen-paro-por-quinto-aniversario-de-la-desparicion-de-los-43-de-ayotzinapa\/"},"wordCount":181,"commentCount":0,"publisher":{"@id":"https:\/\/redamlo.com\/#organization"},"image":{"@id":"https:\/\/redamlo.com\/index.php\/2019\/09\/27\/escuelas-de-la-unam-mantienen-paro-por-quinto-aniversario-de-la-desparicion-de-los-43-de-ayotzinapa\/#primaryimage"},"thumbnailUrl":"https:\/\/redamlo.com\/wp-content\/uploads\/2019\/09\/Marcha-de-Ayotzinapa.jpg","keywords":["43 de Ayoztinapa","Ayotzinapa","Escuela Normal Rural Ra\u00fal Isidro Burgos","estudiantes","normalistas","paro en la UNAM","UNAM"],"articleSection":["4T"],"inLanguage":"es","potentialAction":[{"@type":"CommentAction","name":"Comment","target":["https:\/\/redamlo.com\/index.php\/2019\/09\/27\/escuelas-de-la-unam-mantienen-paro-por-quinto-aniversario-de-la-desparicion-de-los-43-de-ayotzinapa\/#respond"]}]},{"@type":"WebPage","@id":"https:\/\/redamlo.com\/index.php\/2019\/09\/27\/escuelas-de-la-unam-mantienen-paro-por-quinto-aniversario-de-la-desparicion-de-los-43-de-ayotzinapa\/","url":"https:\/\/redamlo.com\/index.php\/2019\/09\/27\/escuelas-de-la-unam-mantienen-paro-por-quinto-aniversario-de-la-desparicion-de-los-43-de-ayotzinapa\/","name":"Escuelas de la UNAM mantienen paro por quinto aniversario de la desparici\u00f3n de los 43 de Ayotzinapa - NOTICIAS DE LA 4T","isPartOf":{"@id":"https:\/\/redamlo.com\/#website"},"primaryImageOfPage":{"@id":"https:\/\/redamlo.com\/index.php\/2019\/09\/27\/escuelas-de-la-unam-mantienen-paro-por-quinto-aniversario-de-la-desparicion-de-los-43-de-ayotzinapa\/#primaryimage"},"image":{"@id":"https:\/\/redamlo.com\/index.php\/2019\/09\/27\/escuelas-de-la-unam-mantienen-paro-por-quinto-aniversario-de-la-desparicion-de-los-43-de-ayotzinapa\/#primaryimage"},"thumbnailUrl":"https:\/\/redamlo.com\/wp-content\/uploads\/2019\/09\/Marcha-de-Ayotzinapa.jpg","datePublished":"2019-09-27T11:56:27+00:00","breadcrumb":{"@id":"https:\/\/redamlo.com\/index.php\/2019\/09\/27\/escuelas-de-la-unam-mantienen-paro-por-quinto-aniversario-de-la-desparicion-de-los-43-de-ayotzinapa\/#breadcrumb"},"inLanguage":"es","potentialAction":[{"@type":"ReadAction","target":["https:\/\/redamlo.com\/index.php\/2019\/09\/27\/escuelas-de-la-unam-mantienen-paro-por-quinto-aniversario-de-la-desparicion-de-los-43-de-ayotzinapa\/"]}]},{"@type":"ImageObject","inLanguage":"es","@id":"https:\/\/redamlo.com\/index.php\/2019\/09\/27\/escuelas-de-la-unam-mantienen-paro-por-quinto-aniversario-de-la-desparicion-de-los-43-de-ayotzinapa\/#primaryimage","url":"https:\/\/redamlo.com\/wp-content\/uploads\/2019\/09\/Marcha-de-Ayotzinapa.jpg","contentUrl":"https:\/\/redamlo.com\/wp-content\/uploads\/2019\/09\/Marcha-de-Ayotzinapa.jpg","width":1045,"height":602,"caption":"Foto: Especial"},{"@type":"BreadcrumbList","@id":"https:\/\/redamlo.com\/index.php\/2019\/09\/27\/escuelas-de-la-unam-mantienen-paro-por-quinto-aniversario-de-la-desparicion-de-los-43-de-ayotzinapa\/#breadcrumb","itemListElement":[{"@type":"ListItem","position":1,"name":"Inicio","item":"https:\/\/redamlo.com\/"},{"@type":"ListItem","position":2,"name":"Escuelas de la UNAM mantienen paro por quinto aniversario de la desparici\u00f3n de los 43 de Ayotzinapa"}]},{"@type":"WebSite","@id":"https:\/\/redamlo.com\/#website","url":"https:\/\/redamlo.com\/","name":"NOTICIAS DE LA 4T","description":"","publisher":{"@id":"https:\/\/redamlo.com\/#organization"},"potentialAction":[{"@type":"SearchAction","target":{"@type":"EntryPoint","urlTemplate":"https:\/\/redamlo.com\/?s={search_term_string}"},"query-input":{"@type":"PropertyValueSpecification","valueRequired":true,"valueName":"search_term_string"}}],"inLanguage":"es"},{"@type":"Organization","@id":"https:\/\/redamlo.com\/#organization","name":"NOTICIAS DE LA 4T","url":"https:\/\/redamlo.com\/","logo":{"@type":"ImageObject","inLanguage":"es","@id":"https:\/\/redamlo.com\/#\/schema\/logo\/image\/","url":"https:\/\/redamlo.com\/wp-content\/uploads\/2024\/08\/cropped-RED-AMLO-logo-50.png","contentUrl":"https:\/\/redamlo.com\/wp-content\/uploads\/2024\/08\/cropped-RED-AMLO-logo-50.png","width":256,"height":256,"caption":"NOTICIAS DE LA 4T"},"image":{"@id":"https:\/\/redamlo.com\/#\/schema\/logo\/image\/"}},{"@type":"Person","@id":"https:\/\/redamlo.com\/#\/schema\/person\/7223a4375eb8f1a782fcae010a7115cf","name":"Blanca","image":{"@type":"ImageObject","inLanguage":"es","@id":"https:\/\/secure.gravatar.com\/avatar\/3f79bc8336367a4e6093eae8757acaaf61d1124834b905616de7829b0273426d?s=96&d=mm&r=g","url":"https:\/\/secure.gravatar.com\/avatar\/3f79bc8336367a4e6093eae8757acaaf61d1124834b905616de7829b0273426d?s=96&d=mm&r=g","contentUrl":"https:\/\/secure.gravatar.com\/avatar\/3f79bc8336367a4e6093eae8757acaaf61d1124834b905616de7829b0273426d?s=96&d=mm&r=g","caption":"Blanca"},"url":"https:\/\/redamlo.com\/index.php\/author\/blanca\/"}]}},"_links":{"self":[{"href":"https:\/\/redamlo.com\/index.php\/wp-json\/wp\/v2\/posts\/469","targetHints":{"allow":["GET"]}}],"collection":[{"href":"https:\/\/redamlo.com\/index.php\/wp-json\/wp\/v2\/posts"}],"about":[{"href":"https:\/\/redamlo.com\/index.php\/wp-json\/wp\/v2\/types\/post"}],"author":[{"embeddable":true,"href":"https:\/\/redamlo.com\/index.php\/wp-json\/wp\/v2\/users\/2"}],"replies":[{"embeddable":true,"href":"https:\/\/redamlo.com\/index.php\/wp-json\/wp\/v2\/comments?post=469"}],"version-history":[{"count":0,"href":"https:\/\/redamlo.com\/index.php\/wp-json\/wp\/v2\/posts\/469\/revisions"}],"wp:featuredmedia":[{"embeddable":true,"href":"https:\/\/redamlo.com\/index.php\/wp-json\/wp\/v2\/media\/471"}],"wp:attachment":[{"href":"https:\/\/redamlo.com\/index.php\/wp-json\/wp\/v2\/media?parent=469"}],"wp:term":[{"taxonomy":"category","embeddable":true,"href":"https:\/\/redamlo.com\/index.php\/wp-json\/wp\/v2\/categories?post=469"},{"taxonomy":"post_tag","embeddable":true,"href":"https:\/\/redamlo.com\/index.php\/wp-json\/wp\/v2\/tags?post=469"}],"curies":[{"name":"wp","href":"https:\/\/api.w.org\/{rel}","templated":true}]}}