{"id":4686,"date":"2021-07-02T14:10:41","date_gmt":"2021-07-02T14:10:41","guid":{"rendered":"https:\/\/redamlo.com\/?p=4686"},"modified":"2021-07-02T14:10:41","modified_gmt":"2021-07-02T14:10:41","slug":"claudia-sheinbaum-presidenta-de-mexico-2024-2030","status":"publish","type":"post","link":"https:\/\/redamlo.com\/index.php\/2021\/07\/02\/claudia-sheinbaum-presidenta-de-mexico-2024-2030\/","title":{"rendered":"Claudia Sheinbaum Presidenta de M\u00e9xico 2024-2030"},"content":{"rendered":"<p>Ayer\u00a0<strong>Morena<\/strong>\u00a0celebr\u00f3 en el Auditorio Nacional los tres a\u00f1os del triunfo electoral de Andr\u00e9s Manuel L\u00f3pez Obrador (<strong>AMLO<\/strong>), a quien los morenistas consideran el primer presidente honesto y con \u201cprofunda convicci\u00f3n democr\u00e1tica\u201d.<\/p>\n<p><strong>\u201c\u00a1Presidenta, presidenta!\u201d, le gritaron a Sheinbaum<\/strong>, antes y despu\u00e9s de que \u00e9sta ofreci\u00f3 su discurso en el marco de la celebraci\u00f3n por los tres a\u00f1os del triunfo de Morena en las elecciones\u2026 en las cuales, adem\u00e1s de que AMLO se llev\u00f3 la presidencia, ella result\u00f3 electa como jefa de gobierno de la CDMX.<\/p>\n<p>\u201c<em>Hoy celebramos tres a\u00f1os del triunfo del pueblo de M\u00e9xico, por alcanzar la justicia, la democracia y la libertad, encabezada por el presidente de la Rep\u00fablica, Andr\u00e9s Manuel L\u00f3pez Obrador<\/em>\u201d,\u00a0se\u00f1al\u00f3 Sheinbaum al iniciar su discurso, en el que hizo un repaso por los que, para ella, son los puntos destacables del gobierno de la 4T.<\/p>\n<p>&nbsp;<\/p>\n<blockquote class=\"twitter-tweet\">\n<p dir=\"ltr\" lang=\"es\">Mi discurso en la celebraci\u00f3n de 3 a\u00f1os del triunfo del pueblo de M\u00e9xico. <a href=\"https:\/\/t.co\/onGhpd8vR3\">pic.twitter.com\/onGhpd8vR3<\/a><\/p>\n<p>\u2014 Claudia Sheinbaum (@Claudiashein) <a href=\"https:\/\/twitter.com\/Claudiashein\/status\/1410793064516435979?ref_src=twsrc%5Etfw\">July 2, 2021<\/a><\/p><\/blockquote>\n<p><script async src=\"https:\/\/platform.twitter.com\/widgets.js\" charset=\"utf-8\"><\/script><\/p>\n<p>&nbsp;<\/p>\n","protected":false},"excerpt":{"rendered":"<p>Ayer\u00a0Morena\u00a0celebr\u00f3 en el Auditorio Nacional los tres a\u00f1os del triunfo electoral de Andr\u00e9s Manuel L\u00f3pez&#8230;<\/p>\n","protected":false},"author":2,"featured_media":4688,"comment_status":"open","ping_status":"closed","sticky":false,"template":"","format":"standard","meta":{"footnotes":""},"categories":[25,17],"tags":[314,1079],"class_list":["post-4686","post","type-post","status-publish","format-standard","has-post-thumbnail","hentry","category-4t","category-cdmx","tag-claudia-sheinbaum","tag-presidenta"],"yoast_head":"<!-- This site is optimized with the Yoast SEO plugin v27.5 - https:\/\/yoast.com\/product\/yoast-seo-wordpress\/ -->\n<title>Claudia Sheinbaum Presidenta de M\u00e9xico 2024-2030 - NOTICIAS DE LA 4T<\/title>\n<meta name=\"robots\" content=\"noindex, follow, max-snippet:-1, max-image-preview:large, max-video-preview:-1\" \/>\n<meta property=\"og:locale\" content=\"es_MX\" \/>\n<meta property=\"og:type\" content=\"article\" \/>\n<meta property=\"og:title\" content=\"Claudia Sheinbaum Presidenta de M\u00e9xico 2024-2030 - NOTICIAS DE LA 4T\" \/>\n<meta property=\"og:description\" content=\"Ayer\u00a0Morena\u00a0celebr\u00f3 en el Auditorio Nacional los tres a\u00f1os del triunfo electoral de Andr\u00e9s Manuel L\u00f3pez...\" \/>\n<meta property=\"og:url\" content=\"https:\/\/redamlo.com\/index.php\/2021\/07\/02\/claudia-sheinbaum-presidenta-de-mexico-2024-2030\/\" \/>\n<meta property=\"og:site_name\" content=\"NOTICIAS DE LA 4T\" \/>\n<meta property=\"article:published_time\" content=\"2021-07-02T14:10:41+00:00\" \/>\n<meta property=\"og:image\" content=\"https:\/\/redamlo.com\/wp-content\/uploads\/2021\/07\/Claudia-Sheinbaum-Presidenta-de-Mexico-2024-2030.jpeg\" \/>\n\t<meta property=\"og:image:width\" content=\"1120\" \/>\n\t<meta property=\"og:image:height\" content=\"581\" \/>\n\t<meta property=\"og:image:type\" content=\"image\/jpeg\" \/>\n<meta name=\"author\" content=\"Blanca\" \/>\n<meta name=\"twitter:card\" content=\"summary_large_image\" \/>\n<meta name=\"twitter:label1\" content=\"Escrito por\" \/>\n\t<meta name=\"twitter:data1\" content=\"Blanca\" \/>\n\t<meta name=\"twitter:label2\" content=\"Tiempo de lectura\" \/>\n\t<meta name=\"twitter:data2\" content=\"1 minuto\" \/>\n<script type=\"application\/ld+json\" class=\"yoast-schema-graph\">{\"@context\":\"https:\\\/\\\/schema.org\",\"@graph\":[{\"@type\":\"Article\",\"@id\":\"https:\\\/\\\/redamlo.com\\\/index.php\\\/2021\\\/07\\\/02\\\/claudia-sheinbaum-presidenta-de-mexico-2024-2030\\\/#article\",\"isPartOf\":{\"@id\":\"https:\\\/\\\/redamlo.com\\\/index.php\\\/2021\\\/07\\\/02\\\/claudia-sheinbaum-presidenta-de-mexico-2024-2030\\\/\"},\"author\":{\"name\":\"Blanca\",\"@id\":\"https:\\\/\\\/redamlo.com\\\/#\\\/schema\\\/person\\\/7223a4375eb8f1a782fcae010a7115cf\"},\"headline\":\"Claudia Sheinbaum Presidenta de M\u00e9xico 2024-2030\",\"datePublished\":\"2021-07-02T14:10:41+00:00\",\"mainEntityOfPage\":{\"@id\":\"https:\\\/\\\/redamlo.com\\\/index.php\\\/2021\\\/07\\\/02\\\/claudia-sheinbaum-presidenta-de-mexico-2024-2030\\\/\"},\"wordCount\":191,\"commentCount\":0,\"publisher\":{\"@id\":\"https:\\\/\\\/redamlo.com\\\/#organization\"},\"image\":{\"@id\":\"https:\\\/\\\/redamlo.com\\\/index.php\\\/2021\\\/07\\\/02\\\/claudia-sheinbaum-presidenta-de-mexico-2024-2030\\\/#primaryimage\"},\"thumbnailUrl\":\"https:\\\/\\\/redamlo.com\\\/wp-content\\\/uploads\\\/2021\\\/07\\\/Claudia-Sheinbaum-Presidenta-de-Mexico-2024-2030.jpeg\",\"keywords\":[\"Claudia Sheinbaum\",\"Presidenta\"],\"articleSection\":[\"4T\",\"CDMX\"],\"inLanguage\":\"es\",\"potentialAction\":[{\"@type\":\"CommentAction\",\"name\":\"Comment\",\"target\":[\"https:\\\/\\\/redamlo.com\\\/index.php\\\/2021\\\/07\\\/02\\\/claudia-sheinbaum-presidenta-de-mexico-2024-2030\\\/#respond\"]}]},{\"@type\":\"WebPage\",\"@id\":\"https:\\\/\\\/redamlo.com\\\/index.php\\\/2021\\\/07\\\/02\\\/claudia-sheinbaum-presidenta-de-mexico-2024-2030\\\/\",\"url\":\"https:\\\/\\\/redamlo.com\\\/index.php\\\/2021\\\/07\\\/02\\\/claudia-sheinbaum-presidenta-de-mexico-2024-2030\\\/\",\"name\":\"Claudia Sheinbaum Presidenta de M\u00e9xico 2024-2030 - NOTICIAS DE LA 4T\",\"isPartOf\":{\"@id\":\"https:\\\/\\\/redamlo.com\\\/#website\"},\"primaryImageOfPage\":{\"@id\":\"https:\\\/\\\/redamlo.com\\\/index.php\\\/2021\\\/07\\\/02\\\/claudia-sheinbaum-presidenta-de-mexico-2024-2030\\\/#primaryimage\"},\"image\":{\"@id\":\"https:\\\/\\\/redamlo.com\\\/index.php\\\/2021\\\/07\\\/02\\\/claudia-sheinbaum-presidenta-de-mexico-2024-2030\\\/#primaryimage\"},\"thumbnailUrl\":\"https:\\\/\\\/redamlo.com\\\/wp-content\\\/uploads\\\/2021\\\/07\\\/Claudia-Sheinbaum-Presidenta-de-Mexico-2024-2030.jpeg\",\"datePublished\":\"2021-07-02T14:10:41+00:00\",\"breadcrumb\":{\"@id\":\"https:\\\/\\\/redamlo.com\\\/index.php\\\/2021\\\/07\\\/02\\\/claudia-sheinbaum-presidenta-de-mexico-2024-2030\\\/#breadcrumb\"},\"inLanguage\":\"es\",\"potentialAction\":[{\"@type\":\"ReadAction\",\"target\":[\"https:\\\/\\\/redamlo.com\\\/index.php\\\/2021\\\/07\\\/02\\\/claudia-sheinbaum-presidenta-de-mexico-2024-2030\\\/\"]}]},{\"@type\":\"ImageObject\",\"inLanguage\":\"es\",\"@id\":\"https:\\\/\\\/redamlo.com\\\/index.php\\\/2021\\\/07\\\/02\\\/claudia-sheinbaum-presidenta-de-mexico-2024-2030\\\/#primaryimage\",\"url\":\"https:\\\/\\\/redamlo.com\\\/wp-content\\\/uploads\\\/2021\\\/07\\\/Claudia-Sheinbaum-Presidenta-de-Mexico-2024-2030.jpeg\",\"contentUrl\":\"https:\\\/\\\/redamlo.com\\\/wp-content\\\/uploads\\\/2021\\\/07\\\/Claudia-Sheinbaum-Presidenta-de-Mexico-2024-2030.jpeg\",\"width\":1120,\"height\":581},{\"@type\":\"BreadcrumbList\",\"@id\":\"https:\\\/\\\/redamlo.com\\\/index.php\\\/2021\\\/07\\\/02\\\/claudia-sheinbaum-presidenta-de-mexico-2024-2030\\\/#breadcrumb\",\"itemListElement\":[{\"@type\":\"ListItem\",\"position\":1,\"name\":\"Inicio\",\"item\":\"https:\\\/\\\/redamlo.com\\\/\"},{\"@type\":\"ListItem\",\"position\":2,\"name\":\"Claudia Sheinbaum Presidenta de M\u00e9xico 2024-2030\"}]},{\"@type\":\"WebSite\",\"@id\":\"https:\\\/\\\/redamlo.com\\\/#website\",\"url\":\"https:\\\/\\\/redamlo.com\\\/\",\"name\":\"NOTICIAS DE LA 4T\",\"description\":\"\",\"publisher\":{\"@id\":\"https:\\\/\\\/redamlo.com\\\/#organization\"},\"potentialAction\":[{\"@type\":\"SearchAction\",\"target\":{\"@type\":\"EntryPoint\",\"urlTemplate\":\"https:\\\/\\\/redamlo.com\\\/?s={search_term_string}\"},\"query-input\":{\"@type\":\"PropertyValueSpecification\",\"valueRequired\":true,\"valueName\":\"search_term_string\"}}],\"inLanguage\":\"es\"},{\"@type\":\"Organization\",\"@id\":\"https:\\\/\\\/redamlo.com\\\/#organization\",\"name\":\"NOTICIAS DE LA 4T\",\"url\":\"https:\\\/\\\/redamlo.com\\\/\",\"logo\":{\"@type\":\"ImageObject\",\"inLanguage\":\"es\",\"@id\":\"https:\\\/\\\/redamlo.com\\\/#\\\/schema\\\/logo\\\/image\\\/\",\"url\":\"https:\\\/\\\/redamlo.com\\\/wp-content\\\/uploads\\\/2024\\\/08\\\/cropped-RED-AMLO-logo-50.png\",\"contentUrl\":\"https:\\\/\\\/redamlo.com\\\/wp-content\\\/uploads\\\/2024\\\/08\\\/cropped-RED-AMLO-logo-50.png\",\"width\":256,\"height\":256,\"caption\":\"NOTICIAS DE LA 4T\"},\"image\":{\"@id\":\"https:\\\/\\\/redamlo.com\\\/#\\\/schema\\\/logo\\\/image\\\/\"}},{\"@type\":\"Person\",\"@id\":\"https:\\\/\\\/redamlo.com\\\/#\\\/schema\\\/person\\\/7223a4375eb8f1a782fcae010a7115cf\",\"name\":\"Blanca\",\"image\":{\"@type\":\"ImageObject\",\"inLanguage\":\"es\",\"@id\":\"https:\\\/\\\/secure.gravatar.com\\\/avatar\\\/3f79bc8336367a4e6093eae8757acaaf61d1124834b905616de7829b0273426d?s=96&d=mm&r=g\",\"url\":\"https:\\\/\\\/secure.gravatar.com\\\/avatar\\\/3f79bc8336367a4e6093eae8757acaaf61d1124834b905616de7829b0273426d?s=96&d=mm&r=g\",\"contentUrl\":\"https:\\\/\\\/secure.gravatar.com\\\/avatar\\\/3f79bc8336367a4e6093eae8757acaaf61d1124834b905616de7829b0273426d?s=96&d=mm&r=g\",\"caption\":\"Blanca\"},\"url\":\"https:\\\/\\\/redamlo.com\\\/index.php\\\/author\\\/blanca\\\/\"}]}<\/script>\n<!-- \/ Yoast SEO plugin. -->","yoast_head_json":{"title":"Claudia Sheinbaum Presidenta de M\u00e9xico 2024-2030 - NOTICIAS DE LA 4T","robots":{"index":"noindex","follow":"follow","max-snippet":"max-snippet:-1","max-image-preview":"max-image-preview:large","max-video-preview":"max-video-preview:-1"},"og_locale":"es_MX","og_type":"article","og_title":"Claudia Sheinbaum Presidenta de M\u00e9xico 2024-2030 - NOTICIAS DE LA 4T","og_description":"Ayer\u00a0Morena\u00a0celebr\u00f3 en el Auditorio Nacional los tres a\u00f1os del triunfo electoral de Andr\u00e9s Manuel L\u00f3pez...","og_url":"https:\/\/redamlo.com\/index.php\/2021\/07\/02\/claudia-sheinbaum-presidenta-de-mexico-2024-2030\/","og_site_name":"NOTICIAS DE LA 4T","article_published_time":"2021-07-02T14:10:41+00:00","og_image":[{"width":1120,"height":581,"url":"https:\/\/redamlo.com\/wp-content\/uploads\/2021\/07\/Claudia-Sheinbaum-Presidenta-de-Mexico-2024-2030.jpeg","type":"image\/jpeg"}],"author":"Blanca","twitter_card":"summary_large_image","twitter_misc":{"Escrito por":"Blanca","Tiempo de lectura":"1 minuto"},"schema":{"@context":"https:\/\/schema.org","@graph":[{"@type":"Article","@id":"https:\/\/redamlo.com\/index.php\/2021\/07\/02\/claudia-sheinbaum-presidenta-de-mexico-2024-2030\/#article","isPartOf":{"@id":"https:\/\/redamlo.com\/index.php\/2021\/07\/02\/claudia-sheinbaum-presidenta-de-mexico-2024-2030\/"},"author":{"name":"Blanca","@id":"https:\/\/redamlo.com\/#\/schema\/person\/7223a4375eb8f1a782fcae010a7115cf"},"headline":"Claudia Sheinbaum Presidenta de M\u00e9xico 2024-2030","datePublished":"2021-07-02T14:10:41+00:00","mainEntityOfPage":{"@id":"https:\/\/redamlo.com\/index.php\/2021\/07\/02\/claudia-sheinbaum-presidenta-de-mexico-2024-2030\/"},"wordCount":191,"commentCount":0,"publisher":{"@id":"https:\/\/redamlo.com\/#organization"},"image":{"@id":"https:\/\/redamlo.com\/index.php\/2021\/07\/02\/claudia-sheinbaum-presidenta-de-mexico-2024-2030\/#primaryimage"},"thumbnailUrl":"https:\/\/redamlo.com\/wp-content\/uploads\/2021\/07\/Claudia-Sheinbaum-Presidenta-de-Mexico-2024-2030.jpeg","keywords":["Claudia Sheinbaum","Presidenta"],"articleSection":["4T","CDMX"],"inLanguage":"es","potentialAction":[{"@type":"CommentAction","name":"Comment","target":["https:\/\/redamlo.com\/index.php\/2021\/07\/02\/claudia-sheinbaum-presidenta-de-mexico-2024-2030\/#respond"]}]},{"@type":"WebPage","@id":"https:\/\/redamlo.com\/index.php\/2021\/07\/02\/claudia-sheinbaum-presidenta-de-mexico-2024-2030\/","url":"https:\/\/redamlo.com\/index.php\/2021\/07\/02\/claudia-sheinbaum-presidenta-de-mexico-2024-2030\/","name":"Claudia Sheinbaum Presidenta de M\u00e9xico 2024-2030 - NOTICIAS DE LA 4T","isPartOf":{"@id":"https:\/\/redamlo.com\/#website"},"primaryImageOfPage":{"@id":"https:\/\/redamlo.com\/index.php\/2021\/07\/02\/claudia-sheinbaum-presidenta-de-mexico-2024-2030\/#primaryimage"},"image":{"@id":"https:\/\/redamlo.com\/index.php\/2021\/07\/02\/claudia-sheinbaum-presidenta-de-mexico-2024-2030\/#primaryimage"},"thumbnailUrl":"https:\/\/redamlo.com\/wp-content\/uploads\/2021\/07\/Claudia-Sheinbaum-Presidenta-de-Mexico-2024-2030.jpeg","datePublished":"2021-07-02T14:10:41+00:00","breadcrumb":{"@id":"https:\/\/redamlo.com\/index.php\/2021\/07\/02\/claudia-sheinbaum-presidenta-de-mexico-2024-2030\/#breadcrumb"},"inLanguage":"es","potentialAction":[{"@type":"ReadAction","target":["https:\/\/redamlo.com\/index.php\/2021\/07\/02\/claudia-sheinbaum-presidenta-de-mexico-2024-2030\/"]}]},{"@type":"ImageObject","inLanguage":"es","@id":"https:\/\/redamlo.com\/index.php\/2021\/07\/02\/claudia-sheinbaum-presidenta-de-mexico-2024-2030\/#primaryimage","url":"https:\/\/redamlo.com\/wp-content\/uploads\/2021\/07\/Claudia-Sheinbaum-Presidenta-de-Mexico-2024-2030.jpeg","contentUrl":"https:\/\/redamlo.com\/wp-content\/uploads\/2021\/07\/Claudia-Sheinbaum-Presidenta-de-Mexico-2024-2030.jpeg","width":1120,"height":581},{"@type":"BreadcrumbList","@id":"https:\/\/redamlo.com\/index.php\/2021\/07\/02\/claudia-sheinbaum-presidenta-de-mexico-2024-2030\/#breadcrumb","itemListElement":[{"@type":"ListItem","position":1,"name":"Inicio","item":"https:\/\/redamlo.com\/"},{"@type":"ListItem","position":2,"name":"Claudia Sheinbaum Presidenta de M\u00e9xico 2024-2030"}]},{"@type":"WebSite","@id":"https:\/\/redamlo.com\/#website","url":"https:\/\/redamlo.com\/","name":"NOTICIAS DE LA 4T","description":"","publisher":{"@id":"https:\/\/redamlo.com\/#organization"},"potentialAction":[{"@type":"SearchAction","target":{"@type":"EntryPoint","urlTemplate":"https:\/\/redamlo.com\/?s={search_term_string}"},"query-input":{"@type":"PropertyValueSpecification","valueRequired":true,"valueName":"search_term_string"}}],"inLanguage":"es"},{"@type":"Organization","@id":"https:\/\/redamlo.com\/#organization","name":"NOTICIAS DE LA 4T","url":"https:\/\/redamlo.com\/","logo":{"@type":"ImageObject","inLanguage":"es","@id":"https:\/\/redamlo.com\/#\/schema\/logo\/image\/","url":"https:\/\/redamlo.com\/wp-content\/uploads\/2024\/08\/cropped-RED-AMLO-logo-50.png","contentUrl":"https:\/\/redamlo.com\/wp-content\/uploads\/2024\/08\/cropped-RED-AMLO-logo-50.png","width":256,"height":256,"caption":"NOTICIAS DE LA 4T"},"image":{"@id":"https:\/\/redamlo.com\/#\/schema\/logo\/image\/"}},{"@type":"Person","@id":"https:\/\/redamlo.com\/#\/schema\/person\/7223a4375eb8f1a782fcae010a7115cf","name":"Blanca","image":{"@type":"ImageObject","inLanguage":"es","@id":"https:\/\/secure.gravatar.com\/avatar\/3f79bc8336367a4e6093eae8757acaaf61d1124834b905616de7829b0273426d?s=96&d=mm&r=g","url":"https:\/\/secure.gravatar.com\/avatar\/3f79bc8336367a4e6093eae8757acaaf61d1124834b905616de7829b0273426d?s=96&d=mm&r=g","contentUrl":"https:\/\/secure.gravatar.com\/avatar\/3f79bc8336367a4e6093eae8757acaaf61d1124834b905616de7829b0273426d?s=96&d=mm&r=g","caption":"Blanca"},"url":"https:\/\/redamlo.com\/index.php\/author\/blanca\/"}]}},"_links":{"self":[{"href":"https:\/\/redamlo.com\/index.php\/wp-json\/wp\/v2\/posts\/4686","targetHints":{"allow":["GET"]}}],"collection":[{"href":"https:\/\/redamlo.com\/index.php\/wp-json\/wp\/v2\/posts"}],"about":[{"href":"https:\/\/redamlo.com\/index.php\/wp-json\/wp\/v2\/types\/post"}],"author":[{"embeddable":true,"href":"https:\/\/redamlo.com\/index.php\/wp-json\/wp\/v2\/users\/2"}],"replies":[{"embeddable":true,"href":"https:\/\/redamlo.com\/index.php\/wp-json\/wp\/v2\/comments?post=4686"}],"version-history":[{"count":0,"href":"https:\/\/redamlo.com\/index.php\/wp-json\/wp\/v2\/posts\/4686\/revisions"}],"wp:featuredmedia":[{"embeddable":true,"href":"https:\/\/redamlo.com\/index.php\/wp-json\/wp\/v2\/media\/4688"}],"wp:attachment":[{"href":"https:\/\/redamlo.com\/index.php\/wp-json\/wp\/v2\/media?parent=4686"}],"wp:term":[{"taxonomy":"category","embeddable":true,"href":"https:\/\/redamlo.com\/index.php\/wp-json\/wp\/v2\/categories?post=4686"},{"taxonomy":"post_tag","embeddable":true,"href":"https:\/\/redamlo.com\/index.php\/wp-json\/wp\/v2\/tags?post=4686"}],"curies":[{"name":"wp","href":"https:\/\/api.w.org\/{rel}","templated":true}]}}