{"id":4675,"date":"2021-07-01T13:00:24","date_gmt":"2021-07-01T13:00:24","guid":{"rendered":"https:\/\/redamlo.com\/?p=4675"},"modified":"2021-07-01T13:00:24","modified_gmt":"2021-07-01T13:00:24","slug":"discurso-del-presidente-andres-manuel-lopez-obrador-en-su-segundo-informe-trimestral-2021","status":"publish","type":"post","link":"https:\/\/redamlo.com\/index.php\/2021\/07\/01\/discurso-del-presidente-andres-manuel-lopez-obrador-en-su-segundo-informe-trimestral-2021\/","title":{"rendered":"Discurso del presidente Andr\u00e9s Manuel L\u00f3pez Obrador en su Segundo Informe Trimestral 2021"},"content":{"rendered":"<p style=\"text-align: center;\"><span style=\"font-family: Arial, Helvetica, sans-serif; color: #000000;\">PALACIO NACIONAL, 01 de julio de 2021<\/span><\/p>\n<p style=\"text-align: justify;\"><span style=\"font-family: Arial, Helvetica, sans-serif; color: #000000;\">Amigas y amigos,<\/span><\/p>\n<p style=\"text-align: justify;\"><span style=\"font-family: Arial, Helvetica, sans-serif; color: #000000;\">En los tres meses que corresponden a este informe se han presentado signos alentadores de recuperaci\u00f3n de las crisis sanitaria y econ\u00f3mica.<\/span><\/p>\n<p style=\"text-align: justify;\"><span style=\"font-family: Arial, Helvetica, sans-serif; color: #000000;\">De abril a junio se redujo considerablemente el n\u00famero de contagios y, lo m\u00e1s importante, en este periodo se han registrado menos fallecimientos por Covid.<\/span><\/p>\n<p style=\"text-align: justify;\"><span style=\"font-family: Arial, Helvetica, sans-serif; color: #000000;\">Aunque se trata de un comportamiento mundial y ya empieza a hacer efecto la aplicaci\u00f3n de nuevos medicamentos, especialmente la vacuna, no debemos dejar de reconocer el esfuerzo conjunto hecho por el pueblo y el gobierno para ir recuperando poco a poco la normalidad.<\/span><\/p>\n<p style=\"text-align: justify;\"><span style=\"font-family: Arial, Helvetica, sans-serif; color: #000000;\">Que no se olvide la actitud responsable de muchos mexicanos que se han cuidado, ya sea en sus domicilios, o quienes tienen la necesidad imperiosa de salir a buscar el sustento diario en la calle; que no se borre de la memoria la forma en que se cuid\u00f3 en la familia a los adultos mayores y a quienes padecen de enfermedades cr\u00f3nicas.<\/span><\/p>\n<p style=\"text-align: justify;\"><span style=\"font-family: Arial, Helvetica, sans-serif; color: #000000;\">Agradezcamos a los que cerraron un negocio, pero no dejaron de pagar a sus trabajadores; expresemos nuestra gratitud a los m\u00e9dicos, enfermeras y trabajadores de la salud que arriesgaron sus vidas para salvar a otros; todos estos gestos de amor y solidaridad verdadera han ayudado a sobrellevar los sacrificios y el sufrimiento; la fraternidad se ha hecho presente tambi\u00e9n para quienes perdieron a sus seres queridos a causa de la terrible pandemia del Covid.<\/span><\/p>\n<p style=\"text-align: justify;\"><span style=\"font-family: Arial, Helvetica, sans-serif; color: #000000;\">En cuanto a nuestra actuaci\u00f3n, hemos hecho todo lo humanamente posible para enfrentar la pandemia y salvar vidas. Es p\u00fablico y notorio que informamos y respondimos a tiempo, que levantamos con oportunidad el sistema de salud p\u00fablica, que estaba en ruinas. No titubeamos en destinar recursos a la atenci\u00f3n de la pandemia. En 15 meses, el presupuesto de salud se ha incrementado en 70 mil millones de pesos. Se terminaron, reconvirtieron y equiparon hospitales; se contrat\u00f3 y capacit\u00f3 a m\u00e1s de 70 mil trabajadores de la salud; en fin, se logr\u00f3 que ning\u00fan enfermo se quedara sin una cama, equipo de respiraci\u00f3n o personal de salud que lo atendiera; aun cuando en estos sensibles y tristes acontecimientos no es correcto hacer comparaciones, me limito a decir que nuestro pa\u00eds no est\u00e1 colocado, ni en Am\u00e9rica ni en el resto del mundo, en los primeros lugares en mortalidad por Covid.<\/span><\/p>\n<p style=\"text-align: justify;\"><span style=\"font-family: Arial, Helvetica, sans-serif; color: #000000;\">El Programa Nacional de Vacunaci\u00f3n ha funcionado con eficacia. Hasta hoy hemos recibido 57 millones 336 mil 595 dosis de vacunas Pfizer, Sinovac, Sputnik, AstraZeneca, Johnson &amp; Johnson y Cansino; de farmac\u00e9uticas y gobiernos extranjeros que han demostrado, con hechos, su solidaridad con M\u00e9xico. \u00a0Destaco el apoyo de Cuba, Argentina, Estados Unidos, Rusia, China e India. Llevamos el 35 por ciento de toda la poblaci\u00f3n mayor de 18 a\u00f1os vacunada; ya concluimos esta importante labor preventiva en Baja California y reitero el compromiso de vacunar aun con una dosis a todos los mayores de 18 a\u00f1os del pa\u00eds, para el mes de octubre, con el prop\u00f3sito de que lleguemos al invierno m\u00e1s protegidos.<\/span><\/p>\n<p style=\"text-align: justify;\"><span style=\"font-family: Arial, Helvetica, sans-serif; color: #000000;\">El tener en la actualidad 19 estados con sem\u00e1foro verde, 8 en amarillo, 5 naranja, y ninguno en rojo, es tambi\u00e9n un buen indicador para la normalizaci\u00f3n de la actividad productiva, educativa y social del pa\u00eds. En el campo se est\u00e1 produciendo sin limitaciones; el a\u00f1o pasado la producci\u00f3n agropecuaria aument\u00f3 2 por ciento, y lo ha hecho otro tanto en lo que va de este a\u00f1o; el sector industrial est\u00e1 en franca recuperaci\u00f3n y lo mismo el comercio, el turismo, los restaurantes, la aviaci\u00f3n y otros servicios.<\/span><\/p>\n<p style=\"text-align: justify;\"><span style=\"font-family: Arial, Helvetica, sans-serif; color: #000000;\">Casi todos los pron\u00f3sticos para este a\u00f1o coinciden en que la econom\u00eda crecer\u00e1 alrededor del 6 por ciento; no hemos contratado deuda p\u00fablica adicional; como no suced\u00eda en tres d\u00e9cadas, el peso no se ha devaluado durante los primeros dos a\u00f1os y medio de nuestro gobierno, y el salario m\u00ednimo ha aumentado en 44 por ciento en t\u00e9rminos reales, como no se ve\u00eda en 36 a\u00f1os; no hemos aumentado en t\u00e9rminos reales los precios de las gasolinas, el di\u00e9sel, la luz; el gas ha aumentado por encima de la inflaci\u00f3n, vamos a corregir pronto; desde que llegamos al gobierno hasta la fecha, el \u00edndice de la Bolsa de Valores ha crecido en 20 por ciento; la inflaci\u00f3n se mantiene estable; la tasa de inter\u00e9s que fija el Banco de M\u00e9xico se han reducido durante nuestro gobierno en 3.75 por ciento; las reservas del Banco de M\u00e9xico a finales de la administraci\u00f3n pasada, el 30 de noviembre de 2018 eran de 173 mil 775 millones de d\u00f3lares, el d\u00eda de hoy son de 192 mil 886 millones de d\u00f3lares; es decir, han aumentado 11 por ciento; tambi\u00e9n es satisfactorio informar que de los 20 millones 613 mil 536 trabajadores inscritos en el Seguro Social, antes de la pandemia, se perdieron un mill\u00f3n 395 mil 404 empleos, pero ya hemos recuperado 957 mil 248, el 69 por ciento, de modo que solo nos faltan 438 mil 156, el 31 por ciento, para estar como antes de la crisis sanitaria.<\/span><\/p>\n<p><img loading=\"lazy\" decoding=\"async\" class=\"aligncenter size-full wp-image-2640\" src=\"https:\/\/redamlo.com\/wp-content\/uploads\/2021\/07\/Discurso-del-presidente-Andres-Manuel-Lopez-Obrador-en-su-Segundo-Informe-Trimestral-2021-2.jpg\" alt=\"\" width=\"1280\" height=\"719\" \/><\/p>\n<p style=\"text-align: justify;\"><span style=\"font-family: Arial, Helvetica, sans-serif; color: #000000;\">Lo m\u00e1s importante es que la pandemia no desemboc\u00f3 en una crisis de consumo; gracias a las remesas y a los apoyos de los programas de bienestar que llegan y se aplican de abajo hacia arriba, de los m\u00e1s pobres hacia la c\u00fapula de la pir\u00e1mide poblacional, se ha podido evitar la falta de alimentos y otros bienes de primera necesidad. (Hoy, precisamente, anuncia el Banco de M\u00e9xico que las remesas que llegaron al pa\u00eds en mayo, alcanzaron la cifra r\u00e9cord de 4 mil 514 millones de d\u00f3lares. Gracias paisanas y paisanos).<\/span><\/p>\n<p style=\"text-align: justify;\"><span style=\"font-family: Arial, Helvetica, sans-serif; color: #000000;\">No ha habido asaltos a comercios ni actos de vandalismo o desesperaci\u00f3n por hambre o desatenci\u00f3n a las necesidades b\u00e1sicas de la gente.<\/span><\/p>\n<p style=\"text-align: justify;\"><span style=\"font-family: Arial, Helvetica, sans-serif; color: #000000;\">En materia de seguridad p\u00fablica tambi\u00e9n hemos avanzado; aun con la complejidad del problema que heredamos, la incidencia delictiva sigue bajando. En el tiempo que llevamos en el gobierno, los homicidios han disminuido 2 por ciento; el robo de veh\u00edculo en 40 por ciento; el secuestro en 41 por ciento; el robo a casa habitaci\u00f3n en 26 por ciento; aunque todav\u00eda tenemos aumentos del 14 por ciento en feminicidio; en 9 por ciento en robo en transporte p\u00fablico individual; y en 26 por ciento en extorsi\u00f3n.<\/span><\/p>\n<p style=\"text-align: justify;\"><span style=\"font-family: Arial, Helvetica, sans-serif; color: #000000;\">Agradezco como siempre el apoyo del Gabinete de Seguridad que todos los d\u00edas, de lunes a viernes, desde las 6 de la ma\u00f1ana, se re\u00fanen y reciben los reportes diarios de todo el pa\u00eds y toma medidas para conseguir la paz. Aqu\u00ed aprovecho tambi\u00e9n para agradecer el respaldo de todos los miembros del gabinete y de las instituciones que se han comportado a la altura de las circunstancias, es un equipo de mujeres, de hombres, que han demostrado ser aut\u00e9nticos servidores p\u00fablicos, trabajadores, honestos y, algo que es muy importante, con profundas convicciones sociales.<\/span><\/p>\n<p style=\"text-align: justify;\"><span style=\"font-family: Arial, Helvetica, sans-serif; color: #000000;\">Aun con la crisis de la pandemia y de la econom\u00eda pudimos celebrar una de las m\u00e1s numerosas y competidas elecciones de la historia de M\u00e9xico, sin problemas mayores y consolidando el sistema y el m\u00e9todo democr\u00e1tico.<\/span><\/p>\n<p style=\"text-align: justify;\"><span style=\"font-family: Arial, Helvetica, sans-serif; color: #000000;\">Guiados por el ideal maderista y por nuestras convicciones a favor de la causa de la democracia y en contra del fraude electoral, nos comprometimos a que el gobierno federal y el presupuesto no se utilizar\u00edan para beneficiar a ning\u00fan candidato o partido; y cumplimos; es decir, que, como pocas veces, en esta ocasi\u00f3n no se llevaron a cabo elecciones de Estado. No dej\u00f3 de haber la vergonzosa compra de voto con dinero, tarjetas o entrega de despensas, pero no hubo masacres ni se desat\u00f3 la violencia contra ciudadanos inocentes para infundir miedo.<\/span><\/p>\n<p style=\"text-align: justify;\"><span style=\"font-family: Arial, Helvetica, sans-serif; color: #000000;\">En Guerrero, por ejemplo, ning\u00fan candidato sufri\u00f3 agresiones, y casi lo mismo aconteci\u00f3 en la mayor\u00eda de los estados. El d\u00eda 6 de junio se abrieron 162 mil 538 casillas, el 99.98 por ciento de lo programado, y s\u00f3lo 32 casillas no fueron instaladas por el ambiente de violencia en algunos lugares de 7 municipios del pa\u00eds. La participaci\u00f3n ciudadana para una elecci\u00f3n intermedia no estuvo mal, vot\u00f3 el 52 por ciento de los 93 millones de empadronados. Y algo muy importante: a pesar de que como en todas las elecciones se calientan los \u00e1nimos, en esta ocasi\u00f3n, no hubo protestas poselectorales por acusaciones de fraude.<\/span><\/p>\n<p style=\"text-align: justify;\"><span style=\"font-family: Arial, Helvetica, sans-serif; color: #000000;\">No se registr\u00f3 ninguna manifestaci\u00f3n significativa en las calles o plazas de la rep\u00fablica, se han garantizado libertades plenas, sin la represi\u00f3n pol\u00edtica, medi\u00e1tica o policiaca de otros tiempos.<\/span><\/p>\n<p style=\"text-align: justify;\"><span style=\"font-family: Arial, Helvetica, sans-serif; color: #000000;\">En cuanto a los resultados, considero necesario analizar el hecho de que, a causa de la transformaci\u00f3n que estamos aplicando, se termin\u00f3 de integrar un bloque conservador abiertamente opuesto al gobierno que represento y a las pol\u00edticas p\u00fablicas que llevamos a la pr\u00e1ctica. \u00a0En primer t\u00e9rmino, se\u00f1alo que este grupo reaccionario siempre ser\u00e1 respetado y tendr\u00e1 libertad para ejercer su derecho a disentir. Son adversarios, no enemigos. No los tratamos como ellos lo hicieron cuando nosotros est\u00e1bamos en la oposici\u00f3n, no los vemos como enemigos a destruir sino como adversarios a vencer. Sencillamente, defendemos y representamos proyectos de naci\u00f3n distintos y contrapuestos.<\/span><\/p>\n<p style=\"text-align: justify;\"><span style=\"font-family: Arial, Helvetica, sans-serif; color: #000000;\">En ese bloque se unieron de manera leg\u00edtima empresarios, due\u00f1os de medios de informaci\u00f3n, periodistas e intelectuales de derecha, l\u00edderes partidistas, dirigentes de la llamada sociedad civil y pol\u00edticos del antiguo r\u00e9gimen, entre otros, para enfrentar el proyecto de transformaci\u00f3n que estamos aplicando para acabar con la corrupci\u00f3n y la desigualdad.<\/span><\/p>\n<p style=\"text-align: justify;\"><span style=\"font-family: Arial, Helvetica, sans-serif; color: #000000;\">Como era de esperarse, nuestros adversarios enfocaron sus bater\u00edas b\u00e1sicamente a impedir que obtuvi\u00e9ramos la mayor\u00eda en la C\u00e1mara de Diputados, cuya facultad exclusiva es la de aprobar el presupuesto; hicieron todo, recurrieron hasta a la guerra sucia, pero afortunadamente no lograron su prop\u00f3sito. \u00a0La alianza \u201cJuntos Hacemos Historia\u201d, que defiende nuestro proyecto de transformaci\u00f3n, triunf\u00f3 en 186 de los 300 distritos en disputa, en tanto que el bloque conservador obtuvo 107 y el partido Movimiento Ciudadano, siete; si a ello se suma el reparto de plurinominales, la bancada a nuestro favor tendr\u00e1 una c\u00f3moda mayor\u00eda.<\/span><\/p>\n<p style=\"text-align: justify;\"><span style=\"font-family: Arial, Helvetica, sans-serif; color: #000000;\">En otras palabras, ya se cuenta con la seguridad de que ser\u00e1 aprobado el presupuesto destinado al desarrollo del pa\u00eds y al bienestar del pueblo; se les gan\u00f3 en buena lid, porque el pueblo es sabio. No podr\u00e1n detener las ayudas destinadas a los pobres; no podr\u00e1n desaparecer como lo quer\u00edan, la pensi\u00f3n a los adultos mayores, a las ni\u00f1as y ni\u00f1os con discapacidad, las becas para estudiantes de familias pobres, ni la atenci\u00f3n m\u00e9dica y los medicamentos gratuitos.<\/span><\/p>\n<p style=\"text-align: justify;\"><span style=\"font-family: Arial, Helvetica, sans-serif; color: #000000;\">Tampoco podr\u00e1n frenar el programa Sembrando Vida ni el de J\u00f3venes Construyendo del futuro ni el aeropuerto Felipe \u00c1ngeles; ni el Tren Maya ni el Banco del Bienestar ni el Internet para Todos ni el proyecto del Istmo de Tehuantepec ni nada, nada, que vaya destinado a los pobres a los que aborrecen porque, con honrosas excepciones, los conservadores son clasistas, racistas e hip\u00f3critas, como bien dijo en una de las pocas veces que trat\u00f3 el tema, el presidente Ju\u00e1rez. Lo cito textualmente: \u201cLos ricos y los poderosos ni sienten, ni menos procuran remediar las desgracias de los pobres\u2026 podr\u00e1 suceder que alguna vez los poderosos se convengan en levantar la mano sobre un pueblo pobre, oprimido, pero eso lo har\u00e1n por su inter\u00e9s y conveniencia. Eso ser\u00e1 una eventualidad que nunca debe servir de esperanza segura al d\u00e9bil.\u201d<\/span><\/p>\n<p style=\"text-align: justify;\"><span style=\"font-family: Arial, Helvetica, sans-serif; color: #000000;\">Sin embargo, no poseo ni aspiro a tener el monopolio de la verdad absoluta, por eso reitero: nuestros adversarios siempre recibir\u00e1n del gobierno que represento, el respeto y la libertad, al que tienen derecho, para manifestarse sin l\u00edmites, represi\u00f3n o censura.<\/span><\/p>\n<p><img loading=\"lazy\" decoding=\"async\" class=\"aligncenter size-full wp-image-2639\" src=\"https:\/\/redamlo.com\/wp-content\/uploads\/2021\/07\/Discurso-del-presidente-Andres-Manuel-Lopez-Obrador-en-su-Segundo-Informe-Trimestral-2021-3.jpg\" alt=\"\" width=\"1280\" height=\"853\" \/><\/p>\n<p style=\"text-align: justify;\"><span style=\"font-family: Arial, Helvetica, sans-serif; color: #000000;\">Amigas y amigos:<\/span><\/p>\n<p style=\"text-align: justify;\"><span style=\"font-family: Arial, Helvetica, sans-serif; color: #000000;\">Hoy cumplimos tres a\u00f1os del triunfo hist\u00f3rico de nuestro movimiento y a\u00fan recuerdo cuando el primero de diciembre de 2018, en el camino a la C\u00e1mara de Diputados para tomar posesi\u00f3n de la Presidencia de la Rep\u00fablica, se nos acerc\u00f3 al autom\u00f3vil un joven en bicicleta y me grito \u201cno nos vayas a fallar\u201d. Creo, pasado el tiempo, no haber defraudado la esperanza de ese joven ni de quienes votaron por m\u00ed hace tres a\u00f1os.<\/span><\/p>\n<p style=\"text-align: justify;\"><span style=\"font-family: Arial, Helvetica, sans-serif; color: #000000;\">Posiblemente haya quienes imaginaron que ser\u00eda de otra forma o que han llegado a la conclusi\u00f3n, en ejercicio de su libertad y su criterio, que no comparten mis ideas y que no les gusta mi estilo de gobernar; pero nadie, en honor a la verdad, podr\u00e1 decir que no he cumplido con mi compromiso de desterrar la corrupci\u00f3n y destinar mi imaginaci\u00f3n, experiencia y trabajo en beneficio del pueblo y de la naci\u00f3n.<\/span><\/p>\n<p style=\"text-align: justify;\"><span style=\"font-family: Arial, Helvetica, sans-serif; color: #000000;\">Los logros est\u00e1n a la vista, a pesar de la pandemia y del sufrimiento que acarre\u00f3; la gente no ha perdido la fe en un mejor porvenir, existen libertades plenas y poco a poco vamos pacificando al pa\u00eds sin violar derechos humanos y sin reprimir al pueblo.<\/span><\/p>\n<p style=\"text-align: justify;\"><span style=\"font-family: Arial, Helvetica, sans-serif; color: #000000;\">Me alegra que as\u00ed lo entiendan la mayor\u00eda de los mexicanos; hace tres d\u00edas se termin\u00f3 de levantar una encuesta telef\u00f3nica nacional aplicada por nosotros y comparto con ustedes algunas preguntas y respuestas:<\/span><\/p>\n<p style=\"text-align: justify;\"><span style=\"font-family: Arial, Helvetica, sans-serif; color: #000000;\">* Con respecto al a\u00f1o pasado, \u00bfc\u00f3mo es su situaci\u00f3n econ\u00f3mica actual?<\/span><\/p>\n<p style=\"text-align: justify;\"><span style=\"font-family: Arial, Helvetica, sans-serif; color: #000000;\">Mejor 15.3 por ciento<\/span><\/p>\n<p style=\"text-align: justify;\"><span style=\"font-family: Arial, Helvetica, sans-serif; color: #000000;\">Igual 42.9 por ciento<\/span><\/p>\n<p style=\"text-align: justify;\"><span style=\"font-family: Arial, Helvetica, sans-serif; color: #000000;\">Peor 40.0 por ciento<\/span><\/p>\n<p style=\"text-align: justify;\"><span style=\"font-family: Arial, Helvetica, sans-serif; color: #000000;\">No sabe\/no contest\u00f3 1.9 por ciento<\/span><\/p>\n<p style=\"text-align: justify;\"><span style=\"font-family: Arial, Helvetica, sans-serif; color: #000000;\">* \u00bfC\u00f3mo cree que ser\u00e1 su situaci\u00f3n econ\u00f3mica el siguiente a\u00f1o?<\/span><\/p>\n<p style=\"text-align: justify;\"><span style=\"font-family: Arial, Helvetica, sans-serif; color: #000000;\">Mejor 38.4 por ciento<\/span><\/p>\n<p style=\"text-align: justify;\"><span style=\"font-family: Arial, Helvetica, sans-serif; color: #000000;\">Igual 26.8 por ciento<\/span><\/p>\n<p style=\"text-align: justify;\"><span style=\"font-family: Arial, Helvetica, sans-serif; color: #000000;\">Peor 23.2 por ciento<\/span><\/p>\n<p style=\"text-align: justify;\"><span style=\"font-family: Arial, Helvetica, sans-serif; color: #000000;\">No sabe\/no contest\u00f3 11.6 por ciento<\/span><\/p>\n<p style=\"text-align: justify;\"><span style=\"font-family: Arial, Helvetica, sans-serif; color: #000000;\">* \u00bfC\u00f3mo cree que ser\u00e1 la situaci\u00f3n del pa\u00eds al t\u00e9rmino de este sexenio?<\/span><\/p>\n<p style=\"text-align: justify;\"><span style=\"font-family: Arial, Helvetica, sans-serif; color: #000000;\">Mejor 41.4 por ciento<\/span><\/p>\n<p style=\"text-align: justify;\"><span style=\"font-family: Arial, Helvetica, sans-serif; color: #000000;\">Igual 23.9 por ciento<\/span><\/p>\n<p style=\"text-align: justify;\"><span style=\"font-family: Arial, Helvetica, sans-serif; color: #000000;\">Peor 26.9 por ciento<\/span><\/p>\n<p style=\"text-align: justify;\"><span style=\"font-family: Arial, Helvetica, sans-serif; color: #000000;\">No sabe\/no contest\u00f3 7.8 por ciento<\/span><\/p>\n<p style=\"text-align: justify;\"><span style=\"font-family: Arial, Helvetica, sans-serif; color: #000000;\">* En su opini\u00f3n, \u00bfc\u00f3mo es la corrupci\u00f3n en el pa\u00eds en este sexenio comparado con el anterior?<\/span><\/p>\n<p style=\"text-align: justify;\"><span style=\"font-family: Arial, Helvetica, sans-serif; color: #000000;\">Mayor 19.7 por ciento<\/span><\/p>\n<p style=\"text-align: justify;\"><span style=\"font-family: Arial, Helvetica, sans-serif; color: #000000;\">Igual 33.3 por ciento<\/span><\/p>\n<p style=\"text-align: justify;\"><span style=\"font-family: Arial, Helvetica, sans-serif; color: #000000;\">Menor 43.0 por ciento<\/span><\/p>\n<p style=\"text-align: justify;\"><span style=\"font-family: Arial, Helvetica, sans-serif; color: #000000;\">No sabe\/no contest\u00f3 4.0 por ciento<\/span><\/p>\n<p style=\"text-align: justify;\"><span style=\"font-family: Arial, Helvetica, sans-serif; color: #000000;\">* \u00bfPiensa usted que el gobierno actual representa un cambio importante?<\/span><\/p>\n<p style=\"text-align: justify;\"><span style=\"font-family: Arial, Helvetica, sans-serif; color: #000000;\">S\u00ed 64.7 por ciento<\/span><\/p>\n<p style=\"text-align: justify;\"><span style=\"font-family: Arial, Helvetica, sans-serif; color: #000000;\">No 31.1 por ciento<\/span><\/p>\n<p style=\"text-align: justify;\"><span style=\"font-family: Arial, Helvetica, sans-serif; color: #000000;\">No sabe 2.5 por ciento<\/span><\/p>\n<p style=\"text-align: justify;\"><span style=\"font-family: Arial, Helvetica, sans-serif; color: #000000;\">No contest\u00f3 1.6 por ciento<\/span><\/p>\n<p style=\"text-align: justify;\"><span style=\"font-family: Arial, Helvetica, sans-serif; color: #000000;\">* \u00bfEst\u00e1 usted de acuerdo en ese cambio?<\/span><\/p>\n<p style=\"text-align: justify;\"><span style=\"font-family: Arial, Helvetica, sans-serif; color: #000000;\">S\u00ed 87.4 por ciento<\/span><\/p>\n<p style=\"text-align: justify;\"><span style=\"font-family: Arial, Helvetica, sans-serif; color: #000000;\">No 9.6 por ciento<\/span><\/p>\n<p style=\"text-align: justify;\"><span style=\"font-family: Arial, Helvetica, sans-serif; color: #000000;\">No sabe 1.6 por ciento<\/span><\/p>\n<p style=\"text-align: justify;\"><span style=\"font-family: Arial, Helvetica, sans-serif; color: #000000;\">No contest\u00f3 1.4 por ciento<\/span><\/p>\n<p style=\"text-align: justify;\"><span style=\"font-family: Arial, Helvetica, sans-serif; color: #000000;\">* En una escala del 0 al 10, donde 0 significa que lo hace muy mal y 10 muy bien, \u00bfqu\u00e9 calificaci\u00f3n le dar\u00eda al presidente de la rep\u00fablica?<\/span><\/p>\n<p style=\"text-align: justify;\"><span style=\"font-family: Arial, Helvetica, sans-serif; color: #000000;\">6. 7 promedio<\/span><\/p>\n<p style=\"text-align: justify;\"><span style=\"font-family: Arial, Helvetica, sans-serif; color: #000000;\">* La revocaci\u00f3n de mandato propone que, si el pueblo no est\u00e1 satisfecho con la forma de gobierno del presidente en turno, se puede votar para que renuncie antes de terminar su sexenio. \u00bfSi hoy fuera la consulta para valorar el trabajo del presidente, usted votar\u00eda porque renuncie o que termine su sexenio?<\/span><\/p>\n<p style=\"text-align: justify;\"><span style=\"font-family: Arial, Helvetica, sans-serif; color: #000000;\">Porque contin\u00fae 72.4, por ciento<\/span><\/p>\n<p style=\"text-align: justify;\"><span style=\"font-family: Arial, Helvetica, sans-serif; color: #000000;\">Porque renuncie 22.7, por ciento<\/span><\/p>\n<p style=\"text-align: justify;\"><span style=\"font-family: Arial, Helvetica, sans-serif; color: #000000;\">No le importa\/le da igual, 1.1 por ciento<\/span><\/p>\n<p style=\"text-align: justify;\"><span style=\"font-family: Arial, Helvetica, sans-serif; color: #000000;\">No sabe o no contest\u00f3, 3.8 por ciento<\/span><\/p>\n<p style=\"text-align: justify;\"><span style=\"font-family: Arial, Helvetica, sans-serif; color: #000000;\">En fin, estamos bien calificados, pero aspiramos a convencer a m\u00e1s gente que lo mejor para todos es elevar a rango supremo la honestidad y hacer gala, sentirnos orgullosos, de la gran reserva de valores culturales, morales y espirituales que heredamos de nuestros antepasados. \u00a0Esa es la grandeza de M\u00e9xico.<\/span><\/p>\n<p style=\"text-align: justify;\"><span style=\"font-family: Arial, Helvetica, sans-serif; color: #000000;\">La fraternidad, como se afirma en la Gu\u00eda \u00c9tica para la Transformaci\u00f3n de M\u00e9xico, es hacer propios los problemas de los dem\u00e1s. La fraternidad es el compromiso activo y afectivo, pero respetuoso, en la b\u00fasqueda de soluciones a problemas de los dem\u00e1s. Idealmente, debe ser la gu\u00eda de la acci\u00f3n social de estados, gobiernos, instituciones, sociedades e individuos a fin de superar o aliviar el sufrimiento, la carencia y la indefensi\u00f3n de millones de personas.<\/span><\/p>\n<p style=\"text-align: justify;\"><span style=\"font-family: Arial, Helvetica, sans-serif; color: #000000;\">Es un deber colectivo de las naciones ofrecer a cada una de sus hijas e hijos una cuna para nacer, un pupitre para aprender, herramientas para trabajar, una cama para dormir, una mesa para comer, un techo para guarecerse, un lugar en el hospital para curarse y una tumba para descansar.<\/span><\/p>\n<p style=\"text-align: justify;\"><span style=\"font-family: Arial, Helvetica, sans-serif; color: #000000;\">\u00bfY cu\u00e1l es la recompensa que obtendremos por dedicar el tiempo, todo el tiempo que sea posible a esta noble tarea? Ser\u00e1 el de estar bien con nuestra consciencia y con el pr\u00f3jimo, y gozar de la inmensa felicidad que produce el ayudar a vivir, a todas y todos, en un pa\u00eds m\u00e1s libre, m\u00e1s justo, m\u00e1s seguro, m\u00e1s pac\u00edfico y m\u00e1s pr\u00f3spero.<\/span><\/p>\n<p style=\"text-align: justify;\"><span style=\"font-family: Arial, Helvetica, sans-serif; color: #000000;\">Termino, amigas y amigos, mexicanas, mexicanos, enviando este breve mensaje al pueblo de M\u00e9xico: gracias por refrendarme su confianza; repito, yo siempre estar\u00e9 a la altura de ustedes y nunca, jam\u00e1s los traicionar\u00e9.<\/span><\/p>\n<p style=\"text-align: justify;\"><span style=\"font-family: Arial, Helvetica, sans-serif; color: #000000;\">Gracias de todo coraz\u00f3n, gracias, muchas gracias.<\/span><\/p>\n<p><img loading=\"lazy\" decoding=\"async\" class=\"aligncenter size-full wp-image-2641\" src=\"https:\/\/redamlo.com\/wp-content\/uploads\/2021\/07\/Discurso-del-presidente-Andres-Manuel-Lopez-Obrador-en-su-Segundo-Informe-Trimestral-2021-4.jpg\" alt=\"\" width=\"1280\" height=\"720\" \/><\/p>\n","protected":false},"excerpt":{"rendered":"<p>PALACIO NACIONAL, 01 de julio de 2021 Amigas y amigos, En los tres meses que&#8230;<\/p>\n","protected":false},"author":2,"featured_media":4677,"comment_status":"open","ping_status":"closed","sticky":false,"template":"","format":"standard","meta":{"footnotes":""},"categories":[25,20,27],"tags":[84,131,634,442,731,556,9,1076],"class_list":["post-4675","post","type-post","status-publish","format-standard","has-post-thumbnail","hentry","category-4t","category-nacionales","category-presidencia","tag-amlo","tag-andres-manuel-lopez-obrador","tag-crisis-sanitaria","tag-cuarta-transformacion","tag-discurso","tag-gobierno-de-mexico","tag-mexico","tag-segundo-informe-trimestral-2021"],"yoast_head":"<!-- This site is optimized with the Yoast SEO plugin v27.5 - https:\/\/yoast.com\/product\/yoast-seo-wordpress\/ -->\n<title>Discurso del presidente Andr\u00e9s Manuel L\u00f3pez Obrador en su Segundo Informe Trimestral 2021 - NOTICIAS DE LA 4T<\/title>\n<meta name=\"robots\" content=\"noindex, follow, max-snippet:-1, max-image-preview:large, max-video-preview:-1\" \/>\n<meta property=\"og:locale\" content=\"es_MX\" \/>\n<meta property=\"og:type\" content=\"article\" \/>\n<meta property=\"og:title\" content=\"Discurso del presidente Andr\u00e9s Manuel L\u00f3pez Obrador en su Segundo Informe Trimestral 2021 - NOTICIAS DE LA 4T\" \/>\n<meta property=\"og:description\" content=\"PALACIO NACIONAL, 01 de julio de 2021 Amigas y amigos, En los tres meses que...\" \/>\n<meta property=\"og:url\" content=\"https:\/\/redamlo.com\/index.php\/2021\/07\/01\/discurso-del-presidente-andres-manuel-lopez-obrador-en-su-segundo-informe-trimestral-2021\/\" \/>\n<meta property=\"og:site_name\" content=\"NOTICIAS DE LA 4T\" \/>\n<meta property=\"article:published_time\" content=\"2021-07-01T13:00:24+00:00\" \/>\n<meta property=\"og:image\" content=\"https:\/\/redamlo.com\/wp-content\/uploads\/2021\/07\/Discurso-del-presidente-Andres-Manuel-Lopez-Obrador-en-su-Segundo-Informe-Trimestral-2021.jpg\" \/>\n\t<meta property=\"og:image:width\" content=\"1279\" \/>\n\t<meta property=\"og:image:height\" content=\"703\" \/>\n\t<meta property=\"og:image:type\" content=\"image\/jpeg\" \/>\n<meta name=\"author\" content=\"Blanca\" \/>\n<meta name=\"twitter:card\" content=\"summary_large_image\" \/>\n<meta name=\"twitter:label1\" content=\"Escrito por\" \/>\n\t<meta name=\"twitter:data1\" content=\"Blanca\" \/>\n\t<meta name=\"twitter:label2\" content=\"Tiempo de lectura\" \/>\n\t<meta name=\"twitter:data2\" content=\"14 minutos\" \/>\n<script type=\"application\/ld+json\" class=\"yoast-schema-graph\">{\"@context\":\"https:\\\/\\\/schema.org\",\"@graph\":[{\"@type\":\"Article\",\"@id\":\"https:\\\/\\\/redamlo.com\\\/index.php\\\/2021\\\/07\\\/01\\\/discurso-del-presidente-andres-manuel-lopez-obrador-en-su-segundo-informe-trimestral-2021\\\/#article\",\"isPartOf\":{\"@id\":\"https:\\\/\\\/redamlo.com\\\/index.php\\\/2021\\\/07\\\/01\\\/discurso-del-presidente-andres-manuel-lopez-obrador-en-su-segundo-informe-trimestral-2021\\\/\"},\"author\":{\"name\":\"Blanca\",\"@id\":\"https:\\\/\\\/redamlo.com\\\/#\\\/schema\\\/person\\\/7223a4375eb8f1a782fcae010a7115cf\"},\"headline\":\"Discurso del presidente Andr\u00e9s Manuel L\u00f3pez Obrador en su Segundo Informe Trimestral 2021\",\"datePublished\":\"2021-07-01T13:00:24+00:00\",\"mainEntityOfPage\":{\"@id\":\"https:\\\/\\\/redamlo.com\\\/index.php\\\/2021\\\/07\\\/01\\\/discurso-del-presidente-andres-manuel-lopez-obrador-en-su-segundo-informe-trimestral-2021\\\/\"},\"wordCount\":2836,\"commentCount\":0,\"publisher\":{\"@id\":\"https:\\\/\\\/redamlo.com\\\/#organization\"},\"image\":{\"@id\":\"https:\\\/\\\/redamlo.com\\\/index.php\\\/2021\\\/07\\\/01\\\/discurso-del-presidente-andres-manuel-lopez-obrador-en-su-segundo-informe-trimestral-2021\\\/#primaryimage\"},\"thumbnailUrl\":\"https:\\\/\\\/redamlo.com\\\/wp-content\\\/uploads\\\/2021\\\/07\\\/Discurso-del-presidente-Andres-Manuel-Lopez-Obrador-en-su-Segundo-Informe-Trimestral-2021.jpg\",\"keywords\":[\"AMLO\",\"Andr\u00e9s Manuel L\u00f3pez Obrador\",\"crisis sanitaria\",\"Cuarta Transformaci\u00f3n\",\"discurso\",\"Gobierno de M\u00e9xico\",\"M\u00e9xico\",\"Segundo Informe Trimestral 2021\"],\"articleSection\":[\"4T\",\"Nacionales\",\"Presidencia\"],\"inLanguage\":\"es\",\"potentialAction\":[{\"@type\":\"CommentAction\",\"name\":\"Comment\",\"target\":[\"https:\\\/\\\/redamlo.com\\\/index.php\\\/2021\\\/07\\\/01\\\/discurso-del-presidente-andres-manuel-lopez-obrador-en-su-segundo-informe-trimestral-2021\\\/#respond\"]}]},{\"@type\":\"WebPage\",\"@id\":\"https:\\\/\\\/redamlo.com\\\/index.php\\\/2021\\\/07\\\/01\\\/discurso-del-presidente-andres-manuel-lopez-obrador-en-su-segundo-informe-trimestral-2021\\\/\",\"url\":\"https:\\\/\\\/redamlo.com\\\/index.php\\\/2021\\\/07\\\/01\\\/discurso-del-presidente-andres-manuel-lopez-obrador-en-su-segundo-informe-trimestral-2021\\\/\",\"name\":\"Discurso del presidente Andr\u00e9s Manuel L\u00f3pez Obrador en su Segundo Informe Trimestral 2021 - NOTICIAS DE LA 4T\",\"isPartOf\":{\"@id\":\"https:\\\/\\\/redamlo.com\\\/#website\"},\"primaryImageOfPage\":{\"@id\":\"https:\\\/\\\/redamlo.com\\\/index.php\\\/2021\\\/07\\\/01\\\/discurso-del-presidente-andres-manuel-lopez-obrador-en-su-segundo-informe-trimestral-2021\\\/#primaryimage\"},\"image\":{\"@id\":\"https:\\\/\\\/redamlo.com\\\/index.php\\\/2021\\\/07\\\/01\\\/discurso-del-presidente-andres-manuel-lopez-obrador-en-su-segundo-informe-trimestral-2021\\\/#primaryimage\"},\"thumbnailUrl\":\"https:\\\/\\\/redamlo.com\\\/wp-content\\\/uploads\\\/2021\\\/07\\\/Discurso-del-presidente-Andres-Manuel-Lopez-Obrador-en-su-Segundo-Informe-Trimestral-2021.jpg\",\"datePublished\":\"2021-07-01T13:00:24+00:00\",\"breadcrumb\":{\"@id\":\"https:\\\/\\\/redamlo.com\\\/index.php\\\/2021\\\/07\\\/01\\\/discurso-del-presidente-andres-manuel-lopez-obrador-en-su-segundo-informe-trimestral-2021\\\/#breadcrumb\"},\"inLanguage\":\"es\",\"potentialAction\":[{\"@type\":\"ReadAction\",\"target\":[\"https:\\\/\\\/redamlo.com\\\/index.php\\\/2021\\\/07\\\/01\\\/discurso-del-presidente-andres-manuel-lopez-obrador-en-su-segundo-informe-trimestral-2021\\\/\"]}]},{\"@type\":\"ImageObject\",\"inLanguage\":\"es\",\"@id\":\"https:\\\/\\\/redamlo.com\\\/index.php\\\/2021\\\/07\\\/01\\\/discurso-del-presidente-andres-manuel-lopez-obrador-en-su-segundo-informe-trimestral-2021\\\/#primaryimage\",\"url\":\"https:\\\/\\\/redamlo.com\\\/wp-content\\\/uploads\\\/2021\\\/07\\\/Discurso-del-presidente-Andres-Manuel-Lopez-Obrador-en-su-Segundo-Informe-Trimestral-2021.jpg\",\"contentUrl\":\"https:\\\/\\\/redamlo.com\\\/wp-content\\\/uploads\\\/2021\\\/07\\\/Discurso-del-presidente-Andres-Manuel-Lopez-Obrador-en-su-Segundo-Informe-Trimestral-2021.jpg\",\"width\":1279,\"height\":703},{\"@type\":\"BreadcrumbList\",\"@id\":\"https:\\\/\\\/redamlo.com\\\/index.php\\\/2021\\\/07\\\/01\\\/discurso-del-presidente-andres-manuel-lopez-obrador-en-su-segundo-informe-trimestral-2021\\\/#breadcrumb\",\"itemListElement\":[{\"@type\":\"ListItem\",\"position\":1,\"name\":\"Inicio\",\"item\":\"https:\\\/\\\/redamlo.com\\\/\"},{\"@type\":\"ListItem\",\"position\":2,\"name\":\"Discurso del presidente Andr\u00e9s Manuel L\u00f3pez Obrador en su Segundo Informe Trimestral 2021\"}]},{\"@type\":\"WebSite\",\"@id\":\"https:\\\/\\\/redamlo.com\\\/#website\",\"url\":\"https:\\\/\\\/redamlo.com\\\/\",\"name\":\"NOTICIAS DE LA 4T\",\"description\":\"\",\"publisher\":{\"@id\":\"https:\\\/\\\/redamlo.com\\\/#organization\"},\"potentialAction\":[{\"@type\":\"SearchAction\",\"target\":{\"@type\":\"EntryPoint\",\"urlTemplate\":\"https:\\\/\\\/redamlo.com\\\/?s={search_term_string}\"},\"query-input\":{\"@type\":\"PropertyValueSpecification\",\"valueRequired\":true,\"valueName\":\"search_term_string\"}}],\"inLanguage\":\"es\"},{\"@type\":\"Organization\",\"@id\":\"https:\\\/\\\/redamlo.com\\\/#organization\",\"name\":\"NOTICIAS DE LA 4T\",\"url\":\"https:\\\/\\\/redamlo.com\\\/\",\"logo\":{\"@type\":\"ImageObject\",\"inLanguage\":\"es\",\"@id\":\"https:\\\/\\\/redamlo.com\\\/#\\\/schema\\\/logo\\\/image\\\/\",\"url\":\"https:\\\/\\\/redamlo.com\\\/wp-content\\\/uploads\\\/2024\\\/08\\\/cropped-RED-AMLO-logo-50.png\",\"contentUrl\":\"https:\\\/\\\/redamlo.com\\\/wp-content\\\/uploads\\\/2024\\\/08\\\/cropped-RED-AMLO-logo-50.png\",\"width\":256,\"height\":256,\"caption\":\"NOTICIAS DE LA 4T\"},\"image\":{\"@id\":\"https:\\\/\\\/redamlo.com\\\/#\\\/schema\\\/logo\\\/image\\\/\"}},{\"@type\":\"Person\",\"@id\":\"https:\\\/\\\/redamlo.com\\\/#\\\/schema\\\/person\\\/7223a4375eb8f1a782fcae010a7115cf\",\"name\":\"Blanca\",\"image\":{\"@type\":\"ImageObject\",\"inLanguage\":\"es\",\"@id\":\"https:\\\/\\\/secure.gravatar.com\\\/avatar\\\/3f79bc8336367a4e6093eae8757acaaf61d1124834b905616de7829b0273426d?s=96&d=mm&r=g\",\"url\":\"https:\\\/\\\/secure.gravatar.com\\\/avatar\\\/3f79bc8336367a4e6093eae8757acaaf61d1124834b905616de7829b0273426d?s=96&d=mm&r=g\",\"contentUrl\":\"https:\\\/\\\/secure.gravatar.com\\\/avatar\\\/3f79bc8336367a4e6093eae8757acaaf61d1124834b905616de7829b0273426d?s=96&d=mm&r=g\",\"caption\":\"Blanca\"},\"url\":\"https:\\\/\\\/redamlo.com\\\/index.php\\\/author\\\/blanca\\\/\"}]}<\/script>\n<!-- \/ Yoast SEO plugin. -->","yoast_head_json":{"title":"Discurso del presidente Andr\u00e9s Manuel L\u00f3pez Obrador en su Segundo Informe Trimestral 2021 - NOTICIAS DE LA 4T","robots":{"index":"noindex","follow":"follow","max-snippet":"max-snippet:-1","max-image-preview":"max-image-preview:large","max-video-preview":"max-video-preview:-1"},"og_locale":"es_MX","og_type":"article","og_title":"Discurso del presidente Andr\u00e9s Manuel L\u00f3pez Obrador en su Segundo Informe Trimestral 2021 - NOTICIAS DE LA 4T","og_description":"PALACIO NACIONAL, 01 de julio de 2021 Amigas y amigos, En los tres meses que...","og_url":"https:\/\/redamlo.com\/index.php\/2021\/07\/01\/discurso-del-presidente-andres-manuel-lopez-obrador-en-su-segundo-informe-trimestral-2021\/","og_site_name":"NOTICIAS DE LA 4T","article_published_time":"2021-07-01T13:00:24+00:00","og_image":[{"width":1279,"height":703,"url":"https:\/\/redamlo.com\/wp-content\/uploads\/2021\/07\/Discurso-del-presidente-Andres-Manuel-Lopez-Obrador-en-su-Segundo-Informe-Trimestral-2021.jpg","type":"image\/jpeg"}],"author":"Blanca","twitter_card":"summary_large_image","twitter_misc":{"Escrito por":"Blanca","Tiempo de lectura":"14 minutos"},"schema":{"@context":"https:\/\/schema.org","@graph":[{"@type":"Article","@id":"https:\/\/redamlo.com\/index.php\/2021\/07\/01\/discurso-del-presidente-andres-manuel-lopez-obrador-en-su-segundo-informe-trimestral-2021\/#article","isPartOf":{"@id":"https:\/\/redamlo.com\/index.php\/2021\/07\/01\/discurso-del-presidente-andres-manuel-lopez-obrador-en-su-segundo-informe-trimestral-2021\/"},"author":{"name":"Blanca","@id":"https:\/\/redamlo.com\/#\/schema\/person\/7223a4375eb8f1a782fcae010a7115cf"},"headline":"Discurso del presidente Andr\u00e9s Manuel L\u00f3pez Obrador en su Segundo Informe Trimestral 2021","datePublished":"2021-07-01T13:00:24+00:00","mainEntityOfPage":{"@id":"https:\/\/redamlo.com\/index.php\/2021\/07\/01\/discurso-del-presidente-andres-manuel-lopez-obrador-en-su-segundo-informe-trimestral-2021\/"},"wordCount":2836,"commentCount":0,"publisher":{"@id":"https:\/\/redamlo.com\/#organization"},"image":{"@id":"https:\/\/redamlo.com\/index.php\/2021\/07\/01\/discurso-del-presidente-andres-manuel-lopez-obrador-en-su-segundo-informe-trimestral-2021\/#primaryimage"},"thumbnailUrl":"https:\/\/redamlo.com\/wp-content\/uploads\/2021\/07\/Discurso-del-presidente-Andres-Manuel-Lopez-Obrador-en-su-Segundo-Informe-Trimestral-2021.jpg","keywords":["AMLO","Andr\u00e9s Manuel L\u00f3pez Obrador","crisis sanitaria","Cuarta Transformaci\u00f3n","discurso","Gobierno de M\u00e9xico","M\u00e9xico","Segundo Informe Trimestral 2021"],"articleSection":["4T","Nacionales","Presidencia"],"inLanguage":"es","potentialAction":[{"@type":"CommentAction","name":"Comment","target":["https:\/\/redamlo.com\/index.php\/2021\/07\/01\/discurso-del-presidente-andres-manuel-lopez-obrador-en-su-segundo-informe-trimestral-2021\/#respond"]}]},{"@type":"WebPage","@id":"https:\/\/redamlo.com\/index.php\/2021\/07\/01\/discurso-del-presidente-andres-manuel-lopez-obrador-en-su-segundo-informe-trimestral-2021\/","url":"https:\/\/redamlo.com\/index.php\/2021\/07\/01\/discurso-del-presidente-andres-manuel-lopez-obrador-en-su-segundo-informe-trimestral-2021\/","name":"Discurso del presidente Andr\u00e9s Manuel L\u00f3pez Obrador en su Segundo Informe Trimestral 2021 - NOTICIAS DE LA 4T","isPartOf":{"@id":"https:\/\/redamlo.com\/#website"},"primaryImageOfPage":{"@id":"https:\/\/redamlo.com\/index.php\/2021\/07\/01\/discurso-del-presidente-andres-manuel-lopez-obrador-en-su-segundo-informe-trimestral-2021\/#primaryimage"},"image":{"@id":"https:\/\/redamlo.com\/index.php\/2021\/07\/01\/discurso-del-presidente-andres-manuel-lopez-obrador-en-su-segundo-informe-trimestral-2021\/#primaryimage"},"thumbnailUrl":"https:\/\/redamlo.com\/wp-content\/uploads\/2021\/07\/Discurso-del-presidente-Andres-Manuel-Lopez-Obrador-en-su-Segundo-Informe-Trimestral-2021.jpg","datePublished":"2021-07-01T13:00:24+00:00","breadcrumb":{"@id":"https:\/\/redamlo.com\/index.php\/2021\/07\/01\/discurso-del-presidente-andres-manuel-lopez-obrador-en-su-segundo-informe-trimestral-2021\/#breadcrumb"},"inLanguage":"es","potentialAction":[{"@type":"ReadAction","target":["https:\/\/redamlo.com\/index.php\/2021\/07\/01\/discurso-del-presidente-andres-manuel-lopez-obrador-en-su-segundo-informe-trimestral-2021\/"]}]},{"@type":"ImageObject","inLanguage":"es","@id":"https:\/\/redamlo.com\/index.php\/2021\/07\/01\/discurso-del-presidente-andres-manuel-lopez-obrador-en-su-segundo-informe-trimestral-2021\/#primaryimage","url":"https:\/\/redamlo.com\/wp-content\/uploads\/2021\/07\/Discurso-del-presidente-Andres-Manuel-Lopez-Obrador-en-su-Segundo-Informe-Trimestral-2021.jpg","contentUrl":"https:\/\/redamlo.com\/wp-content\/uploads\/2021\/07\/Discurso-del-presidente-Andres-Manuel-Lopez-Obrador-en-su-Segundo-Informe-Trimestral-2021.jpg","width":1279,"height":703},{"@type":"BreadcrumbList","@id":"https:\/\/redamlo.com\/index.php\/2021\/07\/01\/discurso-del-presidente-andres-manuel-lopez-obrador-en-su-segundo-informe-trimestral-2021\/#breadcrumb","itemListElement":[{"@type":"ListItem","position":1,"name":"Inicio","item":"https:\/\/redamlo.com\/"},{"@type":"ListItem","position":2,"name":"Discurso del presidente Andr\u00e9s Manuel L\u00f3pez Obrador en su Segundo Informe Trimestral 2021"}]},{"@type":"WebSite","@id":"https:\/\/redamlo.com\/#website","url":"https:\/\/redamlo.com\/","name":"NOTICIAS DE LA 4T","description":"","publisher":{"@id":"https:\/\/redamlo.com\/#organization"},"potentialAction":[{"@type":"SearchAction","target":{"@type":"EntryPoint","urlTemplate":"https:\/\/redamlo.com\/?s={search_term_string}"},"query-input":{"@type":"PropertyValueSpecification","valueRequired":true,"valueName":"search_term_string"}}],"inLanguage":"es"},{"@type":"Organization","@id":"https:\/\/redamlo.com\/#organization","name":"NOTICIAS DE LA 4T","url":"https:\/\/redamlo.com\/","logo":{"@type":"ImageObject","inLanguage":"es","@id":"https:\/\/redamlo.com\/#\/schema\/logo\/image\/","url":"https:\/\/redamlo.com\/wp-content\/uploads\/2024\/08\/cropped-RED-AMLO-logo-50.png","contentUrl":"https:\/\/redamlo.com\/wp-content\/uploads\/2024\/08\/cropped-RED-AMLO-logo-50.png","width":256,"height":256,"caption":"NOTICIAS DE LA 4T"},"image":{"@id":"https:\/\/redamlo.com\/#\/schema\/logo\/image\/"}},{"@type":"Person","@id":"https:\/\/redamlo.com\/#\/schema\/person\/7223a4375eb8f1a782fcae010a7115cf","name":"Blanca","image":{"@type":"ImageObject","inLanguage":"es","@id":"https:\/\/secure.gravatar.com\/avatar\/3f79bc8336367a4e6093eae8757acaaf61d1124834b905616de7829b0273426d?s=96&d=mm&r=g","url":"https:\/\/secure.gravatar.com\/avatar\/3f79bc8336367a4e6093eae8757acaaf61d1124834b905616de7829b0273426d?s=96&d=mm&r=g","contentUrl":"https:\/\/secure.gravatar.com\/avatar\/3f79bc8336367a4e6093eae8757acaaf61d1124834b905616de7829b0273426d?s=96&d=mm&r=g","caption":"Blanca"},"url":"https:\/\/redamlo.com\/index.php\/author\/blanca\/"}]}},"_links":{"self":[{"href":"https:\/\/redamlo.com\/index.php\/wp-json\/wp\/v2\/posts\/4675","targetHints":{"allow":["GET"]}}],"collection":[{"href":"https:\/\/redamlo.com\/index.php\/wp-json\/wp\/v2\/posts"}],"about":[{"href":"https:\/\/redamlo.com\/index.php\/wp-json\/wp\/v2\/types\/post"}],"author":[{"embeddable":true,"href":"https:\/\/redamlo.com\/index.php\/wp-json\/wp\/v2\/users\/2"}],"replies":[{"embeddable":true,"href":"https:\/\/redamlo.com\/index.php\/wp-json\/wp\/v2\/comments?post=4675"}],"version-history":[{"count":0,"href":"https:\/\/redamlo.com\/index.php\/wp-json\/wp\/v2\/posts\/4675\/revisions"}],"wp:featuredmedia":[{"embeddable":true,"href":"https:\/\/redamlo.com\/index.php\/wp-json\/wp\/v2\/media\/4677"}],"wp:attachment":[{"href":"https:\/\/redamlo.com\/index.php\/wp-json\/wp\/v2\/media?parent=4675"}],"wp:term":[{"taxonomy":"category","embeddable":true,"href":"https:\/\/redamlo.com\/index.php\/wp-json\/wp\/v2\/categories?post=4675"},{"taxonomy":"post_tag","embeddable":true,"href":"https:\/\/redamlo.com\/index.php\/wp-json\/wp\/v2\/tags?post=4675"}],"curies":[{"name":"wp","href":"https:\/\/api.w.org\/{rel}","templated":true}]}}