{"id":4669,"date":"2021-06-30T18:38:54","date_gmt":"2021-06-30T18:38:54","guid":{"rendered":"https:\/\/redamlo.com\/?p=4669"},"modified":"2021-06-30T18:38:54","modified_gmt":"2021-06-30T18:38:54","slug":"amlo-inaugura-quien-es-quien-en-las-mentiras-de-la-semana","status":"publish","type":"post","link":"https:\/\/redamlo.com\/index.php\/2021\/06\/30\/amlo-inaugura-quien-es-quien-en-las-mentiras-de-la-semana\/","title":{"rendered":"AMLO inaugura &#8216;\u00bfQui\u00e9n es qui\u00e9n en las mentiras de la semana?&#8217;"},"content":{"rendered":"<p>Ciudad de M\u00e9xico a 30 de Junio 2021<\/p>\n<p>Ana Elizabeth Garc\u00eda Vilchis, diputada plurinominal suplente de Morena en Puebla, ser\u00e1 la encargada del reporte semanal y ser\u00e1 propuesta como directora de Redes de la Vocer\u00eda de Presidencia.<\/p>\n<p>El reporte del \u00bfqui\u00e9n es qui\u00e9n en las noticias falsas? es otro de los episodios del presidente Andr\u00e9s Manuel L\u00f3pez Obrador contra periodistas. En los dos a\u00f1os y medio de su administraci\u00f3n, el mandatario federal ha criticado a los periodistas por la falta de profesionalismo y el amarillismo. Adem\u00e1s, ha calificado a la prensa de \u201ctendenciosa&#8221;, \u201cinjusta&#8221; y la ha llamado &#8220;el hampa del periodismo&#8221; o la&#8221;prensa fif\u00ed&#8221;.<\/p>\n<p>De acuerdo con el presidente L\u00f3pez Obrador, nunca hab\u00eda habido una prensa tan cr\u00edtica del titular del ejecutivo como la hay ahora.<\/p>\n","protected":false},"excerpt":{"rendered":"<p>Ciudad de M\u00e9xico a 30 de Junio 2021 Ana Elizabeth Garc\u00eda Vilchis, diputada plurinominal suplente&#8230;<\/p>\n","protected":false},"author":2,"featured_media":4671,"comment_status":"open","ping_status":"closed","sticky":false,"template":"","format":"standard","meta":{"footnotes":""},"categories":[25,27],"tags":[84,1074,727,1075],"class_list":["post-4669","post","type-post","status-publish","format-standard","has-post-thumbnail","hentry","category-4t","category-presidencia","tag-amlo","tag-ana-elizabeth-garcia-vilchis","tag-la-mananera","tag-quien-es-quien-en-las-mentiras"],"yoast_head":"<!-- This site is optimized with the Yoast SEO plugin v27.5 - https:\/\/yoast.com\/product\/yoast-seo-wordpress\/ -->\n<title>AMLO inaugura &#039;\u00bfQui\u00e9n es qui\u00e9n en las mentiras de la semana?&#039; - NOTICIAS DE LA 4T<\/title>\n<meta name=\"robots\" content=\"noindex, follow, max-snippet:-1, max-image-preview:large, max-video-preview:-1\" \/>\n<meta property=\"og:locale\" content=\"es_MX\" \/>\n<meta property=\"og:type\" content=\"article\" \/>\n<meta property=\"og:title\" content=\"AMLO inaugura &#039;\u00bfQui\u00e9n es qui\u00e9n en las mentiras de la semana?&#039; - NOTICIAS DE LA 4T\" \/>\n<meta property=\"og:description\" content=\"Ciudad de M\u00e9xico a 30 de Junio 2021 Ana Elizabeth Garc\u00eda Vilchis, diputada plurinominal suplente...\" \/>\n<meta property=\"og:url\" content=\"https:\/\/redamlo.com\/index.php\/2021\/06\/30\/amlo-inaugura-quien-es-quien-en-las-mentiras-de-la-semana\/\" \/>\n<meta property=\"og:site_name\" content=\"NOTICIAS DE LA 4T\" \/>\n<meta property=\"article:published_time\" content=\"2021-06-30T18:38:54+00:00\" \/>\n<meta property=\"og:image\" content=\"https:\/\/redamlo.com\/wp-content\/uploads\/2021\/06\/Ana-Elizabeth-Garcia-Vilchis-cdmx-press.jpg\" \/>\n\t<meta property=\"og:image:width\" content=\"1280\" \/>\n\t<meta property=\"og:image:height\" content=\"854\" \/>\n\t<meta property=\"og:image:type\" content=\"image\/jpeg\" \/>\n<meta name=\"author\" content=\"Blanca\" \/>\n<meta name=\"twitter:card\" content=\"summary_large_image\" \/>\n<meta name=\"twitter:label1\" content=\"Escrito por\" \/>\n\t<meta name=\"twitter:data1\" content=\"Blanca\" \/>\n\t<meta name=\"twitter:label2\" content=\"Tiempo de lectura\" \/>\n\t<meta name=\"twitter:data2\" content=\"1 minuto\" \/>\n<script type=\"application\/ld+json\" class=\"yoast-schema-graph\">{\"@context\":\"https:\\\/\\\/schema.org\",\"@graph\":[{\"@type\":\"Article\",\"@id\":\"https:\\\/\\\/redamlo.com\\\/index.php\\\/2021\\\/06\\\/30\\\/amlo-inaugura-quien-es-quien-en-las-mentiras-de-la-semana\\\/#article\",\"isPartOf\":{\"@id\":\"https:\\\/\\\/redamlo.com\\\/index.php\\\/2021\\\/06\\\/30\\\/amlo-inaugura-quien-es-quien-en-las-mentiras-de-la-semana\\\/\"},\"author\":{\"name\":\"Blanca\",\"@id\":\"https:\\\/\\\/redamlo.com\\\/#\\\/schema\\\/person\\\/7223a4375eb8f1a782fcae010a7115cf\"},\"headline\":\"AMLO inaugura &#8216;\u00bfQui\u00e9n es qui\u00e9n en las mentiras de la semana?&#8217;\",\"datePublished\":\"2021-06-30T18:38:54+00:00\",\"mainEntityOfPage\":{\"@id\":\"https:\\\/\\\/redamlo.com\\\/index.php\\\/2021\\\/06\\\/30\\\/amlo-inaugura-quien-es-quien-en-las-mentiras-de-la-semana\\\/\"},\"wordCount\":152,\"commentCount\":0,\"publisher\":{\"@id\":\"https:\\\/\\\/redamlo.com\\\/#organization\"},\"image\":{\"@id\":\"https:\\\/\\\/redamlo.com\\\/index.php\\\/2021\\\/06\\\/30\\\/amlo-inaugura-quien-es-quien-en-las-mentiras-de-la-semana\\\/#primaryimage\"},\"thumbnailUrl\":\"https:\\\/\\\/redamlo.com\\\/wp-content\\\/uploads\\\/2021\\\/06\\\/Ana-Elizabeth-Garcia-Vilchis-cdmx-press.jpg\",\"keywords\":[\"AMLO\",\"Ana Elizabeth Garc\u00eda Vilchis\",\"La Ma\u00f1anera\",\"Qui\u00e9n es qui\u00e9n en las mentiras\"],\"articleSection\":[\"4T\",\"Presidencia\"],\"inLanguage\":\"es\",\"potentialAction\":[{\"@type\":\"CommentAction\",\"name\":\"Comment\",\"target\":[\"https:\\\/\\\/redamlo.com\\\/index.php\\\/2021\\\/06\\\/30\\\/amlo-inaugura-quien-es-quien-en-las-mentiras-de-la-semana\\\/#respond\"]}]},{\"@type\":\"WebPage\",\"@id\":\"https:\\\/\\\/redamlo.com\\\/index.php\\\/2021\\\/06\\\/30\\\/amlo-inaugura-quien-es-quien-en-las-mentiras-de-la-semana\\\/\",\"url\":\"https:\\\/\\\/redamlo.com\\\/index.php\\\/2021\\\/06\\\/30\\\/amlo-inaugura-quien-es-quien-en-las-mentiras-de-la-semana\\\/\",\"name\":\"AMLO inaugura '\u00bfQui\u00e9n es qui\u00e9n en las mentiras de la semana?' - NOTICIAS DE LA 4T\",\"isPartOf\":{\"@id\":\"https:\\\/\\\/redamlo.com\\\/#website\"},\"primaryImageOfPage\":{\"@id\":\"https:\\\/\\\/redamlo.com\\\/index.php\\\/2021\\\/06\\\/30\\\/amlo-inaugura-quien-es-quien-en-las-mentiras-de-la-semana\\\/#primaryimage\"},\"image\":{\"@id\":\"https:\\\/\\\/redamlo.com\\\/index.php\\\/2021\\\/06\\\/30\\\/amlo-inaugura-quien-es-quien-en-las-mentiras-de-la-semana\\\/#primaryimage\"},\"thumbnailUrl\":\"https:\\\/\\\/redamlo.com\\\/wp-content\\\/uploads\\\/2021\\\/06\\\/Ana-Elizabeth-Garcia-Vilchis-cdmx-press.jpg\",\"datePublished\":\"2021-06-30T18:38:54+00:00\",\"breadcrumb\":{\"@id\":\"https:\\\/\\\/redamlo.com\\\/index.php\\\/2021\\\/06\\\/30\\\/amlo-inaugura-quien-es-quien-en-las-mentiras-de-la-semana\\\/#breadcrumb\"},\"inLanguage\":\"es\",\"potentialAction\":[{\"@type\":\"ReadAction\",\"target\":[\"https:\\\/\\\/redamlo.com\\\/index.php\\\/2021\\\/06\\\/30\\\/amlo-inaugura-quien-es-quien-en-las-mentiras-de-la-semana\\\/\"]}]},{\"@type\":\"ImageObject\",\"inLanguage\":\"es\",\"@id\":\"https:\\\/\\\/redamlo.com\\\/index.php\\\/2021\\\/06\\\/30\\\/amlo-inaugura-quien-es-quien-en-las-mentiras-de-la-semana\\\/#primaryimage\",\"url\":\"https:\\\/\\\/redamlo.com\\\/wp-content\\\/uploads\\\/2021\\\/06\\\/Ana-Elizabeth-Garcia-Vilchis-cdmx-press.jpg\",\"contentUrl\":\"https:\\\/\\\/redamlo.com\\\/wp-content\\\/uploads\\\/2021\\\/06\\\/Ana-Elizabeth-Garcia-Vilchis-cdmx-press.jpg\",\"width\":1280,\"height\":854},{\"@type\":\"BreadcrumbList\",\"@id\":\"https:\\\/\\\/redamlo.com\\\/index.php\\\/2021\\\/06\\\/30\\\/amlo-inaugura-quien-es-quien-en-las-mentiras-de-la-semana\\\/#breadcrumb\",\"itemListElement\":[{\"@type\":\"ListItem\",\"position\":1,\"name\":\"Inicio\",\"item\":\"https:\\\/\\\/redamlo.com\\\/\"},{\"@type\":\"ListItem\",\"position\":2,\"name\":\"AMLO inaugura &#8216;\u00bfQui\u00e9n es qui\u00e9n en las mentiras de la semana?&#8217;\"}]},{\"@type\":\"WebSite\",\"@id\":\"https:\\\/\\\/redamlo.com\\\/#website\",\"url\":\"https:\\\/\\\/redamlo.com\\\/\",\"name\":\"NOTICIAS DE LA 4T\",\"description\":\"\",\"publisher\":{\"@id\":\"https:\\\/\\\/redamlo.com\\\/#organization\"},\"potentialAction\":[{\"@type\":\"SearchAction\",\"target\":{\"@type\":\"EntryPoint\",\"urlTemplate\":\"https:\\\/\\\/redamlo.com\\\/?s={search_term_string}\"},\"query-input\":{\"@type\":\"PropertyValueSpecification\",\"valueRequired\":true,\"valueName\":\"search_term_string\"}}],\"inLanguage\":\"es\"},{\"@type\":\"Organization\",\"@id\":\"https:\\\/\\\/redamlo.com\\\/#organization\",\"name\":\"NOTICIAS DE LA 4T\",\"url\":\"https:\\\/\\\/redamlo.com\\\/\",\"logo\":{\"@type\":\"ImageObject\",\"inLanguage\":\"es\",\"@id\":\"https:\\\/\\\/redamlo.com\\\/#\\\/schema\\\/logo\\\/image\\\/\",\"url\":\"https:\\\/\\\/redamlo.com\\\/wp-content\\\/uploads\\\/2024\\\/08\\\/cropped-RED-AMLO-logo-50.png\",\"contentUrl\":\"https:\\\/\\\/redamlo.com\\\/wp-content\\\/uploads\\\/2024\\\/08\\\/cropped-RED-AMLO-logo-50.png\",\"width\":256,\"height\":256,\"caption\":\"NOTICIAS DE LA 4T\"},\"image\":{\"@id\":\"https:\\\/\\\/redamlo.com\\\/#\\\/schema\\\/logo\\\/image\\\/\"}},{\"@type\":\"Person\",\"@id\":\"https:\\\/\\\/redamlo.com\\\/#\\\/schema\\\/person\\\/7223a4375eb8f1a782fcae010a7115cf\",\"name\":\"Blanca\",\"image\":{\"@type\":\"ImageObject\",\"inLanguage\":\"es\",\"@id\":\"https:\\\/\\\/secure.gravatar.com\\\/avatar\\\/3f79bc8336367a4e6093eae8757acaaf61d1124834b905616de7829b0273426d?s=96&d=mm&r=g\",\"url\":\"https:\\\/\\\/secure.gravatar.com\\\/avatar\\\/3f79bc8336367a4e6093eae8757acaaf61d1124834b905616de7829b0273426d?s=96&d=mm&r=g\",\"contentUrl\":\"https:\\\/\\\/secure.gravatar.com\\\/avatar\\\/3f79bc8336367a4e6093eae8757acaaf61d1124834b905616de7829b0273426d?s=96&d=mm&r=g\",\"caption\":\"Blanca\"},\"url\":\"https:\\\/\\\/redamlo.com\\\/index.php\\\/author\\\/blanca\\\/\"}]}<\/script>\n<!-- \/ Yoast SEO plugin. -->","yoast_head_json":{"title":"AMLO inaugura '\u00bfQui\u00e9n es qui\u00e9n en las mentiras de la semana?' - NOTICIAS DE LA 4T","robots":{"index":"noindex","follow":"follow","max-snippet":"max-snippet:-1","max-image-preview":"max-image-preview:large","max-video-preview":"max-video-preview:-1"},"og_locale":"es_MX","og_type":"article","og_title":"AMLO inaugura '\u00bfQui\u00e9n es qui\u00e9n en las mentiras de la semana?' - NOTICIAS DE LA 4T","og_description":"Ciudad de M\u00e9xico a 30 de Junio 2021 Ana Elizabeth Garc\u00eda Vilchis, diputada plurinominal suplente...","og_url":"https:\/\/redamlo.com\/index.php\/2021\/06\/30\/amlo-inaugura-quien-es-quien-en-las-mentiras-de-la-semana\/","og_site_name":"NOTICIAS DE LA 4T","article_published_time":"2021-06-30T18:38:54+00:00","og_image":[{"width":1280,"height":854,"url":"https:\/\/redamlo.com\/wp-content\/uploads\/2021\/06\/Ana-Elizabeth-Garcia-Vilchis-cdmx-press.jpg","type":"image\/jpeg"}],"author":"Blanca","twitter_card":"summary_large_image","twitter_misc":{"Escrito por":"Blanca","Tiempo de lectura":"1 minuto"},"schema":{"@context":"https:\/\/schema.org","@graph":[{"@type":"Article","@id":"https:\/\/redamlo.com\/index.php\/2021\/06\/30\/amlo-inaugura-quien-es-quien-en-las-mentiras-de-la-semana\/#article","isPartOf":{"@id":"https:\/\/redamlo.com\/index.php\/2021\/06\/30\/amlo-inaugura-quien-es-quien-en-las-mentiras-de-la-semana\/"},"author":{"name":"Blanca","@id":"https:\/\/redamlo.com\/#\/schema\/person\/7223a4375eb8f1a782fcae010a7115cf"},"headline":"AMLO inaugura &#8216;\u00bfQui\u00e9n es qui\u00e9n en las mentiras de la semana?&#8217;","datePublished":"2021-06-30T18:38:54+00:00","mainEntityOfPage":{"@id":"https:\/\/redamlo.com\/index.php\/2021\/06\/30\/amlo-inaugura-quien-es-quien-en-las-mentiras-de-la-semana\/"},"wordCount":152,"commentCount":0,"publisher":{"@id":"https:\/\/redamlo.com\/#organization"},"image":{"@id":"https:\/\/redamlo.com\/index.php\/2021\/06\/30\/amlo-inaugura-quien-es-quien-en-las-mentiras-de-la-semana\/#primaryimage"},"thumbnailUrl":"https:\/\/redamlo.com\/wp-content\/uploads\/2021\/06\/Ana-Elizabeth-Garcia-Vilchis-cdmx-press.jpg","keywords":["AMLO","Ana Elizabeth Garc\u00eda Vilchis","La Ma\u00f1anera","Qui\u00e9n es qui\u00e9n en las mentiras"],"articleSection":["4T","Presidencia"],"inLanguage":"es","potentialAction":[{"@type":"CommentAction","name":"Comment","target":["https:\/\/redamlo.com\/index.php\/2021\/06\/30\/amlo-inaugura-quien-es-quien-en-las-mentiras-de-la-semana\/#respond"]}]},{"@type":"WebPage","@id":"https:\/\/redamlo.com\/index.php\/2021\/06\/30\/amlo-inaugura-quien-es-quien-en-las-mentiras-de-la-semana\/","url":"https:\/\/redamlo.com\/index.php\/2021\/06\/30\/amlo-inaugura-quien-es-quien-en-las-mentiras-de-la-semana\/","name":"AMLO inaugura '\u00bfQui\u00e9n es qui\u00e9n en las mentiras de la semana?' - NOTICIAS DE LA 4T","isPartOf":{"@id":"https:\/\/redamlo.com\/#website"},"primaryImageOfPage":{"@id":"https:\/\/redamlo.com\/index.php\/2021\/06\/30\/amlo-inaugura-quien-es-quien-en-las-mentiras-de-la-semana\/#primaryimage"},"image":{"@id":"https:\/\/redamlo.com\/index.php\/2021\/06\/30\/amlo-inaugura-quien-es-quien-en-las-mentiras-de-la-semana\/#primaryimage"},"thumbnailUrl":"https:\/\/redamlo.com\/wp-content\/uploads\/2021\/06\/Ana-Elizabeth-Garcia-Vilchis-cdmx-press.jpg","datePublished":"2021-06-30T18:38:54+00:00","breadcrumb":{"@id":"https:\/\/redamlo.com\/index.php\/2021\/06\/30\/amlo-inaugura-quien-es-quien-en-las-mentiras-de-la-semana\/#breadcrumb"},"inLanguage":"es","potentialAction":[{"@type":"ReadAction","target":["https:\/\/redamlo.com\/index.php\/2021\/06\/30\/amlo-inaugura-quien-es-quien-en-las-mentiras-de-la-semana\/"]}]},{"@type":"ImageObject","inLanguage":"es","@id":"https:\/\/redamlo.com\/index.php\/2021\/06\/30\/amlo-inaugura-quien-es-quien-en-las-mentiras-de-la-semana\/#primaryimage","url":"https:\/\/redamlo.com\/wp-content\/uploads\/2021\/06\/Ana-Elizabeth-Garcia-Vilchis-cdmx-press.jpg","contentUrl":"https:\/\/redamlo.com\/wp-content\/uploads\/2021\/06\/Ana-Elizabeth-Garcia-Vilchis-cdmx-press.jpg","width":1280,"height":854},{"@type":"BreadcrumbList","@id":"https:\/\/redamlo.com\/index.php\/2021\/06\/30\/amlo-inaugura-quien-es-quien-en-las-mentiras-de-la-semana\/#breadcrumb","itemListElement":[{"@type":"ListItem","position":1,"name":"Inicio","item":"https:\/\/redamlo.com\/"},{"@type":"ListItem","position":2,"name":"AMLO inaugura &#8216;\u00bfQui\u00e9n es qui\u00e9n en las mentiras de la semana?&#8217;"}]},{"@type":"WebSite","@id":"https:\/\/redamlo.com\/#website","url":"https:\/\/redamlo.com\/","name":"NOTICIAS DE LA 4T","description":"","publisher":{"@id":"https:\/\/redamlo.com\/#organization"},"potentialAction":[{"@type":"SearchAction","target":{"@type":"EntryPoint","urlTemplate":"https:\/\/redamlo.com\/?s={search_term_string}"},"query-input":{"@type":"PropertyValueSpecification","valueRequired":true,"valueName":"search_term_string"}}],"inLanguage":"es"},{"@type":"Organization","@id":"https:\/\/redamlo.com\/#organization","name":"NOTICIAS DE LA 4T","url":"https:\/\/redamlo.com\/","logo":{"@type":"ImageObject","inLanguage":"es","@id":"https:\/\/redamlo.com\/#\/schema\/logo\/image\/","url":"https:\/\/redamlo.com\/wp-content\/uploads\/2024\/08\/cropped-RED-AMLO-logo-50.png","contentUrl":"https:\/\/redamlo.com\/wp-content\/uploads\/2024\/08\/cropped-RED-AMLO-logo-50.png","width":256,"height":256,"caption":"NOTICIAS DE LA 4T"},"image":{"@id":"https:\/\/redamlo.com\/#\/schema\/logo\/image\/"}},{"@type":"Person","@id":"https:\/\/redamlo.com\/#\/schema\/person\/7223a4375eb8f1a782fcae010a7115cf","name":"Blanca","image":{"@type":"ImageObject","inLanguage":"es","@id":"https:\/\/secure.gravatar.com\/avatar\/3f79bc8336367a4e6093eae8757acaaf61d1124834b905616de7829b0273426d?s=96&d=mm&r=g","url":"https:\/\/secure.gravatar.com\/avatar\/3f79bc8336367a4e6093eae8757acaaf61d1124834b905616de7829b0273426d?s=96&d=mm&r=g","contentUrl":"https:\/\/secure.gravatar.com\/avatar\/3f79bc8336367a4e6093eae8757acaaf61d1124834b905616de7829b0273426d?s=96&d=mm&r=g","caption":"Blanca"},"url":"https:\/\/redamlo.com\/index.php\/author\/blanca\/"}]}},"_links":{"self":[{"href":"https:\/\/redamlo.com\/index.php\/wp-json\/wp\/v2\/posts\/4669","targetHints":{"allow":["GET"]}}],"collection":[{"href":"https:\/\/redamlo.com\/index.php\/wp-json\/wp\/v2\/posts"}],"about":[{"href":"https:\/\/redamlo.com\/index.php\/wp-json\/wp\/v2\/types\/post"}],"author":[{"embeddable":true,"href":"https:\/\/redamlo.com\/index.php\/wp-json\/wp\/v2\/users\/2"}],"replies":[{"embeddable":true,"href":"https:\/\/redamlo.com\/index.php\/wp-json\/wp\/v2\/comments?post=4669"}],"version-history":[{"count":0,"href":"https:\/\/redamlo.com\/index.php\/wp-json\/wp\/v2\/posts\/4669\/revisions"}],"wp:featuredmedia":[{"embeddable":true,"href":"https:\/\/redamlo.com\/index.php\/wp-json\/wp\/v2\/media\/4671"}],"wp:attachment":[{"href":"https:\/\/redamlo.com\/index.php\/wp-json\/wp\/v2\/media?parent=4669"}],"wp:term":[{"taxonomy":"category","embeddable":true,"href":"https:\/\/redamlo.com\/index.php\/wp-json\/wp\/v2\/categories?post=4669"},{"taxonomy":"post_tag","embeddable":true,"href":"https:\/\/redamlo.com\/index.php\/wp-json\/wp\/v2\/tags?post=4669"}],"curies":[{"name":"wp","href":"https:\/\/api.w.org\/{rel}","templated":true}]}}