{"id":4665,"date":"2021-06-18T12:00:47","date_gmt":"2021-06-18T12:00:47","guid":{"rendered":"https:\/\/redamlo.com\/?p=4665"},"modified":"2021-06-18T12:00:47","modified_gmt":"2021-06-18T12:00:47","slug":"baja-california-sera-primer-estado-en-lograr-vacunacion-universal-contra-covid-19-lopez-obrador","status":"publish","type":"post","link":"https:\/\/redamlo.com\/index.php\/2021\/06\/18\/baja-california-sera-primer-estado-en-lograr-vacunacion-universal-contra-covid-19-lopez-obrador\/","title":{"rendered":"Baja California ser\u00e1 primer estado en lograr vacunaci\u00f3n universal contra Covid-19: L\u00f3pez Obrador"},"content":{"rendered":"<p style=\"text-align: justify;\"><span style=\"color: #000000; font-family: Arial, Helvetica, sans-serif;\">M\u00c9XICO, 18 de junio de 2021.- En los pr\u00f3ximos d\u00edas Baja California se convertir\u00e1 en la primera entidad donde se haya vacunado a todas las personas mayores de 18 a\u00f1os, afirm\u00f3 el presidente de M\u00e9xico, Andr\u00e9s Manuel L\u00f3pez Obrador.<\/span><\/p>\n<p><span style=\"color: #000000; font-family: Arial, Helvetica, sans-serif;\">Al encabezar el reporte de la primera jornada de vacunaci\u00f3n universal contra Covid-19 en ese estado, el mandatario reconoci\u00f3 la organizaci\u00f3n de las instituciones que participan en el operativo especial y el orden de la poblaci\u00f3n en las c\u00e9lulas desplegadas.<\/span><\/p>\n<p><span style=\"color: #000000; font-family: Arial, Helvetica, sans-serif;\">En conferencia de prensa matutina llam\u00f3 a los estados de la frontera norte a prepararse porque en las siguientes semanas se vacunar\u00e1 a habitantes de los municipios de la frontera norte con el objetivo de abrirla lo m\u00e1s pronto posible e impulsar el comercio y la econom\u00eda.<\/span><\/p>\n<p><span style=\"color: #000000; font-family: Arial, Helvetica, sans-serif;\">La secretaria de Seguridad y Protecci\u00f3n Ciudadana, Rosa Icela Rodr\u00edguez, inform\u00f3 que en el primer d\u00eda de la jornada la asistencia rebas\u00f3 las expectativas. Se esperaba la presencia de 120 a 140 mil personas y los 17 centros registraron a 198 mil 964 personas, las cuales recibieron la dosis \u00fanica de la vacuna Janssen de Johnson &amp; Johnson y por lo tanto ya tienen completo el esquema.<\/span><\/p>\n<p><span style=\"color: #000000; font-family: Arial, Helvetica, sans-serif;\">En Baja California, el gobierno federal instal\u00f3 cuatro centros de vacunaci\u00f3n en Ensenada, uno en Tecate, dos en Rosarito, cuatro en Mexicali, seis en Tijuana y uno en San Quint\u00edn.<\/span><\/p>\n<p><span style=\"color: #000000; font-family: Arial, Helvetica, sans-serif;\">Resalt\u00f3 la coordinaci\u00f3n entre pueblo e instituciones estatales y federales, como las secretar\u00edas de Salud, de Marina, de la Defensa Nacional y de Seguridad y Protecci\u00f3n Ciudadana, adem\u00e1s del IMSS e ISSSTE.<\/span><\/p>\n<p><span style=\"color: #000000; font-family: Arial, Helvetica, sans-serif;\">La titular de la SSPC dijo que los resultados obtenidos el jueves abonan al esfuerzo para lograr el objetivo de concluir la vacunaci\u00f3n universal en la entidad en un plazo no mayor a diez d\u00edas.<\/span><\/p>\n<p><strong><span style=\"color: #000000; font-family: Arial, Helvetica, sans-serif;\">Vacunaci\u00f3n est\u00e1 garantizada aun con disminuci\u00f3n en el abasto de dosis, asegura L\u00f3pez Obrador<\/span><\/strong><\/p>\n<p><span style=\"color: #000000; font-family: Arial, Helvetica, sans-serif;\">El jefe del Ejecutivo asegur\u00f3 que hay disponibilidad de dosis de las diferentes vacunas aprobadas por la autoridad sanitaria en M\u00e9xico a pesar de la disminuci\u00f3n en la llegada de nuevos embarques al pa\u00eds.<\/span><\/p>\n<p><span style=\"color: #000000; font-family: Arial, Helvetica, sans-serif;\">Indic\u00f3 que todas las que se ha recibido hasta ahora son utilizadas y ser\u00e1 fortalecido el abasto para continuar el Plan Nacional de Vacunaci\u00f3n contra Covid-19 en todo el pa\u00eds.<\/span><\/p>\n<p><span style=\"color: #000000; font-family: Arial, Helvetica, sans-serif;\">\u201c\u00bfPor qu\u00e9 es importante la vacunaci\u00f3n? Porque puede haber un rebrote, una ola de contagios. No estamos confi\u00e1ndonos. (\u2026) El rebrote, el aumento en contagios, est\u00e1 relacion\u00e1ndose con el clima y no queremos que nos llegue el periodo de lluvias, el invierno y se vaya a activar de nuevo la pandemia. Estamos trabajando en eso y tenemos como meta terminar de vacunar en octubre aun con una dosis\u201d, precis\u00f3.<\/span><\/p>\n<p><span style=\"color: #000000; font-family: Arial, Helvetica, sans-serif;\">Sostuvo que no se desmontar\u00e1 la infraestructura hospitalaria en el territorio nacional y destac\u00f3 que se dar\u00e1n a conocer los tratamientos para hacer frente a la infecci\u00f3n causada por el virus SARS-CoV-2.<\/span><\/p>\n<p><span style=\"color: #000000; font-family: Arial, Helvetica, sans-serif;\">El mandatario anunci\u00f3 que en breve tendr\u00e1 un encuentro con las y los responsables de la vacunaci\u00f3n en las 32 entidades federativas a fin de reforzar el Plan Nacional de Vacunaci\u00f3n.<\/span><\/p>\n<p><iframe loading=\"lazy\" title=\"Resultados de vacunaci\u00f3n universal contra COVID-19 en Baja California. Conferencia presidente AMLO\" width=\"640\" height=\"360\" src=\"https:\/\/www.youtube.com\/embed\/xeddJwTY0-0?start=828&#038;feature=oembed\" frameborder=\"0\" allow=\"accelerometer; autoplay; clipboard-write; encrypted-media; gyroscope; picture-in-picture; web-share\" referrerpolicy=\"strict-origin-when-cross-origin\" allowfullscreen><\/iframe><\/p>\n","protected":false},"excerpt":{"rendered":"<p>M\u00c9XICO, 18 de junio de 2021.- En los pr\u00f3ximos d\u00edas Baja California se convertir\u00e1 en&#8230;<\/p>\n","protected":false},"author":2,"featured_media":4668,"comment_status":"open","ping_status":"closed","sticky":false,"template":"","format":"standard","meta":{"footnotes":""},"categories":[25,20,27],"tags":[84,131,260,473,556,9,567,576,474,1015],"class_list":["post-4665","post","type-post","status-publish","format-standard","has-post-thumbnail","hentry","category-4t","category-nacionales","category-presidencia","tag-amlo","tag-andres-manuel-lopez-obrador","tag-baja-california","tag-covid-19","tag-gobierno-de-mexico","tag-mexico","tag-pandemia","tag-plan-nacional-de-vacunacion","tag-sars-cov-2","tag-vacunacion-universal"],"yoast_head":"<!-- This site is optimized with the Yoast SEO plugin v27.5 - https:\/\/yoast.com\/product\/yoast-seo-wordpress\/ -->\n<title>Baja California ser\u00e1 primer estado en lograr vacunaci\u00f3n universal contra Covid-19: L\u00f3pez Obrador - NOTICIAS DE LA 4T<\/title>\n<meta name=\"robots\" content=\"noindex, follow, max-snippet:-1, max-image-preview:large, max-video-preview:-1\" \/>\n<meta property=\"og:locale\" content=\"es_MX\" \/>\n<meta property=\"og:type\" content=\"article\" \/>\n<meta property=\"og:title\" content=\"Baja California ser\u00e1 primer estado en lograr vacunaci\u00f3n universal contra Covid-19: L\u00f3pez Obrador - NOTICIAS DE LA 4T\" \/>\n<meta property=\"og:description\" content=\"M\u00c9XICO, 18 de junio de 2021.- En los pr\u00f3ximos d\u00edas Baja California se convertir\u00e1 en...\" \/>\n<meta property=\"og:url\" content=\"https:\/\/redamlo.com\/index.php\/2021\/06\/18\/baja-california-sera-primer-estado-en-lograr-vacunacion-universal-contra-covid-19-lopez-obrador\/\" \/>\n<meta property=\"og:site_name\" content=\"NOTICIAS DE LA 4T\" \/>\n<meta property=\"article:published_time\" content=\"2021-06-18T12:00:47+00:00\" \/>\n<meta property=\"og:image\" content=\"https:\/\/redamlo.com\/wp-content\/uploads\/2021\/06\/Baja-California-sera-primer-estado-en-lograr-vacunacion-universal-contra-Covid-19-Lopez-Obrador.jpg\" \/>\n\t<meta property=\"og:image:width\" content=\"769\" \/>\n\t<meta property=\"og:image:height\" content=\"461\" \/>\n\t<meta property=\"og:image:type\" content=\"image\/jpeg\" \/>\n<meta name=\"author\" content=\"Blanca\" \/>\n<meta name=\"twitter:card\" content=\"summary_large_image\" \/>\n<meta name=\"twitter:label1\" content=\"Escrito por\" \/>\n\t<meta name=\"twitter:data1\" content=\"Blanca\" \/>\n\t<meta name=\"twitter:label2\" content=\"Tiempo de lectura\" \/>\n\t<meta name=\"twitter:data2\" content=\"3 minutos\" \/>\n<script type=\"application\/ld+json\" class=\"yoast-schema-graph\">{\"@context\":\"https:\\\/\\\/schema.org\",\"@graph\":[{\"@type\":\"Article\",\"@id\":\"https:\\\/\\\/redamlo.com\\\/index.php\\\/2021\\\/06\\\/18\\\/baja-california-sera-primer-estado-en-lograr-vacunacion-universal-contra-covid-19-lopez-obrador\\\/#article\",\"isPartOf\":{\"@id\":\"https:\\\/\\\/redamlo.com\\\/index.php\\\/2021\\\/06\\\/18\\\/baja-california-sera-primer-estado-en-lograr-vacunacion-universal-contra-covid-19-lopez-obrador\\\/\"},\"author\":{\"name\":\"Blanca\",\"@id\":\"https:\\\/\\\/redamlo.com\\\/#\\\/schema\\\/person\\\/7223a4375eb8f1a782fcae010a7115cf\"},\"headline\":\"Baja California ser\u00e1 primer estado en lograr vacunaci\u00f3n universal contra Covid-19: L\u00f3pez Obrador\",\"datePublished\":\"2021-06-18T12:00:47+00:00\",\"mainEntityOfPage\":{\"@id\":\"https:\\\/\\\/redamlo.com\\\/index.php\\\/2021\\\/06\\\/18\\\/baja-california-sera-primer-estado-en-lograr-vacunacion-universal-contra-covid-19-lopez-obrador\\\/\"},\"wordCount\":560,\"commentCount\":0,\"publisher\":{\"@id\":\"https:\\\/\\\/redamlo.com\\\/#organization\"},\"image\":{\"@id\":\"https:\\\/\\\/redamlo.com\\\/index.php\\\/2021\\\/06\\\/18\\\/baja-california-sera-primer-estado-en-lograr-vacunacion-universal-contra-covid-19-lopez-obrador\\\/#primaryimage\"},\"thumbnailUrl\":\"https:\\\/\\\/redamlo.com\\\/wp-content\\\/uploads\\\/2021\\\/06\\\/Baja-California-sera-primer-estado-en-lograr-vacunacion-universal-contra-Covid-19-Lopez-Obrador.jpg\",\"keywords\":[\"AMLO\",\"Andr\u00e9s Manuel L\u00f3pez Obrador\",\"Baja California\",\"COVID-19\",\"Gobierno de M\u00e9xico\",\"M\u00e9xico\",\"pandemia\",\"Plan Nacional de Vacunaci\u00f3n\",\"SARS-CoV-2\",\"vacunaci\u00f3n universal\"],\"articleSection\":[\"4T\",\"Nacionales\",\"Presidencia\"],\"inLanguage\":\"es\",\"potentialAction\":[{\"@type\":\"CommentAction\",\"name\":\"Comment\",\"target\":[\"https:\\\/\\\/redamlo.com\\\/index.php\\\/2021\\\/06\\\/18\\\/baja-california-sera-primer-estado-en-lograr-vacunacion-universal-contra-covid-19-lopez-obrador\\\/#respond\"]}]},{\"@type\":\"WebPage\",\"@id\":\"https:\\\/\\\/redamlo.com\\\/index.php\\\/2021\\\/06\\\/18\\\/baja-california-sera-primer-estado-en-lograr-vacunacion-universal-contra-covid-19-lopez-obrador\\\/\",\"url\":\"https:\\\/\\\/redamlo.com\\\/index.php\\\/2021\\\/06\\\/18\\\/baja-california-sera-primer-estado-en-lograr-vacunacion-universal-contra-covid-19-lopez-obrador\\\/\",\"name\":\"Baja California ser\u00e1 primer estado en lograr vacunaci\u00f3n universal contra Covid-19: L\u00f3pez Obrador - NOTICIAS DE LA 4T\",\"isPartOf\":{\"@id\":\"https:\\\/\\\/redamlo.com\\\/#website\"},\"primaryImageOfPage\":{\"@id\":\"https:\\\/\\\/redamlo.com\\\/index.php\\\/2021\\\/06\\\/18\\\/baja-california-sera-primer-estado-en-lograr-vacunacion-universal-contra-covid-19-lopez-obrador\\\/#primaryimage\"},\"image\":{\"@id\":\"https:\\\/\\\/redamlo.com\\\/index.php\\\/2021\\\/06\\\/18\\\/baja-california-sera-primer-estado-en-lograr-vacunacion-universal-contra-covid-19-lopez-obrador\\\/#primaryimage\"},\"thumbnailUrl\":\"https:\\\/\\\/redamlo.com\\\/wp-content\\\/uploads\\\/2021\\\/06\\\/Baja-California-sera-primer-estado-en-lograr-vacunacion-universal-contra-Covid-19-Lopez-Obrador.jpg\",\"datePublished\":\"2021-06-18T12:00:47+00:00\",\"breadcrumb\":{\"@id\":\"https:\\\/\\\/redamlo.com\\\/index.php\\\/2021\\\/06\\\/18\\\/baja-california-sera-primer-estado-en-lograr-vacunacion-universal-contra-covid-19-lopez-obrador\\\/#breadcrumb\"},\"inLanguage\":\"es\",\"potentialAction\":[{\"@type\":\"ReadAction\",\"target\":[\"https:\\\/\\\/redamlo.com\\\/index.php\\\/2021\\\/06\\\/18\\\/baja-california-sera-primer-estado-en-lograr-vacunacion-universal-contra-covid-19-lopez-obrador\\\/\"]}]},{\"@type\":\"ImageObject\",\"inLanguage\":\"es\",\"@id\":\"https:\\\/\\\/redamlo.com\\\/index.php\\\/2021\\\/06\\\/18\\\/baja-california-sera-primer-estado-en-lograr-vacunacion-universal-contra-covid-19-lopez-obrador\\\/#primaryimage\",\"url\":\"https:\\\/\\\/redamlo.com\\\/wp-content\\\/uploads\\\/2021\\\/06\\\/Baja-California-sera-primer-estado-en-lograr-vacunacion-universal-contra-Covid-19-Lopez-Obrador.jpg\",\"contentUrl\":\"https:\\\/\\\/redamlo.com\\\/wp-content\\\/uploads\\\/2021\\\/06\\\/Baja-California-sera-primer-estado-en-lograr-vacunacion-universal-contra-Covid-19-Lopez-Obrador.jpg\",\"width\":769,\"height\":461},{\"@type\":\"BreadcrumbList\",\"@id\":\"https:\\\/\\\/redamlo.com\\\/index.php\\\/2021\\\/06\\\/18\\\/baja-california-sera-primer-estado-en-lograr-vacunacion-universal-contra-covid-19-lopez-obrador\\\/#breadcrumb\",\"itemListElement\":[{\"@type\":\"ListItem\",\"position\":1,\"name\":\"Inicio\",\"item\":\"https:\\\/\\\/redamlo.com\\\/\"},{\"@type\":\"ListItem\",\"position\":2,\"name\":\"Baja California ser\u00e1 primer estado en lograr vacunaci\u00f3n universal contra Covid-19: L\u00f3pez Obrador\"}]},{\"@type\":\"WebSite\",\"@id\":\"https:\\\/\\\/redamlo.com\\\/#website\",\"url\":\"https:\\\/\\\/redamlo.com\\\/\",\"name\":\"NOTICIAS DE LA 4T\",\"description\":\"\",\"publisher\":{\"@id\":\"https:\\\/\\\/redamlo.com\\\/#organization\"},\"potentialAction\":[{\"@type\":\"SearchAction\",\"target\":{\"@type\":\"EntryPoint\",\"urlTemplate\":\"https:\\\/\\\/redamlo.com\\\/?s={search_term_string}\"},\"query-input\":{\"@type\":\"PropertyValueSpecification\",\"valueRequired\":true,\"valueName\":\"search_term_string\"}}],\"inLanguage\":\"es\"},{\"@type\":\"Organization\",\"@id\":\"https:\\\/\\\/redamlo.com\\\/#organization\",\"name\":\"NOTICIAS DE LA 4T\",\"url\":\"https:\\\/\\\/redamlo.com\\\/\",\"logo\":{\"@type\":\"ImageObject\",\"inLanguage\":\"es\",\"@id\":\"https:\\\/\\\/redamlo.com\\\/#\\\/schema\\\/logo\\\/image\\\/\",\"url\":\"https:\\\/\\\/redamlo.com\\\/wp-content\\\/uploads\\\/2024\\\/08\\\/cropped-RED-AMLO-logo-50.png\",\"contentUrl\":\"https:\\\/\\\/redamlo.com\\\/wp-content\\\/uploads\\\/2024\\\/08\\\/cropped-RED-AMLO-logo-50.png\",\"width\":256,\"height\":256,\"caption\":\"NOTICIAS DE LA 4T\"},\"image\":{\"@id\":\"https:\\\/\\\/redamlo.com\\\/#\\\/schema\\\/logo\\\/image\\\/\"}},{\"@type\":\"Person\",\"@id\":\"https:\\\/\\\/redamlo.com\\\/#\\\/schema\\\/person\\\/7223a4375eb8f1a782fcae010a7115cf\",\"name\":\"Blanca\",\"image\":{\"@type\":\"ImageObject\",\"inLanguage\":\"es\",\"@id\":\"https:\\\/\\\/secure.gravatar.com\\\/avatar\\\/3f79bc8336367a4e6093eae8757acaaf61d1124834b905616de7829b0273426d?s=96&d=mm&r=g\",\"url\":\"https:\\\/\\\/secure.gravatar.com\\\/avatar\\\/3f79bc8336367a4e6093eae8757acaaf61d1124834b905616de7829b0273426d?s=96&d=mm&r=g\",\"contentUrl\":\"https:\\\/\\\/secure.gravatar.com\\\/avatar\\\/3f79bc8336367a4e6093eae8757acaaf61d1124834b905616de7829b0273426d?s=96&d=mm&r=g\",\"caption\":\"Blanca\"},\"url\":\"https:\\\/\\\/redamlo.com\\\/index.php\\\/author\\\/blanca\\\/\"}]}<\/script>\n<!-- \/ Yoast SEO plugin. -->","yoast_head_json":{"title":"Baja California ser\u00e1 primer estado en lograr vacunaci\u00f3n universal contra Covid-19: L\u00f3pez Obrador - NOTICIAS DE LA 4T","robots":{"index":"noindex","follow":"follow","max-snippet":"max-snippet:-1","max-image-preview":"max-image-preview:large","max-video-preview":"max-video-preview:-1"},"og_locale":"es_MX","og_type":"article","og_title":"Baja California ser\u00e1 primer estado en lograr vacunaci\u00f3n universal contra Covid-19: L\u00f3pez Obrador - NOTICIAS DE LA 4T","og_description":"M\u00c9XICO, 18 de junio de 2021.- En los pr\u00f3ximos d\u00edas Baja California se convertir\u00e1 en...","og_url":"https:\/\/redamlo.com\/index.php\/2021\/06\/18\/baja-california-sera-primer-estado-en-lograr-vacunacion-universal-contra-covid-19-lopez-obrador\/","og_site_name":"NOTICIAS DE LA 4T","article_published_time":"2021-06-18T12:00:47+00:00","og_image":[{"width":769,"height":461,"url":"https:\/\/redamlo.com\/wp-content\/uploads\/2021\/06\/Baja-California-sera-primer-estado-en-lograr-vacunacion-universal-contra-Covid-19-Lopez-Obrador.jpg","type":"image\/jpeg"}],"author":"Blanca","twitter_card":"summary_large_image","twitter_misc":{"Escrito por":"Blanca","Tiempo de lectura":"3 minutos"},"schema":{"@context":"https:\/\/schema.org","@graph":[{"@type":"Article","@id":"https:\/\/redamlo.com\/index.php\/2021\/06\/18\/baja-california-sera-primer-estado-en-lograr-vacunacion-universal-contra-covid-19-lopez-obrador\/#article","isPartOf":{"@id":"https:\/\/redamlo.com\/index.php\/2021\/06\/18\/baja-california-sera-primer-estado-en-lograr-vacunacion-universal-contra-covid-19-lopez-obrador\/"},"author":{"name":"Blanca","@id":"https:\/\/redamlo.com\/#\/schema\/person\/7223a4375eb8f1a782fcae010a7115cf"},"headline":"Baja California ser\u00e1 primer estado en lograr vacunaci\u00f3n universal contra Covid-19: L\u00f3pez Obrador","datePublished":"2021-06-18T12:00:47+00:00","mainEntityOfPage":{"@id":"https:\/\/redamlo.com\/index.php\/2021\/06\/18\/baja-california-sera-primer-estado-en-lograr-vacunacion-universal-contra-covid-19-lopez-obrador\/"},"wordCount":560,"commentCount":0,"publisher":{"@id":"https:\/\/redamlo.com\/#organization"},"image":{"@id":"https:\/\/redamlo.com\/index.php\/2021\/06\/18\/baja-california-sera-primer-estado-en-lograr-vacunacion-universal-contra-covid-19-lopez-obrador\/#primaryimage"},"thumbnailUrl":"https:\/\/redamlo.com\/wp-content\/uploads\/2021\/06\/Baja-California-sera-primer-estado-en-lograr-vacunacion-universal-contra-Covid-19-Lopez-Obrador.jpg","keywords":["AMLO","Andr\u00e9s Manuel L\u00f3pez Obrador","Baja California","COVID-19","Gobierno de M\u00e9xico","M\u00e9xico","pandemia","Plan Nacional de Vacunaci\u00f3n","SARS-CoV-2","vacunaci\u00f3n universal"],"articleSection":["4T","Nacionales","Presidencia"],"inLanguage":"es","potentialAction":[{"@type":"CommentAction","name":"Comment","target":["https:\/\/redamlo.com\/index.php\/2021\/06\/18\/baja-california-sera-primer-estado-en-lograr-vacunacion-universal-contra-covid-19-lopez-obrador\/#respond"]}]},{"@type":"WebPage","@id":"https:\/\/redamlo.com\/index.php\/2021\/06\/18\/baja-california-sera-primer-estado-en-lograr-vacunacion-universal-contra-covid-19-lopez-obrador\/","url":"https:\/\/redamlo.com\/index.php\/2021\/06\/18\/baja-california-sera-primer-estado-en-lograr-vacunacion-universal-contra-covid-19-lopez-obrador\/","name":"Baja California ser\u00e1 primer estado en lograr vacunaci\u00f3n universal contra Covid-19: L\u00f3pez Obrador - NOTICIAS DE LA 4T","isPartOf":{"@id":"https:\/\/redamlo.com\/#website"},"primaryImageOfPage":{"@id":"https:\/\/redamlo.com\/index.php\/2021\/06\/18\/baja-california-sera-primer-estado-en-lograr-vacunacion-universal-contra-covid-19-lopez-obrador\/#primaryimage"},"image":{"@id":"https:\/\/redamlo.com\/index.php\/2021\/06\/18\/baja-california-sera-primer-estado-en-lograr-vacunacion-universal-contra-covid-19-lopez-obrador\/#primaryimage"},"thumbnailUrl":"https:\/\/redamlo.com\/wp-content\/uploads\/2021\/06\/Baja-California-sera-primer-estado-en-lograr-vacunacion-universal-contra-Covid-19-Lopez-Obrador.jpg","datePublished":"2021-06-18T12:00:47+00:00","breadcrumb":{"@id":"https:\/\/redamlo.com\/index.php\/2021\/06\/18\/baja-california-sera-primer-estado-en-lograr-vacunacion-universal-contra-covid-19-lopez-obrador\/#breadcrumb"},"inLanguage":"es","potentialAction":[{"@type":"ReadAction","target":["https:\/\/redamlo.com\/index.php\/2021\/06\/18\/baja-california-sera-primer-estado-en-lograr-vacunacion-universal-contra-covid-19-lopez-obrador\/"]}]},{"@type":"ImageObject","inLanguage":"es","@id":"https:\/\/redamlo.com\/index.php\/2021\/06\/18\/baja-california-sera-primer-estado-en-lograr-vacunacion-universal-contra-covid-19-lopez-obrador\/#primaryimage","url":"https:\/\/redamlo.com\/wp-content\/uploads\/2021\/06\/Baja-California-sera-primer-estado-en-lograr-vacunacion-universal-contra-Covid-19-Lopez-Obrador.jpg","contentUrl":"https:\/\/redamlo.com\/wp-content\/uploads\/2021\/06\/Baja-California-sera-primer-estado-en-lograr-vacunacion-universal-contra-Covid-19-Lopez-Obrador.jpg","width":769,"height":461},{"@type":"BreadcrumbList","@id":"https:\/\/redamlo.com\/index.php\/2021\/06\/18\/baja-california-sera-primer-estado-en-lograr-vacunacion-universal-contra-covid-19-lopez-obrador\/#breadcrumb","itemListElement":[{"@type":"ListItem","position":1,"name":"Inicio","item":"https:\/\/redamlo.com\/"},{"@type":"ListItem","position":2,"name":"Baja California ser\u00e1 primer estado en lograr vacunaci\u00f3n universal contra Covid-19: L\u00f3pez Obrador"}]},{"@type":"WebSite","@id":"https:\/\/redamlo.com\/#website","url":"https:\/\/redamlo.com\/","name":"NOTICIAS DE LA 4T","description":"","publisher":{"@id":"https:\/\/redamlo.com\/#organization"},"potentialAction":[{"@type":"SearchAction","target":{"@type":"EntryPoint","urlTemplate":"https:\/\/redamlo.com\/?s={search_term_string}"},"query-input":{"@type":"PropertyValueSpecification","valueRequired":true,"valueName":"search_term_string"}}],"inLanguage":"es"},{"@type":"Organization","@id":"https:\/\/redamlo.com\/#organization","name":"NOTICIAS DE LA 4T","url":"https:\/\/redamlo.com\/","logo":{"@type":"ImageObject","inLanguage":"es","@id":"https:\/\/redamlo.com\/#\/schema\/logo\/image\/","url":"https:\/\/redamlo.com\/wp-content\/uploads\/2024\/08\/cropped-RED-AMLO-logo-50.png","contentUrl":"https:\/\/redamlo.com\/wp-content\/uploads\/2024\/08\/cropped-RED-AMLO-logo-50.png","width":256,"height":256,"caption":"NOTICIAS DE LA 4T"},"image":{"@id":"https:\/\/redamlo.com\/#\/schema\/logo\/image\/"}},{"@type":"Person","@id":"https:\/\/redamlo.com\/#\/schema\/person\/7223a4375eb8f1a782fcae010a7115cf","name":"Blanca","image":{"@type":"ImageObject","inLanguage":"es","@id":"https:\/\/secure.gravatar.com\/avatar\/3f79bc8336367a4e6093eae8757acaaf61d1124834b905616de7829b0273426d?s=96&d=mm&r=g","url":"https:\/\/secure.gravatar.com\/avatar\/3f79bc8336367a4e6093eae8757acaaf61d1124834b905616de7829b0273426d?s=96&d=mm&r=g","contentUrl":"https:\/\/secure.gravatar.com\/avatar\/3f79bc8336367a4e6093eae8757acaaf61d1124834b905616de7829b0273426d?s=96&d=mm&r=g","caption":"Blanca"},"url":"https:\/\/redamlo.com\/index.php\/author\/blanca\/"}]}},"_links":{"self":[{"href":"https:\/\/redamlo.com\/index.php\/wp-json\/wp\/v2\/posts\/4665","targetHints":{"allow":["GET"]}}],"collection":[{"href":"https:\/\/redamlo.com\/index.php\/wp-json\/wp\/v2\/posts"}],"about":[{"href":"https:\/\/redamlo.com\/index.php\/wp-json\/wp\/v2\/types\/post"}],"author":[{"embeddable":true,"href":"https:\/\/redamlo.com\/index.php\/wp-json\/wp\/v2\/users\/2"}],"replies":[{"embeddable":true,"href":"https:\/\/redamlo.com\/index.php\/wp-json\/wp\/v2\/comments?post=4665"}],"version-history":[{"count":0,"href":"https:\/\/redamlo.com\/index.php\/wp-json\/wp\/v2\/posts\/4665\/revisions"}],"wp:featuredmedia":[{"embeddable":true,"href":"https:\/\/redamlo.com\/index.php\/wp-json\/wp\/v2\/media\/4668"}],"wp:attachment":[{"href":"https:\/\/redamlo.com\/index.php\/wp-json\/wp\/v2\/media?parent=4665"}],"wp:term":[{"taxonomy":"category","embeddable":true,"href":"https:\/\/redamlo.com\/index.php\/wp-json\/wp\/v2\/categories?post=4665"},{"taxonomy":"post_tag","embeddable":true,"href":"https:\/\/redamlo.com\/index.php\/wp-json\/wp\/v2\/tags?post=4665"}],"curies":[{"name":"wp","href":"https:\/\/api.w.org\/{rel}","templated":true}]}}