{"id":4661,"date":"2021-06-17T12:00:39","date_gmt":"2021-06-17T12:00:39","guid":{"rendered":"https:\/\/redamlo.com\/?p=4661"},"modified":"2021-06-17T12:00:39","modified_gmt":"2021-06-17T12:00:39","slug":"inicia-vacunacion-a-poblacion-de-18-a-40-anos-de-baja-california-anuncia-lopez-obrador","status":"publish","type":"post","link":"https:\/\/redamlo.com\/index.php\/2021\/06\/17\/inicia-vacunacion-a-poblacion-de-18-a-40-anos-de-baja-california-anuncia-lopez-obrador\/","title":{"rendered":"Inicia vacunaci\u00f3n a poblaci\u00f3n de 18 a 40 a\u00f1os de Baja California, anuncia L\u00f3pez Obrador"},"content":{"rendered":"<p style=\"text-align: justify;\"><span style=\"color: #000000; font-family: Arial, Helvetica, sans-serif;\">M\u00c9XICO, 17 de junio de 2021.- Hoy inicia la vacunaci\u00f3n de las y los habitantes mayores de 18 a\u00f1os de los seis municipios de Baja California, inform\u00f3 el presidente de M\u00e9xico, Andr\u00e9s Manuel L\u00f3pez Obrador.<\/span><\/p>\n<p style=\"text-align: justify;\"><span style=\"color: #000000; font-family: Arial, Helvetica, sans-serif;\">\u201cEsperamos terminar en diez d\u00edas. Ser\u00e1 el primer estado en el que vamos a concluir al cien por ciento la vacunaci\u00f3n utilizando las vacunas que nos donaron del gobierno de Estados Unidos, un mill\u00f3n 350 mil dosis\u201d, resalt\u00f3.<\/span><\/p>\n<p style=\"text-align: justify;\"><span style=\"color: #000000; font-family: Arial, Helvetica, sans-serif;\">La acci\u00f3n que este d\u00eda se anuncia corresponde a un operativo especial implementado por la llegada del donativo de Estados Unidos de la vacuna Janssen de Johnson &amp; Johnson de una sola dosis; de manera simult\u00e1nea contin\u00faa la vacunaci\u00f3n en el pa\u00eds, explic\u00f3 el jefe del Ejecutivo.<\/span><\/p>\n<p style=\"text-align: justify;\"><span style=\"color: #000000; font-family: Arial, Helvetica, sans-serif;\">\u201cQueremos vacunar a la poblaci\u00f3n de los 39 municipios de la franja fronteriza para que se abra lo m\u00e1s pronto posible la frontera. Ese es el prop\u00f3sito\u201d, apunt\u00f3.<\/span><\/p>\n<p style=\"text-align: justify;\"><span style=\"color: #000000; font-family: Arial, Helvetica, sans-serif;\">Agreg\u00f3 que despu\u00e9s de inmunizar a la poblaci\u00f3n de 18 a 40 a\u00f1os de Baja California se desplegar\u00e1n las brigadas con los habitantes de Sonora, Chihuahua, Coahuila, Nuevo Le\u00f3n y Tamaulipas.<\/span><\/p>\n<p style=\"text-align: justify;\"><span style=\"color: #000000; font-family: Arial, Helvetica, sans-serif;\">\u201cYa se concluy\u00f3 la aplicaci\u00f3n de las primeras dosis en el rango de edades de 40 a 49 a\u00f1os en el caso de Baja California Sur y Quintana Roo. En esos dos estados, de 40 hacia adelante ya tienen vacuna aun con una dosis. Esta semana se enviaron segundas dosis correspondientes a personas con edades entre 50 a 59 a\u00f1os. La \u00faltima semana de junio se iniciar\u00e1 con vacunaci\u00f3n a personas de 30 a 39 a\u00f1os tanto en Baja California Sur como en Quintana Roo\u201d, abund\u00f3.<\/span><\/p>\n<p style=\"text-align: justify;\"><span style=\"color: #000000; font-family: Arial, Helvetica, sans-serif;\">En conferencia de prensa matutina, el mandatario agradeci\u00f3 el apoyo para llevar a cabo el operativo especial del Plan Nacional de Vacunaci\u00f3n a las secretar\u00edas de la Defensa Nacional, de Marina y de Seguridad y Protecci\u00f3n Ciudadana (SSPC).<\/span><\/p>\n<p style=\"text-align: justify;\"><span style=\"color: #000000; font-family: Arial, Helvetica, sans-serif;\">La titular de la SSPC, Rosa Icela Rodr\u00edguez destac\u00f3 que gracias al trabajo coordinado interinstitucional Baja California se convertir\u00e1 en la primera en concretar la vacunaci\u00f3n universal a partir de los 18 a\u00f1os.<\/span><\/p>\n<p style=\"text-align: justify;\"><span style=\"color: #000000; font-family: Arial, Helvetica, sans-serif;\">La meta, dijo, es aplicar entre 126 mil y 162 mil dosis de vacunas al d\u00eda, con un promedio estimado de 140 mil. Se instalar\u00e1n 16 centros de vacunaci\u00f3n y participar\u00e1n 306 c\u00e9lulas.<\/span><\/p>\n<p style=\"text-align: justify;\"><span style=\"color: #000000; font-family: Arial, Helvetica, sans-serif;\">Debido a las altas temperaturas que se registran en la regi\u00f3n los centros operar\u00e1n bajo tres modalidades: peatonal, vehicular y mixta.<\/span><\/p>\n<p style=\"text-align: justify;\"><span style=\"color: #000000; font-family: Arial, Helvetica, sans-serif;\">En funci\u00f3n de este factor tambi\u00e9n variar\u00e1n los horarios; atender\u00e1n de 7:00 a 18:00 horas, de 8:00 a 15:00 horas, de 8:00 a 18:00 horas y de 12:00 a 18:00 horas. Cabe destacar que solo tres centros recibir\u00e1n a las personas de 18:00 a 24:00 horas por el clima en la regi\u00f3n.<\/span><\/p>\n<p style=\"text-align: justify;\"><span style=\"color: #000000; font-family: Arial, Helvetica, sans-serif;\">La secretaria hizo un llamado a participar en la vacunaci\u00f3n con orden, paciencia y tolerancia, como sucedi\u00f3 en la etapa correspondiente a las personas adultas mayores.<\/span><\/p>\n<p style=\"text-align: justify;\"><span style=\"color: #000000; font-family: Arial, Helvetica, sans-serif;\">\u201cQue sepan que no se quedar\u00e1 nadie sin vacunar\u201d, expres\u00f3.<\/span><\/p>\n<p style=\"text-align: justify;\"><span style=\"color: #000000; font-family: Arial, Helvetica, sans-serif;\">Acompa\u00f1aron al presidente en el anuncio, los secretarios de la Defensa Nacional, Luis Cresencio Sandoval y de Marina, Rafael Ojeda Dur\u00e1n.<\/span><\/p>\n<p><iframe loading=\"lazy\" title=\"Inicia vacunaci\u00f3n a mayores de 18 a\u00f1os en Baja California. Conferencia presidente AMLO\" width=\"640\" height=\"360\" src=\"https:\/\/www.youtube.com\/embed\/FxnIyGSWkC8?feature=oembed\" frameborder=\"0\" allow=\"accelerometer; autoplay; clipboard-write; encrypted-media; gyroscope; picture-in-picture; web-share\" referrerpolicy=\"strict-origin-when-cross-origin\" allowfullscreen><\/iframe><\/p>\n","protected":false},"excerpt":{"rendered":"<p>M\u00c9XICO, 17 de junio de 2021.- Hoy inicia la vacunaci\u00f3n de las y los habitantes&#8230;<\/p>\n","protected":false},"author":2,"featured_media":4664,"comment_status":"open","ping_status":"closed","sticky":false,"template":"","format":"standard","meta":{"footnotes":""},"categories":[25,20,27],"tags":[84,131,260,473,556,9,567,89,680,475,992,577],"class_list":["post-4661","post","type-post","status-publish","format-standard","has-post-thumbnail","hentry","category-4t","category-nacionales","category-presidencia","tag-amlo","tag-andres-manuel-lopez-obrador","tag-baja-california","tag-covid-19","tag-gobierno-de-mexico","tag-mexico","tag-pandemia","tag-sedena","tag-sspc","tag-vacuna","tag-vacuna-janssen-de-johnson-johnson","tag-vacunacion"],"yoast_head":"<!-- This site is optimized with the Yoast SEO plugin v27.5 - https:\/\/yoast.com\/product\/yoast-seo-wordpress\/ -->\n<title>Inicia vacunaci\u00f3n a poblaci\u00f3n de 18 a 40 a\u00f1os de Baja California, anuncia L\u00f3pez Obrador - NOTICIAS DE LA 4T<\/title>\n<meta name=\"robots\" content=\"noindex, follow, max-snippet:-1, max-image-preview:large, max-video-preview:-1\" \/>\n<meta property=\"og:locale\" content=\"es_MX\" \/>\n<meta property=\"og:type\" content=\"article\" \/>\n<meta property=\"og:title\" content=\"Inicia vacunaci\u00f3n a poblaci\u00f3n de 18 a 40 a\u00f1os de Baja California, anuncia L\u00f3pez Obrador - NOTICIAS DE LA 4T\" \/>\n<meta property=\"og:description\" content=\"M\u00c9XICO, 17 de junio de 2021.- Hoy inicia la vacunaci\u00f3n de las y los habitantes...\" \/>\n<meta property=\"og:url\" content=\"https:\/\/redamlo.com\/index.php\/2021\/06\/17\/inicia-vacunacion-a-poblacion-de-18-a-40-anos-de-baja-california-anuncia-lopez-obrador\/\" \/>\n<meta property=\"og:site_name\" content=\"NOTICIAS DE LA 4T\" \/>\n<meta property=\"article:published_time\" content=\"2021-06-17T12:00:39+00:00\" \/>\n<meta property=\"og:image\" content=\"https:\/\/redamlo.com\/wp-content\/uploads\/2021\/06\/Inicia-vacunacion-a-poblacion-de-18-a-40-anos-de-Baja-California-anuncia-Lopez-Obrador.jpg\" \/>\n\t<meta property=\"og:image:width\" content=\"1493\" \/>\n\t<meta property=\"og:image:height\" content=\"873\" \/>\n\t<meta property=\"og:image:type\" content=\"image\/jpeg\" \/>\n<meta name=\"author\" content=\"Blanca\" \/>\n<meta name=\"twitter:card\" content=\"summary_large_image\" \/>\n<meta name=\"twitter:label1\" content=\"Escrito por\" \/>\n\t<meta name=\"twitter:data1\" content=\"Blanca\" \/>\n\t<meta name=\"twitter:label2\" content=\"Tiempo de lectura\" \/>\n\t<meta name=\"twitter:data2\" content=\"3 minutos\" \/>\n<script type=\"application\/ld+json\" class=\"yoast-schema-graph\">{\"@context\":\"https:\\\/\\\/schema.org\",\"@graph\":[{\"@type\":\"Article\",\"@id\":\"https:\\\/\\\/redamlo.com\\\/index.php\\\/2021\\\/06\\\/17\\\/inicia-vacunacion-a-poblacion-de-18-a-40-anos-de-baja-california-anuncia-lopez-obrador\\\/#article\",\"isPartOf\":{\"@id\":\"https:\\\/\\\/redamlo.com\\\/index.php\\\/2021\\\/06\\\/17\\\/inicia-vacunacion-a-poblacion-de-18-a-40-anos-de-baja-california-anuncia-lopez-obrador\\\/\"},\"author\":{\"name\":\"Blanca\",\"@id\":\"https:\\\/\\\/redamlo.com\\\/#\\\/schema\\\/person\\\/7223a4375eb8f1a782fcae010a7115cf\"},\"headline\":\"Inicia vacunaci\u00f3n a poblaci\u00f3n de 18 a 40 a\u00f1os de Baja California, anuncia L\u00f3pez Obrador\",\"datePublished\":\"2021-06-17T12:00:39+00:00\",\"mainEntityOfPage\":{\"@id\":\"https:\\\/\\\/redamlo.com\\\/index.php\\\/2021\\\/06\\\/17\\\/inicia-vacunacion-a-poblacion-de-18-a-40-anos-de-baja-california-anuncia-lopez-obrador\\\/\"},\"wordCount\":544,\"commentCount\":0,\"publisher\":{\"@id\":\"https:\\\/\\\/redamlo.com\\\/#organization\"},\"image\":{\"@id\":\"https:\\\/\\\/redamlo.com\\\/index.php\\\/2021\\\/06\\\/17\\\/inicia-vacunacion-a-poblacion-de-18-a-40-anos-de-baja-california-anuncia-lopez-obrador\\\/#primaryimage\"},\"thumbnailUrl\":\"https:\\\/\\\/redamlo.com\\\/wp-content\\\/uploads\\\/2021\\\/06\\\/Inicia-vacunacion-a-poblacion-de-18-a-40-anos-de-Baja-California-anuncia-Lopez-Obrador.jpg\",\"keywords\":[\"AMLO\",\"Andr\u00e9s Manuel L\u00f3pez Obrador\",\"Baja California\",\"COVID-19\",\"Gobierno de M\u00e9xico\",\"M\u00e9xico\",\"pandemia\",\"SEDENA\",\"SSPC\",\"vacuna\",\"vacuna Janssen de Johnson &amp; Johnson\",\"vacunaci\u00f3n\"],\"articleSection\":[\"4T\",\"Nacionales\",\"Presidencia\"],\"inLanguage\":\"es\",\"potentialAction\":[{\"@type\":\"CommentAction\",\"name\":\"Comment\",\"target\":[\"https:\\\/\\\/redamlo.com\\\/index.php\\\/2021\\\/06\\\/17\\\/inicia-vacunacion-a-poblacion-de-18-a-40-anos-de-baja-california-anuncia-lopez-obrador\\\/#respond\"]}]},{\"@type\":\"WebPage\",\"@id\":\"https:\\\/\\\/redamlo.com\\\/index.php\\\/2021\\\/06\\\/17\\\/inicia-vacunacion-a-poblacion-de-18-a-40-anos-de-baja-california-anuncia-lopez-obrador\\\/\",\"url\":\"https:\\\/\\\/redamlo.com\\\/index.php\\\/2021\\\/06\\\/17\\\/inicia-vacunacion-a-poblacion-de-18-a-40-anos-de-baja-california-anuncia-lopez-obrador\\\/\",\"name\":\"Inicia vacunaci\u00f3n a poblaci\u00f3n de 18 a 40 a\u00f1os de Baja California, anuncia L\u00f3pez Obrador - NOTICIAS DE LA 4T\",\"isPartOf\":{\"@id\":\"https:\\\/\\\/redamlo.com\\\/#website\"},\"primaryImageOfPage\":{\"@id\":\"https:\\\/\\\/redamlo.com\\\/index.php\\\/2021\\\/06\\\/17\\\/inicia-vacunacion-a-poblacion-de-18-a-40-anos-de-baja-california-anuncia-lopez-obrador\\\/#primaryimage\"},\"image\":{\"@id\":\"https:\\\/\\\/redamlo.com\\\/index.php\\\/2021\\\/06\\\/17\\\/inicia-vacunacion-a-poblacion-de-18-a-40-anos-de-baja-california-anuncia-lopez-obrador\\\/#primaryimage\"},\"thumbnailUrl\":\"https:\\\/\\\/redamlo.com\\\/wp-content\\\/uploads\\\/2021\\\/06\\\/Inicia-vacunacion-a-poblacion-de-18-a-40-anos-de-Baja-California-anuncia-Lopez-Obrador.jpg\",\"datePublished\":\"2021-06-17T12:00:39+00:00\",\"breadcrumb\":{\"@id\":\"https:\\\/\\\/redamlo.com\\\/index.php\\\/2021\\\/06\\\/17\\\/inicia-vacunacion-a-poblacion-de-18-a-40-anos-de-baja-california-anuncia-lopez-obrador\\\/#breadcrumb\"},\"inLanguage\":\"es\",\"potentialAction\":[{\"@type\":\"ReadAction\",\"target\":[\"https:\\\/\\\/redamlo.com\\\/index.php\\\/2021\\\/06\\\/17\\\/inicia-vacunacion-a-poblacion-de-18-a-40-anos-de-baja-california-anuncia-lopez-obrador\\\/\"]}]},{\"@type\":\"ImageObject\",\"inLanguage\":\"es\",\"@id\":\"https:\\\/\\\/redamlo.com\\\/index.php\\\/2021\\\/06\\\/17\\\/inicia-vacunacion-a-poblacion-de-18-a-40-anos-de-baja-california-anuncia-lopez-obrador\\\/#primaryimage\",\"url\":\"https:\\\/\\\/redamlo.com\\\/wp-content\\\/uploads\\\/2021\\\/06\\\/Inicia-vacunacion-a-poblacion-de-18-a-40-anos-de-Baja-California-anuncia-Lopez-Obrador.jpg\",\"contentUrl\":\"https:\\\/\\\/redamlo.com\\\/wp-content\\\/uploads\\\/2021\\\/06\\\/Inicia-vacunacion-a-poblacion-de-18-a-40-anos-de-Baja-California-anuncia-Lopez-Obrador.jpg\",\"width\":1493,\"height\":873},{\"@type\":\"BreadcrumbList\",\"@id\":\"https:\\\/\\\/redamlo.com\\\/index.php\\\/2021\\\/06\\\/17\\\/inicia-vacunacion-a-poblacion-de-18-a-40-anos-de-baja-california-anuncia-lopez-obrador\\\/#breadcrumb\",\"itemListElement\":[{\"@type\":\"ListItem\",\"position\":1,\"name\":\"Inicio\",\"item\":\"https:\\\/\\\/redamlo.com\\\/\"},{\"@type\":\"ListItem\",\"position\":2,\"name\":\"Inicia vacunaci\u00f3n a poblaci\u00f3n de 18 a 40 a\u00f1os de Baja California, anuncia L\u00f3pez Obrador\"}]},{\"@type\":\"WebSite\",\"@id\":\"https:\\\/\\\/redamlo.com\\\/#website\",\"url\":\"https:\\\/\\\/redamlo.com\\\/\",\"name\":\"NOTICIAS DE LA 4T\",\"description\":\"\",\"publisher\":{\"@id\":\"https:\\\/\\\/redamlo.com\\\/#organization\"},\"potentialAction\":[{\"@type\":\"SearchAction\",\"target\":{\"@type\":\"EntryPoint\",\"urlTemplate\":\"https:\\\/\\\/redamlo.com\\\/?s={search_term_string}\"},\"query-input\":{\"@type\":\"PropertyValueSpecification\",\"valueRequired\":true,\"valueName\":\"search_term_string\"}}],\"inLanguage\":\"es\"},{\"@type\":\"Organization\",\"@id\":\"https:\\\/\\\/redamlo.com\\\/#organization\",\"name\":\"NOTICIAS DE LA 4T\",\"url\":\"https:\\\/\\\/redamlo.com\\\/\",\"logo\":{\"@type\":\"ImageObject\",\"inLanguage\":\"es\",\"@id\":\"https:\\\/\\\/redamlo.com\\\/#\\\/schema\\\/logo\\\/image\\\/\",\"url\":\"https:\\\/\\\/redamlo.com\\\/wp-content\\\/uploads\\\/2024\\\/08\\\/cropped-RED-AMLO-logo-50.png\",\"contentUrl\":\"https:\\\/\\\/redamlo.com\\\/wp-content\\\/uploads\\\/2024\\\/08\\\/cropped-RED-AMLO-logo-50.png\",\"width\":256,\"height\":256,\"caption\":\"NOTICIAS DE LA 4T\"},\"image\":{\"@id\":\"https:\\\/\\\/redamlo.com\\\/#\\\/schema\\\/logo\\\/image\\\/\"}},{\"@type\":\"Person\",\"@id\":\"https:\\\/\\\/redamlo.com\\\/#\\\/schema\\\/person\\\/7223a4375eb8f1a782fcae010a7115cf\",\"name\":\"Blanca\",\"image\":{\"@type\":\"ImageObject\",\"inLanguage\":\"es\",\"@id\":\"https:\\\/\\\/secure.gravatar.com\\\/avatar\\\/3f79bc8336367a4e6093eae8757acaaf61d1124834b905616de7829b0273426d?s=96&d=mm&r=g\",\"url\":\"https:\\\/\\\/secure.gravatar.com\\\/avatar\\\/3f79bc8336367a4e6093eae8757acaaf61d1124834b905616de7829b0273426d?s=96&d=mm&r=g\",\"contentUrl\":\"https:\\\/\\\/secure.gravatar.com\\\/avatar\\\/3f79bc8336367a4e6093eae8757acaaf61d1124834b905616de7829b0273426d?s=96&d=mm&r=g\",\"caption\":\"Blanca\"},\"url\":\"https:\\\/\\\/redamlo.com\\\/index.php\\\/author\\\/blanca\\\/\"}]}<\/script>\n<!-- \/ Yoast SEO plugin. -->","yoast_head_json":{"title":"Inicia vacunaci\u00f3n a poblaci\u00f3n de 18 a 40 a\u00f1os de Baja California, anuncia L\u00f3pez Obrador - NOTICIAS DE LA 4T","robots":{"index":"noindex","follow":"follow","max-snippet":"max-snippet:-1","max-image-preview":"max-image-preview:large","max-video-preview":"max-video-preview:-1"},"og_locale":"es_MX","og_type":"article","og_title":"Inicia vacunaci\u00f3n a poblaci\u00f3n de 18 a 40 a\u00f1os de Baja California, anuncia L\u00f3pez Obrador - NOTICIAS DE LA 4T","og_description":"M\u00c9XICO, 17 de junio de 2021.- Hoy inicia la vacunaci\u00f3n de las y los habitantes...","og_url":"https:\/\/redamlo.com\/index.php\/2021\/06\/17\/inicia-vacunacion-a-poblacion-de-18-a-40-anos-de-baja-california-anuncia-lopez-obrador\/","og_site_name":"NOTICIAS DE LA 4T","article_published_time":"2021-06-17T12:00:39+00:00","og_image":[{"width":1493,"height":873,"url":"https:\/\/redamlo.com\/wp-content\/uploads\/2021\/06\/Inicia-vacunacion-a-poblacion-de-18-a-40-anos-de-Baja-California-anuncia-Lopez-Obrador.jpg","type":"image\/jpeg"}],"author":"Blanca","twitter_card":"summary_large_image","twitter_misc":{"Escrito por":"Blanca","Tiempo de lectura":"3 minutos"},"schema":{"@context":"https:\/\/schema.org","@graph":[{"@type":"Article","@id":"https:\/\/redamlo.com\/index.php\/2021\/06\/17\/inicia-vacunacion-a-poblacion-de-18-a-40-anos-de-baja-california-anuncia-lopez-obrador\/#article","isPartOf":{"@id":"https:\/\/redamlo.com\/index.php\/2021\/06\/17\/inicia-vacunacion-a-poblacion-de-18-a-40-anos-de-baja-california-anuncia-lopez-obrador\/"},"author":{"name":"Blanca","@id":"https:\/\/redamlo.com\/#\/schema\/person\/7223a4375eb8f1a782fcae010a7115cf"},"headline":"Inicia vacunaci\u00f3n a poblaci\u00f3n de 18 a 40 a\u00f1os de Baja California, anuncia L\u00f3pez Obrador","datePublished":"2021-06-17T12:00:39+00:00","mainEntityOfPage":{"@id":"https:\/\/redamlo.com\/index.php\/2021\/06\/17\/inicia-vacunacion-a-poblacion-de-18-a-40-anos-de-baja-california-anuncia-lopez-obrador\/"},"wordCount":544,"commentCount":0,"publisher":{"@id":"https:\/\/redamlo.com\/#organization"},"image":{"@id":"https:\/\/redamlo.com\/index.php\/2021\/06\/17\/inicia-vacunacion-a-poblacion-de-18-a-40-anos-de-baja-california-anuncia-lopez-obrador\/#primaryimage"},"thumbnailUrl":"https:\/\/redamlo.com\/wp-content\/uploads\/2021\/06\/Inicia-vacunacion-a-poblacion-de-18-a-40-anos-de-Baja-California-anuncia-Lopez-Obrador.jpg","keywords":["AMLO","Andr\u00e9s Manuel L\u00f3pez Obrador","Baja California","COVID-19","Gobierno de M\u00e9xico","M\u00e9xico","pandemia","SEDENA","SSPC","vacuna","vacuna Janssen de Johnson &amp; Johnson","vacunaci\u00f3n"],"articleSection":["4T","Nacionales","Presidencia"],"inLanguage":"es","potentialAction":[{"@type":"CommentAction","name":"Comment","target":["https:\/\/redamlo.com\/index.php\/2021\/06\/17\/inicia-vacunacion-a-poblacion-de-18-a-40-anos-de-baja-california-anuncia-lopez-obrador\/#respond"]}]},{"@type":"WebPage","@id":"https:\/\/redamlo.com\/index.php\/2021\/06\/17\/inicia-vacunacion-a-poblacion-de-18-a-40-anos-de-baja-california-anuncia-lopez-obrador\/","url":"https:\/\/redamlo.com\/index.php\/2021\/06\/17\/inicia-vacunacion-a-poblacion-de-18-a-40-anos-de-baja-california-anuncia-lopez-obrador\/","name":"Inicia vacunaci\u00f3n a poblaci\u00f3n de 18 a 40 a\u00f1os de Baja California, anuncia L\u00f3pez Obrador - NOTICIAS DE LA 4T","isPartOf":{"@id":"https:\/\/redamlo.com\/#website"},"primaryImageOfPage":{"@id":"https:\/\/redamlo.com\/index.php\/2021\/06\/17\/inicia-vacunacion-a-poblacion-de-18-a-40-anos-de-baja-california-anuncia-lopez-obrador\/#primaryimage"},"image":{"@id":"https:\/\/redamlo.com\/index.php\/2021\/06\/17\/inicia-vacunacion-a-poblacion-de-18-a-40-anos-de-baja-california-anuncia-lopez-obrador\/#primaryimage"},"thumbnailUrl":"https:\/\/redamlo.com\/wp-content\/uploads\/2021\/06\/Inicia-vacunacion-a-poblacion-de-18-a-40-anos-de-Baja-California-anuncia-Lopez-Obrador.jpg","datePublished":"2021-06-17T12:00:39+00:00","breadcrumb":{"@id":"https:\/\/redamlo.com\/index.php\/2021\/06\/17\/inicia-vacunacion-a-poblacion-de-18-a-40-anos-de-baja-california-anuncia-lopez-obrador\/#breadcrumb"},"inLanguage":"es","potentialAction":[{"@type":"ReadAction","target":["https:\/\/redamlo.com\/index.php\/2021\/06\/17\/inicia-vacunacion-a-poblacion-de-18-a-40-anos-de-baja-california-anuncia-lopez-obrador\/"]}]},{"@type":"ImageObject","inLanguage":"es","@id":"https:\/\/redamlo.com\/index.php\/2021\/06\/17\/inicia-vacunacion-a-poblacion-de-18-a-40-anos-de-baja-california-anuncia-lopez-obrador\/#primaryimage","url":"https:\/\/redamlo.com\/wp-content\/uploads\/2021\/06\/Inicia-vacunacion-a-poblacion-de-18-a-40-anos-de-Baja-California-anuncia-Lopez-Obrador.jpg","contentUrl":"https:\/\/redamlo.com\/wp-content\/uploads\/2021\/06\/Inicia-vacunacion-a-poblacion-de-18-a-40-anos-de-Baja-California-anuncia-Lopez-Obrador.jpg","width":1493,"height":873},{"@type":"BreadcrumbList","@id":"https:\/\/redamlo.com\/index.php\/2021\/06\/17\/inicia-vacunacion-a-poblacion-de-18-a-40-anos-de-baja-california-anuncia-lopez-obrador\/#breadcrumb","itemListElement":[{"@type":"ListItem","position":1,"name":"Inicio","item":"https:\/\/redamlo.com\/"},{"@type":"ListItem","position":2,"name":"Inicia vacunaci\u00f3n a poblaci\u00f3n de 18 a 40 a\u00f1os de Baja California, anuncia L\u00f3pez Obrador"}]},{"@type":"WebSite","@id":"https:\/\/redamlo.com\/#website","url":"https:\/\/redamlo.com\/","name":"NOTICIAS DE LA 4T","description":"","publisher":{"@id":"https:\/\/redamlo.com\/#organization"},"potentialAction":[{"@type":"SearchAction","target":{"@type":"EntryPoint","urlTemplate":"https:\/\/redamlo.com\/?s={search_term_string}"},"query-input":{"@type":"PropertyValueSpecification","valueRequired":true,"valueName":"search_term_string"}}],"inLanguage":"es"},{"@type":"Organization","@id":"https:\/\/redamlo.com\/#organization","name":"NOTICIAS DE LA 4T","url":"https:\/\/redamlo.com\/","logo":{"@type":"ImageObject","inLanguage":"es","@id":"https:\/\/redamlo.com\/#\/schema\/logo\/image\/","url":"https:\/\/redamlo.com\/wp-content\/uploads\/2024\/08\/cropped-RED-AMLO-logo-50.png","contentUrl":"https:\/\/redamlo.com\/wp-content\/uploads\/2024\/08\/cropped-RED-AMLO-logo-50.png","width":256,"height":256,"caption":"NOTICIAS DE LA 4T"},"image":{"@id":"https:\/\/redamlo.com\/#\/schema\/logo\/image\/"}},{"@type":"Person","@id":"https:\/\/redamlo.com\/#\/schema\/person\/7223a4375eb8f1a782fcae010a7115cf","name":"Blanca","image":{"@type":"ImageObject","inLanguage":"es","@id":"https:\/\/secure.gravatar.com\/avatar\/3f79bc8336367a4e6093eae8757acaaf61d1124834b905616de7829b0273426d?s=96&d=mm&r=g","url":"https:\/\/secure.gravatar.com\/avatar\/3f79bc8336367a4e6093eae8757acaaf61d1124834b905616de7829b0273426d?s=96&d=mm&r=g","contentUrl":"https:\/\/secure.gravatar.com\/avatar\/3f79bc8336367a4e6093eae8757acaaf61d1124834b905616de7829b0273426d?s=96&d=mm&r=g","caption":"Blanca"},"url":"https:\/\/redamlo.com\/index.php\/author\/blanca\/"}]}},"_links":{"self":[{"href":"https:\/\/redamlo.com\/index.php\/wp-json\/wp\/v2\/posts\/4661","targetHints":{"allow":["GET"]}}],"collection":[{"href":"https:\/\/redamlo.com\/index.php\/wp-json\/wp\/v2\/posts"}],"about":[{"href":"https:\/\/redamlo.com\/index.php\/wp-json\/wp\/v2\/types\/post"}],"author":[{"embeddable":true,"href":"https:\/\/redamlo.com\/index.php\/wp-json\/wp\/v2\/users\/2"}],"replies":[{"embeddable":true,"href":"https:\/\/redamlo.com\/index.php\/wp-json\/wp\/v2\/comments?post=4661"}],"version-history":[{"count":0,"href":"https:\/\/redamlo.com\/index.php\/wp-json\/wp\/v2\/posts\/4661\/revisions"}],"wp:featuredmedia":[{"embeddable":true,"href":"https:\/\/redamlo.com\/index.php\/wp-json\/wp\/v2\/media\/4664"}],"wp:attachment":[{"href":"https:\/\/redamlo.com\/index.php\/wp-json\/wp\/v2\/media?parent=4661"}],"wp:term":[{"taxonomy":"category","embeddable":true,"href":"https:\/\/redamlo.com\/index.php\/wp-json\/wp\/v2\/categories?post=4661"},{"taxonomy":"post_tag","embeddable":true,"href":"https:\/\/redamlo.com\/index.php\/wp-json\/wp\/v2\/tags?post=4661"}],"curies":[{"name":"wp","href":"https:\/\/api.w.org\/{rel}","templated":true}]}}