{"id":4654,"date":"2021-06-15T17:00:55","date_gmt":"2021-06-15T17:00:55","guid":{"rendered":"https:\/\/redamlo.com\/?p=4654"},"modified":"2021-06-15T17:00:55","modified_gmt":"2021-06-15T17:00:55","slug":"recibe-lopez-obrador-segunda-dosis-de-vacuna-contra-covid-19","status":"publish","type":"post","link":"https:\/\/redamlo.com\/index.php\/2021\/06\/15\/recibe-lopez-obrador-segunda-dosis-de-vacuna-contra-covid-19\/","title":{"rendered":"Recibe L\u00f3pez Obrador segunda dosis de vacuna contra Covid-19"},"content":{"rendered":"<p style=\"text-align: justify;\"><span style=\"color: #000000; font-family: Arial, Helvetica, sans-serif;\">M\u00c9XICO, 15 de junio de 2021.- El presidente de M\u00e9xico, Andr\u00e9s Manuel L\u00f3pez Obrador recibi\u00f3 la segunda dosis de la vacuna contra Covid-19 e hizo un llamado a toda la poblaci\u00f3n mayor de 18 a\u00f1os para aplic\u00e1rsela cuando llegue su turno de acuerdo con las etapas del Plan Nacional de Vacunaci\u00f3n.<\/span><\/p>\n<p style=\"text-align: justify;\"><span style=\"color: #000000; font-family: Arial, Helvetica, sans-serif;\">En conferencia de prensa matutina tambi\u00e9n exhort\u00f3 a mantener cuidados para prevenir la propagaci\u00f3n de la enfermedad que causa el virus SARS-CoV-2. Dijo que \u201caun cuando la epidemia est\u00e1 a la baja, que son pocos los contagios, no debemos confiarnos\u201d.<\/span><\/p>\n<p style=\"text-align: justify;\"><span style=\"color: #000000; font-family: Arial, Helvetica, sans-serif;\">Al mismo tiempo, el jefe del Ejecutivo llam\u00f3 a buscar atenci\u00f3n m\u00e9dica oportuna ante la aparici\u00f3n de s\u00edntomas.<\/span><\/p>\n<p style=\"text-align: justify;\"><span style=\"color: #000000; font-family: Arial, Helvetica, sans-serif;\">\u201cUna ense\u00f1anza de esta terrible pandemia es que para enfrentarla lo que ayuda mucho es acudir pronto al hospital y pronto hacernos la placa en pulmones\u201d, indic\u00f3.<\/span><\/p>\n<p style=\"text-align: justify;\"><span style=\"color: #000000; font-family: Arial, Helvetica, sans-serif;\">Agreg\u00f3 que ante la pandemia el Gobierno de la Cuarta Transformaci\u00f3n ha hecho todo lo posible para salvar vidas, como la reconversi\u00f3n hospitalaria, el equipamiento de unidades m\u00e9dicas con ventiladores y la contrataci\u00f3n y capacitaci\u00f3n de personal de salud para hacer frente a la emergencia sanitaria.<\/span><\/p>\n<p style=\"text-align: justify;\"><span style=\"color: #000000; font-family: Arial, Helvetica, sans-serif;\">\u201cSe intervino; no se escatimaron esfuerzos ni recursos. Hasta el d\u00eda de hoy hemos ejercido 20 mil millones de pesos en la adquisici\u00f3n de vacunas y no tenemos problemas; toda la atenci\u00f3n m\u00e9dica y las vacunas son gratuitas\u201d, remarc\u00f3.<\/span><\/p>\n<p style=\"text-align: justify;\"><span style=\"color: #000000; font-family: Arial, Helvetica, sans-serif;\">Inform\u00f3 que, de 30 pa\u00edses, M\u00e9xico ocupa el lugar n\u00famero 19 de personas fallecidas por mill\u00f3n de habitantes.<\/span><\/p>\n<p style=\"text-align: justify;\"><span style=\"color: #000000; font-family: Arial, Helvetica, sans-serif;\">En el continente el pa\u00eds tiene menos decesos que Brasil, Per\u00fa, Colombia, Argentina y Estados Unidos a causa del Covid-19.<\/span><\/p>\n<p style=\"text-align: justify;\"><span style=\"color: #000000; font-family: Arial, Helvetica, sans-serif;\">Afirm\u00f3 que las y los mexicanos tendr\u00e1n garantizado el derecho a la vacunaci\u00f3n, por lo que reafirm\u00f3 el compromiso de haber aplicado al menos la primera dosis para octubre a toda la poblaci\u00f3n mayor de 18 a\u00f1os.<\/span><\/p>\n<p style=\"text-align: justify;\"><span style=\"color: #000000; font-family: Arial, Helvetica, sans-serif;\">Actualmente M\u00e9xico se encuentra en el noveno lugar de los pa\u00edses con vacunas disponibles.<\/span><\/p>\n<p style=\"text-align: justify;\"><span style=\"color: #000000; font-family: Arial, Helvetica, sans-serif;\">\u201cSe ha hecho un gran esfuerzo. No podemos cantar victoria; tenemos que seguir cuid\u00e1ndonos. Es una enfermedad traicionera, un virus malo pero afortunadamente los m\u00e9dicos que han llevado a cabo toda la estrategia para enfrentar la pandemia han actuado muy bien, de manera profesional\u201d, subray\u00f3.<\/span><\/p>\n<p style=\"text-align: justify;\"><span style=\"color: #000000; font-family: Arial, Helvetica, sans-serif;\">El mandatario agradeci\u00f3 al subsecretario de Prevenci\u00f3n y Promoci\u00f3n de la Salud, Hugo L\u00f3pez-Gatell Ram\u00edrez y a su equipo la labor informativa y de conducci\u00f3n en el control de la epidemia.<\/span><\/p>\n<p style=\"text-align: justify;\"><span style=\"color: #000000; font-family: Arial, Helvetica, sans-serif;\">\u201cLo considero un profesional de primer orden, un hombre con conocimiento de su profesi\u00f3n, un destacado m\u00e9dico especialista, un hombre honesto, responsable, un ejemplo de servidor p\u00fablico. Le toc\u00f3 enfrentar las situaciones m\u00e1s dif\u00edciles, la incomprensi\u00f3n de nuestros adversarios, resisti\u00f3 provocaciones de todo tipo y sali\u00f3 adelante. Estamos muy contentos con su trabajo, su desempe\u00f1o para conducir todo este proceso y salir adelante, salvar vidas\u201d, expres\u00f3.<\/span><\/p>\n<p style=\"text-align: justify;\"><span style=\"color: #000000; font-family: Arial, Helvetica, sans-serif;\">\u201c\u00bfEn qu\u00e9 pa\u00eds del mundo se inici\u00f3 la informaci\u00f3n y la orientaci\u00f3n al pueblo desde el inicio de la pandemia y todos los d\u00edas y de manera transparente, abierta, sin ocultar nada?\u201d, a\u00f1adi\u00f3 el presidente.<\/span><\/p>\n<p style=\"text-align: justify;\"><span style=\"color: #000000; font-family: Arial, Helvetica, sans-serif;\">Sostuvo que es fundamental reconocer el trabajo de las y los integrantes del equipo de salud, as\u00ed como personal m\u00e9dico y de enfermer\u00eda que presta sus servicios en la primera l\u00ednea de respuesta.<\/span><\/p>\n<p style=\"text-align: justify;\"><span style=\"color: #000000; font-family: Arial, Helvetica, sans-serif;\">Asimismo, reafirm\u00f3 su convicci\u00f3n de procurar la gratuidad en los servicios de salud y en la educaci\u00f3n.<\/span><\/p>\n<p style=\"text-align: justify;\"><span style=\"color: #000000; font-family: Arial, Helvetica, sans-serif;\">\u201cNo a la privatizaci\u00f3n de la educaci\u00f3n, no a la privatizaci\u00f3n de la salud. No a la privatizaci\u00f3n del bienestar del pueblo\u201d, asever\u00f3.<\/span><\/p>\n<p style=\"text-align: justify;\"><span style=\"color: #000000; font-family: Arial, Helvetica, sans-serif;\">La atenci\u00f3n al desarrollo de la epidemia contin\u00faa aunque ya no se realizar\u00e1 la conferencia vespertina para presentar el informe t\u00e9cnico. En adelante, solo se presentar\u00e1 el tema en la secci\u00f3n el Pulso de la Salud del di\u00e1logo matutino con representantes de los medios, explic\u00f3 el mandatario.<\/span><\/p>\n<p style=\"text-align: justify;\"><span style=\"color: #000000; font-family: Arial, Helvetica, sans-serif;\">Hasta este d\u00eda la Secretar\u00eda de Salud reporta un mill\u00f3n 956 mil 576 personas recuperadas de Covid-19.<\/span><\/p>\n<p style=\"text-align: justify;\"><span style=\"color: #000000; font-family: Arial, Helvetica, sans-serif;\">Derivado de la implementaci\u00f3n del Plan Nacional de Vacunaci\u00f3n, 26 millones 422 mil 800 personas vacunadas con esquemas completos que representan el 30 por ciento de la poblaci\u00f3n mayor de 18 a\u00f1os.<\/span><\/p>\n<p><iframe loading=\"lazy\" title=\"Llegan vacunas donadas por gobierno de Estados Unidos. Conferencia presidente AMLO\" width=\"640\" height=\"360\" src=\"https:\/\/www.youtube.com\/embed\/CPtBFuYS5QU?start=611&#038;feature=oembed\" frameborder=\"0\" allow=\"accelerometer; autoplay; clipboard-write; encrypted-media; gyroscope; picture-in-picture; web-share\" referrerpolicy=\"strict-origin-when-cross-origin\" allowfullscreen><\/iframe><\/p>\n","protected":false},"excerpt":{"rendered":"<p>M\u00c9XICO, 15 de junio de 2021.- El presidente de M\u00e9xico, Andr\u00e9s Manuel L\u00f3pez Obrador recibi\u00f3&#8230;<\/p>\n","protected":false},"author":2,"featured_media":4656,"comment_status":"open","ping_status":"closed","sticky":false,"template":"","format":"standard","meta":{"footnotes":""},"categories":[25,20,27],"tags":[84,131,473,442,556,9,567,576,475],"class_list":["post-4654","post","type-post","status-publish","format-standard","has-post-thumbnail","hentry","category-4t","category-nacionales","category-presidencia","tag-amlo","tag-andres-manuel-lopez-obrador","tag-covid-19","tag-cuarta-transformacion","tag-gobierno-de-mexico","tag-mexico","tag-pandemia","tag-plan-nacional-de-vacunacion","tag-vacuna"],"yoast_head":"<!-- This site is optimized with the Yoast SEO plugin v27.5 - https:\/\/yoast.com\/product\/yoast-seo-wordpress\/ -->\n<title>Recibe L\u00f3pez Obrador segunda dosis de vacuna contra Covid-19 - NOTICIAS DE LA 4T<\/title>\n<meta name=\"robots\" content=\"noindex, follow, max-snippet:-1, max-image-preview:large, max-video-preview:-1\" \/>\n<meta property=\"og:locale\" content=\"es_MX\" \/>\n<meta property=\"og:type\" content=\"article\" \/>\n<meta property=\"og:title\" content=\"Recibe L\u00f3pez Obrador segunda dosis de vacuna contra Covid-19 - NOTICIAS DE LA 4T\" \/>\n<meta property=\"og:description\" content=\"M\u00c9XICO, 15 de junio de 2021.- El presidente de M\u00e9xico, Andr\u00e9s Manuel L\u00f3pez Obrador recibi\u00f3...\" \/>\n<meta property=\"og:url\" content=\"https:\/\/redamlo.com\/index.php\/2021\/06\/15\/recibe-lopez-obrador-segunda-dosis-de-vacuna-contra-covid-19\/\" \/>\n<meta property=\"og:site_name\" content=\"NOTICIAS DE LA 4T\" \/>\n<meta property=\"article:published_time\" content=\"2021-06-15T17:00:55+00:00\" \/>\n<meta property=\"og:image\" content=\"https:\/\/redamlo.com\/wp-content\/uploads\/2021\/06\/Recibe-Lopez-Obrador-segunda-dosis-de-vacuna-contra-Covid-19.jpg\" \/>\n\t<meta property=\"og:image:width\" content=\"1485\" \/>\n\t<meta property=\"og:image:height\" content=\"899\" \/>\n\t<meta property=\"og:image:type\" content=\"image\/jpeg\" \/>\n<meta name=\"author\" content=\"Blanca\" \/>\n<meta name=\"twitter:card\" content=\"summary_large_image\" \/>\n<meta name=\"twitter:label1\" content=\"Escrito por\" \/>\n\t<meta name=\"twitter:data1\" content=\"Blanca\" \/>\n\t<meta name=\"twitter:label2\" content=\"Tiempo de lectura\" \/>\n\t<meta name=\"twitter:data2\" content=\"4 minutos\" \/>\n<script type=\"application\/ld+json\" class=\"yoast-schema-graph\">{\"@context\":\"https:\\\/\\\/schema.org\",\"@graph\":[{\"@type\":\"Article\",\"@id\":\"https:\\\/\\\/redamlo.com\\\/index.php\\\/2021\\\/06\\\/15\\\/recibe-lopez-obrador-segunda-dosis-de-vacuna-contra-covid-19\\\/#article\",\"isPartOf\":{\"@id\":\"https:\\\/\\\/redamlo.com\\\/index.php\\\/2021\\\/06\\\/15\\\/recibe-lopez-obrador-segunda-dosis-de-vacuna-contra-covid-19\\\/\"},\"author\":{\"name\":\"Blanca\",\"@id\":\"https:\\\/\\\/redamlo.com\\\/#\\\/schema\\\/person\\\/7223a4375eb8f1a782fcae010a7115cf\"},\"headline\":\"Recibe L\u00f3pez Obrador segunda dosis de vacuna contra Covid-19\",\"datePublished\":\"2021-06-15T17:00:55+00:00\",\"mainEntityOfPage\":{\"@id\":\"https:\\\/\\\/redamlo.com\\\/index.php\\\/2021\\\/06\\\/15\\\/recibe-lopez-obrador-segunda-dosis-de-vacuna-contra-covid-19\\\/\"},\"wordCount\":743,\"commentCount\":0,\"publisher\":{\"@id\":\"https:\\\/\\\/redamlo.com\\\/#organization\"},\"image\":{\"@id\":\"https:\\\/\\\/redamlo.com\\\/index.php\\\/2021\\\/06\\\/15\\\/recibe-lopez-obrador-segunda-dosis-de-vacuna-contra-covid-19\\\/#primaryimage\"},\"thumbnailUrl\":\"https:\\\/\\\/redamlo.com\\\/wp-content\\\/uploads\\\/2021\\\/06\\\/Recibe-Lopez-Obrador-segunda-dosis-de-vacuna-contra-Covid-19.jpg\",\"keywords\":[\"AMLO\",\"Andr\u00e9s Manuel L\u00f3pez Obrador\",\"COVID-19\",\"Cuarta Transformaci\u00f3n\",\"Gobierno de M\u00e9xico\",\"M\u00e9xico\",\"pandemia\",\"Plan Nacional de Vacunaci\u00f3n\",\"vacuna\"],\"articleSection\":[\"4T\",\"Nacionales\",\"Presidencia\"],\"inLanguage\":\"es\",\"potentialAction\":[{\"@type\":\"CommentAction\",\"name\":\"Comment\",\"target\":[\"https:\\\/\\\/redamlo.com\\\/index.php\\\/2021\\\/06\\\/15\\\/recibe-lopez-obrador-segunda-dosis-de-vacuna-contra-covid-19\\\/#respond\"]}]},{\"@type\":\"WebPage\",\"@id\":\"https:\\\/\\\/redamlo.com\\\/index.php\\\/2021\\\/06\\\/15\\\/recibe-lopez-obrador-segunda-dosis-de-vacuna-contra-covid-19\\\/\",\"url\":\"https:\\\/\\\/redamlo.com\\\/index.php\\\/2021\\\/06\\\/15\\\/recibe-lopez-obrador-segunda-dosis-de-vacuna-contra-covid-19\\\/\",\"name\":\"Recibe L\u00f3pez Obrador segunda dosis de vacuna contra Covid-19 - NOTICIAS DE LA 4T\",\"isPartOf\":{\"@id\":\"https:\\\/\\\/redamlo.com\\\/#website\"},\"primaryImageOfPage\":{\"@id\":\"https:\\\/\\\/redamlo.com\\\/index.php\\\/2021\\\/06\\\/15\\\/recibe-lopez-obrador-segunda-dosis-de-vacuna-contra-covid-19\\\/#primaryimage\"},\"image\":{\"@id\":\"https:\\\/\\\/redamlo.com\\\/index.php\\\/2021\\\/06\\\/15\\\/recibe-lopez-obrador-segunda-dosis-de-vacuna-contra-covid-19\\\/#primaryimage\"},\"thumbnailUrl\":\"https:\\\/\\\/redamlo.com\\\/wp-content\\\/uploads\\\/2021\\\/06\\\/Recibe-Lopez-Obrador-segunda-dosis-de-vacuna-contra-Covid-19.jpg\",\"datePublished\":\"2021-06-15T17:00:55+00:00\",\"breadcrumb\":{\"@id\":\"https:\\\/\\\/redamlo.com\\\/index.php\\\/2021\\\/06\\\/15\\\/recibe-lopez-obrador-segunda-dosis-de-vacuna-contra-covid-19\\\/#breadcrumb\"},\"inLanguage\":\"es\",\"potentialAction\":[{\"@type\":\"ReadAction\",\"target\":[\"https:\\\/\\\/redamlo.com\\\/index.php\\\/2021\\\/06\\\/15\\\/recibe-lopez-obrador-segunda-dosis-de-vacuna-contra-covid-19\\\/\"]}]},{\"@type\":\"ImageObject\",\"inLanguage\":\"es\",\"@id\":\"https:\\\/\\\/redamlo.com\\\/index.php\\\/2021\\\/06\\\/15\\\/recibe-lopez-obrador-segunda-dosis-de-vacuna-contra-covid-19\\\/#primaryimage\",\"url\":\"https:\\\/\\\/redamlo.com\\\/wp-content\\\/uploads\\\/2021\\\/06\\\/Recibe-Lopez-Obrador-segunda-dosis-de-vacuna-contra-Covid-19.jpg\",\"contentUrl\":\"https:\\\/\\\/redamlo.com\\\/wp-content\\\/uploads\\\/2021\\\/06\\\/Recibe-Lopez-Obrador-segunda-dosis-de-vacuna-contra-Covid-19.jpg\",\"width\":1485,\"height\":899},{\"@type\":\"BreadcrumbList\",\"@id\":\"https:\\\/\\\/redamlo.com\\\/index.php\\\/2021\\\/06\\\/15\\\/recibe-lopez-obrador-segunda-dosis-de-vacuna-contra-covid-19\\\/#breadcrumb\",\"itemListElement\":[{\"@type\":\"ListItem\",\"position\":1,\"name\":\"Inicio\",\"item\":\"https:\\\/\\\/redamlo.com\\\/\"},{\"@type\":\"ListItem\",\"position\":2,\"name\":\"Recibe L\u00f3pez Obrador segunda dosis de vacuna contra Covid-19\"}]},{\"@type\":\"WebSite\",\"@id\":\"https:\\\/\\\/redamlo.com\\\/#website\",\"url\":\"https:\\\/\\\/redamlo.com\\\/\",\"name\":\"NOTICIAS DE LA 4T\",\"description\":\"\",\"publisher\":{\"@id\":\"https:\\\/\\\/redamlo.com\\\/#organization\"},\"potentialAction\":[{\"@type\":\"SearchAction\",\"target\":{\"@type\":\"EntryPoint\",\"urlTemplate\":\"https:\\\/\\\/redamlo.com\\\/?s={search_term_string}\"},\"query-input\":{\"@type\":\"PropertyValueSpecification\",\"valueRequired\":true,\"valueName\":\"search_term_string\"}}],\"inLanguage\":\"es\"},{\"@type\":\"Organization\",\"@id\":\"https:\\\/\\\/redamlo.com\\\/#organization\",\"name\":\"NOTICIAS DE LA 4T\",\"url\":\"https:\\\/\\\/redamlo.com\\\/\",\"logo\":{\"@type\":\"ImageObject\",\"inLanguage\":\"es\",\"@id\":\"https:\\\/\\\/redamlo.com\\\/#\\\/schema\\\/logo\\\/image\\\/\",\"url\":\"https:\\\/\\\/redamlo.com\\\/wp-content\\\/uploads\\\/2024\\\/08\\\/cropped-RED-AMLO-logo-50.png\",\"contentUrl\":\"https:\\\/\\\/redamlo.com\\\/wp-content\\\/uploads\\\/2024\\\/08\\\/cropped-RED-AMLO-logo-50.png\",\"width\":256,\"height\":256,\"caption\":\"NOTICIAS DE LA 4T\"},\"image\":{\"@id\":\"https:\\\/\\\/redamlo.com\\\/#\\\/schema\\\/logo\\\/image\\\/\"}},{\"@type\":\"Person\",\"@id\":\"https:\\\/\\\/redamlo.com\\\/#\\\/schema\\\/person\\\/7223a4375eb8f1a782fcae010a7115cf\",\"name\":\"Blanca\",\"image\":{\"@type\":\"ImageObject\",\"inLanguage\":\"es\",\"@id\":\"https:\\\/\\\/secure.gravatar.com\\\/avatar\\\/3f79bc8336367a4e6093eae8757acaaf61d1124834b905616de7829b0273426d?s=96&d=mm&r=g\",\"url\":\"https:\\\/\\\/secure.gravatar.com\\\/avatar\\\/3f79bc8336367a4e6093eae8757acaaf61d1124834b905616de7829b0273426d?s=96&d=mm&r=g\",\"contentUrl\":\"https:\\\/\\\/secure.gravatar.com\\\/avatar\\\/3f79bc8336367a4e6093eae8757acaaf61d1124834b905616de7829b0273426d?s=96&d=mm&r=g\",\"caption\":\"Blanca\"},\"url\":\"https:\\\/\\\/redamlo.com\\\/index.php\\\/author\\\/blanca\\\/\"}]}<\/script>\n<!-- \/ Yoast SEO plugin. -->","yoast_head_json":{"title":"Recibe L\u00f3pez Obrador segunda dosis de vacuna contra Covid-19 - NOTICIAS DE LA 4T","robots":{"index":"noindex","follow":"follow","max-snippet":"max-snippet:-1","max-image-preview":"max-image-preview:large","max-video-preview":"max-video-preview:-1"},"og_locale":"es_MX","og_type":"article","og_title":"Recibe L\u00f3pez Obrador segunda dosis de vacuna contra Covid-19 - NOTICIAS DE LA 4T","og_description":"M\u00c9XICO, 15 de junio de 2021.- El presidente de M\u00e9xico, Andr\u00e9s Manuel L\u00f3pez Obrador recibi\u00f3...","og_url":"https:\/\/redamlo.com\/index.php\/2021\/06\/15\/recibe-lopez-obrador-segunda-dosis-de-vacuna-contra-covid-19\/","og_site_name":"NOTICIAS DE LA 4T","article_published_time":"2021-06-15T17:00:55+00:00","og_image":[{"width":1485,"height":899,"url":"https:\/\/redamlo.com\/wp-content\/uploads\/2021\/06\/Recibe-Lopez-Obrador-segunda-dosis-de-vacuna-contra-Covid-19.jpg","type":"image\/jpeg"}],"author":"Blanca","twitter_card":"summary_large_image","twitter_misc":{"Escrito por":"Blanca","Tiempo de lectura":"4 minutos"},"schema":{"@context":"https:\/\/schema.org","@graph":[{"@type":"Article","@id":"https:\/\/redamlo.com\/index.php\/2021\/06\/15\/recibe-lopez-obrador-segunda-dosis-de-vacuna-contra-covid-19\/#article","isPartOf":{"@id":"https:\/\/redamlo.com\/index.php\/2021\/06\/15\/recibe-lopez-obrador-segunda-dosis-de-vacuna-contra-covid-19\/"},"author":{"name":"Blanca","@id":"https:\/\/redamlo.com\/#\/schema\/person\/7223a4375eb8f1a782fcae010a7115cf"},"headline":"Recibe L\u00f3pez Obrador segunda dosis de vacuna contra Covid-19","datePublished":"2021-06-15T17:00:55+00:00","mainEntityOfPage":{"@id":"https:\/\/redamlo.com\/index.php\/2021\/06\/15\/recibe-lopez-obrador-segunda-dosis-de-vacuna-contra-covid-19\/"},"wordCount":743,"commentCount":0,"publisher":{"@id":"https:\/\/redamlo.com\/#organization"},"image":{"@id":"https:\/\/redamlo.com\/index.php\/2021\/06\/15\/recibe-lopez-obrador-segunda-dosis-de-vacuna-contra-covid-19\/#primaryimage"},"thumbnailUrl":"https:\/\/redamlo.com\/wp-content\/uploads\/2021\/06\/Recibe-Lopez-Obrador-segunda-dosis-de-vacuna-contra-Covid-19.jpg","keywords":["AMLO","Andr\u00e9s Manuel L\u00f3pez Obrador","COVID-19","Cuarta Transformaci\u00f3n","Gobierno de M\u00e9xico","M\u00e9xico","pandemia","Plan Nacional de Vacunaci\u00f3n","vacuna"],"articleSection":["4T","Nacionales","Presidencia"],"inLanguage":"es","potentialAction":[{"@type":"CommentAction","name":"Comment","target":["https:\/\/redamlo.com\/index.php\/2021\/06\/15\/recibe-lopez-obrador-segunda-dosis-de-vacuna-contra-covid-19\/#respond"]}]},{"@type":"WebPage","@id":"https:\/\/redamlo.com\/index.php\/2021\/06\/15\/recibe-lopez-obrador-segunda-dosis-de-vacuna-contra-covid-19\/","url":"https:\/\/redamlo.com\/index.php\/2021\/06\/15\/recibe-lopez-obrador-segunda-dosis-de-vacuna-contra-covid-19\/","name":"Recibe L\u00f3pez Obrador segunda dosis de vacuna contra Covid-19 - NOTICIAS DE LA 4T","isPartOf":{"@id":"https:\/\/redamlo.com\/#website"},"primaryImageOfPage":{"@id":"https:\/\/redamlo.com\/index.php\/2021\/06\/15\/recibe-lopez-obrador-segunda-dosis-de-vacuna-contra-covid-19\/#primaryimage"},"image":{"@id":"https:\/\/redamlo.com\/index.php\/2021\/06\/15\/recibe-lopez-obrador-segunda-dosis-de-vacuna-contra-covid-19\/#primaryimage"},"thumbnailUrl":"https:\/\/redamlo.com\/wp-content\/uploads\/2021\/06\/Recibe-Lopez-Obrador-segunda-dosis-de-vacuna-contra-Covid-19.jpg","datePublished":"2021-06-15T17:00:55+00:00","breadcrumb":{"@id":"https:\/\/redamlo.com\/index.php\/2021\/06\/15\/recibe-lopez-obrador-segunda-dosis-de-vacuna-contra-covid-19\/#breadcrumb"},"inLanguage":"es","potentialAction":[{"@type":"ReadAction","target":["https:\/\/redamlo.com\/index.php\/2021\/06\/15\/recibe-lopez-obrador-segunda-dosis-de-vacuna-contra-covid-19\/"]}]},{"@type":"ImageObject","inLanguage":"es","@id":"https:\/\/redamlo.com\/index.php\/2021\/06\/15\/recibe-lopez-obrador-segunda-dosis-de-vacuna-contra-covid-19\/#primaryimage","url":"https:\/\/redamlo.com\/wp-content\/uploads\/2021\/06\/Recibe-Lopez-Obrador-segunda-dosis-de-vacuna-contra-Covid-19.jpg","contentUrl":"https:\/\/redamlo.com\/wp-content\/uploads\/2021\/06\/Recibe-Lopez-Obrador-segunda-dosis-de-vacuna-contra-Covid-19.jpg","width":1485,"height":899},{"@type":"BreadcrumbList","@id":"https:\/\/redamlo.com\/index.php\/2021\/06\/15\/recibe-lopez-obrador-segunda-dosis-de-vacuna-contra-covid-19\/#breadcrumb","itemListElement":[{"@type":"ListItem","position":1,"name":"Inicio","item":"https:\/\/redamlo.com\/"},{"@type":"ListItem","position":2,"name":"Recibe L\u00f3pez Obrador segunda dosis de vacuna contra Covid-19"}]},{"@type":"WebSite","@id":"https:\/\/redamlo.com\/#website","url":"https:\/\/redamlo.com\/","name":"NOTICIAS DE LA 4T","description":"","publisher":{"@id":"https:\/\/redamlo.com\/#organization"},"potentialAction":[{"@type":"SearchAction","target":{"@type":"EntryPoint","urlTemplate":"https:\/\/redamlo.com\/?s={search_term_string}"},"query-input":{"@type":"PropertyValueSpecification","valueRequired":true,"valueName":"search_term_string"}}],"inLanguage":"es"},{"@type":"Organization","@id":"https:\/\/redamlo.com\/#organization","name":"NOTICIAS DE LA 4T","url":"https:\/\/redamlo.com\/","logo":{"@type":"ImageObject","inLanguage":"es","@id":"https:\/\/redamlo.com\/#\/schema\/logo\/image\/","url":"https:\/\/redamlo.com\/wp-content\/uploads\/2024\/08\/cropped-RED-AMLO-logo-50.png","contentUrl":"https:\/\/redamlo.com\/wp-content\/uploads\/2024\/08\/cropped-RED-AMLO-logo-50.png","width":256,"height":256,"caption":"NOTICIAS DE LA 4T"},"image":{"@id":"https:\/\/redamlo.com\/#\/schema\/logo\/image\/"}},{"@type":"Person","@id":"https:\/\/redamlo.com\/#\/schema\/person\/7223a4375eb8f1a782fcae010a7115cf","name":"Blanca","image":{"@type":"ImageObject","inLanguage":"es","@id":"https:\/\/secure.gravatar.com\/avatar\/3f79bc8336367a4e6093eae8757acaaf61d1124834b905616de7829b0273426d?s=96&d=mm&r=g","url":"https:\/\/secure.gravatar.com\/avatar\/3f79bc8336367a4e6093eae8757acaaf61d1124834b905616de7829b0273426d?s=96&d=mm&r=g","contentUrl":"https:\/\/secure.gravatar.com\/avatar\/3f79bc8336367a4e6093eae8757acaaf61d1124834b905616de7829b0273426d?s=96&d=mm&r=g","caption":"Blanca"},"url":"https:\/\/redamlo.com\/index.php\/author\/blanca\/"}]}},"_links":{"self":[{"href":"https:\/\/redamlo.com\/index.php\/wp-json\/wp\/v2\/posts\/4654","targetHints":{"allow":["GET"]}}],"collection":[{"href":"https:\/\/redamlo.com\/index.php\/wp-json\/wp\/v2\/posts"}],"about":[{"href":"https:\/\/redamlo.com\/index.php\/wp-json\/wp\/v2\/types\/post"}],"author":[{"embeddable":true,"href":"https:\/\/redamlo.com\/index.php\/wp-json\/wp\/v2\/users\/2"}],"replies":[{"embeddable":true,"href":"https:\/\/redamlo.com\/index.php\/wp-json\/wp\/v2\/comments?post=4654"}],"version-history":[{"count":0,"href":"https:\/\/redamlo.com\/index.php\/wp-json\/wp\/v2\/posts\/4654\/revisions"}],"wp:featuredmedia":[{"embeddable":true,"href":"https:\/\/redamlo.com\/index.php\/wp-json\/wp\/v2\/media\/4656"}],"wp:attachment":[{"href":"https:\/\/redamlo.com\/index.php\/wp-json\/wp\/v2\/media?parent=4654"}],"wp:term":[{"taxonomy":"category","embeddable":true,"href":"https:\/\/redamlo.com\/index.php\/wp-json\/wp\/v2\/categories?post=4654"},{"taxonomy":"post_tag","embeddable":true,"href":"https:\/\/redamlo.com\/index.php\/wp-json\/wp\/v2\/tags?post=4654"}],"curies":[{"name":"wp","href":"https:\/\/api.w.org\/{rel}","templated":true}]}}