{"id":4646,"date":"2021-06-14T12:00:38","date_gmt":"2021-06-14T12:00:38","guid":{"rendered":"https:\/\/redamlo.com\/?p=4646"},"modified":"2021-06-14T12:00:38","modified_gmt":"2021-06-14T12:00:38","slug":"gobierno-federal-contribuira-a-rehabilitar-l12-del-metro-afirma-lopez-obrador","status":"publish","type":"post","link":"https:\/\/redamlo.com\/index.php\/2021\/06\/14\/gobierno-federal-contribuira-a-rehabilitar-l12-del-metro-afirma-lopez-obrador\/","title":{"rendered":"Gobierno federal contribuir\u00e1 a rehabilitar L12 del Metro, afirma L\u00f3pez Obrador"},"content":{"rendered":"<p style=\"text-align: justify;\"><span style=\"color: #000000; font-family: Arial, Helvetica, sans-serif;\">M\u00c9XICO, 14 de junio de 2021.- El presidente de M\u00e9xico, Andr\u00e9s Manuel L\u00f3pez Obrador reafirm\u00f3 que el gobierno federal apoyar\u00e1 al de la Ciudad de M\u00e9xico para recuperar la operaci\u00f3n de la L\u00ednea 12 del Sistema de Transporte Colectivo Metro tras el colapso de una de trabe en Tl\u00e1huac el pasado mes de mayo.<\/span><\/p>\n<p style=\"text-align: justify;\"><span style=\"color: #000000; font-family: Arial, Helvetica, sans-serif;\">\u201cIndependientemente de la investigaci\u00f3n judicial y del castigo a los responsables podamos pronto rehabilitar la L\u00ednea 12 porque es un servicio que beneficia a muchas personas del Estado de M\u00e9xico, de Chalco, de Tl\u00e1huac, de Iztapalapa. Entonces ya cuando est\u00e9 el dictamen resolver c\u00f3mo se debe de rehabilitar para que lo m\u00e1s pronto posible se restablezca el servicio\u201d, expres\u00f3.<\/span><\/p>\n<p style=\"text-align: justify;\"><span style=\"color: #000000; font-family: Arial, Helvetica, sans-serif;\">En conferencia de prensa matutina inform\u00f3 que esta semana estar\u00e1 listo el dictamen en el que se determinar\u00e1 la raz\u00f3n del desplome.<\/span><\/p>\n<p style=\"text-align: justify;\"><strong><span style=\"color: #000000; font-family: Arial, Helvetica, sans-serif;\">L\u00f3pez Obrador felicita a las y los candidatos ganadores en elecciones<\/span><\/strong><\/p>\n<p style=\"text-align: justify;\"><span style=\"color: #000000; font-family: Arial, Helvetica, sans-serif;\">El jefe del Ejecutivo felicit\u00f3 a las gobernadoras y gobernadores electos, as\u00ed como diputados federales y locales que consiguieron la mayor\u00eda de los votos en el proceso electoral del 6 de junio.<\/span><\/p>\n<p style=\"text-align: justify;\"><span style=\"color: #000000; font-family: Arial, Helvetica, sans-serif;\">Indic\u00f3 que cuando la autoridad electoral concluya el proceso se reunir\u00e1 para dialogar y dar continuidad a la relaci\u00f3n de trabajo conjunto en beneficio del pueblo de M\u00e9xico.<\/span><\/p>\n<p style=\"text-align: justify;\"><span style=\"color: #000000; font-family: Arial, Helvetica, sans-serif;\">Celebr\u00f3 que el proceso electoral de este a\u00f1o fue limpio y se contabiliz\u00f3 la mitad de los votos para confirmar los resultados.<\/span><\/p>\n<p style=\"text-align: justify;\"><span style=\"color: #000000; font-family: Arial, Helvetica, sans-serif;\">Destac\u00f3 que la alianza que apoya al Gobierno de la Cuarta Transformaci\u00f3n gan\u00f3 186 de 300 distritos en la C\u00e1mara de Diputados y 11 de 15 gubernaturas.<\/span><\/p>\n<p><iframe loading=\"lazy\" title=\"Gobierno federal apoyar\u00e1 rehabilitaci\u00f3n de L12. Conferencia presidente AMLO\" width=\"640\" height=\"360\" src=\"https:\/\/www.youtube.com\/embed\/EWEVxx9-oOU?start=1058&#038;feature=oembed\" frameborder=\"0\" allow=\"accelerometer; autoplay; clipboard-write; encrypted-media; gyroscope; picture-in-picture; web-share\" referrerpolicy=\"strict-origin-when-cross-origin\" allowfullscreen><\/iframe><\/p>\n","protected":false},"excerpt":{"rendered":"<p>M\u00c9XICO, 14 de junio de 2021.- El presidente de M\u00e9xico, Andr\u00e9s Manuel L\u00f3pez Obrador reafirm\u00f3&#8230;<\/p>\n","protected":false},"author":2,"featured_media":4649,"comment_status":"open","ping_status":"closed","sticky":false,"template":"","format":"standard","meta":{"footnotes":""},"categories":[25,20,27],"tags":[84,131,989,442,556,819,18,9,820],"class_list":["post-4646","post","type-post","status-publish","format-standard","has-post-thumbnail","hentry","category-4t","category-nacionales","category-presidencia","tag-amlo","tag-andres-manuel-lopez-obrador","tag-candidatos-ganadores","tag-cuarta-transformacion","tag-gobierno-de-mexico","tag-linea-12","tag-metro","tag-mexico","tag-stc-metro"],"yoast_head":"<!-- This site is optimized with the Yoast SEO plugin v27.5 - https:\/\/yoast.com\/product\/yoast-seo-wordpress\/ -->\n<title>Gobierno federal contribuir\u00e1 a rehabilitar L12 del Metro, afirma L\u00f3pez Obrador - NOTICIAS DE LA 4T<\/title>\n<meta name=\"robots\" content=\"noindex, follow, max-snippet:-1, max-image-preview:large, max-video-preview:-1\" \/>\n<meta property=\"og:locale\" content=\"es_MX\" \/>\n<meta property=\"og:type\" content=\"article\" \/>\n<meta property=\"og:title\" content=\"Gobierno federal contribuir\u00e1 a rehabilitar L12 del Metro, afirma L\u00f3pez Obrador - NOTICIAS DE LA 4T\" \/>\n<meta property=\"og:description\" content=\"M\u00c9XICO, 14 de junio de 2021.- El presidente de M\u00e9xico, Andr\u00e9s Manuel L\u00f3pez Obrador reafirm\u00f3...\" \/>\n<meta property=\"og:url\" content=\"https:\/\/redamlo.com\/index.php\/2021\/06\/14\/gobierno-federal-contribuira-a-rehabilitar-l12-del-metro-afirma-lopez-obrador\/\" \/>\n<meta property=\"og:site_name\" content=\"NOTICIAS DE LA 4T\" \/>\n<meta property=\"article:published_time\" content=\"2021-06-14T12:00:38+00:00\" \/>\n<meta property=\"og:image\" content=\"https:\/\/redamlo.com\/wp-content\/uploads\/2021\/06\/Gobierno-federal-contribuira-a-rehabilitar-L12-del-Metro-afirma-Lopez-Obrador.jpg\" \/>\n\t<meta property=\"og:image:width\" content=\"1493\" \/>\n\t<meta property=\"og:image:height\" content=\"837\" \/>\n\t<meta property=\"og:image:type\" content=\"image\/jpeg\" \/>\n<meta name=\"author\" content=\"Blanca\" \/>\n<meta name=\"twitter:card\" content=\"summary_large_image\" \/>\n<meta name=\"twitter:label1\" content=\"Escrito por\" \/>\n\t<meta name=\"twitter:data1\" content=\"Blanca\" \/>\n\t<meta name=\"twitter:label2\" content=\"Tiempo de lectura\" \/>\n\t<meta name=\"twitter:data2\" content=\"1 minuto\" \/>\n<script type=\"application\/ld+json\" class=\"yoast-schema-graph\">{\"@context\":\"https:\\\/\\\/schema.org\",\"@graph\":[{\"@type\":\"Article\",\"@id\":\"https:\\\/\\\/redamlo.com\\\/index.php\\\/2021\\\/06\\\/14\\\/gobierno-federal-contribuira-a-rehabilitar-l12-del-metro-afirma-lopez-obrador\\\/#article\",\"isPartOf\":{\"@id\":\"https:\\\/\\\/redamlo.com\\\/index.php\\\/2021\\\/06\\\/14\\\/gobierno-federal-contribuira-a-rehabilitar-l12-del-metro-afirma-lopez-obrador\\\/\"},\"author\":{\"name\":\"Blanca\",\"@id\":\"https:\\\/\\\/redamlo.com\\\/#\\\/schema\\\/person\\\/7223a4375eb8f1a782fcae010a7115cf\"},\"headline\":\"Gobierno federal contribuir\u00e1 a rehabilitar L12 del Metro, afirma L\u00f3pez Obrador\",\"datePublished\":\"2021-06-14T12:00:38+00:00\",\"mainEntityOfPage\":{\"@id\":\"https:\\\/\\\/redamlo.com\\\/index.php\\\/2021\\\/06\\\/14\\\/gobierno-federal-contribuira-a-rehabilitar-l12-del-metro-afirma-lopez-obrador\\\/\"},\"wordCount\":296,\"commentCount\":0,\"publisher\":{\"@id\":\"https:\\\/\\\/redamlo.com\\\/#organization\"},\"image\":{\"@id\":\"https:\\\/\\\/redamlo.com\\\/index.php\\\/2021\\\/06\\\/14\\\/gobierno-federal-contribuira-a-rehabilitar-l12-del-metro-afirma-lopez-obrador\\\/#primaryimage\"},\"thumbnailUrl\":\"https:\\\/\\\/redamlo.com\\\/wp-content\\\/uploads\\\/2021\\\/06\\\/Gobierno-federal-contribuira-a-rehabilitar-L12-del-Metro-afirma-Lopez-Obrador.jpg\",\"keywords\":[\"AMLO\",\"Andr\u00e9s Manuel L\u00f3pez Obrador\",\"candidatos ganadores\",\"Cuarta Transformaci\u00f3n\",\"Gobierno de M\u00e9xico\",\"L\u00ednea 12\",\"Metro\",\"M\u00e9xico\",\"STC Metro\"],\"articleSection\":[\"4T\",\"Nacionales\",\"Presidencia\"],\"inLanguage\":\"es\",\"potentialAction\":[{\"@type\":\"CommentAction\",\"name\":\"Comment\",\"target\":[\"https:\\\/\\\/redamlo.com\\\/index.php\\\/2021\\\/06\\\/14\\\/gobierno-federal-contribuira-a-rehabilitar-l12-del-metro-afirma-lopez-obrador\\\/#respond\"]}]},{\"@type\":\"WebPage\",\"@id\":\"https:\\\/\\\/redamlo.com\\\/index.php\\\/2021\\\/06\\\/14\\\/gobierno-federal-contribuira-a-rehabilitar-l12-del-metro-afirma-lopez-obrador\\\/\",\"url\":\"https:\\\/\\\/redamlo.com\\\/index.php\\\/2021\\\/06\\\/14\\\/gobierno-federal-contribuira-a-rehabilitar-l12-del-metro-afirma-lopez-obrador\\\/\",\"name\":\"Gobierno federal contribuir\u00e1 a rehabilitar L12 del Metro, afirma L\u00f3pez Obrador - NOTICIAS DE LA 4T\",\"isPartOf\":{\"@id\":\"https:\\\/\\\/redamlo.com\\\/#website\"},\"primaryImageOfPage\":{\"@id\":\"https:\\\/\\\/redamlo.com\\\/index.php\\\/2021\\\/06\\\/14\\\/gobierno-federal-contribuira-a-rehabilitar-l12-del-metro-afirma-lopez-obrador\\\/#primaryimage\"},\"image\":{\"@id\":\"https:\\\/\\\/redamlo.com\\\/index.php\\\/2021\\\/06\\\/14\\\/gobierno-federal-contribuira-a-rehabilitar-l12-del-metro-afirma-lopez-obrador\\\/#primaryimage\"},\"thumbnailUrl\":\"https:\\\/\\\/redamlo.com\\\/wp-content\\\/uploads\\\/2021\\\/06\\\/Gobierno-federal-contribuira-a-rehabilitar-L12-del-Metro-afirma-Lopez-Obrador.jpg\",\"datePublished\":\"2021-06-14T12:00:38+00:00\",\"breadcrumb\":{\"@id\":\"https:\\\/\\\/redamlo.com\\\/index.php\\\/2021\\\/06\\\/14\\\/gobierno-federal-contribuira-a-rehabilitar-l12-del-metro-afirma-lopez-obrador\\\/#breadcrumb\"},\"inLanguage\":\"es\",\"potentialAction\":[{\"@type\":\"ReadAction\",\"target\":[\"https:\\\/\\\/redamlo.com\\\/index.php\\\/2021\\\/06\\\/14\\\/gobierno-federal-contribuira-a-rehabilitar-l12-del-metro-afirma-lopez-obrador\\\/\"]}]},{\"@type\":\"ImageObject\",\"inLanguage\":\"es\",\"@id\":\"https:\\\/\\\/redamlo.com\\\/index.php\\\/2021\\\/06\\\/14\\\/gobierno-federal-contribuira-a-rehabilitar-l12-del-metro-afirma-lopez-obrador\\\/#primaryimage\",\"url\":\"https:\\\/\\\/redamlo.com\\\/wp-content\\\/uploads\\\/2021\\\/06\\\/Gobierno-federal-contribuira-a-rehabilitar-L12-del-Metro-afirma-Lopez-Obrador.jpg\",\"contentUrl\":\"https:\\\/\\\/redamlo.com\\\/wp-content\\\/uploads\\\/2021\\\/06\\\/Gobierno-federal-contribuira-a-rehabilitar-L12-del-Metro-afirma-Lopez-Obrador.jpg\",\"width\":1493,\"height\":837},{\"@type\":\"BreadcrumbList\",\"@id\":\"https:\\\/\\\/redamlo.com\\\/index.php\\\/2021\\\/06\\\/14\\\/gobierno-federal-contribuira-a-rehabilitar-l12-del-metro-afirma-lopez-obrador\\\/#breadcrumb\",\"itemListElement\":[{\"@type\":\"ListItem\",\"position\":1,\"name\":\"Inicio\",\"item\":\"https:\\\/\\\/redamlo.com\\\/\"},{\"@type\":\"ListItem\",\"position\":2,\"name\":\"Gobierno federal contribuir\u00e1 a rehabilitar L12 del Metro, afirma L\u00f3pez Obrador\"}]},{\"@type\":\"WebSite\",\"@id\":\"https:\\\/\\\/redamlo.com\\\/#website\",\"url\":\"https:\\\/\\\/redamlo.com\\\/\",\"name\":\"NOTICIAS DE LA 4T\",\"description\":\"\",\"publisher\":{\"@id\":\"https:\\\/\\\/redamlo.com\\\/#organization\"},\"potentialAction\":[{\"@type\":\"SearchAction\",\"target\":{\"@type\":\"EntryPoint\",\"urlTemplate\":\"https:\\\/\\\/redamlo.com\\\/?s={search_term_string}\"},\"query-input\":{\"@type\":\"PropertyValueSpecification\",\"valueRequired\":true,\"valueName\":\"search_term_string\"}}],\"inLanguage\":\"es\"},{\"@type\":\"Organization\",\"@id\":\"https:\\\/\\\/redamlo.com\\\/#organization\",\"name\":\"NOTICIAS DE LA 4T\",\"url\":\"https:\\\/\\\/redamlo.com\\\/\",\"logo\":{\"@type\":\"ImageObject\",\"inLanguage\":\"es\",\"@id\":\"https:\\\/\\\/redamlo.com\\\/#\\\/schema\\\/logo\\\/image\\\/\",\"url\":\"https:\\\/\\\/redamlo.com\\\/wp-content\\\/uploads\\\/2024\\\/08\\\/cropped-RED-AMLO-logo-50.png\",\"contentUrl\":\"https:\\\/\\\/redamlo.com\\\/wp-content\\\/uploads\\\/2024\\\/08\\\/cropped-RED-AMLO-logo-50.png\",\"width\":256,\"height\":256,\"caption\":\"NOTICIAS DE LA 4T\"},\"image\":{\"@id\":\"https:\\\/\\\/redamlo.com\\\/#\\\/schema\\\/logo\\\/image\\\/\"}},{\"@type\":\"Person\",\"@id\":\"https:\\\/\\\/redamlo.com\\\/#\\\/schema\\\/person\\\/7223a4375eb8f1a782fcae010a7115cf\",\"name\":\"Blanca\",\"image\":{\"@type\":\"ImageObject\",\"inLanguage\":\"es\",\"@id\":\"https:\\\/\\\/secure.gravatar.com\\\/avatar\\\/3f79bc8336367a4e6093eae8757acaaf61d1124834b905616de7829b0273426d?s=96&d=mm&r=g\",\"url\":\"https:\\\/\\\/secure.gravatar.com\\\/avatar\\\/3f79bc8336367a4e6093eae8757acaaf61d1124834b905616de7829b0273426d?s=96&d=mm&r=g\",\"contentUrl\":\"https:\\\/\\\/secure.gravatar.com\\\/avatar\\\/3f79bc8336367a4e6093eae8757acaaf61d1124834b905616de7829b0273426d?s=96&d=mm&r=g\",\"caption\":\"Blanca\"},\"url\":\"https:\\\/\\\/redamlo.com\\\/index.php\\\/author\\\/blanca\\\/\"}]}<\/script>\n<!-- \/ Yoast SEO plugin. -->","yoast_head_json":{"title":"Gobierno federal contribuir\u00e1 a rehabilitar L12 del Metro, afirma L\u00f3pez Obrador - NOTICIAS DE LA 4T","robots":{"index":"noindex","follow":"follow","max-snippet":"max-snippet:-1","max-image-preview":"max-image-preview:large","max-video-preview":"max-video-preview:-1"},"og_locale":"es_MX","og_type":"article","og_title":"Gobierno federal contribuir\u00e1 a rehabilitar L12 del Metro, afirma L\u00f3pez Obrador - NOTICIAS DE LA 4T","og_description":"M\u00c9XICO, 14 de junio de 2021.- El presidente de M\u00e9xico, Andr\u00e9s Manuel L\u00f3pez Obrador reafirm\u00f3...","og_url":"https:\/\/redamlo.com\/index.php\/2021\/06\/14\/gobierno-federal-contribuira-a-rehabilitar-l12-del-metro-afirma-lopez-obrador\/","og_site_name":"NOTICIAS DE LA 4T","article_published_time":"2021-06-14T12:00:38+00:00","og_image":[{"width":1493,"height":837,"url":"https:\/\/redamlo.com\/wp-content\/uploads\/2021\/06\/Gobierno-federal-contribuira-a-rehabilitar-L12-del-Metro-afirma-Lopez-Obrador.jpg","type":"image\/jpeg"}],"author":"Blanca","twitter_card":"summary_large_image","twitter_misc":{"Escrito por":"Blanca","Tiempo de lectura":"1 minuto"},"schema":{"@context":"https:\/\/schema.org","@graph":[{"@type":"Article","@id":"https:\/\/redamlo.com\/index.php\/2021\/06\/14\/gobierno-federal-contribuira-a-rehabilitar-l12-del-metro-afirma-lopez-obrador\/#article","isPartOf":{"@id":"https:\/\/redamlo.com\/index.php\/2021\/06\/14\/gobierno-federal-contribuira-a-rehabilitar-l12-del-metro-afirma-lopez-obrador\/"},"author":{"name":"Blanca","@id":"https:\/\/redamlo.com\/#\/schema\/person\/7223a4375eb8f1a782fcae010a7115cf"},"headline":"Gobierno federal contribuir\u00e1 a rehabilitar L12 del Metro, afirma L\u00f3pez Obrador","datePublished":"2021-06-14T12:00:38+00:00","mainEntityOfPage":{"@id":"https:\/\/redamlo.com\/index.php\/2021\/06\/14\/gobierno-federal-contribuira-a-rehabilitar-l12-del-metro-afirma-lopez-obrador\/"},"wordCount":296,"commentCount":0,"publisher":{"@id":"https:\/\/redamlo.com\/#organization"},"image":{"@id":"https:\/\/redamlo.com\/index.php\/2021\/06\/14\/gobierno-federal-contribuira-a-rehabilitar-l12-del-metro-afirma-lopez-obrador\/#primaryimage"},"thumbnailUrl":"https:\/\/redamlo.com\/wp-content\/uploads\/2021\/06\/Gobierno-federal-contribuira-a-rehabilitar-L12-del-Metro-afirma-Lopez-Obrador.jpg","keywords":["AMLO","Andr\u00e9s Manuel L\u00f3pez Obrador","candidatos ganadores","Cuarta Transformaci\u00f3n","Gobierno de M\u00e9xico","L\u00ednea 12","Metro","M\u00e9xico","STC Metro"],"articleSection":["4T","Nacionales","Presidencia"],"inLanguage":"es","potentialAction":[{"@type":"CommentAction","name":"Comment","target":["https:\/\/redamlo.com\/index.php\/2021\/06\/14\/gobierno-federal-contribuira-a-rehabilitar-l12-del-metro-afirma-lopez-obrador\/#respond"]}]},{"@type":"WebPage","@id":"https:\/\/redamlo.com\/index.php\/2021\/06\/14\/gobierno-federal-contribuira-a-rehabilitar-l12-del-metro-afirma-lopez-obrador\/","url":"https:\/\/redamlo.com\/index.php\/2021\/06\/14\/gobierno-federal-contribuira-a-rehabilitar-l12-del-metro-afirma-lopez-obrador\/","name":"Gobierno federal contribuir\u00e1 a rehabilitar L12 del Metro, afirma L\u00f3pez Obrador - NOTICIAS DE LA 4T","isPartOf":{"@id":"https:\/\/redamlo.com\/#website"},"primaryImageOfPage":{"@id":"https:\/\/redamlo.com\/index.php\/2021\/06\/14\/gobierno-federal-contribuira-a-rehabilitar-l12-del-metro-afirma-lopez-obrador\/#primaryimage"},"image":{"@id":"https:\/\/redamlo.com\/index.php\/2021\/06\/14\/gobierno-federal-contribuira-a-rehabilitar-l12-del-metro-afirma-lopez-obrador\/#primaryimage"},"thumbnailUrl":"https:\/\/redamlo.com\/wp-content\/uploads\/2021\/06\/Gobierno-federal-contribuira-a-rehabilitar-L12-del-Metro-afirma-Lopez-Obrador.jpg","datePublished":"2021-06-14T12:00:38+00:00","breadcrumb":{"@id":"https:\/\/redamlo.com\/index.php\/2021\/06\/14\/gobierno-federal-contribuira-a-rehabilitar-l12-del-metro-afirma-lopez-obrador\/#breadcrumb"},"inLanguage":"es","potentialAction":[{"@type":"ReadAction","target":["https:\/\/redamlo.com\/index.php\/2021\/06\/14\/gobierno-federal-contribuira-a-rehabilitar-l12-del-metro-afirma-lopez-obrador\/"]}]},{"@type":"ImageObject","inLanguage":"es","@id":"https:\/\/redamlo.com\/index.php\/2021\/06\/14\/gobierno-federal-contribuira-a-rehabilitar-l12-del-metro-afirma-lopez-obrador\/#primaryimage","url":"https:\/\/redamlo.com\/wp-content\/uploads\/2021\/06\/Gobierno-federal-contribuira-a-rehabilitar-L12-del-Metro-afirma-Lopez-Obrador.jpg","contentUrl":"https:\/\/redamlo.com\/wp-content\/uploads\/2021\/06\/Gobierno-federal-contribuira-a-rehabilitar-L12-del-Metro-afirma-Lopez-Obrador.jpg","width":1493,"height":837},{"@type":"BreadcrumbList","@id":"https:\/\/redamlo.com\/index.php\/2021\/06\/14\/gobierno-federal-contribuira-a-rehabilitar-l12-del-metro-afirma-lopez-obrador\/#breadcrumb","itemListElement":[{"@type":"ListItem","position":1,"name":"Inicio","item":"https:\/\/redamlo.com\/"},{"@type":"ListItem","position":2,"name":"Gobierno federal contribuir\u00e1 a rehabilitar L12 del Metro, afirma L\u00f3pez Obrador"}]},{"@type":"WebSite","@id":"https:\/\/redamlo.com\/#website","url":"https:\/\/redamlo.com\/","name":"NOTICIAS DE LA 4T","description":"","publisher":{"@id":"https:\/\/redamlo.com\/#organization"},"potentialAction":[{"@type":"SearchAction","target":{"@type":"EntryPoint","urlTemplate":"https:\/\/redamlo.com\/?s={search_term_string}"},"query-input":{"@type":"PropertyValueSpecification","valueRequired":true,"valueName":"search_term_string"}}],"inLanguage":"es"},{"@type":"Organization","@id":"https:\/\/redamlo.com\/#organization","name":"NOTICIAS DE LA 4T","url":"https:\/\/redamlo.com\/","logo":{"@type":"ImageObject","inLanguage":"es","@id":"https:\/\/redamlo.com\/#\/schema\/logo\/image\/","url":"https:\/\/redamlo.com\/wp-content\/uploads\/2024\/08\/cropped-RED-AMLO-logo-50.png","contentUrl":"https:\/\/redamlo.com\/wp-content\/uploads\/2024\/08\/cropped-RED-AMLO-logo-50.png","width":256,"height":256,"caption":"NOTICIAS DE LA 4T"},"image":{"@id":"https:\/\/redamlo.com\/#\/schema\/logo\/image\/"}},{"@type":"Person","@id":"https:\/\/redamlo.com\/#\/schema\/person\/7223a4375eb8f1a782fcae010a7115cf","name":"Blanca","image":{"@type":"ImageObject","inLanguage":"es","@id":"https:\/\/secure.gravatar.com\/avatar\/3f79bc8336367a4e6093eae8757acaaf61d1124834b905616de7829b0273426d?s=96&d=mm&r=g","url":"https:\/\/secure.gravatar.com\/avatar\/3f79bc8336367a4e6093eae8757acaaf61d1124834b905616de7829b0273426d?s=96&d=mm&r=g","contentUrl":"https:\/\/secure.gravatar.com\/avatar\/3f79bc8336367a4e6093eae8757acaaf61d1124834b905616de7829b0273426d?s=96&d=mm&r=g","caption":"Blanca"},"url":"https:\/\/redamlo.com\/index.php\/author\/blanca\/"}]}},"_links":{"self":[{"href":"https:\/\/redamlo.com\/index.php\/wp-json\/wp\/v2\/posts\/4646","targetHints":{"allow":["GET"]}}],"collection":[{"href":"https:\/\/redamlo.com\/index.php\/wp-json\/wp\/v2\/posts"}],"about":[{"href":"https:\/\/redamlo.com\/index.php\/wp-json\/wp\/v2\/types\/post"}],"author":[{"embeddable":true,"href":"https:\/\/redamlo.com\/index.php\/wp-json\/wp\/v2\/users\/2"}],"replies":[{"embeddable":true,"href":"https:\/\/redamlo.com\/index.php\/wp-json\/wp\/v2\/comments?post=4646"}],"version-history":[{"count":0,"href":"https:\/\/redamlo.com\/index.php\/wp-json\/wp\/v2\/posts\/4646\/revisions"}],"wp:featuredmedia":[{"embeddable":true,"href":"https:\/\/redamlo.com\/index.php\/wp-json\/wp\/v2\/media\/4649"}],"wp:attachment":[{"href":"https:\/\/redamlo.com\/index.php\/wp-json\/wp\/v2\/media?parent=4646"}],"wp:term":[{"taxonomy":"category","embeddable":true,"href":"https:\/\/redamlo.com\/index.php\/wp-json\/wp\/v2\/categories?post=4646"},{"taxonomy":"post_tag","embeddable":true,"href":"https:\/\/redamlo.com\/index.php\/wp-json\/wp\/v2\/tags?post=4646"}],"curies":[{"name":"wp","href":"https:\/\/api.w.org\/{rel}","templated":true}]}}