{"id":4633,"date":"2021-06-12T20:00:25","date_gmt":"2021-06-12T20:00:25","guid":{"rendered":"https:\/\/redamlo.com\/?p=4633"},"modified":"2021-06-12T20:00:25","modified_gmt":"2021-06-12T20:00:25","slug":"reconoce-lopez-obrador-a-trabajadores-de-la-construccion-en-supervision-de-obra-de-autopista-puerto-escondido-oaxaca","status":"publish","type":"post","link":"https:\/\/redamlo.com\/index.php\/2021\/06\/12\/reconoce-lopez-obrador-a-trabajadores-de-la-construccion-en-supervision-de-obra-de-autopista-puerto-escondido-oaxaca\/","title":{"rendered":"Reconoce L\u00f3pez Obrador a trabajadores de la construcci\u00f3n en supervisi\u00f3n de obra de autopista Puerto Escondido-Oaxaca"},"content":{"rendered":"<p style=\"text-align: justify;\"><span style=\"color: #000000; font-family: Arial, Helvetica, sans-serif;\">OAXACA, 12 de junio de 2021.- Durante su gira de trabajo por Oaxaca, el presidente de M\u00e9xico, Andr\u00e9s Manuel L\u00f3pez Obrador constat\u00f3 el avance de la construcci\u00f3n de la autopista Puerto Escondido-Oaxaca.<\/span><\/p>\n<p><span style=\"color: #000000; font-family: Arial, Helvetica, sans-serif;\">Acompa\u00f1ado del gobernador, Alejandro Murat Hinojosa, el jefe del Ejecutivo destac\u00f3 que esta obra reducir\u00e1 el tiempo de traslado de 6 a 2 horas. Indic\u00f3 que la meta es inaugurarla el pr\u00f3ximo a\u00f1o.<\/span><\/p>\n<p style=\"text-align: justify;\">https:\/\/www.youtube.com\/watch?v=ZKJ9lSUOgdE&amp;feature=emb_title<\/p>\n<p><span style=\"color: #000000; font-family: Arial, Helvetica, sans-serif;\">Reconoci\u00f3 la labor de las y los trabajadores que hacen posible la ejecuci\u00f3n del proyecto y se comprometi\u00f3 a garantizar el empleo para todos ellos en el tiempo que resta a su administraci\u00f3n.<\/span><\/p>\n<p><span style=\"color: #000000; font-family: Arial, Helvetica, sans-serif;\">\u201cNo nos podemos olvidar de ellos. (\u2026) Los felicitamos y les agradecemos por todo lo que hacen por el desarrollo de M\u00e9xico\u201d, expres\u00f3.<\/span><\/p>\n<p style=\"text-align: justify;\">https:\/\/www.youtube.com\/watch?v=8wg1eKbGTKQ&amp;feature=emb_title<\/p>\n<p><span style=\"color: #000000; font-family: Arial, Helvetica, sans-serif;\">Al supervisar la operaci\u00f3n de maquinaria y equipo, el mandatario anunci\u00f3 que el gobierno federal otorgar\u00e1 cr\u00e9ditos para renovar los veh\u00edculos de volteo.<\/span><\/p>\n<p><iframe loading=\"lazy\" title=\"Compromiso de renovar camiones de volteo\" width=\"640\" height=\"360\" src=\"https:\/\/www.youtube.com\/embed\/YPAgb32suSc?feature=oembed\" frameborder=\"0\" allow=\"accelerometer; autoplay; clipboard-write; encrypted-media; gyroscope; picture-in-picture; web-share\" referrerpolicy=\"strict-origin-when-cross-origin\" allowfullscreen><\/iframe><\/p>\n<p><iframe loading=\"lazy\" title=\"Fabricaci\u00f3n de grava para construir autopista en Oaxaca\" width=\"640\" height=\"360\" src=\"https:\/\/www.youtube.com\/embed\/LqkkmvnuRw0?feature=oembed\" frameborder=\"0\" allow=\"accelerometer; autoplay; clipboard-write; encrypted-media; gyroscope; picture-in-picture; web-share\" referrerpolicy=\"strict-origin-when-cross-origin\" allowfullscreen><\/iframe><\/p>\n<p><iframe loading=\"lazy\" title=\"Recorrido en t\u00fanel de autopista Puerto Escondido-Oaxaca\" width=\"640\" height=\"360\" src=\"https:\/\/www.youtube.com\/embed\/GCoSU7FvLjs?feature=oembed\" frameborder=\"0\" allow=\"accelerometer; autoplay; clipboard-write; encrypted-media; gyroscope; picture-in-picture; web-share\" referrerpolicy=\"strict-origin-when-cross-origin\" allowfullscreen><\/iframe><\/p>\n<p><iframe loading=\"lazy\" title=\"Habr\u00e1 apoyo para el ganadero Don Cresencio\" width=\"640\" height=\"360\" src=\"https:\/\/www.youtube.com\/embed\/NleCRwUVS1c?feature=oembed\" frameborder=\"0\" allow=\"accelerometer; autoplay; clipboard-write; encrypted-media; gyroscope; picture-in-picture; web-share\" referrerpolicy=\"strict-origin-when-cross-origin\" allowfullscreen><\/iframe><\/p>\n<p><iframe loading=\"lazy\" title=\"Camino pavimentado en San Sebasti\u00e1n Coatl\u00e1n\" width=\"640\" height=\"360\" src=\"https:\/\/www.youtube.com\/embed\/os3h4LYsNns?feature=oembed\" frameborder=\"0\" allow=\"accelerometer; autoplay; clipboard-write; encrypted-media; gyroscope; picture-in-picture; web-share\" referrerpolicy=\"strict-origin-when-cross-origin\" allowfullscreen><\/iframe><\/p>\n<p><iframe loading=\"lazy\" title=\"Visita a San Vicente Coatl\u00e1n\" width=\"640\" height=\"360\" src=\"https:\/\/www.youtube.com\/embed\/vjX7ieKBoAI?feature=oembed\" frameborder=\"0\" allow=\"accelerometer; autoplay; clipboard-write; encrypted-media; gyroscope; picture-in-picture; web-share\" referrerpolicy=\"strict-origin-when-cross-origin\" allowfullscreen><\/iframe><\/p>\n","protected":false},"excerpt":{"rendered":"<p>OAXACA, 12 de junio de 2021.- Durante su gira de trabajo por Oaxaca, el presidente&#8230;<\/p>\n","protected":false},"author":2,"featured_media":4641,"comment_status":"open","ping_status":"closed","sticky":false,"template":"","format":"standard","meta":{"footnotes":""},"categories":[25,20,27],"tags":[84,131,982,983,556,9,123,984],"class_list":["post-4633","post","type-post","status-publish","format-standard","has-post-thumbnail","hentry","category-4t","category-nacionales","category-presidencia","tag-amlo","tag-andres-manuel-lopez-obrador","tag-autopista-puerto-escondido-oaxaca","tag-gira-de-trabajo","tag-gobierno-de-mexico","tag-mexico","tag-oaxaca","tag-vehiculos-de-volteo"],"yoast_head":"<!-- This site is optimized with the Yoast SEO plugin v27.5 - https:\/\/yoast.com\/product\/yoast-seo-wordpress\/ -->\n<title>Reconoce L\u00f3pez Obrador a trabajadores de la construcci\u00f3n en supervisi\u00f3n de obra de autopista Puerto Escondido-Oaxaca - NOTICIAS DE LA 4T<\/title>\n<meta name=\"robots\" content=\"noindex, follow, max-snippet:-1, max-image-preview:large, max-video-preview:-1\" \/>\n<meta property=\"og:locale\" content=\"es_MX\" \/>\n<meta property=\"og:type\" content=\"article\" \/>\n<meta property=\"og:title\" content=\"Reconoce L\u00f3pez Obrador a trabajadores de la construcci\u00f3n en supervisi\u00f3n de obra de autopista Puerto Escondido-Oaxaca - NOTICIAS DE LA 4T\" \/>\n<meta property=\"og:description\" content=\"OAXACA, 12 de junio de 2021.- Durante su gira de trabajo por Oaxaca, el presidente...\" \/>\n<meta property=\"og:url\" content=\"https:\/\/redamlo.com\/index.php\/2021\/06\/12\/reconoce-lopez-obrador-a-trabajadores-de-la-construccion-en-supervision-de-obra-de-autopista-puerto-escondido-oaxaca\/\" \/>\n<meta property=\"og:site_name\" content=\"NOTICIAS DE LA 4T\" \/>\n<meta property=\"article:published_time\" content=\"2021-06-12T20:00:25+00:00\" \/>\n<meta property=\"og:image\" content=\"https:\/\/redamlo.com\/wp-content\/uploads\/2021\/06\/Reconoce-Lopez-Obrador-a-trabajadores-de-la-construccion-en-supervision-de-obra-de-autopista-Puerto-Escondido-Oaxaca.jpeg\" \/>\n\t<meta property=\"og:image:width\" content=\"770\" \/>\n\t<meta property=\"og:image:height\" content=\"433\" \/>\n\t<meta property=\"og:image:type\" content=\"image\/jpeg\" \/>\n<meta name=\"author\" content=\"Blanca\" \/>\n<meta name=\"twitter:card\" content=\"summary_large_image\" \/>\n<meta name=\"twitter:label1\" content=\"Escrito por\" \/>\n\t<meta name=\"twitter:data1\" content=\"Blanca\" \/>\n\t<meta name=\"twitter:label2\" content=\"Tiempo de lectura\" \/>\n\t<meta name=\"twitter:data2\" content=\"1 minuto\" \/>\n<script type=\"application\/ld+json\" class=\"yoast-schema-graph\">{\"@context\":\"https:\\\/\\\/schema.org\",\"@graph\":[{\"@type\":\"Article\",\"@id\":\"https:\\\/\\\/redamlo.com\\\/index.php\\\/2021\\\/06\\\/12\\\/reconoce-lopez-obrador-a-trabajadores-de-la-construccion-en-supervision-de-obra-de-autopista-puerto-escondido-oaxaca\\\/#article\",\"isPartOf\":{\"@id\":\"https:\\\/\\\/redamlo.com\\\/index.php\\\/2021\\\/06\\\/12\\\/reconoce-lopez-obrador-a-trabajadores-de-la-construccion-en-supervision-de-obra-de-autopista-puerto-escondido-oaxaca\\\/\"},\"author\":{\"name\":\"Blanca\",\"@id\":\"https:\\\/\\\/redamlo.com\\\/#\\\/schema\\\/person\\\/7223a4375eb8f1a782fcae010a7115cf\"},\"headline\":\"Reconoce L\u00f3pez Obrador a trabajadores de la construcci\u00f3n en supervisi\u00f3n de obra de autopista Puerto Escondido-Oaxaca\",\"datePublished\":\"2021-06-12T20:00:25+00:00\",\"mainEntityOfPage\":{\"@id\":\"https:\\\/\\\/redamlo.com\\\/index.php\\\/2021\\\/06\\\/12\\\/reconoce-lopez-obrador-a-trabajadores-de-la-construccion-en-supervision-de-obra-de-autopista-puerto-escondido-oaxaca\\\/\"},\"wordCount\":268,\"commentCount\":0,\"publisher\":{\"@id\":\"https:\\\/\\\/redamlo.com\\\/#organization\"},\"image\":{\"@id\":\"https:\\\/\\\/redamlo.com\\\/index.php\\\/2021\\\/06\\\/12\\\/reconoce-lopez-obrador-a-trabajadores-de-la-construccion-en-supervision-de-obra-de-autopista-puerto-escondido-oaxaca\\\/#primaryimage\"},\"thumbnailUrl\":\"https:\\\/\\\/redamlo.com\\\/wp-content\\\/uploads\\\/2021\\\/06\\\/Reconoce-Lopez-Obrador-a-trabajadores-de-la-construccion-en-supervision-de-obra-de-autopista-Puerto-Escondido-Oaxaca.jpeg\",\"keywords\":[\"AMLO\",\"Andr\u00e9s Manuel L\u00f3pez Obrador\",\"autopista Puerto Escondido-Oaxaca\",\"gira de trabajo\",\"Gobierno de M\u00e9xico\",\"M\u00e9xico\",\"Oaxaca\",\"veh\u00edculos de volteo\"],\"articleSection\":[\"4T\",\"Nacionales\",\"Presidencia\"],\"inLanguage\":\"es\",\"potentialAction\":[{\"@type\":\"CommentAction\",\"name\":\"Comment\",\"target\":[\"https:\\\/\\\/redamlo.com\\\/index.php\\\/2021\\\/06\\\/12\\\/reconoce-lopez-obrador-a-trabajadores-de-la-construccion-en-supervision-de-obra-de-autopista-puerto-escondido-oaxaca\\\/#respond\"]}]},{\"@type\":\"WebPage\",\"@id\":\"https:\\\/\\\/redamlo.com\\\/index.php\\\/2021\\\/06\\\/12\\\/reconoce-lopez-obrador-a-trabajadores-de-la-construccion-en-supervision-de-obra-de-autopista-puerto-escondido-oaxaca\\\/\",\"url\":\"https:\\\/\\\/redamlo.com\\\/index.php\\\/2021\\\/06\\\/12\\\/reconoce-lopez-obrador-a-trabajadores-de-la-construccion-en-supervision-de-obra-de-autopista-puerto-escondido-oaxaca\\\/\",\"name\":\"Reconoce L\u00f3pez Obrador a trabajadores de la construcci\u00f3n en supervisi\u00f3n de obra de autopista Puerto Escondido-Oaxaca - NOTICIAS DE LA 4T\",\"isPartOf\":{\"@id\":\"https:\\\/\\\/redamlo.com\\\/#website\"},\"primaryImageOfPage\":{\"@id\":\"https:\\\/\\\/redamlo.com\\\/index.php\\\/2021\\\/06\\\/12\\\/reconoce-lopez-obrador-a-trabajadores-de-la-construccion-en-supervision-de-obra-de-autopista-puerto-escondido-oaxaca\\\/#primaryimage\"},\"image\":{\"@id\":\"https:\\\/\\\/redamlo.com\\\/index.php\\\/2021\\\/06\\\/12\\\/reconoce-lopez-obrador-a-trabajadores-de-la-construccion-en-supervision-de-obra-de-autopista-puerto-escondido-oaxaca\\\/#primaryimage\"},\"thumbnailUrl\":\"https:\\\/\\\/redamlo.com\\\/wp-content\\\/uploads\\\/2021\\\/06\\\/Reconoce-Lopez-Obrador-a-trabajadores-de-la-construccion-en-supervision-de-obra-de-autopista-Puerto-Escondido-Oaxaca.jpeg\",\"datePublished\":\"2021-06-12T20:00:25+00:00\",\"breadcrumb\":{\"@id\":\"https:\\\/\\\/redamlo.com\\\/index.php\\\/2021\\\/06\\\/12\\\/reconoce-lopez-obrador-a-trabajadores-de-la-construccion-en-supervision-de-obra-de-autopista-puerto-escondido-oaxaca\\\/#breadcrumb\"},\"inLanguage\":\"es\",\"potentialAction\":[{\"@type\":\"ReadAction\",\"target\":[\"https:\\\/\\\/redamlo.com\\\/index.php\\\/2021\\\/06\\\/12\\\/reconoce-lopez-obrador-a-trabajadores-de-la-construccion-en-supervision-de-obra-de-autopista-puerto-escondido-oaxaca\\\/\"]}]},{\"@type\":\"ImageObject\",\"inLanguage\":\"es\",\"@id\":\"https:\\\/\\\/redamlo.com\\\/index.php\\\/2021\\\/06\\\/12\\\/reconoce-lopez-obrador-a-trabajadores-de-la-construccion-en-supervision-de-obra-de-autopista-puerto-escondido-oaxaca\\\/#primaryimage\",\"url\":\"https:\\\/\\\/redamlo.com\\\/wp-content\\\/uploads\\\/2021\\\/06\\\/Reconoce-Lopez-Obrador-a-trabajadores-de-la-construccion-en-supervision-de-obra-de-autopista-Puerto-Escondido-Oaxaca.jpeg\",\"contentUrl\":\"https:\\\/\\\/redamlo.com\\\/wp-content\\\/uploads\\\/2021\\\/06\\\/Reconoce-Lopez-Obrador-a-trabajadores-de-la-construccion-en-supervision-de-obra-de-autopista-Puerto-Escondido-Oaxaca.jpeg\",\"width\":770,\"height\":433},{\"@type\":\"BreadcrumbList\",\"@id\":\"https:\\\/\\\/redamlo.com\\\/index.php\\\/2021\\\/06\\\/12\\\/reconoce-lopez-obrador-a-trabajadores-de-la-construccion-en-supervision-de-obra-de-autopista-puerto-escondido-oaxaca\\\/#breadcrumb\",\"itemListElement\":[{\"@type\":\"ListItem\",\"position\":1,\"name\":\"Inicio\",\"item\":\"https:\\\/\\\/redamlo.com\\\/\"},{\"@type\":\"ListItem\",\"position\":2,\"name\":\"Reconoce L\u00f3pez Obrador a trabajadores de la construcci\u00f3n en supervisi\u00f3n de obra de autopista Puerto Escondido-Oaxaca\"}]},{\"@type\":\"WebSite\",\"@id\":\"https:\\\/\\\/redamlo.com\\\/#website\",\"url\":\"https:\\\/\\\/redamlo.com\\\/\",\"name\":\"NOTICIAS DE LA 4T\",\"description\":\"\",\"publisher\":{\"@id\":\"https:\\\/\\\/redamlo.com\\\/#organization\"},\"potentialAction\":[{\"@type\":\"SearchAction\",\"target\":{\"@type\":\"EntryPoint\",\"urlTemplate\":\"https:\\\/\\\/redamlo.com\\\/?s={search_term_string}\"},\"query-input\":{\"@type\":\"PropertyValueSpecification\",\"valueRequired\":true,\"valueName\":\"search_term_string\"}}],\"inLanguage\":\"es\"},{\"@type\":\"Organization\",\"@id\":\"https:\\\/\\\/redamlo.com\\\/#organization\",\"name\":\"NOTICIAS DE LA 4T\",\"url\":\"https:\\\/\\\/redamlo.com\\\/\",\"logo\":{\"@type\":\"ImageObject\",\"inLanguage\":\"es\",\"@id\":\"https:\\\/\\\/redamlo.com\\\/#\\\/schema\\\/logo\\\/image\\\/\",\"url\":\"https:\\\/\\\/redamlo.com\\\/wp-content\\\/uploads\\\/2024\\\/08\\\/cropped-RED-AMLO-logo-50.png\",\"contentUrl\":\"https:\\\/\\\/redamlo.com\\\/wp-content\\\/uploads\\\/2024\\\/08\\\/cropped-RED-AMLO-logo-50.png\",\"width\":256,\"height\":256,\"caption\":\"NOTICIAS DE LA 4T\"},\"image\":{\"@id\":\"https:\\\/\\\/redamlo.com\\\/#\\\/schema\\\/logo\\\/image\\\/\"}},{\"@type\":\"Person\",\"@id\":\"https:\\\/\\\/redamlo.com\\\/#\\\/schema\\\/person\\\/7223a4375eb8f1a782fcae010a7115cf\",\"name\":\"Blanca\",\"image\":{\"@type\":\"ImageObject\",\"inLanguage\":\"es\",\"@id\":\"https:\\\/\\\/secure.gravatar.com\\\/avatar\\\/3f79bc8336367a4e6093eae8757acaaf61d1124834b905616de7829b0273426d?s=96&d=mm&r=g\",\"url\":\"https:\\\/\\\/secure.gravatar.com\\\/avatar\\\/3f79bc8336367a4e6093eae8757acaaf61d1124834b905616de7829b0273426d?s=96&d=mm&r=g\",\"contentUrl\":\"https:\\\/\\\/secure.gravatar.com\\\/avatar\\\/3f79bc8336367a4e6093eae8757acaaf61d1124834b905616de7829b0273426d?s=96&d=mm&r=g\",\"caption\":\"Blanca\"},\"url\":\"https:\\\/\\\/redamlo.com\\\/index.php\\\/author\\\/blanca\\\/\"}]}<\/script>\n<!-- \/ Yoast SEO plugin. -->","yoast_head_json":{"title":"Reconoce L\u00f3pez Obrador a trabajadores de la construcci\u00f3n en supervisi\u00f3n de obra de autopista Puerto Escondido-Oaxaca - NOTICIAS DE LA 4T","robots":{"index":"noindex","follow":"follow","max-snippet":"max-snippet:-1","max-image-preview":"max-image-preview:large","max-video-preview":"max-video-preview:-1"},"og_locale":"es_MX","og_type":"article","og_title":"Reconoce L\u00f3pez Obrador a trabajadores de la construcci\u00f3n en supervisi\u00f3n de obra de autopista Puerto Escondido-Oaxaca - NOTICIAS DE LA 4T","og_description":"OAXACA, 12 de junio de 2021.- Durante su gira de trabajo por Oaxaca, el presidente...","og_url":"https:\/\/redamlo.com\/index.php\/2021\/06\/12\/reconoce-lopez-obrador-a-trabajadores-de-la-construccion-en-supervision-de-obra-de-autopista-puerto-escondido-oaxaca\/","og_site_name":"NOTICIAS DE LA 4T","article_published_time":"2021-06-12T20:00:25+00:00","og_image":[{"width":770,"height":433,"url":"https:\/\/redamlo.com\/wp-content\/uploads\/2021\/06\/Reconoce-Lopez-Obrador-a-trabajadores-de-la-construccion-en-supervision-de-obra-de-autopista-Puerto-Escondido-Oaxaca.jpeg","type":"image\/jpeg"}],"author":"Blanca","twitter_card":"summary_large_image","twitter_misc":{"Escrito por":"Blanca","Tiempo de lectura":"1 minuto"},"schema":{"@context":"https:\/\/schema.org","@graph":[{"@type":"Article","@id":"https:\/\/redamlo.com\/index.php\/2021\/06\/12\/reconoce-lopez-obrador-a-trabajadores-de-la-construccion-en-supervision-de-obra-de-autopista-puerto-escondido-oaxaca\/#article","isPartOf":{"@id":"https:\/\/redamlo.com\/index.php\/2021\/06\/12\/reconoce-lopez-obrador-a-trabajadores-de-la-construccion-en-supervision-de-obra-de-autopista-puerto-escondido-oaxaca\/"},"author":{"name":"Blanca","@id":"https:\/\/redamlo.com\/#\/schema\/person\/7223a4375eb8f1a782fcae010a7115cf"},"headline":"Reconoce L\u00f3pez Obrador a trabajadores de la construcci\u00f3n en supervisi\u00f3n de obra de autopista Puerto Escondido-Oaxaca","datePublished":"2021-06-12T20:00:25+00:00","mainEntityOfPage":{"@id":"https:\/\/redamlo.com\/index.php\/2021\/06\/12\/reconoce-lopez-obrador-a-trabajadores-de-la-construccion-en-supervision-de-obra-de-autopista-puerto-escondido-oaxaca\/"},"wordCount":268,"commentCount":0,"publisher":{"@id":"https:\/\/redamlo.com\/#organization"},"image":{"@id":"https:\/\/redamlo.com\/index.php\/2021\/06\/12\/reconoce-lopez-obrador-a-trabajadores-de-la-construccion-en-supervision-de-obra-de-autopista-puerto-escondido-oaxaca\/#primaryimage"},"thumbnailUrl":"https:\/\/redamlo.com\/wp-content\/uploads\/2021\/06\/Reconoce-Lopez-Obrador-a-trabajadores-de-la-construccion-en-supervision-de-obra-de-autopista-Puerto-Escondido-Oaxaca.jpeg","keywords":["AMLO","Andr\u00e9s Manuel L\u00f3pez Obrador","autopista Puerto Escondido-Oaxaca","gira de trabajo","Gobierno de M\u00e9xico","M\u00e9xico","Oaxaca","veh\u00edculos de volteo"],"articleSection":["4T","Nacionales","Presidencia"],"inLanguage":"es","potentialAction":[{"@type":"CommentAction","name":"Comment","target":["https:\/\/redamlo.com\/index.php\/2021\/06\/12\/reconoce-lopez-obrador-a-trabajadores-de-la-construccion-en-supervision-de-obra-de-autopista-puerto-escondido-oaxaca\/#respond"]}]},{"@type":"WebPage","@id":"https:\/\/redamlo.com\/index.php\/2021\/06\/12\/reconoce-lopez-obrador-a-trabajadores-de-la-construccion-en-supervision-de-obra-de-autopista-puerto-escondido-oaxaca\/","url":"https:\/\/redamlo.com\/index.php\/2021\/06\/12\/reconoce-lopez-obrador-a-trabajadores-de-la-construccion-en-supervision-de-obra-de-autopista-puerto-escondido-oaxaca\/","name":"Reconoce L\u00f3pez Obrador a trabajadores de la construcci\u00f3n en supervisi\u00f3n de obra de autopista Puerto Escondido-Oaxaca - NOTICIAS DE LA 4T","isPartOf":{"@id":"https:\/\/redamlo.com\/#website"},"primaryImageOfPage":{"@id":"https:\/\/redamlo.com\/index.php\/2021\/06\/12\/reconoce-lopez-obrador-a-trabajadores-de-la-construccion-en-supervision-de-obra-de-autopista-puerto-escondido-oaxaca\/#primaryimage"},"image":{"@id":"https:\/\/redamlo.com\/index.php\/2021\/06\/12\/reconoce-lopez-obrador-a-trabajadores-de-la-construccion-en-supervision-de-obra-de-autopista-puerto-escondido-oaxaca\/#primaryimage"},"thumbnailUrl":"https:\/\/redamlo.com\/wp-content\/uploads\/2021\/06\/Reconoce-Lopez-Obrador-a-trabajadores-de-la-construccion-en-supervision-de-obra-de-autopista-Puerto-Escondido-Oaxaca.jpeg","datePublished":"2021-06-12T20:00:25+00:00","breadcrumb":{"@id":"https:\/\/redamlo.com\/index.php\/2021\/06\/12\/reconoce-lopez-obrador-a-trabajadores-de-la-construccion-en-supervision-de-obra-de-autopista-puerto-escondido-oaxaca\/#breadcrumb"},"inLanguage":"es","potentialAction":[{"@type":"ReadAction","target":["https:\/\/redamlo.com\/index.php\/2021\/06\/12\/reconoce-lopez-obrador-a-trabajadores-de-la-construccion-en-supervision-de-obra-de-autopista-puerto-escondido-oaxaca\/"]}]},{"@type":"ImageObject","inLanguage":"es","@id":"https:\/\/redamlo.com\/index.php\/2021\/06\/12\/reconoce-lopez-obrador-a-trabajadores-de-la-construccion-en-supervision-de-obra-de-autopista-puerto-escondido-oaxaca\/#primaryimage","url":"https:\/\/redamlo.com\/wp-content\/uploads\/2021\/06\/Reconoce-Lopez-Obrador-a-trabajadores-de-la-construccion-en-supervision-de-obra-de-autopista-Puerto-Escondido-Oaxaca.jpeg","contentUrl":"https:\/\/redamlo.com\/wp-content\/uploads\/2021\/06\/Reconoce-Lopez-Obrador-a-trabajadores-de-la-construccion-en-supervision-de-obra-de-autopista-Puerto-Escondido-Oaxaca.jpeg","width":770,"height":433},{"@type":"BreadcrumbList","@id":"https:\/\/redamlo.com\/index.php\/2021\/06\/12\/reconoce-lopez-obrador-a-trabajadores-de-la-construccion-en-supervision-de-obra-de-autopista-puerto-escondido-oaxaca\/#breadcrumb","itemListElement":[{"@type":"ListItem","position":1,"name":"Inicio","item":"https:\/\/redamlo.com\/"},{"@type":"ListItem","position":2,"name":"Reconoce L\u00f3pez Obrador a trabajadores de la construcci\u00f3n en supervisi\u00f3n de obra de autopista Puerto Escondido-Oaxaca"}]},{"@type":"WebSite","@id":"https:\/\/redamlo.com\/#website","url":"https:\/\/redamlo.com\/","name":"NOTICIAS DE LA 4T","description":"","publisher":{"@id":"https:\/\/redamlo.com\/#organization"},"potentialAction":[{"@type":"SearchAction","target":{"@type":"EntryPoint","urlTemplate":"https:\/\/redamlo.com\/?s={search_term_string}"},"query-input":{"@type":"PropertyValueSpecification","valueRequired":true,"valueName":"search_term_string"}}],"inLanguage":"es"},{"@type":"Organization","@id":"https:\/\/redamlo.com\/#organization","name":"NOTICIAS DE LA 4T","url":"https:\/\/redamlo.com\/","logo":{"@type":"ImageObject","inLanguage":"es","@id":"https:\/\/redamlo.com\/#\/schema\/logo\/image\/","url":"https:\/\/redamlo.com\/wp-content\/uploads\/2024\/08\/cropped-RED-AMLO-logo-50.png","contentUrl":"https:\/\/redamlo.com\/wp-content\/uploads\/2024\/08\/cropped-RED-AMLO-logo-50.png","width":256,"height":256,"caption":"NOTICIAS DE LA 4T"},"image":{"@id":"https:\/\/redamlo.com\/#\/schema\/logo\/image\/"}},{"@type":"Person","@id":"https:\/\/redamlo.com\/#\/schema\/person\/7223a4375eb8f1a782fcae010a7115cf","name":"Blanca","image":{"@type":"ImageObject","inLanguage":"es","@id":"https:\/\/secure.gravatar.com\/avatar\/3f79bc8336367a4e6093eae8757acaaf61d1124834b905616de7829b0273426d?s=96&d=mm&r=g","url":"https:\/\/secure.gravatar.com\/avatar\/3f79bc8336367a4e6093eae8757acaaf61d1124834b905616de7829b0273426d?s=96&d=mm&r=g","contentUrl":"https:\/\/secure.gravatar.com\/avatar\/3f79bc8336367a4e6093eae8757acaaf61d1124834b905616de7829b0273426d?s=96&d=mm&r=g","caption":"Blanca"},"url":"https:\/\/redamlo.com\/index.php\/author\/blanca\/"}]}},"_links":{"self":[{"href":"https:\/\/redamlo.com\/index.php\/wp-json\/wp\/v2\/posts\/4633","targetHints":{"allow":["GET"]}}],"collection":[{"href":"https:\/\/redamlo.com\/index.php\/wp-json\/wp\/v2\/posts"}],"about":[{"href":"https:\/\/redamlo.com\/index.php\/wp-json\/wp\/v2\/types\/post"}],"author":[{"embeddable":true,"href":"https:\/\/redamlo.com\/index.php\/wp-json\/wp\/v2\/users\/2"}],"replies":[{"embeddable":true,"href":"https:\/\/redamlo.com\/index.php\/wp-json\/wp\/v2\/comments?post=4633"}],"version-history":[{"count":0,"href":"https:\/\/redamlo.com\/index.php\/wp-json\/wp\/v2\/posts\/4633\/revisions"}],"wp:featuredmedia":[{"embeddable":true,"href":"https:\/\/redamlo.com\/index.php\/wp-json\/wp\/v2\/media\/4641"}],"wp:attachment":[{"href":"https:\/\/redamlo.com\/index.php\/wp-json\/wp\/v2\/media?parent=4633"}],"wp:term":[{"taxonomy":"category","embeddable":true,"href":"https:\/\/redamlo.com\/index.php\/wp-json\/wp\/v2\/categories?post=4633"},{"taxonomy":"post_tag","embeddable":true,"href":"https:\/\/redamlo.com\/index.php\/wp-json\/wp\/v2\/tags?post=4633"}],"curies":[{"name":"wp","href":"https:\/\/api.w.org\/{rel}","templated":true}]}}