{"id":4625,"date":"2021-06-11T20:00:22","date_gmt":"2021-06-11T20:00:22","guid":{"rendered":"https:\/\/redamlo.com\/?p=4625"},"modified":"2021-06-11T20:00:22","modified_gmt":"2021-06-11T20:00:22","slug":"lopez-obrador-pronostica-nuevo-record-en-remesas-habra-caminos-a-todas-las-cabeceras-municipales-de-oaxaca","status":"publish","type":"post","link":"https:\/\/redamlo.com\/index.php\/2021\/06\/11\/lopez-obrador-pronostica-nuevo-record-en-remesas-habra-caminos-a-todas-las-cabeceras-municipales-de-oaxaca\/","title":{"rendered":"L\u00f3pez Obrador pronostica nuevo r\u00e9cord en remesas; habr\u00e1 caminos a todas las cabeceras municipales de Oaxaca"},"content":{"rendered":"<p style=\"text-align: justify;\"><span style=\"color: #000000; font-family: Arial, Helvetica, sans-serif;\">PINOTEPA NACIONAL, OAX., 11 de junio de 2021.- En su visita a Oaxaca, el presidente de M\u00e9xico, Andr\u00e9s Manuel L\u00f3pez Obrador inform\u00f3 que, de acuerdo con las previsiones, en 2021 habr\u00e1 un nuevo r\u00e9cord de recepci\u00f3n de remesas y que podr\u00edan alcanzar los 50 mil millones de d\u00f3lares.<\/span><\/p>\n<p><span style=\"color: #000000; font-family: Arial, Helvetica, sans-serif;\">\u201cEl a\u00f1o pasado, a pesar de la pandemia, nuestros paisanos nos ayudaron enviando a su familiares 40 mil 500 millones de d\u00f3lares, y este a\u00f1o, de acuerdo a lo recibido en los meses de enero a abril, seg\u00fan el Banco de M\u00e9xico, podemos llegar muy cerca de los 50 mil millones de d\u00f3lares, este a\u00f1o podemos romper r\u00e9cord\u201d, detall\u00f3.<\/span><\/p>\n<p><span style=\"color: #000000; font-family: Arial, Helvetica, sans-serif;\">Dio a conocer que este ingreso lo reciben 10 millones de familias mexicanas y es fundamental para el desarrollo econ\u00f3mico de las comunidades.<\/span><\/p>\n<p><span style=\"color: #000000; font-family: Arial, Helvetica, sans-serif;\">El jefe del Ejecutivo refrend\u00f3 sus compromisos con las y los habitantes de Oaxaca y anunci\u00f3 que al t\u00e9rmino del sexenio, los 570 municipios que conforman la entidad contar\u00e1n con m\u00e1s de 200 caminos de concreto hacia sus cabeceras municipales, todos construidos con mano de obra local.<\/span><\/p>\n<p><span style=\"color: #000000; font-family: Arial, Helvetica, sans-serif;\">\u201cTenemos que continuar con los caminos de concreto hechos por el pueblo (\u2026). El compromiso que hemos hecho y vamos a cumplir es que al final de nuestro gobierno no va a quedar un municipio sin un camino hacia su cabecera municipal, todos van a estar concluidos\u201d, refrend\u00f3.<\/span><\/p>\n<p><span style=\"color: #000000; font-family: Arial, Helvetica, sans-serif;\">El subsecretario de Infraestructura de la Secretar\u00eda de Comunicaci\u00f3n y Transportes, Jorge Nu\u00f1o Lara, inform\u00f3 que en Oaxaca se destinar\u00e1 una inversi\u00f3n de 4 mil millones de pesos en 2021 para la construcci\u00f3n de caminos y carreteras que comunicar\u00e1n a las comunidades de la entidad y fortalecer\u00e1n la actividad econ\u00f3mica.<\/span><\/p>\n<p><strong><span style=\"color: #000000; font-family: Arial, Helvetica, sans-serif;\">L\u00f3pez Obrador instruye consolidar Programas para el Bienestar<\/span><\/strong><\/p>\n<p><span style=\"color: #000000; font-family: Arial, Helvetica, sans-serif;\">Durante la evaluaci\u00f3n de los Programas para el Bienestar, el mandatario instruy\u00f3 a los encargados de La Escuela es Nuestra, Universidades para el Bienestar \u2018Benito Ju\u00e1rez Garc\u00eda\u2019 y J\u00f3venes Construyendo el Futuro, consolidar estos programas para impulsar el desarrollo de las y los j\u00f3venes.<\/span><\/p>\n<p><span style=\"color: #000000; font-family: Arial, Helvetica, sans-serif;\">En el caso de La Escuela es Nuestra, sostuvo que a la fecha se han atendido a 53 mil centros escolares para la mejora de su infraestructura; la meta para 2024 ser\u00e1 atender las necesidades de las 195 mil escuelas p\u00fablicas del pa\u00eds.<\/span><\/p>\n<p><span style=\"color: #000000; font-family: Arial, Helvetica, sans-serif;\">Resalt\u00f3 que J\u00f3venes Construyendo el Futuro ha sido fundamental en la generaci\u00f3n de oportunidades de trabajo, alejando a este sector del crimen organizado.<\/span><\/p>\n<p><span style=\"color: #000000; font-family: Arial, Helvetica, sans-serif;\">Por \u00faltimo, llam\u00f3 a fortalecer el programa de Universidades del Bienestar \u2018Benito Ju\u00e1rez Garc\u00eda\u2019 para que m\u00e1s estudiantes tengan acceso a la educaci\u00f3n superior en el pa\u00eds.<\/span><\/p>\n<p><span style=\"color: #000000; font-family: Arial, Helvetica, sans-serif;\">Acompa\u00f1aron al presidente, el gobernador de Oaxaca, Alejandro Murat Hinojosa; el secretario de Bienestar, Javier May Rodr\u00edguez; la subsecretaria de Desarrollo Social y Humano, Ariadna Montiel Reyes; el director general del INPI, Adelfo Regino Montes; el coordinador general de Programas Integrales para el Desarrollo, Gabriel Garc\u00eda Hern\u00e1ndez; la directora general de Universidades para el Bienestar \u2018Benito Ju\u00e1rez Garc\u00eda\u2019, Raquel Sosa El\u00edzaga; el coordinador nacional del Programa de Becas para el Bienestar \u2018Benito Ju\u00e1rez\u2019, Abraham V\u00e1zquez Piceno; la directora general de La Escuela es Nuestra, Pamela L\u00f3pez Ruiz y el presidente municipal de Pinotepa Nacional, Jos\u00e9 Alberto Fenochi Vigil.<\/span><\/p>\n<p><iframe loading=\"lazy\" title=\"Programas para el Bienestar, desde Santiago Pinotepa Nacional, Oaxaca\" width=\"640\" height=\"360\" src=\"https:\/\/www.youtube.com\/embed\/6YbiUGWU-6s?start=2035&#038;feature=oembed\" frameborder=\"0\" allow=\"accelerometer; autoplay; clipboard-write; encrypted-media; gyroscope; picture-in-picture; web-share\" referrerpolicy=\"strict-origin-when-cross-origin\" allowfullscreen><\/iframe><\/p>\n","protected":false},"excerpt":{"rendered":"<p>PINOTEPA NACIONAL, OAX., 11 de junio de 2021.- En su visita a Oaxaca, el presidente&#8230;<\/p>\n","protected":false},"author":2,"featured_media":4628,"comment_status":"open","ping_status":"closed","sticky":false,"template":"","format":"standard","meta":{"footnotes":""},"categories":[25,20,27],"tags":[84,131,977,978,473,556,9,979,123,567,980],"class_list":["post-4625","post","type-post","status-publish","format-standard","has-post-thumbnail","hentry","category-4t","category-nacionales","category-presidencia","tag-amlo","tag-andres-manuel-lopez-obrador","tag-cabeceras-municipales","tag-caminos","tag-covid-19","tag-gobierno-de-mexico","tag-mexico","tag-nuevo-record","tag-oaxaca","tag-pandemia","tag-remesas"],"yoast_head":"<!-- This site is optimized with the Yoast SEO plugin v27.5 - https:\/\/yoast.com\/product\/yoast-seo-wordpress\/ -->\n<title>L\u00f3pez Obrador pronostica nuevo r\u00e9cord en remesas; habr\u00e1 caminos a todas las cabeceras municipales de Oaxaca - NOTICIAS DE LA 4T<\/title>\n<meta name=\"robots\" content=\"noindex, follow, max-snippet:-1, max-image-preview:large, max-video-preview:-1\" \/>\n<meta property=\"og:locale\" content=\"es_MX\" \/>\n<meta property=\"og:type\" content=\"article\" \/>\n<meta property=\"og:title\" content=\"L\u00f3pez Obrador pronostica nuevo r\u00e9cord en remesas; habr\u00e1 caminos a todas las cabeceras municipales de Oaxaca - NOTICIAS DE LA 4T\" \/>\n<meta property=\"og:description\" content=\"PINOTEPA NACIONAL, OAX., 11 de junio de 2021.- En su visita a Oaxaca, el presidente...\" \/>\n<meta property=\"og:url\" content=\"https:\/\/redamlo.com\/index.php\/2021\/06\/11\/lopez-obrador-pronostica-nuevo-record-en-remesas-habra-caminos-a-todas-las-cabeceras-municipales-de-oaxaca\/\" \/>\n<meta property=\"og:site_name\" content=\"NOTICIAS DE LA 4T\" \/>\n<meta property=\"article:published_time\" content=\"2021-06-11T20:00:22+00:00\" \/>\n<meta property=\"og:image\" content=\"https:\/\/redamlo.com\/wp-content\/uploads\/2021\/06\/Lopez-Obrador-pronostica-nuevo-record-en-remesas-habra-caminos-a-todas-las-cabeceras-municipales-de-Oaxaca.jpg\" \/>\n\t<meta property=\"og:image:width\" content=\"770\" \/>\n\t<meta property=\"og:image:height\" content=\"462\" \/>\n\t<meta property=\"og:image:type\" content=\"image\/jpeg\" \/>\n<meta name=\"author\" content=\"Blanca\" \/>\n<meta name=\"twitter:card\" content=\"summary_large_image\" \/>\n<meta name=\"twitter:label1\" content=\"Escrito por\" \/>\n\t<meta name=\"twitter:data1\" content=\"Blanca\" \/>\n\t<meta name=\"twitter:label2\" content=\"Tiempo de lectura\" \/>\n\t<meta name=\"twitter:data2\" content=\"3 minutos\" \/>\n<script type=\"application\/ld+json\" class=\"yoast-schema-graph\">{\"@context\":\"https:\\\/\\\/schema.org\",\"@graph\":[{\"@type\":\"Article\",\"@id\":\"https:\\\/\\\/redamlo.com\\\/index.php\\\/2021\\\/06\\\/11\\\/lopez-obrador-pronostica-nuevo-record-en-remesas-habra-caminos-a-todas-las-cabeceras-municipales-de-oaxaca\\\/#article\",\"isPartOf\":{\"@id\":\"https:\\\/\\\/redamlo.com\\\/index.php\\\/2021\\\/06\\\/11\\\/lopez-obrador-pronostica-nuevo-record-en-remesas-habra-caminos-a-todas-las-cabeceras-municipales-de-oaxaca\\\/\"},\"author\":{\"name\":\"Blanca\",\"@id\":\"https:\\\/\\\/redamlo.com\\\/#\\\/schema\\\/person\\\/7223a4375eb8f1a782fcae010a7115cf\"},\"headline\":\"L\u00f3pez Obrador pronostica nuevo r\u00e9cord en remesas; habr\u00e1 caminos a todas las cabeceras municipales de Oaxaca\",\"datePublished\":\"2021-06-11T20:00:22+00:00\",\"mainEntityOfPage\":{\"@id\":\"https:\\\/\\\/redamlo.com\\\/index.php\\\/2021\\\/06\\\/11\\\/lopez-obrador-pronostica-nuevo-record-en-remesas-habra-caminos-a-todas-las-cabeceras-municipales-de-oaxaca\\\/\"},\"wordCount\":588,\"commentCount\":0,\"publisher\":{\"@id\":\"https:\\\/\\\/redamlo.com\\\/#organization\"},\"image\":{\"@id\":\"https:\\\/\\\/redamlo.com\\\/index.php\\\/2021\\\/06\\\/11\\\/lopez-obrador-pronostica-nuevo-record-en-remesas-habra-caminos-a-todas-las-cabeceras-municipales-de-oaxaca\\\/#primaryimage\"},\"thumbnailUrl\":\"https:\\\/\\\/redamlo.com\\\/wp-content\\\/uploads\\\/2021\\\/06\\\/Lopez-Obrador-pronostica-nuevo-record-en-remesas-habra-caminos-a-todas-las-cabeceras-municipales-de-Oaxaca.jpg\",\"keywords\":[\"AMLO\",\"Andr\u00e9s Manuel L\u00f3pez Obrador\",\"cabeceras municipales\",\"caminos\",\"COVID-19\",\"Gobierno de M\u00e9xico\",\"M\u00e9xico\",\"nuevo r\u00e9cord\",\"Oaxaca\",\"pandemia\",\"remesas\"],\"articleSection\":[\"4T\",\"Nacionales\",\"Presidencia\"],\"inLanguage\":\"es\",\"potentialAction\":[{\"@type\":\"CommentAction\",\"name\":\"Comment\",\"target\":[\"https:\\\/\\\/redamlo.com\\\/index.php\\\/2021\\\/06\\\/11\\\/lopez-obrador-pronostica-nuevo-record-en-remesas-habra-caminos-a-todas-las-cabeceras-municipales-de-oaxaca\\\/#respond\"]}]},{\"@type\":\"WebPage\",\"@id\":\"https:\\\/\\\/redamlo.com\\\/index.php\\\/2021\\\/06\\\/11\\\/lopez-obrador-pronostica-nuevo-record-en-remesas-habra-caminos-a-todas-las-cabeceras-municipales-de-oaxaca\\\/\",\"url\":\"https:\\\/\\\/redamlo.com\\\/index.php\\\/2021\\\/06\\\/11\\\/lopez-obrador-pronostica-nuevo-record-en-remesas-habra-caminos-a-todas-las-cabeceras-municipales-de-oaxaca\\\/\",\"name\":\"L\u00f3pez Obrador pronostica nuevo r\u00e9cord en remesas; habr\u00e1 caminos a todas las cabeceras municipales de Oaxaca - NOTICIAS DE LA 4T\",\"isPartOf\":{\"@id\":\"https:\\\/\\\/redamlo.com\\\/#website\"},\"primaryImageOfPage\":{\"@id\":\"https:\\\/\\\/redamlo.com\\\/index.php\\\/2021\\\/06\\\/11\\\/lopez-obrador-pronostica-nuevo-record-en-remesas-habra-caminos-a-todas-las-cabeceras-municipales-de-oaxaca\\\/#primaryimage\"},\"image\":{\"@id\":\"https:\\\/\\\/redamlo.com\\\/index.php\\\/2021\\\/06\\\/11\\\/lopez-obrador-pronostica-nuevo-record-en-remesas-habra-caminos-a-todas-las-cabeceras-municipales-de-oaxaca\\\/#primaryimage\"},\"thumbnailUrl\":\"https:\\\/\\\/redamlo.com\\\/wp-content\\\/uploads\\\/2021\\\/06\\\/Lopez-Obrador-pronostica-nuevo-record-en-remesas-habra-caminos-a-todas-las-cabeceras-municipales-de-Oaxaca.jpg\",\"datePublished\":\"2021-06-11T20:00:22+00:00\",\"breadcrumb\":{\"@id\":\"https:\\\/\\\/redamlo.com\\\/index.php\\\/2021\\\/06\\\/11\\\/lopez-obrador-pronostica-nuevo-record-en-remesas-habra-caminos-a-todas-las-cabeceras-municipales-de-oaxaca\\\/#breadcrumb\"},\"inLanguage\":\"es\",\"potentialAction\":[{\"@type\":\"ReadAction\",\"target\":[\"https:\\\/\\\/redamlo.com\\\/index.php\\\/2021\\\/06\\\/11\\\/lopez-obrador-pronostica-nuevo-record-en-remesas-habra-caminos-a-todas-las-cabeceras-municipales-de-oaxaca\\\/\"]}]},{\"@type\":\"ImageObject\",\"inLanguage\":\"es\",\"@id\":\"https:\\\/\\\/redamlo.com\\\/index.php\\\/2021\\\/06\\\/11\\\/lopez-obrador-pronostica-nuevo-record-en-remesas-habra-caminos-a-todas-las-cabeceras-municipales-de-oaxaca\\\/#primaryimage\",\"url\":\"https:\\\/\\\/redamlo.com\\\/wp-content\\\/uploads\\\/2021\\\/06\\\/Lopez-Obrador-pronostica-nuevo-record-en-remesas-habra-caminos-a-todas-las-cabeceras-municipales-de-Oaxaca.jpg\",\"contentUrl\":\"https:\\\/\\\/redamlo.com\\\/wp-content\\\/uploads\\\/2021\\\/06\\\/Lopez-Obrador-pronostica-nuevo-record-en-remesas-habra-caminos-a-todas-las-cabeceras-municipales-de-Oaxaca.jpg\",\"width\":770,\"height\":462},{\"@type\":\"BreadcrumbList\",\"@id\":\"https:\\\/\\\/redamlo.com\\\/index.php\\\/2021\\\/06\\\/11\\\/lopez-obrador-pronostica-nuevo-record-en-remesas-habra-caminos-a-todas-las-cabeceras-municipales-de-oaxaca\\\/#breadcrumb\",\"itemListElement\":[{\"@type\":\"ListItem\",\"position\":1,\"name\":\"Inicio\",\"item\":\"https:\\\/\\\/redamlo.com\\\/\"},{\"@type\":\"ListItem\",\"position\":2,\"name\":\"L\u00f3pez Obrador pronostica nuevo r\u00e9cord en remesas; habr\u00e1 caminos a todas las cabeceras municipales de Oaxaca\"}]},{\"@type\":\"WebSite\",\"@id\":\"https:\\\/\\\/redamlo.com\\\/#website\",\"url\":\"https:\\\/\\\/redamlo.com\\\/\",\"name\":\"NOTICIAS DE LA 4T\",\"description\":\"\",\"publisher\":{\"@id\":\"https:\\\/\\\/redamlo.com\\\/#organization\"},\"potentialAction\":[{\"@type\":\"SearchAction\",\"target\":{\"@type\":\"EntryPoint\",\"urlTemplate\":\"https:\\\/\\\/redamlo.com\\\/?s={search_term_string}\"},\"query-input\":{\"@type\":\"PropertyValueSpecification\",\"valueRequired\":true,\"valueName\":\"search_term_string\"}}],\"inLanguage\":\"es\"},{\"@type\":\"Organization\",\"@id\":\"https:\\\/\\\/redamlo.com\\\/#organization\",\"name\":\"NOTICIAS DE LA 4T\",\"url\":\"https:\\\/\\\/redamlo.com\\\/\",\"logo\":{\"@type\":\"ImageObject\",\"inLanguage\":\"es\",\"@id\":\"https:\\\/\\\/redamlo.com\\\/#\\\/schema\\\/logo\\\/image\\\/\",\"url\":\"https:\\\/\\\/redamlo.com\\\/wp-content\\\/uploads\\\/2024\\\/08\\\/cropped-RED-AMLO-logo-50.png\",\"contentUrl\":\"https:\\\/\\\/redamlo.com\\\/wp-content\\\/uploads\\\/2024\\\/08\\\/cropped-RED-AMLO-logo-50.png\",\"width\":256,\"height\":256,\"caption\":\"NOTICIAS DE LA 4T\"},\"image\":{\"@id\":\"https:\\\/\\\/redamlo.com\\\/#\\\/schema\\\/logo\\\/image\\\/\"}},{\"@type\":\"Person\",\"@id\":\"https:\\\/\\\/redamlo.com\\\/#\\\/schema\\\/person\\\/7223a4375eb8f1a782fcae010a7115cf\",\"name\":\"Blanca\",\"image\":{\"@type\":\"ImageObject\",\"inLanguage\":\"es\",\"@id\":\"https:\\\/\\\/secure.gravatar.com\\\/avatar\\\/3f79bc8336367a4e6093eae8757acaaf61d1124834b905616de7829b0273426d?s=96&d=mm&r=g\",\"url\":\"https:\\\/\\\/secure.gravatar.com\\\/avatar\\\/3f79bc8336367a4e6093eae8757acaaf61d1124834b905616de7829b0273426d?s=96&d=mm&r=g\",\"contentUrl\":\"https:\\\/\\\/secure.gravatar.com\\\/avatar\\\/3f79bc8336367a4e6093eae8757acaaf61d1124834b905616de7829b0273426d?s=96&d=mm&r=g\",\"caption\":\"Blanca\"},\"url\":\"https:\\\/\\\/redamlo.com\\\/index.php\\\/author\\\/blanca\\\/\"}]}<\/script>\n<!-- \/ Yoast SEO plugin. -->","yoast_head_json":{"title":"L\u00f3pez Obrador pronostica nuevo r\u00e9cord en remesas; habr\u00e1 caminos a todas las cabeceras municipales de Oaxaca - NOTICIAS DE LA 4T","robots":{"index":"noindex","follow":"follow","max-snippet":"max-snippet:-1","max-image-preview":"max-image-preview:large","max-video-preview":"max-video-preview:-1"},"og_locale":"es_MX","og_type":"article","og_title":"L\u00f3pez Obrador pronostica nuevo r\u00e9cord en remesas; habr\u00e1 caminos a todas las cabeceras municipales de Oaxaca - NOTICIAS DE LA 4T","og_description":"PINOTEPA NACIONAL, OAX., 11 de junio de 2021.- En su visita a Oaxaca, el presidente...","og_url":"https:\/\/redamlo.com\/index.php\/2021\/06\/11\/lopez-obrador-pronostica-nuevo-record-en-remesas-habra-caminos-a-todas-las-cabeceras-municipales-de-oaxaca\/","og_site_name":"NOTICIAS DE LA 4T","article_published_time":"2021-06-11T20:00:22+00:00","og_image":[{"width":770,"height":462,"url":"https:\/\/redamlo.com\/wp-content\/uploads\/2021\/06\/Lopez-Obrador-pronostica-nuevo-record-en-remesas-habra-caminos-a-todas-las-cabeceras-municipales-de-Oaxaca.jpg","type":"image\/jpeg"}],"author":"Blanca","twitter_card":"summary_large_image","twitter_misc":{"Escrito por":"Blanca","Tiempo de lectura":"3 minutos"},"schema":{"@context":"https:\/\/schema.org","@graph":[{"@type":"Article","@id":"https:\/\/redamlo.com\/index.php\/2021\/06\/11\/lopez-obrador-pronostica-nuevo-record-en-remesas-habra-caminos-a-todas-las-cabeceras-municipales-de-oaxaca\/#article","isPartOf":{"@id":"https:\/\/redamlo.com\/index.php\/2021\/06\/11\/lopez-obrador-pronostica-nuevo-record-en-remesas-habra-caminos-a-todas-las-cabeceras-municipales-de-oaxaca\/"},"author":{"name":"Blanca","@id":"https:\/\/redamlo.com\/#\/schema\/person\/7223a4375eb8f1a782fcae010a7115cf"},"headline":"L\u00f3pez Obrador pronostica nuevo r\u00e9cord en remesas; habr\u00e1 caminos a todas las cabeceras municipales de Oaxaca","datePublished":"2021-06-11T20:00:22+00:00","mainEntityOfPage":{"@id":"https:\/\/redamlo.com\/index.php\/2021\/06\/11\/lopez-obrador-pronostica-nuevo-record-en-remesas-habra-caminos-a-todas-las-cabeceras-municipales-de-oaxaca\/"},"wordCount":588,"commentCount":0,"publisher":{"@id":"https:\/\/redamlo.com\/#organization"},"image":{"@id":"https:\/\/redamlo.com\/index.php\/2021\/06\/11\/lopez-obrador-pronostica-nuevo-record-en-remesas-habra-caminos-a-todas-las-cabeceras-municipales-de-oaxaca\/#primaryimage"},"thumbnailUrl":"https:\/\/redamlo.com\/wp-content\/uploads\/2021\/06\/Lopez-Obrador-pronostica-nuevo-record-en-remesas-habra-caminos-a-todas-las-cabeceras-municipales-de-Oaxaca.jpg","keywords":["AMLO","Andr\u00e9s Manuel L\u00f3pez Obrador","cabeceras municipales","caminos","COVID-19","Gobierno de M\u00e9xico","M\u00e9xico","nuevo r\u00e9cord","Oaxaca","pandemia","remesas"],"articleSection":["4T","Nacionales","Presidencia"],"inLanguage":"es","potentialAction":[{"@type":"CommentAction","name":"Comment","target":["https:\/\/redamlo.com\/index.php\/2021\/06\/11\/lopez-obrador-pronostica-nuevo-record-en-remesas-habra-caminos-a-todas-las-cabeceras-municipales-de-oaxaca\/#respond"]}]},{"@type":"WebPage","@id":"https:\/\/redamlo.com\/index.php\/2021\/06\/11\/lopez-obrador-pronostica-nuevo-record-en-remesas-habra-caminos-a-todas-las-cabeceras-municipales-de-oaxaca\/","url":"https:\/\/redamlo.com\/index.php\/2021\/06\/11\/lopez-obrador-pronostica-nuevo-record-en-remesas-habra-caminos-a-todas-las-cabeceras-municipales-de-oaxaca\/","name":"L\u00f3pez Obrador pronostica nuevo r\u00e9cord en remesas; habr\u00e1 caminos a todas las cabeceras municipales de Oaxaca - NOTICIAS DE LA 4T","isPartOf":{"@id":"https:\/\/redamlo.com\/#website"},"primaryImageOfPage":{"@id":"https:\/\/redamlo.com\/index.php\/2021\/06\/11\/lopez-obrador-pronostica-nuevo-record-en-remesas-habra-caminos-a-todas-las-cabeceras-municipales-de-oaxaca\/#primaryimage"},"image":{"@id":"https:\/\/redamlo.com\/index.php\/2021\/06\/11\/lopez-obrador-pronostica-nuevo-record-en-remesas-habra-caminos-a-todas-las-cabeceras-municipales-de-oaxaca\/#primaryimage"},"thumbnailUrl":"https:\/\/redamlo.com\/wp-content\/uploads\/2021\/06\/Lopez-Obrador-pronostica-nuevo-record-en-remesas-habra-caminos-a-todas-las-cabeceras-municipales-de-Oaxaca.jpg","datePublished":"2021-06-11T20:00:22+00:00","breadcrumb":{"@id":"https:\/\/redamlo.com\/index.php\/2021\/06\/11\/lopez-obrador-pronostica-nuevo-record-en-remesas-habra-caminos-a-todas-las-cabeceras-municipales-de-oaxaca\/#breadcrumb"},"inLanguage":"es","potentialAction":[{"@type":"ReadAction","target":["https:\/\/redamlo.com\/index.php\/2021\/06\/11\/lopez-obrador-pronostica-nuevo-record-en-remesas-habra-caminos-a-todas-las-cabeceras-municipales-de-oaxaca\/"]}]},{"@type":"ImageObject","inLanguage":"es","@id":"https:\/\/redamlo.com\/index.php\/2021\/06\/11\/lopez-obrador-pronostica-nuevo-record-en-remesas-habra-caminos-a-todas-las-cabeceras-municipales-de-oaxaca\/#primaryimage","url":"https:\/\/redamlo.com\/wp-content\/uploads\/2021\/06\/Lopez-Obrador-pronostica-nuevo-record-en-remesas-habra-caminos-a-todas-las-cabeceras-municipales-de-Oaxaca.jpg","contentUrl":"https:\/\/redamlo.com\/wp-content\/uploads\/2021\/06\/Lopez-Obrador-pronostica-nuevo-record-en-remesas-habra-caminos-a-todas-las-cabeceras-municipales-de-Oaxaca.jpg","width":770,"height":462},{"@type":"BreadcrumbList","@id":"https:\/\/redamlo.com\/index.php\/2021\/06\/11\/lopez-obrador-pronostica-nuevo-record-en-remesas-habra-caminos-a-todas-las-cabeceras-municipales-de-oaxaca\/#breadcrumb","itemListElement":[{"@type":"ListItem","position":1,"name":"Inicio","item":"https:\/\/redamlo.com\/"},{"@type":"ListItem","position":2,"name":"L\u00f3pez Obrador pronostica nuevo r\u00e9cord en remesas; habr\u00e1 caminos a todas las cabeceras municipales de Oaxaca"}]},{"@type":"WebSite","@id":"https:\/\/redamlo.com\/#website","url":"https:\/\/redamlo.com\/","name":"NOTICIAS DE LA 4T","description":"","publisher":{"@id":"https:\/\/redamlo.com\/#organization"},"potentialAction":[{"@type":"SearchAction","target":{"@type":"EntryPoint","urlTemplate":"https:\/\/redamlo.com\/?s={search_term_string}"},"query-input":{"@type":"PropertyValueSpecification","valueRequired":true,"valueName":"search_term_string"}}],"inLanguage":"es"},{"@type":"Organization","@id":"https:\/\/redamlo.com\/#organization","name":"NOTICIAS DE LA 4T","url":"https:\/\/redamlo.com\/","logo":{"@type":"ImageObject","inLanguage":"es","@id":"https:\/\/redamlo.com\/#\/schema\/logo\/image\/","url":"https:\/\/redamlo.com\/wp-content\/uploads\/2024\/08\/cropped-RED-AMLO-logo-50.png","contentUrl":"https:\/\/redamlo.com\/wp-content\/uploads\/2024\/08\/cropped-RED-AMLO-logo-50.png","width":256,"height":256,"caption":"NOTICIAS DE LA 4T"},"image":{"@id":"https:\/\/redamlo.com\/#\/schema\/logo\/image\/"}},{"@type":"Person","@id":"https:\/\/redamlo.com\/#\/schema\/person\/7223a4375eb8f1a782fcae010a7115cf","name":"Blanca","image":{"@type":"ImageObject","inLanguage":"es","@id":"https:\/\/secure.gravatar.com\/avatar\/3f79bc8336367a4e6093eae8757acaaf61d1124834b905616de7829b0273426d?s=96&d=mm&r=g","url":"https:\/\/secure.gravatar.com\/avatar\/3f79bc8336367a4e6093eae8757acaaf61d1124834b905616de7829b0273426d?s=96&d=mm&r=g","contentUrl":"https:\/\/secure.gravatar.com\/avatar\/3f79bc8336367a4e6093eae8757acaaf61d1124834b905616de7829b0273426d?s=96&d=mm&r=g","caption":"Blanca"},"url":"https:\/\/redamlo.com\/index.php\/author\/blanca\/"}]}},"_links":{"self":[{"href":"https:\/\/redamlo.com\/index.php\/wp-json\/wp\/v2\/posts\/4625","targetHints":{"allow":["GET"]}}],"collection":[{"href":"https:\/\/redamlo.com\/index.php\/wp-json\/wp\/v2\/posts"}],"about":[{"href":"https:\/\/redamlo.com\/index.php\/wp-json\/wp\/v2\/types\/post"}],"author":[{"embeddable":true,"href":"https:\/\/redamlo.com\/index.php\/wp-json\/wp\/v2\/users\/2"}],"replies":[{"embeddable":true,"href":"https:\/\/redamlo.com\/index.php\/wp-json\/wp\/v2\/comments?post=4625"}],"version-history":[{"count":0,"href":"https:\/\/redamlo.com\/index.php\/wp-json\/wp\/v2\/posts\/4625\/revisions"}],"wp:featuredmedia":[{"embeddable":true,"href":"https:\/\/redamlo.com\/index.php\/wp-json\/wp\/v2\/media\/4628"}],"wp:attachment":[{"href":"https:\/\/redamlo.com\/index.php\/wp-json\/wp\/v2\/media?parent=4625"}],"wp:term":[{"taxonomy":"category","embeddable":true,"href":"https:\/\/redamlo.com\/index.php\/wp-json\/wp\/v2\/categories?post=4625"},{"taxonomy":"post_tag","embeddable":true,"href":"https:\/\/redamlo.com\/index.php\/wp-json\/wp\/v2\/tags?post=4625"}],"curies":[{"name":"wp","href":"https:\/\/api.w.org\/{rel}","templated":true}]}}