{"id":4621,"date":"2021-06-11T18:00:10","date_gmt":"2021-06-11T18:00:10","guid":{"rendered":"https:\/\/redamlo.com\/?p=4621"},"modified":"2021-06-11T18:00:10","modified_gmt":"2021-06-11T18:00:10","slug":"inicia-dispersion-de-pensiones-para-adultos-mayores-con-incremento-anuncia-lopez-obrador","status":"publish","type":"post","link":"https:\/\/redamlo.com\/index.php\/2021\/06\/11\/inicia-dispersion-de-pensiones-para-adultos-mayores-con-incremento-anuncia-lopez-obrador\/","title":{"rendered":"Inicia dispersi\u00f3n de pensiones para adultos mayores con incremento, anuncia L\u00f3pez Obrador"},"content":{"rendered":"<p style=\"text-align: justify;\"><span style=\"color: #000000; font-family: Arial, Helvetica, sans-serif;\">FLORENCIO VILLARREAL, GRO, 11 de junio de 2021.- Al retomar las giras de trabajo por el pa\u00eds, el presidente de M\u00e9xico, Andr\u00e9s Manuel L\u00f3pez Obrador inform\u00f3 que iniciar\u00e1 la dispersi\u00f3n de pensiones a personas adultas mayores con el incremento anunciado el pasado mes de marzo en Oaxaca.<\/span><\/p>\n<p style=\"text-align: justify;\"><span style=\"color: #000000; font-family: Arial, Helvetica, sans-serif;\">\u201cEsta gira es el reinicio de todas las acciones para el bienestar que son muy importantes (\u2026) que se le d\u00e9 preferencia a la gente humilde. La mejor manera de convertir la teor\u00eda en pr\u00e1ctica es que se siga ayudando a los adultos mayores con las pensiones, que ya se empiece a preparar la pr\u00f3xima entrega bimestral con el incremento al que nos comprometimos el 21 de marzo en Guelatao, Oaxaca\u201d, instruy\u00f3.<\/span><\/p>\n<p style=\"text-align: justify;\"><span style=\"color: #000000; font-family: Arial, Helvetica, sans-serif;\">El jefe del Ejecutivo inform\u00f3 que el apoyo podr\u00e1 ser solicitado desde los 65 a\u00f1os cumplidos y record\u00f3 que en enero de 2024 este incremento alcanzar\u00e1 el doble de lo que reciben actualmente.<\/span><\/p>\n<p style=\"text-align: justify;\"><span style=\"color: #000000; font-family: Arial, Helvetica, sans-serif;\">El secretario de Bienestar, Javier May Rodr\u00edguez, expuso que durante 2021 se han entregado las pensiones correspondientes a tres bimestres con una inversi\u00f3n de 71 mil millones de pesos beneficiando a 9 millones 212 mil 612 personas.<\/span><\/p>\n<p style=\"text-align: justify;\"><span style=\"color: #000000; font-family: Arial, Helvetica, sans-serif;\">El presidente sostuvo que se dar\u00e1 continuidad a todos los Programas Integrales de Bienestar para apoyar a ni\u00f1as y ni\u00f1os con discapacidad, hijos e hijas de madres trabajadoras, estudiantes e instituciones escolares.<\/span><\/p>\n<p style=\"text-align: justify;\"><span style=\"color: #000000; font-family: Arial, Helvetica, sans-serif;\">Asimismo seguir\u00e1n los programas de apoyo a agricultores, pescadores y peque\u00f1os comerciantes para la reactivaci\u00f3n de la econom\u00eda.<\/span><\/p>\n<p style=\"text-align: justify;\"><span style=\"color: #000000; font-family: Arial, Helvetica, sans-serif;\">Durante el evento, el presidente present\u00f3 a la arquitecta Pamela L\u00f3pez Ruiz, directora general del programa La Escuela es Nuestra encargada de la ejecuci\u00f3n de la iniciativa y la dispersi\u00f3n de recursos para optimizar la infraestructura de las escuelas p\u00fablicas de educaci\u00f3n b\u00e1sica en la Rep\u00fablica, y a Abraham V\u00e1zquez Picenos, coordinador nacional del Programa de Becas para el Bienestar \u2018Benito Ju\u00e1rez\u2019.<\/span><\/p>\n<p style=\"text-align: justify;\"><strong><span style=\"color: #000000; font-family: Arial, Helvetica, sans-serif;\">L\u00f3pez Obrador celebra tranquilidad en proceso electoral en Guerrero<\/span><\/strong><\/p>\n<p style=\"text-align: justify;\"><span style=\"color: #000000; font-family: Arial, Helvetica, sans-serif;\">El mandatario celebr\u00f3 que el proceso electoral en la entidad se haya llevado a cabo en tranquilidad y sin mayores incidencias.<\/span><\/p>\n<p style=\"text-align: justify;\"><span style=\"color: #000000; font-family: Arial, Helvetica, sans-serif;\">\u201cQuiero felicitar al pueblo de Guerrero por el comportamiento ejemplar en las pasadas elecciones, desde luego hubo algunas irregularidades, pero fue la excepci\u00f3n no la norma\u201d, expres\u00f3.<\/span><\/p>\n<p style=\"text-align: justify;\"><span style=\"color: #000000; font-family: Arial, Helvetica, sans-serif;\">Destac\u00f3 que durante las campa\u00f1as y la jornada electoral, no se registraron homicidios contra los candidatos en el estado, \u201cesto es un hecho in\u00e9dito, que no se haya padecido de violencia en guerrero a pesar de la confrontaci\u00f3n pol\u00edtica. Por eso mi reconocimiento a Guerrero\u201d, resalt\u00f3.<\/span><\/p>\n<p style=\"text-align: justify;\"><span style=\"color: #000000; font-family: Arial, Helvetica, sans-serif;\">Llam\u00f3 a la conciliaci\u00f3n y a resolver las diferencias por la v\u00eda legal, democr\u00e1tica y pac\u00edfica para mantener la armon\u00eda.<\/span><\/p>\n<p style=\"text-align: justify;\"><span style=\"color: #000000; font-family: Arial, Helvetica, sans-serif;\">Acompa\u00f1aron al presidente, el gobernador de Guerrero, H\u00e9ctor Astudillo Flores; el secretario de Bienestar, Javier May Rodr\u00edguez; el subsecretario de Infraestructura de la SCT Jorge Nu\u00f1o Lara; la subsecretaria Desarrollo Social y Humano, Ariadna Montiel Reyes; el director del INPI, Adelfo Regino Montes; el coordinador general de Programas Integrales de Desarrollo, Gabriel Garc\u00eda Hern\u00e1ndez; el coordinador nacional del Programa de Becas para el Bienestar \u2018Benito Ju\u00e1rez\u2019, Abraham V\u00e1zquez Piceno; la directora general de La Escuela es Nuestra, Pamela L\u00f3pez Ruiz y el presidente municipal Florencio Villarreal, Wilberth Sait Garc\u00eda Trujillo.<\/span><\/p>\n<p><iframe loading=\"lazy\" title=\"Programas Integrales de Bienestar, desde Florencio Villarreal, Guerrero.\" width=\"640\" height=\"360\" src=\"https:\/\/www.youtube.com\/embed\/bgTG7ldEFZM?start=1901&#038;feature=oembed\" frameborder=\"0\" allow=\"accelerometer; autoplay; clipboard-write; encrypted-media; gyroscope; picture-in-picture; web-share\" referrerpolicy=\"strict-origin-when-cross-origin\" allowfullscreen><\/iframe><\/p>\n","protected":false},"excerpt":{"rendered":"<p>FLORENCIO VILLARREAL, GRO, 11 de junio de 2021.- Al retomar las giras de trabajo por&#8230;<\/p>\n","protected":false},"author":2,"featured_media":4624,"comment_status":"open","ping_status":"closed","sticky":false,"template":"","format":"standard","meta":{"footnotes":""},"categories":[25,20,27],"tags":[84,131,974,556,119,975,9,976],"class_list":["post-4621","post","type-post","status-publish","format-standard","has-post-thumbnail","hentry","category-4t","category-nacionales","category-presidencia","tag-amlo","tag-andres-manuel-lopez-obrador","tag-dispersion","tag-gobierno-de-mexico","tag-guerrero","tag-incremento","tag-mexico","tag-pension-de-adultos-mayores"],"yoast_head":"<!-- This site is optimized with the Yoast SEO plugin v27.5 - https:\/\/yoast.com\/product\/yoast-seo-wordpress\/ -->\n<title>Inicia dispersi\u00f3n de pensiones para adultos mayores con incremento, anuncia L\u00f3pez Obrador - NOTICIAS DE LA 4T<\/title>\n<meta name=\"robots\" content=\"noindex, follow, max-snippet:-1, max-image-preview:large, max-video-preview:-1\" \/>\n<meta property=\"og:locale\" content=\"es_MX\" \/>\n<meta property=\"og:type\" content=\"article\" \/>\n<meta property=\"og:title\" content=\"Inicia dispersi\u00f3n de pensiones para adultos mayores con incremento, anuncia L\u00f3pez Obrador - NOTICIAS DE LA 4T\" \/>\n<meta property=\"og:description\" content=\"FLORENCIO VILLARREAL, GRO, 11 de junio de 2021.- Al retomar las giras de trabajo por...\" \/>\n<meta property=\"og:url\" content=\"https:\/\/redamlo.com\/index.php\/2021\/06\/11\/inicia-dispersion-de-pensiones-para-adultos-mayores-con-incremento-anuncia-lopez-obrador\/\" \/>\n<meta property=\"og:site_name\" content=\"NOTICIAS DE LA 4T\" \/>\n<meta property=\"article:published_time\" content=\"2021-06-11T18:00:10+00:00\" \/>\n<meta property=\"og:image\" content=\"https:\/\/redamlo.com\/wp-content\/uploads\/2021\/06\/Inicia-dispersion-de-pensiones-para-adultos-mayores-con-incremento-anuncia-Lopez-Obrador.jpg\" \/>\n\t<meta property=\"og:image:width\" content=\"1497\" \/>\n\t<meta property=\"og:image:height\" content=\"861\" \/>\n\t<meta property=\"og:image:type\" content=\"image\/jpeg\" \/>\n<meta name=\"author\" content=\"Blanca\" \/>\n<meta name=\"twitter:card\" content=\"summary_large_image\" \/>\n<meta name=\"twitter:label1\" content=\"Escrito por\" \/>\n\t<meta name=\"twitter:data1\" content=\"Blanca\" \/>\n\t<meta name=\"twitter:label2\" content=\"Tiempo de lectura\" \/>\n\t<meta name=\"twitter:data2\" content=\"3 minutos\" \/>\n<script type=\"application\/ld+json\" class=\"yoast-schema-graph\">{\"@context\":\"https:\\\/\\\/schema.org\",\"@graph\":[{\"@type\":\"Article\",\"@id\":\"https:\\\/\\\/redamlo.com\\\/index.php\\\/2021\\\/06\\\/11\\\/inicia-dispersion-de-pensiones-para-adultos-mayores-con-incremento-anuncia-lopez-obrador\\\/#article\",\"isPartOf\":{\"@id\":\"https:\\\/\\\/redamlo.com\\\/index.php\\\/2021\\\/06\\\/11\\\/inicia-dispersion-de-pensiones-para-adultos-mayores-con-incremento-anuncia-lopez-obrador\\\/\"},\"author\":{\"name\":\"Blanca\",\"@id\":\"https:\\\/\\\/redamlo.com\\\/#\\\/schema\\\/person\\\/7223a4375eb8f1a782fcae010a7115cf\"},\"headline\":\"Inicia dispersi\u00f3n de pensiones para adultos mayores con incremento, anuncia L\u00f3pez Obrador\",\"datePublished\":\"2021-06-11T18:00:10+00:00\",\"mainEntityOfPage\":{\"@id\":\"https:\\\/\\\/redamlo.com\\\/index.php\\\/2021\\\/06\\\/11\\\/inicia-dispersion-de-pensiones-para-adultos-mayores-con-incremento-anuncia-lopez-obrador\\\/\"},\"wordCount\":580,\"commentCount\":0,\"publisher\":{\"@id\":\"https:\\\/\\\/redamlo.com\\\/#organization\"},\"image\":{\"@id\":\"https:\\\/\\\/redamlo.com\\\/index.php\\\/2021\\\/06\\\/11\\\/inicia-dispersion-de-pensiones-para-adultos-mayores-con-incremento-anuncia-lopez-obrador\\\/#primaryimage\"},\"thumbnailUrl\":\"https:\\\/\\\/redamlo.com\\\/wp-content\\\/uploads\\\/2021\\\/06\\\/Inicia-dispersion-de-pensiones-para-adultos-mayores-con-incremento-anuncia-Lopez-Obrador.jpg\",\"keywords\":[\"AMLO\",\"Andr\u00e9s Manuel L\u00f3pez Obrador\",\"dispersi\u00f3n\",\"Gobierno de M\u00e9xico\",\"Guerrero\",\"incremento\",\"M\u00e9xico\",\"pensi\u00f3n de adultos mayores\"],\"articleSection\":[\"4T\",\"Nacionales\",\"Presidencia\"],\"inLanguage\":\"es\",\"potentialAction\":[{\"@type\":\"CommentAction\",\"name\":\"Comment\",\"target\":[\"https:\\\/\\\/redamlo.com\\\/index.php\\\/2021\\\/06\\\/11\\\/inicia-dispersion-de-pensiones-para-adultos-mayores-con-incremento-anuncia-lopez-obrador\\\/#respond\"]}]},{\"@type\":\"WebPage\",\"@id\":\"https:\\\/\\\/redamlo.com\\\/index.php\\\/2021\\\/06\\\/11\\\/inicia-dispersion-de-pensiones-para-adultos-mayores-con-incremento-anuncia-lopez-obrador\\\/\",\"url\":\"https:\\\/\\\/redamlo.com\\\/index.php\\\/2021\\\/06\\\/11\\\/inicia-dispersion-de-pensiones-para-adultos-mayores-con-incremento-anuncia-lopez-obrador\\\/\",\"name\":\"Inicia dispersi\u00f3n de pensiones para adultos mayores con incremento, anuncia L\u00f3pez Obrador - NOTICIAS DE LA 4T\",\"isPartOf\":{\"@id\":\"https:\\\/\\\/redamlo.com\\\/#website\"},\"primaryImageOfPage\":{\"@id\":\"https:\\\/\\\/redamlo.com\\\/index.php\\\/2021\\\/06\\\/11\\\/inicia-dispersion-de-pensiones-para-adultos-mayores-con-incremento-anuncia-lopez-obrador\\\/#primaryimage\"},\"image\":{\"@id\":\"https:\\\/\\\/redamlo.com\\\/index.php\\\/2021\\\/06\\\/11\\\/inicia-dispersion-de-pensiones-para-adultos-mayores-con-incremento-anuncia-lopez-obrador\\\/#primaryimage\"},\"thumbnailUrl\":\"https:\\\/\\\/redamlo.com\\\/wp-content\\\/uploads\\\/2021\\\/06\\\/Inicia-dispersion-de-pensiones-para-adultos-mayores-con-incremento-anuncia-Lopez-Obrador.jpg\",\"datePublished\":\"2021-06-11T18:00:10+00:00\",\"breadcrumb\":{\"@id\":\"https:\\\/\\\/redamlo.com\\\/index.php\\\/2021\\\/06\\\/11\\\/inicia-dispersion-de-pensiones-para-adultos-mayores-con-incremento-anuncia-lopez-obrador\\\/#breadcrumb\"},\"inLanguage\":\"es\",\"potentialAction\":[{\"@type\":\"ReadAction\",\"target\":[\"https:\\\/\\\/redamlo.com\\\/index.php\\\/2021\\\/06\\\/11\\\/inicia-dispersion-de-pensiones-para-adultos-mayores-con-incremento-anuncia-lopez-obrador\\\/\"]}]},{\"@type\":\"ImageObject\",\"inLanguage\":\"es\",\"@id\":\"https:\\\/\\\/redamlo.com\\\/index.php\\\/2021\\\/06\\\/11\\\/inicia-dispersion-de-pensiones-para-adultos-mayores-con-incremento-anuncia-lopez-obrador\\\/#primaryimage\",\"url\":\"https:\\\/\\\/redamlo.com\\\/wp-content\\\/uploads\\\/2021\\\/06\\\/Inicia-dispersion-de-pensiones-para-adultos-mayores-con-incremento-anuncia-Lopez-Obrador.jpg\",\"contentUrl\":\"https:\\\/\\\/redamlo.com\\\/wp-content\\\/uploads\\\/2021\\\/06\\\/Inicia-dispersion-de-pensiones-para-adultos-mayores-con-incremento-anuncia-Lopez-Obrador.jpg\",\"width\":1497,\"height\":861},{\"@type\":\"BreadcrumbList\",\"@id\":\"https:\\\/\\\/redamlo.com\\\/index.php\\\/2021\\\/06\\\/11\\\/inicia-dispersion-de-pensiones-para-adultos-mayores-con-incremento-anuncia-lopez-obrador\\\/#breadcrumb\",\"itemListElement\":[{\"@type\":\"ListItem\",\"position\":1,\"name\":\"Inicio\",\"item\":\"https:\\\/\\\/redamlo.com\\\/\"},{\"@type\":\"ListItem\",\"position\":2,\"name\":\"Inicia dispersi\u00f3n de pensiones para adultos mayores con incremento, anuncia L\u00f3pez Obrador\"}]},{\"@type\":\"WebSite\",\"@id\":\"https:\\\/\\\/redamlo.com\\\/#website\",\"url\":\"https:\\\/\\\/redamlo.com\\\/\",\"name\":\"NOTICIAS DE LA 4T\",\"description\":\"\",\"publisher\":{\"@id\":\"https:\\\/\\\/redamlo.com\\\/#organization\"},\"potentialAction\":[{\"@type\":\"SearchAction\",\"target\":{\"@type\":\"EntryPoint\",\"urlTemplate\":\"https:\\\/\\\/redamlo.com\\\/?s={search_term_string}\"},\"query-input\":{\"@type\":\"PropertyValueSpecification\",\"valueRequired\":true,\"valueName\":\"search_term_string\"}}],\"inLanguage\":\"es\"},{\"@type\":\"Organization\",\"@id\":\"https:\\\/\\\/redamlo.com\\\/#organization\",\"name\":\"NOTICIAS DE LA 4T\",\"url\":\"https:\\\/\\\/redamlo.com\\\/\",\"logo\":{\"@type\":\"ImageObject\",\"inLanguage\":\"es\",\"@id\":\"https:\\\/\\\/redamlo.com\\\/#\\\/schema\\\/logo\\\/image\\\/\",\"url\":\"https:\\\/\\\/redamlo.com\\\/wp-content\\\/uploads\\\/2024\\\/08\\\/cropped-RED-AMLO-logo-50.png\",\"contentUrl\":\"https:\\\/\\\/redamlo.com\\\/wp-content\\\/uploads\\\/2024\\\/08\\\/cropped-RED-AMLO-logo-50.png\",\"width\":256,\"height\":256,\"caption\":\"NOTICIAS DE LA 4T\"},\"image\":{\"@id\":\"https:\\\/\\\/redamlo.com\\\/#\\\/schema\\\/logo\\\/image\\\/\"}},{\"@type\":\"Person\",\"@id\":\"https:\\\/\\\/redamlo.com\\\/#\\\/schema\\\/person\\\/7223a4375eb8f1a782fcae010a7115cf\",\"name\":\"Blanca\",\"image\":{\"@type\":\"ImageObject\",\"inLanguage\":\"es\",\"@id\":\"https:\\\/\\\/secure.gravatar.com\\\/avatar\\\/3f79bc8336367a4e6093eae8757acaaf61d1124834b905616de7829b0273426d?s=96&d=mm&r=g\",\"url\":\"https:\\\/\\\/secure.gravatar.com\\\/avatar\\\/3f79bc8336367a4e6093eae8757acaaf61d1124834b905616de7829b0273426d?s=96&d=mm&r=g\",\"contentUrl\":\"https:\\\/\\\/secure.gravatar.com\\\/avatar\\\/3f79bc8336367a4e6093eae8757acaaf61d1124834b905616de7829b0273426d?s=96&d=mm&r=g\",\"caption\":\"Blanca\"},\"url\":\"https:\\\/\\\/redamlo.com\\\/index.php\\\/author\\\/blanca\\\/\"}]}<\/script>\n<!-- \/ Yoast SEO plugin. -->","yoast_head_json":{"title":"Inicia dispersi\u00f3n de pensiones para adultos mayores con incremento, anuncia L\u00f3pez Obrador - NOTICIAS DE LA 4T","robots":{"index":"noindex","follow":"follow","max-snippet":"max-snippet:-1","max-image-preview":"max-image-preview:large","max-video-preview":"max-video-preview:-1"},"og_locale":"es_MX","og_type":"article","og_title":"Inicia dispersi\u00f3n de pensiones para adultos mayores con incremento, anuncia L\u00f3pez Obrador - NOTICIAS DE LA 4T","og_description":"FLORENCIO VILLARREAL, GRO, 11 de junio de 2021.- Al retomar las giras de trabajo por...","og_url":"https:\/\/redamlo.com\/index.php\/2021\/06\/11\/inicia-dispersion-de-pensiones-para-adultos-mayores-con-incremento-anuncia-lopez-obrador\/","og_site_name":"NOTICIAS DE LA 4T","article_published_time":"2021-06-11T18:00:10+00:00","og_image":[{"width":1497,"height":861,"url":"https:\/\/redamlo.com\/wp-content\/uploads\/2021\/06\/Inicia-dispersion-de-pensiones-para-adultos-mayores-con-incremento-anuncia-Lopez-Obrador.jpg","type":"image\/jpeg"}],"author":"Blanca","twitter_card":"summary_large_image","twitter_misc":{"Escrito por":"Blanca","Tiempo de lectura":"3 minutos"},"schema":{"@context":"https:\/\/schema.org","@graph":[{"@type":"Article","@id":"https:\/\/redamlo.com\/index.php\/2021\/06\/11\/inicia-dispersion-de-pensiones-para-adultos-mayores-con-incremento-anuncia-lopez-obrador\/#article","isPartOf":{"@id":"https:\/\/redamlo.com\/index.php\/2021\/06\/11\/inicia-dispersion-de-pensiones-para-adultos-mayores-con-incremento-anuncia-lopez-obrador\/"},"author":{"name":"Blanca","@id":"https:\/\/redamlo.com\/#\/schema\/person\/7223a4375eb8f1a782fcae010a7115cf"},"headline":"Inicia dispersi\u00f3n de pensiones para adultos mayores con incremento, anuncia L\u00f3pez Obrador","datePublished":"2021-06-11T18:00:10+00:00","mainEntityOfPage":{"@id":"https:\/\/redamlo.com\/index.php\/2021\/06\/11\/inicia-dispersion-de-pensiones-para-adultos-mayores-con-incremento-anuncia-lopez-obrador\/"},"wordCount":580,"commentCount":0,"publisher":{"@id":"https:\/\/redamlo.com\/#organization"},"image":{"@id":"https:\/\/redamlo.com\/index.php\/2021\/06\/11\/inicia-dispersion-de-pensiones-para-adultos-mayores-con-incremento-anuncia-lopez-obrador\/#primaryimage"},"thumbnailUrl":"https:\/\/redamlo.com\/wp-content\/uploads\/2021\/06\/Inicia-dispersion-de-pensiones-para-adultos-mayores-con-incremento-anuncia-Lopez-Obrador.jpg","keywords":["AMLO","Andr\u00e9s Manuel L\u00f3pez Obrador","dispersi\u00f3n","Gobierno de M\u00e9xico","Guerrero","incremento","M\u00e9xico","pensi\u00f3n de adultos mayores"],"articleSection":["4T","Nacionales","Presidencia"],"inLanguage":"es","potentialAction":[{"@type":"CommentAction","name":"Comment","target":["https:\/\/redamlo.com\/index.php\/2021\/06\/11\/inicia-dispersion-de-pensiones-para-adultos-mayores-con-incremento-anuncia-lopez-obrador\/#respond"]}]},{"@type":"WebPage","@id":"https:\/\/redamlo.com\/index.php\/2021\/06\/11\/inicia-dispersion-de-pensiones-para-adultos-mayores-con-incremento-anuncia-lopez-obrador\/","url":"https:\/\/redamlo.com\/index.php\/2021\/06\/11\/inicia-dispersion-de-pensiones-para-adultos-mayores-con-incremento-anuncia-lopez-obrador\/","name":"Inicia dispersi\u00f3n de pensiones para adultos mayores con incremento, anuncia L\u00f3pez Obrador - NOTICIAS DE LA 4T","isPartOf":{"@id":"https:\/\/redamlo.com\/#website"},"primaryImageOfPage":{"@id":"https:\/\/redamlo.com\/index.php\/2021\/06\/11\/inicia-dispersion-de-pensiones-para-adultos-mayores-con-incremento-anuncia-lopez-obrador\/#primaryimage"},"image":{"@id":"https:\/\/redamlo.com\/index.php\/2021\/06\/11\/inicia-dispersion-de-pensiones-para-adultos-mayores-con-incremento-anuncia-lopez-obrador\/#primaryimage"},"thumbnailUrl":"https:\/\/redamlo.com\/wp-content\/uploads\/2021\/06\/Inicia-dispersion-de-pensiones-para-adultos-mayores-con-incremento-anuncia-Lopez-Obrador.jpg","datePublished":"2021-06-11T18:00:10+00:00","breadcrumb":{"@id":"https:\/\/redamlo.com\/index.php\/2021\/06\/11\/inicia-dispersion-de-pensiones-para-adultos-mayores-con-incremento-anuncia-lopez-obrador\/#breadcrumb"},"inLanguage":"es","potentialAction":[{"@type":"ReadAction","target":["https:\/\/redamlo.com\/index.php\/2021\/06\/11\/inicia-dispersion-de-pensiones-para-adultos-mayores-con-incremento-anuncia-lopez-obrador\/"]}]},{"@type":"ImageObject","inLanguage":"es","@id":"https:\/\/redamlo.com\/index.php\/2021\/06\/11\/inicia-dispersion-de-pensiones-para-adultos-mayores-con-incremento-anuncia-lopez-obrador\/#primaryimage","url":"https:\/\/redamlo.com\/wp-content\/uploads\/2021\/06\/Inicia-dispersion-de-pensiones-para-adultos-mayores-con-incremento-anuncia-Lopez-Obrador.jpg","contentUrl":"https:\/\/redamlo.com\/wp-content\/uploads\/2021\/06\/Inicia-dispersion-de-pensiones-para-adultos-mayores-con-incremento-anuncia-Lopez-Obrador.jpg","width":1497,"height":861},{"@type":"BreadcrumbList","@id":"https:\/\/redamlo.com\/index.php\/2021\/06\/11\/inicia-dispersion-de-pensiones-para-adultos-mayores-con-incremento-anuncia-lopez-obrador\/#breadcrumb","itemListElement":[{"@type":"ListItem","position":1,"name":"Inicio","item":"https:\/\/redamlo.com\/"},{"@type":"ListItem","position":2,"name":"Inicia dispersi\u00f3n de pensiones para adultos mayores con incremento, anuncia L\u00f3pez Obrador"}]},{"@type":"WebSite","@id":"https:\/\/redamlo.com\/#website","url":"https:\/\/redamlo.com\/","name":"NOTICIAS DE LA 4T","description":"","publisher":{"@id":"https:\/\/redamlo.com\/#organization"},"potentialAction":[{"@type":"SearchAction","target":{"@type":"EntryPoint","urlTemplate":"https:\/\/redamlo.com\/?s={search_term_string}"},"query-input":{"@type":"PropertyValueSpecification","valueRequired":true,"valueName":"search_term_string"}}],"inLanguage":"es"},{"@type":"Organization","@id":"https:\/\/redamlo.com\/#organization","name":"NOTICIAS DE LA 4T","url":"https:\/\/redamlo.com\/","logo":{"@type":"ImageObject","inLanguage":"es","@id":"https:\/\/redamlo.com\/#\/schema\/logo\/image\/","url":"https:\/\/redamlo.com\/wp-content\/uploads\/2024\/08\/cropped-RED-AMLO-logo-50.png","contentUrl":"https:\/\/redamlo.com\/wp-content\/uploads\/2024\/08\/cropped-RED-AMLO-logo-50.png","width":256,"height":256,"caption":"NOTICIAS DE LA 4T"},"image":{"@id":"https:\/\/redamlo.com\/#\/schema\/logo\/image\/"}},{"@type":"Person","@id":"https:\/\/redamlo.com\/#\/schema\/person\/7223a4375eb8f1a782fcae010a7115cf","name":"Blanca","image":{"@type":"ImageObject","inLanguage":"es","@id":"https:\/\/secure.gravatar.com\/avatar\/3f79bc8336367a4e6093eae8757acaaf61d1124834b905616de7829b0273426d?s=96&d=mm&r=g","url":"https:\/\/secure.gravatar.com\/avatar\/3f79bc8336367a4e6093eae8757acaaf61d1124834b905616de7829b0273426d?s=96&d=mm&r=g","contentUrl":"https:\/\/secure.gravatar.com\/avatar\/3f79bc8336367a4e6093eae8757acaaf61d1124834b905616de7829b0273426d?s=96&d=mm&r=g","caption":"Blanca"},"url":"https:\/\/redamlo.com\/index.php\/author\/blanca\/"}]}},"_links":{"self":[{"href":"https:\/\/redamlo.com\/index.php\/wp-json\/wp\/v2\/posts\/4621","targetHints":{"allow":["GET"]}}],"collection":[{"href":"https:\/\/redamlo.com\/index.php\/wp-json\/wp\/v2\/posts"}],"about":[{"href":"https:\/\/redamlo.com\/index.php\/wp-json\/wp\/v2\/types\/post"}],"author":[{"embeddable":true,"href":"https:\/\/redamlo.com\/index.php\/wp-json\/wp\/v2\/users\/2"}],"replies":[{"embeddable":true,"href":"https:\/\/redamlo.com\/index.php\/wp-json\/wp\/v2\/comments?post=4621"}],"version-history":[{"count":0,"href":"https:\/\/redamlo.com\/index.php\/wp-json\/wp\/v2\/posts\/4621\/revisions"}],"wp:featuredmedia":[{"embeddable":true,"href":"https:\/\/redamlo.com\/index.php\/wp-json\/wp\/v2\/media\/4624"}],"wp:attachment":[{"href":"https:\/\/redamlo.com\/index.php\/wp-json\/wp\/v2\/media?parent=4621"}],"wp:term":[{"taxonomy":"category","embeddable":true,"href":"https:\/\/redamlo.com\/index.php\/wp-json\/wp\/v2\/categories?post=4621"},{"taxonomy":"post_tag","embeddable":true,"href":"https:\/\/redamlo.com\/index.php\/wp-json\/wp\/v2\/tags?post=4621"}],"curies":[{"name":"wp","href":"https:\/\/api.w.org\/{rel}","templated":true}]}}