{"id":4615,"date":"2021-06-29T00:38:45","date_gmt":"2021-06-29T00:38:45","guid":{"rendered":"https:\/\/redamlo.com\/?p=4615"},"modified":"2021-06-29T00:38:45","modified_gmt":"2021-06-29T00:38:45","slug":"aprueba-gobierno-de-laura-beristain-mas-obra-publica-y-social-a-favor-de-la-ciudadania","status":"publish","type":"post","link":"https:\/\/redamlo.com\/index.php\/2021\/06\/29\/aprueba-gobierno-de-laura-beristain-mas-obra-publica-y-social-a-favor-de-la-ciudadania\/","title":{"rendered":"Aprueba Gobierno de Laura Beristain m\u00e1s obra p\u00fablica y social a favor de la ciudadan\u00eda"},"content":{"rendered":"<p>Playa del Carmen, Quintana Roo, a 28 de junio de 2021.-<\/p>\n<p>En el marco de la 66\u00aa y 67\u00aa Sesi\u00f3n ordinaria, el Cabildo de Solidaridad que encabeza la presidenta municipal Laura Beristain Navarrete, aprob\u00f3 la segunda modificaci\u00f3n del Programa Operativo Anual 2021, gracias a lo cual se pondr\u00e1 en marcha la construcci\u00f3n de m\u00e1s y mejor obra p\u00fablica y social con propuesto propio a favor de los ciudadanos.<\/p>\n<p>Este programa tiene como objetivo la construcci\u00f3n de obra p\u00fablica en el municipio a trav\u00e9s del Fondo de Aportaciones para la Infraestructura Social Municipal \u201cFISM\u201d y el Fondo de Aportaciones para el Fortalecimiento Municipal \u201cFORTAMUN\u201d.<\/p>\n<p>La alcaldesa Laura Beristain coment\u00f3 al respecto que dicha aprobaci\u00f3n dar\u00e1 continuidad a lo emprendido desde el inicio de su administraci\u00f3n en materia de obra p\u00fablica, toda vez que su gobierno se ha caracterizado por el desarrollo de infraestructura de primer nivel con el apoyo del presidente de la Rep\u00fablica, Andr\u00e9s Manuel L\u00f3pez Obrador, lo cual ha impactado de manera positiva en el desarrollo del municipio, con nuevas vialidades, centros educativos, \u00e1reas recreativas, acciones de regularizaci\u00f3n de la propiedad y la vivienda.<\/p>\n<p>De igual forma, al buscar consolidar un presupuesto m\u00e1s equitativo, el cuerpo colegiado aprob\u00f3, mediante mayor\u00eda, el fortalecimiento de la Direcci\u00f3n de Bomberos, esto con el fin de que los elementos de esta corporaci\u00f3n cuenten con m\u00e1s insumos y mejor equipo para realizar sus labores.<\/p>\n<p>Entre otros acuerdos aprobados, cabe mencionar el del Nuevo Reglamento del Equilibrio Ecol\u00f3gico y Protecci\u00f3n al Ambiente, con esto se busca fortalecer las acciones a favor de un ambiente sano, que conserve su biodiversidad, riqueza y equilibrio natural.<\/p>\n<p>Finalmente, se aprob\u00f3 la donaci\u00f3n de diversos predios por parte de la persona moral denominada INDUSTRIAS CURATOR, S.A. DE C.V., propietaria y desarrolladora del fraccionamiento \u201cResidencial Marsella III\u201d, que fortalecer\u00e1 a\u00fan m\u00e1s el patrimonio del municipio, el cual es de todos los ciudadanos.<\/p>\n","protected":false},"excerpt":{"rendered":"<p>Playa del Carmen, Quintana Roo, a 28 de junio de 2021.- En el marco de&#8230;<\/p>\n","protected":false},"author":2,"featured_media":4617,"comment_status":"open","ping_status":"closed","sticky":false,"template":"","format":"standard","meta":{"footnotes":""},"categories":[1],"tags":[1044,1045],"class_list":["post-4615","post","type-post","status-publish","format-standard","has-post-thumbnail","hentry","category-uncategorized","tag-aprueba-gobierno-de-laura-beristain","tag-obra-publica-y-social"],"yoast_head":"<!-- This site is optimized with the Yoast SEO plugin v27.5 - https:\/\/yoast.com\/product\/yoast-seo-wordpress\/ -->\n<title>Aprueba Gobierno de Laura Beristain m\u00e1s obra p\u00fablica y social a favor de la ciudadan\u00eda - NOTICIAS DE LA 4T<\/title>\n<meta name=\"robots\" content=\"noindex, follow, max-snippet:-1, max-image-preview:large, max-video-preview:-1\" \/>\n<meta property=\"og:locale\" content=\"es_MX\" \/>\n<meta property=\"og:type\" content=\"article\" \/>\n<meta property=\"og:title\" content=\"Aprueba Gobierno de Laura Beristain m\u00e1s obra p\u00fablica y social a favor de la ciudadan\u00eda - NOTICIAS DE LA 4T\" \/>\n<meta property=\"og:description\" content=\"Playa del Carmen, Quintana Roo, a 28 de junio de 2021.- En el marco de...\" \/>\n<meta property=\"og:url\" content=\"https:\/\/redamlo.com\/index.php\/2021\/06\/29\/aprueba-gobierno-de-laura-beristain-mas-obra-publica-y-social-a-favor-de-la-ciudadania\/\" \/>\n<meta property=\"og:site_name\" content=\"NOTICIAS DE LA 4T\" \/>\n<meta property=\"article:published_time\" content=\"2021-06-29T00:38:45+00:00\" \/>\n<meta property=\"og:image\" content=\"https:\/\/redamlo.com\/wp-content\/uploads\/2021\/06\/Aprueba-Gobierno-de-Laura-Beristain-mas-obra-publica-y-social-a-favor-de-la-ciudadania.jpg\" \/>\n\t<meta property=\"og:image:width\" content=\"1280\" \/>\n\t<meta property=\"og:image:height\" content=\"874\" \/>\n\t<meta property=\"og:image:type\" content=\"image\/jpeg\" \/>\n<meta name=\"author\" content=\"Blanca\" \/>\n<meta name=\"twitter:card\" content=\"summary_large_image\" \/>\n<meta name=\"twitter:label1\" content=\"Escrito por\" \/>\n\t<meta name=\"twitter:data1\" content=\"Blanca\" \/>\n\t<meta name=\"twitter:label2\" content=\"Tiempo de lectura\" \/>\n\t<meta name=\"twitter:data2\" content=\"2 minutos\" \/>\n<script type=\"application\/ld+json\" class=\"yoast-schema-graph\">{\"@context\":\"https:\\\/\\\/schema.org\",\"@graph\":[{\"@type\":\"Article\",\"@id\":\"https:\\\/\\\/redamlo.com\\\/index.php\\\/2021\\\/06\\\/29\\\/aprueba-gobierno-de-laura-beristain-mas-obra-publica-y-social-a-favor-de-la-ciudadania\\\/#article\",\"isPartOf\":{\"@id\":\"https:\\\/\\\/redamlo.com\\\/index.php\\\/2021\\\/06\\\/29\\\/aprueba-gobierno-de-laura-beristain-mas-obra-publica-y-social-a-favor-de-la-ciudadania\\\/\"},\"author\":{\"name\":\"Blanca\",\"@id\":\"https:\\\/\\\/redamlo.com\\\/#\\\/schema\\\/person\\\/7223a4375eb8f1a782fcae010a7115cf\"},\"headline\":\"Aprueba Gobierno de Laura Beristain m\u00e1s obra p\u00fablica y social a favor de la ciudadan\u00eda\",\"datePublished\":\"2021-06-29T00:38:45+00:00\",\"mainEntityOfPage\":{\"@id\":\"https:\\\/\\\/redamlo.com\\\/index.php\\\/2021\\\/06\\\/29\\\/aprueba-gobierno-de-laura-beristain-mas-obra-publica-y-social-a-favor-de-la-ciudadania\\\/\"},\"wordCount\":352,\"commentCount\":0,\"publisher\":{\"@id\":\"https:\\\/\\\/redamlo.com\\\/#organization\"},\"image\":{\"@id\":\"https:\\\/\\\/redamlo.com\\\/index.php\\\/2021\\\/06\\\/29\\\/aprueba-gobierno-de-laura-beristain-mas-obra-publica-y-social-a-favor-de-la-ciudadania\\\/#primaryimage\"},\"thumbnailUrl\":\"https:\\\/\\\/redamlo.com\\\/wp-content\\\/uploads\\\/2021\\\/06\\\/Aprueba-Gobierno-de-Laura-Beristain-mas-obra-publica-y-social-a-favor-de-la-ciudadania.jpg\",\"keywords\":[\"Aprueba Gobierno de Laura Beristain\",\"obra p\u00fablica y social\"],\"articleSection\":[\"Uncategorized\"],\"inLanguage\":\"es\",\"potentialAction\":[{\"@type\":\"CommentAction\",\"name\":\"Comment\",\"target\":[\"https:\\\/\\\/redamlo.com\\\/index.php\\\/2021\\\/06\\\/29\\\/aprueba-gobierno-de-laura-beristain-mas-obra-publica-y-social-a-favor-de-la-ciudadania\\\/#respond\"]}]},{\"@type\":\"WebPage\",\"@id\":\"https:\\\/\\\/redamlo.com\\\/index.php\\\/2021\\\/06\\\/29\\\/aprueba-gobierno-de-laura-beristain-mas-obra-publica-y-social-a-favor-de-la-ciudadania\\\/\",\"url\":\"https:\\\/\\\/redamlo.com\\\/index.php\\\/2021\\\/06\\\/29\\\/aprueba-gobierno-de-laura-beristain-mas-obra-publica-y-social-a-favor-de-la-ciudadania\\\/\",\"name\":\"Aprueba Gobierno de Laura Beristain m\u00e1s obra p\u00fablica y social a favor de la ciudadan\u00eda - NOTICIAS DE LA 4T\",\"isPartOf\":{\"@id\":\"https:\\\/\\\/redamlo.com\\\/#website\"},\"primaryImageOfPage\":{\"@id\":\"https:\\\/\\\/redamlo.com\\\/index.php\\\/2021\\\/06\\\/29\\\/aprueba-gobierno-de-laura-beristain-mas-obra-publica-y-social-a-favor-de-la-ciudadania\\\/#primaryimage\"},\"image\":{\"@id\":\"https:\\\/\\\/redamlo.com\\\/index.php\\\/2021\\\/06\\\/29\\\/aprueba-gobierno-de-laura-beristain-mas-obra-publica-y-social-a-favor-de-la-ciudadania\\\/#primaryimage\"},\"thumbnailUrl\":\"https:\\\/\\\/redamlo.com\\\/wp-content\\\/uploads\\\/2021\\\/06\\\/Aprueba-Gobierno-de-Laura-Beristain-mas-obra-publica-y-social-a-favor-de-la-ciudadania.jpg\",\"datePublished\":\"2021-06-29T00:38:45+00:00\",\"breadcrumb\":{\"@id\":\"https:\\\/\\\/redamlo.com\\\/index.php\\\/2021\\\/06\\\/29\\\/aprueba-gobierno-de-laura-beristain-mas-obra-publica-y-social-a-favor-de-la-ciudadania\\\/#breadcrumb\"},\"inLanguage\":\"es\",\"potentialAction\":[{\"@type\":\"ReadAction\",\"target\":[\"https:\\\/\\\/redamlo.com\\\/index.php\\\/2021\\\/06\\\/29\\\/aprueba-gobierno-de-laura-beristain-mas-obra-publica-y-social-a-favor-de-la-ciudadania\\\/\"]}]},{\"@type\":\"ImageObject\",\"inLanguage\":\"es\",\"@id\":\"https:\\\/\\\/redamlo.com\\\/index.php\\\/2021\\\/06\\\/29\\\/aprueba-gobierno-de-laura-beristain-mas-obra-publica-y-social-a-favor-de-la-ciudadania\\\/#primaryimage\",\"url\":\"https:\\\/\\\/redamlo.com\\\/wp-content\\\/uploads\\\/2021\\\/06\\\/Aprueba-Gobierno-de-Laura-Beristain-mas-obra-publica-y-social-a-favor-de-la-ciudadania.jpg\",\"contentUrl\":\"https:\\\/\\\/redamlo.com\\\/wp-content\\\/uploads\\\/2021\\\/06\\\/Aprueba-Gobierno-de-Laura-Beristain-mas-obra-publica-y-social-a-favor-de-la-ciudadania.jpg\",\"width\":1280,\"height\":874},{\"@type\":\"BreadcrumbList\",\"@id\":\"https:\\\/\\\/redamlo.com\\\/index.php\\\/2021\\\/06\\\/29\\\/aprueba-gobierno-de-laura-beristain-mas-obra-publica-y-social-a-favor-de-la-ciudadania\\\/#breadcrumb\",\"itemListElement\":[{\"@type\":\"ListItem\",\"position\":1,\"name\":\"Inicio\",\"item\":\"https:\\\/\\\/redamlo.com\\\/\"},{\"@type\":\"ListItem\",\"position\":2,\"name\":\"Aprueba Gobierno de Laura Beristain m\u00e1s obra p\u00fablica y social a favor de la ciudadan\u00eda\"}]},{\"@type\":\"WebSite\",\"@id\":\"https:\\\/\\\/redamlo.com\\\/#website\",\"url\":\"https:\\\/\\\/redamlo.com\\\/\",\"name\":\"NOTICIAS DE LA 4T\",\"description\":\"\",\"publisher\":{\"@id\":\"https:\\\/\\\/redamlo.com\\\/#organization\"},\"potentialAction\":[{\"@type\":\"SearchAction\",\"target\":{\"@type\":\"EntryPoint\",\"urlTemplate\":\"https:\\\/\\\/redamlo.com\\\/?s={search_term_string}\"},\"query-input\":{\"@type\":\"PropertyValueSpecification\",\"valueRequired\":true,\"valueName\":\"search_term_string\"}}],\"inLanguage\":\"es\"},{\"@type\":\"Organization\",\"@id\":\"https:\\\/\\\/redamlo.com\\\/#organization\",\"name\":\"NOTICIAS DE LA 4T\",\"url\":\"https:\\\/\\\/redamlo.com\\\/\",\"logo\":{\"@type\":\"ImageObject\",\"inLanguage\":\"es\",\"@id\":\"https:\\\/\\\/redamlo.com\\\/#\\\/schema\\\/logo\\\/image\\\/\",\"url\":\"https:\\\/\\\/redamlo.com\\\/wp-content\\\/uploads\\\/2024\\\/08\\\/cropped-RED-AMLO-logo-50.png\",\"contentUrl\":\"https:\\\/\\\/redamlo.com\\\/wp-content\\\/uploads\\\/2024\\\/08\\\/cropped-RED-AMLO-logo-50.png\",\"width\":256,\"height\":256,\"caption\":\"NOTICIAS DE LA 4T\"},\"image\":{\"@id\":\"https:\\\/\\\/redamlo.com\\\/#\\\/schema\\\/logo\\\/image\\\/\"}},{\"@type\":\"Person\",\"@id\":\"https:\\\/\\\/redamlo.com\\\/#\\\/schema\\\/person\\\/7223a4375eb8f1a782fcae010a7115cf\",\"name\":\"Blanca\",\"image\":{\"@type\":\"ImageObject\",\"inLanguage\":\"es\",\"@id\":\"https:\\\/\\\/secure.gravatar.com\\\/avatar\\\/3f79bc8336367a4e6093eae8757acaaf61d1124834b905616de7829b0273426d?s=96&d=mm&r=g\",\"url\":\"https:\\\/\\\/secure.gravatar.com\\\/avatar\\\/3f79bc8336367a4e6093eae8757acaaf61d1124834b905616de7829b0273426d?s=96&d=mm&r=g\",\"contentUrl\":\"https:\\\/\\\/secure.gravatar.com\\\/avatar\\\/3f79bc8336367a4e6093eae8757acaaf61d1124834b905616de7829b0273426d?s=96&d=mm&r=g\",\"caption\":\"Blanca\"},\"url\":\"https:\\\/\\\/redamlo.com\\\/index.php\\\/author\\\/blanca\\\/\"}]}<\/script>\n<!-- \/ Yoast SEO plugin. -->","yoast_head_json":{"title":"Aprueba Gobierno de Laura Beristain m\u00e1s obra p\u00fablica y social a favor de la ciudadan\u00eda - NOTICIAS DE LA 4T","robots":{"index":"noindex","follow":"follow","max-snippet":"max-snippet:-1","max-image-preview":"max-image-preview:large","max-video-preview":"max-video-preview:-1"},"og_locale":"es_MX","og_type":"article","og_title":"Aprueba Gobierno de Laura Beristain m\u00e1s obra p\u00fablica y social a favor de la ciudadan\u00eda - NOTICIAS DE LA 4T","og_description":"Playa del Carmen, Quintana Roo, a 28 de junio de 2021.- En el marco de...","og_url":"https:\/\/redamlo.com\/index.php\/2021\/06\/29\/aprueba-gobierno-de-laura-beristain-mas-obra-publica-y-social-a-favor-de-la-ciudadania\/","og_site_name":"NOTICIAS DE LA 4T","article_published_time":"2021-06-29T00:38:45+00:00","og_image":[{"width":1280,"height":874,"url":"https:\/\/redamlo.com\/wp-content\/uploads\/2021\/06\/Aprueba-Gobierno-de-Laura-Beristain-mas-obra-publica-y-social-a-favor-de-la-ciudadania.jpg","type":"image\/jpeg"}],"author":"Blanca","twitter_card":"summary_large_image","twitter_misc":{"Escrito por":"Blanca","Tiempo de lectura":"2 minutos"},"schema":{"@context":"https:\/\/schema.org","@graph":[{"@type":"Article","@id":"https:\/\/redamlo.com\/index.php\/2021\/06\/29\/aprueba-gobierno-de-laura-beristain-mas-obra-publica-y-social-a-favor-de-la-ciudadania\/#article","isPartOf":{"@id":"https:\/\/redamlo.com\/index.php\/2021\/06\/29\/aprueba-gobierno-de-laura-beristain-mas-obra-publica-y-social-a-favor-de-la-ciudadania\/"},"author":{"name":"Blanca","@id":"https:\/\/redamlo.com\/#\/schema\/person\/7223a4375eb8f1a782fcae010a7115cf"},"headline":"Aprueba Gobierno de Laura Beristain m\u00e1s obra p\u00fablica y social a favor de la ciudadan\u00eda","datePublished":"2021-06-29T00:38:45+00:00","mainEntityOfPage":{"@id":"https:\/\/redamlo.com\/index.php\/2021\/06\/29\/aprueba-gobierno-de-laura-beristain-mas-obra-publica-y-social-a-favor-de-la-ciudadania\/"},"wordCount":352,"commentCount":0,"publisher":{"@id":"https:\/\/redamlo.com\/#organization"},"image":{"@id":"https:\/\/redamlo.com\/index.php\/2021\/06\/29\/aprueba-gobierno-de-laura-beristain-mas-obra-publica-y-social-a-favor-de-la-ciudadania\/#primaryimage"},"thumbnailUrl":"https:\/\/redamlo.com\/wp-content\/uploads\/2021\/06\/Aprueba-Gobierno-de-Laura-Beristain-mas-obra-publica-y-social-a-favor-de-la-ciudadania.jpg","keywords":["Aprueba Gobierno de Laura Beristain","obra p\u00fablica y social"],"articleSection":["Uncategorized"],"inLanguage":"es","potentialAction":[{"@type":"CommentAction","name":"Comment","target":["https:\/\/redamlo.com\/index.php\/2021\/06\/29\/aprueba-gobierno-de-laura-beristain-mas-obra-publica-y-social-a-favor-de-la-ciudadania\/#respond"]}]},{"@type":"WebPage","@id":"https:\/\/redamlo.com\/index.php\/2021\/06\/29\/aprueba-gobierno-de-laura-beristain-mas-obra-publica-y-social-a-favor-de-la-ciudadania\/","url":"https:\/\/redamlo.com\/index.php\/2021\/06\/29\/aprueba-gobierno-de-laura-beristain-mas-obra-publica-y-social-a-favor-de-la-ciudadania\/","name":"Aprueba Gobierno de Laura Beristain m\u00e1s obra p\u00fablica y social a favor de la ciudadan\u00eda - NOTICIAS DE LA 4T","isPartOf":{"@id":"https:\/\/redamlo.com\/#website"},"primaryImageOfPage":{"@id":"https:\/\/redamlo.com\/index.php\/2021\/06\/29\/aprueba-gobierno-de-laura-beristain-mas-obra-publica-y-social-a-favor-de-la-ciudadania\/#primaryimage"},"image":{"@id":"https:\/\/redamlo.com\/index.php\/2021\/06\/29\/aprueba-gobierno-de-laura-beristain-mas-obra-publica-y-social-a-favor-de-la-ciudadania\/#primaryimage"},"thumbnailUrl":"https:\/\/redamlo.com\/wp-content\/uploads\/2021\/06\/Aprueba-Gobierno-de-Laura-Beristain-mas-obra-publica-y-social-a-favor-de-la-ciudadania.jpg","datePublished":"2021-06-29T00:38:45+00:00","breadcrumb":{"@id":"https:\/\/redamlo.com\/index.php\/2021\/06\/29\/aprueba-gobierno-de-laura-beristain-mas-obra-publica-y-social-a-favor-de-la-ciudadania\/#breadcrumb"},"inLanguage":"es","potentialAction":[{"@type":"ReadAction","target":["https:\/\/redamlo.com\/index.php\/2021\/06\/29\/aprueba-gobierno-de-laura-beristain-mas-obra-publica-y-social-a-favor-de-la-ciudadania\/"]}]},{"@type":"ImageObject","inLanguage":"es","@id":"https:\/\/redamlo.com\/index.php\/2021\/06\/29\/aprueba-gobierno-de-laura-beristain-mas-obra-publica-y-social-a-favor-de-la-ciudadania\/#primaryimage","url":"https:\/\/redamlo.com\/wp-content\/uploads\/2021\/06\/Aprueba-Gobierno-de-Laura-Beristain-mas-obra-publica-y-social-a-favor-de-la-ciudadania.jpg","contentUrl":"https:\/\/redamlo.com\/wp-content\/uploads\/2021\/06\/Aprueba-Gobierno-de-Laura-Beristain-mas-obra-publica-y-social-a-favor-de-la-ciudadania.jpg","width":1280,"height":874},{"@type":"BreadcrumbList","@id":"https:\/\/redamlo.com\/index.php\/2021\/06\/29\/aprueba-gobierno-de-laura-beristain-mas-obra-publica-y-social-a-favor-de-la-ciudadania\/#breadcrumb","itemListElement":[{"@type":"ListItem","position":1,"name":"Inicio","item":"https:\/\/redamlo.com\/"},{"@type":"ListItem","position":2,"name":"Aprueba Gobierno de Laura Beristain m\u00e1s obra p\u00fablica y social a favor de la ciudadan\u00eda"}]},{"@type":"WebSite","@id":"https:\/\/redamlo.com\/#website","url":"https:\/\/redamlo.com\/","name":"NOTICIAS DE LA 4T","description":"","publisher":{"@id":"https:\/\/redamlo.com\/#organization"},"potentialAction":[{"@type":"SearchAction","target":{"@type":"EntryPoint","urlTemplate":"https:\/\/redamlo.com\/?s={search_term_string}"},"query-input":{"@type":"PropertyValueSpecification","valueRequired":true,"valueName":"search_term_string"}}],"inLanguage":"es"},{"@type":"Organization","@id":"https:\/\/redamlo.com\/#organization","name":"NOTICIAS DE LA 4T","url":"https:\/\/redamlo.com\/","logo":{"@type":"ImageObject","inLanguage":"es","@id":"https:\/\/redamlo.com\/#\/schema\/logo\/image\/","url":"https:\/\/redamlo.com\/wp-content\/uploads\/2024\/08\/cropped-RED-AMLO-logo-50.png","contentUrl":"https:\/\/redamlo.com\/wp-content\/uploads\/2024\/08\/cropped-RED-AMLO-logo-50.png","width":256,"height":256,"caption":"NOTICIAS DE LA 4T"},"image":{"@id":"https:\/\/redamlo.com\/#\/schema\/logo\/image\/"}},{"@type":"Person","@id":"https:\/\/redamlo.com\/#\/schema\/person\/7223a4375eb8f1a782fcae010a7115cf","name":"Blanca","image":{"@type":"ImageObject","inLanguage":"es","@id":"https:\/\/secure.gravatar.com\/avatar\/3f79bc8336367a4e6093eae8757acaaf61d1124834b905616de7829b0273426d?s=96&d=mm&r=g","url":"https:\/\/secure.gravatar.com\/avatar\/3f79bc8336367a4e6093eae8757acaaf61d1124834b905616de7829b0273426d?s=96&d=mm&r=g","contentUrl":"https:\/\/secure.gravatar.com\/avatar\/3f79bc8336367a4e6093eae8757acaaf61d1124834b905616de7829b0273426d?s=96&d=mm&r=g","caption":"Blanca"},"url":"https:\/\/redamlo.com\/index.php\/author\/blanca\/"}]}},"_links":{"self":[{"href":"https:\/\/redamlo.com\/index.php\/wp-json\/wp\/v2\/posts\/4615","targetHints":{"allow":["GET"]}}],"collection":[{"href":"https:\/\/redamlo.com\/index.php\/wp-json\/wp\/v2\/posts"}],"about":[{"href":"https:\/\/redamlo.com\/index.php\/wp-json\/wp\/v2\/types\/post"}],"author":[{"embeddable":true,"href":"https:\/\/redamlo.com\/index.php\/wp-json\/wp\/v2\/users\/2"}],"replies":[{"embeddable":true,"href":"https:\/\/redamlo.com\/index.php\/wp-json\/wp\/v2\/comments?post=4615"}],"version-history":[{"count":0,"href":"https:\/\/redamlo.com\/index.php\/wp-json\/wp\/v2\/posts\/4615\/revisions"}],"wp:featuredmedia":[{"embeddable":true,"href":"https:\/\/redamlo.com\/index.php\/wp-json\/wp\/v2\/media\/4617"}],"wp:attachment":[{"href":"https:\/\/redamlo.com\/index.php\/wp-json\/wp\/v2\/media?parent=4615"}],"wp:term":[{"taxonomy":"category","embeddable":true,"href":"https:\/\/redamlo.com\/index.php\/wp-json\/wp\/v2\/categories?post=4615"},{"taxonomy":"post_tag","embeddable":true,"href":"https:\/\/redamlo.com\/index.php\/wp-json\/wp\/v2\/tags?post=4615"}],"curies":[{"name":"wp","href":"https:\/\/api.w.org\/{rel}","templated":true}]}}