{"id":4609,"date":"2021-06-28T00:25:09","date_gmt":"2021-06-28T00:25:09","guid":{"rendered":"https:\/\/redamlo.com\/?p=4609"},"modified":"2021-06-28T00:25:09","modified_gmt":"2021-06-28T00:25:09","slug":"marybel-villegas-rumbo-para-la-gubernatura-en-2022-en-quintana-roo","status":"publish","type":"post","link":"https:\/\/redamlo.com\/index.php\/2021\/06\/28\/marybel-villegas-rumbo-para-la-gubernatura-en-2022-en-quintana-roo\/","title":{"rendered":"Marybel Villegas, rumbo para la gubernatura en 2022 en Quintana Roo"},"content":{"rendered":"<p>El coordinador de los senadores de Morena, Ricardo Monreal y tambi\u00e9n como Presidente de la Junta de Coordinaci\u00f3n Pol\u00edtica (JUCOPO), comunic\u00f3 al presidente de la Rep\u00fablica, que cuatro senadoras manifestaron su inter\u00e9s en ocupar la presidencia de la C\u00e1mara alta durante el tercer a\u00f1o de ejercicio legislativo.<\/p>\n<p>Las mismas fuentes indican que el presidente dio luz verde a dos de la Senadoras entre las cuales, est\u00e1 la senadora quintanarroense Marybel Villegas Canch\u00e9 para que presida la mesa directiva del Senado para el tercer a\u00f1o legislativo, mismo que arranca el pr\u00f3ximo 1 de septiembre.<\/p>\n<p>Es un reconocimiento que le hace el presidente L\u00f3pez Obrador a Marybel por su lealtad, su capacidad, su liderazgo pol\u00edtico, su esp\u00edritu de servicio y su gran compromiso con la Cuarta Transformaci\u00f3n, es una figura nacional.<\/p>\n<p>El presidente sabe de la capacidad de negociaci\u00f3n, conciliaci\u00f3n y apertura de Villegas Canch\u00e9 para lograr acuerdos y por su amplia visi\u00f3n de los problemas que enfrenta el pa\u00eds.<\/p>\n<p>Con la visi\u00f3n que tiene el presidente, ve en Marybel a una pol\u00edtica digna representante de la 4T para la renovaci\u00f3n de la gubernatura en 2022.<\/p>\n<p>\u00bfSer\u00e1 que el presidente ya tiene los dados cargados hacia Marybel Villegas que sea la sucesora de Carlos Joaqu\u00edn?, ya que cuenta con una trayectoria importante dentro de la pol\u00edtica nacional y figura entre las 5 Mujeres l\u00edderes m\u00e1s influyentes en M\u00e9xico como Roc\u00edo Nahle Garc\u00eda, Claudia Sheimbaum Pardo, Olga S\u00e1nchez Cordero y Tatiana Clouthier Carrillo, de las m\u00e1s cercanas a Andr\u00e9s Manuel L\u00f3pez Obrador.<\/p>\n<p>Al reunirse con las aspirantes a presidir el Senado, el coordinador de los senadores de\u00a0<strong>Morena<\/strong>, les pidi\u00f3 no hacer campa\u00f1as, respetarse, no autopromoverse y lograr un proceso de relevo en unidad y sin fisuras en el Grupo Parlamentario.<\/p>\n<p>Inform\u00f3 que ser\u00e1 hasta la segunda semana de agosto, cuando su bancada defina en votaci\u00f3n libre qui\u00e9n ser\u00e1 la nueva titular de la c\u00e1mara alta.<\/p>\n<p>De esta manera, las senadoras<strong>\u00a0Imelda Castro<\/strong>,\u00a0<strong>Maribel Villegas<\/strong>,\u00a0<strong>Martha Luc\u00eda Micher<\/strong>,\u00a0<strong>Ana Lilia Rivera<\/strong>\u00a0y\u00a0<strong>Bertha Caraveo<\/strong>, se comprometieron a ser respetuosas de los tiempos y del proceso.<\/p>\n","protected":false},"excerpt":{"rendered":"<p>El coordinador de los senadores de Morena, Ricardo Monreal y tambi\u00e9n como Presidente de la&#8230;<\/p>\n","protected":false},"author":2,"featured_media":4611,"comment_status":"open","ping_status":"closed","sticky":false,"template":"","format":"standard","meta":{"footnotes":""},"categories":[25,137],"tags":[],"class_list":["post-4609","post","type-post","status-publish","format-standard","has-post-thumbnail","hentry","category-4t","category-senado"],"yoast_head":"<!-- This site is optimized with the Yoast SEO plugin v27.5 - https:\/\/yoast.com\/product\/yoast-seo-wordpress\/ -->\n<title>Marybel Villegas, rumbo para la gubernatura en 2022 en Quintana Roo - NOTICIAS DE LA 4T<\/title>\n<meta name=\"robots\" content=\"noindex, follow, max-snippet:-1, max-image-preview:large, max-video-preview:-1\" \/>\n<meta property=\"og:locale\" content=\"es_MX\" \/>\n<meta property=\"og:type\" content=\"article\" \/>\n<meta property=\"og:title\" content=\"Marybel Villegas, rumbo para la gubernatura en 2022 en Quintana Roo - NOTICIAS DE LA 4T\" \/>\n<meta property=\"og:description\" content=\"El coordinador de los senadores de Morena, Ricardo Monreal y tambi\u00e9n como Presidente de la...\" \/>\n<meta property=\"og:url\" content=\"https:\/\/redamlo.com\/index.php\/2021\/06\/28\/marybel-villegas-rumbo-para-la-gubernatura-en-2022-en-quintana-roo\/\" \/>\n<meta property=\"og:site_name\" content=\"NOTICIAS DE LA 4T\" \/>\n<meta property=\"article:published_time\" content=\"2021-06-28T00:25:09+00:00\" \/>\n<meta property=\"og:image\" content=\"https:\/\/redamlo.com\/wp-content\/uploads\/2021\/06\/Marybel-Villegas-mas-firme-que-nunca-para-la-gubernatura-en-2022.jpg\" \/>\n\t<meta property=\"og:image:width\" content=\"1200\" \/>\n\t<meta property=\"og:image:height\" content=\"800\" \/>\n\t<meta property=\"og:image:type\" content=\"image\/jpeg\" \/>\n<meta name=\"author\" content=\"Blanca\" \/>\n<meta name=\"twitter:card\" content=\"summary_large_image\" \/>\n<meta name=\"twitter:label1\" content=\"Escrito por\" \/>\n\t<meta name=\"twitter:data1\" content=\"Blanca\" \/>\n\t<meta name=\"twitter:label2\" content=\"Tiempo de lectura\" \/>\n\t<meta name=\"twitter:data2\" content=\"2 minutos\" \/>\n<script type=\"application\/ld+json\" class=\"yoast-schema-graph\">{\"@context\":\"https:\\\/\\\/schema.org\",\"@graph\":[{\"@type\":\"Article\",\"@id\":\"https:\\\/\\\/redamlo.com\\\/index.php\\\/2021\\\/06\\\/28\\\/marybel-villegas-rumbo-para-la-gubernatura-en-2022-en-quintana-roo\\\/#article\",\"isPartOf\":{\"@id\":\"https:\\\/\\\/redamlo.com\\\/index.php\\\/2021\\\/06\\\/28\\\/marybel-villegas-rumbo-para-la-gubernatura-en-2022-en-quintana-roo\\\/\"},\"author\":{\"name\":\"Blanca\",\"@id\":\"https:\\\/\\\/redamlo.com\\\/#\\\/schema\\\/person\\\/7223a4375eb8f1a782fcae010a7115cf\"},\"headline\":\"Marybel Villegas, rumbo para la gubernatura en 2022 en Quintana Roo\",\"datePublished\":\"2021-06-28T00:25:09+00:00\",\"mainEntityOfPage\":{\"@id\":\"https:\\\/\\\/redamlo.com\\\/index.php\\\/2021\\\/06\\\/28\\\/marybel-villegas-rumbo-para-la-gubernatura-en-2022-en-quintana-roo\\\/\"},\"wordCount\":385,\"commentCount\":0,\"publisher\":{\"@id\":\"https:\\\/\\\/redamlo.com\\\/#organization\"},\"image\":{\"@id\":\"https:\\\/\\\/redamlo.com\\\/index.php\\\/2021\\\/06\\\/28\\\/marybel-villegas-rumbo-para-la-gubernatura-en-2022-en-quintana-roo\\\/#primaryimage\"},\"thumbnailUrl\":\"https:\\\/\\\/redamlo.com\\\/wp-content\\\/uploads\\\/2021\\\/06\\\/Marybel-Villegas-mas-firme-que-nunca-para-la-gubernatura-en-2022.jpg\",\"articleSection\":[\"4T\",\"Senado\"],\"inLanguage\":\"es\",\"potentialAction\":[{\"@type\":\"CommentAction\",\"name\":\"Comment\",\"target\":[\"https:\\\/\\\/redamlo.com\\\/index.php\\\/2021\\\/06\\\/28\\\/marybel-villegas-rumbo-para-la-gubernatura-en-2022-en-quintana-roo\\\/#respond\"]}]},{\"@type\":\"WebPage\",\"@id\":\"https:\\\/\\\/redamlo.com\\\/index.php\\\/2021\\\/06\\\/28\\\/marybel-villegas-rumbo-para-la-gubernatura-en-2022-en-quintana-roo\\\/\",\"url\":\"https:\\\/\\\/redamlo.com\\\/index.php\\\/2021\\\/06\\\/28\\\/marybel-villegas-rumbo-para-la-gubernatura-en-2022-en-quintana-roo\\\/\",\"name\":\"Marybel Villegas, rumbo para la gubernatura en 2022 en Quintana Roo - NOTICIAS DE LA 4T\",\"isPartOf\":{\"@id\":\"https:\\\/\\\/redamlo.com\\\/#website\"},\"primaryImageOfPage\":{\"@id\":\"https:\\\/\\\/redamlo.com\\\/index.php\\\/2021\\\/06\\\/28\\\/marybel-villegas-rumbo-para-la-gubernatura-en-2022-en-quintana-roo\\\/#primaryimage\"},\"image\":{\"@id\":\"https:\\\/\\\/redamlo.com\\\/index.php\\\/2021\\\/06\\\/28\\\/marybel-villegas-rumbo-para-la-gubernatura-en-2022-en-quintana-roo\\\/#primaryimage\"},\"thumbnailUrl\":\"https:\\\/\\\/redamlo.com\\\/wp-content\\\/uploads\\\/2021\\\/06\\\/Marybel-Villegas-mas-firme-que-nunca-para-la-gubernatura-en-2022.jpg\",\"datePublished\":\"2021-06-28T00:25:09+00:00\",\"breadcrumb\":{\"@id\":\"https:\\\/\\\/redamlo.com\\\/index.php\\\/2021\\\/06\\\/28\\\/marybel-villegas-rumbo-para-la-gubernatura-en-2022-en-quintana-roo\\\/#breadcrumb\"},\"inLanguage\":\"es\",\"potentialAction\":[{\"@type\":\"ReadAction\",\"target\":[\"https:\\\/\\\/redamlo.com\\\/index.php\\\/2021\\\/06\\\/28\\\/marybel-villegas-rumbo-para-la-gubernatura-en-2022-en-quintana-roo\\\/\"]}]},{\"@type\":\"ImageObject\",\"inLanguage\":\"es\",\"@id\":\"https:\\\/\\\/redamlo.com\\\/index.php\\\/2021\\\/06\\\/28\\\/marybel-villegas-rumbo-para-la-gubernatura-en-2022-en-quintana-roo\\\/#primaryimage\",\"url\":\"https:\\\/\\\/redamlo.com\\\/wp-content\\\/uploads\\\/2021\\\/06\\\/Marybel-Villegas-mas-firme-que-nunca-para-la-gubernatura-en-2022.jpg\",\"contentUrl\":\"https:\\\/\\\/redamlo.com\\\/wp-content\\\/uploads\\\/2021\\\/06\\\/Marybel-Villegas-mas-firme-que-nunca-para-la-gubernatura-en-2022.jpg\",\"width\":1200,\"height\":800},{\"@type\":\"BreadcrumbList\",\"@id\":\"https:\\\/\\\/redamlo.com\\\/index.php\\\/2021\\\/06\\\/28\\\/marybel-villegas-rumbo-para-la-gubernatura-en-2022-en-quintana-roo\\\/#breadcrumb\",\"itemListElement\":[{\"@type\":\"ListItem\",\"position\":1,\"name\":\"Inicio\",\"item\":\"https:\\\/\\\/redamlo.com\\\/\"},{\"@type\":\"ListItem\",\"position\":2,\"name\":\"Marybel Villegas, rumbo para la gubernatura en 2022 en Quintana Roo\"}]},{\"@type\":\"WebSite\",\"@id\":\"https:\\\/\\\/redamlo.com\\\/#website\",\"url\":\"https:\\\/\\\/redamlo.com\\\/\",\"name\":\"NOTICIAS DE LA 4T\",\"description\":\"\",\"publisher\":{\"@id\":\"https:\\\/\\\/redamlo.com\\\/#organization\"},\"potentialAction\":[{\"@type\":\"SearchAction\",\"target\":{\"@type\":\"EntryPoint\",\"urlTemplate\":\"https:\\\/\\\/redamlo.com\\\/?s={search_term_string}\"},\"query-input\":{\"@type\":\"PropertyValueSpecification\",\"valueRequired\":true,\"valueName\":\"search_term_string\"}}],\"inLanguage\":\"es\"},{\"@type\":\"Organization\",\"@id\":\"https:\\\/\\\/redamlo.com\\\/#organization\",\"name\":\"NOTICIAS DE LA 4T\",\"url\":\"https:\\\/\\\/redamlo.com\\\/\",\"logo\":{\"@type\":\"ImageObject\",\"inLanguage\":\"es\",\"@id\":\"https:\\\/\\\/redamlo.com\\\/#\\\/schema\\\/logo\\\/image\\\/\",\"url\":\"https:\\\/\\\/redamlo.com\\\/wp-content\\\/uploads\\\/2024\\\/08\\\/cropped-RED-AMLO-logo-50.png\",\"contentUrl\":\"https:\\\/\\\/redamlo.com\\\/wp-content\\\/uploads\\\/2024\\\/08\\\/cropped-RED-AMLO-logo-50.png\",\"width\":256,\"height\":256,\"caption\":\"NOTICIAS DE LA 4T\"},\"image\":{\"@id\":\"https:\\\/\\\/redamlo.com\\\/#\\\/schema\\\/logo\\\/image\\\/\"}},{\"@type\":\"Person\",\"@id\":\"https:\\\/\\\/redamlo.com\\\/#\\\/schema\\\/person\\\/7223a4375eb8f1a782fcae010a7115cf\",\"name\":\"Blanca\",\"image\":{\"@type\":\"ImageObject\",\"inLanguage\":\"es\",\"@id\":\"https:\\\/\\\/secure.gravatar.com\\\/avatar\\\/3f79bc8336367a4e6093eae8757acaaf61d1124834b905616de7829b0273426d?s=96&d=mm&r=g\",\"url\":\"https:\\\/\\\/secure.gravatar.com\\\/avatar\\\/3f79bc8336367a4e6093eae8757acaaf61d1124834b905616de7829b0273426d?s=96&d=mm&r=g\",\"contentUrl\":\"https:\\\/\\\/secure.gravatar.com\\\/avatar\\\/3f79bc8336367a4e6093eae8757acaaf61d1124834b905616de7829b0273426d?s=96&d=mm&r=g\",\"caption\":\"Blanca\"},\"url\":\"https:\\\/\\\/redamlo.com\\\/index.php\\\/author\\\/blanca\\\/\"}]}<\/script>\n<!-- \/ Yoast SEO plugin. -->","yoast_head_json":{"title":"Marybel Villegas, rumbo para la gubernatura en 2022 en Quintana Roo - NOTICIAS DE LA 4T","robots":{"index":"noindex","follow":"follow","max-snippet":"max-snippet:-1","max-image-preview":"max-image-preview:large","max-video-preview":"max-video-preview:-1"},"og_locale":"es_MX","og_type":"article","og_title":"Marybel Villegas, rumbo para la gubernatura en 2022 en Quintana Roo - NOTICIAS DE LA 4T","og_description":"El coordinador de los senadores de Morena, Ricardo Monreal y tambi\u00e9n como Presidente de la...","og_url":"https:\/\/redamlo.com\/index.php\/2021\/06\/28\/marybel-villegas-rumbo-para-la-gubernatura-en-2022-en-quintana-roo\/","og_site_name":"NOTICIAS DE LA 4T","article_published_time":"2021-06-28T00:25:09+00:00","og_image":[{"width":1200,"height":800,"url":"https:\/\/redamlo.com\/wp-content\/uploads\/2021\/06\/Marybel-Villegas-mas-firme-que-nunca-para-la-gubernatura-en-2022.jpg","type":"image\/jpeg"}],"author":"Blanca","twitter_card":"summary_large_image","twitter_misc":{"Escrito por":"Blanca","Tiempo de lectura":"2 minutos"},"schema":{"@context":"https:\/\/schema.org","@graph":[{"@type":"Article","@id":"https:\/\/redamlo.com\/index.php\/2021\/06\/28\/marybel-villegas-rumbo-para-la-gubernatura-en-2022-en-quintana-roo\/#article","isPartOf":{"@id":"https:\/\/redamlo.com\/index.php\/2021\/06\/28\/marybel-villegas-rumbo-para-la-gubernatura-en-2022-en-quintana-roo\/"},"author":{"name":"Blanca","@id":"https:\/\/redamlo.com\/#\/schema\/person\/7223a4375eb8f1a782fcae010a7115cf"},"headline":"Marybel Villegas, rumbo para la gubernatura en 2022 en Quintana Roo","datePublished":"2021-06-28T00:25:09+00:00","mainEntityOfPage":{"@id":"https:\/\/redamlo.com\/index.php\/2021\/06\/28\/marybel-villegas-rumbo-para-la-gubernatura-en-2022-en-quintana-roo\/"},"wordCount":385,"commentCount":0,"publisher":{"@id":"https:\/\/redamlo.com\/#organization"},"image":{"@id":"https:\/\/redamlo.com\/index.php\/2021\/06\/28\/marybel-villegas-rumbo-para-la-gubernatura-en-2022-en-quintana-roo\/#primaryimage"},"thumbnailUrl":"https:\/\/redamlo.com\/wp-content\/uploads\/2021\/06\/Marybel-Villegas-mas-firme-que-nunca-para-la-gubernatura-en-2022.jpg","articleSection":["4T","Senado"],"inLanguage":"es","potentialAction":[{"@type":"CommentAction","name":"Comment","target":["https:\/\/redamlo.com\/index.php\/2021\/06\/28\/marybel-villegas-rumbo-para-la-gubernatura-en-2022-en-quintana-roo\/#respond"]}]},{"@type":"WebPage","@id":"https:\/\/redamlo.com\/index.php\/2021\/06\/28\/marybel-villegas-rumbo-para-la-gubernatura-en-2022-en-quintana-roo\/","url":"https:\/\/redamlo.com\/index.php\/2021\/06\/28\/marybel-villegas-rumbo-para-la-gubernatura-en-2022-en-quintana-roo\/","name":"Marybel Villegas, rumbo para la gubernatura en 2022 en Quintana Roo - NOTICIAS DE LA 4T","isPartOf":{"@id":"https:\/\/redamlo.com\/#website"},"primaryImageOfPage":{"@id":"https:\/\/redamlo.com\/index.php\/2021\/06\/28\/marybel-villegas-rumbo-para-la-gubernatura-en-2022-en-quintana-roo\/#primaryimage"},"image":{"@id":"https:\/\/redamlo.com\/index.php\/2021\/06\/28\/marybel-villegas-rumbo-para-la-gubernatura-en-2022-en-quintana-roo\/#primaryimage"},"thumbnailUrl":"https:\/\/redamlo.com\/wp-content\/uploads\/2021\/06\/Marybel-Villegas-mas-firme-que-nunca-para-la-gubernatura-en-2022.jpg","datePublished":"2021-06-28T00:25:09+00:00","breadcrumb":{"@id":"https:\/\/redamlo.com\/index.php\/2021\/06\/28\/marybel-villegas-rumbo-para-la-gubernatura-en-2022-en-quintana-roo\/#breadcrumb"},"inLanguage":"es","potentialAction":[{"@type":"ReadAction","target":["https:\/\/redamlo.com\/index.php\/2021\/06\/28\/marybel-villegas-rumbo-para-la-gubernatura-en-2022-en-quintana-roo\/"]}]},{"@type":"ImageObject","inLanguage":"es","@id":"https:\/\/redamlo.com\/index.php\/2021\/06\/28\/marybel-villegas-rumbo-para-la-gubernatura-en-2022-en-quintana-roo\/#primaryimage","url":"https:\/\/redamlo.com\/wp-content\/uploads\/2021\/06\/Marybel-Villegas-mas-firme-que-nunca-para-la-gubernatura-en-2022.jpg","contentUrl":"https:\/\/redamlo.com\/wp-content\/uploads\/2021\/06\/Marybel-Villegas-mas-firme-que-nunca-para-la-gubernatura-en-2022.jpg","width":1200,"height":800},{"@type":"BreadcrumbList","@id":"https:\/\/redamlo.com\/index.php\/2021\/06\/28\/marybel-villegas-rumbo-para-la-gubernatura-en-2022-en-quintana-roo\/#breadcrumb","itemListElement":[{"@type":"ListItem","position":1,"name":"Inicio","item":"https:\/\/redamlo.com\/"},{"@type":"ListItem","position":2,"name":"Marybel Villegas, rumbo para la gubernatura en 2022 en Quintana Roo"}]},{"@type":"WebSite","@id":"https:\/\/redamlo.com\/#website","url":"https:\/\/redamlo.com\/","name":"NOTICIAS DE LA 4T","description":"","publisher":{"@id":"https:\/\/redamlo.com\/#organization"},"potentialAction":[{"@type":"SearchAction","target":{"@type":"EntryPoint","urlTemplate":"https:\/\/redamlo.com\/?s={search_term_string}"},"query-input":{"@type":"PropertyValueSpecification","valueRequired":true,"valueName":"search_term_string"}}],"inLanguage":"es"},{"@type":"Organization","@id":"https:\/\/redamlo.com\/#organization","name":"NOTICIAS DE LA 4T","url":"https:\/\/redamlo.com\/","logo":{"@type":"ImageObject","inLanguage":"es","@id":"https:\/\/redamlo.com\/#\/schema\/logo\/image\/","url":"https:\/\/redamlo.com\/wp-content\/uploads\/2024\/08\/cropped-RED-AMLO-logo-50.png","contentUrl":"https:\/\/redamlo.com\/wp-content\/uploads\/2024\/08\/cropped-RED-AMLO-logo-50.png","width":256,"height":256,"caption":"NOTICIAS DE LA 4T"},"image":{"@id":"https:\/\/redamlo.com\/#\/schema\/logo\/image\/"}},{"@type":"Person","@id":"https:\/\/redamlo.com\/#\/schema\/person\/7223a4375eb8f1a782fcae010a7115cf","name":"Blanca","image":{"@type":"ImageObject","inLanguage":"es","@id":"https:\/\/secure.gravatar.com\/avatar\/3f79bc8336367a4e6093eae8757acaaf61d1124834b905616de7829b0273426d?s=96&d=mm&r=g","url":"https:\/\/secure.gravatar.com\/avatar\/3f79bc8336367a4e6093eae8757acaaf61d1124834b905616de7829b0273426d?s=96&d=mm&r=g","contentUrl":"https:\/\/secure.gravatar.com\/avatar\/3f79bc8336367a4e6093eae8757acaaf61d1124834b905616de7829b0273426d?s=96&d=mm&r=g","caption":"Blanca"},"url":"https:\/\/redamlo.com\/index.php\/author\/blanca\/"}]}},"_links":{"self":[{"href":"https:\/\/redamlo.com\/index.php\/wp-json\/wp\/v2\/posts\/4609","targetHints":{"allow":["GET"]}}],"collection":[{"href":"https:\/\/redamlo.com\/index.php\/wp-json\/wp\/v2\/posts"}],"about":[{"href":"https:\/\/redamlo.com\/index.php\/wp-json\/wp\/v2\/types\/post"}],"author":[{"embeddable":true,"href":"https:\/\/redamlo.com\/index.php\/wp-json\/wp\/v2\/users\/2"}],"replies":[{"embeddable":true,"href":"https:\/\/redamlo.com\/index.php\/wp-json\/wp\/v2\/comments?post=4609"}],"version-history":[{"count":0,"href":"https:\/\/redamlo.com\/index.php\/wp-json\/wp\/v2\/posts\/4609\/revisions"}],"wp:featuredmedia":[{"embeddable":true,"href":"https:\/\/redamlo.com\/index.php\/wp-json\/wp\/v2\/media\/4611"}],"wp:attachment":[{"href":"https:\/\/redamlo.com\/index.php\/wp-json\/wp\/v2\/media?parent=4609"}],"wp:term":[{"taxonomy":"category","embeddable":true,"href":"https:\/\/redamlo.com\/index.php\/wp-json\/wp\/v2\/categories?post=4609"},{"taxonomy":"post_tag","embeddable":true,"href":"https:\/\/redamlo.com\/index.php\/wp-json\/wp\/v2\/tags?post=4609"}],"curies":[{"name":"wp","href":"https:\/\/api.w.org\/{rel}","templated":true}]}}