{"id":4603,"date":"2021-06-25T22:37:10","date_gmt":"2021-06-26T03:37:10","guid":{"rendered":"https:\/\/redamlo.com\/?p=4603"},"modified":"2021-06-25T22:37:10","modified_gmt":"2021-06-26T03:37:10","slug":"se-estrena-en-amazon-prime-chivas-el-rebano-sagrado","status":"publish","type":"post","link":"https:\/\/redamlo.com\/index.php\/2021\/06\/25\/se-estrena-en-amazon-prime-chivas-el-rebano-sagrado\/","title":{"rendered":"Se estrena en Amazon Prime: &#8220;Chivas, el Reba\u00f1o Sagrado&#8221;"},"content":{"rendered":"<p>La agrupaci\u00f3n legendaria de rap mexicano Kinto Sol continua con el festejo de sus<br \/>\n20 a\u00f1os de trayectoria desde su primer \u00e1lbum de estudio y lo hace anunciando su<br \/>\nparticipaci\u00f3n en la serie documental pr\u00f3xima a estrenarse en Amazon Prime:<br \/>\n&#8220;Chivas, el Reba\u00f1o Sagrado&#8221;, dicha participaci\u00f3n ser\u00e1 con una de las canciones<br \/>\nm\u00e1s memorables dentro de su trayectoria.<br \/>\nDespu\u00e9s del lanzamiento de su m\u00e1s reciente \u00e1lbum titulado OXLAJUJ el a\u00f1o<br \/>\npasado y que presentaron en un concierto virtual para celebrar sus 20 a\u00f1os de<br \/>\ntrayectoria, Kinto Sol celebra en esta ocasi\u00f3n con su participaci\u00f3n en el documental<br \/>\nrojiblanco con la canci\u00f3n \u201cHecho en M\u00e9xico\u201d tema que fue seleccionado para<br \/>\nincluirse dentro de esta serie de 4 cap\u00edtulos de 1 hora que se estrenar\u00e1 el 18 de<br \/>\njunio.<\/p>\n<p>La canci\u00f3n \u201cHecho en M\u00e9xico\u201d form\u00f3 parte de su tercer \u00e1lbum de estudio del<br \/>\nmismo nombre del a\u00f1o 2003, y que gan\u00f3 fama en las calles de M\u00e9xico y Estados<br \/>\nUnidos hace 18 a\u00f1os a la fecha, actualmente cuenta con m\u00e1s de 4 millones de<br \/>\nreproducciones en spotify.<\/p>\n<p>\u201cLa producci\u00f3n de la serie se puso en contacto con nosotros, tal vez porque es un<br \/>\nequipo que tiene puro talento nacional y que la canci\u00f3n es como un himno que<br \/>\ndescribe a un mexicano, su folclor y orgullo\u201d menciona Skribe sobre su<br \/>\nparticipaci\u00f3n en el documental.<\/p>\n<p>Hecho en M\u00e9xico de Kinto Sol volver\u00e1 a brillar este 2021, dentro de los cl\u00e1sicos de<br \/>\nrap mexicano haci\u00e9ndose presente en esta serie documental &#8220;Chivas, el Reba\u00f1o<br \/>\nSagrado&#8221; donde contar\u00e1 con contenido in\u00e9dito y exclusivo del equipo de f\u00fatbol<br \/>\nChivas.<\/p>\n<p>Escucha \u201cHecho en M\u00e9xico\u201d<br \/>\n<iframe loading=\"lazy\" title=\"Kinto Sol - Hecho En Mexico (Music Video)\" width=\"640\" height=\"480\" src=\"https:\/\/www.youtube.com\/embed\/P5a-GR80oSw?feature=oembed\" frameborder=\"0\" allow=\"accelerometer; autoplay; clipboard-write; encrypted-media; gyroscope; picture-in-picture; web-share\" referrerpolicy=\"strict-origin-when-cross-origin\" allowfullscreen><\/iframe><\/p>\n","protected":false},"excerpt":{"rendered":"<p>La agrupaci\u00f3n legendaria de rap mexicano Kinto Sol continua con el festejo de sus 20&#8230;<\/p>\n","protected":false},"author":2,"featured_media":4604,"comment_status":"open","ping_status":"closed","sticky":false,"template":"","format":"standard","meta":{"footnotes":""},"categories":[1],"tags":[1035,1036,1037,1038,1002],"class_list":["post-4603","post","type-post","status-publish","format-standard","has-post-thumbnail","hentry","category-uncategorized","tag-amazon","tag-documental","tag-hip-hop","tag-kinto-sol","tag-rap"],"yoast_head":"<!-- This site is optimized with the Yoast SEO plugin v27.5 - https:\/\/yoast.com\/product\/yoast-seo-wordpress\/ -->\n<title>Se estrena en Amazon Prime: &quot;Chivas, el Reba\u00f1o Sagrado&quot; - NOTICIAS DE LA 4T<\/title>\n<meta name=\"robots\" content=\"noindex, follow, max-snippet:-1, max-image-preview:large, max-video-preview:-1\" \/>\n<meta property=\"og:locale\" content=\"es_MX\" \/>\n<meta property=\"og:type\" content=\"article\" \/>\n<meta property=\"og:title\" content=\"Se estrena en Amazon Prime: &quot;Chivas, el Reba\u00f1o Sagrado&quot; - NOTICIAS DE LA 4T\" \/>\n<meta property=\"og:description\" content=\"La agrupaci\u00f3n legendaria de rap mexicano Kinto Sol continua con el festejo de sus 20...\" \/>\n<meta property=\"og:url\" content=\"https:\/\/redamlo.com\/index.php\/2021\/06\/25\/se-estrena-en-amazon-prime-chivas-el-rebano-sagrado\/\" \/>\n<meta property=\"og:site_name\" content=\"NOTICIAS DE LA 4T\" \/>\n<meta property=\"article:published_time\" content=\"2021-06-26T03:37:10+00:00\" \/>\n<meta property=\"og:image\" content=\"https:\/\/redamlo.com\/wp-content\/uploads\/2021\/06\/IMG_20210625_221428.jpg\" \/>\n\t<meta property=\"og:image:width\" content=\"1080\" \/>\n\t<meta property=\"og:image:height\" content=\"1061\" \/>\n\t<meta property=\"og:image:type\" content=\"image\/jpeg\" \/>\n<meta name=\"author\" content=\"Blanca\" \/>\n<meta name=\"twitter:card\" content=\"summary_large_image\" \/>\n<meta name=\"twitter:label1\" content=\"Escrito por\" \/>\n\t<meta name=\"twitter:data1\" content=\"Blanca\" \/>\n\t<meta name=\"twitter:label2\" content=\"Tiempo de lectura\" \/>\n\t<meta name=\"twitter:data2\" content=\"2 minutos\" \/>\n<script type=\"application\/ld+json\" class=\"yoast-schema-graph\">{\"@context\":\"https:\\\/\\\/schema.org\",\"@graph\":[{\"@type\":\"Article\",\"@id\":\"https:\\\/\\\/redamlo.com\\\/index.php\\\/2021\\\/06\\\/25\\\/se-estrena-en-amazon-prime-chivas-el-rebano-sagrado\\\/#article\",\"isPartOf\":{\"@id\":\"https:\\\/\\\/redamlo.com\\\/index.php\\\/2021\\\/06\\\/25\\\/se-estrena-en-amazon-prime-chivas-el-rebano-sagrado\\\/\"},\"author\":{\"name\":\"Blanca\",\"@id\":\"https:\\\/\\\/redamlo.com\\\/#\\\/schema\\\/person\\\/7223a4375eb8f1a782fcae010a7115cf\"},\"headline\":\"Se estrena en Amazon Prime: &#8220;Chivas, el Reba\u00f1o Sagrado&#8221;\",\"datePublished\":\"2021-06-26T03:37:10+00:00\",\"mainEntityOfPage\":{\"@id\":\"https:\\\/\\\/redamlo.com\\\/index.php\\\/2021\\\/06\\\/25\\\/se-estrena-en-amazon-prime-chivas-el-rebano-sagrado\\\/\"},\"wordCount\":308,\"commentCount\":0,\"publisher\":{\"@id\":\"https:\\\/\\\/redamlo.com\\\/#organization\"},\"image\":{\"@id\":\"https:\\\/\\\/redamlo.com\\\/index.php\\\/2021\\\/06\\\/25\\\/se-estrena-en-amazon-prime-chivas-el-rebano-sagrado\\\/#primaryimage\"},\"thumbnailUrl\":\"https:\\\/\\\/redamlo.com\\\/wp-content\\\/uploads\\\/2021\\\/06\\\/IMG_20210625_221428.jpg\",\"keywords\":[\"Amazon\",\"documental\",\"hip Hop\",\"Kinto Sol\",\"rap\"],\"articleSection\":[\"Uncategorized\"],\"inLanguage\":\"es\",\"potentialAction\":[{\"@type\":\"CommentAction\",\"name\":\"Comment\",\"target\":[\"https:\\\/\\\/redamlo.com\\\/index.php\\\/2021\\\/06\\\/25\\\/se-estrena-en-amazon-prime-chivas-el-rebano-sagrado\\\/#respond\"]}]},{\"@type\":\"WebPage\",\"@id\":\"https:\\\/\\\/redamlo.com\\\/index.php\\\/2021\\\/06\\\/25\\\/se-estrena-en-amazon-prime-chivas-el-rebano-sagrado\\\/\",\"url\":\"https:\\\/\\\/redamlo.com\\\/index.php\\\/2021\\\/06\\\/25\\\/se-estrena-en-amazon-prime-chivas-el-rebano-sagrado\\\/\",\"name\":\"Se estrena en Amazon Prime: \\\"Chivas, el Reba\u00f1o Sagrado\\\" - NOTICIAS DE LA 4T\",\"isPartOf\":{\"@id\":\"https:\\\/\\\/redamlo.com\\\/#website\"},\"primaryImageOfPage\":{\"@id\":\"https:\\\/\\\/redamlo.com\\\/index.php\\\/2021\\\/06\\\/25\\\/se-estrena-en-amazon-prime-chivas-el-rebano-sagrado\\\/#primaryimage\"},\"image\":{\"@id\":\"https:\\\/\\\/redamlo.com\\\/index.php\\\/2021\\\/06\\\/25\\\/se-estrena-en-amazon-prime-chivas-el-rebano-sagrado\\\/#primaryimage\"},\"thumbnailUrl\":\"https:\\\/\\\/redamlo.com\\\/wp-content\\\/uploads\\\/2021\\\/06\\\/IMG_20210625_221428.jpg\",\"datePublished\":\"2021-06-26T03:37:10+00:00\",\"breadcrumb\":{\"@id\":\"https:\\\/\\\/redamlo.com\\\/index.php\\\/2021\\\/06\\\/25\\\/se-estrena-en-amazon-prime-chivas-el-rebano-sagrado\\\/#breadcrumb\"},\"inLanguage\":\"es\",\"potentialAction\":[{\"@type\":\"ReadAction\",\"target\":[\"https:\\\/\\\/redamlo.com\\\/index.php\\\/2021\\\/06\\\/25\\\/se-estrena-en-amazon-prime-chivas-el-rebano-sagrado\\\/\"]}]},{\"@type\":\"ImageObject\",\"inLanguage\":\"es\",\"@id\":\"https:\\\/\\\/redamlo.com\\\/index.php\\\/2021\\\/06\\\/25\\\/se-estrena-en-amazon-prime-chivas-el-rebano-sagrado\\\/#primaryimage\",\"url\":\"https:\\\/\\\/redamlo.com\\\/wp-content\\\/uploads\\\/2021\\\/06\\\/IMG_20210625_221428.jpg\",\"contentUrl\":\"https:\\\/\\\/redamlo.com\\\/wp-content\\\/uploads\\\/2021\\\/06\\\/IMG_20210625_221428.jpg\",\"width\":1080,\"height\":1061},{\"@type\":\"BreadcrumbList\",\"@id\":\"https:\\\/\\\/redamlo.com\\\/index.php\\\/2021\\\/06\\\/25\\\/se-estrena-en-amazon-prime-chivas-el-rebano-sagrado\\\/#breadcrumb\",\"itemListElement\":[{\"@type\":\"ListItem\",\"position\":1,\"name\":\"Inicio\",\"item\":\"https:\\\/\\\/redamlo.com\\\/\"},{\"@type\":\"ListItem\",\"position\":2,\"name\":\"Se estrena en Amazon Prime: &#8220;Chivas, el Reba\u00f1o Sagrado&#8221;\"}]},{\"@type\":\"WebSite\",\"@id\":\"https:\\\/\\\/redamlo.com\\\/#website\",\"url\":\"https:\\\/\\\/redamlo.com\\\/\",\"name\":\"NOTICIAS DE LA 4T\",\"description\":\"\",\"publisher\":{\"@id\":\"https:\\\/\\\/redamlo.com\\\/#organization\"},\"potentialAction\":[{\"@type\":\"SearchAction\",\"target\":{\"@type\":\"EntryPoint\",\"urlTemplate\":\"https:\\\/\\\/redamlo.com\\\/?s={search_term_string}\"},\"query-input\":{\"@type\":\"PropertyValueSpecification\",\"valueRequired\":true,\"valueName\":\"search_term_string\"}}],\"inLanguage\":\"es\"},{\"@type\":\"Organization\",\"@id\":\"https:\\\/\\\/redamlo.com\\\/#organization\",\"name\":\"NOTICIAS DE LA 4T\",\"url\":\"https:\\\/\\\/redamlo.com\\\/\",\"logo\":{\"@type\":\"ImageObject\",\"inLanguage\":\"es\",\"@id\":\"https:\\\/\\\/redamlo.com\\\/#\\\/schema\\\/logo\\\/image\\\/\",\"url\":\"https:\\\/\\\/redamlo.com\\\/wp-content\\\/uploads\\\/2024\\\/08\\\/cropped-RED-AMLO-logo-50.png\",\"contentUrl\":\"https:\\\/\\\/redamlo.com\\\/wp-content\\\/uploads\\\/2024\\\/08\\\/cropped-RED-AMLO-logo-50.png\",\"width\":256,\"height\":256,\"caption\":\"NOTICIAS DE LA 4T\"},\"image\":{\"@id\":\"https:\\\/\\\/redamlo.com\\\/#\\\/schema\\\/logo\\\/image\\\/\"}},{\"@type\":\"Person\",\"@id\":\"https:\\\/\\\/redamlo.com\\\/#\\\/schema\\\/person\\\/7223a4375eb8f1a782fcae010a7115cf\",\"name\":\"Blanca\",\"image\":{\"@type\":\"ImageObject\",\"inLanguage\":\"es\",\"@id\":\"https:\\\/\\\/secure.gravatar.com\\\/avatar\\\/3f79bc8336367a4e6093eae8757acaaf61d1124834b905616de7829b0273426d?s=96&d=mm&r=g\",\"url\":\"https:\\\/\\\/secure.gravatar.com\\\/avatar\\\/3f79bc8336367a4e6093eae8757acaaf61d1124834b905616de7829b0273426d?s=96&d=mm&r=g\",\"contentUrl\":\"https:\\\/\\\/secure.gravatar.com\\\/avatar\\\/3f79bc8336367a4e6093eae8757acaaf61d1124834b905616de7829b0273426d?s=96&d=mm&r=g\",\"caption\":\"Blanca\"},\"url\":\"https:\\\/\\\/redamlo.com\\\/index.php\\\/author\\\/blanca\\\/\"}]}<\/script>\n<!-- \/ Yoast SEO plugin. -->","yoast_head_json":{"title":"Se estrena en Amazon Prime: \"Chivas, el Reba\u00f1o Sagrado\" - NOTICIAS DE LA 4T","robots":{"index":"noindex","follow":"follow","max-snippet":"max-snippet:-1","max-image-preview":"max-image-preview:large","max-video-preview":"max-video-preview:-1"},"og_locale":"es_MX","og_type":"article","og_title":"Se estrena en Amazon Prime: \"Chivas, el Reba\u00f1o Sagrado\" - NOTICIAS DE LA 4T","og_description":"La agrupaci\u00f3n legendaria de rap mexicano Kinto Sol continua con el festejo de sus 20...","og_url":"https:\/\/redamlo.com\/index.php\/2021\/06\/25\/se-estrena-en-amazon-prime-chivas-el-rebano-sagrado\/","og_site_name":"NOTICIAS DE LA 4T","article_published_time":"2021-06-26T03:37:10+00:00","og_image":[{"width":1080,"height":1061,"url":"https:\/\/redamlo.com\/wp-content\/uploads\/2021\/06\/IMG_20210625_221428.jpg","type":"image\/jpeg"}],"author":"Blanca","twitter_card":"summary_large_image","twitter_misc":{"Escrito por":"Blanca","Tiempo de lectura":"2 minutos"},"schema":{"@context":"https:\/\/schema.org","@graph":[{"@type":"Article","@id":"https:\/\/redamlo.com\/index.php\/2021\/06\/25\/se-estrena-en-amazon-prime-chivas-el-rebano-sagrado\/#article","isPartOf":{"@id":"https:\/\/redamlo.com\/index.php\/2021\/06\/25\/se-estrena-en-amazon-prime-chivas-el-rebano-sagrado\/"},"author":{"name":"Blanca","@id":"https:\/\/redamlo.com\/#\/schema\/person\/7223a4375eb8f1a782fcae010a7115cf"},"headline":"Se estrena en Amazon Prime: &#8220;Chivas, el Reba\u00f1o Sagrado&#8221;","datePublished":"2021-06-26T03:37:10+00:00","mainEntityOfPage":{"@id":"https:\/\/redamlo.com\/index.php\/2021\/06\/25\/se-estrena-en-amazon-prime-chivas-el-rebano-sagrado\/"},"wordCount":308,"commentCount":0,"publisher":{"@id":"https:\/\/redamlo.com\/#organization"},"image":{"@id":"https:\/\/redamlo.com\/index.php\/2021\/06\/25\/se-estrena-en-amazon-prime-chivas-el-rebano-sagrado\/#primaryimage"},"thumbnailUrl":"https:\/\/redamlo.com\/wp-content\/uploads\/2021\/06\/IMG_20210625_221428.jpg","keywords":["Amazon","documental","hip Hop","Kinto Sol","rap"],"articleSection":["Uncategorized"],"inLanguage":"es","potentialAction":[{"@type":"CommentAction","name":"Comment","target":["https:\/\/redamlo.com\/index.php\/2021\/06\/25\/se-estrena-en-amazon-prime-chivas-el-rebano-sagrado\/#respond"]}]},{"@type":"WebPage","@id":"https:\/\/redamlo.com\/index.php\/2021\/06\/25\/se-estrena-en-amazon-prime-chivas-el-rebano-sagrado\/","url":"https:\/\/redamlo.com\/index.php\/2021\/06\/25\/se-estrena-en-amazon-prime-chivas-el-rebano-sagrado\/","name":"Se estrena en Amazon Prime: \"Chivas, el Reba\u00f1o Sagrado\" - NOTICIAS DE LA 4T","isPartOf":{"@id":"https:\/\/redamlo.com\/#website"},"primaryImageOfPage":{"@id":"https:\/\/redamlo.com\/index.php\/2021\/06\/25\/se-estrena-en-amazon-prime-chivas-el-rebano-sagrado\/#primaryimage"},"image":{"@id":"https:\/\/redamlo.com\/index.php\/2021\/06\/25\/se-estrena-en-amazon-prime-chivas-el-rebano-sagrado\/#primaryimage"},"thumbnailUrl":"https:\/\/redamlo.com\/wp-content\/uploads\/2021\/06\/IMG_20210625_221428.jpg","datePublished":"2021-06-26T03:37:10+00:00","breadcrumb":{"@id":"https:\/\/redamlo.com\/index.php\/2021\/06\/25\/se-estrena-en-amazon-prime-chivas-el-rebano-sagrado\/#breadcrumb"},"inLanguage":"es","potentialAction":[{"@type":"ReadAction","target":["https:\/\/redamlo.com\/index.php\/2021\/06\/25\/se-estrena-en-amazon-prime-chivas-el-rebano-sagrado\/"]}]},{"@type":"ImageObject","inLanguage":"es","@id":"https:\/\/redamlo.com\/index.php\/2021\/06\/25\/se-estrena-en-amazon-prime-chivas-el-rebano-sagrado\/#primaryimage","url":"https:\/\/redamlo.com\/wp-content\/uploads\/2021\/06\/IMG_20210625_221428.jpg","contentUrl":"https:\/\/redamlo.com\/wp-content\/uploads\/2021\/06\/IMG_20210625_221428.jpg","width":1080,"height":1061},{"@type":"BreadcrumbList","@id":"https:\/\/redamlo.com\/index.php\/2021\/06\/25\/se-estrena-en-amazon-prime-chivas-el-rebano-sagrado\/#breadcrumb","itemListElement":[{"@type":"ListItem","position":1,"name":"Inicio","item":"https:\/\/redamlo.com\/"},{"@type":"ListItem","position":2,"name":"Se estrena en Amazon Prime: &#8220;Chivas, el Reba\u00f1o Sagrado&#8221;"}]},{"@type":"WebSite","@id":"https:\/\/redamlo.com\/#website","url":"https:\/\/redamlo.com\/","name":"NOTICIAS DE LA 4T","description":"","publisher":{"@id":"https:\/\/redamlo.com\/#organization"},"potentialAction":[{"@type":"SearchAction","target":{"@type":"EntryPoint","urlTemplate":"https:\/\/redamlo.com\/?s={search_term_string}"},"query-input":{"@type":"PropertyValueSpecification","valueRequired":true,"valueName":"search_term_string"}}],"inLanguage":"es"},{"@type":"Organization","@id":"https:\/\/redamlo.com\/#organization","name":"NOTICIAS DE LA 4T","url":"https:\/\/redamlo.com\/","logo":{"@type":"ImageObject","inLanguage":"es","@id":"https:\/\/redamlo.com\/#\/schema\/logo\/image\/","url":"https:\/\/redamlo.com\/wp-content\/uploads\/2024\/08\/cropped-RED-AMLO-logo-50.png","contentUrl":"https:\/\/redamlo.com\/wp-content\/uploads\/2024\/08\/cropped-RED-AMLO-logo-50.png","width":256,"height":256,"caption":"NOTICIAS DE LA 4T"},"image":{"@id":"https:\/\/redamlo.com\/#\/schema\/logo\/image\/"}},{"@type":"Person","@id":"https:\/\/redamlo.com\/#\/schema\/person\/7223a4375eb8f1a782fcae010a7115cf","name":"Blanca","image":{"@type":"ImageObject","inLanguage":"es","@id":"https:\/\/secure.gravatar.com\/avatar\/3f79bc8336367a4e6093eae8757acaaf61d1124834b905616de7829b0273426d?s=96&d=mm&r=g","url":"https:\/\/secure.gravatar.com\/avatar\/3f79bc8336367a4e6093eae8757acaaf61d1124834b905616de7829b0273426d?s=96&d=mm&r=g","contentUrl":"https:\/\/secure.gravatar.com\/avatar\/3f79bc8336367a4e6093eae8757acaaf61d1124834b905616de7829b0273426d?s=96&d=mm&r=g","caption":"Blanca"},"url":"https:\/\/redamlo.com\/index.php\/author\/blanca\/"}]}},"_links":{"self":[{"href":"https:\/\/redamlo.com\/index.php\/wp-json\/wp\/v2\/posts\/4603","targetHints":{"allow":["GET"]}}],"collection":[{"href":"https:\/\/redamlo.com\/index.php\/wp-json\/wp\/v2\/posts"}],"about":[{"href":"https:\/\/redamlo.com\/index.php\/wp-json\/wp\/v2\/types\/post"}],"author":[{"embeddable":true,"href":"https:\/\/redamlo.com\/index.php\/wp-json\/wp\/v2\/users\/2"}],"replies":[{"embeddable":true,"href":"https:\/\/redamlo.com\/index.php\/wp-json\/wp\/v2\/comments?post=4603"}],"version-history":[{"count":0,"href":"https:\/\/redamlo.com\/index.php\/wp-json\/wp\/v2\/posts\/4603\/revisions"}],"wp:featuredmedia":[{"embeddable":true,"href":"https:\/\/redamlo.com\/index.php\/wp-json\/wp\/v2\/media\/4604"}],"wp:attachment":[{"href":"https:\/\/redamlo.com\/index.php\/wp-json\/wp\/v2\/media?parent=4603"}],"wp:term":[{"taxonomy":"category","embeddable":true,"href":"https:\/\/redamlo.com\/index.php\/wp-json\/wp\/v2\/categories?post=4603"},{"taxonomy":"post_tag","embeddable":true,"href":"https:\/\/redamlo.com\/index.php\/wp-json\/wp\/v2\/tags?post=4603"}],"curies":[{"name":"wp","href":"https:\/\/api.w.org\/{rel}","templated":true}]}}