{"id":4600,"date":"2021-06-23T02:36:13","date_gmt":"2021-06-23T02:36:13","guid":{"rendered":"https:\/\/redamlo.com\/?p=4600"},"modified":"2021-06-23T02:36:13","modified_gmt":"2021-06-23T02:36:13","slug":"puerto-aventuras-vive-la-cuarta-transformacion-con-gobierno-de-laura-beristain","status":"publish","type":"post","link":"https:\/\/redamlo.com\/index.php\/2021\/06\/23\/puerto-aventuras-vive-la-cuarta-transformacion-con-gobierno-de-laura-beristain\/","title":{"rendered":"Puerto Aventuras  vive la Cuarta Transformaci\u00f3n con Gobierno de Laura Beristain"},"content":{"rendered":"<p>Playa del Carmen, Quintana Roo, a 22 de junio de 2021.-<\/p>\n<p>Con obras a favor de la educaci\u00f3n, la salud y el bienestar social, el gobierno de Solidaridad que encabeza Laura Beristain Navarrete ha puesto en marcha la Cuarta Transformaci\u00f3n en Puerto Aventuras al acercar servicios integrales e infraestructura pionera en el Estado desde el inicio de la actual administraci\u00f3n hasta la fecha.<\/p>\n<p>Muestra de lo anterior es lo realizado durante este a\u00f1o, en el que el gobierno municipal consolid\u00f3 la construcci\u00f3n de un domo en la escuela secundaria \u201cJos\u00e9 Antonio Tzuc Esparza\u201d, la segunda etapa de la subcomandancia de la Polic\u00eda Municipal y la rehabilitaci\u00f3n de la Unidad Deportiva, que consta de una pista de tart\u00e1n completamente renovada y un campo de f\u00fatbol.<\/p>\n<p>Adicional a ello, en marzo pasado se inaugur\u00f3 un nuevo Centro de Salud, mismo que ofrece servicios m\u00e9dicos gratuitos especializados en psicolog\u00eda, nutrici\u00f3n, consultorio dental, medicina preventiva (vacunaci\u00f3n), consultorio general, farmacia, \u00e1rea de urgencias con observaci\u00f3n, cuarto de choque y central de enfermer\u00eda, fortaleciendo de esta manera los temas salud en esta delegaci\u00f3n.<\/p>\n<p>Solamente en el a\u00f1o 2020 se realizaron obras viales que incluyen pozos de absorci\u00f3n, pavimentaci\u00f3n y alumbrado en calles como Carrillo y Calzada del Sol, pasos peatonales en la Calzada Puerto Maya, Eje de la Aurora, la construcci\u00f3n de un domo con cancha de usos m\u00faltiples en calle Caracolillo, as\u00ed como la consolidaci\u00f3n de dos comedores escolares, la ampliaci\u00f3n de 3 aulas de la escuela de Educaci\u00f3n Media Superior a Distancia (EMSAD) y la conclusi\u00f3n del tianguis San Valent\u00edn, con el que se beneficia a m\u00e1s de 5 mil personas.<\/p>\n<p>A esto se suman dos obras a favor del bienestar social: el Centro de Atenci\u00f3n al Migrante, en el que se da atenci\u00f3n integral a nacionales y extranjeros en condiciones vulnerables a trav\u00e9s de su albergue temporal; y la Comunidad Terap\u00e9utica \u201cVive\u201d, \u00fanica en su tipo en Quintana Roo, que atiende a personas que sufren de adicciones.<\/p>\n<p>Realizadas con una inversi\u00f3n hist\u00f3rica, estas acciones dan cumplimiento al objetivo del gobierno de la presidenta Laura Beristain de consolidar la Cuarta Transformaci\u00f3n en esta delegaci\u00f3n, atendiendo el rezago social que por d\u00e9cadas ten\u00edan sus habitantes.<\/p>\n","protected":false},"excerpt":{"rendered":"<p>Playa del Carmen, Quintana Roo, a 22 de junio de 2021.- Con obras a favor&#8230;<\/p>\n","protected":false},"author":2,"featured_media":4602,"comment_status":"open","ping_status":"closed","sticky":false,"template":"","format":"standard","meta":{"footnotes":""},"categories":[25],"tags":[1012,1013,1014],"class_list":["post-4600","post","type-post","status-publish","format-standard","has-post-thumbnail","hentry","category-4t","tag-aventuras","tag-gobierno-de-laura-beristain","tag-la-cuarta-transformacion"],"yoast_head":"<!-- This site is optimized with the Yoast SEO plugin v27.5 - https:\/\/yoast.com\/product\/yoast-seo-wordpress\/ -->\n<title>Puerto Aventuras vive la Cuarta Transformaci\u00f3n con Gobierno de Laura Beristain - NOTICIAS DE LA 4T<\/title>\n<meta name=\"robots\" content=\"noindex, follow, max-snippet:-1, max-image-preview:large, max-video-preview:-1\" \/>\n<meta property=\"og:locale\" content=\"es_MX\" \/>\n<meta property=\"og:type\" content=\"article\" \/>\n<meta property=\"og:title\" content=\"Puerto Aventuras vive la Cuarta Transformaci\u00f3n con Gobierno de Laura Beristain - NOTICIAS DE LA 4T\" \/>\n<meta property=\"og:description\" content=\"Playa del Carmen, Quintana Roo, a 22 de junio de 2021.- Con obras a favor...\" \/>\n<meta property=\"og:url\" content=\"https:\/\/redamlo.com\/index.php\/2021\/06\/23\/puerto-aventuras-vive-la-cuarta-transformacion-con-gobierno-de-laura-beristain\/\" \/>\n<meta property=\"og:site_name\" content=\"NOTICIAS DE LA 4T\" \/>\n<meta property=\"article:published_time\" content=\"2021-06-23T02:36:13+00:00\" \/>\n<meta property=\"og:image\" content=\"https:\/\/redamlo.com\/wp-content\/uploads\/2021\/06\/Puerto-Aventuras-vive-la-Cuarta-Transformacion-con-Gobierno-de-Laura-Beristain.jpg\" \/>\n\t<meta property=\"og:image:width\" content=\"1280\" \/>\n\t<meta property=\"og:image:height\" content=\"853\" \/>\n\t<meta property=\"og:image:type\" content=\"image\/jpeg\" \/>\n<meta name=\"author\" content=\"Blanca\" \/>\n<meta name=\"twitter:card\" content=\"summary_large_image\" \/>\n<meta name=\"twitter:label1\" content=\"Escrito por\" \/>\n\t<meta name=\"twitter:data1\" content=\"Blanca\" \/>\n\t<meta name=\"twitter:label2\" content=\"Tiempo de lectura\" \/>\n\t<meta name=\"twitter:data2\" content=\"2 minutos\" \/>\n<script type=\"application\/ld+json\" class=\"yoast-schema-graph\">{\"@context\":\"https:\\\/\\\/schema.org\",\"@graph\":[{\"@type\":\"Article\",\"@id\":\"https:\\\/\\\/redamlo.com\\\/index.php\\\/2021\\\/06\\\/23\\\/puerto-aventuras-vive-la-cuarta-transformacion-con-gobierno-de-laura-beristain\\\/#article\",\"isPartOf\":{\"@id\":\"https:\\\/\\\/redamlo.com\\\/index.php\\\/2021\\\/06\\\/23\\\/puerto-aventuras-vive-la-cuarta-transformacion-con-gobierno-de-laura-beristain\\\/\"},\"author\":{\"name\":\"Blanca\",\"@id\":\"https:\\\/\\\/redamlo.com\\\/#\\\/schema\\\/person\\\/7223a4375eb8f1a782fcae010a7115cf\"},\"headline\":\"Puerto Aventuras vive la Cuarta Transformaci\u00f3n con Gobierno de Laura Beristain\",\"datePublished\":\"2021-06-23T02:36:13+00:00\",\"mainEntityOfPage\":{\"@id\":\"https:\\\/\\\/redamlo.com\\\/index.php\\\/2021\\\/06\\\/23\\\/puerto-aventuras-vive-la-cuarta-transformacion-con-gobierno-de-laura-beristain\\\/\"},\"wordCount\":405,\"commentCount\":0,\"publisher\":{\"@id\":\"https:\\\/\\\/redamlo.com\\\/#organization\"},\"image\":{\"@id\":\"https:\\\/\\\/redamlo.com\\\/index.php\\\/2021\\\/06\\\/23\\\/puerto-aventuras-vive-la-cuarta-transformacion-con-gobierno-de-laura-beristain\\\/#primaryimage\"},\"thumbnailUrl\":\"https:\\\/\\\/redamlo.com\\\/wp-content\\\/uploads\\\/2021\\\/06\\\/Puerto-Aventuras-vive-la-Cuarta-Transformacion-con-Gobierno-de-Laura-Beristain.jpg\",\"keywords\":[\"Aventuras\",\"Gobierno de Laura Beristain\",\"La Cuarta Transformaci\u00f3n\"],\"articleSection\":[\"4T\"],\"inLanguage\":\"es\",\"potentialAction\":[{\"@type\":\"CommentAction\",\"name\":\"Comment\",\"target\":[\"https:\\\/\\\/redamlo.com\\\/index.php\\\/2021\\\/06\\\/23\\\/puerto-aventuras-vive-la-cuarta-transformacion-con-gobierno-de-laura-beristain\\\/#respond\"]}]},{\"@type\":\"WebPage\",\"@id\":\"https:\\\/\\\/redamlo.com\\\/index.php\\\/2021\\\/06\\\/23\\\/puerto-aventuras-vive-la-cuarta-transformacion-con-gobierno-de-laura-beristain\\\/\",\"url\":\"https:\\\/\\\/redamlo.com\\\/index.php\\\/2021\\\/06\\\/23\\\/puerto-aventuras-vive-la-cuarta-transformacion-con-gobierno-de-laura-beristain\\\/\",\"name\":\"Puerto Aventuras vive la Cuarta Transformaci\u00f3n con Gobierno de Laura Beristain - NOTICIAS DE LA 4T\",\"isPartOf\":{\"@id\":\"https:\\\/\\\/redamlo.com\\\/#website\"},\"primaryImageOfPage\":{\"@id\":\"https:\\\/\\\/redamlo.com\\\/index.php\\\/2021\\\/06\\\/23\\\/puerto-aventuras-vive-la-cuarta-transformacion-con-gobierno-de-laura-beristain\\\/#primaryimage\"},\"image\":{\"@id\":\"https:\\\/\\\/redamlo.com\\\/index.php\\\/2021\\\/06\\\/23\\\/puerto-aventuras-vive-la-cuarta-transformacion-con-gobierno-de-laura-beristain\\\/#primaryimage\"},\"thumbnailUrl\":\"https:\\\/\\\/redamlo.com\\\/wp-content\\\/uploads\\\/2021\\\/06\\\/Puerto-Aventuras-vive-la-Cuarta-Transformacion-con-Gobierno-de-Laura-Beristain.jpg\",\"datePublished\":\"2021-06-23T02:36:13+00:00\",\"breadcrumb\":{\"@id\":\"https:\\\/\\\/redamlo.com\\\/index.php\\\/2021\\\/06\\\/23\\\/puerto-aventuras-vive-la-cuarta-transformacion-con-gobierno-de-laura-beristain\\\/#breadcrumb\"},\"inLanguage\":\"es\",\"potentialAction\":[{\"@type\":\"ReadAction\",\"target\":[\"https:\\\/\\\/redamlo.com\\\/index.php\\\/2021\\\/06\\\/23\\\/puerto-aventuras-vive-la-cuarta-transformacion-con-gobierno-de-laura-beristain\\\/\"]}]},{\"@type\":\"ImageObject\",\"inLanguage\":\"es\",\"@id\":\"https:\\\/\\\/redamlo.com\\\/index.php\\\/2021\\\/06\\\/23\\\/puerto-aventuras-vive-la-cuarta-transformacion-con-gobierno-de-laura-beristain\\\/#primaryimage\",\"url\":\"https:\\\/\\\/redamlo.com\\\/wp-content\\\/uploads\\\/2021\\\/06\\\/Puerto-Aventuras-vive-la-Cuarta-Transformacion-con-Gobierno-de-Laura-Beristain.jpg\",\"contentUrl\":\"https:\\\/\\\/redamlo.com\\\/wp-content\\\/uploads\\\/2021\\\/06\\\/Puerto-Aventuras-vive-la-Cuarta-Transformacion-con-Gobierno-de-Laura-Beristain.jpg\",\"width\":1280,\"height\":853},{\"@type\":\"BreadcrumbList\",\"@id\":\"https:\\\/\\\/redamlo.com\\\/index.php\\\/2021\\\/06\\\/23\\\/puerto-aventuras-vive-la-cuarta-transformacion-con-gobierno-de-laura-beristain\\\/#breadcrumb\",\"itemListElement\":[{\"@type\":\"ListItem\",\"position\":1,\"name\":\"Inicio\",\"item\":\"https:\\\/\\\/redamlo.com\\\/\"},{\"@type\":\"ListItem\",\"position\":2,\"name\":\"Puerto Aventuras vive la Cuarta Transformaci\u00f3n con Gobierno de Laura Beristain\"}]},{\"@type\":\"WebSite\",\"@id\":\"https:\\\/\\\/redamlo.com\\\/#website\",\"url\":\"https:\\\/\\\/redamlo.com\\\/\",\"name\":\"NOTICIAS DE LA 4T\",\"description\":\"\",\"publisher\":{\"@id\":\"https:\\\/\\\/redamlo.com\\\/#organization\"},\"potentialAction\":[{\"@type\":\"SearchAction\",\"target\":{\"@type\":\"EntryPoint\",\"urlTemplate\":\"https:\\\/\\\/redamlo.com\\\/?s={search_term_string}\"},\"query-input\":{\"@type\":\"PropertyValueSpecification\",\"valueRequired\":true,\"valueName\":\"search_term_string\"}}],\"inLanguage\":\"es\"},{\"@type\":\"Organization\",\"@id\":\"https:\\\/\\\/redamlo.com\\\/#organization\",\"name\":\"NOTICIAS DE LA 4T\",\"url\":\"https:\\\/\\\/redamlo.com\\\/\",\"logo\":{\"@type\":\"ImageObject\",\"inLanguage\":\"es\",\"@id\":\"https:\\\/\\\/redamlo.com\\\/#\\\/schema\\\/logo\\\/image\\\/\",\"url\":\"https:\\\/\\\/redamlo.com\\\/wp-content\\\/uploads\\\/2024\\\/08\\\/cropped-RED-AMLO-logo-50.png\",\"contentUrl\":\"https:\\\/\\\/redamlo.com\\\/wp-content\\\/uploads\\\/2024\\\/08\\\/cropped-RED-AMLO-logo-50.png\",\"width\":256,\"height\":256,\"caption\":\"NOTICIAS DE LA 4T\"},\"image\":{\"@id\":\"https:\\\/\\\/redamlo.com\\\/#\\\/schema\\\/logo\\\/image\\\/\"}},{\"@type\":\"Person\",\"@id\":\"https:\\\/\\\/redamlo.com\\\/#\\\/schema\\\/person\\\/7223a4375eb8f1a782fcae010a7115cf\",\"name\":\"Blanca\",\"image\":{\"@type\":\"ImageObject\",\"inLanguage\":\"es\",\"@id\":\"https:\\\/\\\/secure.gravatar.com\\\/avatar\\\/3f79bc8336367a4e6093eae8757acaaf61d1124834b905616de7829b0273426d?s=96&d=mm&r=g\",\"url\":\"https:\\\/\\\/secure.gravatar.com\\\/avatar\\\/3f79bc8336367a4e6093eae8757acaaf61d1124834b905616de7829b0273426d?s=96&d=mm&r=g\",\"contentUrl\":\"https:\\\/\\\/secure.gravatar.com\\\/avatar\\\/3f79bc8336367a4e6093eae8757acaaf61d1124834b905616de7829b0273426d?s=96&d=mm&r=g\",\"caption\":\"Blanca\"},\"url\":\"https:\\\/\\\/redamlo.com\\\/index.php\\\/author\\\/blanca\\\/\"}]}<\/script>\n<!-- \/ Yoast SEO plugin. -->","yoast_head_json":{"title":"Puerto Aventuras vive la Cuarta Transformaci\u00f3n con Gobierno de Laura Beristain - NOTICIAS DE LA 4T","robots":{"index":"noindex","follow":"follow","max-snippet":"max-snippet:-1","max-image-preview":"max-image-preview:large","max-video-preview":"max-video-preview:-1"},"og_locale":"es_MX","og_type":"article","og_title":"Puerto Aventuras vive la Cuarta Transformaci\u00f3n con Gobierno de Laura Beristain - NOTICIAS DE LA 4T","og_description":"Playa del Carmen, Quintana Roo, a 22 de junio de 2021.- Con obras a favor...","og_url":"https:\/\/redamlo.com\/index.php\/2021\/06\/23\/puerto-aventuras-vive-la-cuarta-transformacion-con-gobierno-de-laura-beristain\/","og_site_name":"NOTICIAS DE LA 4T","article_published_time":"2021-06-23T02:36:13+00:00","og_image":[{"width":1280,"height":853,"url":"https:\/\/redamlo.com\/wp-content\/uploads\/2021\/06\/Puerto-Aventuras-vive-la-Cuarta-Transformacion-con-Gobierno-de-Laura-Beristain.jpg","type":"image\/jpeg"}],"author":"Blanca","twitter_card":"summary_large_image","twitter_misc":{"Escrito por":"Blanca","Tiempo de lectura":"2 minutos"},"schema":{"@context":"https:\/\/schema.org","@graph":[{"@type":"Article","@id":"https:\/\/redamlo.com\/index.php\/2021\/06\/23\/puerto-aventuras-vive-la-cuarta-transformacion-con-gobierno-de-laura-beristain\/#article","isPartOf":{"@id":"https:\/\/redamlo.com\/index.php\/2021\/06\/23\/puerto-aventuras-vive-la-cuarta-transformacion-con-gobierno-de-laura-beristain\/"},"author":{"name":"Blanca","@id":"https:\/\/redamlo.com\/#\/schema\/person\/7223a4375eb8f1a782fcae010a7115cf"},"headline":"Puerto Aventuras vive la Cuarta Transformaci\u00f3n con Gobierno de Laura Beristain","datePublished":"2021-06-23T02:36:13+00:00","mainEntityOfPage":{"@id":"https:\/\/redamlo.com\/index.php\/2021\/06\/23\/puerto-aventuras-vive-la-cuarta-transformacion-con-gobierno-de-laura-beristain\/"},"wordCount":405,"commentCount":0,"publisher":{"@id":"https:\/\/redamlo.com\/#organization"},"image":{"@id":"https:\/\/redamlo.com\/index.php\/2021\/06\/23\/puerto-aventuras-vive-la-cuarta-transformacion-con-gobierno-de-laura-beristain\/#primaryimage"},"thumbnailUrl":"https:\/\/redamlo.com\/wp-content\/uploads\/2021\/06\/Puerto-Aventuras-vive-la-Cuarta-Transformacion-con-Gobierno-de-Laura-Beristain.jpg","keywords":["Aventuras","Gobierno de Laura Beristain","La Cuarta Transformaci\u00f3n"],"articleSection":["4T"],"inLanguage":"es","potentialAction":[{"@type":"CommentAction","name":"Comment","target":["https:\/\/redamlo.com\/index.php\/2021\/06\/23\/puerto-aventuras-vive-la-cuarta-transformacion-con-gobierno-de-laura-beristain\/#respond"]}]},{"@type":"WebPage","@id":"https:\/\/redamlo.com\/index.php\/2021\/06\/23\/puerto-aventuras-vive-la-cuarta-transformacion-con-gobierno-de-laura-beristain\/","url":"https:\/\/redamlo.com\/index.php\/2021\/06\/23\/puerto-aventuras-vive-la-cuarta-transformacion-con-gobierno-de-laura-beristain\/","name":"Puerto Aventuras vive la Cuarta Transformaci\u00f3n con Gobierno de Laura Beristain - NOTICIAS DE LA 4T","isPartOf":{"@id":"https:\/\/redamlo.com\/#website"},"primaryImageOfPage":{"@id":"https:\/\/redamlo.com\/index.php\/2021\/06\/23\/puerto-aventuras-vive-la-cuarta-transformacion-con-gobierno-de-laura-beristain\/#primaryimage"},"image":{"@id":"https:\/\/redamlo.com\/index.php\/2021\/06\/23\/puerto-aventuras-vive-la-cuarta-transformacion-con-gobierno-de-laura-beristain\/#primaryimage"},"thumbnailUrl":"https:\/\/redamlo.com\/wp-content\/uploads\/2021\/06\/Puerto-Aventuras-vive-la-Cuarta-Transformacion-con-Gobierno-de-Laura-Beristain.jpg","datePublished":"2021-06-23T02:36:13+00:00","breadcrumb":{"@id":"https:\/\/redamlo.com\/index.php\/2021\/06\/23\/puerto-aventuras-vive-la-cuarta-transformacion-con-gobierno-de-laura-beristain\/#breadcrumb"},"inLanguage":"es","potentialAction":[{"@type":"ReadAction","target":["https:\/\/redamlo.com\/index.php\/2021\/06\/23\/puerto-aventuras-vive-la-cuarta-transformacion-con-gobierno-de-laura-beristain\/"]}]},{"@type":"ImageObject","inLanguage":"es","@id":"https:\/\/redamlo.com\/index.php\/2021\/06\/23\/puerto-aventuras-vive-la-cuarta-transformacion-con-gobierno-de-laura-beristain\/#primaryimage","url":"https:\/\/redamlo.com\/wp-content\/uploads\/2021\/06\/Puerto-Aventuras-vive-la-Cuarta-Transformacion-con-Gobierno-de-Laura-Beristain.jpg","contentUrl":"https:\/\/redamlo.com\/wp-content\/uploads\/2021\/06\/Puerto-Aventuras-vive-la-Cuarta-Transformacion-con-Gobierno-de-Laura-Beristain.jpg","width":1280,"height":853},{"@type":"BreadcrumbList","@id":"https:\/\/redamlo.com\/index.php\/2021\/06\/23\/puerto-aventuras-vive-la-cuarta-transformacion-con-gobierno-de-laura-beristain\/#breadcrumb","itemListElement":[{"@type":"ListItem","position":1,"name":"Inicio","item":"https:\/\/redamlo.com\/"},{"@type":"ListItem","position":2,"name":"Puerto Aventuras vive la Cuarta Transformaci\u00f3n con Gobierno de Laura Beristain"}]},{"@type":"WebSite","@id":"https:\/\/redamlo.com\/#website","url":"https:\/\/redamlo.com\/","name":"NOTICIAS DE LA 4T","description":"","publisher":{"@id":"https:\/\/redamlo.com\/#organization"},"potentialAction":[{"@type":"SearchAction","target":{"@type":"EntryPoint","urlTemplate":"https:\/\/redamlo.com\/?s={search_term_string}"},"query-input":{"@type":"PropertyValueSpecification","valueRequired":true,"valueName":"search_term_string"}}],"inLanguage":"es"},{"@type":"Organization","@id":"https:\/\/redamlo.com\/#organization","name":"NOTICIAS DE LA 4T","url":"https:\/\/redamlo.com\/","logo":{"@type":"ImageObject","inLanguage":"es","@id":"https:\/\/redamlo.com\/#\/schema\/logo\/image\/","url":"https:\/\/redamlo.com\/wp-content\/uploads\/2024\/08\/cropped-RED-AMLO-logo-50.png","contentUrl":"https:\/\/redamlo.com\/wp-content\/uploads\/2024\/08\/cropped-RED-AMLO-logo-50.png","width":256,"height":256,"caption":"NOTICIAS DE LA 4T"},"image":{"@id":"https:\/\/redamlo.com\/#\/schema\/logo\/image\/"}},{"@type":"Person","@id":"https:\/\/redamlo.com\/#\/schema\/person\/7223a4375eb8f1a782fcae010a7115cf","name":"Blanca","image":{"@type":"ImageObject","inLanguage":"es","@id":"https:\/\/secure.gravatar.com\/avatar\/3f79bc8336367a4e6093eae8757acaaf61d1124834b905616de7829b0273426d?s=96&d=mm&r=g","url":"https:\/\/secure.gravatar.com\/avatar\/3f79bc8336367a4e6093eae8757acaaf61d1124834b905616de7829b0273426d?s=96&d=mm&r=g","contentUrl":"https:\/\/secure.gravatar.com\/avatar\/3f79bc8336367a4e6093eae8757acaaf61d1124834b905616de7829b0273426d?s=96&d=mm&r=g","caption":"Blanca"},"url":"https:\/\/redamlo.com\/index.php\/author\/blanca\/"}]}},"_links":{"self":[{"href":"https:\/\/redamlo.com\/index.php\/wp-json\/wp\/v2\/posts\/4600","targetHints":{"allow":["GET"]}}],"collection":[{"href":"https:\/\/redamlo.com\/index.php\/wp-json\/wp\/v2\/posts"}],"about":[{"href":"https:\/\/redamlo.com\/index.php\/wp-json\/wp\/v2\/types\/post"}],"author":[{"embeddable":true,"href":"https:\/\/redamlo.com\/index.php\/wp-json\/wp\/v2\/users\/2"}],"replies":[{"embeddable":true,"href":"https:\/\/redamlo.com\/index.php\/wp-json\/wp\/v2\/comments?post=4600"}],"version-history":[{"count":0,"href":"https:\/\/redamlo.com\/index.php\/wp-json\/wp\/v2\/posts\/4600\/revisions"}],"wp:featuredmedia":[{"embeddable":true,"href":"https:\/\/redamlo.com\/index.php\/wp-json\/wp\/v2\/media\/4602"}],"wp:attachment":[{"href":"https:\/\/redamlo.com\/index.php\/wp-json\/wp\/v2\/media?parent=4600"}],"wp:term":[{"taxonomy":"category","embeddable":true,"href":"https:\/\/redamlo.com\/index.php\/wp-json\/wp\/v2\/categories?post=4600"},{"taxonomy":"post_tag","embeddable":true,"href":"https:\/\/redamlo.com\/index.php\/wp-json\/wp\/v2\/tags?post=4600"}],"curies":[{"name":"wp","href":"https:\/\/api.w.org\/{rel}","templated":true}]}}