{"id":4596,"date":"2021-06-22T17:30:29","date_gmt":"2021-06-22T17:30:29","guid":{"rendered":"https:\/\/redamlo.com\/?p=4596"},"modified":"2021-06-22T17:30:29","modified_gmt":"2021-06-22T17:30:29","slug":"amlo-llama-a-participar-en-consulta-sobre-juicio-a-expresidentes","status":"publish","type":"post","link":"https:\/\/redamlo.com\/index.php\/2021\/06\/22\/amlo-llama-a-participar-en-consulta-sobre-juicio-a-expresidentes\/","title":{"rendered":"AMLO llama a participar en consulta sobre juicio a expresidentes"},"content":{"rendered":"<p class=\"p5\"><span class=\"s1\">El presidente <strong>Andr\u00e9s Manuel L\u00f3pez Obrador<\/strong> se\u00f1al\u00f3 que \u201cya es deporte nacional echarle la culpa a la austeridad\u201d, luego de que el <strong>Instituto Nacional Electoral (INE)<\/strong> apuntara que no podr\u00e1 garantizar la instalaci\u00f3n de casillas para llevar a cabo la consulta popular sobre el juicio a actores pol\u00edticos debido a esta pol\u00edtica.<\/span><\/p>\n<p class=\"p5\"><span class=\"s1\">Se\u00f1al\u00f3 que durante su administraci\u00f3n se han terminado los lujos y gastos extravagantes, y se piensa que es un gobierno que no invierte, sin embargo, sostuvo que todos los recursos se han destinado en beneficio de la gente pobre, \u201clos que m\u00e1s lo necesitan\u201d.<\/span><\/p>\n<p class=\"p5\"><strong><span class=\"s1\">\u201cYa es deporte nacional echarle la culpa a la austeridad, que bien que ya es un tema en la discusi\u00f3n, el debate, a\u00fan utilizado para justificar de manera indebida ciertas actitudes, pero s\u00ed necesitamos que haya austeridad, porque era mucho el derroche que exist\u00eda\u201d, cit\u00f3 el medio nacional Milenio, ante lo dicho por AMLO.<\/span><\/strong><\/p>\n<p class=\"p5\"><span class=\"s1\">Por otra parte, L\u00f3pez Obrador apunt\u00f3 que en gobiernos anteriores se prioriz\u00f3 la privatizaci\u00f3n de los bienes nacionales y el saqueo o los sobornos, \u201cel presupuesto no se destinaba al pueblo, ni siquiera una parte\u201d. Ahora, sostuvo que sus adversarios buscan cualquier excusa para desprestigiarlo, ya que no se permite la corrupci\u00f3n.<\/span><\/p>\n<p class=\"p5\"><span class=\"s1\">Tambi\u00e9n propuso que el INE utilice sus recursos, los cuales ascienden a m\u00e1s de 20 mil millones de pesos, puesto que se trata del \u201corganismo m\u00e1s costoso del mundo\u201d, aunque reconoci\u00f3 que la mitad del dinero se le da a los partidos pol\u00edticos, situaci\u00f3n que dijo, se debe de corregir.<\/span><\/p>\n<p class=\"p5\"><span class=\"s1\">\u201c\u00bfC\u00f3mo no van a ahorrar si los consejeros ganan m\u00e1s que el Presidente? No hay dinero para lo fundamental, pero si gastan much\u00edsimo en vi\u00e1ticos, buenos restaurantes, vinos, entonces \u00bfno alcanza para que se tenga la posibilidad de tener casillas, mesas electorales y recoger la opini\u00f3n de la gente?\u201d, cuestion\u00f3.<\/span><\/p>\n<p>El Presidente aprovech\u00f3 la oportunidad para invitar a la poblaci\u00f3n a participar en la consulta, la cual se llevar\u00e1 a cabo el 1 de agosto, y responder a la pregunta \u201c\u00bfquieres que se investigue y, de conformidad con la ley, se juzgue a los ex presidentes?\u201d. Adem\u00e1s, apunt\u00f3 que continuar\u00e1 dando m\u00e1s detalles e informando sobre la consulta, contrario a lo que buscan sus opositores.<\/p>\n","protected":false},"excerpt":{"rendered":"<p>El presidente Andr\u00e9s Manuel L\u00f3pez Obrador se\u00f1al\u00f3 que \u201cya es deporte nacional echarle la culpa&#8230;<\/p>\n","protected":false},"author":2,"featured_media":4598,"comment_status":"open","ping_status":"closed","sticky":false,"template":"","format":"standard","meta":{"footnotes":""},"categories":[215,27],"tags":[131,1010,1011],"class_list":["post-4596","post","type-post","status-publish","format-standard","has-post-thumbnail","hentry","category-opinion","category-presidencia","tag-andres-manuel-lopez-obrador","tag-instituto-nacional-electoral","tag-juicio-a-expresidentes"],"yoast_head":"<!-- This site is optimized with the Yoast SEO plugin v27.5 - https:\/\/yoast.com\/product\/yoast-seo-wordpress\/ -->\n<title>AMLO llama a participar en consulta sobre juicio a expresidentes - NOTICIAS DE LA 4T<\/title>\n<meta name=\"robots\" content=\"noindex, follow, max-snippet:-1, max-image-preview:large, max-video-preview:-1\" \/>\n<meta property=\"og:locale\" content=\"es_MX\" \/>\n<meta property=\"og:type\" content=\"article\" \/>\n<meta property=\"og:title\" content=\"AMLO llama a participar en consulta sobre juicio a expresidentes - NOTICIAS DE LA 4T\" \/>\n<meta property=\"og:description\" content=\"El presidente Andr\u00e9s Manuel L\u00f3pez Obrador se\u00f1al\u00f3 que \u201cya es deporte nacional echarle la culpa...\" \/>\n<meta property=\"og:url\" content=\"https:\/\/redamlo.com\/index.php\/2021\/06\/22\/amlo-llama-a-participar-en-consulta-sobre-juicio-a-expresidentes\/\" \/>\n<meta property=\"og:site_name\" content=\"NOTICIAS DE LA 4T\" \/>\n<meta property=\"article:published_time\" content=\"2021-06-22T17:30:29+00:00\" \/>\n<meta property=\"og:image\" content=\"https:\/\/redamlo.com\/wp-content\/uploads\/2021\/06\/JUICIO-A-EXPRESIDENTES-INE-AMLO.jpg\" \/>\n\t<meta property=\"og:image:width\" content=\"1280\" \/>\n\t<meta property=\"og:image:height\" content=\"853\" \/>\n\t<meta property=\"og:image:type\" content=\"image\/jpeg\" \/>\n<meta name=\"author\" content=\"Blanca\" \/>\n<meta name=\"twitter:card\" content=\"summary_large_image\" \/>\n<meta name=\"twitter:label1\" content=\"Escrito por\" \/>\n\t<meta name=\"twitter:data1\" content=\"Blanca\" \/>\n\t<meta name=\"twitter:label2\" content=\"Tiempo de lectura\" \/>\n\t<meta name=\"twitter:data2\" content=\"2 minutos\" \/>\n<script type=\"application\/ld+json\" class=\"yoast-schema-graph\">{\"@context\":\"https:\\\/\\\/schema.org\",\"@graph\":[{\"@type\":\"Article\",\"@id\":\"https:\\\/\\\/redamlo.com\\\/index.php\\\/2021\\\/06\\\/22\\\/amlo-llama-a-participar-en-consulta-sobre-juicio-a-expresidentes\\\/#article\",\"isPartOf\":{\"@id\":\"https:\\\/\\\/redamlo.com\\\/index.php\\\/2021\\\/06\\\/22\\\/amlo-llama-a-participar-en-consulta-sobre-juicio-a-expresidentes\\\/\"},\"author\":{\"name\":\"Blanca\",\"@id\":\"https:\\\/\\\/redamlo.com\\\/#\\\/schema\\\/person\\\/7223a4375eb8f1a782fcae010a7115cf\"},\"headline\":\"AMLO llama a participar en consulta sobre juicio a expresidentes\",\"datePublished\":\"2021-06-22T17:30:29+00:00\",\"mainEntityOfPage\":{\"@id\":\"https:\\\/\\\/redamlo.com\\\/index.php\\\/2021\\\/06\\\/22\\\/amlo-llama-a-participar-en-consulta-sobre-juicio-a-expresidentes\\\/\"},\"wordCount\":403,\"commentCount\":0,\"publisher\":{\"@id\":\"https:\\\/\\\/redamlo.com\\\/#organization\"},\"image\":{\"@id\":\"https:\\\/\\\/redamlo.com\\\/index.php\\\/2021\\\/06\\\/22\\\/amlo-llama-a-participar-en-consulta-sobre-juicio-a-expresidentes\\\/#primaryimage\"},\"thumbnailUrl\":\"https:\\\/\\\/redamlo.com\\\/wp-content\\\/uploads\\\/2021\\\/06\\\/JUICIO-A-EXPRESIDENTES-INE-AMLO.jpg\",\"keywords\":[\"Andr\u00e9s Manuel L\u00f3pez Obrador\",\"Instituto Nacional Electoral\",\"Juicio a expresidentes\"],\"articleSection\":[\"Opini\u00f3n\",\"Presidencia\"],\"inLanguage\":\"es\",\"potentialAction\":[{\"@type\":\"CommentAction\",\"name\":\"Comment\",\"target\":[\"https:\\\/\\\/redamlo.com\\\/index.php\\\/2021\\\/06\\\/22\\\/amlo-llama-a-participar-en-consulta-sobre-juicio-a-expresidentes\\\/#respond\"]}]},{\"@type\":\"WebPage\",\"@id\":\"https:\\\/\\\/redamlo.com\\\/index.php\\\/2021\\\/06\\\/22\\\/amlo-llama-a-participar-en-consulta-sobre-juicio-a-expresidentes\\\/\",\"url\":\"https:\\\/\\\/redamlo.com\\\/index.php\\\/2021\\\/06\\\/22\\\/amlo-llama-a-participar-en-consulta-sobre-juicio-a-expresidentes\\\/\",\"name\":\"AMLO llama a participar en consulta sobre juicio a expresidentes - NOTICIAS DE LA 4T\",\"isPartOf\":{\"@id\":\"https:\\\/\\\/redamlo.com\\\/#website\"},\"primaryImageOfPage\":{\"@id\":\"https:\\\/\\\/redamlo.com\\\/index.php\\\/2021\\\/06\\\/22\\\/amlo-llama-a-participar-en-consulta-sobre-juicio-a-expresidentes\\\/#primaryimage\"},\"image\":{\"@id\":\"https:\\\/\\\/redamlo.com\\\/index.php\\\/2021\\\/06\\\/22\\\/amlo-llama-a-participar-en-consulta-sobre-juicio-a-expresidentes\\\/#primaryimage\"},\"thumbnailUrl\":\"https:\\\/\\\/redamlo.com\\\/wp-content\\\/uploads\\\/2021\\\/06\\\/JUICIO-A-EXPRESIDENTES-INE-AMLO.jpg\",\"datePublished\":\"2021-06-22T17:30:29+00:00\",\"breadcrumb\":{\"@id\":\"https:\\\/\\\/redamlo.com\\\/index.php\\\/2021\\\/06\\\/22\\\/amlo-llama-a-participar-en-consulta-sobre-juicio-a-expresidentes\\\/#breadcrumb\"},\"inLanguage\":\"es\",\"potentialAction\":[{\"@type\":\"ReadAction\",\"target\":[\"https:\\\/\\\/redamlo.com\\\/index.php\\\/2021\\\/06\\\/22\\\/amlo-llama-a-participar-en-consulta-sobre-juicio-a-expresidentes\\\/\"]}]},{\"@type\":\"ImageObject\",\"inLanguage\":\"es\",\"@id\":\"https:\\\/\\\/redamlo.com\\\/index.php\\\/2021\\\/06\\\/22\\\/amlo-llama-a-participar-en-consulta-sobre-juicio-a-expresidentes\\\/#primaryimage\",\"url\":\"https:\\\/\\\/redamlo.com\\\/wp-content\\\/uploads\\\/2021\\\/06\\\/JUICIO-A-EXPRESIDENTES-INE-AMLO.jpg\",\"contentUrl\":\"https:\\\/\\\/redamlo.com\\\/wp-content\\\/uploads\\\/2021\\\/06\\\/JUICIO-A-EXPRESIDENTES-INE-AMLO.jpg\",\"width\":1280,\"height\":853},{\"@type\":\"BreadcrumbList\",\"@id\":\"https:\\\/\\\/redamlo.com\\\/index.php\\\/2021\\\/06\\\/22\\\/amlo-llama-a-participar-en-consulta-sobre-juicio-a-expresidentes\\\/#breadcrumb\",\"itemListElement\":[{\"@type\":\"ListItem\",\"position\":1,\"name\":\"Inicio\",\"item\":\"https:\\\/\\\/redamlo.com\\\/\"},{\"@type\":\"ListItem\",\"position\":2,\"name\":\"AMLO llama a participar en consulta sobre juicio a expresidentes\"}]},{\"@type\":\"WebSite\",\"@id\":\"https:\\\/\\\/redamlo.com\\\/#website\",\"url\":\"https:\\\/\\\/redamlo.com\\\/\",\"name\":\"NOTICIAS DE LA 4T\",\"description\":\"\",\"publisher\":{\"@id\":\"https:\\\/\\\/redamlo.com\\\/#organization\"},\"potentialAction\":[{\"@type\":\"SearchAction\",\"target\":{\"@type\":\"EntryPoint\",\"urlTemplate\":\"https:\\\/\\\/redamlo.com\\\/?s={search_term_string}\"},\"query-input\":{\"@type\":\"PropertyValueSpecification\",\"valueRequired\":true,\"valueName\":\"search_term_string\"}}],\"inLanguage\":\"es\"},{\"@type\":\"Organization\",\"@id\":\"https:\\\/\\\/redamlo.com\\\/#organization\",\"name\":\"NOTICIAS DE LA 4T\",\"url\":\"https:\\\/\\\/redamlo.com\\\/\",\"logo\":{\"@type\":\"ImageObject\",\"inLanguage\":\"es\",\"@id\":\"https:\\\/\\\/redamlo.com\\\/#\\\/schema\\\/logo\\\/image\\\/\",\"url\":\"https:\\\/\\\/redamlo.com\\\/wp-content\\\/uploads\\\/2024\\\/08\\\/cropped-RED-AMLO-logo-50.png\",\"contentUrl\":\"https:\\\/\\\/redamlo.com\\\/wp-content\\\/uploads\\\/2024\\\/08\\\/cropped-RED-AMLO-logo-50.png\",\"width\":256,\"height\":256,\"caption\":\"NOTICIAS DE LA 4T\"},\"image\":{\"@id\":\"https:\\\/\\\/redamlo.com\\\/#\\\/schema\\\/logo\\\/image\\\/\"}},{\"@type\":\"Person\",\"@id\":\"https:\\\/\\\/redamlo.com\\\/#\\\/schema\\\/person\\\/7223a4375eb8f1a782fcae010a7115cf\",\"name\":\"Blanca\",\"image\":{\"@type\":\"ImageObject\",\"inLanguage\":\"es\",\"@id\":\"https:\\\/\\\/secure.gravatar.com\\\/avatar\\\/3f79bc8336367a4e6093eae8757acaaf61d1124834b905616de7829b0273426d?s=96&d=mm&r=g\",\"url\":\"https:\\\/\\\/secure.gravatar.com\\\/avatar\\\/3f79bc8336367a4e6093eae8757acaaf61d1124834b905616de7829b0273426d?s=96&d=mm&r=g\",\"contentUrl\":\"https:\\\/\\\/secure.gravatar.com\\\/avatar\\\/3f79bc8336367a4e6093eae8757acaaf61d1124834b905616de7829b0273426d?s=96&d=mm&r=g\",\"caption\":\"Blanca\"},\"url\":\"https:\\\/\\\/redamlo.com\\\/index.php\\\/author\\\/blanca\\\/\"}]}<\/script>\n<!-- \/ Yoast SEO plugin. -->","yoast_head_json":{"title":"AMLO llama a participar en consulta sobre juicio a expresidentes - NOTICIAS DE LA 4T","robots":{"index":"noindex","follow":"follow","max-snippet":"max-snippet:-1","max-image-preview":"max-image-preview:large","max-video-preview":"max-video-preview:-1"},"og_locale":"es_MX","og_type":"article","og_title":"AMLO llama a participar en consulta sobre juicio a expresidentes - NOTICIAS DE LA 4T","og_description":"El presidente Andr\u00e9s Manuel L\u00f3pez Obrador se\u00f1al\u00f3 que \u201cya es deporte nacional echarle la culpa...","og_url":"https:\/\/redamlo.com\/index.php\/2021\/06\/22\/amlo-llama-a-participar-en-consulta-sobre-juicio-a-expresidentes\/","og_site_name":"NOTICIAS DE LA 4T","article_published_time":"2021-06-22T17:30:29+00:00","og_image":[{"width":1280,"height":853,"url":"https:\/\/redamlo.com\/wp-content\/uploads\/2021\/06\/JUICIO-A-EXPRESIDENTES-INE-AMLO.jpg","type":"image\/jpeg"}],"author":"Blanca","twitter_card":"summary_large_image","twitter_misc":{"Escrito por":"Blanca","Tiempo de lectura":"2 minutos"},"schema":{"@context":"https:\/\/schema.org","@graph":[{"@type":"Article","@id":"https:\/\/redamlo.com\/index.php\/2021\/06\/22\/amlo-llama-a-participar-en-consulta-sobre-juicio-a-expresidentes\/#article","isPartOf":{"@id":"https:\/\/redamlo.com\/index.php\/2021\/06\/22\/amlo-llama-a-participar-en-consulta-sobre-juicio-a-expresidentes\/"},"author":{"name":"Blanca","@id":"https:\/\/redamlo.com\/#\/schema\/person\/7223a4375eb8f1a782fcae010a7115cf"},"headline":"AMLO llama a participar en consulta sobre juicio a expresidentes","datePublished":"2021-06-22T17:30:29+00:00","mainEntityOfPage":{"@id":"https:\/\/redamlo.com\/index.php\/2021\/06\/22\/amlo-llama-a-participar-en-consulta-sobre-juicio-a-expresidentes\/"},"wordCount":403,"commentCount":0,"publisher":{"@id":"https:\/\/redamlo.com\/#organization"},"image":{"@id":"https:\/\/redamlo.com\/index.php\/2021\/06\/22\/amlo-llama-a-participar-en-consulta-sobre-juicio-a-expresidentes\/#primaryimage"},"thumbnailUrl":"https:\/\/redamlo.com\/wp-content\/uploads\/2021\/06\/JUICIO-A-EXPRESIDENTES-INE-AMLO.jpg","keywords":["Andr\u00e9s Manuel L\u00f3pez Obrador","Instituto Nacional Electoral","Juicio a expresidentes"],"articleSection":["Opini\u00f3n","Presidencia"],"inLanguage":"es","potentialAction":[{"@type":"CommentAction","name":"Comment","target":["https:\/\/redamlo.com\/index.php\/2021\/06\/22\/amlo-llama-a-participar-en-consulta-sobre-juicio-a-expresidentes\/#respond"]}]},{"@type":"WebPage","@id":"https:\/\/redamlo.com\/index.php\/2021\/06\/22\/amlo-llama-a-participar-en-consulta-sobre-juicio-a-expresidentes\/","url":"https:\/\/redamlo.com\/index.php\/2021\/06\/22\/amlo-llama-a-participar-en-consulta-sobre-juicio-a-expresidentes\/","name":"AMLO llama a participar en consulta sobre juicio a expresidentes - NOTICIAS DE LA 4T","isPartOf":{"@id":"https:\/\/redamlo.com\/#website"},"primaryImageOfPage":{"@id":"https:\/\/redamlo.com\/index.php\/2021\/06\/22\/amlo-llama-a-participar-en-consulta-sobre-juicio-a-expresidentes\/#primaryimage"},"image":{"@id":"https:\/\/redamlo.com\/index.php\/2021\/06\/22\/amlo-llama-a-participar-en-consulta-sobre-juicio-a-expresidentes\/#primaryimage"},"thumbnailUrl":"https:\/\/redamlo.com\/wp-content\/uploads\/2021\/06\/JUICIO-A-EXPRESIDENTES-INE-AMLO.jpg","datePublished":"2021-06-22T17:30:29+00:00","breadcrumb":{"@id":"https:\/\/redamlo.com\/index.php\/2021\/06\/22\/amlo-llama-a-participar-en-consulta-sobre-juicio-a-expresidentes\/#breadcrumb"},"inLanguage":"es","potentialAction":[{"@type":"ReadAction","target":["https:\/\/redamlo.com\/index.php\/2021\/06\/22\/amlo-llama-a-participar-en-consulta-sobre-juicio-a-expresidentes\/"]}]},{"@type":"ImageObject","inLanguage":"es","@id":"https:\/\/redamlo.com\/index.php\/2021\/06\/22\/amlo-llama-a-participar-en-consulta-sobre-juicio-a-expresidentes\/#primaryimage","url":"https:\/\/redamlo.com\/wp-content\/uploads\/2021\/06\/JUICIO-A-EXPRESIDENTES-INE-AMLO.jpg","contentUrl":"https:\/\/redamlo.com\/wp-content\/uploads\/2021\/06\/JUICIO-A-EXPRESIDENTES-INE-AMLO.jpg","width":1280,"height":853},{"@type":"BreadcrumbList","@id":"https:\/\/redamlo.com\/index.php\/2021\/06\/22\/amlo-llama-a-participar-en-consulta-sobre-juicio-a-expresidentes\/#breadcrumb","itemListElement":[{"@type":"ListItem","position":1,"name":"Inicio","item":"https:\/\/redamlo.com\/"},{"@type":"ListItem","position":2,"name":"AMLO llama a participar en consulta sobre juicio a expresidentes"}]},{"@type":"WebSite","@id":"https:\/\/redamlo.com\/#website","url":"https:\/\/redamlo.com\/","name":"NOTICIAS DE LA 4T","description":"","publisher":{"@id":"https:\/\/redamlo.com\/#organization"},"potentialAction":[{"@type":"SearchAction","target":{"@type":"EntryPoint","urlTemplate":"https:\/\/redamlo.com\/?s={search_term_string}"},"query-input":{"@type":"PropertyValueSpecification","valueRequired":true,"valueName":"search_term_string"}}],"inLanguage":"es"},{"@type":"Organization","@id":"https:\/\/redamlo.com\/#organization","name":"NOTICIAS DE LA 4T","url":"https:\/\/redamlo.com\/","logo":{"@type":"ImageObject","inLanguage":"es","@id":"https:\/\/redamlo.com\/#\/schema\/logo\/image\/","url":"https:\/\/redamlo.com\/wp-content\/uploads\/2024\/08\/cropped-RED-AMLO-logo-50.png","contentUrl":"https:\/\/redamlo.com\/wp-content\/uploads\/2024\/08\/cropped-RED-AMLO-logo-50.png","width":256,"height":256,"caption":"NOTICIAS DE LA 4T"},"image":{"@id":"https:\/\/redamlo.com\/#\/schema\/logo\/image\/"}},{"@type":"Person","@id":"https:\/\/redamlo.com\/#\/schema\/person\/7223a4375eb8f1a782fcae010a7115cf","name":"Blanca","image":{"@type":"ImageObject","inLanguage":"es","@id":"https:\/\/secure.gravatar.com\/avatar\/3f79bc8336367a4e6093eae8757acaaf61d1124834b905616de7829b0273426d?s=96&d=mm&r=g","url":"https:\/\/secure.gravatar.com\/avatar\/3f79bc8336367a4e6093eae8757acaaf61d1124834b905616de7829b0273426d?s=96&d=mm&r=g","contentUrl":"https:\/\/secure.gravatar.com\/avatar\/3f79bc8336367a4e6093eae8757acaaf61d1124834b905616de7829b0273426d?s=96&d=mm&r=g","caption":"Blanca"},"url":"https:\/\/redamlo.com\/index.php\/author\/blanca\/"}]}},"_links":{"self":[{"href":"https:\/\/redamlo.com\/index.php\/wp-json\/wp\/v2\/posts\/4596","targetHints":{"allow":["GET"]}}],"collection":[{"href":"https:\/\/redamlo.com\/index.php\/wp-json\/wp\/v2\/posts"}],"about":[{"href":"https:\/\/redamlo.com\/index.php\/wp-json\/wp\/v2\/types\/post"}],"author":[{"embeddable":true,"href":"https:\/\/redamlo.com\/index.php\/wp-json\/wp\/v2\/users\/2"}],"replies":[{"embeddable":true,"href":"https:\/\/redamlo.com\/index.php\/wp-json\/wp\/v2\/comments?post=4596"}],"version-history":[{"count":0,"href":"https:\/\/redamlo.com\/index.php\/wp-json\/wp\/v2\/posts\/4596\/revisions"}],"wp:featuredmedia":[{"embeddable":true,"href":"https:\/\/redamlo.com\/index.php\/wp-json\/wp\/v2\/media\/4598"}],"wp:attachment":[{"href":"https:\/\/redamlo.com\/index.php\/wp-json\/wp\/v2\/media?parent=4596"}],"wp:term":[{"taxonomy":"category","embeddable":true,"href":"https:\/\/redamlo.com\/index.php\/wp-json\/wp\/v2\/categories?post=4596"},{"taxonomy":"post_tag","embeddable":true,"href":"https:\/\/redamlo.com\/index.php\/wp-json\/wp\/v2\/tags?post=4596"}],"curies":[{"name":"wp","href":"https:\/\/api.w.org\/{rel}","templated":true}]}}