{"id":4575,"date":"2021-06-18T12:40:45","date_gmt":"2021-06-18T12:40:45","guid":{"rendered":"https:\/\/redamlo.com\/?p=4575"},"modified":"2021-06-18T12:40:45","modified_gmt":"2021-06-18T12:40:45","slug":"gobernadores-electos-de-morena-se-reunieron-y-acordaron-impulsar-agenda-de-la-4t","status":"publish","type":"post","link":"https:\/\/redamlo.com\/index.php\/2021\/06\/18\/gobernadores-electos-de-morena-se-reunieron-y-acordaron-impulsar-agenda-de-la-4t\/","title":{"rendered":"Gobernadores electos de Morena se reunieron y acordaron impulsar agenda de la 4T"},"content":{"rendered":"<p class=\"paragraph\">Este mi\u00e9rcoles 15 de junio\u00a0<b>10 de los 11 gobernadores electos de Morena<\/b>\u00a0(Movimiento de Regeneraci\u00f3n Nacional) sostuvieron un encuentro en la Ciudad de M\u00e9xico. El evento estuvo encabezado por\u00a0<b>Mario Delgado<\/b>, dirigente del partido, y tuvo como objetivo la reafirmaci\u00f3n del compromiso de gobernar bajo los principios de la 4T (cuarta transformaci\u00f3n).<\/p>\n<p class=\"paragraph\">De acuerdo con el mandatario electo de Sonora,\u00a0<b>Alfonso Durazo<\/b>, los valores morenistas son: honestidad, transparencia, combate a la corrupci\u00f3n y lealtad al mandato social de dar prioridad a los m\u00e1s necesitados.<\/p>\n<p class=\"paragraph\">\u201cUn gusto participar en el Encuentro con Gobernadoras y Gobernadores Electos de @PartidoMorenaMx, encabezado por @mario_delgado, donde\u00a0<b>reafirmamos nuestro compromiso de gobernar bajo los principios de la 4T&#8230;<\/b><\/p>\n<p class=\"paragraph\">&#8230;\u00a0<b>honestidad, transparencia, combate a la corrupci\u00f3n y lealtad al mandato social de dar prioridad a los m\u00e1s necesitados.<\/b>\u00a0Juntos haremos historia\u201d, indic\u00f3 en redes sociales.<\/p>\n<p class=\"paragraph\">Estuvieron presentes\u00a0<b>Marina del Pilar \u00c1vila Olmeda<\/b>, gobernadora electa de Baja California;\u00a0<b>V\u00edctor Castro Cos\u00edo<\/b>, de Baja California Sur;\u00a0<b>Indira Vizca\u00edno Silva<\/b>, de Colima;\u00a0<b>Evelyn Salgado Pineda<\/b>, de Guerrero;\u00a0<b>Alfredo Ram\u00edrez Bedolla<\/b>, de Michoac\u00e1n;\u00a0<b>Miguel \u00c1ngel Navarro Quintero<\/b>, de Nayarit;\u00a0<b>Rub\u00e9n Rocha Moya<\/b>, de Sinaloa;\u00a0<b>Alfonso Durazo Monta\u00f1o<\/b>, de Sonora;\u00a0<b>Lorena Cuellar Cisneros<\/b>, de Tlaxcala; y\u00a0<b>David Monreal \u00c1vila<\/b>, de Zacatecas.<\/p>\n<p class=\"paragraph\">Delgado Carrillo detall\u00f3 que durante la reuni\u00f3n se acord\u00f3<b>\u00a0impulsar la agenda pol\u00edtica del presidente Andr\u00e9s Manuel L\u00f3pez Obrador<\/b>\u00a0en los pr\u00f3ximos tres a\u00f1os.<\/p>\n<p class=\"paragraph\">\u201cLo que logr\u00f3 nuestro movimiento el 6 de junio fue hist\u00f3rico.\u00a0<b>El pueblo de M\u00e9xico le refrend\u00f3 a nuestro movimiento y al presidente la Rep\u00fablica su confianza.<\/b>\u00a0Le agradecemos el cari\u00f1o y la confianza al pueblo de M\u00e9xico. Gracias a la participaci\u00f3n de millones de mexicanos la Cuarta Transformaci\u00f3n se consolida, logramos 11 de 15 gubernaturas, la mayor\u00eda en la C\u00e1mara de Diputados,<b>\u00a0la mayor\u00eda en 19 Congresos estatales y ganamos 692 municipios,<\/b>\u00a0en comparaci\u00f3n con los 495 que hab\u00edamos ganado en el 218\u2033, indic\u00f3 el pol\u00edtico.<\/p>\n<p class=\"paragraph\">\u201cTambi\u00e9n han planteado la necesidad de\u00a0<b>apoyar e impulsar las propuestas de presidente de la Rep\u00fablica que formar\u00e1n de la agenda legislativa que se instalar\u00e1 en septiembre<\/b>. El reforzamiento de la Guardia Nacional y que este pase a la Secretar\u00eda de la Defensa, la necesidad de impulsar una reforma electoral y fortalecer nuestro sector el\u00e9ctrico\u201d, agreg\u00f3.<\/p>\n<p class=\"paragraph\">Aunado a esto, se\u00f1al\u00f3 que los nuevos mandatarios de Morena se comprometieron a revisar la\u00a0<b>Conferencia Nacional de Gobernadores<\/b>\u00a0(<b>Conago<\/b>), a fin de plantear un nuevo modelo de relaci\u00f3n entre los estados y la administraci\u00f3n federal.<\/p>\n<p class=\"paragraph\">\u201cTambi\u00e9n han planteado<b>\u00a0revisar la Conago<\/b>, plantear un nuevo modelo de relaci\u00f3n entre los gobiernos de los estados, de los cuales seremos mayor\u00eda, y la federaci\u00f3n, y el presidente de la Rep\u00fablica.\u00a0<b>Se acab\u00f3 la Conago como instrumento de politiquer\u00eda<\/b>, como instrumento para\u00a0<b>estar exigiendo recursos al gobierno federal sin revisar sus presupuestos<\/b>, sin revisar el ejercicio del gasto p\u00fablico en los estados y sin tener cooperaci\u00f3n en muchos otros niveles que mejorar\u00edan el bienestar en nuestro pa\u00eds.\u00a0<b>Se va a replantear esta relaci\u00f3n para tener un nuevo modelo de interlocuci\u00f3n y cooperaci\u00f3n con el Ejecutivo<\/b>\u201d, destac\u00f3.<\/p>\n<p class=\"paragraph\">Por su parte, el gobernador electo de Michoac\u00e1n, Alfredo Ram\u00edrez Bedolla, calific\u00f3 como\u00a0<b>\u201cesperanzadora y productiva\u201d\u00a0<\/b>la reuni\u00f3n de este mi\u00e9rcoles. Asimismo, reiter\u00f3 que desde sus estados respaldar\u00e1n los proyectos de la cuarta transformaci\u00f3n.<\/p>\n<blockquote class=\"color_figcaption\">\n<div class=\"text\">\u201cEsperanzadora y muy productiva, as\u00ed fue la reuni\u00f3n con gobernadoras y gobernadores electos de Morena. Los vientos de cambio arrecian en todo M\u00e9xico, y desde nuestros estados estaremos respaldando e impulsando los programas y las pol\u00edticas de la Cuarta Transformaci\u00f3n\u201d<\/div>\n<\/blockquote>\n<div><img loading=\"lazy\" decoding=\"async\" class=\"alignnone wp-image-2213 size-large\" src=\"https:\/\/redamlo.com\/wp-content\/uploads\/2021\/06\/carta-compromiso-de-gobernadores-electos-morena-682x1024-1.jpg\" alt=\"\" width=\"682\" height=\"1024\" \/><\/div>\n","protected":false},"excerpt":{"rendered":"<p>Este mi\u00e9rcoles 15 de junio\u00a010 de los 11 gobernadores electos de Morena\u00a0(Movimiento de Regeneraci\u00f3n Nacional)&#8230;<\/p>\n","protected":false},"author":2,"featured_media":4577,"comment_status":"open","ping_status":"closed","sticky":false,"template":"","format":"standard","meta":{"footnotes":""},"categories":[25],"tags":[190,442,999],"class_list":["post-4575","post","type-post","status-publish","format-standard","has-post-thumbnail","hentry","category-4t","tag-4t","tag-cuarta-transformacion","tag-gobernadores-electos-de-morena"],"yoast_head":"<!-- This site is optimized with the Yoast SEO plugin v27.5 - https:\/\/yoast.com\/product\/yoast-seo-wordpress\/ -->\n<title>Gobernadores electos de Morena se reunieron y acordaron impulsar agenda de la 4T - NOTICIAS DE LA 4T<\/title>\n<meta name=\"robots\" content=\"noindex, follow, max-snippet:-1, max-image-preview:large, max-video-preview:-1\" \/>\n<meta property=\"og:locale\" content=\"es_MX\" \/>\n<meta property=\"og:type\" content=\"article\" \/>\n<meta property=\"og:title\" content=\"Gobernadores electos de Morena se reunieron y acordaron impulsar agenda de la 4T - NOTICIAS DE LA 4T\" \/>\n<meta property=\"og:description\" content=\"Este mi\u00e9rcoles 15 de junio\u00a010 de los 11 gobernadores electos de Morena\u00a0(Movimiento de Regeneraci\u00f3n Nacional)...\" \/>\n<meta property=\"og:url\" content=\"https:\/\/redamlo.com\/index.php\/2021\/06\/18\/gobernadores-electos-de-morena-se-reunieron-y-acordaron-impulsar-agenda-de-la-4t\/\" \/>\n<meta property=\"og:site_name\" content=\"NOTICIAS DE LA 4T\" \/>\n<meta property=\"article:published_time\" content=\"2021-06-18T12:40:45+00:00\" \/>\n<meta property=\"og:image\" content=\"https:\/\/redamlo.com\/wp-content\/uploads\/2021\/06\/encuentro-de-gobernadores-electos-de-morena.jpg\" \/>\n\t<meta property=\"og:image:width\" content=\"1280\" \/>\n\t<meta property=\"og:image:height\" content=\"798\" \/>\n\t<meta property=\"og:image:type\" content=\"image\/jpeg\" \/>\n<meta name=\"author\" content=\"Blanca\" \/>\n<meta name=\"twitter:card\" content=\"summary_large_image\" \/>\n<meta name=\"twitter:label1\" content=\"Escrito por\" \/>\n\t<meta name=\"twitter:data1\" content=\"Blanca\" \/>\n\t<meta name=\"twitter:label2\" content=\"Tiempo de lectura\" \/>\n\t<meta name=\"twitter:data2\" content=\"3 minutos\" \/>\n<script type=\"application\/ld+json\" class=\"yoast-schema-graph\">{\"@context\":\"https:\\\/\\\/schema.org\",\"@graph\":[{\"@type\":\"Article\",\"@id\":\"https:\\\/\\\/redamlo.com\\\/index.php\\\/2021\\\/06\\\/18\\\/gobernadores-electos-de-morena-se-reunieron-y-acordaron-impulsar-agenda-de-la-4t\\\/#article\",\"isPartOf\":{\"@id\":\"https:\\\/\\\/redamlo.com\\\/index.php\\\/2021\\\/06\\\/18\\\/gobernadores-electos-de-morena-se-reunieron-y-acordaron-impulsar-agenda-de-la-4t\\\/\"},\"author\":{\"name\":\"Blanca\",\"@id\":\"https:\\\/\\\/redamlo.com\\\/#\\\/schema\\\/person\\\/7223a4375eb8f1a782fcae010a7115cf\"},\"headline\":\"Gobernadores electos de Morena se reunieron y acordaron impulsar agenda de la 4T\",\"datePublished\":\"2021-06-18T12:40:45+00:00\",\"mainEntityOfPage\":{\"@id\":\"https:\\\/\\\/redamlo.com\\\/index.php\\\/2021\\\/06\\\/18\\\/gobernadores-electos-de-morena-se-reunieron-y-acordaron-impulsar-agenda-de-la-4t\\\/\"},\"wordCount\":643,\"commentCount\":0,\"publisher\":{\"@id\":\"https:\\\/\\\/redamlo.com\\\/#organization\"},\"image\":{\"@id\":\"https:\\\/\\\/redamlo.com\\\/index.php\\\/2021\\\/06\\\/18\\\/gobernadores-electos-de-morena-se-reunieron-y-acordaron-impulsar-agenda-de-la-4t\\\/#primaryimage\"},\"thumbnailUrl\":\"https:\\\/\\\/redamlo.com\\\/wp-content\\\/uploads\\\/2021\\\/06\\\/encuentro-de-gobernadores-electos-de-morena.jpg\",\"keywords\":[\"4T\",\"Cuarta Transformaci\u00f3n\",\"Gobernadores electos de Morena\"],\"articleSection\":[\"4T\"],\"inLanguage\":\"es\",\"potentialAction\":[{\"@type\":\"CommentAction\",\"name\":\"Comment\",\"target\":[\"https:\\\/\\\/redamlo.com\\\/index.php\\\/2021\\\/06\\\/18\\\/gobernadores-electos-de-morena-se-reunieron-y-acordaron-impulsar-agenda-de-la-4t\\\/#respond\"]}]},{\"@type\":\"WebPage\",\"@id\":\"https:\\\/\\\/redamlo.com\\\/index.php\\\/2021\\\/06\\\/18\\\/gobernadores-electos-de-morena-se-reunieron-y-acordaron-impulsar-agenda-de-la-4t\\\/\",\"url\":\"https:\\\/\\\/redamlo.com\\\/index.php\\\/2021\\\/06\\\/18\\\/gobernadores-electos-de-morena-se-reunieron-y-acordaron-impulsar-agenda-de-la-4t\\\/\",\"name\":\"Gobernadores electos de Morena se reunieron y acordaron impulsar agenda de la 4T - NOTICIAS DE LA 4T\",\"isPartOf\":{\"@id\":\"https:\\\/\\\/redamlo.com\\\/#website\"},\"primaryImageOfPage\":{\"@id\":\"https:\\\/\\\/redamlo.com\\\/index.php\\\/2021\\\/06\\\/18\\\/gobernadores-electos-de-morena-se-reunieron-y-acordaron-impulsar-agenda-de-la-4t\\\/#primaryimage\"},\"image\":{\"@id\":\"https:\\\/\\\/redamlo.com\\\/index.php\\\/2021\\\/06\\\/18\\\/gobernadores-electos-de-morena-se-reunieron-y-acordaron-impulsar-agenda-de-la-4t\\\/#primaryimage\"},\"thumbnailUrl\":\"https:\\\/\\\/redamlo.com\\\/wp-content\\\/uploads\\\/2021\\\/06\\\/encuentro-de-gobernadores-electos-de-morena.jpg\",\"datePublished\":\"2021-06-18T12:40:45+00:00\",\"breadcrumb\":{\"@id\":\"https:\\\/\\\/redamlo.com\\\/index.php\\\/2021\\\/06\\\/18\\\/gobernadores-electos-de-morena-se-reunieron-y-acordaron-impulsar-agenda-de-la-4t\\\/#breadcrumb\"},\"inLanguage\":\"es\",\"potentialAction\":[{\"@type\":\"ReadAction\",\"target\":[\"https:\\\/\\\/redamlo.com\\\/index.php\\\/2021\\\/06\\\/18\\\/gobernadores-electos-de-morena-se-reunieron-y-acordaron-impulsar-agenda-de-la-4t\\\/\"]}]},{\"@type\":\"ImageObject\",\"inLanguage\":\"es\",\"@id\":\"https:\\\/\\\/redamlo.com\\\/index.php\\\/2021\\\/06\\\/18\\\/gobernadores-electos-de-morena-se-reunieron-y-acordaron-impulsar-agenda-de-la-4t\\\/#primaryimage\",\"url\":\"https:\\\/\\\/redamlo.com\\\/wp-content\\\/uploads\\\/2021\\\/06\\\/encuentro-de-gobernadores-electos-de-morena.jpg\",\"contentUrl\":\"https:\\\/\\\/redamlo.com\\\/wp-content\\\/uploads\\\/2021\\\/06\\\/encuentro-de-gobernadores-electos-de-morena.jpg\",\"width\":1280,\"height\":798},{\"@type\":\"BreadcrumbList\",\"@id\":\"https:\\\/\\\/redamlo.com\\\/index.php\\\/2021\\\/06\\\/18\\\/gobernadores-electos-de-morena-se-reunieron-y-acordaron-impulsar-agenda-de-la-4t\\\/#breadcrumb\",\"itemListElement\":[{\"@type\":\"ListItem\",\"position\":1,\"name\":\"Inicio\",\"item\":\"https:\\\/\\\/redamlo.com\\\/\"},{\"@type\":\"ListItem\",\"position\":2,\"name\":\"Gobernadores electos de Morena se reunieron y acordaron impulsar agenda de la 4T\"}]},{\"@type\":\"WebSite\",\"@id\":\"https:\\\/\\\/redamlo.com\\\/#website\",\"url\":\"https:\\\/\\\/redamlo.com\\\/\",\"name\":\"NOTICIAS DE LA 4T\",\"description\":\"\",\"publisher\":{\"@id\":\"https:\\\/\\\/redamlo.com\\\/#organization\"},\"potentialAction\":[{\"@type\":\"SearchAction\",\"target\":{\"@type\":\"EntryPoint\",\"urlTemplate\":\"https:\\\/\\\/redamlo.com\\\/?s={search_term_string}\"},\"query-input\":{\"@type\":\"PropertyValueSpecification\",\"valueRequired\":true,\"valueName\":\"search_term_string\"}}],\"inLanguage\":\"es\"},{\"@type\":\"Organization\",\"@id\":\"https:\\\/\\\/redamlo.com\\\/#organization\",\"name\":\"NOTICIAS DE LA 4T\",\"url\":\"https:\\\/\\\/redamlo.com\\\/\",\"logo\":{\"@type\":\"ImageObject\",\"inLanguage\":\"es\",\"@id\":\"https:\\\/\\\/redamlo.com\\\/#\\\/schema\\\/logo\\\/image\\\/\",\"url\":\"https:\\\/\\\/redamlo.com\\\/wp-content\\\/uploads\\\/2024\\\/08\\\/cropped-RED-AMLO-logo-50.png\",\"contentUrl\":\"https:\\\/\\\/redamlo.com\\\/wp-content\\\/uploads\\\/2024\\\/08\\\/cropped-RED-AMLO-logo-50.png\",\"width\":256,\"height\":256,\"caption\":\"NOTICIAS DE LA 4T\"},\"image\":{\"@id\":\"https:\\\/\\\/redamlo.com\\\/#\\\/schema\\\/logo\\\/image\\\/\"}},{\"@type\":\"Person\",\"@id\":\"https:\\\/\\\/redamlo.com\\\/#\\\/schema\\\/person\\\/7223a4375eb8f1a782fcae010a7115cf\",\"name\":\"Blanca\",\"image\":{\"@type\":\"ImageObject\",\"inLanguage\":\"es\",\"@id\":\"https:\\\/\\\/secure.gravatar.com\\\/avatar\\\/3f79bc8336367a4e6093eae8757acaaf61d1124834b905616de7829b0273426d?s=96&d=mm&r=g\",\"url\":\"https:\\\/\\\/secure.gravatar.com\\\/avatar\\\/3f79bc8336367a4e6093eae8757acaaf61d1124834b905616de7829b0273426d?s=96&d=mm&r=g\",\"contentUrl\":\"https:\\\/\\\/secure.gravatar.com\\\/avatar\\\/3f79bc8336367a4e6093eae8757acaaf61d1124834b905616de7829b0273426d?s=96&d=mm&r=g\",\"caption\":\"Blanca\"},\"url\":\"https:\\\/\\\/redamlo.com\\\/index.php\\\/author\\\/blanca\\\/\"}]}<\/script>\n<!-- \/ Yoast SEO plugin. -->","yoast_head_json":{"title":"Gobernadores electos de Morena se reunieron y acordaron impulsar agenda de la 4T - NOTICIAS DE LA 4T","robots":{"index":"noindex","follow":"follow","max-snippet":"max-snippet:-1","max-image-preview":"max-image-preview:large","max-video-preview":"max-video-preview:-1"},"og_locale":"es_MX","og_type":"article","og_title":"Gobernadores electos de Morena se reunieron y acordaron impulsar agenda de la 4T - NOTICIAS DE LA 4T","og_description":"Este mi\u00e9rcoles 15 de junio\u00a010 de los 11 gobernadores electos de Morena\u00a0(Movimiento de Regeneraci\u00f3n Nacional)...","og_url":"https:\/\/redamlo.com\/index.php\/2021\/06\/18\/gobernadores-electos-de-morena-se-reunieron-y-acordaron-impulsar-agenda-de-la-4t\/","og_site_name":"NOTICIAS DE LA 4T","article_published_time":"2021-06-18T12:40:45+00:00","og_image":[{"width":1280,"height":798,"url":"https:\/\/redamlo.com\/wp-content\/uploads\/2021\/06\/encuentro-de-gobernadores-electos-de-morena.jpg","type":"image\/jpeg"}],"author":"Blanca","twitter_card":"summary_large_image","twitter_misc":{"Escrito por":"Blanca","Tiempo de lectura":"3 minutos"},"schema":{"@context":"https:\/\/schema.org","@graph":[{"@type":"Article","@id":"https:\/\/redamlo.com\/index.php\/2021\/06\/18\/gobernadores-electos-de-morena-se-reunieron-y-acordaron-impulsar-agenda-de-la-4t\/#article","isPartOf":{"@id":"https:\/\/redamlo.com\/index.php\/2021\/06\/18\/gobernadores-electos-de-morena-se-reunieron-y-acordaron-impulsar-agenda-de-la-4t\/"},"author":{"name":"Blanca","@id":"https:\/\/redamlo.com\/#\/schema\/person\/7223a4375eb8f1a782fcae010a7115cf"},"headline":"Gobernadores electos de Morena se reunieron y acordaron impulsar agenda de la 4T","datePublished":"2021-06-18T12:40:45+00:00","mainEntityOfPage":{"@id":"https:\/\/redamlo.com\/index.php\/2021\/06\/18\/gobernadores-electos-de-morena-se-reunieron-y-acordaron-impulsar-agenda-de-la-4t\/"},"wordCount":643,"commentCount":0,"publisher":{"@id":"https:\/\/redamlo.com\/#organization"},"image":{"@id":"https:\/\/redamlo.com\/index.php\/2021\/06\/18\/gobernadores-electos-de-morena-se-reunieron-y-acordaron-impulsar-agenda-de-la-4t\/#primaryimage"},"thumbnailUrl":"https:\/\/redamlo.com\/wp-content\/uploads\/2021\/06\/encuentro-de-gobernadores-electos-de-morena.jpg","keywords":["4T","Cuarta Transformaci\u00f3n","Gobernadores electos de Morena"],"articleSection":["4T"],"inLanguage":"es","potentialAction":[{"@type":"CommentAction","name":"Comment","target":["https:\/\/redamlo.com\/index.php\/2021\/06\/18\/gobernadores-electos-de-morena-se-reunieron-y-acordaron-impulsar-agenda-de-la-4t\/#respond"]}]},{"@type":"WebPage","@id":"https:\/\/redamlo.com\/index.php\/2021\/06\/18\/gobernadores-electos-de-morena-se-reunieron-y-acordaron-impulsar-agenda-de-la-4t\/","url":"https:\/\/redamlo.com\/index.php\/2021\/06\/18\/gobernadores-electos-de-morena-se-reunieron-y-acordaron-impulsar-agenda-de-la-4t\/","name":"Gobernadores electos de Morena se reunieron y acordaron impulsar agenda de la 4T - NOTICIAS DE LA 4T","isPartOf":{"@id":"https:\/\/redamlo.com\/#website"},"primaryImageOfPage":{"@id":"https:\/\/redamlo.com\/index.php\/2021\/06\/18\/gobernadores-electos-de-morena-se-reunieron-y-acordaron-impulsar-agenda-de-la-4t\/#primaryimage"},"image":{"@id":"https:\/\/redamlo.com\/index.php\/2021\/06\/18\/gobernadores-electos-de-morena-se-reunieron-y-acordaron-impulsar-agenda-de-la-4t\/#primaryimage"},"thumbnailUrl":"https:\/\/redamlo.com\/wp-content\/uploads\/2021\/06\/encuentro-de-gobernadores-electos-de-morena.jpg","datePublished":"2021-06-18T12:40:45+00:00","breadcrumb":{"@id":"https:\/\/redamlo.com\/index.php\/2021\/06\/18\/gobernadores-electos-de-morena-se-reunieron-y-acordaron-impulsar-agenda-de-la-4t\/#breadcrumb"},"inLanguage":"es","potentialAction":[{"@type":"ReadAction","target":["https:\/\/redamlo.com\/index.php\/2021\/06\/18\/gobernadores-electos-de-morena-se-reunieron-y-acordaron-impulsar-agenda-de-la-4t\/"]}]},{"@type":"ImageObject","inLanguage":"es","@id":"https:\/\/redamlo.com\/index.php\/2021\/06\/18\/gobernadores-electos-de-morena-se-reunieron-y-acordaron-impulsar-agenda-de-la-4t\/#primaryimage","url":"https:\/\/redamlo.com\/wp-content\/uploads\/2021\/06\/encuentro-de-gobernadores-electos-de-morena.jpg","contentUrl":"https:\/\/redamlo.com\/wp-content\/uploads\/2021\/06\/encuentro-de-gobernadores-electos-de-morena.jpg","width":1280,"height":798},{"@type":"BreadcrumbList","@id":"https:\/\/redamlo.com\/index.php\/2021\/06\/18\/gobernadores-electos-de-morena-se-reunieron-y-acordaron-impulsar-agenda-de-la-4t\/#breadcrumb","itemListElement":[{"@type":"ListItem","position":1,"name":"Inicio","item":"https:\/\/redamlo.com\/"},{"@type":"ListItem","position":2,"name":"Gobernadores electos de Morena se reunieron y acordaron impulsar agenda de la 4T"}]},{"@type":"WebSite","@id":"https:\/\/redamlo.com\/#website","url":"https:\/\/redamlo.com\/","name":"NOTICIAS DE LA 4T","description":"","publisher":{"@id":"https:\/\/redamlo.com\/#organization"},"potentialAction":[{"@type":"SearchAction","target":{"@type":"EntryPoint","urlTemplate":"https:\/\/redamlo.com\/?s={search_term_string}"},"query-input":{"@type":"PropertyValueSpecification","valueRequired":true,"valueName":"search_term_string"}}],"inLanguage":"es"},{"@type":"Organization","@id":"https:\/\/redamlo.com\/#organization","name":"NOTICIAS DE LA 4T","url":"https:\/\/redamlo.com\/","logo":{"@type":"ImageObject","inLanguage":"es","@id":"https:\/\/redamlo.com\/#\/schema\/logo\/image\/","url":"https:\/\/redamlo.com\/wp-content\/uploads\/2024\/08\/cropped-RED-AMLO-logo-50.png","contentUrl":"https:\/\/redamlo.com\/wp-content\/uploads\/2024\/08\/cropped-RED-AMLO-logo-50.png","width":256,"height":256,"caption":"NOTICIAS DE LA 4T"},"image":{"@id":"https:\/\/redamlo.com\/#\/schema\/logo\/image\/"}},{"@type":"Person","@id":"https:\/\/redamlo.com\/#\/schema\/person\/7223a4375eb8f1a782fcae010a7115cf","name":"Blanca","image":{"@type":"ImageObject","inLanguage":"es","@id":"https:\/\/secure.gravatar.com\/avatar\/3f79bc8336367a4e6093eae8757acaaf61d1124834b905616de7829b0273426d?s=96&d=mm&r=g","url":"https:\/\/secure.gravatar.com\/avatar\/3f79bc8336367a4e6093eae8757acaaf61d1124834b905616de7829b0273426d?s=96&d=mm&r=g","contentUrl":"https:\/\/secure.gravatar.com\/avatar\/3f79bc8336367a4e6093eae8757acaaf61d1124834b905616de7829b0273426d?s=96&d=mm&r=g","caption":"Blanca"},"url":"https:\/\/redamlo.com\/index.php\/author\/blanca\/"}]}},"_links":{"self":[{"href":"https:\/\/redamlo.com\/index.php\/wp-json\/wp\/v2\/posts\/4575","targetHints":{"allow":["GET"]}}],"collection":[{"href":"https:\/\/redamlo.com\/index.php\/wp-json\/wp\/v2\/posts"}],"about":[{"href":"https:\/\/redamlo.com\/index.php\/wp-json\/wp\/v2\/types\/post"}],"author":[{"embeddable":true,"href":"https:\/\/redamlo.com\/index.php\/wp-json\/wp\/v2\/users\/2"}],"replies":[{"embeddable":true,"href":"https:\/\/redamlo.com\/index.php\/wp-json\/wp\/v2\/comments?post=4575"}],"version-history":[{"count":0,"href":"https:\/\/redamlo.com\/index.php\/wp-json\/wp\/v2\/posts\/4575\/revisions"}],"wp:featuredmedia":[{"embeddable":true,"href":"https:\/\/redamlo.com\/index.php\/wp-json\/wp\/v2\/media\/4577"}],"wp:attachment":[{"href":"https:\/\/redamlo.com\/index.php\/wp-json\/wp\/v2\/media?parent=4575"}],"wp:term":[{"taxonomy":"category","embeddable":true,"href":"https:\/\/redamlo.com\/index.php\/wp-json\/wp\/v2\/categories?post=4575"},{"taxonomy":"post_tag","embeddable":true,"href":"https:\/\/redamlo.com\/index.php\/wp-json\/wp\/v2\/tags?post=4575"}],"curies":[{"name":"wp","href":"https:\/\/api.w.org\/{rel}","templated":true}]}}