{"id":4571,"date":"2021-06-17T20:05:17","date_gmt":"2021-06-17T20:05:17","guid":{"rendered":"https:\/\/redamlo.com\/?p=4571"},"modified":"2021-06-17T20:05:17","modified_gmt":"2021-06-17T20:05:17","slug":"reflectores-apuntan-en-el-senado-a-marybel-villegas-como-nueva-presidenta-de-la-mesa-directiva","status":"publish","type":"post","link":"https:\/\/redamlo.com\/index.php\/2021\/06\/17\/reflectores-apuntan-en-el-senado-a-marybel-villegas-como-nueva-presidenta-de-la-mesa-directiva\/","title":{"rendered":"Reflectores apuntan en el SENADO a Marybel Villegas como nueva Presidenta de la Mesa Directiva"},"content":{"rendered":"<p class=\"postmetadata\"><span class=\"byline\">POR\u00a0<span class=\"author vcard\"><a class=\"url fn n\" title=\"Ver todas las entradas de Liberal Metropolitano y C\u00faspide\" href=\"https:\/\/liberalmetropolitanomx.com\/author\/antoniogrezgrez\/\" rel=\"author\">LIBERAL METROPOLITANO Y C\u00daSPIDE<\/a><\/span><\/span>\u00a0<em>el<\/em>\u00a0<a title=\"1:52 AM\" href=\"https:\/\/liberalmetropolitanomx.com\/2021\/06\/17\/reflectores-apuntan-en-el-senado-a-marybel-villegas-como-nueva-presidenta-de-la-mesa-directiva\/\" rel=\"bookmark\"><time class=\"entry-date\" datetime=\"2021-06-17T01:52:35+00:00\">17 JUNIO, 2021<\/time><\/a>\u00a0\u2022\u00a0<span class=\"commentcount\">(\u00a0<a class=\"comments_link\" href=\"https:\/\/liberalmetropolitanomx.com\/2021\/06\/17\/reflectores-apuntan-en-el-senado-a-marybel-villegas-como-nueva-presidenta-de-la-mesa-directiva\/#respond\">0<\/a>\u00a0)<\/span><\/p>\n<section class=\"entry\"><strong><br \/>\nDE PU\u00d1O y LETRA<\/strong><\/p>\n<p><em><strong>*Su ardua labor legislativa y su capacidad de cabildeo la posicionan en el Candelero de la C\u00e1mara Alta.<\/strong><\/em><\/p>\n<p><em><strong>* Su nombre ya se maneja entre sus pares para la pr\u00f3xima Legislatura.<br \/>\n<\/strong><\/em><\/p>\n<p><em><strong>*Su trabajo y lealtad &#8220;hombro con hombro&#8221; con Ricardo Monreal tambi\u00e9n la posicionan.<\/strong><\/em><\/p>\n<p><em>Ariel Vel\u00e1zquez\/ Columna Pol\u00edtica<\/em><\/p>\n<p><strong>Como se sabe, en el segundo a\u00f1o de la LXIV Legislatura, para renovar la presidencia de la Mesa Directiva la quintanarroense Marybel Villegas estuvo en la terna de finalistas por lo que ahora en el Senado trasciende como la candidata natural para ese cargo, adem\u00e1s de se debe de aplicar la llamada &#8220;equidad de g\u00e9nero&#8221;, ya que como se sabe, el chiapaneco Eduardo Ram\u00edrez Aguilar est\u00e1 por concluir su cargo.<\/strong><\/p>\n<p><a href=\"https:\/\/liberalmetropolitano.files.wordpress.com\/2021\/06\/images-1.jpg\"><img decoding=\"async\" class=\"alignnone size-full wp-image-162665\" src=\"https:\/\/liberalmetropolitano.files.wordpress.com\/2021\/06\/images-1.jpg?w=700\" alt=\"\" \/><\/a><\/p>\n<p><em><strong>Senadores Marybel Villegas, Ricardo Monreal y M\u00f3nica Fernandez<\/strong><\/em><\/p>\n<p><em>En c\u00edrculos de la alta pol\u00edtica se cuestion\u00f3 que Ram\u00edrez Aguilar no supo leer fielmente las se\u00f1ales de &#8220;ya saben qui\u00e9n&#8221;, de ah\u00ed que su paso por este cargo no rindi\u00f3 los frutos necesarios, sobre todo a su posici\u00f3n respecto a la orden de aprehensi\u00f3n contra el (des) gobernador de Tamaulipas, Francisco Garc\u00eda Cabeza de Vaca en pleno proceso electoral entre otros desatinos.<\/em><\/p>\n<p><a href=\"https:\/\/liberalmetropolitano.files.wordpress.com\/2021\/06\/download-9.jpg\"><img decoding=\"async\" class=\"alignnone size-full wp-image-162664\" src=\"https:\/\/liberalmetropolitano.files.wordpress.com\/2021\/06\/download-9.jpg?w=700\" sizes=\"(max-width: 287px) 100vw, 287px\" srcset=\"https:\/\/liberalmetropolitano.files.wordpress.com\/2021\/06\/download-9.jpg 287w, https:\/\/liberalmetropolitano.files.wordpress.com\/2021\/06\/download-9.jpg?w=250 250w\" alt=\"\" \/><\/a><\/p>\n<p><em><strong>Cimbraron todo Q. Roo las palabras del lider zacatecano: &#8220;Quintana Roo huele a perfume de Mujer&#8221;.<\/strong><\/em><\/p>\n<p><strong>De ah\u00ed que el presidente de la Junta de Coordinaci\u00f3n Pol\u00edtica (JUCOPO), Ricardo Monreal de donde Marybel Villegas forma parte, esta vez se cerciorar\u00e1 de tener en ese cargo a alguien con la suficiente experiencia y sobre todo lealtad para no errar en los momentos precisos, m\u00e1xime que ahora se requiere m\u00e1s talento despu\u00e9s de los resultados del pasado proceso electoral.<\/strong><\/p>\n<p><strong>No se amedrenta<\/strong><\/p>\n<p><em>Adem\u00e1s su labor en defensa de las Mujeres, el Turismo, el rechazo a la Explotaci\u00f3n Laboral, contra Monopolios, en especial en Ferrys y el respaldo de m\u00e1s de 50 mil firmas para sacar a Aguakan de Quintana Roo, adem\u00e1s de evidenciar la simulaci\u00f3n en los procesos de selecci\u00f3n de los candidatos, la posicionan como la candidata natural para la gubernatura de Quintana Roo para 2022, donde todav\u00eda hay que derribar grandes cacicazgos del gobierno en turno.<br \/>\n<\/em><\/p>\n<div id=\"gallery-162663-4\" class=\"gallery galleryid-162663 gallery-columns-3 gallery-size-thumbnail\">\n<dl class=\"gallery-item\">\n<dt class=\"gallery-icon landscape\"><a href=\"https:\/\/liberalmetropolitanomx.com\/2021\/06\/17\/reflectores-apuntan-en-el-senado-a-marybel-villegas-como-nueva-presidenta-de-la-mesa-directiva\/unnamed-2-8\/\"><img decoding=\"async\" class=\"attachment-thumbnail size-thumbnail\" src=\"https:\/\/liberalmetropolitano.files.wordpress.com\/2021\/06\/unnamed-2.jpg?w=250&amp;h=208\" alt=\"\" aria-describedby=\"gallery-162663-4-162666\" \/><\/a><\/dt>\n<dd id=\"gallery-162663-4-162666\" class=\"wp-caption-text gallery-caption\">unnamed 2<\/dd>\n<\/dl>\n<dl class=\"gallery-item\">\n<dt class=\"gallery-icon landscape\"><a href=\"https:\/\/liberalmetropolitanomx.com\/2021\/06\/17\/reflectores-apuntan-en-el-senado-a-marybel-villegas-como-nueva-presidenta-de-la-mesa-directiva\/download-10-2\/\"><img loading=\"lazy\" decoding=\"async\" class=\"attachment-thumbnail size-thumbnail\" src=\"https:\/\/liberalmetropolitano.files.wordpress.com\/2021\/06\/download-10.jpg?w=250&amp;h=166\" sizes=\"auto, (max-width: 250px) 100vw, 250px\" srcset=\"https:\/\/liberalmetropolitano.files.wordpress.com\/2021\/06\/download-10.jpg?w=250 250w, https:\/\/liberalmetropolitano.files.wordpress.com\/2021\/06\/download-10.jpg 275w\" alt=\"\" width=\"250\" height=\"166\" aria-describedby=\"gallery-162663-4-162667\" \/><\/a><\/dt>\n<dd id=\"gallery-162663-4-162667\" class=\"wp-caption-text gallery-caption\">download 10<\/dd>\n<\/dl>\n<\/div>\n<p><strong><em>Ardua labor legislativa de la Quintanarroense.<\/em><br \/>\nCabe recordar que en el Informe de labores de la senadora Villegas Canch\u00e9 despert\u00f3 muchas especulaciones y levant\u00f3 una polvareda pol\u00edtica por ese estado, porque en el mensaje inicial del l\u00edder senatorial de Morena, Ricardo Monreal \u00c1vila, cuando dice que \u201cQuintana Roo huele a perfume de mujer\u201d muchos lo interpretaron como un \u201cespaldarazo con futurismo\u201d de la senadora y otros, reconocieron que con ello, el operador pol\u00edtico del Presidente Andr\u00e9s Manuel L\u00f3pez Obrador con esas palabras deja claro sus simpat\u00edas al trabajo inteligente de la legisladora.<\/strong><\/p>\n<p><em>El mensaje de Monreal \u00c1vila nuevamente cobra vigencia y ahora con la renovaci\u00f3n de la Mesa Directiva es un gran reconocimiento al trabajo fino de la pol\u00edtica quintanarroense, que todo indica tambi\u00e9n est\u00e1 con quien puede ser el pr\u00f3ximo candidato a la presidencia de la Rep\u00fablica en 2024.<br \/>\n<\/em><br \/>\n<em><strong>PD.- Pese a lo que se diga, todo indica que se adelantaron los tiempos pol\u00edticos de la sucesi\u00f3n por el &#8220;Metrazo&#8221;, la verdad que como lo adelantamos Marcelo Ebrard y Claudia Sheinbaum por m\u00e1s que se les quiera dar respiraci\u00f3n artificial y salgan a la luz informes y peritajes, son &#8220;cad\u00e1veres pol\u00edticos&#8221;. Al tiemp<\/strong>o.<\/em><\/p>\n<\/section>\n","protected":false},"excerpt":{"rendered":"<p>POR\u00a0LIBERAL METROPOLITANO Y C\u00daSPIDE\u00a0el\u00a017 JUNIO, 2021\u00a0\u2022\u00a0(\u00a00\u00a0) DE PU\u00d1O y LETRA *Su ardua labor legislativa y&#8230;<\/p>\n","protected":false},"author":2,"featured_media":4573,"comment_status":"open","ping_status":"closed","sticky":false,"template":"","format":"standard","meta":{"footnotes":""},"categories":[137],"tags":[997,998],"class_list":["post-4571","post","type-post","status-publish","format-standard","has-post-thumbnail","hentry","category-senado","tag-marybel-villegas","tag-presidenta-de-la-mesa-directiva-senado"],"yoast_head":"<!-- This site is optimized with the Yoast SEO plugin v27.5 - https:\/\/yoast.com\/product\/yoast-seo-wordpress\/ -->\n<title>Reflectores apuntan en el SENADO a Marybel Villegas como nueva Presidenta de la Mesa Directiva - NOTICIAS DE LA 4T<\/title>\n<meta name=\"robots\" content=\"noindex, follow, max-snippet:-1, max-image-preview:large, max-video-preview:-1\" \/>\n<meta property=\"og:locale\" content=\"es_MX\" \/>\n<meta property=\"og:type\" content=\"article\" \/>\n<meta property=\"og:title\" content=\"Reflectores apuntan en el SENADO a Marybel Villegas como nueva Presidenta de la Mesa Directiva - NOTICIAS DE LA 4T\" \/>\n<meta property=\"og:description\" content=\"POR\u00a0LIBERAL METROPOLITANO Y C\u00daSPIDE\u00a0el\u00a017 JUNIO, 2021\u00a0\u2022\u00a0(\u00a00\u00a0) DE PU\u00d1O y LETRA *Su ardua labor legislativa y...\" \/>\n<meta property=\"og:url\" content=\"https:\/\/redamlo.com\/index.php\/2021\/06\/17\/reflectores-apuntan-en-el-senado-a-marybel-villegas-como-nueva-presidenta-de-la-mesa-directiva\/\" \/>\n<meta property=\"og:site_name\" content=\"NOTICIAS DE LA 4T\" \/>\n<meta property=\"article:published_time\" content=\"2021-06-17T20:05:17+00:00\" \/>\n<meta property=\"og:image\" content=\"https:\/\/redamlo.com\/wp-content\/uploads\/2021\/06\/acciones-y-recomendaciones-sanitarias-en-el-regreso-a-clases-1.jpg\" \/>\n\t<meta property=\"og:image:width\" content=\"840\" \/>\n\t<meta property=\"og:image:height\" content=\"524\" \/>\n\t<meta property=\"og:image:type\" content=\"image\/jpeg\" \/>\n<meta name=\"author\" content=\"Blanca\" \/>\n<meta name=\"twitter:card\" content=\"summary_large_image\" \/>\n<meta name=\"twitter:label1\" content=\"Escrito por\" \/>\n\t<meta name=\"twitter:data1\" content=\"Blanca\" \/>\n\t<meta name=\"twitter:label2\" content=\"Tiempo de lectura\" \/>\n\t<meta name=\"twitter:data2\" content=\"3 minutos\" \/>\n<script type=\"application\/ld+json\" class=\"yoast-schema-graph\">{\"@context\":\"https:\\\/\\\/schema.org\",\"@graph\":[{\"@type\":\"Article\",\"@id\":\"https:\\\/\\\/redamlo.com\\\/index.php\\\/2021\\\/06\\\/17\\\/reflectores-apuntan-en-el-senado-a-marybel-villegas-como-nueva-presidenta-de-la-mesa-directiva\\\/#article\",\"isPartOf\":{\"@id\":\"https:\\\/\\\/redamlo.com\\\/index.php\\\/2021\\\/06\\\/17\\\/reflectores-apuntan-en-el-senado-a-marybel-villegas-como-nueva-presidenta-de-la-mesa-directiva\\\/\"},\"author\":{\"name\":\"Blanca\",\"@id\":\"https:\\\/\\\/redamlo.com\\\/#\\\/schema\\\/person\\\/7223a4375eb8f1a782fcae010a7115cf\"},\"headline\":\"Reflectores apuntan en el SENADO a Marybel Villegas como nueva Presidenta de la Mesa Directiva\",\"datePublished\":\"2021-06-17T20:05:17+00:00\",\"mainEntityOfPage\":{\"@id\":\"https:\\\/\\\/redamlo.com\\\/index.php\\\/2021\\\/06\\\/17\\\/reflectores-apuntan-en-el-senado-a-marybel-villegas-como-nueva-presidenta-de-la-mesa-directiva\\\/\"},\"wordCount\":613,\"commentCount\":0,\"publisher\":{\"@id\":\"https:\\\/\\\/redamlo.com\\\/#organization\"},\"image\":{\"@id\":\"https:\\\/\\\/redamlo.com\\\/index.php\\\/2021\\\/06\\\/17\\\/reflectores-apuntan-en-el-senado-a-marybel-villegas-como-nueva-presidenta-de-la-mesa-directiva\\\/#primaryimage\"},\"thumbnailUrl\":\"https:\\\/\\\/redamlo.com\\\/wp-content\\\/uploads\\\/2021\\\/06\\\/acciones-y-recomendaciones-sanitarias-en-el-regreso-a-clases-1.jpg\",\"keywords\":[\"Marybel Villegas\",\"Presidenta de la Mesa Directiva Senado\"],\"articleSection\":[\"Senado\"],\"inLanguage\":\"es\",\"potentialAction\":[{\"@type\":\"CommentAction\",\"name\":\"Comment\",\"target\":[\"https:\\\/\\\/redamlo.com\\\/index.php\\\/2021\\\/06\\\/17\\\/reflectores-apuntan-en-el-senado-a-marybel-villegas-como-nueva-presidenta-de-la-mesa-directiva\\\/#respond\"]}]},{\"@type\":\"WebPage\",\"@id\":\"https:\\\/\\\/redamlo.com\\\/index.php\\\/2021\\\/06\\\/17\\\/reflectores-apuntan-en-el-senado-a-marybel-villegas-como-nueva-presidenta-de-la-mesa-directiva\\\/\",\"url\":\"https:\\\/\\\/redamlo.com\\\/index.php\\\/2021\\\/06\\\/17\\\/reflectores-apuntan-en-el-senado-a-marybel-villegas-como-nueva-presidenta-de-la-mesa-directiva\\\/\",\"name\":\"Reflectores apuntan en el SENADO a Marybel Villegas como nueva Presidenta de la Mesa Directiva - NOTICIAS DE LA 4T\",\"isPartOf\":{\"@id\":\"https:\\\/\\\/redamlo.com\\\/#website\"},\"primaryImageOfPage\":{\"@id\":\"https:\\\/\\\/redamlo.com\\\/index.php\\\/2021\\\/06\\\/17\\\/reflectores-apuntan-en-el-senado-a-marybel-villegas-como-nueva-presidenta-de-la-mesa-directiva\\\/#primaryimage\"},\"image\":{\"@id\":\"https:\\\/\\\/redamlo.com\\\/index.php\\\/2021\\\/06\\\/17\\\/reflectores-apuntan-en-el-senado-a-marybel-villegas-como-nueva-presidenta-de-la-mesa-directiva\\\/#primaryimage\"},\"thumbnailUrl\":\"https:\\\/\\\/redamlo.com\\\/wp-content\\\/uploads\\\/2021\\\/06\\\/acciones-y-recomendaciones-sanitarias-en-el-regreso-a-clases-1.jpg\",\"datePublished\":\"2021-06-17T20:05:17+00:00\",\"breadcrumb\":{\"@id\":\"https:\\\/\\\/redamlo.com\\\/index.php\\\/2021\\\/06\\\/17\\\/reflectores-apuntan-en-el-senado-a-marybel-villegas-como-nueva-presidenta-de-la-mesa-directiva\\\/#breadcrumb\"},\"inLanguage\":\"es\",\"potentialAction\":[{\"@type\":\"ReadAction\",\"target\":[\"https:\\\/\\\/redamlo.com\\\/index.php\\\/2021\\\/06\\\/17\\\/reflectores-apuntan-en-el-senado-a-marybel-villegas-como-nueva-presidenta-de-la-mesa-directiva\\\/\"]}]},{\"@type\":\"ImageObject\",\"inLanguage\":\"es\",\"@id\":\"https:\\\/\\\/redamlo.com\\\/index.php\\\/2021\\\/06\\\/17\\\/reflectores-apuntan-en-el-senado-a-marybel-villegas-como-nueva-presidenta-de-la-mesa-directiva\\\/#primaryimage\",\"url\":\"https:\\\/\\\/redamlo.com\\\/wp-content\\\/uploads\\\/2021\\\/06\\\/acciones-y-recomendaciones-sanitarias-en-el-regreso-a-clases-1.jpg\",\"contentUrl\":\"https:\\\/\\\/redamlo.com\\\/wp-content\\\/uploads\\\/2021\\\/06\\\/acciones-y-recomendaciones-sanitarias-en-el-regreso-a-clases-1.jpg\",\"width\":840,\"height\":524},{\"@type\":\"BreadcrumbList\",\"@id\":\"https:\\\/\\\/redamlo.com\\\/index.php\\\/2021\\\/06\\\/17\\\/reflectores-apuntan-en-el-senado-a-marybel-villegas-como-nueva-presidenta-de-la-mesa-directiva\\\/#breadcrumb\",\"itemListElement\":[{\"@type\":\"ListItem\",\"position\":1,\"name\":\"Inicio\",\"item\":\"https:\\\/\\\/redamlo.com\\\/\"},{\"@type\":\"ListItem\",\"position\":2,\"name\":\"Reflectores apuntan en el SENADO a Marybel Villegas como nueva Presidenta de la Mesa Directiva\"}]},{\"@type\":\"WebSite\",\"@id\":\"https:\\\/\\\/redamlo.com\\\/#website\",\"url\":\"https:\\\/\\\/redamlo.com\\\/\",\"name\":\"NOTICIAS DE LA 4T\",\"description\":\"\",\"publisher\":{\"@id\":\"https:\\\/\\\/redamlo.com\\\/#organization\"},\"potentialAction\":[{\"@type\":\"SearchAction\",\"target\":{\"@type\":\"EntryPoint\",\"urlTemplate\":\"https:\\\/\\\/redamlo.com\\\/?s={search_term_string}\"},\"query-input\":{\"@type\":\"PropertyValueSpecification\",\"valueRequired\":true,\"valueName\":\"search_term_string\"}}],\"inLanguage\":\"es\"},{\"@type\":\"Organization\",\"@id\":\"https:\\\/\\\/redamlo.com\\\/#organization\",\"name\":\"NOTICIAS DE LA 4T\",\"url\":\"https:\\\/\\\/redamlo.com\\\/\",\"logo\":{\"@type\":\"ImageObject\",\"inLanguage\":\"es\",\"@id\":\"https:\\\/\\\/redamlo.com\\\/#\\\/schema\\\/logo\\\/image\\\/\",\"url\":\"https:\\\/\\\/redamlo.com\\\/wp-content\\\/uploads\\\/2024\\\/08\\\/cropped-RED-AMLO-logo-50.png\",\"contentUrl\":\"https:\\\/\\\/redamlo.com\\\/wp-content\\\/uploads\\\/2024\\\/08\\\/cropped-RED-AMLO-logo-50.png\",\"width\":256,\"height\":256,\"caption\":\"NOTICIAS DE LA 4T\"},\"image\":{\"@id\":\"https:\\\/\\\/redamlo.com\\\/#\\\/schema\\\/logo\\\/image\\\/\"}},{\"@type\":\"Person\",\"@id\":\"https:\\\/\\\/redamlo.com\\\/#\\\/schema\\\/person\\\/7223a4375eb8f1a782fcae010a7115cf\",\"name\":\"Blanca\",\"image\":{\"@type\":\"ImageObject\",\"inLanguage\":\"es\",\"@id\":\"https:\\\/\\\/secure.gravatar.com\\\/avatar\\\/3f79bc8336367a4e6093eae8757acaaf61d1124834b905616de7829b0273426d?s=96&d=mm&r=g\",\"url\":\"https:\\\/\\\/secure.gravatar.com\\\/avatar\\\/3f79bc8336367a4e6093eae8757acaaf61d1124834b905616de7829b0273426d?s=96&d=mm&r=g\",\"contentUrl\":\"https:\\\/\\\/secure.gravatar.com\\\/avatar\\\/3f79bc8336367a4e6093eae8757acaaf61d1124834b905616de7829b0273426d?s=96&d=mm&r=g\",\"caption\":\"Blanca\"},\"url\":\"https:\\\/\\\/redamlo.com\\\/index.php\\\/author\\\/blanca\\\/\"}]}<\/script>\n<!-- \/ Yoast SEO plugin. -->","yoast_head_json":{"title":"Reflectores apuntan en el SENADO a Marybel Villegas como nueva Presidenta de la Mesa Directiva - NOTICIAS DE LA 4T","robots":{"index":"noindex","follow":"follow","max-snippet":"max-snippet:-1","max-image-preview":"max-image-preview:large","max-video-preview":"max-video-preview:-1"},"og_locale":"es_MX","og_type":"article","og_title":"Reflectores apuntan en el SENADO a Marybel Villegas como nueva Presidenta de la Mesa Directiva - NOTICIAS DE LA 4T","og_description":"POR\u00a0LIBERAL METROPOLITANO Y C\u00daSPIDE\u00a0el\u00a017 JUNIO, 2021\u00a0\u2022\u00a0(\u00a00\u00a0) DE PU\u00d1O y LETRA *Su ardua labor legislativa y...","og_url":"https:\/\/redamlo.com\/index.php\/2021\/06\/17\/reflectores-apuntan-en-el-senado-a-marybel-villegas-como-nueva-presidenta-de-la-mesa-directiva\/","og_site_name":"NOTICIAS DE LA 4T","article_published_time":"2021-06-17T20:05:17+00:00","og_image":[{"width":840,"height":524,"url":"https:\/\/redamlo.com\/wp-content\/uploads\/2021\/06\/acciones-y-recomendaciones-sanitarias-en-el-regreso-a-clases-1.jpg","type":"image\/jpeg"}],"author":"Blanca","twitter_card":"summary_large_image","twitter_misc":{"Escrito por":"Blanca","Tiempo de lectura":"3 minutos"},"schema":{"@context":"https:\/\/schema.org","@graph":[{"@type":"Article","@id":"https:\/\/redamlo.com\/index.php\/2021\/06\/17\/reflectores-apuntan-en-el-senado-a-marybel-villegas-como-nueva-presidenta-de-la-mesa-directiva\/#article","isPartOf":{"@id":"https:\/\/redamlo.com\/index.php\/2021\/06\/17\/reflectores-apuntan-en-el-senado-a-marybel-villegas-como-nueva-presidenta-de-la-mesa-directiva\/"},"author":{"name":"Blanca","@id":"https:\/\/redamlo.com\/#\/schema\/person\/7223a4375eb8f1a782fcae010a7115cf"},"headline":"Reflectores apuntan en el SENADO a Marybel Villegas como nueva Presidenta de la Mesa Directiva","datePublished":"2021-06-17T20:05:17+00:00","mainEntityOfPage":{"@id":"https:\/\/redamlo.com\/index.php\/2021\/06\/17\/reflectores-apuntan-en-el-senado-a-marybel-villegas-como-nueva-presidenta-de-la-mesa-directiva\/"},"wordCount":613,"commentCount":0,"publisher":{"@id":"https:\/\/redamlo.com\/#organization"},"image":{"@id":"https:\/\/redamlo.com\/index.php\/2021\/06\/17\/reflectores-apuntan-en-el-senado-a-marybel-villegas-como-nueva-presidenta-de-la-mesa-directiva\/#primaryimage"},"thumbnailUrl":"https:\/\/redamlo.com\/wp-content\/uploads\/2021\/06\/acciones-y-recomendaciones-sanitarias-en-el-regreso-a-clases-1.jpg","keywords":["Marybel Villegas","Presidenta de la Mesa Directiva Senado"],"articleSection":["Senado"],"inLanguage":"es","potentialAction":[{"@type":"CommentAction","name":"Comment","target":["https:\/\/redamlo.com\/index.php\/2021\/06\/17\/reflectores-apuntan-en-el-senado-a-marybel-villegas-como-nueva-presidenta-de-la-mesa-directiva\/#respond"]}]},{"@type":"WebPage","@id":"https:\/\/redamlo.com\/index.php\/2021\/06\/17\/reflectores-apuntan-en-el-senado-a-marybel-villegas-como-nueva-presidenta-de-la-mesa-directiva\/","url":"https:\/\/redamlo.com\/index.php\/2021\/06\/17\/reflectores-apuntan-en-el-senado-a-marybel-villegas-como-nueva-presidenta-de-la-mesa-directiva\/","name":"Reflectores apuntan en el SENADO a Marybel Villegas como nueva Presidenta de la Mesa Directiva - NOTICIAS DE LA 4T","isPartOf":{"@id":"https:\/\/redamlo.com\/#website"},"primaryImageOfPage":{"@id":"https:\/\/redamlo.com\/index.php\/2021\/06\/17\/reflectores-apuntan-en-el-senado-a-marybel-villegas-como-nueva-presidenta-de-la-mesa-directiva\/#primaryimage"},"image":{"@id":"https:\/\/redamlo.com\/index.php\/2021\/06\/17\/reflectores-apuntan-en-el-senado-a-marybel-villegas-como-nueva-presidenta-de-la-mesa-directiva\/#primaryimage"},"thumbnailUrl":"https:\/\/redamlo.com\/wp-content\/uploads\/2021\/06\/acciones-y-recomendaciones-sanitarias-en-el-regreso-a-clases-1.jpg","datePublished":"2021-06-17T20:05:17+00:00","breadcrumb":{"@id":"https:\/\/redamlo.com\/index.php\/2021\/06\/17\/reflectores-apuntan-en-el-senado-a-marybel-villegas-como-nueva-presidenta-de-la-mesa-directiva\/#breadcrumb"},"inLanguage":"es","potentialAction":[{"@type":"ReadAction","target":["https:\/\/redamlo.com\/index.php\/2021\/06\/17\/reflectores-apuntan-en-el-senado-a-marybel-villegas-como-nueva-presidenta-de-la-mesa-directiva\/"]}]},{"@type":"ImageObject","inLanguage":"es","@id":"https:\/\/redamlo.com\/index.php\/2021\/06\/17\/reflectores-apuntan-en-el-senado-a-marybel-villegas-como-nueva-presidenta-de-la-mesa-directiva\/#primaryimage","url":"https:\/\/redamlo.com\/wp-content\/uploads\/2021\/06\/acciones-y-recomendaciones-sanitarias-en-el-regreso-a-clases-1.jpg","contentUrl":"https:\/\/redamlo.com\/wp-content\/uploads\/2021\/06\/acciones-y-recomendaciones-sanitarias-en-el-regreso-a-clases-1.jpg","width":840,"height":524},{"@type":"BreadcrumbList","@id":"https:\/\/redamlo.com\/index.php\/2021\/06\/17\/reflectores-apuntan-en-el-senado-a-marybel-villegas-como-nueva-presidenta-de-la-mesa-directiva\/#breadcrumb","itemListElement":[{"@type":"ListItem","position":1,"name":"Inicio","item":"https:\/\/redamlo.com\/"},{"@type":"ListItem","position":2,"name":"Reflectores apuntan en el SENADO a Marybel Villegas como nueva Presidenta de la Mesa Directiva"}]},{"@type":"WebSite","@id":"https:\/\/redamlo.com\/#website","url":"https:\/\/redamlo.com\/","name":"NOTICIAS DE LA 4T","description":"","publisher":{"@id":"https:\/\/redamlo.com\/#organization"},"potentialAction":[{"@type":"SearchAction","target":{"@type":"EntryPoint","urlTemplate":"https:\/\/redamlo.com\/?s={search_term_string}"},"query-input":{"@type":"PropertyValueSpecification","valueRequired":true,"valueName":"search_term_string"}}],"inLanguage":"es"},{"@type":"Organization","@id":"https:\/\/redamlo.com\/#organization","name":"NOTICIAS DE LA 4T","url":"https:\/\/redamlo.com\/","logo":{"@type":"ImageObject","inLanguage":"es","@id":"https:\/\/redamlo.com\/#\/schema\/logo\/image\/","url":"https:\/\/redamlo.com\/wp-content\/uploads\/2024\/08\/cropped-RED-AMLO-logo-50.png","contentUrl":"https:\/\/redamlo.com\/wp-content\/uploads\/2024\/08\/cropped-RED-AMLO-logo-50.png","width":256,"height":256,"caption":"NOTICIAS DE LA 4T"},"image":{"@id":"https:\/\/redamlo.com\/#\/schema\/logo\/image\/"}},{"@type":"Person","@id":"https:\/\/redamlo.com\/#\/schema\/person\/7223a4375eb8f1a782fcae010a7115cf","name":"Blanca","image":{"@type":"ImageObject","inLanguage":"es","@id":"https:\/\/secure.gravatar.com\/avatar\/3f79bc8336367a4e6093eae8757acaaf61d1124834b905616de7829b0273426d?s=96&d=mm&r=g","url":"https:\/\/secure.gravatar.com\/avatar\/3f79bc8336367a4e6093eae8757acaaf61d1124834b905616de7829b0273426d?s=96&d=mm&r=g","contentUrl":"https:\/\/secure.gravatar.com\/avatar\/3f79bc8336367a4e6093eae8757acaaf61d1124834b905616de7829b0273426d?s=96&d=mm&r=g","caption":"Blanca"},"url":"https:\/\/redamlo.com\/index.php\/author\/blanca\/"}]}},"_links":{"self":[{"href":"https:\/\/redamlo.com\/index.php\/wp-json\/wp\/v2\/posts\/4571","targetHints":{"allow":["GET"]}}],"collection":[{"href":"https:\/\/redamlo.com\/index.php\/wp-json\/wp\/v2\/posts"}],"about":[{"href":"https:\/\/redamlo.com\/index.php\/wp-json\/wp\/v2\/types\/post"}],"author":[{"embeddable":true,"href":"https:\/\/redamlo.com\/index.php\/wp-json\/wp\/v2\/users\/2"}],"replies":[{"embeddable":true,"href":"https:\/\/redamlo.com\/index.php\/wp-json\/wp\/v2\/comments?post=4571"}],"version-history":[{"count":0,"href":"https:\/\/redamlo.com\/index.php\/wp-json\/wp\/v2\/posts\/4571\/revisions"}],"wp:featuredmedia":[{"embeddable":true,"href":"https:\/\/redamlo.com\/index.php\/wp-json\/wp\/v2\/media\/4573"}],"wp:attachment":[{"href":"https:\/\/redamlo.com\/index.php\/wp-json\/wp\/v2\/media?parent=4571"}],"wp:term":[{"taxonomy":"category","embeddable":true,"href":"https:\/\/redamlo.com\/index.php\/wp-json\/wp\/v2\/categories?post=4571"},{"taxonomy":"post_tag","embeddable":true,"href":"https:\/\/redamlo.com\/index.php\/wp-json\/wp\/v2\/tags?post=4571"}],"curies":[{"name":"wp","href":"https:\/\/api.w.org\/{rel}","templated":true}]}}