{"id":4568,"date":"2021-06-16T02:06:17","date_gmt":"2021-06-16T02:06:17","guid":{"rendered":"https:\/\/redamlo.com\/?p=4568"},"modified":"2021-06-16T02:06:17","modified_gmt":"2021-06-16T02:06:17","slug":"laura-beristain-acusa-al-ieqroo-y-al-gobernador-de-realizar-un-fraude-en-solidaridad-video","status":"publish","type":"post","link":"https:\/\/redamlo.com\/index.php\/2021\/06\/16\/laura-beristain-acusa-al-ieqroo-y-al-gobernador-de-realizar-un-fraude-en-solidaridad-video\/","title":{"rendered":"Laura Beristain acusa al Ieqroo y al gobernador de realizar un fraude en Solidaridad (video)"},"content":{"rendered":"<h4>La alcaldesa dijo que impugnar\u00e1 en tribunales el triunfo que el Ieqroo le otorg\u00f3 a Lili Campos.<\/h4>\n<h4>Y anunci\u00f3 que se han sumado a su reclamo RSP y Fuerza por M\u00e9xico.<\/h4>\n<h4>Junto a MORENA, PT y PVEM han conformado un \u201cFrente por la defensa de la democracia en Solidaridad\u201d.<\/h4>\n<figure class=\"wp-block-embed is-type-rich is-provider-youtube wp-block-embed-youtube wp-embed-aspect-16-9 wp-has-aspect-ratio\">\n<div class=\"wp-block-embed__wrapper\">\n<div class=\"jetpack-video-wrapper\"><span class=\"embed-youtube\"><iframe class=\"youtube-player\" src=\"https:\/\/www.youtube.com\/embed\/P-JG4AV-wy0?version=3&amp;rel=1&amp;showsearch=0&amp;showinfo=1&amp;iv_load_policy=1&amp;fs=1&amp;hl=es&amp;autohide=2&amp;wmode=transparent\" sandbox=\"allow-scripts allow-same-origin allow-popups allow-presentation\" allowfullscreen=\"allowfullscreen\" data-ratio=\"0.5625\" data-width=\"720\" data-height=\"405\" data-mce-fragment=\"1\"><\/iframe><\/span><\/div>\n<\/div>\n<\/figure>\n<h5>La alcaldesa de Solidaridad, la morenista Laura Beristain, denunci\u00f3 que el Instituto Electoral del estado (Ieqroo) junto al gobernador Carlos Joaqu\u00edn, orquestaron un fraude electoral en ese municipio, en donde los c\u00f3mputos oficiales dan como ganadora a la panista Lili Campos.<\/h5>\n<h5>Por medio de un video subido a redes sociales (Ver abajo) Laura Beristain dijo que en la elecci\u00f3n de Solidaridad hubo\u00a0<em><strong>\u201cviolencia de g\u00e9nero, persecuci\u00f3n pol\u00edtica, violaci\u00f3n sistem\u00e1tica a ley electoral, cateos ilegales a candidatos, paquetes electorales abiertos, entrega de despensas, coacci\u00f3n del voto, relleno de urnas y amenazas\u201d<\/strong><\/em>, entre otras irregularidades.<\/h5>\n<figure class=\"wp-block-image size-large is-resized\"><img loading=\"lazy\" decoding=\"async\" class=\"wp-image-25875\" src=\"https:\/\/realidadesqroo.files.wordpress.com\/2021\/06\/image-56.png?w=459\" sizes=\"auto, (max-width: 623px) 100vw, 623px\" srcset=\"https:\/\/realidadesqroo.files.wordpress.com\/2021\/06\/image-56.png 459w, https:\/\/realidadesqroo.files.wordpress.com\/2021\/06\/image-56.png?w=109 109w, https:\/\/realidadesqroo.files.wordpress.com\/2021\/06\/image-56.png?w=218 218w\" alt=\"\" width=\"623\" height=\"860\" data-attachment-id=\"25875\" data-permalink=\"https:\/\/realidadesquintanaroo.org\/image-56-3\/\" data-orig-file=\"https:\/\/realidadesqroo.files.wordpress.com\/2021\/06\/image-56.png\" data-orig-size=\"459,633\" data-comments-opened=\"1\" data-image-meta=\"{&quot;aperture&quot;:&quot;0&quot;,&quot;credit&quot;:&quot;&quot;,&quot;camera&quot;:&quot;&quot;,&quot;caption&quot;:&quot;&quot;,&quot;created_timestamp&quot;:&quot;0&quot;,&quot;copyright&quot;:&quot;&quot;,&quot;focal_length&quot;:&quot;0&quot;,&quot;iso&quot;:&quot;0&quot;,&quot;shutter_speed&quot;:&quot;0&quot;,&quot;title&quot;:&quot;&quot;,&quot;orientation&quot;:&quot;0&quot;}\" data-image-title=\"image-56\" data-image-description=\"\" data-medium-file=\"https:\/\/realidadesqroo.files.wordpress.com\/2021\/06\/image-56.png?w=218\" data-large-file=\"https:\/\/realidadesqroo.files.wordpress.com\/2021\/06\/image-56.png?w=459\" \/><\/figure>\n<h5><em><strong>\u201cGracias a ti ganamos la elecci\u00f3n de Solidaridad, pero desde el Ieqroo y el Gobierno del Estado se fragu\u00f3 un gran fraude y el atentado a la democracia\u201d,<\/strong><\/em>\u00a0dijo la alcaldesa en un video, en donde se la ve acompa\u00f1ada de varios colaboradores e integrantes de los partidos pol\u00edticos.<\/h5>\n<figure class=\"wp-block-embed is-type-rich is-provider-youtube wp-block-embed-youtube wp-embed-aspect-16-9 wp-has-aspect-ratio\">\n<div class=\"wp-block-embed__wrapper\">\n<div class=\"jetpack-video-wrapper\"><span class=\"embed-youtube\"><iframe class=\"youtube-player\" src=\"https:\/\/www.youtube.com\/embed\/xd1H599i3Bc?version=3&amp;rel=1&amp;showsearch=0&amp;showinfo=1&amp;iv_load_policy=1&amp;fs=1&amp;hl=es&amp;autohide=2&amp;wmode=transparent\" sandbox=\"allow-scripts allow-same-origin allow-popups allow-presentation\" allowfullscreen=\"allowfullscreen\" data-ratio=\"0.5625\" data-width=\"720\" data-height=\"405\" data-mce-fragment=\"1\"><\/iframe><\/span><\/div>\n<\/div>\n<\/figure>\n<p>&nbsp;<\/p>\n<h5>En el mismo video, Laura anunci\u00f3 que se han sumado a su lucha los partidos Redes Sociales Progresistas y Fuerza por M\u00e9xico, y que junto a MORENA, PT y PVEM han conformado un \u201cFrente por la defensa de la democracia en Solidaridad\u201d.<\/h5>\n<p>Fuente:\u00a0<a href=\"http:\/\/laopinionqr.com\/laura-beristain-acusa-al-ieqroo-y-al-gobernador-de-realizar-un-fraude-en-solidaridad-video\/?fbclid=IwAR0paQEPwdJVt2h7lTcQWDBOPTpX-LcldUyThSZ_0nj3v9mvwCLO7kNAjrg\">laopini\u00f3nqr.com<\/a><\/p>\n","protected":false},"excerpt":{"rendered":"<p>La alcaldesa dijo que impugnar\u00e1 en tribunales el triunfo que el Ieqroo le otorg\u00f3 a&#8230;<\/p>\n","protected":false},"author":2,"featured_media":4570,"comment_status":"open","ping_status":"closed","sticky":false,"template":"","format":"standard","meta":{"footnotes":""},"categories":[1],"tags":[968,969,970,971,358,972,973],"class_list":["post-4568","post","type-post","status-publish","format-standard","has-post-thumbnail","hentry","category-uncategorized","tag-amenazas","tag-coaccion-del-voto","tag-fraude-del-ieqroo","tag-frente-por-la-defensa-de-la-democracia-en-solidaridad","tag-laura-beristain","tag-relleno-de-urnas","tag-robo-eleccion-gobernador"],"yoast_head":"<!-- This site is optimized with the Yoast SEO plugin v27.5 - https:\/\/yoast.com\/product\/yoast-seo-wordpress\/ -->\n<title>Laura Beristain acusa al Ieqroo y al gobernador de realizar un fraude en Solidaridad (video) - NOTICIAS DE LA 4T<\/title>\n<meta name=\"robots\" content=\"noindex, follow, max-snippet:-1, max-image-preview:large, max-video-preview:-1\" \/>\n<meta property=\"og:locale\" content=\"es_MX\" \/>\n<meta property=\"og:type\" content=\"article\" \/>\n<meta property=\"og:title\" content=\"Laura Beristain acusa al Ieqroo y al gobernador de realizar un fraude en Solidaridad (video) - NOTICIAS DE LA 4T\" \/>\n<meta property=\"og:description\" content=\"La alcaldesa dijo que impugnar\u00e1 en tribunales el triunfo que el Ieqroo le otorg\u00f3 a...\" \/>\n<meta property=\"og:url\" content=\"https:\/\/redamlo.com\/index.php\/2021\/06\/16\/laura-beristain-acusa-al-ieqroo-y-al-gobernador-de-realizar-un-fraude-en-solidaridad-video\/\" \/>\n<meta property=\"og:site_name\" content=\"NOTICIAS DE LA 4T\" \/>\n<meta property=\"article:published_time\" content=\"2021-06-16T02:06:17+00:00\" \/>\n<meta property=\"og:image\" content=\"https:\/\/redamlo.com\/wp-content\/uploads\/2021\/06\/454-78.png\" \/>\n\t<meta property=\"og:image:width\" content=\"900\" \/>\n\t<meta property=\"og:image:height\" content=\"600\" \/>\n\t<meta property=\"og:image:type\" content=\"image\/png\" \/>\n<meta name=\"author\" content=\"Blanca\" \/>\n<meta name=\"twitter:card\" content=\"summary_large_image\" \/>\n<meta name=\"twitter:label1\" content=\"Escrito por\" \/>\n\t<meta name=\"twitter:data1\" content=\"Blanca\" \/>\n\t<meta name=\"twitter:label2\" content=\"Tiempo de lectura\" \/>\n\t<meta name=\"twitter:data2\" content=\"1 minuto\" \/>\n<script type=\"application\/ld+json\" class=\"yoast-schema-graph\">{\"@context\":\"https:\\\/\\\/schema.org\",\"@graph\":[{\"@type\":\"Article\",\"@id\":\"https:\\\/\\\/redamlo.com\\\/index.php\\\/2021\\\/06\\\/16\\\/laura-beristain-acusa-al-ieqroo-y-al-gobernador-de-realizar-un-fraude-en-solidaridad-video\\\/#article\",\"isPartOf\":{\"@id\":\"https:\\\/\\\/redamlo.com\\\/index.php\\\/2021\\\/06\\\/16\\\/laura-beristain-acusa-al-ieqroo-y-al-gobernador-de-realizar-un-fraude-en-solidaridad-video\\\/\"},\"author\":{\"name\":\"Blanca\",\"@id\":\"https:\\\/\\\/redamlo.com\\\/#\\\/schema\\\/person\\\/7223a4375eb8f1a782fcae010a7115cf\"},\"headline\":\"Laura Beristain acusa al Ieqroo y al gobernador de realizar un fraude en Solidaridad (video)\",\"datePublished\":\"2021-06-16T02:06:17+00:00\",\"mainEntityOfPage\":{\"@id\":\"https:\\\/\\\/redamlo.com\\\/index.php\\\/2021\\\/06\\\/16\\\/laura-beristain-acusa-al-ieqroo-y-al-gobernador-de-realizar-un-fraude-en-solidaridad-video\\\/\"},\"wordCount\":267,\"commentCount\":0,\"publisher\":{\"@id\":\"https:\\\/\\\/redamlo.com\\\/#organization\"},\"image\":{\"@id\":\"https:\\\/\\\/redamlo.com\\\/index.php\\\/2021\\\/06\\\/16\\\/laura-beristain-acusa-al-ieqroo-y-al-gobernador-de-realizar-un-fraude-en-solidaridad-video\\\/#primaryimage\"},\"thumbnailUrl\":\"https:\\\/\\\/redamlo.com\\\/wp-content\\\/uploads\\\/2021\\\/06\\\/454-78.png\",\"keywords\":[\"amenazas\",\"coacci\u00f3n del Voto\",\"Fraude del IEQROO\",\"Frente por la defensa de la democracia en Solidaridad\",\"Laura Beristain\",\"Relleno de Urnas\",\"Robo elecci\u00f3n Gobernador\"],\"articleSection\":[\"Uncategorized\"],\"inLanguage\":\"es\",\"potentialAction\":[{\"@type\":\"CommentAction\",\"name\":\"Comment\",\"target\":[\"https:\\\/\\\/redamlo.com\\\/index.php\\\/2021\\\/06\\\/16\\\/laura-beristain-acusa-al-ieqroo-y-al-gobernador-de-realizar-un-fraude-en-solidaridad-video\\\/#respond\"]}]},{\"@type\":\"WebPage\",\"@id\":\"https:\\\/\\\/redamlo.com\\\/index.php\\\/2021\\\/06\\\/16\\\/laura-beristain-acusa-al-ieqroo-y-al-gobernador-de-realizar-un-fraude-en-solidaridad-video\\\/\",\"url\":\"https:\\\/\\\/redamlo.com\\\/index.php\\\/2021\\\/06\\\/16\\\/laura-beristain-acusa-al-ieqroo-y-al-gobernador-de-realizar-un-fraude-en-solidaridad-video\\\/\",\"name\":\"Laura Beristain acusa al Ieqroo y al gobernador de realizar un fraude en Solidaridad (video) - NOTICIAS DE LA 4T\",\"isPartOf\":{\"@id\":\"https:\\\/\\\/redamlo.com\\\/#website\"},\"primaryImageOfPage\":{\"@id\":\"https:\\\/\\\/redamlo.com\\\/index.php\\\/2021\\\/06\\\/16\\\/laura-beristain-acusa-al-ieqroo-y-al-gobernador-de-realizar-un-fraude-en-solidaridad-video\\\/#primaryimage\"},\"image\":{\"@id\":\"https:\\\/\\\/redamlo.com\\\/index.php\\\/2021\\\/06\\\/16\\\/laura-beristain-acusa-al-ieqroo-y-al-gobernador-de-realizar-un-fraude-en-solidaridad-video\\\/#primaryimage\"},\"thumbnailUrl\":\"https:\\\/\\\/redamlo.com\\\/wp-content\\\/uploads\\\/2021\\\/06\\\/454-78.png\",\"datePublished\":\"2021-06-16T02:06:17+00:00\",\"breadcrumb\":{\"@id\":\"https:\\\/\\\/redamlo.com\\\/index.php\\\/2021\\\/06\\\/16\\\/laura-beristain-acusa-al-ieqroo-y-al-gobernador-de-realizar-un-fraude-en-solidaridad-video\\\/#breadcrumb\"},\"inLanguage\":\"es\",\"potentialAction\":[{\"@type\":\"ReadAction\",\"target\":[\"https:\\\/\\\/redamlo.com\\\/index.php\\\/2021\\\/06\\\/16\\\/laura-beristain-acusa-al-ieqroo-y-al-gobernador-de-realizar-un-fraude-en-solidaridad-video\\\/\"]}]},{\"@type\":\"ImageObject\",\"inLanguage\":\"es\",\"@id\":\"https:\\\/\\\/redamlo.com\\\/index.php\\\/2021\\\/06\\\/16\\\/laura-beristain-acusa-al-ieqroo-y-al-gobernador-de-realizar-un-fraude-en-solidaridad-video\\\/#primaryimage\",\"url\":\"https:\\\/\\\/redamlo.com\\\/wp-content\\\/uploads\\\/2021\\\/06\\\/454-78.png\",\"contentUrl\":\"https:\\\/\\\/redamlo.com\\\/wp-content\\\/uploads\\\/2021\\\/06\\\/454-78.png\",\"width\":900,\"height\":600},{\"@type\":\"BreadcrumbList\",\"@id\":\"https:\\\/\\\/redamlo.com\\\/index.php\\\/2021\\\/06\\\/16\\\/laura-beristain-acusa-al-ieqroo-y-al-gobernador-de-realizar-un-fraude-en-solidaridad-video\\\/#breadcrumb\",\"itemListElement\":[{\"@type\":\"ListItem\",\"position\":1,\"name\":\"Inicio\",\"item\":\"https:\\\/\\\/redamlo.com\\\/\"},{\"@type\":\"ListItem\",\"position\":2,\"name\":\"Laura Beristain acusa al Ieqroo y al gobernador de realizar un fraude en Solidaridad (video)\"}]},{\"@type\":\"WebSite\",\"@id\":\"https:\\\/\\\/redamlo.com\\\/#website\",\"url\":\"https:\\\/\\\/redamlo.com\\\/\",\"name\":\"NOTICIAS DE LA 4T\",\"description\":\"\",\"publisher\":{\"@id\":\"https:\\\/\\\/redamlo.com\\\/#organization\"},\"potentialAction\":[{\"@type\":\"SearchAction\",\"target\":{\"@type\":\"EntryPoint\",\"urlTemplate\":\"https:\\\/\\\/redamlo.com\\\/?s={search_term_string}\"},\"query-input\":{\"@type\":\"PropertyValueSpecification\",\"valueRequired\":true,\"valueName\":\"search_term_string\"}}],\"inLanguage\":\"es\"},{\"@type\":\"Organization\",\"@id\":\"https:\\\/\\\/redamlo.com\\\/#organization\",\"name\":\"NOTICIAS DE LA 4T\",\"url\":\"https:\\\/\\\/redamlo.com\\\/\",\"logo\":{\"@type\":\"ImageObject\",\"inLanguage\":\"es\",\"@id\":\"https:\\\/\\\/redamlo.com\\\/#\\\/schema\\\/logo\\\/image\\\/\",\"url\":\"https:\\\/\\\/redamlo.com\\\/wp-content\\\/uploads\\\/2024\\\/08\\\/cropped-RED-AMLO-logo-50.png\",\"contentUrl\":\"https:\\\/\\\/redamlo.com\\\/wp-content\\\/uploads\\\/2024\\\/08\\\/cropped-RED-AMLO-logo-50.png\",\"width\":256,\"height\":256,\"caption\":\"NOTICIAS DE LA 4T\"},\"image\":{\"@id\":\"https:\\\/\\\/redamlo.com\\\/#\\\/schema\\\/logo\\\/image\\\/\"}},{\"@type\":\"Person\",\"@id\":\"https:\\\/\\\/redamlo.com\\\/#\\\/schema\\\/person\\\/7223a4375eb8f1a782fcae010a7115cf\",\"name\":\"Blanca\",\"image\":{\"@type\":\"ImageObject\",\"inLanguage\":\"es\",\"@id\":\"https:\\\/\\\/secure.gravatar.com\\\/avatar\\\/3f79bc8336367a4e6093eae8757acaaf61d1124834b905616de7829b0273426d?s=96&d=mm&r=g\",\"url\":\"https:\\\/\\\/secure.gravatar.com\\\/avatar\\\/3f79bc8336367a4e6093eae8757acaaf61d1124834b905616de7829b0273426d?s=96&d=mm&r=g\",\"contentUrl\":\"https:\\\/\\\/secure.gravatar.com\\\/avatar\\\/3f79bc8336367a4e6093eae8757acaaf61d1124834b905616de7829b0273426d?s=96&d=mm&r=g\",\"caption\":\"Blanca\"},\"url\":\"https:\\\/\\\/redamlo.com\\\/index.php\\\/author\\\/blanca\\\/\"}]}<\/script>\n<!-- \/ Yoast SEO plugin. -->","yoast_head_json":{"title":"Laura Beristain acusa al Ieqroo y al gobernador de realizar un fraude en Solidaridad (video) - NOTICIAS DE LA 4T","robots":{"index":"noindex","follow":"follow","max-snippet":"max-snippet:-1","max-image-preview":"max-image-preview:large","max-video-preview":"max-video-preview:-1"},"og_locale":"es_MX","og_type":"article","og_title":"Laura Beristain acusa al Ieqroo y al gobernador de realizar un fraude en Solidaridad (video) - NOTICIAS DE LA 4T","og_description":"La alcaldesa dijo que impugnar\u00e1 en tribunales el triunfo que el Ieqroo le otorg\u00f3 a...","og_url":"https:\/\/redamlo.com\/index.php\/2021\/06\/16\/laura-beristain-acusa-al-ieqroo-y-al-gobernador-de-realizar-un-fraude-en-solidaridad-video\/","og_site_name":"NOTICIAS DE LA 4T","article_published_time":"2021-06-16T02:06:17+00:00","og_image":[{"width":900,"height":600,"url":"https:\/\/redamlo.com\/wp-content\/uploads\/2021\/06\/454-78.png","type":"image\/png"}],"author":"Blanca","twitter_card":"summary_large_image","twitter_misc":{"Escrito por":"Blanca","Tiempo de lectura":"1 minuto"},"schema":{"@context":"https:\/\/schema.org","@graph":[{"@type":"Article","@id":"https:\/\/redamlo.com\/index.php\/2021\/06\/16\/laura-beristain-acusa-al-ieqroo-y-al-gobernador-de-realizar-un-fraude-en-solidaridad-video\/#article","isPartOf":{"@id":"https:\/\/redamlo.com\/index.php\/2021\/06\/16\/laura-beristain-acusa-al-ieqroo-y-al-gobernador-de-realizar-un-fraude-en-solidaridad-video\/"},"author":{"name":"Blanca","@id":"https:\/\/redamlo.com\/#\/schema\/person\/7223a4375eb8f1a782fcae010a7115cf"},"headline":"Laura Beristain acusa al Ieqroo y al gobernador de realizar un fraude en Solidaridad (video)","datePublished":"2021-06-16T02:06:17+00:00","mainEntityOfPage":{"@id":"https:\/\/redamlo.com\/index.php\/2021\/06\/16\/laura-beristain-acusa-al-ieqroo-y-al-gobernador-de-realizar-un-fraude-en-solidaridad-video\/"},"wordCount":267,"commentCount":0,"publisher":{"@id":"https:\/\/redamlo.com\/#organization"},"image":{"@id":"https:\/\/redamlo.com\/index.php\/2021\/06\/16\/laura-beristain-acusa-al-ieqroo-y-al-gobernador-de-realizar-un-fraude-en-solidaridad-video\/#primaryimage"},"thumbnailUrl":"https:\/\/redamlo.com\/wp-content\/uploads\/2021\/06\/454-78.png","keywords":["amenazas","coacci\u00f3n del Voto","Fraude del IEQROO","Frente por la defensa de la democracia en Solidaridad","Laura Beristain","Relleno de Urnas","Robo elecci\u00f3n Gobernador"],"articleSection":["Uncategorized"],"inLanguage":"es","potentialAction":[{"@type":"CommentAction","name":"Comment","target":["https:\/\/redamlo.com\/index.php\/2021\/06\/16\/laura-beristain-acusa-al-ieqroo-y-al-gobernador-de-realizar-un-fraude-en-solidaridad-video\/#respond"]}]},{"@type":"WebPage","@id":"https:\/\/redamlo.com\/index.php\/2021\/06\/16\/laura-beristain-acusa-al-ieqroo-y-al-gobernador-de-realizar-un-fraude-en-solidaridad-video\/","url":"https:\/\/redamlo.com\/index.php\/2021\/06\/16\/laura-beristain-acusa-al-ieqroo-y-al-gobernador-de-realizar-un-fraude-en-solidaridad-video\/","name":"Laura Beristain acusa al Ieqroo y al gobernador de realizar un fraude en Solidaridad (video) - NOTICIAS DE LA 4T","isPartOf":{"@id":"https:\/\/redamlo.com\/#website"},"primaryImageOfPage":{"@id":"https:\/\/redamlo.com\/index.php\/2021\/06\/16\/laura-beristain-acusa-al-ieqroo-y-al-gobernador-de-realizar-un-fraude-en-solidaridad-video\/#primaryimage"},"image":{"@id":"https:\/\/redamlo.com\/index.php\/2021\/06\/16\/laura-beristain-acusa-al-ieqroo-y-al-gobernador-de-realizar-un-fraude-en-solidaridad-video\/#primaryimage"},"thumbnailUrl":"https:\/\/redamlo.com\/wp-content\/uploads\/2021\/06\/454-78.png","datePublished":"2021-06-16T02:06:17+00:00","breadcrumb":{"@id":"https:\/\/redamlo.com\/index.php\/2021\/06\/16\/laura-beristain-acusa-al-ieqroo-y-al-gobernador-de-realizar-un-fraude-en-solidaridad-video\/#breadcrumb"},"inLanguage":"es","potentialAction":[{"@type":"ReadAction","target":["https:\/\/redamlo.com\/index.php\/2021\/06\/16\/laura-beristain-acusa-al-ieqroo-y-al-gobernador-de-realizar-un-fraude-en-solidaridad-video\/"]}]},{"@type":"ImageObject","inLanguage":"es","@id":"https:\/\/redamlo.com\/index.php\/2021\/06\/16\/laura-beristain-acusa-al-ieqroo-y-al-gobernador-de-realizar-un-fraude-en-solidaridad-video\/#primaryimage","url":"https:\/\/redamlo.com\/wp-content\/uploads\/2021\/06\/454-78.png","contentUrl":"https:\/\/redamlo.com\/wp-content\/uploads\/2021\/06\/454-78.png","width":900,"height":600},{"@type":"BreadcrumbList","@id":"https:\/\/redamlo.com\/index.php\/2021\/06\/16\/laura-beristain-acusa-al-ieqroo-y-al-gobernador-de-realizar-un-fraude-en-solidaridad-video\/#breadcrumb","itemListElement":[{"@type":"ListItem","position":1,"name":"Inicio","item":"https:\/\/redamlo.com\/"},{"@type":"ListItem","position":2,"name":"Laura Beristain acusa al Ieqroo y al gobernador de realizar un fraude en Solidaridad (video)"}]},{"@type":"WebSite","@id":"https:\/\/redamlo.com\/#website","url":"https:\/\/redamlo.com\/","name":"NOTICIAS DE LA 4T","description":"","publisher":{"@id":"https:\/\/redamlo.com\/#organization"},"potentialAction":[{"@type":"SearchAction","target":{"@type":"EntryPoint","urlTemplate":"https:\/\/redamlo.com\/?s={search_term_string}"},"query-input":{"@type":"PropertyValueSpecification","valueRequired":true,"valueName":"search_term_string"}}],"inLanguage":"es"},{"@type":"Organization","@id":"https:\/\/redamlo.com\/#organization","name":"NOTICIAS DE LA 4T","url":"https:\/\/redamlo.com\/","logo":{"@type":"ImageObject","inLanguage":"es","@id":"https:\/\/redamlo.com\/#\/schema\/logo\/image\/","url":"https:\/\/redamlo.com\/wp-content\/uploads\/2024\/08\/cropped-RED-AMLO-logo-50.png","contentUrl":"https:\/\/redamlo.com\/wp-content\/uploads\/2024\/08\/cropped-RED-AMLO-logo-50.png","width":256,"height":256,"caption":"NOTICIAS DE LA 4T"},"image":{"@id":"https:\/\/redamlo.com\/#\/schema\/logo\/image\/"}},{"@type":"Person","@id":"https:\/\/redamlo.com\/#\/schema\/person\/7223a4375eb8f1a782fcae010a7115cf","name":"Blanca","image":{"@type":"ImageObject","inLanguage":"es","@id":"https:\/\/secure.gravatar.com\/avatar\/3f79bc8336367a4e6093eae8757acaaf61d1124834b905616de7829b0273426d?s=96&d=mm&r=g","url":"https:\/\/secure.gravatar.com\/avatar\/3f79bc8336367a4e6093eae8757acaaf61d1124834b905616de7829b0273426d?s=96&d=mm&r=g","contentUrl":"https:\/\/secure.gravatar.com\/avatar\/3f79bc8336367a4e6093eae8757acaaf61d1124834b905616de7829b0273426d?s=96&d=mm&r=g","caption":"Blanca"},"url":"https:\/\/redamlo.com\/index.php\/author\/blanca\/"}]}},"_links":{"self":[{"href":"https:\/\/redamlo.com\/index.php\/wp-json\/wp\/v2\/posts\/4568","targetHints":{"allow":["GET"]}}],"collection":[{"href":"https:\/\/redamlo.com\/index.php\/wp-json\/wp\/v2\/posts"}],"about":[{"href":"https:\/\/redamlo.com\/index.php\/wp-json\/wp\/v2\/types\/post"}],"author":[{"embeddable":true,"href":"https:\/\/redamlo.com\/index.php\/wp-json\/wp\/v2\/users\/2"}],"replies":[{"embeddable":true,"href":"https:\/\/redamlo.com\/index.php\/wp-json\/wp\/v2\/comments?post=4568"}],"version-history":[{"count":0,"href":"https:\/\/redamlo.com\/index.php\/wp-json\/wp\/v2\/posts\/4568\/revisions"}],"wp:featuredmedia":[{"embeddable":true,"href":"https:\/\/redamlo.com\/index.php\/wp-json\/wp\/v2\/media\/4570"}],"wp:attachment":[{"href":"https:\/\/redamlo.com\/index.php\/wp-json\/wp\/v2\/media?parent=4568"}],"wp:term":[{"taxonomy":"category","embeddable":true,"href":"https:\/\/redamlo.com\/index.php\/wp-json\/wp\/v2\/categories?post=4568"},{"taxonomy":"post_tag","embeddable":true,"href":"https:\/\/redamlo.com\/index.php\/wp-json\/wp\/v2\/tags?post=4568"}],"curies":[{"name":"wp","href":"https:\/\/api.w.org\/{rel}","templated":true}]}}