{"id":4562,"date":"2021-06-14T15:58:44","date_gmt":"2021-06-14T15:58:44","guid":{"rendered":"https:\/\/redamlo.com\/?p=4562"},"modified":"2021-06-14T15:58:44","modified_gmt":"2021-06-14T15:58:44","slug":"interpone-laura-beristain-denuncia-por-el-delito-de-violencia-politica-contra-la-mujer-en-razon-de-genero","status":"publish","type":"post","link":"https:\/\/redamlo.com\/index.php\/2021\/06\/14\/interpone-laura-beristain-denuncia-por-el-delito-de-violencia-politica-contra-la-mujer-en-razon-de-genero\/","title":{"rendered":"Interpone Laura Beristain denuncia por el delito de violencia pol\u00edtica contra la mujer en raz\u00f3n de g\u00e9nero"},"content":{"rendered":"<p>La otrora candidata a la presidencia municipal de Solidaridad por la coalici\u00f3n \u201cJuntos Haremos Historia en Quintana Roo\u201d (Morena, PVEM, PT, MAS), interpuso una denuncia por violencia pol\u00edtica de g\u00e9nero ante la Fiscal\u00eda General de la Rep\u00fablica por el cateo ilegal a su domicilio el d\u00eda de la JORNADA ELECTORAL en la pasada contienda electoral, a trav\u00e9s de una orden de cateo basada en hechos falsos, emitida por un Juez de Control de Juicio Oral Penal del Tribunal Superior de Justicia del Estado y que al momento de su ejecuci\u00f3n, no pudieron comprobar dichos hechos.<\/p>\n<p>Asimismo, el documento se\u00f1ala que el gobernador del Estado, Carlos Joaqu\u00edn Gonz\u00e1lez, a trav\u00e9s de la polic\u00eda preventiva estatal ejecuta dicha orden, por lo que se\u00f1ala que lo anterior se hizo con la colusi\u00f3n de autoridades para ocasionar un perjuicio, la obstrucci\u00f3n a su derecho de ser votada y sobre todo, seguir obstaculizando su actividad como otrora candidata a la reelecci\u00f3n.<\/p>\n<p>En la denuncia, Laura Beristain destaca que lo anterior es una forma de ejercer violencia pol\u00edtica para que ella no pudiera ejercer su derecho pol\u00edtico-electoral a ser votada, pues dicho intimidatorio y arbitrario a horas de la jornada electoral sin fundamento alguno.<\/p>\n<p>La violencia pol\u00edtica contra las mujeres comprende todas aquellas acciones u omisiones de personas, servidoras o servidores p\u00fablicos que se dirigen a una mujer por ser mujer (en raz\u00f3n de g\u00e9nero), tienen un impacto diferenciado en ellas o les afectan en forma desproporcionada, con el objeto o resultado de menoscabar o anular sus derechos pol\u00edtico-electorales, incluyendo el ejercicio del cargo. De ah\u00ed que Laura Beristain se apoye en la ley para exigir justicia ante una elecci\u00f3n de estado donde claramente sus derechos fueron violentados.<\/p>\n","protected":false},"excerpt":{"rendered":"<p>La otrora candidata a la presidencia municipal de Solidaridad por la coalici\u00f3n \u201cJuntos Haremos Historia&#8230;<\/p>\n","protected":false},"author":2,"featured_media":4564,"comment_status":"open","ping_status":"closed","sticky":false,"template":"","format":"standard","meta":{"footnotes":""},"categories":[25],"tags":[964,965,366,358,21,360,966],"class_list":["post-4562","post","type-post","status-publish","format-standard","has-post-thumbnail","hentry","category-4t","tag-delito-de-violencia-politica-contra-la-mujer","tag-denuncia","tag-elecciones-2021","tag-laura-beristain","tag-quintana-roo","tag-solidaridad","tag-violencia-de-genero"],"yoast_head":"<!-- This site is optimized with the Yoast SEO plugin v27.5 - https:\/\/yoast.com\/product\/yoast-seo-wordpress\/ -->\n<title>Interpone Laura Beristain denuncia por el delito de violencia pol\u00edtica contra la mujer en raz\u00f3n de g\u00e9nero - NOTICIAS DE LA 4T<\/title>\n<meta name=\"robots\" content=\"noindex, follow, max-snippet:-1, max-image-preview:large, max-video-preview:-1\" \/>\n<meta property=\"og:locale\" content=\"es_MX\" \/>\n<meta property=\"og:type\" content=\"article\" \/>\n<meta property=\"og:title\" content=\"Interpone Laura Beristain denuncia por el delito de violencia pol\u00edtica contra la mujer en raz\u00f3n de g\u00e9nero - NOTICIAS DE LA 4T\" \/>\n<meta property=\"og:description\" content=\"La otrora candidata a la presidencia municipal de Solidaridad por la coalici\u00f3n \u201cJuntos Haremos Historia...\" \/>\n<meta property=\"og:url\" content=\"https:\/\/redamlo.com\/index.php\/2021\/06\/14\/interpone-laura-beristain-denuncia-por-el-delito-de-violencia-politica-contra-la-mujer-en-razon-de-genero\/\" \/>\n<meta property=\"og:site_name\" content=\"NOTICIAS DE LA 4T\" \/>\n<meta property=\"article:published_time\" content=\"2021-06-14T15:58:44+00:00\" \/>\n<meta property=\"og:image\" content=\"https:\/\/redamlo.com\/wp-content\/uploads\/2021\/06\/LAURA-BERISTAIN-NAVARRETE-INTERPONE-DENUNCIA-EN-FGR.jpg\" \/>\n\t<meta property=\"og:image:width\" content=\"960\" \/>\n\t<meta property=\"og:image:height\" content=\"640\" \/>\n\t<meta property=\"og:image:type\" content=\"image\/jpeg\" \/>\n<meta name=\"author\" content=\"Blanca\" \/>\n<meta name=\"twitter:card\" content=\"summary_large_image\" \/>\n<meta name=\"twitter:label1\" content=\"Escrito por\" \/>\n\t<meta name=\"twitter:data1\" content=\"Blanca\" \/>\n\t<meta name=\"twitter:label2\" content=\"Tiempo de lectura\" \/>\n\t<meta name=\"twitter:data2\" content=\"2 minutos\" \/>\n<script type=\"application\/ld+json\" class=\"yoast-schema-graph\">{\"@context\":\"https:\\\/\\\/schema.org\",\"@graph\":[{\"@type\":\"Article\",\"@id\":\"https:\\\/\\\/redamlo.com\\\/index.php\\\/2021\\\/06\\\/14\\\/interpone-laura-beristain-denuncia-por-el-delito-de-violencia-politica-contra-la-mujer-en-razon-de-genero\\\/#article\",\"isPartOf\":{\"@id\":\"https:\\\/\\\/redamlo.com\\\/index.php\\\/2021\\\/06\\\/14\\\/interpone-laura-beristain-denuncia-por-el-delito-de-violencia-politica-contra-la-mujer-en-razon-de-genero\\\/\"},\"author\":{\"name\":\"Blanca\",\"@id\":\"https:\\\/\\\/redamlo.com\\\/#\\\/schema\\\/person\\\/7223a4375eb8f1a782fcae010a7115cf\"},\"headline\":\"Interpone Laura Beristain denuncia por el delito de violencia pol\u00edtica contra la mujer en raz\u00f3n de g\u00e9nero\",\"datePublished\":\"2021-06-14T15:58:44+00:00\",\"mainEntityOfPage\":{\"@id\":\"https:\\\/\\\/redamlo.com\\\/index.php\\\/2021\\\/06\\\/14\\\/interpone-laura-beristain-denuncia-por-el-delito-de-violencia-politica-contra-la-mujer-en-razon-de-genero\\\/\"},\"wordCount\":327,\"commentCount\":0,\"publisher\":{\"@id\":\"https:\\\/\\\/redamlo.com\\\/#organization\"},\"image\":{\"@id\":\"https:\\\/\\\/redamlo.com\\\/index.php\\\/2021\\\/06\\\/14\\\/interpone-laura-beristain-denuncia-por-el-delito-de-violencia-politica-contra-la-mujer-en-razon-de-genero\\\/#primaryimage\"},\"thumbnailUrl\":\"https:\\\/\\\/redamlo.com\\\/wp-content\\\/uploads\\\/2021\\\/06\\\/LAURA-BERISTAIN-NAVARRETE-INTERPONE-DENUNCIA-EN-FGR.jpg\",\"keywords\":[\"delito de violencia pol\u00edtica contra la mujer\",\"denuncia\",\"Elecciones 2021\",\"Laura Beristain\",\"Quintana Roo\",\"Solidaridad\",\"violencia de g\u00e9nero\"],\"articleSection\":[\"4T\"],\"inLanguage\":\"es\",\"potentialAction\":[{\"@type\":\"CommentAction\",\"name\":\"Comment\",\"target\":[\"https:\\\/\\\/redamlo.com\\\/index.php\\\/2021\\\/06\\\/14\\\/interpone-laura-beristain-denuncia-por-el-delito-de-violencia-politica-contra-la-mujer-en-razon-de-genero\\\/#respond\"]}]},{\"@type\":\"WebPage\",\"@id\":\"https:\\\/\\\/redamlo.com\\\/index.php\\\/2021\\\/06\\\/14\\\/interpone-laura-beristain-denuncia-por-el-delito-de-violencia-politica-contra-la-mujer-en-razon-de-genero\\\/\",\"url\":\"https:\\\/\\\/redamlo.com\\\/index.php\\\/2021\\\/06\\\/14\\\/interpone-laura-beristain-denuncia-por-el-delito-de-violencia-politica-contra-la-mujer-en-razon-de-genero\\\/\",\"name\":\"Interpone Laura Beristain denuncia por el delito de violencia pol\u00edtica contra la mujer en raz\u00f3n de g\u00e9nero - NOTICIAS DE LA 4T\",\"isPartOf\":{\"@id\":\"https:\\\/\\\/redamlo.com\\\/#website\"},\"primaryImageOfPage\":{\"@id\":\"https:\\\/\\\/redamlo.com\\\/index.php\\\/2021\\\/06\\\/14\\\/interpone-laura-beristain-denuncia-por-el-delito-de-violencia-politica-contra-la-mujer-en-razon-de-genero\\\/#primaryimage\"},\"image\":{\"@id\":\"https:\\\/\\\/redamlo.com\\\/index.php\\\/2021\\\/06\\\/14\\\/interpone-laura-beristain-denuncia-por-el-delito-de-violencia-politica-contra-la-mujer-en-razon-de-genero\\\/#primaryimage\"},\"thumbnailUrl\":\"https:\\\/\\\/redamlo.com\\\/wp-content\\\/uploads\\\/2021\\\/06\\\/LAURA-BERISTAIN-NAVARRETE-INTERPONE-DENUNCIA-EN-FGR.jpg\",\"datePublished\":\"2021-06-14T15:58:44+00:00\",\"breadcrumb\":{\"@id\":\"https:\\\/\\\/redamlo.com\\\/index.php\\\/2021\\\/06\\\/14\\\/interpone-laura-beristain-denuncia-por-el-delito-de-violencia-politica-contra-la-mujer-en-razon-de-genero\\\/#breadcrumb\"},\"inLanguage\":\"es\",\"potentialAction\":[{\"@type\":\"ReadAction\",\"target\":[\"https:\\\/\\\/redamlo.com\\\/index.php\\\/2021\\\/06\\\/14\\\/interpone-laura-beristain-denuncia-por-el-delito-de-violencia-politica-contra-la-mujer-en-razon-de-genero\\\/\"]}]},{\"@type\":\"ImageObject\",\"inLanguage\":\"es\",\"@id\":\"https:\\\/\\\/redamlo.com\\\/index.php\\\/2021\\\/06\\\/14\\\/interpone-laura-beristain-denuncia-por-el-delito-de-violencia-politica-contra-la-mujer-en-razon-de-genero\\\/#primaryimage\",\"url\":\"https:\\\/\\\/redamlo.com\\\/wp-content\\\/uploads\\\/2021\\\/06\\\/LAURA-BERISTAIN-NAVARRETE-INTERPONE-DENUNCIA-EN-FGR.jpg\",\"contentUrl\":\"https:\\\/\\\/redamlo.com\\\/wp-content\\\/uploads\\\/2021\\\/06\\\/LAURA-BERISTAIN-NAVARRETE-INTERPONE-DENUNCIA-EN-FGR.jpg\",\"width\":960,\"height\":640},{\"@type\":\"BreadcrumbList\",\"@id\":\"https:\\\/\\\/redamlo.com\\\/index.php\\\/2021\\\/06\\\/14\\\/interpone-laura-beristain-denuncia-por-el-delito-de-violencia-politica-contra-la-mujer-en-razon-de-genero\\\/#breadcrumb\",\"itemListElement\":[{\"@type\":\"ListItem\",\"position\":1,\"name\":\"Inicio\",\"item\":\"https:\\\/\\\/redamlo.com\\\/\"},{\"@type\":\"ListItem\",\"position\":2,\"name\":\"Interpone Laura Beristain denuncia por el delito de violencia pol\u00edtica contra la mujer en raz\u00f3n de g\u00e9nero\"}]},{\"@type\":\"WebSite\",\"@id\":\"https:\\\/\\\/redamlo.com\\\/#website\",\"url\":\"https:\\\/\\\/redamlo.com\\\/\",\"name\":\"NOTICIAS DE LA 4T\",\"description\":\"\",\"publisher\":{\"@id\":\"https:\\\/\\\/redamlo.com\\\/#organization\"},\"potentialAction\":[{\"@type\":\"SearchAction\",\"target\":{\"@type\":\"EntryPoint\",\"urlTemplate\":\"https:\\\/\\\/redamlo.com\\\/?s={search_term_string}\"},\"query-input\":{\"@type\":\"PropertyValueSpecification\",\"valueRequired\":true,\"valueName\":\"search_term_string\"}}],\"inLanguage\":\"es\"},{\"@type\":\"Organization\",\"@id\":\"https:\\\/\\\/redamlo.com\\\/#organization\",\"name\":\"NOTICIAS DE LA 4T\",\"url\":\"https:\\\/\\\/redamlo.com\\\/\",\"logo\":{\"@type\":\"ImageObject\",\"inLanguage\":\"es\",\"@id\":\"https:\\\/\\\/redamlo.com\\\/#\\\/schema\\\/logo\\\/image\\\/\",\"url\":\"https:\\\/\\\/redamlo.com\\\/wp-content\\\/uploads\\\/2024\\\/08\\\/cropped-RED-AMLO-logo-50.png\",\"contentUrl\":\"https:\\\/\\\/redamlo.com\\\/wp-content\\\/uploads\\\/2024\\\/08\\\/cropped-RED-AMLO-logo-50.png\",\"width\":256,\"height\":256,\"caption\":\"NOTICIAS DE LA 4T\"},\"image\":{\"@id\":\"https:\\\/\\\/redamlo.com\\\/#\\\/schema\\\/logo\\\/image\\\/\"}},{\"@type\":\"Person\",\"@id\":\"https:\\\/\\\/redamlo.com\\\/#\\\/schema\\\/person\\\/7223a4375eb8f1a782fcae010a7115cf\",\"name\":\"Blanca\",\"image\":{\"@type\":\"ImageObject\",\"inLanguage\":\"es\",\"@id\":\"https:\\\/\\\/secure.gravatar.com\\\/avatar\\\/3f79bc8336367a4e6093eae8757acaaf61d1124834b905616de7829b0273426d?s=96&d=mm&r=g\",\"url\":\"https:\\\/\\\/secure.gravatar.com\\\/avatar\\\/3f79bc8336367a4e6093eae8757acaaf61d1124834b905616de7829b0273426d?s=96&d=mm&r=g\",\"contentUrl\":\"https:\\\/\\\/secure.gravatar.com\\\/avatar\\\/3f79bc8336367a4e6093eae8757acaaf61d1124834b905616de7829b0273426d?s=96&d=mm&r=g\",\"caption\":\"Blanca\"},\"url\":\"https:\\\/\\\/redamlo.com\\\/index.php\\\/author\\\/blanca\\\/\"}]}<\/script>\n<!-- \/ Yoast SEO plugin. -->","yoast_head_json":{"title":"Interpone Laura Beristain denuncia por el delito de violencia pol\u00edtica contra la mujer en raz\u00f3n de g\u00e9nero - NOTICIAS DE LA 4T","robots":{"index":"noindex","follow":"follow","max-snippet":"max-snippet:-1","max-image-preview":"max-image-preview:large","max-video-preview":"max-video-preview:-1"},"og_locale":"es_MX","og_type":"article","og_title":"Interpone Laura Beristain denuncia por el delito de violencia pol\u00edtica contra la mujer en raz\u00f3n de g\u00e9nero - NOTICIAS DE LA 4T","og_description":"La otrora candidata a la presidencia municipal de Solidaridad por la coalici\u00f3n \u201cJuntos Haremos Historia...","og_url":"https:\/\/redamlo.com\/index.php\/2021\/06\/14\/interpone-laura-beristain-denuncia-por-el-delito-de-violencia-politica-contra-la-mujer-en-razon-de-genero\/","og_site_name":"NOTICIAS DE LA 4T","article_published_time":"2021-06-14T15:58:44+00:00","og_image":[{"width":960,"height":640,"url":"https:\/\/redamlo.com\/wp-content\/uploads\/2021\/06\/LAURA-BERISTAIN-NAVARRETE-INTERPONE-DENUNCIA-EN-FGR.jpg","type":"image\/jpeg"}],"author":"Blanca","twitter_card":"summary_large_image","twitter_misc":{"Escrito por":"Blanca","Tiempo de lectura":"2 minutos"},"schema":{"@context":"https:\/\/schema.org","@graph":[{"@type":"Article","@id":"https:\/\/redamlo.com\/index.php\/2021\/06\/14\/interpone-laura-beristain-denuncia-por-el-delito-de-violencia-politica-contra-la-mujer-en-razon-de-genero\/#article","isPartOf":{"@id":"https:\/\/redamlo.com\/index.php\/2021\/06\/14\/interpone-laura-beristain-denuncia-por-el-delito-de-violencia-politica-contra-la-mujer-en-razon-de-genero\/"},"author":{"name":"Blanca","@id":"https:\/\/redamlo.com\/#\/schema\/person\/7223a4375eb8f1a782fcae010a7115cf"},"headline":"Interpone Laura Beristain denuncia por el delito de violencia pol\u00edtica contra la mujer en raz\u00f3n de g\u00e9nero","datePublished":"2021-06-14T15:58:44+00:00","mainEntityOfPage":{"@id":"https:\/\/redamlo.com\/index.php\/2021\/06\/14\/interpone-laura-beristain-denuncia-por-el-delito-de-violencia-politica-contra-la-mujer-en-razon-de-genero\/"},"wordCount":327,"commentCount":0,"publisher":{"@id":"https:\/\/redamlo.com\/#organization"},"image":{"@id":"https:\/\/redamlo.com\/index.php\/2021\/06\/14\/interpone-laura-beristain-denuncia-por-el-delito-de-violencia-politica-contra-la-mujer-en-razon-de-genero\/#primaryimage"},"thumbnailUrl":"https:\/\/redamlo.com\/wp-content\/uploads\/2021\/06\/LAURA-BERISTAIN-NAVARRETE-INTERPONE-DENUNCIA-EN-FGR.jpg","keywords":["delito de violencia pol\u00edtica contra la mujer","denuncia","Elecciones 2021","Laura Beristain","Quintana Roo","Solidaridad","violencia de g\u00e9nero"],"articleSection":["4T"],"inLanguage":"es","potentialAction":[{"@type":"CommentAction","name":"Comment","target":["https:\/\/redamlo.com\/index.php\/2021\/06\/14\/interpone-laura-beristain-denuncia-por-el-delito-de-violencia-politica-contra-la-mujer-en-razon-de-genero\/#respond"]}]},{"@type":"WebPage","@id":"https:\/\/redamlo.com\/index.php\/2021\/06\/14\/interpone-laura-beristain-denuncia-por-el-delito-de-violencia-politica-contra-la-mujer-en-razon-de-genero\/","url":"https:\/\/redamlo.com\/index.php\/2021\/06\/14\/interpone-laura-beristain-denuncia-por-el-delito-de-violencia-politica-contra-la-mujer-en-razon-de-genero\/","name":"Interpone Laura Beristain denuncia por el delito de violencia pol\u00edtica contra la mujer en raz\u00f3n de g\u00e9nero - NOTICIAS DE LA 4T","isPartOf":{"@id":"https:\/\/redamlo.com\/#website"},"primaryImageOfPage":{"@id":"https:\/\/redamlo.com\/index.php\/2021\/06\/14\/interpone-laura-beristain-denuncia-por-el-delito-de-violencia-politica-contra-la-mujer-en-razon-de-genero\/#primaryimage"},"image":{"@id":"https:\/\/redamlo.com\/index.php\/2021\/06\/14\/interpone-laura-beristain-denuncia-por-el-delito-de-violencia-politica-contra-la-mujer-en-razon-de-genero\/#primaryimage"},"thumbnailUrl":"https:\/\/redamlo.com\/wp-content\/uploads\/2021\/06\/LAURA-BERISTAIN-NAVARRETE-INTERPONE-DENUNCIA-EN-FGR.jpg","datePublished":"2021-06-14T15:58:44+00:00","breadcrumb":{"@id":"https:\/\/redamlo.com\/index.php\/2021\/06\/14\/interpone-laura-beristain-denuncia-por-el-delito-de-violencia-politica-contra-la-mujer-en-razon-de-genero\/#breadcrumb"},"inLanguage":"es","potentialAction":[{"@type":"ReadAction","target":["https:\/\/redamlo.com\/index.php\/2021\/06\/14\/interpone-laura-beristain-denuncia-por-el-delito-de-violencia-politica-contra-la-mujer-en-razon-de-genero\/"]}]},{"@type":"ImageObject","inLanguage":"es","@id":"https:\/\/redamlo.com\/index.php\/2021\/06\/14\/interpone-laura-beristain-denuncia-por-el-delito-de-violencia-politica-contra-la-mujer-en-razon-de-genero\/#primaryimage","url":"https:\/\/redamlo.com\/wp-content\/uploads\/2021\/06\/LAURA-BERISTAIN-NAVARRETE-INTERPONE-DENUNCIA-EN-FGR.jpg","contentUrl":"https:\/\/redamlo.com\/wp-content\/uploads\/2021\/06\/LAURA-BERISTAIN-NAVARRETE-INTERPONE-DENUNCIA-EN-FGR.jpg","width":960,"height":640},{"@type":"BreadcrumbList","@id":"https:\/\/redamlo.com\/index.php\/2021\/06\/14\/interpone-laura-beristain-denuncia-por-el-delito-de-violencia-politica-contra-la-mujer-en-razon-de-genero\/#breadcrumb","itemListElement":[{"@type":"ListItem","position":1,"name":"Inicio","item":"https:\/\/redamlo.com\/"},{"@type":"ListItem","position":2,"name":"Interpone Laura Beristain denuncia por el delito de violencia pol\u00edtica contra la mujer en raz\u00f3n de g\u00e9nero"}]},{"@type":"WebSite","@id":"https:\/\/redamlo.com\/#website","url":"https:\/\/redamlo.com\/","name":"NOTICIAS DE LA 4T","description":"","publisher":{"@id":"https:\/\/redamlo.com\/#organization"},"potentialAction":[{"@type":"SearchAction","target":{"@type":"EntryPoint","urlTemplate":"https:\/\/redamlo.com\/?s={search_term_string}"},"query-input":{"@type":"PropertyValueSpecification","valueRequired":true,"valueName":"search_term_string"}}],"inLanguage":"es"},{"@type":"Organization","@id":"https:\/\/redamlo.com\/#organization","name":"NOTICIAS DE LA 4T","url":"https:\/\/redamlo.com\/","logo":{"@type":"ImageObject","inLanguage":"es","@id":"https:\/\/redamlo.com\/#\/schema\/logo\/image\/","url":"https:\/\/redamlo.com\/wp-content\/uploads\/2024\/08\/cropped-RED-AMLO-logo-50.png","contentUrl":"https:\/\/redamlo.com\/wp-content\/uploads\/2024\/08\/cropped-RED-AMLO-logo-50.png","width":256,"height":256,"caption":"NOTICIAS DE LA 4T"},"image":{"@id":"https:\/\/redamlo.com\/#\/schema\/logo\/image\/"}},{"@type":"Person","@id":"https:\/\/redamlo.com\/#\/schema\/person\/7223a4375eb8f1a782fcae010a7115cf","name":"Blanca","image":{"@type":"ImageObject","inLanguage":"es","@id":"https:\/\/secure.gravatar.com\/avatar\/3f79bc8336367a4e6093eae8757acaaf61d1124834b905616de7829b0273426d?s=96&d=mm&r=g","url":"https:\/\/secure.gravatar.com\/avatar\/3f79bc8336367a4e6093eae8757acaaf61d1124834b905616de7829b0273426d?s=96&d=mm&r=g","contentUrl":"https:\/\/secure.gravatar.com\/avatar\/3f79bc8336367a4e6093eae8757acaaf61d1124834b905616de7829b0273426d?s=96&d=mm&r=g","caption":"Blanca"},"url":"https:\/\/redamlo.com\/index.php\/author\/blanca\/"}]}},"_links":{"self":[{"href":"https:\/\/redamlo.com\/index.php\/wp-json\/wp\/v2\/posts\/4562","targetHints":{"allow":["GET"]}}],"collection":[{"href":"https:\/\/redamlo.com\/index.php\/wp-json\/wp\/v2\/posts"}],"about":[{"href":"https:\/\/redamlo.com\/index.php\/wp-json\/wp\/v2\/types\/post"}],"author":[{"embeddable":true,"href":"https:\/\/redamlo.com\/index.php\/wp-json\/wp\/v2\/users\/2"}],"replies":[{"embeddable":true,"href":"https:\/\/redamlo.com\/index.php\/wp-json\/wp\/v2\/comments?post=4562"}],"version-history":[{"count":0,"href":"https:\/\/redamlo.com\/index.php\/wp-json\/wp\/v2\/posts\/4562\/revisions"}],"wp:featuredmedia":[{"embeddable":true,"href":"https:\/\/redamlo.com\/index.php\/wp-json\/wp\/v2\/media\/4564"}],"wp:attachment":[{"href":"https:\/\/redamlo.com\/index.php\/wp-json\/wp\/v2\/media?parent=4562"}],"wp:term":[{"taxonomy":"category","embeddable":true,"href":"https:\/\/redamlo.com\/index.php\/wp-json\/wp\/v2\/categories?post=4562"},{"taxonomy":"post_tag","embeddable":true,"href":"https:\/\/redamlo.com\/index.php\/wp-json\/wp\/v2\/tags?post=4562"}],"curies":[{"name":"wp","href":"https:\/\/api.w.org\/{rel}","templated":true}]}}