{"id":454,"date":"2019-09-22T15:35:31","date_gmt":"2019-09-22T20:35:31","guid":{"rendered":"http:\/\/redamlo.com\/?p=454"},"modified":"2019-09-22T15:35:31","modified_gmt":"2019-09-22T20:35:31","slug":"a-quien-le-interesa-que-maten-a-un-policia","status":"publish","type":"post","link":"https:\/\/redamlo.com\/index.php\/2019\/09\/22\/a-quien-le-interesa-que-maten-a-un-policia\/","title":{"rendered":"\u00bfA QUI\u00c9N LE INTERESA QUE MATEN A UN POLICIA?"},"content":{"rendered":"<h3>Tulum en Red &amp; Cdmx Press.-<\/h3>\n<h3>Por H\u00e9ctor Valdez<\/h3>\n<p>La muerte de polic\u00edas en nuestro Estado, se ha convertido en algo frecuente, e independientemente de las opiniones donde inclusive algunas personas manifiestan frases como: \u201cseguro era corrupto\u201d, \u201dseguro no lo mataron por ser buena persona \u201d , \u201cuna rata menos\u201d, entre otras que demuestran la poca empat\u00eda que se tiene con los servidores p\u00fablicos encargados de la seguridad de nuestra poblaci\u00f3n, los homicidios en agravio de polic\u00edas sin importar si son Polic\u00edas Preventivos o Ministeriales, acarrea graves consecuencias para la sociedad.<\/p>\n<p>La muerte de polic\u00edas derivado de actos de la delincuencia, incrementa entre los ciudadanos el temor fundado de sentir que su integridad est\u00e1 en riesgo permanente, toda vez, que si, a un polic\u00eda le arrebatan la vida de manera tan impune, los ciudadanos no podemos sentirnos seguros.<\/p>\n<p>La muerte de ninguna persona se debe tratar como algo sin mayor importancia, y en este caso la muerte de polic\u00edas en nuestro Estado no debe de trivializarse, ya que, c\u00f3mo exigirles que nos protejan, si las instituciones para las cuales prestan sus servicios y desde luego el Estado en general no es capaz de protegerlos.<\/p>\n<p>Al referirme a protegerlos es en el sentido de que cuenten con los instrumentos adecuados para enfrentar a la delincuencia de manera tal que no se encuentren en desventaja.<\/p>\n<p>Requieren de mandos que no s\u00f3lo lo sean en el papel, sino que sean verdaderos l\u00edderes, que no act\u00faen como si se tratara de operar una maquinaria, que entiendan que dirigen a seres humanos que a su vez se dedican a servir a otros seres humanos, que los valores y respetos a sus derechos son aplicables para unos y otros, que sepan trabajar en equipo por el bien de nuestra comunidad<\/p>\n","protected":false},"excerpt":{"rendered":"<p>Tulum en Red &amp; Cdmx Press.- Por H\u00e9ctor Valdez La muerte de polic\u00edas en nuestro&#8230;<\/p>\n","protected":false},"author":2,"featured_media":456,"comment_status":"open","ping_status":"closed","sticky":false,"template":"","format":"standard","meta":{"footnotes":""},"categories":[6,20],"tags":[],"class_list":["post-454","post","type-post","status-publish","format-standard","has-post-thumbnail","hentry","category-estados","category-nacionales"],"yoast_head":"<!-- This site is optimized with the Yoast SEO plugin v27.5 - https:\/\/yoast.com\/product\/yoast-seo-wordpress\/ -->\n<title>\u00bfA QUI\u00c9N LE INTERESA QUE MATEN A UN POLICIA? - NOTICIAS DE LA 4T<\/title>\n<meta name=\"robots\" content=\"noindex, follow, max-snippet:-1, max-image-preview:large, max-video-preview:-1\" \/>\n<meta property=\"og:locale\" content=\"es_MX\" \/>\n<meta property=\"og:type\" content=\"article\" \/>\n<meta property=\"og:title\" content=\"\u00bfA QUI\u00c9N LE INTERESA QUE MATEN A UN POLICIA? - NOTICIAS DE LA 4T\" \/>\n<meta property=\"og:description\" content=\"Tulum en Red &amp; Cdmx Press.- Por H\u00e9ctor Valdez La muerte de polic\u00edas en nuestro...\" \/>\n<meta property=\"og:url\" content=\"https:\/\/redamlo.com\/index.php\/2019\/09\/22\/a-quien-le-interesa-que-maten-a-un-policia\/\" \/>\n<meta property=\"og:site_name\" content=\"NOTICIAS DE LA 4T\" \/>\n<meta property=\"article:published_time\" content=\"2019-09-22T20:35:31+00:00\" \/>\n<meta property=\"og:image\" content=\"https:\/\/redamlo.com\/wp-content\/uploads\/2019\/09\/policia.jpg\" \/>\n\t<meta property=\"og:image:width\" content=\"640\" \/>\n\t<meta property=\"og:image:height\" content=\"427\" \/>\n\t<meta property=\"og:image:type\" content=\"image\/jpeg\" \/>\n<meta name=\"author\" content=\"Blanca\" \/>\n<meta name=\"twitter:card\" content=\"summary_large_image\" \/>\n<meta name=\"twitter:label1\" content=\"Escrito por\" \/>\n\t<meta name=\"twitter:data1\" content=\"Blanca\" \/>\n\t<meta name=\"twitter:label2\" content=\"Tiempo de lectura\" \/>\n\t<meta name=\"twitter:data2\" content=\"2 minutos\" \/>\n<script type=\"application\/ld+json\" class=\"yoast-schema-graph\">{\"@context\":\"https:\\\/\\\/schema.org\",\"@graph\":[{\"@type\":\"Article\",\"@id\":\"https:\\\/\\\/redamlo.com\\\/index.php\\\/2019\\\/09\\\/22\\\/a-quien-le-interesa-que-maten-a-un-policia\\\/#article\",\"isPartOf\":{\"@id\":\"https:\\\/\\\/redamlo.com\\\/index.php\\\/2019\\\/09\\\/22\\\/a-quien-le-interesa-que-maten-a-un-policia\\\/\"},\"author\":{\"name\":\"Blanca\",\"@id\":\"https:\\\/\\\/redamlo.com\\\/#\\\/schema\\\/person\\\/7223a4375eb8f1a782fcae010a7115cf\"},\"headline\":\"\u00bfA QUI\u00c9N LE INTERESA QUE MATEN A UN POLICIA?\",\"datePublished\":\"2019-09-22T20:35:31+00:00\",\"mainEntityOfPage\":{\"@id\":\"https:\\\/\\\/redamlo.com\\\/index.php\\\/2019\\\/09\\\/22\\\/a-quien-le-interesa-que-maten-a-un-policia\\\/\"},\"wordCount\":317,\"commentCount\":0,\"publisher\":{\"@id\":\"https:\\\/\\\/redamlo.com\\\/#organization\"},\"image\":{\"@id\":\"https:\\\/\\\/redamlo.com\\\/index.php\\\/2019\\\/09\\\/22\\\/a-quien-le-interesa-que-maten-a-un-policia\\\/#primaryimage\"},\"thumbnailUrl\":\"https:\\\/\\\/redamlo.com\\\/wp-content\\\/uploads\\\/2019\\\/09\\\/policia.jpg\",\"articleSection\":[\"Estados\",\"Nacionales\"],\"inLanguage\":\"es\",\"potentialAction\":[{\"@type\":\"CommentAction\",\"name\":\"Comment\",\"target\":[\"https:\\\/\\\/redamlo.com\\\/index.php\\\/2019\\\/09\\\/22\\\/a-quien-le-interesa-que-maten-a-un-policia\\\/#respond\"]}]},{\"@type\":\"WebPage\",\"@id\":\"https:\\\/\\\/redamlo.com\\\/index.php\\\/2019\\\/09\\\/22\\\/a-quien-le-interesa-que-maten-a-un-policia\\\/\",\"url\":\"https:\\\/\\\/redamlo.com\\\/index.php\\\/2019\\\/09\\\/22\\\/a-quien-le-interesa-que-maten-a-un-policia\\\/\",\"name\":\"\u00bfA QUI\u00c9N LE INTERESA QUE MATEN A UN POLICIA? - NOTICIAS DE LA 4T\",\"isPartOf\":{\"@id\":\"https:\\\/\\\/redamlo.com\\\/#website\"},\"primaryImageOfPage\":{\"@id\":\"https:\\\/\\\/redamlo.com\\\/index.php\\\/2019\\\/09\\\/22\\\/a-quien-le-interesa-que-maten-a-un-policia\\\/#primaryimage\"},\"image\":{\"@id\":\"https:\\\/\\\/redamlo.com\\\/index.php\\\/2019\\\/09\\\/22\\\/a-quien-le-interesa-que-maten-a-un-policia\\\/#primaryimage\"},\"thumbnailUrl\":\"https:\\\/\\\/redamlo.com\\\/wp-content\\\/uploads\\\/2019\\\/09\\\/policia.jpg\",\"datePublished\":\"2019-09-22T20:35:31+00:00\",\"breadcrumb\":{\"@id\":\"https:\\\/\\\/redamlo.com\\\/index.php\\\/2019\\\/09\\\/22\\\/a-quien-le-interesa-que-maten-a-un-policia\\\/#breadcrumb\"},\"inLanguage\":\"es\",\"potentialAction\":[{\"@type\":\"ReadAction\",\"target\":[\"https:\\\/\\\/redamlo.com\\\/index.php\\\/2019\\\/09\\\/22\\\/a-quien-le-interesa-que-maten-a-un-policia\\\/\"]}]},{\"@type\":\"ImageObject\",\"inLanguage\":\"es\",\"@id\":\"https:\\\/\\\/redamlo.com\\\/index.php\\\/2019\\\/09\\\/22\\\/a-quien-le-interesa-que-maten-a-un-policia\\\/#primaryimage\",\"url\":\"https:\\\/\\\/redamlo.com\\\/wp-content\\\/uploads\\\/2019\\\/09\\\/policia.jpg\",\"contentUrl\":\"https:\\\/\\\/redamlo.com\\\/wp-content\\\/uploads\\\/2019\\\/09\\\/policia.jpg\",\"width\":640,\"height\":427},{\"@type\":\"BreadcrumbList\",\"@id\":\"https:\\\/\\\/redamlo.com\\\/index.php\\\/2019\\\/09\\\/22\\\/a-quien-le-interesa-que-maten-a-un-policia\\\/#breadcrumb\",\"itemListElement\":[{\"@type\":\"ListItem\",\"position\":1,\"name\":\"Inicio\",\"item\":\"https:\\\/\\\/redamlo.com\\\/\"},{\"@type\":\"ListItem\",\"position\":2,\"name\":\"\u00bfA QUI\u00c9N LE INTERESA QUE MATEN A UN POLICIA?\"}]},{\"@type\":\"WebSite\",\"@id\":\"https:\\\/\\\/redamlo.com\\\/#website\",\"url\":\"https:\\\/\\\/redamlo.com\\\/\",\"name\":\"NOTICIAS DE LA 4T\",\"description\":\"\",\"publisher\":{\"@id\":\"https:\\\/\\\/redamlo.com\\\/#organization\"},\"potentialAction\":[{\"@type\":\"SearchAction\",\"target\":{\"@type\":\"EntryPoint\",\"urlTemplate\":\"https:\\\/\\\/redamlo.com\\\/?s={search_term_string}\"},\"query-input\":{\"@type\":\"PropertyValueSpecification\",\"valueRequired\":true,\"valueName\":\"search_term_string\"}}],\"inLanguage\":\"es\"},{\"@type\":\"Organization\",\"@id\":\"https:\\\/\\\/redamlo.com\\\/#organization\",\"name\":\"NOTICIAS DE LA 4T\",\"url\":\"https:\\\/\\\/redamlo.com\\\/\",\"logo\":{\"@type\":\"ImageObject\",\"inLanguage\":\"es\",\"@id\":\"https:\\\/\\\/redamlo.com\\\/#\\\/schema\\\/logo\\\/image\\\/\",\"url\":\"https:\\\/\\\/redamlo.com\\\/wp-content\\\/uploads\\\/2024\\\/08\\\/cropped-RED-AMLO-logo-50.png\",\"contentUrl\":\"https:\\\/\\\/redamlo.com\\\/wp-content\\\/uploads\\\/2024\\\/08\\\/cropped-RED-AMLO-logo-50.png\",\"width\":256,\"height\":256,\"caption\":\"NOTICIAS DE LA 4T\"},\"image\":{\"@id\":\"https:\\\/\\\/redamlo.com\\\/#\\\/schema\\\/logo\\\/image\\\/\"}},{\"@type\":\"Person\",\"@id\":\"https:\\\/\\\/redamlo.com\\\/#\\\/schema\\\/person\\\/7223a4375eb8f1a782fcae010a7115cf\",\"name\":\"Blanca\",\"image\":{\"@type\":\"ImageObject\",\"inLanguage\":\"es\",\"@id\":\"https:\\\/\\\/secure.gravatar.com\\\/avatar\\\/3f79bc8336367a4e6093eae8757acaaf61d1124834b905616de7829b0273426d?s=96&d=mm&r=g\",\"url\":\"https:\\\/\\\/secure.gravatar.com\\\/avatar\\\/3f79bc8336367a4e6093eae8757acaaf61d1124834b905616de7829b0273426d?s=96&d=mm&r=g\",\"contentUrl\":\"https:\\\/\\\/secure.gravatar.com\\\/avatar\\\/3f79bc8336367a4e6093eae8757acaaf61d1124834b905616de7829b0273426d?s=96&d=mm&r=g\",\"caption\":\"Blanca\"},\"url\":\"https:\\\/\\\/redamlo.com\\\/index.php\\\/author\\\/blanca\\\/\"}]}<\/script>\n<!-- \/ Yoast SEO plugin. -->","yoast_head_json":{"title":"\u00bfA QUI\u00c9N LE INTERESA QUE MATEN A UN POLICIA? - NOTICIAS DE LA 4T","robots":{"index":"noindex","follow":"follow","max-snippet":"max-snippet:-1","max-image-preview":"max-image-preview:large","max-video-preview":"max-video-preview:-1"},"og_locale":"es_MX","og_type":"article","og_title":"\u00bfA QUI\u00c9N LE INTERESA QUE MATEN A UN POLICIA? - NOTICIAS DE LA 4T","og_description":"Tulum en Red &amp; Cdmx Press.- Por H\u00e9ctor Valdez La muerte de polic\u00edas en nuestro...","og_url":"https:\/\/redamlo.com\/index.php\/2019\/09\/22\/a-quien-le-interesa-que-maten-a-un-policia\/","og_site_name":"NOTICIAS DE LA 4T","article_published_time":"2019-09-22T20:35:31+00:00","og_image":[{"width":640,"height":427,"url":"https:\/\/redamlo.com\/wp-content\/uploads\/2019\/09\/policia.jpg","type":"image\/jpeg"}],"author":"Blanca","twitter_card":"summary_large_image","twitter_misc":{"Escrito por":"Blanca","Tiempo de lectura":"2 minutos"},"schema":{"@context":"https:\/\/schema.org","@graph":[{"@type":"Article","@id":"https:\/\/redamlo.com\/index.php\/2019\/09\/22\/a-quien-le-interesa-que-maten-a-un-policia\/#article","isPartOf":{"@id":"https:\/\/redamlo.com\/index.php\/2019\/09\/22\/a-quien-le-interesa-que-maten-a-un-policia\/"},"author":{"name":"Blanca","@id":"https:\/\/redamlo.com\/#\/schema\/person\/7223a4375eb8f1a782fcae010a7115cf"},"headline":"\u00bfA QUI\u00c9N LE INTERESA QUE MATEN A UN POLICIA?","datePublished":"2019-09-22T20:35:31+00:00","mainEntityOfPage":{"@id":"https:\/\/redamlo.com\/index.php\/2019\/09\/22\/a-quien-le-interesa-que-maten-a-un-policia\/"},"wordCount":317,"commentCount":0,"publisher":{"@id":"https:\/\/redamlo.com\/#organization"},"image":{"@id":"https:\/\/redamlo.com\/index.php\/2019\/09\/22\/a-quien-le-interesa-que-maten-a-un-policia\/#primaryimage"},"thumbnailUrl":"https:\/\/redamlo.com\/wp-content\/uploads\/2019\/09\/policia.jpg","articleSection":["Estados","Nacionales"],"inLanguage":"es","potentialAction":[{"@type":"CommentAction","name":"Comment","target":["https:\/\/redamlo.com\/index.php\/2019\/09\/22\/a-quien-le-interesa-que-maten-a-un-policia\/#respond"]}]},{"@type":"WebPage","@id":"https:\/\/redamlo.com\/index.php\/2019\/09\/22\/a-quien-le-interesa-que-maten-a-un-policia\/","url":"https:\/\/redamlo.com\/index.php\/2019\/09\/22\/a-quien-le-interesa-que-maten-a-un-policia\/","name":"\u00bfA QUI\u00c9N LE INTERESA QUE MATEN A UN POLICIA? - NOTICIAS DE LA 4T","isPartOf":{"@id":"https:\/\/redamlo.com\/#website"},"primaryImageOfPage":{"@id":"https:\/\/redamlo.com\/index.php\/2019\/09\/22\/a-quien-le-interesa-que-maten-a-un-policia\/#primaryimage"},"image":{"@id":"https:\/\/redamlo.com\/index.php\/2019\/09\/22\/a-quien-le-interesa-que-maten-a-un-policia\/#primaryimage"},"thumbnailUrl":"https:\/\/redamlo.com\/wp-content\/uploads\/2019\/09\/policia.jpg","datePublished":"2019-09-22T20:35:31+00:00","breadcrumb":{"@id":"https:\/\/redamlo.com\/index.php\/2019\/09\/22\/a-quien-le-interesa-que-maten-a-un-policia\/#breadcrumb"},"inLanguage":"es","potentialAction":[{"@type":"ReadAction","target":["https:\/\/redamlo.com\/index.php\/2019\/09\/22\/a-quien-le-interesa-que-maten-a-un-policia\/"]}]},{"@type":"ImageObject","inLanguage":"es","@id":"https:\/\/redamlo.com\/index.php\/2019\/09\/22\/a-quien-le-interesa-que-maten-a-un-policia\/#primaryimage","url":"https:\/\/redamlo.com\/wp-content\/uploads\/2019\/09\/policia.jpg","contentUrl":"https:\/\/redamlo.com\/wp-content\/uploads\/2019\/09\/policia.jpg","width":640,"height":427},{"@type":"BreadcrumbList","@id":"https:\/\/redamlo.com\/index.php\/2019\/09\/22\/a-quien-le-interesa-que-maten-a-un-policia\/#breadcrumb","itemListElement":[{"@type":"ListItem","position":1,"name":"Inicio","item":"https:\/\/redamlo.com\/"},{"@type":"ListItem","position":2,"name":"\u00bfA QUI\u00c9N LE INTERESA QUE MATEN A UN POLICIA?"}]},{"@type":"WebSite","@id":"https:\/\/redamlo.com\/#website","url":"https:\/\/redamlo.com\/","name":"NOTICIAS DE LA 4T","description":"","publisher":{"@id":"https:\/\/redamlo.com\/#organization"},"potentialAction":[{"@type":"SearchAction","target":{"@type":"EntryPoint","urlTemplate":"https:\/\/redamlo.com\/?s={search_term_string}"},"query-input":{"@type":"PropertyValueSpecification","valueRequired":true,"valueName":"search_term_string"}}],"inLanguage":"es"},{"@type":"Organization","@id":"https:\/\/redamlo.com\/#organization","name":"NOTICIAS DE LA 4T","url":"https:\/\/redamlo.com\/","logo":{"@type":"ImageObject","inLanguage":"es","@id":"https:\/\/redamlo.com\/#\/schema\/logo\/image\/","url":"https:\/\/redamlo.com\/wp-content\/uploads\/2024\/08\/cropped-RED-AMLO-logo-50.png","contentUrl":"https:\/\/redamlo.com\/wp-content\/uploads\/2024\/08\/cropped-RED-AMLO-logo-50.png","width":256,"height":256,"caption":"NOTICIAS DE LA 4T"},"image":{"@id":"https:\/\/redamlo.com\/#\/schema\/logo\/image\/"}},{"@type":"Person","@id":"https:\/\/redamlo.com\/#\/schema\/person\/7223a4375eb8f1a782fcae010a7115cf","name":"Blanca","image":{"@type":"ImageObject","inLanguage":"es","@id":"https:\/\/secure.gravatar.com\/avatar\/3f79bc8336367a4e6093eae8757acaaf61d1124834b905616de7829b0273426d?s=96&d=mm&r=g","url":"https:\/\/secure.gravatar.com\/avatar\/3f79bc8336367a4e6093eae8757acaaf61d1124834b905616de7829b0273426d?s=96&d=mm&r=g","contentUrl":"https:\/\/secure.gravatar.com\/avatar\/3f79bc8336367a4e6093eae8757acaaf61d1124834b905616de7829b0273426d?s=96&d=mm&r=g","caption":"Blanca"},"url":"https:\/\/redamlo.com\/index.php\/author\/blanca\/"}]}},"_links":{"self":[{"href":"https:\/\/redamlo.com\/index.php\/wp-json\/wp\/v2\/posts\/454","targetHints":{"allow":["GET"]}}],"collection":[{"href":"https:\/\/redamlo.com\/index.php\/wp-json\/wp\/v2\/posts"}],"about":[{"href":"https:\/\/redamlo.com\/index.php\/wp-json\/wp\/v2\/types\/post"}],"author":[{"embeddable":true,"href":"https:\/\/redamlo.com\/index.php\/wp-json\/wp\/v2\/users\/2"}],"replies":[{"embeddable":true,"href":"https:\/\/redamlo.com\/index.php\/wp-json\/wp\/v2\/comments?post=454"}],"version-history":[{"count":0,"href":"https:\/\/redamlo.com\/index.php\/wp-json\/wp\/v2\/posts\/454\/revisions"}],"wp:featuredmedia":[{"embeddable":true,"href":"https:\/\/redamlo.com\/index.php\/wp-json\/wp\/v2\/media\/456"}],"wp:attachment":[{"href":"https:\/\/redamlo.com\/index.php\/wp-json\/wp\/v2\/media?parent=454"}],"wp:term":[{"taxonomy":"category","embeddable":true,"href":"https:\/\/redamlo.com\/index.php\/wp-json\/wp\/v2\/categories?post=454"},{"taxonomy":"post_tag","embeddable":true,"href":"https:\/\/redamlo.com\/index.php\/wp-json\/wp\/v2\/tags?post=454"}],"curies":[{"name":"wp","href":"https:\/\/api.w.org\/{rel}","templated":true}]}}