{"id":4531,"date":"2021-06-09T17:00:17","date_gmt":"2021-06-09T17:00:17","guid":{"rendered":"https:\/\/redamlo.com\/?p=4531"},"modified":"2021-06-09T17:00:17","modified_gmt":"2021-06-09T17:00:17","slug":"lopez-obrador-informa-cambios-en-su-gabinete-rogelio-ramirez-de-la-o-llega-a-la-shcp-y-arturo-herrera-se-postula-como-gobernador-del-banxico","status":"publish","type":"post","link":"https:\/\/redamlo.com\/index.php\/2021\/06\/09\/lopez-obrador-informa-cambios-en-su-gabinete-rogelio-ramirez-de-la-o-llega-a-la-shcp-y-arturo-herrera-se-postula-como-gobernador-del-banxico\/","title":{"rendered":"L\u00f3pez Obrador informa cambios en su gabinete; Rogelio Ram\u00edrez de la O llega a la SHCP y Arturo Herrera se postula como gobernador del Banxico"},"content":{"rendered":"<p style=\"text-align: justify;\"><span style=\"color: #000000; font-family: Arial, Helvetica, sans-serif;\">M\u00c9XICO, 09 de junio de 2021.- El presidente de M\u00e9xico, Andr\u00e9s Manuel L\u00f3pez Obrador anunci\u00f3 que Arturo Herrera Guti\u00e9rrez ser\u00e1 propuesto como gobernador del Banco de M\u00e9xico y Rogelio Ram\u00edrez de la O asumir\u00e1 la titularidad de la Secretar\u00eda de Hacienda y Cr\u00e9dito P\u00fablico (SHCP).<\/span><\/p>\n<p style=\"text-align: justify;\"><span style=\"color: #000000; font-family: Arial, Helvetica, sans-serif;\">\u201cUn cambio para el bien de M\u00e9xico. (\u2026) Continuaremos actuando con responsabilidad, sin endeudar al pa\u00eds, no gastando m\u00e1s de lo que ingrese al erario, con austeridad, honestidad, sin aumentar impuestos ni el precio de las gasolinas, el di\u00e9sel, el gas o la luz y, algo muy importante, en el destino del presupuesto primero los pobres\u201d, expres\u00f3 en un mensaje en sus redes sociales el jefe del Ejecutivo.<\/span><\/p>\n<p style=\"text-align: justify;\"><span style=\"color: #000000; font-family: Arial, Helvetica, sans-serif;\">El mandatario reconoci\u00f3 el profesionalismo y la formaci\u00f3n acad\u00e9mica de ambos economistas.<\/span><\/p>\n<p style=\"text-align: justify;\"><span style=\"color: #000000; font-family: Arial, Helvetica, sans-serif;\">Rogelio Ram\u00edrez de la O es doctor en econom\u00eda egresado de la Universidad Nacional Aut\u00f3noma de M\u00e9xico y de la Universidad de Cambridge.\u00a0<\/span><\/p>\n<p><iframe loading=\"lazy\" title=\"Cambio de titular en SHCP y propuesta de gobernador para el Banco de M\u00e9xico\" width=\"640\" height=\"360\" src=\"https:\/\/www.youtube.com\/embed\/edpzsOn5Ls8?feature=oembed\" frameborder=\"0\" allow=\"accelerometer; autoplay; clipboard-write; encrypted-media; gyroscope; picture-in-picture; web-share\" referrerpolicy=\"strict-origin-when-cross-origin\" allowfullscreen><\/iframe><\/p>\n","protected":false},"excerpt":{"rendered":"<p>M\u00c9XICO, 09 de junio de 2021.- El presidente de M\u00e9xico, Andr\u00e9s Manuel L\u00f3pez Obrador anunci\u00f3&#8230;<\/p>\n","protected":false},"author":2,"featured_media":4534,"comment_status":"open","ping_status":"closed","sticky":false,"template":"","format":"standard","meta":{"footnotes":""},"categories":[25,20,27],"tags":[84,131,939,940,941,556,9,942,896],"class_list":["post-4531","post","type-post","status-publish","format-standard","has-post-thumbnail","hentry","category-4t","category-nacionales","category-presidencia","tag-amlo","tag-andres-manuel-lopez-obrador","tag-arturo-herrera","tag-banxico","tag-cambios-en-gabinete","tag-gobierno-de-mexico","tag-mexico","tag-rogelio-ramirez-de-la-o","tag-shcp"],"yoast_head":"<!-- This site is optimized with the Yoast SEO plugin v27.5 - https:\/\/yoast.com\/product\/yoast-seo-wordpress\/ -->\n<title>L\u00f3pez Obrador informa cambios en su gabinete; Rogelio Ram\u00edrez de la O llega a la SHCP y Arturo Herrera se postula como gobernador del Banxico - NOTICIAS DE LA 4T<\/title>\n<meta name=\"robots\" content=\"noindex, follow, max-snippet:-1, max-image-preview:large, max-video-preview:-1\" \/>\n<meta property=\"og:locale\" content=\"es_MX\" \/>\n<meta property=\"og:type\" content=\"article\" \/>\n<meta property=\"og:title\" content=\"L\u00f3pez Obrador informa cambios en su gabinete; Rogelio Ram\u00edrez de la O llega a la SHCP y Arturo Herrera se postula como gobernador del Banxico - NOTICIAS DE LA 4T\" \/>\n<meta property=\"og:description\" content=\"M\u00c9XICO, 09 de junio de 2021.- El presidente de M\u00e9xico, Andr\u00e9s Manuel L\u00f3pez Obrador anunci\u00f3...\" \/>\n<meta property=\"og:url\" content=\"https:\/\/redamlo.com\/index.php\/2021\/06\/09\/lopez-obrador-informa-cambios-en-su-gabinete-rogelio-ramirez-de-la-o-llega-a-la-shcp-y-arturo-herrera-se-postula-como-gobernador-del-banxico\/\" \/>\n<meta property=\"og:site_name\" content=\"NOTICIAS DE LA 4T\" \/>\n<meta property=\"article:published_time\" content=\"2021-06-09T17:00:17+00:00\" \/>\n<meta property=\"og:image\" content=\"https:\/\/redamlo.com\/wp-content\/uploads\/2021\/06\/Lopez-Obrador-informa-cambios-en-su-gabinete-Rogelio-Ramirez-de-la-O-llega-a-la-SHCP-y-Arturo-Herrera-se-postula-como-gobernador-del-Banxico.jpeg\" \/>\n\t<meta property=\"og:image:width\" content=\"770\" \/>\n\t<meta property=\"og:image:height\" content=\"473\" \/>\n\t<meta property=\"og:image:type\" content=\"image\/jpeg\" \/>\n<meta name=\"author\" content=\"Blanca\" \/>\n<meta name=\"twitter:card\" content=\"summary_large_image\" \/>\n<meta name=\"twitter:label1\" content=\"Escrito por\" \/>\n\t<meta name=\"twitter:data1\" content=\"Blanca\" \/>\n\t<meta name=\"twitter:label2\" content=\"Tiempo de lectura\" \/>\n\t<meta name=\"twitter:data2\" content=\"1 minuto\" \/>\n<script type=\"application\/ld+json\" class=\"yoast-schema-graph\">{\"@context\":\"https:\\\/\\\/schema.org\",\"@graph\":[{\"@type\":\"Article\",\"@id\":\"https:\\\/\\\/redamlo.com\\\/index.php\\\/2021\\\/06\\\/09\\\/lopez-obrador-informa-cambios-en-su-gabinete-rogelio-ramirez-de-la-o-llega-a-la-shcp-y-arturo-herrera-se-postula-como-gobernador-del-banxico\\\/#article\",\"isPartOf\":{\"@id\":\"https:\\\/\\\/redamlo.com\\\/index.php\\\/2021\\\/06\\\/09\\\/lopez-obrador-informa-cambios-en-su-gabinete-rogelio-ramirez-de-la-o-llega-a-la-shcp-y-arturo-herrera-se-postula-como-gobernador-del-banxico\\\/\"},\"author\":{\"name\":\"Blanca\",\"@id\":\"https:\\\/\\\/redamlo.com\\\/#\\\/schema\\\/person\\\/7223a4375eb8f1a782fcae010a7115cf\"},\"headline\":\"L\u00f3pez Obrador informa cambios en su gabinete; Rogelio Ram\u00edrez de la O llega a la SHCP y Arturo Herrera se postula como gobernador del Banxico\",\"datePublished\":\"2021-06-09T17:00:17+00:00\",\"mainEntityOfPage\":{\"@id\":\"https:\\\/\\\/redamlo.com\\\/index.php\\\/2021\\\/06\\\/09\\\/lopez-obrador-informa-cambios-en-su-gabinete-rogelio-ramirez-de-la-o-llega-a-la-shcp-y-arturo-herrera-se-postula-como-gobernador-del-banxico\\\/\"},\"wordCount\":205,\"commentCount\":0,\"publisher\":{\"@id\":\"https:\\\/\\\/redamlo.com\\\/#organization\"},\"image\":{\"@id\":\"https:\\\/\\\/redamlo.com\\\/index.php\\\/2021\\\/06\\\/09\\\/lopez-obrador-informa-cambios-en-su-gabinete-rogelio-ramirez-de-la-o-llega-a-la-shcp-y-arturo-herrera-se-postula-como-gobernador-del-banxico\\\/#primaryimage\"},\"thumbnailUrl\":\"https:\\\/\\\/redamlo.com\\\/wp-content\\\/uploads\\\/2021\\\/06\\\/Lopez-Obrador-informa-cambios-en-su-gabinete-Rogelio-Ramirez-de-la-O-llega-a-la-SHCP-y-Arturo-Herrera-se-postula-como-gobernador-del-Banxico.jpeg\",\"keywords\":[\"AMLO\",\"Andr\u00e9s Manuel L\u00f3pez Obrador\",\"Arturo Herrera\",\"Banxico\",\"cambios en gabinete\",\"Gobierno de M\u00e9xico\",\"M\u00e9xico\",\"Rogelio Ram\u00edrez de la O\",\"SHCP\"],\"articleSection\":[\"4T\",\"Nacionales\",\"Presidencia\"],\"inLanguage\":\"es\",\"potentialAction\":[{\"@type\":\"CommentAction\",\"name\":\"Comment\",\"target\":[\"https:\\\/\\\/redamlo.com\\\/index.php\\\/2021\\\/06\\\/09\\\/lopez-obrador-informa-cambios-en-su-gabinete-rogelio-ramirez-de-la-o-llega-a-la-shcp-y-arturo-herrera-se-postula-como-gobernador-del-banxico\\\/#respond\"]}]},{\"@type\":\"WebPage\",\"@id\":\"https:\\\/\\\/redamlo.com\\\/index.php\\\/2021\\\/06\\\/09\\\/lopez-obrador-informa-cambios-en-su-gabinete-rogelio-ramirez-de-la-o-llega-a-la-shcp-y-arturo-herrera-se-postula-como-gobernador-del-banxico\\\/\",\"url\":\"https:\\\/\\\/redamlo.com\\\/index.php\\\/2021\\\/06\\\/09\\\/lopez-obrador-informa-cambios-en-su-gabinete-rogelio-ramirez-de-la-o-llega-a-la-shcp-y-arturo-herrera-se-postula-como-gobernador-del-banxico\\\/\",\"name\":\"L\u00f3pez Obrador informa cambios en su gabinete; Rogelio Ram\u00edrez de la O llega a la SHCP y Arturo Herrera se postula como gobernador del Banxico - NOTICIAS DE LA 4T\",\"isPartOf\":{\"@id\":\"https:\\\/\\\/redamlo.com\\\/#website\"},\"primaryImageOfPage\":{\"@id\":\"https:\\\/\\\/redamlo.com\\\/index.php\\\/2021\\\/06\\\/09\\\/lopez-obrador-informa-cambios-en-su-gabinete-rogelio-ramirez-de-la-o-llega-a-la-shcp-y-arturo-herrera-se-postula-como-gobernador-del-banxico\\\/#primaryimage\"},\"image\":{\"@id\":\"https:\\\/\\\/redamlo.com\\\/index.php\\\/2021\\\/06\\\/09\\\/lopez-obrador-informa-cambios-en-su-gabinete-rogelio-ramirez-de-la-o-llega-a-la-shcp-y-arturo-herrera-se-postula-como-gobernador-del-banxico\\\/#primaryimage\"},\"thumbnailUrl\":\"https:\\\/\\\/redamlo.com\\\/wp-content\\\/uploads\\\/2021\\\/06\\\/Lopez-Obrador-informa-cambios-en-su-gabinete-Rogelio-Ramirez-de-la-O-llega-a-la-SHCP-y-Arturo-Herrera-se-postula-como-gobernador-del-Banxico.jpeg\",\"datePublished\":\"2021-06-09T17:00:17+00:00\",\"breadcrumb\":{\"@id\":\"https:\\\/\\\/redamlo.com\\\/index.php\\\/2021\\\/06\\\/09\\\/lopez-obrador-informa-cambios-en-su-gabinete-rogelio-ramirez-de-la-o-llega-a-la-shcp-y-arturo-herrera-se-postula-como-gobernador-del-banxico\\\/#breadcrumb\"},\"inLanguage\":\"es\",\"potentialAction\":[{\"@type\":\"ReadAction\",\"target\":[\"https:\\\/\\\/redamlo.com\\\/index.php\\\/2021\\\/06\\\/09\\\/lopez-obrador-informa-cambios-en-su-gabinete-rogelio-ramirez-de-la-o-llega-a-la-shcp-y-arturo-herrera-se-postula-como-gobernador-del-banxico\\\/\"]}]},{\"@type\":\"ImageObject\",\"inLanguage\":\"es\",\"@id\":\"https:\\\/\\\/redamlo.com\\\/index.php\\\/2021\\\/06\\\/09\\\/lopez-obrador-informa-cambios-en-su-gabinete-rogelio-ramirez-de-la-o-llega-a-la-shcp-y-arturo-herrera-se-postula-como-gobernador-del-banxico\\\/#primaryimage\",\"url\":\"https:\\\/\\\/redamlo.com\\\/wp-content\\\/uploads\\\/2021\\\/06\\\/Lopez-Obrador-informa-cambios-en-su-gabinete-Rogelio-Ramirez-de-la-O-llega-a-la-SHCP-y-Arturo-Herrera-se-postula-como-gobernador-del-Banxico.jpeg\",\"contentUrl\":\"https:\\\/\\\/redamlo.com\\\/wp-content\\\/uploads\\\/2021\\\/06\\\/Lopez-Obrador-informa-cambios-en-su-gabinete-Rogelio-Ramirez-de-la-O-llega-a-la-SHCP-y-Arturo-Herrera-se-postula-como-gobernador-del-Banxico.jpeg\",\"width\":770,\"height\":473},{\"@type\":\"BreadcrumbList\",\"@id\":\"https:\\\/\\\/redamlo.com\\\/index.php\\\/2021\\\/06\\\/09\\\/lopez-obrador-informa-cambios-en-su-gabinete-rogelio-ramirez-de-la-o-llega-a-la-shcp-y-arturo-herrera-se-postula-como-gobernador-del-banxico\\\/#breadcrumb\",\"itemListElement\":[{\"@type\":\"ListItem\",\"position\":1,\"name\":\"Inicio\",\"item\":\"https:\\\/\\\/redamlo.com\\\/\"},{\"@type\":\"ListItem\",\"position\":2,\"name\":\"L\u00f3pez Obrador informa cambios en su gabinete; Rogelio Ram\u00edrez de la O llega a la SHCP y Arturo Herrera se postula como gobernador del Banxico\"}]},{\"@type\":\"WebSite\",\"@id\":\"https:\\\/\\\/redamlo.com\\\/#website\",\"url\":\"https:\\\/\\\/redamlo.com\\\/\",\"name\":\"NOTICIAS DE LA 4T\",\"description\":\"\",\"publisher\":{\"@id\":\"https:\\\/\\\/redamlo.com\\\/#organization\"},\"potentialAction\":[{\"@type\":\"SearchAction\",\"target\":{\"@type\":\"EntryPoint\",\"urlTemplate\":\"https:\\\/\\\/redamlo.com\\\/?s={search_term_string}\"},\"query-input\":{\"@type\":\"PropertyValueSpecification\",\"valueRequired\":true,\"valueName\":\"search_term_string\"}}],\"inLanguage\":\"es\"},{\"@type\":\"Organization\",\"@id\":\"https:\\\/\\\/redamlo.com\\\/#organization\",\"name\":\"NOTICIAS DE LA 4T\",\"url\":\"https:\\\/\\\/redamlo.com\\\/\",\"logo\":{\"@type\":\"ImageObject\",\"inLanguage\":\"es\",\"@id\":\"https:\\\/\\\/redamlo.com\\\/#\\\/schema\\\/logo\\\/image\\\/\",\"url\":\"https:\\\/\\\/redamlo.com\\\/wp-content\\\/uploads\\\/2024\\\/08\\\/cropped-RED-AMLO-logo-50.png\",\"contentUrl\":\"https:\\\/\\\/redamlo.com\\\/wp-content\\\/uploads\\\/2024\\\/08\\\/cropped-RED-AMLO-logo-50.png\",\"width\":256,\"height\":256,\"caption\":\"NOTICIAS DE LA 4T\"},\"image\":{\"@id\":\"https:\\\/\\\/redamlo.com\\\/#\\\/schema\\\/logo\\\/image\\\/\"}},{\"@type\":\"Person\",\"@id\":\"https:\\\/\\\/redamlo.com\\\/#\\\/schema\\\/person\\\/7223a4375eb8f1a782fcae010a7115cf\",\"name\":\"Blanca\",\"image\":{\"@type\":\"ImageObject\",\"inLanguage\":\"es\",\"@id\":\"https:\\\/\\\/secure.gravatar.com\\\/avatar\\\/3f79bc8336367a4e6093eae8757acaaf61d1124834b905616de7829b0273426d?s=96&d=mm&r=g\",\"url\":\"https:\\\/\\\/secure.gravatar.com\\\/avatar\\\/3f79bc8336367a4e6093eae8757acaaf61d1124834b905616de7829b0273426d?s=96&d=mm&r=g\",\"contentUrl\":\"https:\\\/\\\/secure.gravatar.com\\\/avatar\\\/3f79bc8336367a4e6093eae8757acaaf61d1124834b905616de7829b0273426d?s=96&d=mm&r=g\",\"caption\":\"Blanca\"},\"url\":\"https:\\\/\\\/redamlo.com\\\/index.php\\\/author\\\/blanca\\\/\"}]}<\/script>\n<!-- \/ Yoast SEO plugin. -->","yoast_head_json":{"title":"L\u00f3pez Obrador informa cambios en su gabinete; Rogelio Ram\u00edrez de la O llega a la SHCP y Arturo Herrera se postula como gobernador del Banxico - NOTICIAS DE LA 4T","robots":{"index":"noindex","follow":"follow","max-snippet":"max-snippet:-1","max-image-preview":"max-image-preview:large","max-video-preview":"max-video-preview:-1"},"og_locale":"es_MX","og_type":"article","og_title":"L\u00f3pez Obrador informa cambios en su gabinete; Rogelio Ram\u00edrez de la O llega a la SHCP y Arturo Herrera se postula como gobernador del Banxico - NOTICIAS DE LA 4T","og_description":"M\u00c9XICO, 09 de junio de 2021.- El presidente de M\u00e9xico, Andr\u00e9s Manuel L\u00f3pez Obrador anunci\u00f3...","og_url":"https:\/\/redamlo.com\/index.php\/2021\/06\/09\/lopez-obrador-informa-cambios-en-su-gabinete-rogelio-ramirez-de-la-o-llega-a-la-shcp-y-arturo-herrera-se-postula-como-gobernador-del-banxico\/","og_site_name":"NOTICIAS DE LA 4T","article_published_time":"2021-06-09T17:00:17+00:00","og_image":[{"width":770,"height":473,"url":"https:\/\/redamlo.com\/wp-content\/uploads\/2021\/06\/Lopez-Obrador-informa-cambios-en-su-gabinete-Rogelio-Ramirez-de-la-O-llega-a-la-SHCP-y-Arturo-Herrera-se-postula-como-gobernador-del-Banxico.jpeg","type":"image\/jpeg"}],"author":"Blanca","twitter_card":"summary_large_image","twitter_misc":{"Escrito por":"Blanca","Tiempo de lectura":"1 minuto"},"schema":{"@context":"https:\/\/schema.org","@graph":[{"@type":"Article","@id":"https:\/\/redamlo.com\/index.php\/2021\/06\/09\/lopez-obrador-informa-cambios-en-su-gabinete-rogelio-ramirez-de-la-o-llega-a-la-shcp-y-arturo-herrera-se-postula-como-gobernador-del-banxico\/#article","isPartOf":{"@id":"https:\/\/redamlo.com\/index.php\/2021\/06\/09\/lopez-obrador-informa-cambios-en-su-gabinete-rogelio-ramirez-de-la-o-llega-a-la-shcp-y-arturo-herrera-se-postula-como-gobernador-del-banxico\/"},"author":{"name":"Blanca","@id":"https:\/\/redamlo.com\/#\/schema\/person\/7223a4375eb8f1a782fcae010a7115cf"},"headline":"L\u00f3pez Obrador informa cambios en su gabinete; Rogelio Ram\u00edrez de la O llega a la SHCP y Arturo Herrera se postula como gobernador del Banxico","datePublished":"2021-06-09T17:00:17+00:00","mainEntityOfPage":{"@id":"https:\/\/redamlo.com\/index.php\/2021\/06\/09\/lopez-obrador-informa-cambios-en-su-gabinete-rogelio-ramirez-de-la-o-llega-a-la-shcp-y-arturo-herrera-se-postula-como-gobernador-del-banxico\/"},"wordCount":205,"commentCount":0,"publisher":{"@id":"https:\/\/redamlo.com\/#organization"},"image":{"@id":"https:\/\/redamlo.com\/index.php\/2021\/06\/09\/lopez-obrador-informa-cambios-en-su-gabinete-rogelio-ramirez-de-la-o-llega-a-la-shcp-y-arturo-herrera-se-postula-como-gobernador-del-banxico\/#primaryimage"},"thumbnailUrl":"https:\/\/redamlo.com\/wp-content\/uploads\/2021\/06\/Lopez-Obrador-informa-cambios-en-su-gabinete-Rogelio-Ramirez-de-la-O-llega-a-la-SHCP-y-Arturo-Herrera-se-postula-como-gobernador-del-Banxico.jpeg","keywords":["AMLO","Andr\u00e9s Manuel L\u00f3pez Obrador","Arturo Herrera","Banxico","cambios en gabinete","Gobierno de M\u00e9xico","M\u00e9xico","Rogelio Ram\u00edrez de la O","SHCP"],"articleSection":["4T","Nacionales","Presidencia"],"inLanguage":"es","potentialAction":[{"@type":"CommentAction","name":"Comment","target":["https:\/\/redamlo.com\/index.php\/2021\/06\/09\/lopez-obrador-informa-cambios-en-su-gabinete-rogelio-ramirez-de-la-o-llega-a-la-shcp-y-arturo-herrera-se-postula-como-gobernador-del-banxico\/#respond"]}]},{"@type":"WebPage","@id":"https:\/\/redamlo.com\/index.php\/2021\/06\/09\/lopez-obrador-informa-cambios-en-su-gabinete-rogelio-ramirez-de-la-o-llega-a-la-shcp-y-arturo-herrera-se-postula-como-gobernador-del-banxico\/","url":"https:\/\/redamlo.com\/index.php\/2021\/06\/09\/lopez-obrador-informa-cambios-en-su-gabinete-rogelio-ramirez-de-la-o-llega-a-la-shcp-y-arturo-herrera-se-postula-como-gobernador-del-banxico\/","name":"L\u00f3pez Obrador informa cambios en su gabinete; Rogelio Ram\u00edrez de la O llega a la SHCP y Arturo Herrera se postula como gobernador del Banxico - NOTICIAS DE LA 4T","isPartOf":{"@id":"https:\/\/redamlo.com\/#website"},"primaryImageOfPage":{"@id":"https:\/\/redamlo.com\/index.php\/2021\/06\/09\/lopez-obrador-informa-cambios-en-su-gabinete-rogelio-ramirez-de-la-o-llega-a-la-shcp-y-arturo-herrera-se-postula-como-gobernador-del-banxico\/#primaryimage"},"image":{"@id":"https:\/\/redamlo.com\/index.php\/2021\/06\/09\/lopez-obrador-informa-cambios-en-su-gabinete-rogelio-ramirez-de-la-o-llega-a-la-shcp-y-arturo-herrera-se-postula-como-gobernador-del-banxico\/#primaryimage"},"thumbnailUrl":"https:\/\/redamlo.com\/wp-content\/uploads\/2021\/06\/Lopez-Obrador-informa-cambios-en-su-gabinete-Rogelio-Ramirez-de-la-O-llega-a-la-SHCP-y-Arturo-Herrera-se-postula-como-gobernador-del-Banxico.jpeg","datePublished":"2021-06-09T17:00:17+00:00","breadcrumb":{"@id":"https:\/\/redamlo.com\/index.php\/2021\/06\/09\/lopez-obrador-informa-cambios-en-su-gabinete-rogelio-ramirez-de-la-o-llega-a-la-shcp-y-arturo-herrera-se-postula-como-gobernador-del-banxico\/#breadcrumb"},"inLanguage":"es","potentialAction":[{"@type":"ReadAction","target":["https:\/\/redamlo.com\/index.php\/2021\/06\/09\/lopez-obrador-informa-cambios-en-su-gabinete-rogelio-ramirez-de-la-o-llega-a-la-shcp-y-arturo-herrera-se-postula-como-gobernador-del-banxico\/"]}]},{"@type":"ImageObject","inLanguage":"es","@id":"https:\/\/redamlo.com\/index.php\/2021\/06\/09\/lopez-obrador-informa-cambios-en-su-gabinete-rogelio-ramirez-de-la-o-llega-a-la-shcp-y-arturo-herrera-se-postula-como-gobernador-del-banxico\/#primaryimage","url":"https:\/\/redamlo.com\/wp-content\/uploads\/2021\/06\/Lopez-Obrador-informa-cambios-en-su-gabinete-Rogelio-Ramirez-de-la-O-llega-a-la-SHCP-y-Arturo-Herrera-se-postula-como-gobernador-del-Banxico.jpeg","contentUrl":"https:\/\/redamlo.com\/wp-content\/uploads\/2021\/06\/Lopez-Obrador-informa-cambios-en-su-gabinete-Rogelio-Ramirez-de-la-O-llega-a-la-SHCP-y-Arturo-Herrera-se-postula-como-gobernador-del-Banxico.jpeg","width":770,"height":473},{"@type":"BreadcrumbList","@id":"https:\/\/redamlo.com\/index.php\/2021\/06\/09\/lopez-obrador-informa-cambios-en-su-gabinete-rogelio-ramirez-de-la-o-llega-a-la-shcp-y-arturo-herrera-se-postula-como-gobernador-del-banxico\/#breadcrumb","itemListElement":[{"@type":"ListItem","position":1,"name":"Inicio","item":"https:\/\/redamlo.com\/"},{"@type":"ListItem","position":2,"name":"L\u00f3pez Obrador informa cambios en su gabinete; Rogelio Ram\u00edrez de la O llega a la SHCP y Arturo Herrera se postula como gobernador del Banxico"}]},{"@type":"WebSite","@id":"https:\/\/redamlo.com\/#website","url":"https:\/\/redamlo.com\/","name":"NOTICIAS DE LA 4T","description":"","publisher":{"@id":"https:\/\/redamlo.com\/#organization"},"potentialAction":[{"@type":"SearchAction","target":{"@type":"EntryPoint","urlTemplate":"https:\/\/redamlo.com\/?s={search_term_string}"},"query-input":{"@type":"PropertyValueSpecification","valueRequired":true,"valueName":"search_term_string"}}],"inLanguage":"es"},{"@type":"Organization","@id":"https:\/\/redamlo.com\/#organization","name":"NOTICIAS DE LA 4T","url":"https:\/\/redamlo.com\/","logo":{"@type":"ImageObject","inLanguage":"es","@id":"https:\/\/redamlo.com\/#\/schema\/logo\/image\/","url":"https:\/\/redamlo.com\/wp-content\/uploads\/2024\/08\/cropped-RED-AMLO-logo-50.png","contentUrl":"https:\/\/redamlo.com\/wp-content\/uploads\/2024\/08\/cropped-RED-AMLO-logo-50.png","width":256,"height":256,"caption":"NOTICIAS DE LA 4T"},"image":{"@id":"https:\/\/redamlo.com\/#\/schema\/logo\/image\/"}},{"@type":"Person","@id":"https:\/\/redamlo.com\/#\/schema\/person\/7223a4375eb8f1a782fcae010a7115cf","name":"Blanca","image":{"@type":"ImageObject","inLanguage":"es","@id":"https:\/\/secure.gravatar.com\/avatar\/3f79bc8336367a4e6093eae8757acaaf61d1124834b905616de7829b0273426d?s=96&d=mm&r=g","url":"https:\/\/secure.gravatar.com\/avatar\/3f79bc8336367a4e6093eae8757acaaf61d1124834b905616de7829b0273426d?s=96&d=mm&r=g","contentUrl":"https:\/\/secure.gravatar.com\/avatar\/3f79bc8336367a4e6093eae8757acaaf61d1124834b905616de7829b0273426d?s=96&d=mm&r=g","caption":"Blanca"},"url":"https:\/\/redamlo.com\/index.php\/author\/blanca\/"}]}},"_links":{"self":[{"href":"https:\/\/redamlo.com\/index.php\/wp-json\/wp\/v2\/posts\/4531","targetHints":{"allow":["GET"]}}],"collection":[{"href":"https:\/\/redamlo.com\/index.php\/wp-json\/wp\/v2\/posts"}],"about":[{"href":"https:\/\/redamlo.com\/index.php\/wp-json\/wp\/v2\/types\/post"}],"author":[{"embeddable":true,"href":"https:\/\/redamlo.com\/index.php\/wp-json\/wp\/v2\/users\/2"}],"replies":[{"embeddable":true,"href":"https:\/\/redamlo.com\/index.php\/wp-json\/wp\/v2\/comments?post=4531"}],"version-history":[{"count":0,"href":"https:\/\/redamlo.com\/index.php\/wp-json\/wp\/v2\/posts\/4531\/revisions"}],"wp:featuredmedia":[{"embeddable":true,"href":"https:\/\/redamlo.com\/index.php\/wp-json\/wp\/v2\/media\/4534"}],"wp:attachment":[{"href":"https:\/\/redamlo.com\/index.php\/wp-json\/wp\/v2\/media?parent=4531"}],"wp:term":[{"taxonomy":"category","embeddable":true,"href":"https:\/\/redamlo.com\/index.php\/wp-json\/wp\/v2\/categories?post=4531"},{"taxonomy":"post_tag","embeddable":true,"href":"https:\/\/redamlo.com\/index.php\/wp-json\/wp\/v2\/tags?post=4531"}],"curies":[{"name":"wp","href":"https:\/\/api.w.org\/{rel}","templated":true}]}}