{"id":451,"date":"2019-09-21T22:42:20","date_gmt":"2019-09-22T03:42:20","guid":{"rendered":"http:\/\/redamlo.com\/?p=451"},"modified":"2019-09-21T22:42:20","modified_gmt":"2019-09-22T03:42:20","slug":"vicente-fox-convoca-a-jovenes-a-darle-en-la-madre-a-la-4t","status":"publish","type":"post","link":"https:\/\/redamlo.com\/index.php\/2019\/09\/21\/vicente-fox-convoca-a-jovenes-a-darle-en-la-madre-a-la-4t\/","title":{"rendered":"Vicente Fox  convoca a j\u00f3venes a \u201cdarle en la madre a la 4T"},"content":{"rendered":"<h2>4T Press.-<\/h2>\n<p>Ciudad de M\u00e9xico, 21 de septiembre.- El ex presidente <strong>Vicente Fox<\/strong> revel\u00f3 que inici\u00f3 pl\u00e1ticas con las dirigencias del<strong> PRI, PAN, PRD<\/strong> y Movimiento Ciudadano, as\u00ed como los ex panistas <strong>Felipe Calder\u00f3n<\/strong> y <strong>Margarita Zavala<\/strong>, con el fin de enfrentar al gobierno de <strong>Andr\u00e9s Manuel L\u00f3pez Obrador<\/strong> y cambiar el r\u00e9gimen.<\/p>\n<blockquote><p><strong>\u201cEstoy convocando a todas las fuerzas ciudadanas a ponerse de pie y defender al pa\u00eds, que no puede estar en manos de un mes\u00edas, de un falso profeta, de una persona que miente todos los d\u00edas, un merolico que se la pasa en las ma\u00f1aneras enga\u00f1ando al pueblo\u201d, <\/strong><\/p><\/blockquote>\n<p>&nbsp;<\/p>\n<p>Nego su regreso al Partido\u00a0 Acci\u00f3n Nacional como militante.<\/p>\n<p>Su intenci\u00f3n es convocar a todas las fuerzas pol\u00edticas y ciudadanas a ponerse de pie y defender al pa\u00eds. \u201cTenemos que darle en la madre a esta cuarta transformaci\u00f3n\u201d.<\/p>\n<p>Los pronosticos de este probable regreso no suenan favorables, ya\u00a0 que con el regreso ambos personajes volver\u00edan \u201clos negativos\u201d de su gesti\u00f3n y de su propia personalidad lo que tambi\u00e9n ser\u00eda un riesgo para el PAN asumir que se mantiene con los mismos cuadros que lo hicieron perder preferencias entre los electores de 2012 y 2018. Esta historia parece que va quedar en buenos deseos y un buen tema de especulaci\u00f3n pol\u00edtica.<\/p>\n","protected":false},"excerpt":{"rendered":"<p>4T Press.- Ciudad de M\u00e9xico, 21 de septiembre.- El ex presidente Vicente Fox revel\u00f3 que&#8230;<\/p>\n","protected":false},"author":2,"featured_media":453,"comment_status":"open","ping_status":"closed","sticky":false,"template":"","format":"standard","meta":{"footnotes":""},"categories":[20,5],"tags":[],"class_list":["post-451","post","type-post","status-publish","format-standard","has-post-thumbnail","hentry","category-nacionales","category-politica"],"yoast_head":"<!-- This site is optimized with the Yoast SEO plugin v27.5 - https:\/\/yoast.com\/product\/yoast-seo-wordpress\/ -->\n<title>Vicente Fox convoca a j\u00f3venes a \u201cdarle en la madre a la 4T - NOTICIAS DE LA 4T<\/title>\n<meta name=\"robots\" content=\"noindex, follow, max-snippet:-1, max-image-preview:large, max-video-preview:-1\" \/>\n<meta property=\"og:locale\" content=\"es_MX\" \/>\n<meta property=\"og:type\" content=\"article\" \/>\n<meta property=\"og:title\" content=\"Vicente Fox convoca a j\u00f3venes a \u201cdarle en la madre a la 4T - NOTICIAS DE LA 4T\" \/>\n<meta property=\"og:description\" content=\"4T Press.- Ciudad de M\u00e9xico, 21 de septiembre.- El ex presidente Vicente Fox revel\u00f3 que...\" \/>\n<meta property=\"og:url\" content=\"https:\/\/redamlo.com\/index.php\/2019\/09\/21\/vicente-fox-convoca-a-jovenes-a-darle-en-la-madre-a-la-4t\/\" \/>\n<meta property=\"og:site_name\" content=\"NOTICIAS DE LA 4T\" \/>\n<meta property=\"article:published_time\" content=\"2019-09-22T03:42:20+00:00\" \/>\n<meta property=\"og:image\" content=\"https:\/\/redamlo.com\/wp-content\/uploads\/2019\/09\/REGRESO-AL-PAN-CDMXPRESS-LUIS-ANTONIO-GONZALEZ-MONTES.jpg\" \/>\n\t<meta property=\"og:image:width\" content=\"800\" \/>\n\t<meta property=\"og:image:height\" content=\"400\" \/>\n\t<meta property=\"og:image:type\" content=\"image\/jpeg\" \/>\n<meta name=\"author\" content=\"Blanca\" \/>\n<meta name=\"twitter:card\" content=\"summary_large_image\" \/>\n<meta name=\"twitter:label1\" content=\"Escrito por\" \/>\n\t<meta name=\"twitter:data1\" content=\"Blanca\" \/>\n\t<meta name=\"twitter:label2\" content=\"Tiempo de lectura\" \/>\n\t<meta name=\"twitter:data2\" content=\"1 minuto\" \/>\n<script type=\"application\/ld+json\" class=\"yoast-schema-graph\">{\"@context\":\"https:\\\/\\\/schema.org\",\"@graph\":[{\"@type\":\"Article\",\"@id\":\"https:\\\/\\\/redamlo.com\\\/index.php\\\/2019\\\/09\\\/21\\\/vicente-fox-convoca-a-jovenes-a-darle-en-la-madre-a-la-4t\\\/#article\",\"isPartOf\":{\"@id\":\"https:\\\/\\\/redamlo.com\\\/index.php\\\/2019\\\/09\\\/21\\\/vicente-fox-convoca-a-jovenes-a-darle-en-la-madre-a-la-4t\\\/\"},\"author\":{\"name\":\"Blanca\",\"@id\":\"https:\\\/\\\/redamlo.com\\\/#\\\/schema\\\/person\\\/7223a4375eb8f1a782fcae010a7115cf\"},\"headline\":\"Vicente Fox convoca a j\u00f3venes a \u201cdarle en la madre a la 4T\",\"datePublished\":\"2019-09-22T03:42:20+00:00\",\"mainEntityOfPage\":{\"@id\":\"https:\\\/\\\/redamlo.com\\\/index.php\\\/2019\\\/09\\\/21\\\/vicente-fox-convoca-a-jovenes-a-darle-en-la-madre-a-la-4t\\\/\"},\"wordCount\":247,\"commentCount\":0,\"publisher\":{\"@id\":\"https:\\\/\\\/redamlo.com\\\/#organization\"},\"image\":{\"@id\":\"https:\\\/\\\/redamlo.com\\\/index.php\\\/2019\\\/09\\\/21\\\/vicente-fox-convoca-a-jovenes-a-darle-en-la-madre-a-la-4t\\\/#primaryimage\"},\"thumbnailUrl\":\"https:\\\/\\\/redamlo.com\\\/wp-content\\\/uploads\\\/2019\\\/09\\\/REGRESO-AL-PAN-CDMXPRESS-LUIS-ANTONIO-GONZALEZ-MONTES.jpg\",\"articleSection\":[\"Nacionales\",\"Pol\u00edtica\"],\"inLanguage\":\"es\",\"potentialAction\":[{\"@type\":\"CommentAction\",\"name\":\"Comment\",\"target\":[\"https:\\\/\\\/redamlo.com\\\/index.php\\\/2019\\\/09\\\/21\\\/vicente-fox-convoca-a-jovenes-a-darle-en-la-madre-a-la-4t\\\/#respond\"]}]},{\"@type\":\"WebPage\",\"@id\":\"https:\\\/\\\/redamlo.com\\\/index.php\\\/2019\\\/09\\\/21\\\/vicente-fox-convoca-a-jovenes-a-darle-en-la-madre-a-la-4t\\\/\",\"url\":\"https:\\\/\\\/redamlo.com\\\/index.php\\\/2019\\\/09\\\/21\\\/vicente-fox-convoca-a-jovenes-a-darle-en-la-madre-a-la-4t\\\/\",\"name\":\"Vicente Fox convoca a j\u00f3venes a \u201cdarle en la madre a la 4T - NOTICIAS DE LA 4T\",\"isPartOf\":{\"@id\":\"https:\\\/\\\/redamlo.com\\\/#website\"},\"primaryImageOfPage\":{\"@id\":\"https:\\\/\\\/redamlo.com\\\/index.php\\\/2019\\\/09\\\/21\\\/vicente-fox-convoca-a-jovenes-a-darle-en-la-madre-a-la-4t\\\/#primaryimage\"},\"image\":{\"@id\":\"https:\\\/\\\/redamlo.com\\\/index.php\\\/2019\\\/09\\\/21\\\/vicente-fox-convoca-a-jovenes-a-darle-en-la-madre-a-la-4t\\\/#primaryimage\"},\"thumbnailUrl\":\"https:\\\/\\\/redamlo.com\\\/wp-content\\\/uploads\\\/2019\\\/09\\\/REGRESO-AL-PAN-CDMXPRESS-LUIS-ANTONIO-GONZALEZ-MONTES.jpg\",\"datePublished\":\"2019-09-22T03:42:20+00:00\",\"breadcrumb\":{\"@id\":\"https:\\\/\\\/redamlo.com\\\/index.php\\\/2019\\\/09\\\/21\\\/vicente-fox-convoca-a-jovenes-a-darle-en-la-madre-a-la-4t\\\/#breadcrumb\"},\"inLanguage\":\"es\",\"potentialAction\":[{\"@type\":\"ReadAction\",\"target\":[\"https:\\\/\\\/redamlo.com\\\/index.php\\\/2019\\\/09\\\/21\\\/vicente-fox-convoca-a-jovenes-a-darle-en-la-madre-a-la-4t\\\/\"]}]},{\"@type\":\"ImageObject\",\"inLanguage\":\"es\",\"@id\":\"https:\\\/\\\/redamlo.com\\\/index.php\\\/2019\\\/09\\\/21\\\/vicente-fox-convoca-a-jovenes-a-darle-en-la-madre-a-la-4t\\\/#primaryimage\",\"url\":\"https:\\\/\\\/redamlo.com\\\/wp-content\\\/uploads\\\/2019\\\/09\\\/REGRESO-AL-PAN-CDMXPRESS-LUIS-ANTONIO-GONZALEZ-MONTES.jpg\",\"contentUrl\":\"https:\\\/\\\/redamlo.com\\\/wp-content\\\/uploads\\\/2019\\\/09\\\/REGRESO-AL-PAN-CDMXPRESS-LUIS-ANTONIO-GONZALEZ-MONTES.jpg\",\"width\":800,\"height\":400},{\"@type\":\"BreadcrumbList\",\"@id\":\"https:\\\/\\\/redamlo.com\\\/index.php\\\/2019\\\/09\\\/21\\\/vicente-fox-convoca-a-jovenes-a-darle-en-la-madre-a-la-4t\\\/#breadcrumb\",\"itemListElement\":[{\"@type\":\"ListItem\",\"position\":1,\"name\":\"Inicio\",\"item\":\"https:\\\/\\\/redamlo.com\\\/\"},{\"@type\":\"ListItem\",\"position\":2,\"name\":\"Vicente Fox convoca a j\u00f3venes a \u201cdarle en la madre a la 4T\"}]},{\"@type\":\"WebSite\",\"@id\":\"https:\\\/\\\/redamlo.com\\\/#website\",\"url\":\"https:\\\/\\\/redamlo.com\\\/\",\"name\":\"NOTICIAS DE LA 4T\",\"description\":\"\",\"publisher\":{\"@id\":\"https:\\\/\\\/redamlo.com\\\/#organization\"},\"potentialAction\":[{\"@type\":\"SearchAction\",\"target\":{\"@type\":\"EntryPoint\",\"urlTemplate\":\"https:\\\/\\\/redamlo.com\\\/?s={search_term_string}\"},\"query-input\":{\"@type\":\"PropertyValueSpecification\",\"valueRequired\":true,\"valueName\":\"search_term_string\"}}],\"inLanguage\":\"es\"},{\"@type\":\"Organization\",\"@id\":\"https:\\\/\\\/redamlo.com\\\/#organization\",\"name\":\"NOTICIAS DE LA 4T\",\"url\":\"https:\\\/\\\/redamlo.com\\\/\",\"logo\":{\"@type\":\"ImageObject\",\"inLanguage\":\"es\",\"@id\":\"https:\\\/\\\/redamlo.com\\\/#\\\/schema\\\/logo\\\/image\\\/\",\"url\":\"https:\\\/\\\/redamlo.com\\\/wp-content\\\/uploads\\\/2024\\\/08\\\/cropped-RED-AMLO-logo-50.png\",\"contentUrl\":\"https:\\\/\\\/redamlo.com\\\/wp-content\\\/uploads\\\/2024\\\/08\\\/cropped-RED-AMLO-logo-50.png\",\"width\":256,\"height\":256,\"caption\":\"NOTICIAS DE LA 4T\"},\"image\":{\"@id\":\"https:\\\/\\\/redamlo.com\\\/#\\\/schema\\\/logo\\\/image\\\/\"}},{\"@type\":\"Person\",\"@id\":\"https:\\\/\\\/redamlo.com\\\/#\\\/schema\\\/person\\\/7223a4375eb8f1a782fcae010a7115cf\",\"name\":\"Blanca\",\"image\":{\"@type\":\"ImageObject\",\"inLanguage\":\"es\",\"@id\":\"https:\\\/\\\/secure.gravatar.com\\\/avatar\\\/3f79bc8336367a4e6093eae8757acaaf61d1124834b905616de7829b0273426d?s=96&d=mm&r=g\",\"url\":\"https:\\\/\\\/secure.gravatar.com\\\/avatar\\\/3f79bc8336367a4e6093eae8757acaaf61d1124834b905616de7829b0273426d?s=96&d=mm&r=g\",\"contentUrl\":\"https:\\\/\\\/secure.gravatar.com\\\/avatar\\\/3f79bc8336367a4e6093eae8757acaaf61d1124834b905616de7829b0273426d?s=96&d=mm&r=g\",\"caption\":\"Blanca\"},\"url\":\"https:\\\/\\\/redamlo.com\\\/index.php\\\/author\\\/blanca\\\/\"}]}<\/script>\n<!-- \/ Yoast SEO plugin. -->","yoast_head_json":{"title":"Vicente Fox convoca a j\u00f3venes a \u201cdarle en la madre a la 4T - NOTICIAS DE LA 4T","robots":{"index":"noindex","follow":"follow","max-snippet":"max-snippet:-1","max-image-preview":"max-image-preview:large","max-video-preview":"max-video-preview:-1"},"og_locale":"es_MX","og_type":"article","og_title":"Vicente Fox convoca a j\u00f3venes a \u201cdarle en la madre a la 4T - NOTICIAS DE LA 4T","og_description":"4T Press.- Ciudad de M\u00e9xico, 21 de septiembre.- El ex presidente Vicente Fox revel\u00f3 que...","og_url":"https:\/\/redamlo.com\/index.php\/2019\/09\/21\/vicente-fox-convoca-a-jovenes-a-darle-en-la-madre-a-la-4t\/","og_site_name":"NOTICIAS DE LA 4T","article_published_time":"2019-09-22T03:42:20+00:00","og_image":[{"width":800,"height":400,"url":"https:\/\/redamlo.com\/wp-content\/uploads\/2019\/09\/REGRESO-AL-PAN-CDMXPRESS-LUIS-ANTONIO-GONZALEZ-MONTES.jpg","type":"image\/jpeg"}],"author":"Blanca","twitter_card":"summary_large_image","twitter_misc":{"Escrito por":"Blanca","Tiempo de lectura":"1 minuto"},"schema":{"@context":"https:\/\/schema.org","@graph":[{"@type":"Article","@id":"https:\/\/redamlo.com\/index.php\/2019\/09\/21\/vicente-fox-convoca-a-jovenes-a-darle-en-la-madre-a-la-4t\/#article","isPartOf":{"@id":"https:\/\/redamlo.com\/index.php\/2019\/09\/21\/vicente-fox-convoca-a-jovenes-a-darle-en-la-madre-a-la-4t\/"},"author":{"name":"Blanca","@id":"https:\/\/redamlo.com\/#\/schema\/person\/7223a4375eb8f1a782fcae010a7115cf"},"headline":"Vicente Fox convoca a j\u00f3venes a \u201cdarle en la madre a la 4T","datePublished":"2019-09-22T03:42:20+00:00","mainEntityOfPage":{"@id":"https:\/\/redamlo.com\/index.php\/2019\/09\/21\/vicente-fox-convoca-a-jovenes-a-darle-en-la-madre-a-la-4t\/"},"wordCount":247,"commentCount":0,"publisher":{"@id":"https:\/\/redamlo.com\/#organization"},"image":{"@id":"https:\/\/redamlo.com\/index.php\/2019\/09\/21\/vicente-fox-convoca-a-jovenes-a-darle-en-la-madre-a-la-4t\/#primaryimage"},"thumbnailUrl":"https:\/\/redamlo.com\/wp-content\/uploads\/2019\/09\/REGRESO-AL-PAN-CDMXPRESS-LUIS-ANTONIO-GONZALEZ-MONTES.jpg","articleSection":["Nacionales","Pol\u00edtica"],"inLanguage":"es","potentialAction":[{"@type":"CommentAction","name":"Comment","target":["https:\/\/redamlo.com\/index.php\/2019\/09\/21\/vicente-fox-convoca-a-jovenes-a-darle-en-la-madre-a-la-4t\/#respond"]}]},{"@type":"WebPage","@id":"https:\/\/redamlo.com\/index.php\/2019\/09\/21\/vicente-fox-convoca-a-jovenes-a-darle-en-la-madre-a-la-4t\/","url":"https:\/\/redamlo.com\/index.php\/2019\/09\/21\/vicente-fox-convoca-a-jovenes-a-darle-en-la-madre-a-la-4t\/","name":"Vicente Fox convoca a j\u00f3venes a \u201cdarle en la madre a la 4T - NOTICIAS DE LA 4T","isPartOf":{"@id":"https:\/\/redamlo.com\/#website"},"primaryImageOfPage":{"@id":"https:\/\/redamlo.com\/index.php\/2019\/09\/21\/vicente-fox-convoca-a-jovenes-a-darle-en-la-madre-a-la-4t\/#primaryimage"},"image":{"@id":"https:\/\/redamlo.com\/index.php\/2019\/09\/21\/vicente-fox-convoca-a-jovenes-a-darle-en-la-madre-a-la-4t\/#primaryimage"},"thumbnailUrl":"https:\/\/redamlo.com\/wp-content\/uploads\/2019\/09\/REGRESO-AL-PAN-CDMXPRESS-LUIS-ANTONIO-GONZALEZ-MONTES.jpg","datePublished":"2019-09-22T03:42:20+00:00","breadcrumb":{"@id":"https:\/\/redamlo.com\/index.php\/2019\/09\/21\/vicente-fox-convoca-a-jovenes-a-darle-en-la-madre-a-la-4t\/#breadcrumb"},"inLanguage":"es","potentialAction":[{"@type":"ReadAction","target":["https:\/\/redamlo.com\/index.php\/2019\/09\/21\/vicente-fox-convoca-a-jovenes-a-darle-en-la-madre-a-la-4t\/"]}]},{"@type":"ImageObject","inLanguage":"es","@id":"https:\/\/redamlo.com\/index.php\/2019\/09\/21\/vicente-fox-convoca-a-jovenes-a-darle-en-la-madre-a-la-4t\/#primaryimage","url":"https:\/\/redamlo.com\/wp-content\/uploads\/2019\/09\/REGRESO-AL-PAN-CDMXPRESS-LUIS-ANTONIO-GONZALEZ-MONTES.jpg","contentUrl":"https:\/\/redamlo.com\/wp-content\/uploads\/2019\/09\/REGRESO-AL-PAN-CDMXPRESS-LUIS-ANTONIO-GONZALEZ-MONTES.jpg","width":800,"height":400},{"@type":"BreadcrumbList","@id":"https:\/\/redamlo.com\/index.php\/2019\/09\/21\/vicente-fox-convoca-a-jovenes-a-darle-en-la-madre-a-la-4t\/#breadcrumb","itemListElement":[{"@type":"ListItem","position":1,"name":"Inicio","item":"https:\/\/redamlo.com\/"},{"@type":"ListItem","position":2,"name":"Vicente Fox convoca a j\u00f3venes a \u201cdarle en la madre a la 4T"}]},{"@type":"WebSite","@id":"https:\/\/redamlo.com\/#website","url":"https:\/\/redamlo.com\/","name":"NOTICIAS DE LA 4T","description":"","publisher":{"@id":"https:\/\/redamlo.com\/#organization"},"potentialAction":[{"@type":"SearchAction","target":{"@type":"EntryPoint","urlTemplate":"https:\/\/redamlo.com\/?s={search_term_string}"},"query-input":{"@type":"PropertyValueSpecification","valueRequired":true,"valueName":"search_term_string"}}],"inLanguage":"es"},{"@type":"Organization","@id":"https:\/\/redamlo.com\/#organization","name":"NOTICIAS DE LA 4T","url":"https:\/\/redamlo.com\/","logo":{"@type":"ImageObject","inLanguage":"es","@id":"https:\/\/redamlo.com\/#\/schema\/logo\/image\/","url":"https:\/\/redamlo.com\/wp-content\/uploads\/2024\/08\/cropped-RED-AMLO-logo-50.png","contentUrl":"https:\/\/redamlo.com\/wp-content\/uploads\/2024\/08\/cropped-RED-AMLO-logo-50.png","width":256,"height":256,"caption":"NOTICIAS DE LA 4T"},"image":{"@id":"https:\/\/redamlo.com\/#\/schema\/logo\/image\/"}},{"@type":"Person","@id":"https:\/\/redamlo.com\/#\/schema\/person\/7223a4375eb8f1a782fcae010a7115cf","name":"Blanca","image":{"@type":"ImageObject","inLanguage":"es","@id":"https:\/\/secure.gravatar.com\/avatar\/3f79bc8336367a4e6093eae8757acaaf61d1124834b905616de7829b0273426d?s=96&d=mm&r=g","url":"https:\/\/secure.gravatar.com\/avatar\/3f79bc8336367a4e6093eae8757acaaf61d1124834b905616de7829b0273426d?s=96&d=mm&r=g","contentUrl":"https:\/\/secure.gravatar.com\/avatar\/3f79bc8336367a4e6093eae8757acaaf61d1124834b905616de7829b0273426d?s=96&d=mm&r=g","caption":"Blanca"},"url":"https:\/\/redamlo.com\/index.php\/author\/blanca\/"}]}},"_links":{"self":[{"href":"https:\/\/redamlo.com\/index.php\/wp-json\/wp\/v2\/posts\/451","targetHints":{"allow":["GET"]}}],"collection":[{"href":"https:\/\/redamlo.com\/index.php\/wp-json\/wp\/v2\/posts"}],"about":[{"href":"https:\/\/redamlo.com\/index.php\/wp-json\/wp\/v2\/types\/post"}],"author":[{"embeddable":true,"href":"https:\/\/redamlo.com\/index.php\/wp-json\/wp\/v2\/users\/2"}],"replies":[{"embeddable":true,"href":"https:\/\/redamlo.com\/index.php\/wp-json\/wp\/v2\/comments?post=451"}],"version-history":[{"count":0,"href":"https:\/\/redamlo.com\/index.php\/wp-json\/wp\/v2\/posts\/451\/revisions"}],"wp:featuredmedia":[{"embeddable":true,"href":"https:\/\/redamlo.com\/index.php\/wp-json\/wp\/v2\/media\/453"}],"wp:attachment":[{"href":"https:\/\/redamlo.com\/index.php\/wp-json\/wp\/v2\/media?parent=451"}],"wp:term":[{"taxonomy":"category","embeddable":true,"href":"https:\/\/redamlo.com\/index.php\/wp-json\/wp\/v2\/categories?post=451"},{"taxonomy":"post_tag","embeddable":true,"href":"https:\/\/redamlo.com\/index.php\/wp-json\/wp\/v2\/tags?post=451"}],"curies":[{"name":"wp","href":"https:\/\/api.w.org\/{rel}","templated":true}]}}