{"id":4493,"date":"2021-06-11T06:17:38","date_gmt":"2021-06-11T11:17:38","guid":{"rendered":"https:\/\/redamlo.com\/?p=4493"},"modified":"2021-06-11T06:17:38","modified_gmt":"2021-06-11T11:17:38","slug":"confirma-ceepac-victoria-de-ricardo-gallardo-en-tierras-potosinas","status":"publish","type":"post","link":"https:\/\/redamlo.com\/index.php\/2021\/06\/11\/confirma-ceepac-victoria-de-ricardo-gallardo-en-tierras-potosinas\/","title":{"rendered":"Confirma CEEPAC victoria de Ricardo Gallardo en tierras potosinas"},"content":{"rendered":"<p>En los conteos que se llevan a cabo en las 15 Comisiones Distritales Electorales de San Luis Potos\u00ed, el abanderado de la coalici\u00f3n Juntos haremos historia, integrada por los partidos del Trabajo y Verde Ecologista de M\u00e9xico, Ricardo El Pollo Gallardo Cardona super\u00f3 por m\u00e1s de 52 mil sufragios a su m\u00e1s cercano adversario Octavio Pedroza Gait\u00e1n, aspirante de la alianza S\u00ed por San Luis Potos\u00ed.<\/p>\n<p>Desde el pasado mi\u00e9rcoles iniciaron los conteos en las sedes distritales, \u00faltima etapa del proceso electoral, previa a la entrega de Constancia de Mayor\u00eda al ganador de la contienda.<\/p>\n<p>Este jueves, los integrantes del Pleno del Consejo Estatal y de Participaci\u00f3n Ciudadana (Ceepac) condenaron las amenazas que recibi\u00f3 la presidenta de la Comisi\u00f3n Distrital I, con sede en Matehuala, Irma Aracely Acosta Puente, quien denunci\u00f3 violencia pol\u00edtica en su contra y de su equipo de trabajo, por parte de representantes de los partidos pol\u00edticos que participan en la elecci\u00f3n a la gubernatura del estado.<\/p>\n<p>Algunos representantes de partidos se\u00f1alaron a miembros de la alianza S\u00ed por San Luis Potos\u00ed como los responsables de estas amenazas.<\/p>\n<p>Alcaldes electos del PRI y Morena levantan la mano a Ricardo Gallardo<br \/>\nCandidatos a presidencias municipales de la zona Huasteca que resultaron electos en las elecciones del domingo, acudieron a la sede estatal del Partido Verde Ecologista de M\u00e9xico (PVEM) pasa saludar a Jos\u00e9 Ricardo Gallardo Cardona, quien obtuvo el apoyo del pueblo potosino para alzarse como virtual ganador de la Gubernatura.<\/p>\n<p>Brisseire S\u00e1nchez L\u00f3pez de Tampac\u00e1n, Jes\u00fas Soni Bulos de San Vicente Tancuayalab, Octavio Contreras de Tancanhuitz de Santos, Genaro Ahumada de Tanlaj\u00e1s, Yoni Castillo de San Antonio, Gregorio Cruz de Axtla de Terrazas y David Medina Salazar de Ciudad Valles, acudieron a reuni\u00f3n con Gallardo Cardona.<br \/>\nA excepci\u00f3n de Medina Salazar, todos los alcaldes mencionados participaron en el proceso electoral por los partidos Revolucionario Institucional (PRI) y\/o Morena. En el encuentro, destacaron la civilidad y altura pol\u00edtica de Gallardo Cardona al abrirles las puertas con la finalidad de trabajar por el bien de todos los potosinos.<\/p>\n<p>Los alcaldes electos platicaron con Gallardo Cardona sobre los proyectos prioritarios en sus regiones. Temas como turismo, infraestructura carretera, empleo y educaci\u00f3n, fueron mencionados durante la reuni\u00f3n, ante lo cual, el virtual gobernador pidi\u00f3 a cada uno integrar carpetas con proyectos que permitan detonar el desarrollo de la Huasteca.<\/p>\n","protected":false},"excerpt":{"rendered":"<p>En los conteos que se llevan a cabo en las 15 Comisiones Distritales Electorales de&#8230;<\/p>\n","protected":false},"author":2,"featured_media":4494,"comment_status":"open","ping_status":"closed","sticky":false,"template":"","format":"standard","meta":{"footnotes":""},"categories":[1],"tags":[761,795,389,390,790,267,764],"class_list":["post-4493","post","type-post","status-publish","format-standard","has-post-thumbnail","hentry","category-uncategorized","tag-el-pollo-gallardo","tag-juntos-haremos-historia","tag-pt","tag-pvem","tag-ricardo-gallardo-cardona","tag-san-luis-potosi","tag-slp"],"yoast_head":"<!-- This site is optimized with the Yoast SEO plugin v27.5 - https:\/\/yoast.com\/product\/yoast-seo-wordpress\/ -->\n<title>Confirma CEEPAC victoria de Ricardo Gallardo en tierras potosinas - NOTICIAS DE LA 4T<\/title>\n<meta name=\"robots\" content=\"noindex, follow, max-snippet:-1, max-image-preview:large, max-video-preview:-1\" \/>\n<meta property=\"og:locale\" content=\"es_MX\" \/>\n<meta property=\"og:type\" content=\"article\" \/>\n<meta property=\"og:title\" content=\"Confirma CEEPAC victoria de Ricardo Gallardo en tierras potosinas - NOTICIAS DE LA 4T\" \/>\n<meta property=\"og:description\" content=\"En los conteos que se llevan a cabo en las 15 Comisiones Distritales Electorales de...\" \/>\n<meta property=\"og:url\" content=\"https:\/\/redamlo.com\/index.php\/2021\/06\/11\/confirma-ceepac-victoria-de-ricardo-gallardo-en-tierras-potosinas\/\" \/>\n<meta property=\"og:site_name\" content=\"NOTICIAS DE LA 4T\" \/>\n<meta property=\"article:published_time\" content=\"2021-06-11T11:17:38+00:00\" \/>\n<meta property=\"og:image\" content=\"https:\/\/redamlo.com\/wp-content\/uploads\/2021\/06\/20210611_060653.jpg\" \/>\n\t<meta property=\"og:image:width\" content=\"1024\" \/>\n\t<meta property=\"og:image:height\" content=\"682\" \/>\n\t<meta property=\"og:image:type\" content=\"image\/jpeg\" \/>\n<meta name=\"author\" content=\"Blanca\" \/>\n<meta name=\"twitter:card\" content=\"summary_large_image\" \/>\n<meta name=\"twitter:label1\" content=\"Escrito por\" \/>\n\t<meta name=\"twitter:data1\" content=\"Blanca\" \/>\n\t<meta name=\"twitter:label2\" content=\"Tiempo de lectura\" \/>\n\t<meta name=\"twitter:data2\" content=\"2 minutos\" \/>\n<script type=\"application\/ld+json\" class=\"yoast-schema-graph\">{\"@context\":\"https:\\\/\\\/schema.org\",\"@graph\":[{\"@type\":\"Article\",\"@id\":\"https:\\\/\\\/redamlo.com\\\/index.php\\\/2021\\\/06\\\/11\\\/confirma-ceepac-victoria-de-ricardo-gallardo-en-tierras-potosinas\\\/#article\",\"isPartOf\":{\"@id\":\"https:\\\/\\\/redamlo.com\\\/index.php\\\/2021\\\/06\\\/11\\\/confirma-ceepac-victoria-de-ricardo-gallardo-en-tierras-potosinas\\\/\"},\"author\":{\"name\":\"Blanca\",\"@id\":\"https:\\\/\\\/redamlo.com\\\/#\\\/schema\\\/person\\\/7223a4375eb8f1a782fcae010a7115cf\"},\"headline\":\"Confirma CEEPAC victoria de Ricardo Gallardo en tierras potosinas\",\"datePublished\":\"2021-06-11T11:17:38+00:00\",\"mainEntityOfPage\":{\"@id\":\"https:\\\/\\\/redamlo.com\\\/index.php\\\/2021\\\/06\\\/11\\\/confirma-ceepac-victoria-de-ricardo-gallardo-en-tierras-potosinas\\\/\"},\"wordCount\":420,\"commentCount\":0,\"publisher\":{\"@id\":\"https:\\\/\\\/redamlo.com\\\/#organization\"},\"image\":{\"@id\":\"https:\\\/\\\/redamlo.com\\\/index.php\\\/2021\\\/06\\\/11\\\/confirma-ceepac-victoria-de-ricardo-gallardo-en-tierras-potosinas\\\/#primaryimage\"},\"thumbnailUrl\":\"https:\\\/\\\/redamlo.com\\\/wp-content\\\/uploads\\\/2021\\\/06\\\/20210611_060653.jpg\",\"keywords\":[\"El Pollo Gallardo\",\"Juntos Haremos Historia\",\"PT\",\"PVEM\",\"Ricardo Gallardo Cardona\",\"San Luis Potos\u00ed\",\"SLP\"],\"articleSection\":[\"Uncategorized\"],\"inLanguage\":\"es\",\"potentialAction\":[{\"@type\":\"CommentAction\",\"name\":\"Comment\",\"target\":[\"https:\\\/\\\/redamlo.com\\\/index.php\\\/2021\\\/06\\\/11\\\/confirma-ceepac-victoria-de-ricardo-gallardo-en-tierras-potosinas\\\/#respond\"]}]},{\"@type\":\"WebPage\",\"@id\":\"https:\\\/\\\/redamlo.com\\\/index.php\\\/2021\\\/06\\\/11\\\/confirma-ceepac-victoria-de-ricardo-gallardo-en-tierras-potosinas\\\/\",\"url\":\"https:\\\/\\\/redamlo.com\\\/index.php\\\/2021\\\/06\\\/11\\\/confirma-ceepac-victoria-de-ricardo-gallardo-en-tierras-potosinas\\\/\",\"name\":\"Confirma CEEPAC victoria de Ricardo Gallardo en tierras potosinas - NOTICIAS DE LA 4T\",\"isPartOf\":{\"@id\":\"https:\\\/\\\/redamlo.com\\\/#website\"},\"primaryImageOfPage\":{\"@id\":\"https:\\\/\\\/redamlo.com\\\/index.php\\\/2021\\\/06\\\/11\\\/confirma-ceepac-victoria-de-ricardo-gallardo-en-tierras-potosinas\\\/#primaryimage\"},\"image\":{\"@id\":\"https:\\\/\\\/redamlo.com\\\/index.php\\\/2021\\\/06\\\/11\\\/confirma-ceepac-victoria-de-ricardo-gallardo-en-tierras-potosinas\\\/#primaryimage\"},\"thumbnailUrl\":\"https:\\\/\\\/redamlo.com\\\/wp-content\\\/uploads\\\/2021\\\/06\\\/20210611_060653.jpg\",\"datePublished\":\"2021-06-11T11:17:38+00:00\",\"breadcrumb\":{\"@id\":\"https:\\\/\\\/redamlo.com\\\/index.php\\\/2021\\\/06\\\/11\\\/confirma-ceepac-victoria-de-ricardo-gallardo-en-tierras-potosinas\\\/#breadcrumb\"},\"inLanguage\":\"es\",\"potentialAction\":[{\"@type\":\"ReadAction\",\"target\":[\"https:\\\/\\\/redamlo.com\\\/index.php\\\/2021\\\/06\\\/11\\\/confirma-ceepac-victoria-de-ricardo-gallardo-en-tierras-potosinas\\\/\"]}]},{\"@type\":\"ImageObject\",\"inLanguage\":\"es\",\"@id\":\"https:\\\/\\\/redamlo.com\\\/index.php\\\/2021\\\/06\\\/11\\\/confirma-ceepac-victoria-de-ricardo-gallardo-en-tierras-potosinas\\\/#primaryimage\",\"url\":\"https:\\\/\\\/redamlo.com\\\/wp-content\\\/uploads\\\/2021\\\/06\\\/20210611_060653.jpg\",\"contentUrl\":\"https:\\\/\\\/redamlo.com\\\/wp-content\\\/uploads\\\/2021\\\/06\\\/20210611_060653.jpg\",\"width\":1024,\"height\":682},{\"@type\":\"BreadcrumbList\",\"@id\":\"https:\\\/\\\/redamlo.com\\\/index.php\\\/2021\\\/06\\\/11\\\/confirma-ceepac-victoria-de-ricardo-gallardo-en-tierras-potosinas\\\/#breadcrumb\",\"itemListElement\":[{\"@type\":\"ListItem\",\"position\":1,\"name\":\"Inicio\",\"item\":\"https:\\\/\\\/redamlo.com\\\/\"},{\"@type\":\"ListItem\",\"position\":2,\"name\":\"Confirma CEEPAC victoria de Ricardo Gallardo en tierras potosinas\"}]},{\"@type\":\"WebSite\",\"@id\":\"https:\\\/\\\/redamlo.com\\\/#website\",\"url\":\"https:\\\/\\\/redamlo.com\\\/\",\"name\":\"NOTICIAS DE LA 4T\",\"description\":\"\",\"publisher\":{\"@id\":\"https:\\\/\\\/redamlo.com\\\/#organization\"},\"potentialAction\":[{\"@type\":\"SearchAction\",\"target\":{\"@type\":\"EntryPoint\",\"urlTemplate\":\"https:\\\/\\\/redamlo.com\\\/?s={search_term_string}\"},\"query-input\":{\"@type\":\"PropertyValueSpecification\",\"valueRequired\":true,\"valueName\":\"search_term_string\"}}],\"inLanguage\":\"es\"},{\"@type\":\"Organization\",\"@id\":\"https:\\\/\\\/redamlo.com\\\/#organization\",\"name\":\"NOTICIAS DE LA 4T\",\"url\":\"https:\\\/\\\/redamlo.com\\\/\",\"logo\":{\"@type\":\"ImageObject\",\"inLanguage\":\"es\",\"@id\":\"https:\\\/\\\/redamlo.com\\\/#\\\/schema\\\/logo\\\/image\\\/\",\"url\":\"https:\\\/\\\/redamlo.com\\\/wp-content\\\/uploads\\\/2024\\\/08\\\/cropped-RED-AMLO-logo-50.png\",\"contentUrl\":\"https:\\\/\\\/redamlo.com\\\/wp-content\\\/uploads\\\/2024\\\/08\\\/cropped-RED-AMLO-logo-50.png\",\"width\":256,\"height\":256,\"caption\":\"NOTICIAS DE LA 4T\"},\"image\":{\"@id\":\"https:\\\/\\\/redamlo.com\\\/#\\\/schema\\\/logo\\\/image\\\/\"}},{\"@type\":\"Person\",\"@id\":\"https:\\\/\\\/redamlo.com\\\/#\\\/schema\\\/person\\\/7223a4375eb8f1a782fcae010a7115cf\",\"name\":\"Blanca\",\"image\":{\"@type\":\"ImageObject\",\"inLanguage\":\"es\",\"@id\":\"https:\\\/\\\/secure.gravatar.com\\\/avatar\\\/3f79bc8336367a4e6093eae8757acaaf61d1124834b905616de7829b0273426d?s=96&d=mm&r=g\",\"url\":\"https:\\\/\\\/secure.gravatar.com\\\/avatar\\\/3f79bc8336367a4e6093eae8757acaaf61d1124834b905616de7829b0273426d?s=96&d=mm&r=g\",\"contentUrl\":\"https:\\\/\\\/secure.gravatar.com\\\/avatar\\\/3f79bc8336367a4e6093eae8757acaaf61d1124834b905616de7829b0273426d?s=96&d=mm&r=g\",\"caption\":\"Blanca\"},\"url\":\"https:\\\/\\\/redamlo.com\\\/index.php\\\/author\\\/blanca\\\/\"}]}<\/script>\n<!-- \/ Yoast SEO plugin. -->","yoast_head_json":{"title":"Confirma CEEPAC victoria de Ricardo Gallardo en tierras potosinas - NOTICIAS DE LA 4T","robots":{"index":"noindex","follow":"follow","max-snippet":"max-snippet:-1","max-image-preview":"max-image-preview:large","max-video-preview":"max-video-preview:-1"},"og_locale":"es_MX","og_type":"article","og_title":"Confirma CEEPAC victoria de Ricardo Gallardo en tierras potosinas - NOTICIAS DE LA 4T","og_description":"En los conteos que se llevan a cabo en las 15 Comisiones Distritales Electorales de...","og_url":"https:\/\/redamlo.com\/index.php\/2021\/06\/11\/confirma-ceepac-victoria-de-ricardo-gallardo-en-tierras-potosinas\/","og_site_name":"NOTICIAS DE LA 4T","article_published_time":"2021-06-11T11:17:38+00:00","og_image":[{"width":1024,"height":682,"url":"https:\/\/redamlo.com\/wp-content\/uploads\/2021\/06\/20210611_060653.jpg","type":"image\/jpeg"}],"author":"Blanca","twitter_card":"summary_large_image","twitter_misc":{"Escrito por":"Blanca","Tiempo de lectura":"2 minutos"},"schema":{"@context":"https:\/\/schema.org","@graph":[{"@type":"Article","@id":"https:\/\/redamlo.com\/index.php\/2021\/06\/11\/confirma-ceepac-victoria-de-ricardo-gallardo-en-tierras-potosinas\/#article","isPartOf":{"@id":"https:\/\/redamlo.com\/index.php\/2021\/06\/11\/confirma-ceepac-victoria-de-ricardo-gallardo-en-tierras-potosinas\/"},"author":{"name":"Blanca","@id":"https:\/\/redamlo.com\/#\/schema\/person\/7223a4375eb8f1a782fcae010a7115cf"},"headline":"Confirma CEEPAC victoria de Ricardo Gallardo en tierras potosinas","datePublished":"2021-06-11T11:17:38+00:00","mainEntityOfPage":{"@id":"https:\/\/redamlo.com\/index.php\/2021\/06\/11\/confirma-ceepac-victoria-de-ricardo-gallardo-en-tierras-potosinas\/"},"wordCount":420,"commentCount":0,"publisher":{"@id":"https:\/\/redamlo.com\/#organization"},"image":{"@id":"https:\/\/redamlo.com\/index.php\/2021\/06\/11\/confirma-ceepac-victoria-de-ricardo-gallardo-en-tierras-potosinas\/#primaryimage"},"thumbnailUrl":"https:\/\/redamlo.com\/wp-content\/uploads\/2021\/06\/20210611_060653.jpg","keywords":["El Pollo Gallardo","Juntos Haremos Historia","PT","PVEM","Ricardo Gallardo Cardona","San Luis Potos\u00ed","SLP"],"articleSection":["Uncategorized"],"inLanguage":"es","potentialAction":[{"@type":"CommentAction","name":"Comment","target":["https:\/\/redamlo.com\/index.php\/2021\/06\/11\/confirma-ceepac-victoria-de-ricardo-gallardo-en-tierras-potosinas\/#respond"]}]},{"@type":"WebPage","@id":"https:\/\/redamlo.com\/index.php\/2021\/06\/11\/confirma-ceepac-victoria-de-ricardo-gallardo-en-tierras-potosinas\/","url":"https:\/\/redamlo.com\/index.php\/2021\/06\/11\/confirma-ceepac-victoria-de-ricardo-gallardo-en-tierras-potosinas\/","name":"Confirma CEEPAC victoria de Ricardo Gallardo en tierras potosinas - NOTICIAS DE LA 4T","isPartOf":{"@id":"https:\/\/redamlo.com\/#website"},"primaryImageOfPage":{"@id":"https:\/\/redamlo.com\/index.php\/2021\/06\/11\/confirma-ceepac-victoria-de-ricardo-gallardo-en-tierras-potosinas\/#primaryimage"},"image":{"@id":"https:\/\/redamlo.com\/index.php\/2021\/06\/11\/confirma-ceepac-victoria-de-ricardo-gallardo-en-tierras-potosinas\/#primaryimage"},"thumbnailUrl":"https:\/\/redamlo.com\/wp-content\/uploads\/2021\/06\/20210611_060653.jpg","datePublished":"2021-06-11T11:17:38+00:00","breadcrumb":{"@id":"https:\/\/redamlo.com\/index.php\/2021\/06\/11\/confirma-ceepac-victoria-de-ricardo-gallardo-en-tierras-potosinas\/#breadcrumb"},"inLanguage":"es","potentialAction":[{"@type":"ReadAction","target":["https:\/\/redamlo.com\/index.php\/2021\/06\/11\/confirma-ceepac-victoria-de-ricardo-gallardo-en-tierras-potosinas\/"]}]},{"@type":"ImageObject","inLanguage":"es","@id":"https:\/\/redamlo.com\/index.php\/2021\/06\/11\/confirma-ceepac-victoria-de-ricardo-gallardo-en-tierras-potosinas\/#primaryimage","url":"https:\/\/redamlo.com\/wp-content\/uploads\/2021\/06\/20210611_060653.jpg","contentUrl":"https:\/\/redamlo.com\/wp-content\/uploads\/2021\/06\/20210611_060653.jpg","width":1024,"height":682},{"@type":"BreadcrumbList","@id":"https:\/\/redamlo.com\/index.php\/2021\/06\/11\/confirma-ceepac-victoria-de-ricardo-gallardo-en-tierras-potosinas\/#breadcrumb","itemListElement":[{"@type":"ListItem","position":1,"name":"Inicio","item":"https:\/\/redamlo.com\/"},{"@type":"ListItem","position":2,"name":"Confirma CEEPAC victoria de Ricardo Gallardo en tierras potosinas"}]},{"@type":"WebSite","@id":"https:\/\/redamlo.com\/#website","url":"https:\/\/redamlo.com\/","name":"NOTICIAS DE LA 4T","description":"","publisher":{"@id":"https:\/\/redamlo.com\/#organization"},"potentialAction":[{"@type":"SearchAction","target":{"@type":"EntryPoint","urlTemplate":"https:\/\/redamlo.com\/?s={search_term_string}"},"query-input":{"@type":"PropertyValueSpecification","valueRequired":true,"valueName":"search_term_string"}}],"inLanguage":"es"},{"@type":"Organization","@id":"https:\/\/redamlo.com\/#organization","name":"NOTICIAS DE LA 4T","url":"https:\/\/redamlo.com\/","logo":{"@type":"ImageObject","inLanguage":"es","@id":"https:\/\/redamlo.com\/#\/schema\/logo\/image\/","url":"https:\/\/redamlo.com\/wp-content\/uploads\/2024\/08\/cropped-RED-AMLO-logo-50.png","contentUrl":"https:\/\/redamlo.com\/wp-content\/uploads\/2024\/08\/cropped-RED-AMLO-logo-50.png","width":256,"height":256,"caption":"NOTICIAS DE LA 4T"},"image":{"@id":"https:\/\/redamlo.com\/#\/schema\/logo\/image\/"}},{"@type":"Person","@id":"https:\/\/redamlo.com\/#\/schema\/person\/7223a4375eb8f1a782fcae010a7115cf","name":"Blanca","image":{"@type":"ImageObject","inLanguage":"es","@id":"https:\/\/secure.gravatar.com\/avatar\/3f79bc8336367a4e6093eae8757acaaf61d1124834b905616de7829b0273426d?s=96&d=mm&r=g","url":"https:\/\/secure.gravatar.com\/avatar\/3f79bc8336367a4e6093eae8757acaaf61d1124834b905616de7829b0273426d?s=96&d=mm&r=g","contentUrl":"https:\/\/secure.gravatar.com\/avatar\/3f79bc8336367a4e6093eae8757acaaf61d1124834b905616de7829b0273426d?s=96&d=mm&r=g","caption":"Blanca"},"url":"https:\/\/redamlo.com\/index.php\/author\/blanca\/"}]}},"_links":{"self":[{"href":"https:\/\/redamlo.com\/index.php\/wp-json\/wp\/v2\/posts\/4493","targetHints":{"allow":["GET"]}}],"collection":[{"href":"https:\/\/redamlo.com\/index.php\/wp-json\/wp\/v2\/posts"}],"about":[{"href":"https:\/\/redamlo.com\/index.php\/wp-json\/wp\/v2\/types\/post"}],"author":[{"embeddable":true,"href":"https:\/\/redamlo.com\/index.php\/wp-json\/wp\/v2\/users\/2"}],"replies":[{"embeddable":true,"href":"https:\/\/redamlo.com\/index.php\/wp-json\/wp\/v2\/comments?post=4493"}],"version-history":[{"count":0,"href":"https:\/\/redamlo.com\/index.php\/wp-json\/wp\/v2\/posts\/4493\/revisions"}],"wp:featuredmedia":[{"embeddable":true,"href":"https:\/\/redamlo.com\/index.php\/wp-json\/wp\/v2\/media\/4494"}],"wp:attachment":[{"href":"https:\/\/redamlo.com\/index.php\/wp-json\/wp\/v2\/media?parent=4493"}],"wp:term":[{"taxonomy":"category","embeddable":true,"href":"https:\/\/redamlo.com\/index.php\/wp-json\/wp\/v2\/categories?post=4493"},{"taxonomy":"post_tag","embeddable":true,"href":"https:\/\/redamlo.com\/index.php\/wp-json\/wp\/v2\/tags?post=4493"}],"curies":[{"name":"wp","href":"https:\/\/api.w.org\/{rel}","templated":true}]}}