{"id":4490,"date":"2021-06-10T06:16:35","date_gmt":"2021-06-10T11:16:35","guid":{"rendered":"https:\/\/redamlo.com\/?p=4490"},"modified":"2021-06-10T06:16:35","modified_gmt":"2021-06-10T11:16:35","slug":"mario-delgado-acepta-triunfo-de-ricardo-gallardo-en-tierras-potosinas","status":"publish","type":"post","link":"https:\/\/redamlo.com\/index.php\/2021\/06\/10\/mario-delgado-acepta-triunfo-de-ricardo-gallardo-en-tierras-potosinas\/","title":{"rendered":"Mario Delgado, acepta triunfo de Ricardo Gallardo en tierras potosinas"},"content":{"rendered":"<p>Al se\u00f1alar que Morena reconoce que la coalici\u00f3n conformada por los partidos del Trabajo y Verde Ecologista de M\u00e9xico gan\u00f3 claramente la gubernatura de San Luis Potos\u00ed, el presidente nacional de ese instituto pol\u00edtico, Mario Delgado, advirti\u00f3 de los intentos de algunos partidos por meter mano a los resultados.<\/p>\n<p>&nbsp;<\/p>\n<p>En conferencia de prensa en la que participaron los principales liderazgos de los partidos Morena, del Trabajo y Verde Ecologista de Mexico, Mario Delgado, como dem\u00f3cratas reconocen que el voto de la ciudadan\u00eda no les favoreci<\/p>\n<p>&nbsp;<\/p>\n<p>\u201cHay un triunfo muy claro por parte del candidato del PT y del Verde Ricardo Gallardo y no hay m\u00e1s que reconocerles el triunfo y exhortar a que se respete ese triunfo porque ya sabemos lo de siempre los de la mafia de la corrupci\u00f3n queriendo meter mano a los resultados\u201d; subray<\/p>\n<p>&nbsp;<\/p>\n<p>A\u00f1adi\u00f3 que a los 11 estados que se ganaron \u201chay que sumarle los 7 que ya gobern\u00e1bamos, m\u00e1s San Luis que es un gobierno ganado por nuestros aliados. Ser\u00e1n 18 gobiernos estatales que est\u00e1n a favor de la 4T\u201d, indic<\/p>\n<p>&nbsp;<\/p>\n<p>En la conferencia de prensa participaron el presidente del PT, Alberto Anaya; el coordinador del Partido Verde en la C\u00e1mara de Diputados, Arturo Escobar,\u00a0 la presidenta nacional del partido del tuc\u00e1n, Karen Castrej\u00f3n, el diputado federal petista, Gerardo Fern\u00e1ndez Noro\u00f1a, Delgado refrend\u00f3 que continuar\u00e1 la alianza con los partidos que han apoyado al presidente Andr\u00e9s Manuel L\u00f3pez Obrador en la consolidaci\u00f3n de la 4<\/p>\n<p>&nbsp;<\/p>\n<p>\u201cTenemos un triunfo contundente! Gracias al voto masivo del pueblo por la coalici\u00f3n Juntos Haremos Historia, 61 millones de mexicanos y mexicanas ser\u00e1n gobernados por nuestro movimiento. Se confirma que la coalici\u00f3n es la principal fuerza pol\u00edtica de nuestro pa\u00eds\u201d, se\u00f1al\u00f3 el presidente nacional de Moren<\/p>\n<p>Cabe recordar que el PT y PVEM junto con Morena integral la Coalici\u00f3n Juntos Hacemos Historia<\/p>\n<p>&nbsp;<\/p>\n<p>En este sentido la presidenta de Verde Ecologista Karen Castrej\u00f3n indic\u00f3 que en la gubernatura de Ricardo Gallardo en San Luis Potos\u00ed, \u201cvamos a trabajar de manera coordinada con el presidente de la Rep\u00fablica y con nuestros aliados de Morena<\/p>\n<p>&nbsp;<\/p>\n<p>Se\u00f1al\u00f3 que la agenda del Verde en la C\u00e1mara de Diputados es por el seguro de desempleo, fabricaci\u00f3n de medicamentos hechos en M\u00e9xico, garantizar transporte p\u00fabico, as\u00ed como la erradicaci\u00f3n de la Violenci<\/p>\n<p>&nbsp;<\/p>\n<p>Por su parte, Alberto Anaya, l\u00edder nacional del PT reconoci\u00f3 a la ciudadan\u00eda y a todos aquellos que salieron este 6 de junio a votar por la continuidad de la transformaci\u00f3n del pa\u00eds<\/p>\n<p>&nbsp;<\/p>\n<p>Mario Delgado dijo que la derecha se uni\u00f3 porque \u201cextra\u00f1an los moches, pero fracasaron en su intento y tenemos la mayor\u00eda<\/p>\n<p>&nbsp;<\/p>\n<p>Y a\u00f1adi\u00f3 que \u201cantes de esta elecci\u00f3n morena gobernaba al 28.33 por ciento de la publicaci\u00f3n del pa\u00eds, 35.5 millones, luego de esta votaci\u00f3n 6 de cada 10 mexicanos vivir\u00e1n en un estado gobernado por nuestro movimiento o los aliados de nuestro movimiento. Morena y est\u00e1 coalici\u00f3n es la principal fuerza pol\u00edtica del pa\u00eds<\/p>\n<p>&nbsp;<\/p>\n<p>Reiter\u00f3 que hay un falso discurso de la oposici\u00f3n diciendo que Morena fracas\u00f3 en ganar la mayor\u00eda calificada, cuando \u201cla mayor\u00eda calificada siempre se construye\u201d.<\/p>\n","protected":false},"excerpt":{"rendered":"<p>Al se\u00f1alar que Morena reconoce que la coalici\u00f3n conformada por los partidos del Trabajo y&#8230;<\/p>\n","protected":false},"author":2,"featured_media":4491,"comment_status":"open","ping_status":"closed","sticky":false,"template":"","format":"standard","meta":{"footnotes":""},"categories":[1],"tags":[761,795,389,390,790,267,764],"class_list":["post-4490","post","type-post","status-publish","format-standard","has-post-thumbnail","hentry","category-uncategorized","tag-el-pollo-gallardo","tag-juntos-haremos-historia","tag-pt","tag-pvem","tag-ricardo-gallardo-cardona","tag-san-luis-potosi","tag-slp"],"yoast_head":"<!-- This site is optimized with the Yoast SEO plugin v27.5 - https:\/\/yoast.com\/product\/yoast-seo-wordpress\/ -->\n<title>Mario Delgado, acepta triunfo de Ricardo Gallardo en tierras potosinas - NOTICIAS DE LA 4T<\/title>\n<meta name=\"robots\" content=\"noindex, follow, max-snippet:-1, max-image-preview:large, max-video-preview:-1\" \/>\n<meta property=\"og:locale\" content=\"es_MX\" \/>\n<meta property=\"og:type\" content=\"article\" \/>\n<meta property=\"og:title\" content=\"Mario Delgado, acepta triunfo de Ricardo Gallardo en tierras potosinas - NOTICIAS DE LA 4T\" \/>\n<meta property=\"og:description\" content=\"Al se\u00f1alar que Morena reconoce que la coalici\u00f3n conformada por los partidos del Trabajo y...\" \/>\n<meta property=\"og:url\" content=\"https:\/\/redamlo.com\/index.php\/2021\/06\/10\/mario-delgado-acepta-triunfo-de-ricardo-gallardo-en-tierras-potosinas\/\" \/>\n<meta property=\"og:site_name\" content=\"NOTICIAS DE LA 4T\" \/>\n<meta property=\"article:published_time\" content=\"2021-06-10T11:16:35+00:00\" \/>\n<meta property=\"og:image\" content=\"https:\/\/redamlo.com\/wp-content\/uploads\/2021\/06\/IMG-20210610-WA0000.jpg\" \/>\n\t<meta property=\"og:image:width\" content=\"1280\" \/>\n\t<meta property=\"og:image:height\" content=\"866\" \/>\n\t<meta property=\"og:image:type\" content=\"image\/jpeg\" \/>\n<meta name=\"author\" content=\"Blanca\" \/>\n<meta name=\"twitter:card\" content=\"summary_large_image\" \/>\n<meta name=\"twitter:label1\" content=\"Escrito por\" \/>\n\t<meta name=\"twitter:data1\" content=\"Blanca\" \/>\n\t<meta name=\"twitter:label2\" content=\"Tiempo de lectura\" \/>\n\t<meta name=\"twitter:data2\" content=\"3 minutos\" \/>\n<script type=\"application\/ld+json\" class=\"yoast-schema-graph\">{\"@context\":\"https:\\\/\\\/schema.org\",\"@graph\":[{\"@type\":\"Article\",\"@id\":\"https:\\\/\\\/redamlo.com\\\/index.php\\\/2021\\\/06\\\/10\\\/mario-delgado-acepta-triunfo-de-ricardo-gallardo-en-tierras-potosinas\\\/#article\",\"isPartOf\":{\"@id\":\"https:\\\/\\\/redamlo.com\\\/index.php\\\/2021\\\/06\\\/10\\\/mario-delgado-acepta-triunfo-de-ricardo-gallardo-en-tierras-potosinas\\\/\"},\"author\":{\"name\":\"Blanca\",\"@id\":\"https:\\\/\\\/redamlo.com\\\/#\\\/schema\\\/person\\\/7223a4375eb8f1a782fcae010a7115cf\"},\"headline\":\"Mario Delgado, acepta triunfo de Ricardo Gallardo en tierras potosinas\",\"datePublished\":\"2021-06-10T11:16:35+00:00\",\"mainEntityOfPage\":{\"@id\":\"https:\\\/\\\/redamlo.com\\\/index.php\\\/2021\\\/06\\\/10\\\/mario-delgado-acepta-triunfo-de-ricardo-gallardo-en-tierras-potosinas\\\/\"},\"wordCount\":574,\"commentCount\":0,\"publisher\":{\"@id\":\"https:\\\/\\\/redamlo.com\\\/#organization\"},\"image\":{\"@id\":\"https:\\\/\\\/redamlo.com\\\/index.php\\\/2021\\\/06\\\/10\\\/mario-delgado-acepta-triunfo-de-ricardo-gallardo-en-tierras-potosinas\\\/#primaryimage\"},\"thumbnailUrl\":\"https:\\\/\\\/redamlo.com\\\/wp-content\\\/uploads\\\/2021\\\/06\\\/IMG-20210610-WA0000.jpg\",\"keywords\":[\"El Pollo Gallardo\",\"Juntos Haremos Historia\",\"PT\",\"PVEM\",\"Ricardo Gallardo Cardona\",\"San Luis Potos\u00ed\",\"SLP\"],\"articleSection\":[\"Uncategorized\"],\"inLanguage\":\"es\",\"potentialAction\":[{\"@type\":\"CommentAction\",\"name\":\"Comment\",\"target\":[\"https:\\\/\\\/redamlo.com\\\/index.php\\\/2021\\\/06\\\/10\\\/mario-delgado-acepta-triunfo-de-ricardo-gallardo-en-tierras-potosinas\\\/#respond\"]}]},{\"@type\":\"WebPage\",\"@id\":\"https:\\\/\\\/redamlo.com\\\/index.php\\\/2021\\\/06\\\/10\\\/mario-delgado-acepta-triunfo-de-ricardo-gallardo-en-tierras-potosinas\\\/\",\"url\":\"https:\\\/\\\/redamlo.com\\\/index.php\\\/2021\\\/06\\\/10\\\/mario-delgado-acepta-triunfo-de-ricardo-gallardo-en-tierras-potosinas\\\/\",\"name\":\"Mario Delgado, acepta triunfo de Ricardo Gallardo en tierras potosinas - NOTICIAS DE LA 4T\",\"isPartOf\":{\"@id\":\"https:\\\/\\\/redamlo.com\\\/#website\"},\"primaryImageOfPage\":{\"@id\":\"https:\\\/\\\/redamlo.com\\\/index.php\\\/2021\\\/06\\\/10\\\/mario-delgado-acepta-triunfo-de-ricardo-gallardo-en-tierras-potosinas\\\/#primaryimage\"},\"image\":{\"@id\":\"https:\\\/\\\/redamlo.com\\\/index.php\\\/2021\\\/06\\\/10\\\/mario-delgado-acepta-triunfo-de-ricardo-gallardo-en-tierras-potosinas\\\/#primaryimage\"},\"thumbnailUrl\":\"https:\\\/\\\/redamlo.com\\\/wp-content\\\/uploads\\\/2021\\\/06\\\/IMG-20210610-WA0000.jpg\",\"datePublished\":\"2021-06-10T11:16:35+00:00\",\"breadcrumb\":{\"@id\":\"https:\\\/\\\/redamlo.com\\\/index.php\\\/2021\\\/06\\\/10\\\/mario-delgado-acepta-triunfo-de-ricardo-gallardo-en-tierras-potosinas\\\/#breadcrumb\"},\"inLanguage\":\"es\",\"potentialAction\":[{\"@type\":\"ReadAction\",\"target\":[\"https:\\\/\\\/redamlo.com\\\/index.php\\\/2021\\\/06\\\/10\\\/mario-delgado-acepta-triunfo-de-ricardo-gallardo-en-tierras-potosinas\\\/\"]}]},{\"@type\":\"ImageObject\",\"inLanguage\":\"es\",\"@id\":\"https:\\\/\\\/redamlo.com\\\/index.php\\\/2021\\\/06\\\/10\\\/mario-delgado-acepta-triunfo-de-ricardo-gallardo-en-tierras-potosinas\\\/#primaryimage\",\"url\":\"https:\\\/\\\/redamlo.com\\\/wp-content\\\/uploads\\\/2021\\\/06\\\/IMG-20210610-WA0000.jpg\",\"contentUrl\":\"https:\\\/\\\/redamlo.com\\\/wp-content\\\/uploads\\\/2021\\\/06\\\/IMG-20210610-WA0000.jpg\",\"width\":1280,\"height\":866},{\"@type\":\"BreadcrumbList\",\"@id\":\"https:\\\/\\\/redamlo.com\\\/index.php\\\/2021\\\/06\\\/10\\\/mario-delgado-acepta-triunfo-de-ricardo-gallardo-en-tierras-potosinas\\\/#breadcrumb\",\"itemListElement\":[{\"@type\":\"ListItem\",\"position\":1,\"name\":\"Inicio\",\"item\":\"https:\\\/\\\/redamlo.com\\\/\"},{\"@type\":\"ListItem\",\"position\":2,\"name\":\"Mario Delgado, acepta triunfo de Ricardo Gallardo en tierras potosinas\"}]},{\"@type\":\"WebSite\",\"@id\":\"https:\\\/\\\/redamlo.com\\\/#website\",\"url\":\"https:\\\/\\\/redamlo.com\\\/\",\"name\":\"NOTICIAS DE LA 4T\",\"description\":\"\",\"publisher\":{\"@id\":\"https:\\\/\\\/redamlo.com\\\/#organization\"},\"potentialAction\":[{\"@type\":\"SearchAction\",\"target\":{\"@type\":\"EntryPoint\",\"urlTemplate\":\"https:\\\/\\\/redamlo.com\\\/?s={search_term_string}\"},\"query-input\":{\"@type\":\"PropertyValueSpecification\",\"valueRequired\":true,\"valueName\":\"search_term_string\"}}],\"inLanguage\":\"es\"},{\"@type\":\"Organization\",\"@id\":\"https:\\\/\\\/redamlo.com\\\/#organization\",\"name\":\"NOTICIAS DE LA 4T\",\"url\":\"https:\\\/\\\/redamlo.com\\\/\",\"logo\":{\"@type\":\"ImageObject\",\"inLanguage\":\"es\",\"@id\":\"https:\\\/\\\/redamlo.com\\\/#\\\/schema\\\/logo\\\/image\\\/\",\"url\":\"https:\\\/\\\/redamlo.com\\\/wp-content\\\/uploads\\\/2024\\\/08\\\/cropped-RED-AMLO-logo-50.png\",\"contentUrl\":\"https:\\\/\\\/redamlo.com\\\/wp-content\\\/uploads\\\/2024\\\/08\\\/cropped-RED-AMLO-logo-50.png\",\"width\":256,\"height\":256,\"caption\":\"NOTICIAS DE LA 4T\"},\"image\":{\"@id\":\"https:\\\/\\\/redamlo.com\\\/#\\\/schema\\\/logo\\\/image\\\/\"}},{\"@type\":\"Person\",\"@id\":\"https:\\\/\\\/redamlo.com\\\/#\\\/schema\\\/person\\\/7223a4375eb8f1a782fcae010a7115cf\",\"name\":\"Blanca\",\"image\":{\"@type\":\"ImageObject\",\"inLanguage\":\"es\",\"@id\":\"https:\\\/\\\/secure.gravatar.com\\\/avatar\\\/3f79bc8336367a4e6093eae8757acaaf61d1124834b905616de7829b0273426d?s=96&d=mm&r=g\",\"url\":\"https:\\\/\\\/secure.gravatar.com\\\/avatar\\\/3f79bc8336367a4e6093eae8757acaaf61d1124834b905616de7829b0273426d?s=96&d=mm&r=g\",\"contentUrl\":\"https:\\\/\\\/secure.gravatar.com\\\/avatar\\\/3f79bc8336367a4e6093eae8757acaaf61d1124834b905616de7829b0273426d?s=96&d=mm&r=g\",\"caption\":\"Blanca\"},\"url\":\"https:\\\/\\\/redamlo.com\\\/index.php\\\/author\\\/blanca\\\/\"}]}<\/script>\n<!-- \/ Yoast SEO plugin. -->","yoast_head_json":{"title":"Mario Delgado, acepta triunfo de Ricardo Gallardo en tierras potosinas - NOTICIAS DE LA 4T","robots":{"index":"noindex","follow":"follow","max-snippet":"max-snippet:-1","max-image-preview":"max-image-preview:large","max-video-preview":"max-video-preview:-1"},"og_locale":"es_MX","og_type":"article","og_title":"Mario Delgado, acepta triunfo de Ricardo Gallardo en tierras potosinas - NOTICIAS DE LA 4T","og_description":"Al se\u00f1alar que Morena reconoce que la coalici\u00f3n conformada por los partidos del Trabajo y...","og_url":"https:\/\/redamlo.com\/index.php\/2021\/06\/10\/mario-delgado-acepta-triunfo-de-ricardo-gallardo-en-tierras-potosinas\/","og_site_name":"NOTICIAS DE LA 4T","article_published_time":"2021-06-10T11:16:35+00:00","og_image":[{"width":1280,"height":866,"url":"https:\/\/redamlo.com\/wp-content\/uploads\/2021\/06\/IMG-20210610-WA0000.jpg","type":"image\/jpeg"}],"author":"Blanca","twitter_card":"summary_large_image","twitter_misc":{"Escrito por":"Blanca","Tiempo de lectura":"3 minutos"},"schema":{"@context":"https:\/\/schema.org","@graph":[{"@type":"Article","@id":"https:\/\/redamlo.com\/index.php\/2021\/06\/10\/mario-delgado-acepta-triunfo-de-ricardo-gallardo-en-tierras-potosinas\/#article","isPartOf":{"@id":"https:\/\/redamlo.com\/index.php\/2021\/06\/10\/mario-delgado-acepta-triunfo-de-ricardo-gallardo-en-tierras-potosinas\/"},"author":{"name":"Blanca","@id":"https:\/\/redamlo.com\/#\/schema\/person\/7223a4375eb8f1a782fcae010a7115cf"},"headline":"Mario Delgado, acepta triunfo de Ricardo Gallardo en tierras potosinas","datePublished":"2021-06-10T11:16:35+00:00","mainEntityOfPage":{"@id":"https:\/\/redamlo.com\/index.php\/2021\/06\/10\/mario-delgado-acepta-triunfo-de-ricardo-gallardo-en-tierras-potosinas\/"},"wordCount":574,"commentCount":0,"publisher":{"@id":"https:\/\/redamlo.com\/#organization"},"image":{"@id":"https:\/\/redamlo.com\/index.php\/2021\/06\/10\/mario-delgado-acepta-triunfo-de-ricardo-gallardo-en-tierras-potosinas\/#primaryimage"},"thumbnailUrl":"https:\/\/redamlo.com\/wp-content\/uploads\/2021\/06\/IMG-20210610-WA0000.jpg","keywords":["El Pollo Gallardo","Juntos Haremos Historia","PT","PVEM","Ricardo Gallardo Cardona","San Luis Potos\u00ed","SLP"],"articleSection":["Uncategorized"],"inLanguage":"es","potentialAction":[{"@type":"CommentAction","name":"Comment","target":["https:\/\/redamlo.com\/index.php\/2021\/06\/10\/mario-delgado-acepta-triunfo-de-ricardo-gallardo-en-tierras-potosinas\/#respond"]}]},{"@type":"WebPage","@id":"https:\/\/redamlo.com\/index.php\/2021\/06\/10\/mario-delgado-acepta-triunfo-de-ricardo-gallardo-en-tierras-potosinas\/","url":"https:\/\/redamlo.com\/index.php\/2021\/06\/10\/mario-delgado-acepta-triunfo-de-ricardo-gallardo-en-tierras-potosinas\/","name":"Mario Delgado, acepta triunfo de Ricardo Gallardo en tierras potosinas - NOTICIAS DE LA 4T","isPartOf":{"@id":"https:\/\/redamlo.com\/#website"},"primaryImageOfPage":{"@id":"https:\/\/redamlo.com\/index.php\/2021\/06\/10\/mario-delgado-acepta-triunfo-de-ricardo-gallardo-en-tierras-potosinas\/#primaryimage"},"image":{"@id":"https:\/\/redamlo.com\/index.php\/2021\/06\/10\/mario-delgado-acepta-triunfo-de-ricardo-gallardo-en-tierras-potosinas\/#primaryimage"},"thumbnailUrl":"https:\/\/redamlo.com\/wp-content\/uploads\/2021\/06\/IMG-20210610-WA0000.jpg","datePublished":"2021-06-10T11:16:35+00:00","breadcrumb":{"@id":"https:\/\/redamlo.com\/index.php\/2021\/06\/10\/mario-delgado-acepta-triunfo-de-ricardo-gallardo-en-tierras-potosinas\/#breadcrumb"},"inLanguage":"es","potentialAction":[{"@type":"ReadAction","target":["https:\/\/redamlo.com\/index.php\/2021\/06\/10\/mario-delgado-acepta-triunfo-de-ricardo-gallardo-en-tierras-potosinas\/"]}]},{"@type":"ImageObject","inLanguage":"es","@id":"https:\/\/redamlo.com\/index.php\/2021\/06\/10\/mario-delgado-acepta-triunfo-de-ricardo-gallardo-en-tierras-potosinas\/#primaryimage","url":"https:\/\/redamlo.com\/wp-content\/uploads\/2021\/06\/IMG-20210610-WA0000.jpg","contentUrl":"https:\/\/redamlo.com\/wp-content\/uploads\/2021\/06\/IMG-20210610-WA0000.jpg","width":1280,"height":866},{"@type":"BreadcrumbList","@id":"https:\/\/redamlo.com\/index.php\/2021\/06\/10\/mario-delgado-acepta-triunfo-de-ricardo-gallardo-en-tierras-potosinas\/#breadcrumb","itemListElement":[{"@type":"ListItem","position":1,"name":"Inicio","item":"https:\/\/redamlo.com\/"},{"@type":"ListItem","position":2,"name":"Mario Delgado, acepta triunfo de Ricardo Gallardo en tierras potosinas"}]},{"@type":"WebSite","@id":"https:\/\/redamlo.com\/#website","url":"https:\/\/redamlo.com\/","name":"NOTICIAS DE LA 4T","description":"","publisher":{"@id":"https:\/\/redamlo.com\/#organization"},"potentialAction":[{"@type":"SearchAction","target":{"@type":"EntryPoint","urlTemplate":"https:\/\/redamlo.com\/?s={search_term_string}"},"query-input":{"@type":"PropertyValueSpecification","valueRequired":true,"valueName":"search_term_string"}}],"inLanguage":"es"},{"@type":"Organization","@id":"https:\/\/redamlo.com\/#organization","name":"NOTICIAS DE LA 4T","url":"https:\/\/redamlo.com\/","logo":{"@type":"ImageObject","inLanguage":"es","@id":"https:\/\/redamlo.com\/#\/schema\/logo\/image\/","url":"https:\/\/redamlo.com\/wp-content\/uploads\/2024\/08\/cropped-RED-AMLO-logo-50.png","contentUrl":"https:\/\/redamlo.com\/wp-content\/uploads\/2024\/08\/cropped-RED-AMLO-logo-50.png","width":256,"height":256,"caption":"NOTICIAS DE LA 4T"},"image":{"@id":"https:\/\/redamlo.com\/#\/schema\/logo\/image\/"}},{"@type":"Person","@id":"https:\/\/redamlo.com\/#\/schema\/person\/7223a4375eb8f1a782fcae010a7115cf","name":"Blanca","image":{"@type":"ImageObject","inLanguage":"es","@id":"https:\/\/secure.gravatar.com\/avatar\/3f79bc8336367a4e6093eae8757acaaf61d1124834b905616de7829b0273426d?s=96&d=mm&r=g","url":"https:\/\/secure.gravatar.com\/avatar\/3f79bc8336367a4e6093eae8757acaaf61d1124834b905616de7829b0273426d?s=96&d=mm&r=g","contentUrl":"https:\/\/secure.gravatar.com\/avatar\/3f79bc8336367a4e6093eae8757acaaf61d1124834b905616de7829b0273426d?s=96&d=mm&r=g","caption":"Blanca"},"url":"https:\/\/redamlo.com\/index.php\/author\/blanca\/"}]}},"_links":{"self":[{"href":"https:\/\/redamlo.com\/index.php\/wp-json\/wp\/v2\/posts\/4490","targetHints":{"allow":["GET"]}}],"collection":[{"href":"https:\/\/redamlo.com\/index.php\/wp-json\/wp\/v2\/posts"}],"about":[{"href":"https:\/\/redamlo.com\/index.php\/wp-json\/wp\/v2\/types\/post"}],"author":[{"embeddable":true,"href":"https:\/\/redamlo.com\/index.php\/wp-json\/wp\/v2\/users\/2"}],"replies":[{"embeddable":true,"href":"https:\/\/redamlo.com\/index.php\/wp-json\/wp\/v2\/comments?post=4490"}],"version-history":[{"count":0,"href":"https:\/\/redamlo.com\/index.php\/wp-json\/wp\/v2\/posts\/4490\/revisions"}],"wp:featuredmedia":[{"embeddable":true,"href":"https:\/\/redamlo.com\/index.php\/wp-json\/wp\/v2\/media\/4491"}],"wp:attachment":[{"href":"https:\/\/redamlo.com\/index.php\/wp-json\/wp\/v2\/media?parent=4490"}],"wp:term":[{"taxonomy":"category","embeddable":true,"href":"https:\/\/redamlo.com\/index.php\/wp-json\/wp\/v2\/categories?post=4490"},{"taxonomy":"post_tag","embeddable":true,"href":"https:\/\/redamlo.com\/index.php\/wp-json\/wp\/v2\/tags?post=4490"}],"curies":[{"name":"wp","href":"https:\/\/api.w.org\/{rel}","templated":true}]}}