{"id":4483,"date":"2021-06-08T22:05:19","date_gmt":"2021-06-08T22:05:19","guid":{"rendered":"https:\/\/redamlo.com\/?p=4483"},"modified":"2021-06-08T22:05:19","modified_gmt":"2021-06-08T22:05:19","slug":"morena-se-consolida-como-segunda-fuerza-politica-en-yucatan-y-prospectan-llevar-6-diputados-al-congreso-local","status":"publish","type":"post","link":"https:\/\/redamlo.com\/index.php\/2021\/06\/08\/morena-se-consolida-como-segunda-fuerza-politica-en-yucatan-y-prospectan-llevar-6-diputados-al-congreso-local\/","title":{"rendered":"MORENA se consolida como segunda fuerza pol\u00edtica en Yucat\u00e1n y prospectan llevar 6 diputados al Congreso local"},"content":{"rendered":"<p>Realidades.- Tras la contienda electoral en el estado de Yucat\u00e1n, el partido Movimiento Regeneraci\u00f3n Nacional (Morena) se consolid\u00f3 como la segunda fuerza pol\u00edtica de Yucat\u00e1n, declar\u00f3 Ver\u00f3nica Camino Farjat, quien contendi\u00f3 como candidata a la alcald\u00eda de M\u00e9rida.<\/p>\n<blockquote class=\"wp-block-quote\"><p>\u201cMorena es el gran ganador en esta elecci\u00f3n. En tan solo dos meses las y los candidatos, de la mano de la ciudadan\u00eda hicimos historia al lograr una votaci\u00f3n que consolida a nuestro movimiento como la segunda fuerza pol\u00edtica en Yucat\u00e1n\u201d dijo.<\/p><\/blockquote>\n<figure class=\"wp-block-image\"><\/figure>\n<p>En un mensaje emitido a las y los simpatizantes de Morena, Camino destac\u00f3 el incremento de personas que se sumaron a este movimiento y los llam\u00f3 a mantenerse unidos.<\/p>\n<blockquote class=\"wp-block-quote\"><p>\u201cNos sentimos orgullosos de saber que en el cabildo y el Congreso del Estado seremos una oposici\u00f3n que representar\u00e1 y dar\u00e1 voz al pueblo, no permitiremos que lleven a Yucat\u00e1n a m\u00e1s endeudamiento ni que siga en el abandono en que estamos sumergidos\u201d, expres\u00f3.<\/p>\n<p><cite>Congreso Local<\/cite><\/p><\/blockquote>\n<p>La pr\u00f3xima legislatura en el estado de Yucat\u00e1n tendr\u00e1 mayor\u00eda del PAN. De los 25 diputados, 12 ser\u00e1n de Acci\u00f3n Nacional electos por mayor\u00eda y los distritos VI y VII ser\u00e1n llevados a tribunales por parte de MORENA ya que la diferencia de votos es m\u00ednima, mientras que el distrito VIII fue victoria para Jazm\u00edn Villanueva.<\/p>\n<div class=\"wp-block-image\">\n<figure class=\"aligncenter size-large is-resized\"><img loading=\"lazy\" decoding=\"async\" class=\"wp-image-25280\" src=\"https:\/\/realidadesqroo.files.wordpress.com\/2021\/06\/whatsapp-image-2021-06-08-at-14.49.22.jpeg?w=1024\" sizes=\"auto, (max-width: 310px) 100vw, 310px\" srcset=\"https:\/\/realidadesqroo.files.wordpress.com\/2021\/06\/whatsapp-image-2021-06-08-at-14.49.22.jpeg?w=310 310w, https:\/\/realidadesqroo.files.wordpress.com\/2021\/06\/whatsapp-image-2021-06-08-at-14.49.22.jpeg?w=620 620w, https:\/\/realidadesqroo.files.wordpress.com\/2021\/06\/whatsapp-image-2021-06-08-at-14.49.22.jpeg?w=150 150w, https:\/\/realidadesqroo.files.wordpress.com\/2021\/06\/whatsapp-image-2021-06-08-at-14.49.22.jpeg?w=300 300w\" alt=\"\" width=\"310\" height=\"177\" data-attachment-id=\"25280\" data-permalink=\"https:\/\/realidadesquintanaroo.org\/2021\/06\/08\/morena-se-consolida-como-segunda-fuerza-politica-en-yucatan-y-prospectan-llevar-6-diputados-al-congreso-local\/whatsapp-image-2021-06-08-at-14-49-22\/\" data-orig-file=\"https:\/\/realidadesqroo.files.wordpress.com\/2021\/06\/whatsapp-image-2021-06-08-at-14.49.22.jpeg\" data-orig-size=\"1170,669\" data-comments-opened=\"1\" data-image-meta=\"{&quot;aperture&quot;:&quot;0&quot;,&quot;credit&quot;:&quot;&quot;,&quot;camera&quot;:&quot;&quot;,&quot;caption&quot;:&quot;&quot;,&quot;created_timestamp&quot;:&quot;0&quot;,&quot;copyright&quot;:&quot;&quot;,&quot;focal_length&quot;:&quot;0&quot;,&quot;iso&quot;:&quot;0&quot;,&quot;shutter_speed&quot;:&quot;0&quot;,&quot;title&quot;:&quot;&quot;,&quot;orientation&quot;:&quot;0&quot;}\" data-image-title=\"WhatsApp Image 2021-06-08 at 14.49.22\" data-image-description=\"\" data-medium-file=\"https:\/\/realidadesqroo.files.wordpress.com\/2021\/06\/whatsapp-image-2021-06-08-at-14.49.22.jpeg?w=300\" data-large-file=\"https:\/\/realidadesqroo.files.wordpress.com\/2021\/06\/whatsapp-image-2021-06-08-at-14.49.22.jpeg?w=720\" \/><\/figure>\n<\/div>\n<div class=\"wp-block-image\">\n<figure class=\"aligncenter size-large is-resized\"><img loading=\"lazy\" decoding=\"async\" class=\"wp-image-25282\" src=\"https:\/\/realidadesqroo.files.wordpress.com\/2021\/06\/whatsapp-image-2021-06-08-at-14.49.221.jpeg?w=1024\" sizes=\"auto, (max-width: 316px) 100vw, 316px\" srcset=\"https:\/\/realidadesqroo.files.wordpress.com\/2021\/06\/whatsapp-image-2021-06-08-at-14.49.221.jpeg?w=314 314w, https:\/\/realidadesqroo.files.wordpress.com\/2021\/06\/whatsapp-image-2021-06-08-at-14.49.221.jpeg?w=628 628w, https:\/\/realidadesqroo.files.wordpress.com\/2021\/06\/whatsapp-image-2021-06-08-at-14.49.221.jpeg?w=150 150w, https:\/\/realidadesqroo.files.wordpress.com\/2021\/06\/whatsapp-image-2021-06-08-at-14.49.221.jpeg?w=300 300w\" alt=\"\" width=\"316\" height=\"172\" data-attachment-id=\"25282\" data-permalink=\"https:\/\/realidadesquintanaroo.org\/whatsapp-image-2021-06-08-at-14-49-221\/\" data-orig-file=\"https:\/\/realidadesqroo.files.wordpress.com\/2021\/06\/whatsapp-image-2021-06-08-at-14.49.221.jpeg\" data-orig-size=\"1170,641\" data-comments-opened=\"1\" data-image-meta=\"{&quot;aperture&quot;:&quot;0&quot;,&quot;credit&quot;:&quot;&quot;,&quot;camera&quot;:&quot;&quot;,&quot;caption&quot;:&quot;&quot;,&quot;created_timestamp&quot;:&quot;0&quot;,&quot;copyright&quot;:&quot;&quot;,&quot;focal_length&quot;:&quot;0&quot;,&quot;iso&quot;:&quot;0&quot;,&quot;shutter_speed&quot;:&quot;0&quot;,&quot;title&quot;:&quot;&quot;,&quot;orientation&quot;:&quot;0&quot;}\" data-image-title=\"whatsapp-image-2021-06-08-at-14.49.221\" data-image-description=\"\" data-medium-file=\"https:\/\/realidadesqroo.files.wordpress.com\/2021\/06\/whatsapp-image-2021-06-08-at-14.49.221.jpeg?w=300\" data-large-file=\"https:\/\/realidadesqroo.files.wordpress.com\/2021\/06\/whatsapp-image-2021-06-08-at-14.49.221.jpeg?w=720\" \/><\/figure>\n<\/div>\n<p>En una prospecci\u00f3n de la asignaci\u00f3n de los 11 espacios plurinominals se conformar\u00eda num\u00e9ricamente de la siguiente manera:<\/p>\n<p>4 Morena<\/p>\n<p>3 PRI<\/p>\n<p>1 PRD<\/p>\n<p>1 Partido Verde Ecologista<\/p>\n<p>1 Nueva Alianza<\/p>\n<p>1 Movimiento Ciudadano<\/p>\n<p>Entre los plurinominales destaca\u00a0<strong>Alejandra Novelo de Morena<\/strong>\u00a0y los dirigentes estatales de\u00a0<strong>Nueva Alianza<\/strong>,\u00a0<strong>Crescencio Guti\u00e9rrez; Movimiento Ciudadano, Vida G\u00f3mez;<\/strong>\u00a0<strong>Partido Verde, Harry Rodr\u00edguez, y Eduardo Sobrino<\/strong>, fundador del PRD en Yucat\u00e1n, as\u00ed como Gaspar Quintal Parra, a\u00f1ejo priista.<\/p>\n","protected":false},"excerpt":{"rendered":"<p>Realidades.- Tras la contienda electoral en el estado de Yucat\u00e1n, el partido Movimiento Regeneraci\u00f3n Nacional&#8230;<\/p>\n","protected":false},"author":2,"featured_media":4485,"comment_status":"open","ping_status":"closed","sticky":false,"template":"","format":"standard","meta":{"footnotes":""},"categories":[25],"tags":[919],"class_list":["post-4483","post","type-post","status-publish","format-standard","has-post-thumbnail","hentry","category-4t","tag-morena-segunda-fuerza-politica-en-yucatan"],"yoast_head":"<!-- This site is optimized with the Yoast SEO plugin v27.5 - https:\/\/yoast.com\/product\/yoast-seo-wordpress\/ -->\n<title>MORENA se consolida como segunda fuerza pol\u00edtica en Yucat\u00e1n y prospectan llevar 6 diputados al Congreso local - NOTICIAS DE LA 4T<\/title>\n<meta name=\"robots\" content=\"noindex, follow, max-snippet:-1, max-image-preview:large, max-video-preview:-1\" \/>\n<meta property=\"og:locale\" content=\"es_MX\" \/>\n<meta property=\"og:type\" content=\"article\" \/>\n<meta property=\"og:title\" content=\"MORENA se consolida como segunda fuerza pol\u00edtica en Yucat\u00e1n y prospectan llevar 6 diputados al Congreso local - NOTICIAS DE LA 4T\" \/>\n<meta property=\"og:description\" content=\"Realidades.- Tras la contienda electoral en el estado de Yucat\u00e1n, el partido Movimiento Regeneraci\u00f3n Nacional...\" \/>\n<meta property=\"og:url\" content=\"https:\/\/redamlo.com\/index.php\/2021\/06\/08\/morena-se-consolida-como-segunda-fuerza-politica-en-yucatan-y-prospectan-llevar-6-diputados-al-congreso-local\/\" \/>\n<meta property=\"og:site_name\" content=\"NOTICIAS DE LA 4T\" \/>\n<meta property=\"article:published_time\" content=\"2021-06-08T22:05:19+00:00\" \/>\n<meta property=\"og:image\" content=\"https:\/\/redamlo.com\/wp-content\/uploads\/2021\/06\/MORENA-se-consolida-como-segunda-fuerza-politica-en-Yucatan-y-prospectan-llevar-6-diputados-al-Congreso-local.jpeg\" \/>\n\t<meta property=\"og:image:width\" content=\"768\" \/>\n\t<meta property=\"og:image:height\" content=\"508\" \/>\n\t<meta property=\"og:image:type\" content=\"image\/jpeg\" \/>\n<meta name=\"author\" content=\"Blanca\" \/>\n<meta name=\"twitter:card\" content=\"summary_large_image\" \/>\n<meta name=\"twitter:label1\" content=\"Escrito por\" \/>\n\t<meta name=\"twitter:data1\" content=\"Blanca\" \/>\n\t<meta name=\"twitter:label2\" content=\"Tiempo de lectura\" \/>\n\t<meta name=\"twitter:data2\" content=\"2 minutos\" \/>\n<script type=\"application\/ld+json\" class=\"yoast-schema-graph\">{\"@context\":\"https:\\\/\\\/schema.org\",\"@graph\":[{\"@type\":\"Article\",\"@id\":\"https:\\\/\\\/redamlo.com\\\/index.php\\\/2021\\\/06\\\/08\\\/morena-se-consolida-como-segunda-fuerza-politica-en-yucatan-y-prospectan-llevar-6-diputados-al-congreso-local\\\/#article\",\"isPartOf\":{\"@id\":\"https:\\\/\\\/redamlo.com\\\/index.php\\\/2021\\\/06\\\/08\\\/morena-se-consolida-como-segunda-fuerza-politica-en-yucatan-y-prospectan-llevar-6-diputados-al-congreso-local\\\/\"},\"author\":{\"name\":\"Blanca\",\"@id\":\"https:\\\/\\\/redamlo.com\\\/#\\\/schema\\\/person\\\/7223a4375eb8f1a782fcae010a7115cf\"},\"headline\":\"MORENA se consolida como segunda fuerza pol\u00edtica en Yucat\u00e1n y prospectan llevar 6 diputados al Congreso local\",\"datePublished\":\"2021-06-08T22:05:19+00:00\",\"mainEntityOfPage\":{\"@id\":\"https:\\\/\\\/redamlo.com\\\/index.php\\\/2021\\\/06\\\/08\\\/morena-se-consolida-como-segunda-fuerza-politica-en-yucatan-y-prospectan-llevar-6-diputados-al-congreso-local\\\/\"},\"wordCount\":328,\"commentCount\":0,\"publisher\":{\"@id\":\"https:\\\/\\\/redamlo.com\\\/#organization\"},\"image\":{\"@id\":\"https:\\\/\\\/redamlo.com\\\/index.php\\\/2021\\\/06\\\/08\\\/morena-se-consolida-como-segunda-fuerza-politica-en-yucatan-y-prospectan-llevar-6-diputados-al-congreso-local\\\/#primaryimage\"},\"thumbnailUrl\":\"https:\\\/\\\/redamlo.com\\\/wp-content\\\/uploads\\\/2021\\\/06\\\/MORENA-se-consolida-como-segunda-fuerza-politica-en-Yucatan-y-prospectan-llevar-6-diputados-al-Congreso-local.jpeg\",\"keywords\":[\"MORENA segunda fuerza pol\u00edtica en Yucat\u00e1n\"],\"articleSection\":[\"4T\"],\"inLanguage\":\"es\",\"potentialAction\":[{\"@type\":\"CommentAction\",\"name\":\"Comment\",\"target\":[\"https:\\\/\\\/redamlo.com\\\/index.php\\\/2021\\\/06\\\/08\\\/morena-se-consolida-como-segunda-fuerza-politica-en-yucatan-y-prospectan-llevar-6-diputados-al-congreso-local\\\/#respond\"]}]},{\"@type\":\"WebPage\",\"@id\":\"https:\\\/\\\/redamlo.com\\\/index.php\\\/2021\\\/06\\\/08\\\/morena-se-consolida-como-segunda-fuerza-politica-en-yucatan-y-prospectan-llevar-6-diputados-al-congreso-local\\\/\",\"url\":\"https:\\\/\\\/redamlo.com\\\/index.php\\\/2021\\\/06\\\/08\\\/morena-se-consolida-como-segunda-fuerza-politica-en-yucatan-y-prospectan-llevar-6-diputados-al-congreso-local\\\/\",\"name\":\"MORENA se consolida como segunda fuerza pol\u00edtica en Yucat\u00e1n y prospectan llevar 6 diputados al Congreso local - NOTICIAS DE LA 4T\",\"isPartOf\":{\"@id\":\"https:\\\/\\\/redamlo.com\\\/#website\"},\"primaryImageOfPage\":{\"@id\":\"https:\\\/\\\/redamlo.com\\\/index.php\\\/2021\\\/06\\\/08\\\/morena-se-consolida-como-segunda-fuerza-politica-en-yucatan-y-prospectan-llevar-6-diputados-al-congreso-local\\\/#primaryimage\"},\"image\":{\"@id\":\"https:\\\/\\\/redamlo.com\\\/index.php\\\/2021\\\/06\\\/08\\\/morena-se-consolida-como-segunda-fuerza-politica-en-yucatan-y-prospectan-llevar-6-diputados-al-congreso-local\\\/#primaryimage\"},\"thumbnailUrl\":\"https:\\\/\\\/redamlo.com\\\/wp-content\\\/uploads\\\/2021\\\/06\\\/MORENA-se-consolida-como-segunda-fuerza-politica-en-Yucatan-y-prospectan-llevar-6-diputados-al-Congreso-local.jpeg\",\"datePublished\":\"2021-06-08T22:05:19+00:00\",\"breadcrumb\":{\"@id\":\"https:\\\/\\\/redamlo.com\\\/index.php\\\/2021\\\/06\\\/08\\\/morena-se-consolida-como-segunda-fuerza-politica-en-yucatan-y-prospectan-llevar-6-diputados-al-congreso-local\\\/#breadcrumb\"},\"inLanguage\":\"es\",\"potentialAction\":[{\"@type\":\"ReadAction\",\"target\":[\"https:\\\/\\\/redamlo.com\\\/index.php\\\/2021\\\/06\\\/08\\\/morena-se-consolida-como-segunda-fuerza-politica-en-yucatan-y-prospectan-llevar-6-diputados-al-congreso-local\\\/\"]}]},{\"@type\":\"ImageObject\",\"inLanguage\":\"es\",\"@id\":\"https:\\\/\\\/redamlo.com\\\/index.php\\\/2021\\\/06\\\/08\\\/morena-se-consolida-como-segunda-fuerza-politica-en-yucatan-y-prospectan-llevar-6-diputados-al-congreso-local\\\/#primaryimage\",\"url\":\"https:\\\/\\\/redamlo.com\\\/wp-content\\\/uploads\\\/2021\\\/06\\\/MORENA-se-consolida-como-segunda-fuerza-politica-en-Yucatan-y-prospectan-llevar-6-diputados-al-Congreso-local.jpeg\",\"contentUrl\":\"https:\\\/\\\/redamlo.com\\\/wp-content\\\/uploads\\\/2021\\\/06\\\/MORENA-se-consolida-como-segunda-fuerza-politica-en-Yucatan-y-prospectan-llevar-6-diputados-al-Congreso-local.jpeg\",\"width\":768,\"height\":508},{\"@type\":\"BreadcrumbList\",\"@id\":\"https:\\\/\\\/redamlo.com\\\/index.php\\\/2021\\\/06\\\/08\\\/morena-se-consolida-como-segunda-fuerza-politica-en-yucatan-y-prospectan-llevar-6-diputados-al-congreso-local\\\/#breadcrumb\",\"itemListElement\":[{\"@type\":\"ListItem\",\"position\":1,\"name\":\"Inicio\",\"item\":\"https:\\\/\\\/redamlo.com\\\/\"},{\"@type\":\"ListItem\",\"position\":2,\"name\":\"MORENA se consolida como segunda fuerza pol\u00edtica en Yucat\u00e1n y prospectan llevar 6 diputados al Congreso local\"}]},{\"@type\":\"WebSite\",\"@id\":\"https:\\\/\\\/redamlo.com\\\/#website\",\"url\":\"https:\\\/\\\/redamlo.com\\\/\",\"name\":\"NOTICIAS DE LA 4T\",\"description\":\"\",\"publisher\":{\"@id\":\"https:\\\/\\\/redamlo.com\\\/#organization\"},\"potentialAction\":[{\"@type\":\"SearchAction\",\"target\":{\"@type\":\"EntryPoint\",\"urlTemplate\":\"https:\\\/\\\/redamlo.com\\\/?s={search_term_string}\"},\"query-input\":{\"@type\":\"PropertyValueSpecification\",\"valueRequired\":true,\"valueName\":\"search_term_string\"}}],\"inLanguage\":\"es\"},{\"@type\":\"Organization\",\"@id\":\"https:\\\/\\\/redamlo.com\\\/#organization\",\"name\":\"NOTICIAS DE LA 4T\",\"url\":\"https:\\\/\\\/redamlo.com\\\/\",\"logo\":{\"@type\":\"ImageObject\",\"inLanguage\":\"es\",\"@id\":\"https:\\\/\\\/redamlo.com\\\/#\\\/schema\\\/logo\\\/image\\\/\",\"url\":\"https:\\\/\\\/redamlo.com\\\/wp-content\\\/uploads\\\/2024\\\/08\\\/cropped-RED-AMLO-logo-50.png\",\"contentUrl\":\"https:\\\/\\\/redamlo.com\\\/wp-content\\\/uploads\\\/2024\\\/08\\\/cropped-RED-AMLO-logo-50.png\",\"width\":256,\"height\":256,\"caption\":\"NOTICIAS DE LA 4T\"},\"image\":{\"@id\":\"https:\\\/\\\/redamlo.com\\\/#\\\/schema\\\/logo\\\/image\\\/\"}},{\"@type\":\"Person\",\"@id\":\"https:\\\/\\\/redamlo.com\\\/#\\\/schema\\\/person\\\/7223a4375eb8f1a782fcae010a7115cf\",\"name\":\"Blanca\",\"image\":{\"@type\":\"ImageObject\",\"inLanguage\":\"es\",\"@id\":\"https:\\\/\\\/secure.gravatar.com\\\/avatar\\\/3f79bc8336367a4e6093eae8757acaaf61d1124834b905616de7829b0273426d?s=96&d=mm&r=g\",\"url\":\"https:\\\/\\\/secure.gravatar.com\\\/avatar\\\/3f79bc8336367a4e6093eae8757acaaf61d1124834b905616de7829b0273426d?s=96&d=mm&r=g\",\"contentUrl\":\"https:\\\/\\\/secure.gravatar.com\\\/avatar\\\/3f79bc8336367a4e6093eae8757acaaf61d1124834b905616de7829b0273426d?s=96&d=mm&r=g\",\"caption\":\"Blanca\"},\"url\":\"https:\\\/\\\/redamlo.com\\\/index.php\\\/author\\\/blanca\\\/\"}]}<\/script>\n<!-- \/ Yoast SEO plugin. -->","yoast_head_json":{"title":"MORENA se consolida como segunda fuerza pol\u00edtica en Yucat\u00e1n y prospectan llevar 6 diputados al Congreso local - NOTICIAS DE LA 4T","robots":{"index":"noindex","follow":"follow","max-snippet":"max-snippet:-1","max-image-preview":"max-image-preview:large","max-video-preview":"max-video-preview:-1"},"og_locale":"es_MX","og_type":"article","og_title":"MORENA se consolida como segunda fuerza pol\u00edtica en Yucat\u00e1n y prospectan llevar 6 diputados al Congreso local - NOTICIAS DE LA 4T","og_description":"Realidades.- Tras la contienda electoral en el estado de Yucat\u00e1n, el partido Movimiento Regeneraci\u00f3n Nacional...","og_url":"https:\/\/redamlo.com\/index.php\/2021\/06\/08\/morena-se-consolida-como-segunda-fuerza-politica-en-yucatan-y-prospectan-llevar-6-diputados-al-congreso-local\/","og_site_name":"NOTICIAS DE LA 4T","article_published_time":"2021-06-08T22:05:19+00:00","og_image":[{"width":768,"height":508,"url":"https:\/\/redamlo.com\/wp-content\/uploads\/2021\/06\/MORENA-se-consolida-como-segunda-fuerza-politica-en-Yucatan-y-prospectan-llevar-6-diputados-al-Congreso-local.jpeg","type":"image\/jpeg"}],"author":"Blanca","twitter_card":"summary_large_image","twitter_misc":{"Escrito por":"Blanca","Tiempo de lectura":"2 minutos"},"schema":{"@context":"https:\/\/schema.org","@graph":[{"@type":"Article","@id":"https:\/\/redamlo.com\/index.php\/2021\/06\/08\/morena-se-consolida-como-segunda-fuerza-politica-en-yucatan-y-prospectan-llevar-6-diputados-al-congreso-local\/#article","isPartOf":{"@id":"https:\/\/redamlo.com\/index.php\/2021\/06\/08\/morena-se-consolida-como-segunda-fuerza-politica-en-yucatan-y-prospectan-llevar-6-diputados-al-congreso-local\/"},"author":{"name":"Blanca","@id":"https:\/\/redamlo.com\/#\/schema\/person\/7223a4375eb8f1a782fcae010a7115cf"},"headline":"MORENA se consolida como segunda fuerza pol\u00edtica en Yucat\u00e1n y prospectan llevar 6 diputados al Congreso local","datePublished":"2021-06-08T22:05:19+00:00","mainEntityOfPage":{"@id":"https:\/\/redamlo.com\/index.php\/2021\/06\/08\/morena-se-consolida-como-segunda-fuerza-politica-en-yucatan-y-prospectan-llevar-6-diputados-al-congreso-local\/"},"wordCount":328,"commentCount":0,"publisher":{"@id":"https:\/\/redamlo.com\/#organization"},"image":{"@id":"https:\/\/redamlo.com\/index.php\/2021\/06\/08\/morena-se-consolida-como-segunda-fuerza-politica-en-yucatan-y-prospectan-llevar-6-diputados-al-congreso-local\/#primaryimage"},"thumbnailUrl":"https:\/\/redamlo.com\/wp-content\/uploads\/2021\/06\/MORENA-se-consolida-como-segunda-fuerza-politica-en-Yucatan-y-prospectan-llevar-6-diputados-al-Congreso-local.jpeg","keywords":["MORENA segunda fuerza pol\u00edtica en Yucat\u00e1n"],"articleSection":["4T"],"inLanguage":"es","potentialAction":[{"@type":"CommentAction","name":"Comment","target":["https:\/\/redamlo.com\/index.php\/2021\/06\/08\/morena-se-consolida-como-segunda-fuerza-politica-en-yucatan-y-prospectan-llevar-6-diputados-al-congreso-local\/#respond"]}]},{"@type":"WebPage","@id":"https:\/\/redamlo.com\/index.php\/2021\/06\/08\/morena-se-consolida-como-segunda-fuerza-politica-en-yucatan-y-prospectan-llevar-6-diputados-al-congreso-local\/","url":"https:\/\/redamlo.com\/index.php\/2021\/06\/08\/morena-se-consolida-como-segunda-fuerza-politica-en-yucatan-y-prospectan-llevar-6-diputados-al-congreso-local\/","name":"MORENA se consolida como segunda fuerza pol\u00edtica en Yucat\u00e1n y prospectan llevar 6 diputados al Congreso local - NOTICIAS DE LA 4T","isPartOf":{"@id":"https:\/\/redamlo.com\/#website"},"primaryImageOfPage":{"@id":"https:\/\/redamlo.com\/index.php\/2021\/06\/08\/morena-se-consolida-como-segunda-fuerza-politica-en-yucatan-y-prospectan-llevar-6-diputados-al-congreso-local\/#primaryimage"},"image":{"@id":"https:\/\/redamlo.com\/index.php\/2021\/06\/08\/morena-se-consolida-como-segunda-fuerza-politica-en-yucatan-y-prospectan-llevar-6-diputados-al-congreso-local\/#primaryimage"},"thumbnailUrl":"https:\/\/redamlo.com\/wp-content\/uploads\/2021\/06\/MORENA-se-consolida-como-segunda-fuerza-politica-en-Yucatan-y-prospectan-llevar-6-diputados-al-Congreso-local.jpeg","datePublished":"2021-06-08T22:05:19+00:00","breadcrumb":{"@id":"https:\/\/redamlo.com\/index.php\/2021\/06\/08\/morena-se-consolida-como-segunda-fuerza-politica-en-yucatan-y-prospectan-llevar-6-diputados-al-congreso-local\/#breadcrumb"},"inLanguage":"es","potentialAction":[{"@type":"ReadAction","target":["https:\/\/redamlo.com\/index.php\/2021\/06\/08\/morena-se-consolida-como-segunda-fuerza-politica-en-yucatan-y-prospectan-llevar-6-diputados-al-congreso-local\/"]}]},{"@type":"ImageObject","inLanguage":"es","@id":"https:\/\/redamlo.com\/index.php\/2021\/06\/08\/morena-se-consolida-como-segunda-fuerza-politica-en-yucatan-y-prospectan-llevar-6-diputados-al-congreso-local\/#primaryimage","url":"https:\/\/redamlo.com\/wp-content\/uploads\/2021\/06\/MORENA-se-consolida-como-segunda-fuerza-politica-en-Yucatan-y-prospectan-llevar-6-diputados-al-Congreso-local.jpeg","contentUrl":"https:\/\/redamlo.com\/wp-content\/uploads\/2021\/06\/MORENA-se-consolida-como-segunda-fuerza-politica-en-Yucatan-y-prospectan-llevar-6-diputados-al-Congreso-local.jpeg","width":768,"height":508},{"@type":"BreadcrumbList","@id":"https:\/\/redamlo.com\/index.php\/2021\/06\/08\/morena-se-consolida-como-segunda-fuerza-politica-en-yucatan-y-prospectan-llevar-6-diputados-al-congreso-local\/#breadcrumb","itemListElement":[{"@type":"ListItem","position":1,"name":"Inicio","item":"https:\/\/redamlo.com\/"},{"@type":"ListItem","position":2,"name":"MORENA se consolida como segunda fuerza pol\u00edtica en Yucat\u00e1n y prospectan llevar 6 diputados al Congreso local"}]},{"@type":"WebSite","@id":"https:\/\/redamlo.com\/#website","url":"https:\/\/redamlo.com\/","name":"NOTICIAS DE LA 4T","description":"","publisher":{"@id":"https:\/\/redamlo.com\/#organization"},"potentialAction":[{"@type":"SearchAction","target":{"@type":"EntryPoint","urlTemplate":"https:\/\/redamlo.com\/?s={search_term_string}"},"query-input":{"@type":"PropertyValueSpecification","valueRequired":true,"valueName":"search_term_string"}}],"inLanguage":"es"},{"@type":"Organization","@id":"https:\/\/redamlo.com\/#organization","name":"NOTICIAS DE LA 4T","url":"https:\/\/redamlo.com\/","logo":{"@type":"ImageObject","inLanguage":"es","@id":"https:\/\/redamlo.com\/#\/schema\/logo\/image\/","url":"https:\/\/redamlo.com\/wp-content\/uploads\/2024\/08\/cropped-RED-AMLO-logo-50.png","contentUrl":"https:\/\/redamlo.com\/wp-content\/uploads\/2024\/08\/cropped-RED-AMLO-logo-50.png","width":256,"height":256,"caption":"NOTICIAS DE LA 4T"},"image":{"@id":"https:\/\/redamlo.com\/#\/schema\/logo\/image\/"}},{"@type":"Person","@id":"https:\/\/redamlo.com\/#\/schema\/person\/7223a4375eb8f1a782fcae010a7115cf","name":"Blanca","image":{"@type":"ImageObject","inLanguage":"es","@id":"https:\/\/secure.gravatar.com\/avatar\/3f79bc8336367a4e6093eae8757acaaf61d1124834b905616de7829b0273426d?s=96&d=mm&r=g","url":"https:\/\/secure.gravatar.com\/avatar\/3f79bc8336367a4e6093eae8757acaaf61d1124834b905616de7829b0273426d?s=96&d=mm&r=g","contentUrl":"https:\/\/secure.gravatar.com\/avatar\/3f79bc8336367a4e6093eae8757acaaf61d1124834b905616de7829b0273426d?s=96&d=mm&r=g","caption":"Blanca"},"url":"https:\/\/redamlo.com\/index.php\/author\/blanca\/"}]}},"_links":{"self":[{"href":"https:\/\/redamlo.com\/index.php\/wp-json\/wp\/v2\/posts\/4483","targetHints":{"allow":["GET"]}}],"collection":[{"href":"https:\/\/redamlo.com\/index.php\/wp-json\/wp\/v2\/posts"}],"about":[{"href":"https:\/\/redamlo.com\/index.php\/wp-json\/wp\/v2\/types\/post"}],"author":[{"embeddable":true,"href":"https:\/\/redamlo.com\/index.php\/wp-json\/wp\/v2\/users\/2"}],"replies":[{"embeddable":true,"href":"https:\/\/redamlo.com\/index.php\/wp-json\/wp\/v2\/comments?post=4483"}],"version-history":[{"count":0,"href":"https:\/\/redamlo.com\/index.php\/wp-json\/wp\/v2\/posts\/4483\/revisions"}],"wp:featuredmedia":[{"embeddable":true,"href":"https:\/\/redamlo.com\/index.php\/wp-json\/wp\/v2\/media\/4485"}],"wp:attachment":[{"href":"https:\/\/redamlo.com\/index.php\/wp-json\/wp\/v2\/media?parent=4483"}],"wp:term":[{"taxonomy":"category","embeddable":true,"href":"https:\/\/redamlo.com\/index.php\/wp-json\/wp\/v2\/categories?post=4483"},{"taxonomy":"post_tag","embeddable":true,"href":"https:\/\/redamlo.com\/index.php\/wp-json\/wp\/v2\/tags?post=4483"}],"curies":[{"name":"wp","href":"https:\/\/api.w.org\/{rel}","templated":true}]}}