{"id":4480,"date":"2021-06-08T21:46:47","date_gmt":"2021-06-08T21:46:47","guid":{"rendered":"https:\/\/redamlo.com\/?p=4480"},"modified":"2021-06-08T21:46:47","modified_gmt":"2021-06-08T21:46:47","slug":"triunfo-historico-de-morena-en-distritos-federales-de-ticul-y-progreso","status":"publish","type":"post","link":"https:\/\/redamlo.com\/index.php\/2021\/06\/08\/triunfo-historico-de-morena-en-distritos-federales-de-ticul-y-progreso\/","title":{"rendered":"Triunfo hist\u00f3rico de MORENA en distritos federales de Ticul y Progreso"},"content":{"rendered":"<p>Realidades.- El<strong>\u00a0Movimiento de Regeneraci\u00f3n Nacio<\/strong>nal (MORENA) avanz\u00f3 pol\u00edticamente en el estado de Yucat\u00e1n que tradicionalmente hab\u00eda sido dominado por el bipartidismo del PRI y del PAN. El triunfo de 2 distritos federales correspondientes a<strong>\u00a0Progreso y a Ticul representan una re-conversi\u00f3n hist\u00f3rica para la entidad.<\/strong><\/p>\n<p>La abanderada morenista\u00a0<strong>Consuelo del Carmen Navarrete Navarro triunf\u00f3 en el distrito federa<\/strong>l V con el 32.5% seg\u00fan\u00a0<a href=\"https:\/\/prep2021.ine.mx\/diputaciones\/nacional\/circunscripcion3\/yucatan\/distrito5-ticul\/votos-candidatura\" target=\"_blank\" rel=\"noreferrer noopener\">datos preliminares del PREP<\/a>\u00a0sobre su m\u00e1s cercana competidora Yessenia Polanco del PAN (29.2%) y la priista Lizzete Escobedo (23%).<\/p>\n<p>En el distrito II correspondiente a Progreso,\u00a0<strong>el triunfo fue para Mario Xavier Pedraza Ram\u00edrez con e 35.6%<\/strong>\u00a0de los votos\u00a0<a href=\"https:\/\/prep2021.ine.mx\/diputaciones\/nacional\/circunscripcion3\/yucatan\/distrito2-progreso\/votos-candidatura\" target=\"_blank\" rel=\"noreferrer noopener\">seg\u00fan datos premilinares del PREP<\/a>, superando a la abanderada del PAN Mar\u00eda Ordaz (25.7%) y a la priista Mar\u00eda Esther Alonso (22.3%).<\/p>\n<p>Este triunfo es resultado del trabajo en tierra de la destacada\u00a0<strong>operadora pol\u00edtica Alejandra Novelo Segura asignada en la regi\u00f3n para impulsar la cuarta transformaci\u00f3n<\/strong>\u00a0ha entregado resultados contundentes en el crecimiento pol\u00edtico de Morena en la entidad.<\/p>\n<figure class=\"wp-block-image size-large\"><figcaption>fdf<\/figcaption><\/figure>\n<p>El PAN de Yucat\u00e1n por \u00f3rdenes de Mauricio Vila ya opera una estrategia jur\u00eddica alegando sobre-representaci\u00f3n del g\u00e9nero femenino\u00a0<strong>buscando bloquearle el paso a Alejandra Novelo<\/strong>\u00a0que se encuentra en primer lugar de la lista de diputados plurinominales de Morena para conformar el Congreso,\u00a0<strong>todo esto, con el objetivo de frenar el liderazgo de Novelo en las filas morenistas.<\/strong><\/p>\n<p>&nbsp;<\/p>\n<p>Sin embargo,<strong>\u00a0el crecimiento exponencial de MORENA en Yucat\u00e1n parece no detenerse rumbo a la elecci\u00f3n estatal de 2024 donde se prospecta que el PAN y el PRI se fusionen a nivel nacional para buscar la elecci\u00f3n presidencial,<\/strong>\u00a0por lo que la elecci\u00f3n para gobernador\u00a0<strong>podr\u00edan tambi\u00e9n aliarse para frenar la aplanadora guinda que en el presente proceso intermedio de 2021 gan\u00f3 la mayor\u00eda de las gubernaturas en la contienda.<\/strong><\/p>\n","protected":false},"excerpt":{"rendered":"<p>Realidades.- El\u00a0Movimiento de Regeneraci\u00f3n Nacional (MORENA) avanz\u00f3 pol\u00edticamente en el estado de Yucat\u00e1n que tradicionalmente&#8230;<\/p>\n","protected":false},"author":2,"featured_media":4482,"comment_status":"open","ping_status":"closed","sticky":false,"template":"","format":"standard","meta":{"footnotes":""},"categories":[25,20],"tags":[916,917,918,828],"class_list":["post-4480","post","type-post","status-publish","format-standard","has-post-thumbnail","hentry","category-4t","category-nacionales","tag-progreso","tag-ticul","tag-triunfo-historico-de-morena","tag-yucatan"],"yoast_head":"<!-- This site is optimized with the Yoast SEO plugin v27.5 - https:\/\/yoast.com\/product\/yoast-seo-wordpress\/ -->\n<title>Triunfo hist\u00f3rico de MORENA en distritos federales de Ticul y Progreso - NOTICIAS DE LA 4T<\/title>\n<meta name=\"robots\" content=\"noindex, follow, max-snippet:-1, max-image-preview:large, max-video-preview:-1\" \/>\n<meta property=\"og:locale\" content=\"es_MX\" \/>\n<meta property=\"og:type\" content=\"article\" \/>\n<meta property=\"og:title\" content=\"Triunfo hist\u00f3rico de MORENA en distritos federales de Ticul y Progreso - NOTICIAS DE LA 4T\" \/>\n<meta property=\"og:description\" content=\"Realidades.- El\u00a0Movimiento de Regeneraci\u00f3n Nacional (MORENA) avanz\u00f3 pol\u00edticamente en el estado de Yucat\u00e1n que tradicionalmente...\" \/>\n<meta property=\"og:url\" content=\"https:\/\/redamlo.com\/index.php\/2021\/06\/08\/triunfo-historico-de-morena-en-distritos-federales-de-ticul-y-progreso\/\" \/>\n<meta property=\"og:site_name\" content=\"NOTICIAS DE LA 4T\" \/>\n<meta property=\"article:published_time\" content=\"2021-06-08T21:46:47+00:00\" \/>\n<meta property=\"og:image\" content=\"https:\/\/redamlo.com\/wp-content\/uploads\/2021\/06\/veronica-camino_novelo_mario_delgado-triunfo-historico-de-morena-en-yucatan.jpg\" \/>\n\t<meta property=\"og:image:width\" content=\"1024\" \/>\n\t<meta property=\"og:image:height\" content=\"766\" \/>\n\t<meta property=\"og:image:type\" content=\"image\/jpeg\" \/>\n<meta name=\"author\" content=\"Blanca\" \/>\n<meta name=\"twitter:card\" content=\"summary_large_image\" \/>\n<meta name=\"twitter:label1\" content=\"Escrito por\" \/>\n\t<meta name=\"twitter:data1\" content=\"Blanca\" \/>\n\t<meta name=\"twitter:label2\" content=\"Tiempo de lectura\" \/>\n\t<meta name=\"twitter:data2\" content=\"2 minutos\" \/>\n<script type=\"application\/ld+json\" class=\"yoast-schema-graph\">{\"@context\":\"https:\\\/\\\/schema.org\",\"@graph\":[{\"@type\":\"Article\",\"@id\":\"https:\\\/\\\/redamlo.com\\\/index.php\\\/2021\\\/06\\\/08\\\/triunfo-historico-de-morena-en-distritos-federales-de-ticul-y-progreso\\\/#article\",\"isPartOf\":{\"@id\":\"https:\\\/\\\/redamlo.com\\\/index.php\\\/2021\\\/06\\\/08\\\/triunfo-historico-de-morena-en-distritos-federales-de-ticul-y-progreso\\\/\"},\"author\":{\"name\":\"Blanca\",\"@id\":\"https:\\\/\\\/redamlo.com\\\/#\\\/schema\\\/person\\\/7223a4375eb8f1a782fcae010a7115cf\"},\"headline\":\"Triunfo hist\u00f3rico de MORENA en distritos federales de Ticul y Progreso\",\"datePublished\":\"2021-06-08T21:46:47+00:00\",\"mainEntityOfPage\":{\"@id\":\"https:\\\/\\\/redamlo.com\\\/index.php\\\/2021\\\/06\\\/08\\\/triunfo-historico-de-morena-en-distritos-federales-de-ticul-y-progreso\\\/\"},\"wordCount\":327,\"commentCount\":0,\"publisher\":{\"@id\":\"https:\\\/\\\/redamlo.com\\\/#organization\"},\"image\":{\"@id\":\"https:\\\/\\\/redamlo.com\\\/index.php\\\/2021\\\/06\\\/08\\\/triunfo-historico-de-morena-en-distritos-federales-de-ticul-y-progreso\\\/#primaryimage\"},\"thumbnailUrl\":\"https:\\\/\\\/redamlo.com\\\/wp-content\\\/uploads\\\/2021\\\/06\\\/veronica-camino_novelo_mario_delgado-triunfo-historico-de-morena-en-yucatan.jpg\",\"keywords\":[\"Progreso\",\"Ticul\",\"Triunfo hist\u00f3rico de MORENA\",\"Yucat\u00e1n\"],\"articleSection\":[\"4T\",\"Nacionales\"],\"inLanguage\":\"es\",\"potentialAction\":[{\"@type\":\"CommentAction\",\"name\":\"Comment\",\"target\":[\"https:\\\/\\\/redamlo.com\\\/index.php\\\/2021\\\/06\\\/08\\\/triunfo-historico-de-morena-en-distritos-federales-de-ticul-y-progreso\\\/#respond\"]}]},{\"@type\":\"WebPage\",\"@id\":\"https:\\\/\\\/redamlo.com\\\/index.php\\\/2021\\\/06\\\/08\\\/triunfo-historico-de-morena-en-distritos-federales-de-ticul-y-progreso\\\/\",\"url\":\"https:\\\/\\\/redamlo.com\\\/index.php\\\/2021\\\/06\\\/08\\\/triunfo-historico-de-morena-en-distritos-federales-de-ticul-y-progreso\\\/\",\"name\":\"Triunfo hist\u00f3rico de MORENA en distritos federales de Ticul y Progreso - NOTICIAS DE LA 4T\",\"isPartOf\":{\"@id\":\"https:\\\/\\\/redamlo.com\\\/#website\"},\"primaryImageOfPage\":{\"@id\":\"https:\\\/\\\/redamlo.com\\\/index.php\\\/2021\\\/06\\\/08\\\/triunfo-historico-de-morena-en-distritos-federales-de-ticul-y-progreso\\\/#primaryimage\"},\"image\":{\"@id\":\"https:\\\/\\\/redamlo.com\\\/index.php\\\/2021\\\/06\\\/08\\\/triunfo-historico-de-morena-en-distritos-federales-de-ticul-y-progreso\\\/#primaryimage\"},\"thumbnailUrl\":\"https:\\\/\\\/redamlo.com\\\/wp-content\\\/uploads\\\/2021\\\/06\\\/veronica-camino_novelo_mario_delgado-triunfo-historico-de-morena-en-yucatan.jpg\",\"datePublished\":\"2021-06-08T21:46:47+00:00\",\"breadcrumb\":{\"@id\":\"https:\\\/\\\/redamlo.com\\\/index.php\\\/2021\\\/06\\\/08\\\/triunfo-historico-de-morena-en-distritos-federales-de-ticul-y-progreso\\\/#breadcrumb\"},\"inLanguage\":\"es\",\"potentialAction\":[{\"@type\":\"ReadAction\",\"target\":[\"https:\\\/\\\/redamlo.com\\\/index.php\\\/2021\\\/06\\\/08\\\/triunfo-historico-de-morena-en-distritos-federales-de-ticul-y-progreso\\\/\"]}]},{\"@type\":\"ImageObject\",\"inLanguage\":\"es\",\"@id\":\"https:\\\/\\\/redamlo.com\\\/index.php\\\/2021\\\/06\\\/08\\\/triunfo-historico-de-morena-en-distritos-federales-de-ticul-y-progreso\\\/#primaryimage\",\"url\":\"https:\\\/\\\/redamlo.com\\\/wp-content\\\/uploads\\\/2021\\\/06\\\/veronica-camino_novelo_mario_delgado-triunfo-historico-de-morena-en-yucatan.jpg\",\"contentUrl\":\"https:\\\/\\\/redamlo.com\\\/wp-content\\\/uploads\\\/2021\\\/06\\\/veronica-camino_novelo_mario_delgado-triunfo-historico-de-morena-en-yucatan.jpg\",\"width\":1024,\"height\":766},{\"@type\":\"BreadcrumbList\",\"@id\":\"https:\\\/\\\/redamlo.com\\\/index.php\\\/2021\\\/06\\\/08\\\/triunfo-historico-de-morena-en-distritos-federales-de-ticul-y-progreso\\\/#breadcrumb\",\"itemListElement\":[{\"@type\":\"ListItem\",\"position\":1,\"name\":\"Inicio\",\"item\":\"https:\\\/\\\/redamlo.com\\\/\"},{\"@type\":\"ListItem\",\"position\":2,\"name\":\"Triunfo hist\u00f3rico de MORENA en distritos federales de Ticul y Progreso\"}]},{\"@type\":\"WebSite\",\"@id\":\"https:\\\/\\\/redamlo.com\\\/#website\",\"url\":\"https:\\\/\\\/redamlo.com\\\/\",\"name\":\"NOTICIAS DE LA 4T\",\"description\":\"\",\"publisher\":{\"@id\":\"https:\\\/\\\/redamlo.com\\\/#organization\"},\"potentialAction\":[{\"@type\":\"SearchAction\",\"target\":{\"@type\":\"EntryPoint\",\"urlTemplate\":\"https:\\\/\\\/redamlo.com\\\/?s={search_term_string}\"},\"query-input\":{\"@type\":\"PropertyValueSpecification\",\"valueRequired\":true,\"valueName\":\"search_term_string\"}}],\"inLanguage\":\"es\"},{\"@type\":\"Organization\",\"@id\":\"https:\\\/\\\/redamlo.com\\\/#organization\",\"name\":\"NOTICIAS DE LA 4T\",\"url\":\"https:\\\/\\\/redamlo.com\\\/\",\"logo\":{\"@type\":\"ImageObject\",\"inLanguage\":\"es\",\"@id\":\"https:\\\/\\\/redamlo.com\\\/#\\\/schema\\\/logo\\\/image\\\/\",\"url\":\"https:\\\/\\\/redamlo.com\\\/wp-content\\\/uploads\\\/2024\\\/08\\\/cropped-RED-AMLO-logo-50.png\",\"contentUrl\":\"https:\\\/\\\/redamlo.com\\\/wp-content\\\/uploads\\\/2024\\\/08\\\/cropped-RED-AMLO-logo-50.png\",\"width\":256,\"height\":256,\"caption\":\"NOTICIAS DE LA 4T\"},\"image\":{\"@id\":\"https:\\\/\\\/redamlo.com\\\/#\\\/schema\\\/logo\\\/image\\\/\"}},{\"@type\":\"Person\",\"@id\":\"https:\\\/\\\/redamlo.com\\\/#\\\/schema\\\/person\\\/7223a4375eb8f1a782fcae010a7115cf\",\"name\":\"Blanca\",\"image\":{\"@type\":\"ImageObject\",\"inLanguage\":\"es\",\"@id\":\"https:\\\/\\\/secure.gravatar.com\\\/avatar\\\/3f79bc8336367a4e6093eae8757acaaf61d1124834b905616de7829b0273426d?s=96&d=mm&r=g\",\"url\":\"https:\\\/\\\/secure.gravatar.com\\\/avatar\\\/3f79bc8336367a4e6093eae8757acaaf61d1124834b905616de7829b0273426d?s=96&d=mm&r=g\",\"contentUrl\":\"https:\\\/\\\/secure.gravatar.com\\\/avatar\\\/3f79bc8336367a4e6093eae8757acaaf61d1124834b905616de7829b0273426d?s=96&d=mm&r=g\",\"caption\":\"Blanca\"},\"url\":\"https:\\\/\\\/redamlo.com\\\/index.php\\\/author\\\/blanca\\\/\"}]}<\/script>\n<!-- \/ Yoast SEO plugin. -->","yoast_head_json":{"title":"Triunfo hist\u00f3rico de MORENA en distritos federales de Ticul y Progreso - NOTICIAS DE LA 4T","robots":{"index":"noindex","follow":"follow","max-snippet":"max-snippet:-1","max-image-preview":"max-image-preview:large","max-video-preview":"max-video-preview:-1"},"og_locale":"es_MX","og_type":"article","og_title":"Triunfo hist\u00f3rico de MORENA en distritos federales de Ticul y Progreso - NOTICIAS DE LA 4T","og_description":"Realidades.- El\u00a0Movimiento de Regeneraci\u00f3n Nacional (MORENA) avanz\u00f3 pol\u00edticamente en el estado de Yucat\u00e1n que tradicionalmente...","og_url":"https:\/\/redamlo.com\/index.php\/2021\/06\/08\/triunfo-historico-de-morena-en-distritos-federales-de-ticul-y-progreso\/","og_site_name":"NOTICIAS DE LA 4T","article_published_time":"2021-06-08T21:46:47+00:00","og_image":[{"width":1024,"height":766,"url":"https:\/\/redamlo.com\/wp-content\/uploads\/2021\/06\/veronica-camino_novelo_mario_delgado-triunfo-historico-de-morena-en-yucatan.jpg","type":"image\/jpeg"}],"author":"Blanca","twitter_card":"summary_large_image","twitter_misc":{"Escrito por":"Blanca","Tiempo de lectura":"2 minutos"},"schema":{"@context":"https:\/\/schema.org","@graph":[{"@type":"Article","@id":"https:\/\/redamlo.com\/index.php\/2021\/06\/08\/triunfo-historico-de-morena-en-distritos-federales-de-ticul-y-progreso\/#article","isPartOf":{"@id":"https:\/\/redamlo.com\/index.php\/2021\/06\/08\/triunfo-historico-de-morena-en-distritos-federales-de-ticul-y-progreso\/"},"author":{"name":"Blanca","@id":"https:\/\/redamlo.com\/#\/schema\/person\/7223a4375eb8f1a782fcae010a7115cf"},"headline":"Triunfo hist\u00f3rico de MORENA en distritos federales de Ticul y Progreso","datePublished":"2021-06-08T21:46:47+00:00","mainEntityOfPage":{"@id":"https:\/\/redamlo.com\/index.php\/2021\/06\/08\/triunfo-historico-de-morena-en-distritos-federales-de-ticul-y-progreso\/"},"wordCount":327,"commentCount":0,"publisher":{"@id":"https:\/\/redamlo.com\/#organization"},"image":{"@id":"https:\/\/redamlo.com\/index.php\/2021\/06\/08\/triunfo-historico-de-morena-en-distritos-federales-de-ticul-y-progreso\/#primaryimage"},"thumbnailUrl":"https:\/\/redamlo.com\/wp-content\/uploads\/2021\/06\/veronica-camino_novelo_mario_delgado-triunfo-historico-de-morena-en-yucatan.jpg","keywords":["Progreso","Ticul","Triunfo hist\u00f3rico de MORENA","Yucat\u00e1n"],"articleSection":["4T","Nacionales"],"inLanguage":"es","potentialAction":[{"@type":"CommentAction","name":"Comment","target":["https:\/\/redamlo.com\/index.php\/2021\/06\/08\/triunfo-historico-de-morena-en-distritos-federales-de-ticul-y-progreso\/#respond"]}]},{"@type":"WebPage","@id":"https:\/\/redamlo.com\/index.php\/2021\/06\/08\/triunfo-historico-de-morena-en-distritos-federales-de-ticul-y-progreso\/","url":"https:\/\/redamlo.com\/index.php\/2021\/06\/08\/triunfo-historico-de-morena-en-distritos-federales-de-ticul-y-progreso\/","name":"Triunfo hist\u00f3rico de MORENA en distritos federales de Ticul y Progreso - NOTICIAS DE LA 4T","isPartOf":{"@id":"https:\/\/redamlo.com\/#website"},"primaryImageOfPage":{"@id":"https:\/\/redamlo.com\/index.php\/2021\/06\/08\/triunfo-historico-de-morena-en-distritos-federales-de-ticul-y-progreso\/#primaryimage"},"image":{"@id":"https:\/\/redamlo.com\/index.php\/2021\/06\/08\/triunfo-historico-de-morena-en-distritos-federales-de-ticul-y-progreso\/#primaryimage"},"thumbnailUrl":"https:\/\/redamlo.com\/wp-content\/uploads\/2021\/06\/veronica-camino_novelo_mario_delgado-triunfo-historico-de-morena-en-yucatan.jpg","datePublished":"2021-06-08T21:46:47+00:00","breadcrumb":{"@id":"https:\/\/redamlo.com\/index.php\/2021\/06\/08\/triunfo-historico-de-morena-en-distritos-federales-de-ticul-y-progreso\/#breadcrumb"},"inLanguage":"es","potentialAction":[{"@type":"ReadAction","target":["https:\/\/redamlo.com\/index.php\/2021\/06\/08\/triunfo-historico-de-morena-en-distritos-federales-de-ticul-y-progreso\/"]}]},{"@type":"ImageObject","inLanguage":"es","@id":"https:\/\/redamlo.com\/index.php\/2021\/06\/08\/triunfo-historico-de-morena-en-distritos-federales-de-ticul-y-progreso\/#primaryimage","url":"https:\/\/redamlo.com\/wp-content\/uploads\/2021\/06\/veronica-camino_novelo_mario_delgado-triunfo-historico-de-morena-en-yucatan.jpg","contentUrl":"https:\/\/redamlo.com\/wp-content\/uploads\/2021\/06\/veronica-camino_novelo_mario_delgado-triunfo-historico-de-morena-en-yucatan.jpg","width":1024,"height":766},{"@type":"BreadcrumbList","@id":"https:\/\/redamlo.com\/index.php\/2021\/06\/08\/triunfo-historico-de-morena-en-distritos-federales-de-ticul-y-progreso\/#breadcrumb","itemListElement":[{"@type":"ListItem","position":1,"name":"Inicio","item":"https:\/\/redamlo.com\/"},{"@type":"ListItem","position":2,"name":"Triunfo hist\u00f3rico de MORENA en distritos federales de Ticul y Progreso"}]},{"@type":"WebSite","@id":"https:\/\/redamlo.com\/#website","url":"https:\/\/redamlo.com\/","name":"NOTICIAS DE LA 4T","description":"","publisher":{"@id":"https:\/\/redamlo.com\/#organization"},"potentialAction":[{"@type":"SearchAction","target":{"@type":"EntryPoint","urlTemplate":"https:\/\/redamlo.com\/?s={search_term_string}"},"query-input":{"@type":"PropertyValueSpecification","valueRequired":true,"valueName":"search_term_string"}}],"inLanguage":"es"},{"@type":"Organization","@id":"https:\/\/redamlo.com\/#organization","name":"NOTICIAS DE LA 4T","url":"https:\/\/redamlo.com\/","logo":{"@type":"ImageObject","inLanguage":"es","@id":"https:\/\/redamlo.com\/#\/schema\/logo\/image\/","url":"https:\/\/redamlo.com\/wp-content\/uploads\/2024\/08\/cropped-RED-AMLO-logo-50.png","contentUrl":"https:\/\/redamlo.com\/wp-content\/uploads\/2024\/08\/cropped-RED-AMLO-logo-50.png","width":256,"height":256,"caption":"NOTICIAS DE LA 4T"},"image":{"@id":"https:\/\/redamlo.com\/#\/schema\/logo\/image\/"}},{"@type":"Person","@id":"https:\/\/redamlo.com\/#\/schema\/person\/7223a4375eb8f1a782fcae010a7115cf","name":"Blanca","image":{"@type":"ImageObject","inLanguage":"es","@id":"https:\/\/secure.gravatar.com\/avatar\/3f79bc8336367a4e6093eae8757acaaf61d1124834b905616de7829b0273426d?s=96&d=mm&r=g","url":"https:\/\/secure.gravatar.com\/avatar\/3f79bc8336367a4e6093eae8757acaaf61d1124834b905616de7829b0273426d?s=96&d=mm&r=g","contentUrl":"https:\/\/secure.gravatar.com\/avatar\/3f79bc8336367a4e6093eae8757acaaf61d1124834b905616de7829b0273426d?s=96&d=mm&r=g","caption":"Blanca"},"url":"https:\/\/redamlo.com\/index.php\/author\/blanca\/"}]}},"_links":{"self":[{"href":"https:\/\/redamlo.com\/index.php\/wp-json\/wp\/v2\/posts\/4480","targetHints":{"allow":["GET"]}}],"collection":[{"href":"https:\/\/redamlo.com\/index.php\/wp-json\/wp\/v2\/posts"}],"about":[{"href":"https:\/\/redamlo.com\/index.php\/wp-json\/wp\/v2\/types\/post"}],"author":[{"embeddable":true,"href":"https:\/\/redamlo.com\/index.php\/wp-json\/wp\/v2\/users\/2"}],"replies":[{"embeddable":true,"href":"https:\/\/redamlo.com\/index.php\/wp-json\/wp\/v2\/comments?post=4480"}],"version-history":[{"count":0,"href":"https:\/\/redamlo.com\/index.php\/wp-json\/wp\/v2\/posts\/4480\/revisions"}],"wp:featuredmedia":[{"embeddable":true,"href":"https:\/\/redamlo.com\/index.php\/wp-json\/wp\/v2\/media\/4482"}],"wp:attachment":[{"href":"https:\/\/redamlo.com\/index.php\/wp-json\/wp\/v2\/media?parent=4480"}],"wp:term":[{"taxonomy":"category","embeddable":true,"href":"https:\/\/redamlo.com\/index.php\/wp-json\/wp\/v2\/categories?post=4480"},{"taxonomy":"post_tag","embeddable":true,"href":"https:\/\/redamlo.com\/index.php\/wp-json\/wp\/v2\/tags?post=4480"}],"curies":[{"name":"wp","href":"https:\/\/api.w.org\/{rel}","templated":true}]}}