{"id":4477,"date":"2021-06-08T20:51:23","date_gmt":"2021-06-08T20:51:23","guid":{"rendered":"https:\/\/redamlo.com\/?p=4477"},"modified":"2021-06-08T20:51:23","modified_gmt":"2021-06-08T20:51:23","slug":"fiscalia-general-del-estado-de-quintana-roo-realiza-detenciones-arbitrarias-e-inconsistencias-que-violan-los-derechos-humanos","status":"publish","type":"post","link":"https:\/\/redamlo.com\/index.php\/2021\/06\/08\/fiscalia-general-del-estado-de-quintana-roo-realiza-detenciones-arbitrarias-e-inconsistencias-que-violan-los-derechos-humanos\/","title":{"rendered":"Fiscal\u00eda General del Estado de Quintana Roo  realiza detenciones arbitrarias  e inconsistencias que violan los Derechos Humanos"},"content":{"rendered":"<p>Solidaridad Quintana Roo a8 de Junio 2021.<\/p>\n<p>El d\u00eda 5 de junio del 2021, a las 18:10, la polic\u00eda del Estado de Quintana Roo realiza la detenci\u00f3n de 3 personas\u00a0 por la probable participaci\u00f3n o comisi\u00f3n en un hecho que la ley se\u00f1ala como delitos electorales, cometido en agravio de la sociedad.<\/p>\n<p>Los polic\u00edas Estatales pusieron a disposici\u00f3n del Ministerio publico a :<\/p>\n<ul>\n<li><em><strong>Alejandro Guzm\u00e1n Carmona<\/strong><\/em><\/li>\n<li><em><strong>Jonny Jos\u00e9 Caamal Castillo<\/strong><\/em><\/li>\n<li><em><strong>Luis Antonio Santos Vel\u00e1zquez\u00a0<\/strong><\/em><\/li>\n<\/ul>\n<p>Los elementos prensores declaran y ratifican la detenci\u00f3n de tres personas ante el Ministerio adscrito.<\/p>\n<p>Calle 76\u00a0 entre calle 15 y 20 cuando a las 15:40 horas, recibieron un reporte del 911, que en la calle 10 y 80 de la colonia Colosio,\u00a0 se encontraban supuestamente comprando votos y se menciono personas armadas entrando y saliendo del patio de un predio, que abordaron un veh\u00edculo de color azul.<\/p>\n<p>Cabe se\u00f1alar que los testigos vecinos de la Colonia Colosio manifestaron que la Polic\u00eda del Estado de Quintana Roo, actu\u00f3 de manera violenta durante la detenci\u00f3n de los tres detenidos y que fueron detenidos de manera injustificada.<\/p>\n<p>La detenci\u00f3n para iniciar tiene inconsistencias desde el lugar de los hechos que son mencionados por los Elementos de la Polic\u00eda.<\/p>\n<p>Cabe hacer menci\u00f3n que las tres personas\u00a0 contin\u00faan\u00a0 detenidos de manera injustificada, y con una probable falsificaci\u00f3n de delitos y siembra de evidencias.<\/p>\n<p>Existe un video que desmiente los hechos narrados por los Agentes de la Polic\u00eda Estatal, ya que la detenci\u00f3n no se realizo en la ubicaci\u00f3n mencionada en sus declaraciones, si no que dicha detenci\u00f3n como lo muestra un video fue realizada sobre la avenida Colosio entre calles 15 y 20.<\/p>\n<p>&nbsp;<\/p>\n<div style=\"width: 640px;\" class=\"wp-video\"><video class=\"wp-video-shortcode\" id=\"video-4477-1\" width=\"640\" height=\"352\" preload=\"metadata\" controls=\"controls\"><source type=\"video\/mp4\" src=\"https:\/\/mexicopolitico.com.mx\/wp-content\/uploads\/2021\/06\/video-detencion-arbitraria-en-solidaridad.mp4?_=1\" \/><a href=\"https:\/\/mexicopolitico.com.mx\/wp-content\/uploads\/2021\/06\/video-detencion-arbitraria-en-solidaridad.mp4\">https:\/\/mexicopolitico.com.mx\/wp-content\/uploads\/2021\/06\/video-detencion-arbitraria-en-solidaridad.mp4<\/a><\/video><\/div>\n<p>&nbsp;<\/p>\n<p>&nbsp;<\/p>\n","protected":false},"excerpt":{"rendered":"<p>Solidaridad Quintana Roo a8 de Junio 2021. El d\u00eda 5 de junio del 2021, a&#8230;<\/p>\n","protected":false},"author":2,"featured_media":4479,"comment_status":"open","ping_status":"closed","sticky":false,"template":"","format":"standard","meta":{"footnotes":""},"categories":[1],"tags":[913,914,21,360,915],"class_list":["post-4477","post","type-post","status-publish","format-standard","has-post-thumbnail","hentry","category-uncategorized","tag-detenciones-arbitrarias","tag-fge-qroo","tag-quintana-roo","tag-solidaridad","tag-violacion-de-derechos-humanos"],"yoast_head":"<!-- This site is optimized with the Yoast SEO plugin v27.5 - https:\/\/yoast.com\/product\/yoast-seo-wordpress\/ -->\n<title>Fiscal\u00eda General del Estado de Quintana Roo realiza detenciones arbitrarias e inconsistencias que violan los Derechos Humanos - NOTICIAS DE LA 4T<\/title>\n<meta name=\"robots\" content=\"noindex, follow, max-snippet:-1, max-image-preview:large, max-video-preview:-1\" \/>\n<meta property=\"og:locale\" content=\"es_MX\" \/>\n<meta property=\"og:type\" content=\"article\" \/>\n<meta property=\"og:title\" content=\"Fiscal\u00eda General del Estado de Quintana Roo realiza detenciones arbitrarias e inconsistencias que violan los Derechos Humanos - NOTICIAS DE LA 4T\" \/>\n<meta property=\"og:description\" content=\"Solidaridad Quintana Roo a8 de Junio 2021. El d\u00eda 5 de junio del 2021, a...\" \/>\n<meta property=\"og:url\" content=\"https:\/\/redamlo.com\/index.php\/2021\/06\/08\/fiscalia-general-del-estado-de-quintana-roo-realiza-detenciones-arbitrarias-e-inconsistencias-que-violan-los-derechos-humanos\/\" \/>\n<meta property=\"og:site_name\" content=\"NOTICIAS DE LA 4T\" \/>\n<meta property=\"article:published_time\" content=\"2021-06-08T20:51:23+00:00\" \/>\n<meta property=\"og:image\" content=\"https:\/\/redamlo.com\/wp-content\/uploads\/2021\/06\/detencion-arbitraria-en-solidaridad-por-elementos-del-estado-de-quintana-roo.jpg\" \/>\n\t<meta property=\"og:image:width\" content=\"1080\" \/>\n\t<meta property=\"og:image:height\" content=\"1155\" \/>\n\t<meta property=\"og:image:type\" content=\"image\/jpeg\" \/>\n<meta name=\"author\" content=\"Blanca\" \/>\n<meta name=\"twitter:card\" content=\"summary_large_image\" \/>\n<meta name=\"twitter:label1\" content=\"Escrito por\" \/>\n\t<meta name=\"twitter:data1\" content=\"Blanca\" \/>\n\t<meta name=\"twitter:label2\" content=\"Tiempo de lectura\" \/>\n\t<meta name=\"twitter:data2\" content=\"1 minuto\" \/>\n<script type=\"application\/ld+json\" class=\"yoast-schema-graph\">{\"@context\":\"https:\\\/\\\/schema.org\",\"@graph\":[{\"@type\":\"Article\",\"@id\":\"https:\\\/\\\/redamlo.com\\\/index.php\\\/2021\\\/06\\\/08\\\/fiscalia-general-del-estado-de-quintana-roo-realiza-detenciones-arbitrarias-e-inconsistencias-que-violan-los-derechos-humanos\\\/#article\",\"isPartOf\":{\"@id\":\"https:\\\/\\\/redamlo.com\\\/index.php\\\/2021\\\/06\\\/08\\\/fiscalia-general-del-estado-de-quintana-roo-realiza-detenciones-arbitrarias-e-inconsistencias-que-violan-los-derechos-humanos\\\/\"},\"author\":{\"name\":\"Blanca\",\"@id\":\"https:\\\/\\\/redamlo.com\\\/#\\\/schema\\\/person\\\/7223a4375eb8f1a782fcae010a7115cf\"},\"headline\":\"Fiscal\u00eda General del Estado de Quintana Roo realiza detenciones arbitrarias e inconsistencias que violan los Derechos Humanos\",\"datePublished\":\"2021-06-08T20:51:23+00:00\",\"mainEntityOfPage\":{\"@id\":\"https:\\\/\\\/redamlo.com\\\/index.php\\\/2021\\\/06\\\/08\\\/fiscalia-general-del-estado-de-quintana-roo-realiza-detenciones-arbitrarias-e-inconsistencias-que-violan-los-derechos-humanos\\\/\"},\"wordCount\":316,\"commentCount\":0,\"publisher\":{\"@id\":\"https:\\\/\\\/redamlo.com\\\/#organization\"},\"image\":{\"@id\":\"https:\\\/\\\/redamlo.com\\\/index.php\\\/2021\\\/06\\\/08\\\/fiscalia-general-del-estado-de-quintana-roo-realiza-detenciones-arbitrarias-e-inconsistencias-que-violan-los-derechos-humanos\\\/#primaryimage\"},\"thumbnailUrl\":\"https:\\\/\\\/redamlo.com\\\/wp-content\\\/uploads\\\/2021\\\/06\\\/detencion-arbitraria-en-solidaridad-por-elementos-del-estado-de-quintana-roo.jpg\",\"keywords\":[\"Detenciones arbitrarias\",\"FGE Qroo\",\"Quintana Roo\",\"Solidaridad\",\"violacion de derechos humanos.\"],\"articleSection\":[\"Uncategorized\"],\"inLanguage\":\"es\",\"potentialAction\":[{\"@type\":\"CommentAction\",\"name\":\"Comment\",\"target\":[\"https:\\\/\\\/redamlo.com\\\/index.php\\\/2021\\\/06\\\/08\\\/fiscalia-general-del-estado-de-quintana-roo-realiza-detenciones-arbitrarias-e-inconsistencias-que-violan-los-derechos-humanos\\\/#respond\"]}]},{\"@type\":\"WebPage\",\"@id\":\"https:\\\/\\\/redamlo.com\\\/index.php\\\/2021\\\/06\\\/08\\\/fiscalia-general-del-estado-de-quintana-roo-realiza-detenciones-arbitrarias-e-inconsistencias-que-violan-los-derechos-humanos\\\/\",\"url\":\"https:\\\/\\\/redamlo.com\\\/index.php\\\/2021\\\/06\\\/08\\\/fiscalia-general-del-estado-de-quintana-roo-realiza-detenciones-arbitrarias-e-inconsistencias-que-violan-los-derechos-humanos\\\/\",\"name\":\"Fiscal\u00eda General del Estado de Quintana Roo realiza detenciones arbitrarias e inconsistencias que violan los Derechos Humanos - NOTICIAS DE LA 4T\",\"isPartOf\":{\"@id\":\"https:\\\/\\\/redamlo.com\\\/#website\"},\"primaryImageOfPage\":{\"@id\":\"https:\\\/\\\/redamlo.com\\\/index.php\\\/2021\\\/06\\\/08\\\/fiscalia-general-del-estado-de-quintana-roo-realiza-detenciones-arbitrarias-e-inconsistencias-que-violan-los-derechos-humanos\\\/#primaryimage\"},\"image\":{\"@id\":\"https:\\\/\\\/redamlo.com\\\/index.php\\\/2021\\\/06\\\/08\\\/fiscalia-general-del-estado-de-quintana-roo-realiza-detenciones-arbitrarias-e-inconsistencias-que-violan-los-derechos-humanos\\\/#primaryimage\"},\"thumbnailUrl\":\"https:\\\/\\\/redamlo.com\\\/wp-content\\\/uploads\\\/2021\\\/06\\\/detencion-arbitraria-en-solidaridad-por-elementos-del-estado-de-quintana-roo.jpg\",\"datePublished\":\"2021-06-08T20:51:23+00:00\",\"breadcrumb\":{\"@id\":\"https:\\\/\\\/redamlo.com\\\/index.php\\\/2021\\\/06\\\/08\\\/fiscalia-general-del-estado-de-quintana-roo-realiza-detenciones-arbitrarias-e-inconsistencias-que-violan-los-derechos-humanos\\\/#breadcrumb\"},\"inLanguage\":\"es\",\"potentialAction\":[{\"@type\":\"ReadAction\",\"target\":[\"https:\\\/\\\/redamlo.com\\\/index.php\\\/2021\\\/06\\\/08\\\/fiscalia-general-del-estado-de-quintana-roo-realiza-detenciones-arbitrarias-e-inconsistencias-que-violan-los-derechos-humanos\\\/\"]}]},{\"@type\":\"ImageObject\",\"inLanguage\":\"es\",\"@id\":\"https:\\\/\\\/redamlo.com\\\/index.php\\\/2021\\\/06\\\/08\\\/fiscalia-general-del-estado-de-quintana-roo-realiza-detenciones-arbitrarias-e-inconsistencias-que-violan-los-derechos-humanos\\\/#primaryimage\",\"url\":\"https:\\\/\\\/redamlo.com\\\/wp-content\\\/uploads\\\/2021\\\/06\\\/detencion-arbitraria-en-solidaridad-por-elementos-del-estado-de-quintana-roo.jpg\",\"contentUrl\":\"https:\\\/\\\/redamlo.com\\\/wp-content\\\/uploads\\\/2021\\\/06\\\/detencion-arbitraria-en-solidaridad-por-elementos-del-estado-de-quintana-roo.jpg\",\"width\":1080,\"height\":1155},{\"@type\":\"BreadcrumbList\",\"@id\":\"https:\\\/\\\/redamlo.com\\\/index.php\\\/2021\\\/06\\\/08\\\/fiscalia-general-del-estado-de-quintana-roo-realiza-detenciones-arbitrarias-e-inconsistencias-que-violan-los-derechos-humanos\\\/#breadcrumb\",\"itemListElement\":[{\"@type\":\"ListItem\",\"position\":1,\"name\":\"Inicio\",\"item\":\"https:\\\/\\\/redamlo.com\\\/\"},{\"@type\":\"ListItem\",\"position\":2,\"name\":\"Fiscal\u00eda General del Estado de Quintana Roo realiza detenciones arbitrarias e inconsistencias que violan los Derechos Humanos\"}]},{\"@type\":\"WebSite\",\"@id\":\"https:\\\/\\\/redamlo.com\\\/#website\",\"url\":\"https:\\\/\\\/redamlo.com\\\/\",\"name\":\"NOTICIAS DE LA 4T\",\"description\":\"\",\"publisher\":{\"@id\":\"https:\\\/\\\/redamlo.com\\\/#organization\"},\"potentialAction\":[{\"@type\":\"SearchAction\",\"target\":{\"@type\":\"EntryPoint\",\"urlTemplate\":\"https:\\\/\\\/redamlo.com\\\/?s={search_term_string}\"},\"query-input\":{\"@type\":\"PropertyValueSpecification\",\"valueRequired\":true,\"valueName\":\"search_term_string\"}}],\"inLanguage\":\"es\"},{\"@type\":\"Organization\",\"@id\":\"https:\\\/\\\/redamlo.com\\\/#organization\",\"name\":\"NOTICIAS DE LA 4T\",\"url\":\"https:\\\/\\\/redamlo.com\\\/\",\"logo\":{\"@type\":\"ImageObject\",\"inLanguage\":\"es\",\"@id\":\"https:\\\/\\\/redamlo.com\\\/#\\\/schema\\\/logo\\\/image\\\/\",\"url\":\"https:\\\/\\\/redamlo.com\\\/wp-content\\\/uploads\\\/2024\\\/08\\\/cropped-RED-AMLO-logo-50.png\",\"contentUrl\":\"https:\\\/\\\/redamlo.com\\\/wp-content\\\/uploads\\\/2024\\\/08\\\/cropped-RED-AMLO-logo-50.png\",\"width\":256,\"height\":256,\"caption\":\"NOTICIAS DE LA 4T\"},\"image\":{\"@id\":\"https:\\\/\\\/redamlo.com\\\/#\\\/schema\\\/logo\\\/image\\\/\"}},{\"@type\":\"Person\",\"@id\":\"https:\\\/\\\/redamlo.com\\\/#\\\/schema\\\/person\\\/7223a4375eb8f1a782fcae010a7115cf\",\"name\":\"Blanca\",\"image\":{\"@type\":\"ImageObject\",\"inLanguage\":\"es\",\"@id\":\"https:\\\/\\\/secure.gravatar.com\\\/avatar\\\/3f79bc8336367a4e6093eae8757acaaf61d1124834b905616de7829b0273426d?s=96&d=mm&r=g\",\"url\":\"https:\\\/\\\/secure.gravatar.com\\\/avatar\\\/3f79bc8336367a4e6093eae8757acaaf61d1124834b905616de7829b0273426d?s=96&d=mm&r=g\",\"contentUrl\":\"https:\\\/\\\/secure.gravatar.com\\\/avatar\\\/3f79bc8336367a4e6093eae8757acaaf61d1124834b905616de7829b0273426d?s=96&d=mm&r=g\",\"caption\":\"Blanca\"},\"url\":\"https:\\\/\\\/redamlo.com\\\/index.php\\\/author\\\/blanca\\\/\"}]}<\/script>\n<!-- \/ Yoast SEO plugin. -->","yoast_head_json":{"title":"Fiscal\u00eda General del Estado de Quintana Roo realiza detenciones arbitrarias e inconsistencias que violan los Derechos Humanos - NOTICIAS DE LA 4T","robots":{"index":"noindex","follow":"follow","max-snippet":"max-snippet:-1","max-image-preview":"max-image-preview:large","max-video-preview":"max-video-preview:-1"},"og_locale":"es_MX","og_type":"article","og_title":"Fiscal\u00eda General del Estado de Quintana Roo realiza detenciones arbitrarias e inconsistencias que violan los Derechos Humanos - NOTICIAS DE LA 4T","og_description":"Solidaridad Quintana Roo a8 de Junio 2021. El d\u00eda 5 de junio del 2021, a...","og_url":"https:\/\/redamlo.com\/index.php\/2021\/06\/08\/fiscalia-general-del-estado-de-quintana-roo-realiza-detenciones-arbitrarias-e-inconsistencias-que-violan-los-derechos-humanos\/","og_site_name":"NOTICIAS DE LA 4T","article_published_time":"2021-06-08T20:51:23+00:00","og_image":[{"width":1080,"height":1155,"url":"https:\/\/redamlo.com\/wp-content\/uploads\/2021\/06\/detencion-arbitraria-en-solidaridad-por-elementos-del-estado-de-quintana-roo.jpg","type":"image\/jpeg"}],"author":"Blanca","twitter_card":"summary_large_image","twitter_misc":{"Escrito por":"Blanca","Tiempo de lectura":"1 minuto"},"schema":{"@context":"https:\/\/schema.org","@graph":[{"@type":"Article","@id":"https:\/\/redamlo.com\/index.php\/2021\/06\/08\/fiscalia-general-del-estado-de-quintana-roo-realiza-detenciones-arbitrarias-e-inconsistencias-que-violan-los-derechos-humanos\/#article","isPartOf":{"@id":"https:\/\/redamlo.com\/index.php\/2021\/06\/08\/fiscalia-general-del-estado-de-quintana-roo-realiza-detenciones-arbitrarias-e-inconsistencias-que-violan-los-derechos-humanos\/"},"author":{"name":"Blanca","@id":"https:\/\/redamlo.com\/#\/schema\/person\/7223a4375eb8f1a782fcae010a7115cf"},"headline":"Fiscal\u00eda General del Estado de Quintana Roo realiza detenciones arbitrarias e inconsistencias que violan los Derechos Humanos","datePublished":"2021-06-08T20:51:23+00:00","mainEntityOfPage":{"@id":"https:\/\/redamlo.com\/index.php\/2021\/06\/08\/fiscalia-general-del-estado-de-quintana-roo-realiza-detenciones-arbitrarias-e-inconsistencias-que-violan-los-derechos-humanos\/"},"wordCount":316,"commentCount":0,"publisher":{"@id":"https:\/\/redamlo.com\/#organization"},"image":{"@id":"https:\/\/redamlo.com\/index.php\/2021\/06\/08\/fiscalia-general-del-estado-de-quintana-roo-realiza-detenciones-arbitrarias-e-inconsistencias-que-violan-los-derechos-humanos\/#primaryimage"},"thumbnailUrl":"https:\/\/redamlo.com\/wp-content\/uploads\/2021\/06\/detencion-arbitraria-en-solidaridad-por-elementos-del-estado-de-quintana-roo.jpg","keywords":["Detenciones arbitrarias","FGE Qroo","Quintana Roo","Solidaridad","violacion de derechos humanos."],"articleSection":["Uncategorized"],"inLanguage":"es","potentialAction":[{"@type":"CommentAction","name":"Comment","target":["https:\/\/redamlo.com\/index.php\/2021\/06\/08\/fiscalia-general-del-estado-de-quintana-roo-realiza-detenciones-arbitrarias-e-inconsistencias-que-violan-los-derechos-humanos\/#respond"]}]},{"@type":"WebPage","@id":"https:\/\/redamlo.com\/index.php\/2021\/06\/08\/fiscalia-general-del-estado-de-quintana-roo-realiza-detenciones-arbitrarias-e-inconsistencias-que-violan-los-derechos-humanos\/","url":"https:\/\/redamlo.com\/index.php\/2021\/06\/08\/fiscalia-general-del-estado-de-quintana-roo-realiza-detenciones-arbitrarias-e-inconsistencias-que-violan-los-derechos-humanos\/","name":"Fiscal\u00eda General del Estado de Quintana Roo realiza detenciones arbitrarias e inconsistencias que violan los Derechos Humanos - NOTICIAS DE LA 4T","isPartOf":{"@id":"https:\/\/redamlo.com\/#website"},"primaryImageOfPage":{"@id":"https:\/\/redamlo.com\/index.php\/2021\/06\/08\/fiscalia-general-del-estado-de-quintana-roo-realiza-detenciones-arbitrarias-e-inconsistencias-que-violan-los-derechos-humanos\/#primaryimage"},"image":{"@id":"https:\/\/redamlo.com\/index.php\/2021\/06\/08\/fiscalia-general-del-estado-de-quintana-roo-realiza-detenciones-arbitrarias-e-inconsistencias-que-violan-los-derechos-humanos\/#primaryimage"},"thumbnailUrl":"https:\/\/redamlo.com\/wp-content\/uploads\/2021\/06\/detencion-arbitraria-en-solidaridad-por-elementos-del-estado-de-quintana-roo.jpg","datePublished":"2021-06-08T20:51:23+00:00","breadcrumb":{"@id":"https:\/\/redamlo.com\/index.php\/2021\/06\/08\/fiscalia-general-del-estado-de-quintana-roo-realiza-detenciones-arbitrarias-e-inconsistencias-que-violan-los-derechos-humanos\/#breadcrumb"},"inLanguage":"es","potentialAction":[{"@type":"ReadAction","target":["https:\/\/redamlo.com\/index.php\/2021\/06\/08\/fiscalia-general-del-estado-de-quintana-roo-realiza-detenciones-arbitrarias-e-inconsistencias-que-violan-los-derechos-humanos\/"]}]},{"@type":"ImageObject","inLanguage":"es","@id":"https:\/\/redamlo.com\/index.php\/2021\/06\/08\/fiscalia-general-del-estado-de-quintana-roo-realiza-detenciones-arbitrarias-e-inconsistencias-que-violan-los-derechos-humanos\/#primaryimage","url":"https:\/\/redamlo.com\/wp-content\/uploads\/2021\/06\/detencion-arbitraria-en-solidaridad-por-elementos-del-estado-de-quintana-roo.jpg","contentUrl":"https:\/\/redamlo.com\/wp-content\/uploads\/2021\/06\/detencion-arbitraria-en-solidaridad-por-elementos-del-estado-de-quintana-roo.jpg","width":1080,"height":1155},{"@type":"BreadcrumbList","@id":"https:\/\/redamlo.com\/index.php\/2021\/06\/08\/fiscalia-general-del-estado-de-quintana-roo-realiza-detenciones-arbitrarias-e-inconsistencias-que-violan-los-derechos-humanos\/#breadcrumb","itemListElement":[{"@type":"ListItem","position":1,"name":"Inicio","item":"https:\/\/redamlo.com\/"},{"@type":"ListItem","position":2,"name":"Fiscal\u00eda General del Estado de Quintana Roo realiza detenciones arbitrarias e inconsistencias que violan los Derechos Humanos"}]},{"@type":"WebSite","@id":"https:\/\/redamlo.com\/#website","url":"https:\/\/redamlo.com\/","name":"NOTICIAS DE LA 4T","description":"","publisher":{"@id":"https:\/\/redamlo.com\/#organization"},"potentialAction":[{"@type":"SearchAction","target":{"@type":"EntryPoint","urlTemplate":"https:\/\/redamlo.com\/?s={search_term_string}"},"query-input":{"@type":"PropertyValueSpecification","valueRequired":true,"valueName":"search_term_string"}}],"inLanguage":"es"},{"@type":"Organization","@id":"https:\/\/redamlo.com\/#organization","name":"NOTICIAS DE LA 4T","url":"https:\/\/redamlo.com\/","logo":{"@type":"ImageObject","inLanguage":"es","@id":"https:\/\/redamlo.com\/#\/schema\/logo\/image\/","url":"https:\/\/redamlo.com\/wp-content\/uploads\/2024\/08\/cropped-RED-AMLO-logo-50.png","contentUrl":"https:\/\/redamlo.com\/wp-content\/uploads\/2024\/08\/cropped-RED-AMLO-logo-50.png","width":256,"height":256,"caption":"NOTICIAS DE LA 4T"},"image":{"@id":"https:\/\/redamlo.com\/#\/schema\/logo\/image\/"}},{"@type":"Person","@id":"https:\/\/redamlo.com\/#\/schema\/person\/7223a4375eb8f1a782fcae010a7115cf","name":"Blanca","image":{"@type":"ImageObject","inLanguage":"es","@id":"https:\/\/secure.gravatar.com\/avatar\/3f79bc8336367a4e6093eae8757acaaf61d1124834b905616de7829b0273426d?s=96&d=mm&r=g","url":"https:\/\/secure.gravatar.com\/avatar\/3f79bc8336367a4e6093eae8757acaaf61d1124834b905616de7829b0273426d?s=96&d=mm&r=g","contentUrl":"https:\/\/secure.gravatar.com\/avatar\/3f79bc8336367a4e6093eae8757acaaf61d1124834b905616de7829b0273426d?s=96&d=mm&r=g","caption":"Blanca"},"url":"https:\/\/redamlo.com\/index.php\/author\/blanca\/"}]}},"_links":{"self":[{"href":"https:\/\/redamlo.com\/index.php\/wp-json\/wp\/v2\/posts\/4477","targetHints":{"allow":["GET"]}}],"collection":[{"href":"https:\/\/redamlo.com\/index.php\/wp-json\/wp\/v2\/posts"}],"about":[{"href":"https:\/\/redamlo.com\/index.php\/wp-json\/wp\/v2\/types\/post"}],"author":[{"embeddable":true,"href":"https:\/\/redamlo.com\/index.php\/wp-json\/wp\/v2\/users\/2"}],"replies":[{"embeddable":true,"href":"https:\/\/redamlo.com\/index.php\/wp-json\/wp\/v2\/comments?post=4477"}],"version-history":[{"count":0,"href":"https:\/\/redamlo.com\/index.php\/wp-json\/wp\/v2\/posts\/4477\/revisions"}],"wp:featuredmedia":[{"embeddable":true,"href":"https:\/\/redamlo.com\/index.php\/wp-json\/wp\/v2\/media\/4479"}],"wp:attachment":[{"href":"https:\/\/redamlo.com\/index.php\/wp-json\/wp\/v2\/media?parent=4477"}],"wp:term":[{"taxonomy":"category","embeddable":true,"href":"https:\/\/redamlo.com\/index.php\/wp-json\/wp\/v2\/categories?post=4477"},{"taxonomy":"post_tag","embeddable":true,"href":"https:\/\/redamlo.com\/index.php\/wp-json\/wp\/v2\/tags?post=4477"}],"curies":[{"name":"wp","href":"https:\/\/api.w.org\/{rel}","templated":true}]}}