{"id":4474,"date":"2021-06-08T02:32:44","date_gmt":"2021-06-08T02:32:44","guid":{"rendered":"https:\/\/redamlo.com\/?p=4474"},"modified":"2021-06-08T02:32:44","modified_gmt":"2021-06-08T02:32:44","slug":"gobierno-de-solidaridad-moderniza-luminarias-en-villas-del-sol-con-tecnologia-led","status":"publish","type":"post","link":"https:\/\/redamlo.com\/index.php\/2021\/06\/08\/gobierno-de-solidaridad-moderniza-luminarias-en-villas-del-sol-con-tecnologia-led\/","title":{"rendered":"Gobierno de Solidaridad moderniza luminarias en Villas del Sol con tecnolog\u00eda LED"},"content":{"rendered":"<p>Playa del Carmen, Quintana Roo, a 07 de junio del 2021.-<\/p>\n<p>Como parte de las gestiones del Ayuntamiento de Solidaridad ante el Gobierno de M\u00e9xico, inici\u00f3 en Villas del Sol la instalaci\u00f3n de 400 l\u00e1mparas LED, la primera remesa de este tipo de tecnolog\u00eda que sustituir\u00e1 las ya existentes, lo que representar\u00e1 un ahorro de energ\u00eda y menos contaminaci\u00f3n, cumpliendo el compromiso de dotar al municipio de un sistema de alumbrado p\u00fablico eficiente y sustentable.<\/p>\n<p>El avance en la instalaci\u00f3n de luminarias es notorio en las cerradas Manat\u00ed, Faisanes, Viveros, Aguilillas (cercanas del tercer parque), continuando en las siguientes vialidades: De las Garzas, Ciich, Halcones, Laak, Perif\u00e9rico, De las Cig\u00fce\u00f1a y CTM.<\/p>\n<p>La modernizaci\u00f3n del servicio forma parte de un programa que se realiza con el apoyo de la Secretar\u00eda de Energ\u00eda, por medio del Fideicomiso para el Ahorro de Energ\u00eda El\u00e9ctrica (FIDE), quien descontar\u00e1 el recurso a trav\u00e9s del recibo que emite la Comisi\u00f3n Federal de Electricidad por concepto de pago de Derecho de Alumbrado P\u00fablico (DAP).<\/p>\n<p>Se prev\u00e9 que, al t\u00e9rmino de la colocaci\u00f3n de estas l\u00e1mparas, se ahorren 3 millones de kilowatts por a\u00f1o, que equivalen a m\u00e1s de la mitad del consumo actual anual de 12 millones 988 mil 92.16 pesos, al tiempo que dejar\u00e1 de emitir el equivalente a mil 515 toneladas de emisiones descontaminantes de CO2.<\/p>\n<p>Con esta inversi\u00f3n, el Gobierno de Laura Beristain Navarrete mejora las luminarias en Villas del Sol y avanza en la cobertura de dicho servicio en fraccionamientos y colonias como Pescadores, Villas del Carmen, Arrecifes, El Pet\u00e9n, El Cielo, Fundadores, Los Olivos, Palmas 2, Forjadores, Misi\u00f3n de las Flores, Nicte Ha, Real Ibiza, Villamar 1 y 2.<\/p>\n","protected":false},"excerpt":{"rendered":"<p>Playa del Carmen, Quintana Roo, a 07 de junio del 2021.- Como parte de las&#8230;<\/p>\n","protected":false},"author":2,"featured_media":4476,"comment_status":"open","ping_status":"closed","sticky":false,"template":"","format":"standard","meta":{"footnotes":""},"categories":[1],"tags":[910,525,911,912],"class_list":["post-4474","post","type-post","status-publish","format-standard","has-post-thumbnail","hentry","category-uncategorized","tag-gobierno-de-solidaridad-moderniza-luminarias","tag-municipio-de-solidaridad","tag-tecnologia-led","tag-villas-del-sol"],"yoast_head":"<!-- This site is optimized with the Yoast SEO plugin v27.5 - https:\/\/yoast.com\/product\/yoast-seo-wordpress\/ -->\n<title>Gobierno de Solidaridad moderniza luminarias en Villas del Sol con tecnolog\u00eda LED - NOTICIAS DE LA 4T<\/title>\n<meta name=\"robots\" content=\"noindex, follow, max-snippet:-1, max-image-preview:large, max-video-preview:-1\" \/>\n<meta property=\"og:locale\" content=\"es_MX\" \/>\n<meta property=\"og:type\" content=\"article\" \/>\n<meta property=\"og:title\" content=\"Gobierno de Solidaridad moderniza luminarias en Villas del Sol con tecnolog\u00eda LED - NOTICIAS DE LA 4T\" \/>\n<meta property=\"og:description\" content=\"Playa del Carmen, Quintana Roo, a 07 de junio del 2021.- Como parte de las...\" \/>\n<meta property=\"og:url\" content=\"https:\/\/redamlo.com\/index.php\/2021\/06\/08\/gobierno-de-solidaridad-moderniza-luminarias-en-villas-del-sol-con-tecnologia-led\/\" \/>\n<meta property=\"og:site_name\" content=\"NOTICIAS DE LA 4T\" \/>\n<meta property=\"article:published_time\" content=\"2021-06-08T02:32:44+00:00\" \/>\n<meta property=\"og:image\" content=\"https:\/\/redamlo.com\/wp-content\/uploads\/2021\/06\/Gobierno-de-Solidaridad-moderniza-luminarias-en-Villas-del-Sol-con-tecnologia-LED.jpg\" \/>\n\t<meta property=\"og:image:width\" content=\"1280\" \/>\n\t<meta property=\"og:image:height\" content=\"933\" \/>\n\t<meta property=\"og:image:type\" content=\"image\/jpeg\" \/>\n<meta name=\"author\" content=\"Blanca\" \/>\n<meta name=\"twitter:card\" content=\"summary_large_image\" \/>\n<meta name=\"twitter:label1\" content=\"Escrito por\" \/>\n\t<meta name=\"twitter:data1\" content=\"Blanca\" \/>\n\t<meta name=\"twitter:label2\" content=\"Tiempo de lectura\" \/>\n\t<meta name=\"twitter:data2\" content=\"1 minuto\" \/>\n<script type=\"application\/ld+json\" class=\"yoast-schema-graph\">{\"@context\":\"https:\\\/\\\/schema.org\",\"@graph\":[{\"@type\":\"Article\",\"@id\":\"https:\\\/\\\/redamlo.com\\\/index.php\\\/2021\\\/06\\\/08\\\/gobierno-de-solidaridad-moderniza-luminarias-en-villas-del-sol-con-tecnologia-led\\\/#article\",\"isPartOf\":{\"@id\":\"https:\\\/\\\/redamlo.com\\\/index.php\\\/2021\\\/06\\\/08\\\/gobierno-de-solidaridad-moderniza-luminarias-en-villas-del-sol-con-tecnologia-led\\\/\"},\"author\":{\"name\":\"Blanca\",\"@id\":\"https:\\\/\\\/redamlo.com\\\/#\\\/schema\\\/person\\\/7223a4375eb8f1a782fcae010a7115cf\"},\"headline\":\"Gobierno de Solidaridad moderniza luminarias en Villas del Sol con tecnolog\u00eda LED\",\"datePublished\":\"2021-06-08T02:32:44+00:00\",\"mainEntityOfPage\":{\"@id\":\"https:\\\/\\\/redamlo.com\\\/index.php\\\/2021\\\/06\\\/08\\\/gobierno-de-solidaridad-moderniza-luminarias-en-villas-del-sol-con-tecnologia-led\\\/\"},\"wordCount\":308,\"commentCount\":0,\"publisher\":{\"@id\":\"https:\\\/\\\/redamlo.com\\\/#organization\"},\"image\":{\"@id\":\"https:\\\/\\\/redamlo.com\\\/index.php\\\/2021\\\/06\\\/08\\\/gobierno-de-solidaridad-moderniza-luminarias-en-villas-del-sol-con-tecnologia-led\\\/#primaryimage\"},\"thumbnailUrl\":\"https:\\\/\\\/redamlo.com\\\/wp-content\\\/uploads\\\/2021\\\/06\\\/Gobierno-de-Solidaridad-moderniza-luminarias-en-Villas-del-Sol-con-tecnologia-LED.jpg\",\"keywords\":[\"Gobierno de Solidaridad moderniza luminarias\",\"Municipio de Solidaridad\",\"tecnolog\u00eda LED\",\"Villas del Sol\"],\"articleSection\":[\"Uncategorized\"],\"inLanguage\":\"es\",\"potentialAction\":[{\"@type\":\"CommentAction\",\"name\":\"Comment\",\"target\":[\"https:\\\/\\\/redamlo.com\\\/index.php\\\/2021\\\/06\\\/08\\\/gobierno-de-solidaridad-moderniza-luminarias-en-villas-del-sol-con-tecnologia-led\\\/#respond\"]}]},{\"@type\":\"WebPage\",\"@id\":\"https:\\\/\\\/redamlo.com\\\/index.php\\\/2021\\\/06\\\/08\\\/gobierno-de-solidaridad-moderniza-luminarias-en-villas-del-sol-con-tecnologia-led\\\/\",\"url\":\"https:\\\/\\\/redamlo.com\\\/index.php\\\/2021\\\/06\\\/08\\\/gobierno-de-solidaridad-moderniza-luminarias-en-villas-del-sol-con-tecnologia-led\\\/\",\"name\":\"Gobierno de Solidaridad moderniza luminarias en Villas del Sol con tecnolog\u00eda LED - NOTICIAS DE LA 4T\",\"isPartOf\":{\"@id\":\"https:\\\/\\\/redamlo.com\\\/#website\"},\"primaryImageOfPage\":{\"@id\":\"https:\\\/\\\/redamlo.com\\\/index.php\\\/2021\\\/06\\\/08\\\/gobierno-de-solidaridad-moderniza-luminarias-en-villas-del-sol-con-tecnologia-led\\\/#primaryimage\"},\"image\":{\"@id\":\"https:\\\/\\\/redamlo.com\\\/index.php\\\/2021\\\/06\\\/08\\\/gobierno-de-solidaridad-moderniza-luminarias-en-villas-del-sol-con-tecnologia-led\\\/#primaryimage\"},\"thumbnailUrl\":\"https:\\\/\\\/redamlo.com\\\/wp-content\\\/uploads\\\/2021\\\/06\\\/Gobierno-de-Solidaridad-moderniza-luminarias-en-Villas-del-Sol-con-tecnologia-LED.jpg\",\"datePublished\":\"2021-06-08T02:32:44+00:00\",\"breadcrumb\":{\"@id\":\"https:\\\/\\\/redamlo.com\\\/index.php\\\/2021\\\/06\\\/08\\\/gobierno-de-solidaridad-moderniza-luminarias-en-villas-del-sol-con-tecnologia-led\\\/#breadcrumb\"},\"inLanguage\":\"es\",\"potentialAction\":[{\"@type\":\"ReadAction\",\"target\":[\"https:\\\/\\\/redamlo.com\\\/index.php\\\/2021\\\/06\\\/08\\\/gobierno-de-solidaridad-moderniza-luminarias-en-villas-del-sol-con-tecnologia-led\\\/\"]}]},{\"@type\":\"ImageObject\",\"inLanguage\":\"es\",\"@id\":\"https:\\\/\\\/redamlo.com\\\/index.php\\\/2021\\\/06\\\/08\\\/gobierno-de-solidaridad-moderniza-luminarias-en-villas-del-sol-con-tecnologia-led\\\/#primaryimage\",\"url\":\"https:\\\/\\\/redamlo.com\\\/wp-content\\\/uploads\\\/2021\\\/06\\\/Gobierno-de-Solidaridad-moderniza-luminarias-en-Villas-del-Sol-con-tecnologia-LED.jpg\",\"contentUrl\":\"https:\\\/\\\/redamlo.com\\\/wp-content\\\/uploads\\\/2021\\\/06\\\/Gobierno-de-Solidaridad-moderniza-luminarias-en-Villas-del-Sol-con-tecnologia-LED.jpg\",\"width\":1280,\"height\":933},{\"@type\":\"BreadcrumbList\",\"@id\":\"https:\\\/\\\/redamlo.com\\\/index.php\\\/2021\\\/06\\\/08\\\/gobierno-de-solidaridad-moderniza-luminarias-en-villas-del-sol-con-tecnologia-led\\\/#breadcrumb\",\"itemListElement\":[{\"@type\":\"ListItem\",\"position\":1,\"name\":\"Inicio\",\"item\":\"https:\\\/\\\/redamlo.com\\\/\"},{\"@type\":\"ListItem\",\"position\":2,\"name\":\"Gobierno de Solidaridad moderniza luminarias en Villas del Sol con tecnolog\u00eda LED\"}]},{\"@type\":\"WebSite\",\"@id\":\"https:\\\/\\\/redamlo.com\\\/#website\",\"url\":\"https:\\\/\\\/redamlo.com\\\/\",\"name\":\"NOTICIAS DE LA 4T\",\"description\":\"\",\"publisher\":{\"@id\":\"https:\\\/\\\/redamlo.com\\\/#organization\"},\"potentialAction\":[{\"@type\":\"SearchAction\",\"target\":{\"@type\":\"EntryPoint\",\"urlTemplate\":\"https:\\\/\\\/redamlo.com\\\/?s={search_term_string}\"},\"query-input\":{\"@type\":\"PropertyValueSpecification\",\"valueRequired\":true,\"valueName\":\"search_term_string\"}}],\"inLanguage\":\"es\"},{\"@type\":\"Organization\",\"@id\":\"https:\\\/\\\/redamlo.com\\\/#organization\",\"name\":\"NOTICIAS DE LA 4T\",\"url\":\"https:\\\/\\\/redamlo.com\\\/\",\"logo\":{\"@type\":\"ImageObject\",\"inLanguage\":\"es\",\"@id\":\"https:\\\/\\\/redamlo.com\\\/#\\\/schema\\\/logo\\\/image\\\/\",\"url\":\"https:\\\/\\\/redamlo.com\\\/wp-content\\\/uploads\\\/2024\\\/08\\\/cropped-RED-AMLO-logo-50.png\",\"contentUrl\":\"https:\\\/\\\/redamlo.com\\\/wp-content\\\/uploads\\\/2024\\\/08\\\/cropped-RED-AMLO-logo-50.png\",\"width\":256,\"height\":256,\"caption\":\"NOTICIAS DE LA 4T\"},\"image\":{\"@id\":\"https:\\\/\\\/redamlo.com\\\/#\\\/schema\\\/logo\\\/image\\\/\"}},{\"@type\":\"Person\",\"@id\":\"https:\\\/\\\/redamlo.com\\\/#\\\/schema\\\/person\\\/7223a4375eb8f1a782fcae010a7115cf\",\"name\":\"Blanca\",\"image\":{\"@type\":\"ImageObject\",\"inLanguage\":\"es\",\"@id\":\"https:\\\/\\\/secure.gravatar.com\\\/avatar\\\/3f79bc8336367a4e6093eae8757acaaf61d1124834b905616de7829b0273426d?s=96&d=mm&r=g\",\"url\":\"https:\\\/\\\/secure.gravatar.com\\\/avatar\\\/3f79bc8336367a4e6093eae8757acaaf61d1124834b905616de7829b0273426d?s=96&d=mm&r=g\",\"contentUrl\":\"https:\\\/\\\/secure.gravatar.com\\\/avatar\\\/3f79bc8336367a4e6093eae8757acaaf61d1124834b905616de7829b0273426d?s=96&d=mm&r=g\",\"caption\":\"Blanca\"},\"url\":\"https:\\\/\\\/redamlo.com\\\/index.php\\\/author\\\/blanca\\\/\"}]}<\/script>\n<!-- \/ Yoast SEO plugin. -->","yoast_head_json":{"title":"Gobierno de Solidaridad moderniza luminarias en Villas del Sol con tecnolog\u00eda LED - NOTICIAS DE LA 4T","robots":{"index":"noindex","follow":"follow","max-snippet":"max-snippet:-1","max-image-preview":"max-image-preview:large","max-video-preview":"max-video-preview:-1"},"og_locale":"es_MX","og_type":"article","og_title":"Gobierno de Solidaridad moderniza luminarias en Villas del Sol con tecnolog\u00eda LED - NOTICIAS DE LA 4T","og_description":"Playa del Carmen, Quintana Roo, a 07 de junio del 2021.- Como parte de las...","og_url":"https:\/\/redamlo.com\/index.php\/2021\/06\/08\/gobierno-de-solidaridad-moderniza-luminarias-en-villas-del-sol-con-tecnologia-led\/","og_site_name":"NOTICIAS DE LA 4T","article_published_time":"2021-06-08T02:32:44+00:00","og_image":[{"width":1280,"height":933,"url":"https:\/\/redamlo.com\/wp-content\/uploads\/2021\/06\/Gobierno-de-Solidaridad-moderniza-luminarias-en-Villas-del-Sol-con-tecnologia-LED.jpg","type":"image\/jpeg"}],"author":"Blanca","twitter_card":"summary_large_image","twitter_misc":{"Escrito por":"Blanca","Tiempo de lectura":"1 minuto"},"schema":{"@context":"https:\/\/schema.org","@graph":[{"@type":"Article","@id":"https:\/\/redamlo.com\/index.php\/2021\/06\/08\/gobierno-de-solidaridad-moderniza-luminarias-en-villas-del-sol-con-tecnologia-led\/#article","isPartOf":{"@id":"https:\/\/redamlo.com\/index.php\/2021\/06\/08\/gobierno-de-solidaridad-moderniza-luminarias-en-villas-del-sol-con-tecnologia-led\/"},"author":{"name":"Blanca","@id":"https:\/\/redamlo.com\/#\/schema\/person\/7223a4375eb8f1a782fcae010a7115cf"},"headline":"Gobierno de Solidaridad moderniza luminarias en Villas del Sol con tecnolog\u00eda LED","datePublished":"2021-06-08T02:32:44+00:00","mainEntityOfPage":{"@id":"https:\/\/redamlo.com\/index.php\/2021\/06\/08\/gobierno-de-solidaridad-moderniza-luminarias-en-villas-del-sol-con-tecnologia-led\/"},"wordCount":308,"commentCount":0,"publisher":{"@id":"https:\/\/redamlo.com\/#organization"},"image":{"@id":"https:\/\/redamlo.com\/index.php\/2021\/06\/08\/gobierno-de-solidaridad-moderniza-luminarias-en-villas-del-sol-con-tecnologia-led\/#primaryimage"},"thumbnailUrl":"https:\/\/redamlo.com\/wp-content\/uploads\/2021\/06\/Gobierno-de-Solidaridad-moderniza-luminarias-en-Villas-del-Sol-con-tecnologia-LED.jpg","keywords":["Gobierno de Solidaridad moderniza luminarias","Municipio de Solidaridad","tecnolog\u00eda LED","Villas del Sol"],"articleSection":["Uncategorized"],"inLanguage":"es","potentialAction":[{"@type":"CommentAction","name":"Comment","target":["https:\/\/redamlo.com\/index.php\/2021\/06\/08\/gobierno-de-solidaridad-moderniza-luminarias-en-villas-del-sol-con-tecnologia-led\/#respond"]}]},{"@type":"WebPage","@id":"https:\/\/redamlo.com\/index.php\/2021\/06\/08\/gobierno-de-solidaridad-moderniza-luminarias-en-villas-del-sol-con-tecnologia-led\/","url":"https:\/\/redamlo.com\/index.php\/2021\/06\/08\/gobierno-de-solidaridad-moderniza-luminarias-en-villas-del-sol-con-tecnologia-led\/","name":"Gobierno de Solidaridad moderniza luminarias en Villas del Sol con tecnolog\u00eda LED - NOTICIAS DE LA 4T","isPartOf":{"@id":"https:\/\/redamlo.com\/#website"},"primaryImageOfPage":{"@id":"https:\/\/redamlo.com\/index.php\/2021\/06\/08\/gobierno-de-solidaridad-moderniza-luminarias-en-villas-del-sol-con-tecnologia-led\/#primaryimage"},"image":{"@id":"https:\/\/redamlo.com\/index.php\/2021\/06\/08\/gobierno-de-solidaridad-moderniza-luminarias-en-villas-del-sol-con-tecnologia-led\/#primaryimage"},"thumbnailUrl":"https:\/\/redamlo.com\/wp-content\/uploads\/2021\/06\/Gobierno-de-Solidaridad-moderniza-luminarias-en-Villas-del-Sol-con-tecnologia-LED.jpg","datePublished":"2021-06-08T02:32:44+00:00","breadcrumb":{"@id":"https:\/\/redamlo.com\/index.php\/2021\/06\/08\/gobierno-de-solidaridad-moderniza-luminarias-en-villas-del-sol-con-tecnologia-led\/#breadcrumb"},"inLanguage":"es","potentialAction":[{"@type":"ReadAction","target":["https:\/\/redamlo.com\/index.php\/2021\/06\/08\/gobierno-de-solidaridad-moderniza-luminarias-en-villas-del-sol-con-tecnologia-led\/"]}]},{"@type":"ImageObject","inLanguage":"es","@id":"https:\/\/redamlo.com\/index.php\/2021\/06\/08\/gobierno-de-solidaridad-moderniza-luminarias-en-villas-del-sol-con-tecnologia-led\/#primaryimage","url":"https:\/\/redamlo.com\/wp-content\/uploads\/2021\/06\/Gobierno-de-Solidaridad-moderniza-luminarias-en-Villas-del-Sol-con-tecnologia-LED.jpg","contentUrl":"https:\/\/redamlo.com\/wp-content\/uploads\/2021\/06\/Gobierno-de-Solidaridad-moderniza-luminarias-en-Villas-del-Sol-con-tecnologia-LED.jpg","width":1280,"height":933},{"@type":"BreadcrumbList","@id":"https:\/\/redamlo.com\/index.php\/2021\/06\/08\/gobierno-de-solidaridad-moderniza-luminarias-en-villas-del-sol-con-tecnologia-led\/#breadcrumb","itemListElement":[{"@type":"ListItem","position":1,"name":"Inicio","item":"https:\/\/redamlo.com\/"},{"@type":"ListItem","position":2,"name":"Gobierno de Solidaridad moderniza luminarias en Villas del Sol con tecnolog\u00eda LED"}]},{"@type":"WebSite","@id":"https:\/\/redamlo.com\/#website","url":"https:\/\/redamlo.com\/","name":"NOTICIAS DE LA 4T","description":"","publisher":{"@id":"https:\/\/redamlo.com\/#organization"},"potentialAction":[{"@type":"SearchAction","target":{"@type":"EntryPoint","urlTemplate":"https:\/\/redamlo.com\/?s={search_term_string}"},"query-input":{"@type":"PropertyValueSpecification","valueRequired":true,"valueName":"search_term_string"}}],"inLanguage":"es"},{"@type":"Organization","@id":"https:\/\/redamlo.com\/#organization","name":"NOTICIAS DE LA 4T","url":"https:\/\/redamlo.com\/","logo":{"@type":"ImageObject","inLanguage":"es","@id":"https:\/\/redamlo.com\/#\/schema\/logo\/image\/","url":"https:\/\/redamlo.com\/wp-content\/uploads\/2024\/08\/cropped-RED-AMLO-logo-50.png","contentUrl":"https:\/\/redamlo.com\/wp-content\/uploads\/2024\/08\/cropped-RED-AMLO-logo-50.png","width":256,"height":256,"caption":"NOTICIAS DE LA 4T"},"image":{"@id":"https:\/\/redamlo.com\/#\/schema\/logo\/image\/"}},{"@type":"Person","@id":"https:\/\/redamlo.com\/#\/schema\/person\/7223a4375eb8f1a782fcae010a7115cf","name":"Blanca","image":{"@type":"ImageObject","inLanguage":"es","@id":"https:\/\/secure.gravatar.com\/avatar\/3f79bc8336367a4e6093eae8757acaaf61d1124834b905616de7829b0273426d?s=96&d=mm&r=g","url":"https:\/\/secure.gravatar.com\/avatar\/3f79bc8336367a4e6093eae8757acaaf61d1124834b905616de7829b0273426d?s=96&d=mm&r=g","contentUrl":"https:\/\/secure.gravatar.com\/avatar\/3f79bc8336367a4e6093eae8757acaaf61d1124834b905616de7829b0273426d?s=96&d=mm&r=g","caption":"Blanca"},"url":"https:\/\/redamlo.com\/index.php\/author\/blanca\/"}]}},"_links":{"self":[{"href":"https:\/\/redamlo.com\/index.php\/wp-json\/wp\/v2\/posts\/4474","targetHints":{"allow":["GET"]}}],"collection":[{"href":"https:\/\/redamlo.com\/index.php\/wp-json\/wp\/v2\/posts"}],"about":[{"href":"https:\/\/redamlo.com\/index.php\/wp-json\/wp\/v2\/types\/post"}],"author":[{"embeddable":true,"href":"https:\/\/redamlo.com\/index.php\/wp-json\/wp\/v2\/users\/2"}],"replies":[{"embeddable":true,"href":"https:\/\/redamlo.com\/index.php\/wp-json\/wp\/v2\/comments?post=4474"}],"version-history":[{"count":0,"href":"https:\/\/redamlo.com\/index.php\/wp-json\/wp\/v2\/posts\/4474\/revisions"}],"wp:featuredmedia":[{"embeddable":true,"href":"https:\/\/redamlo.com\/index.php\/wp-json\/wp\/v2\/media\/4476"}],"wp:attachment":[{"href":"https:\/\/redamlo.com\/index.php\/wp-json\/wp\/v2\/media?parent=4474"}],"wp:term":[{"taxonomy":"category","embeddable":true,"href":"https:\/\/redamlo.com\/index.php\/wp-json\/wp\/v2\/categories?post=4474"},{"taxonomy":"post_tag","embeddable":true,"href":"https:\/\/redamlo.com\/index.php\/wp-json\/wp\/v2\/tags?post=4474"}],"curies":[{"name":"wp","href":"https:\/\/api.w.org\/{rel}","templated":true}]}}