{"id":4471,"date":"2021-06-08T02:23:10","date_gmt":"2021-06-08T02:23:10","guid":{"rendered":"https:\/\/redamlo.com\/?p=4471"},"modified":"2021-06-08T02:23:10","modified_gmt":"2021-06-08T02:23:10","slug":"anuncia-gobierno-de-solidaridad-aplicacion-de-vacuna-a-adultos-de-50-anos","status":"publish","type":"post","link":"https:\/\/redamlo.com\/index.php\/2021\/06\/08\/anuncia-gobierno-de-solidaridad-aplicacion-de-vacuna-a-adultos-de-50-anos\/","title":{"rendered":"Anuncia Gobierno de Solidaridad aplicaci\u00f3n de vacuna a adultos de 50 a\u00f1os"},"content":{"rendered":"<p>Playa del Carmen, Quintana Roo, a 07 de junio del 2021.-<\/p>\n<p>Este 8 y 9 de junio se llevar\u00e1 a cabo la aplicaci\u00f3n de la segunda dosis de la <strong>vacuna Pfizer<\/strong> a adultos de<strong> 50 a 59<\/strong> a\u00f1os en los m\u00f3dulos que estar\u00e1n ubicados en <strong>CENALTUR,<\/strong> en el domo de la <strong>Unidad Deportiva de la colonia Colosio<\/strong> y en la secundaria<strong> Luz Mar\u00eda Zaleta en Villas del Sol,<\/strong> a fin de dar continuidad al proceso de inmunizaci\u00f3n contra la Covid-19 que realiza la Secretar\u00eda del Bienestar con el apoyo del Gobierno de Solidaridad.<\/p>\n<p>El horario de dichos m\u00f3dulos ser\u00e1 de <strong>8 de la ma\u00f1ana a 6 de la tarde<\/strong> y para este martes 8 de junio se estar\u00e1 aplicando la vacuna estrictamente a personas que hayan recibido la dosis el primer d\u00eda de la pasada aplicaci\u00f3n; mientras que este mi\u00e9rcoles 9 se inmunizar\u00e1 a los que se vacunaron el segundo d\u00eda.<\/p>\n<p><em><strong>Para recibir la vacuna es indispensable presentar la siguiente documentaci\u00f3n: copia de CURP, comprobantes de domicilio y de la primera aplicaci\u00f3n, as\u00ed como el formato impreso del registro de vacunaci\u00f3n, el cual puede realizarse a trav\u00e9s del sitio web: mivacuna.salud.gob.mx<\/strong><\/em><\/p>\n<p>El titular de la<strong> Direcci\u00f3n de Salud F\u00edsica y Mental de Solidaridad, <em>H\u00e9ctor Gonz\u00e1lez Rodr\u00edguez,<\/em><\/strong> recomend\u00f3 a los solidarenses llevar ropa y calzado c\u00f3modos, el uso del cubrebocas, mantener el sano distanciamiento en todo momento, no ingerir alimentos y mantenerse hidratados.<\/p>\n<p>Estas jornadas forman parte de la cobertura de vacunaci\u00f3n que realiza el gobierno federal, de la mano de la administraci\u00f3n municipal, para inmunizar a toda la poblaci\u00f3n, con lo cual se ha logrado consolidar la inmunizaci\u00f3n de los adultos mayores y personal docente en el Estado.<\/p>\n<p><img loading=\"lazy\" decoding=\"async\" class=\"alignnone wp-image-1750 size-large\" src=\"https:\/\/redamlo.com\/wp-content\/uploads\/2021\/06\/segunda-dosis-vacunacion-50-a-59-1024x682-1.jpg\" alt=\"\" width=\"740\" height=\"493\" \/><\/p>\n","protected":false},"excerpt":{"rendered":"<p>Playa del Carmen, Quintana Roo, a 07 de junio del 2021.- Este 8 y 9&#8230;<\/p>\n","protected":false},"author":2,"featured_media":4473,"comment_status":"open","ping_status":"closed","sticky":false,"template":"","format":"standard","meta":{"footnotes":""},"categories":[1],"tags":[905,906,907,908,360,909],"class_list":["post-4471","post","type-post","status-publish","format-standard","has-post-thumbnail","hentry","category-uncategorized","tag-aplicacion-de-vacuna-a-adultos-de-50-anos","tag-cenaltur","tag-direccion-de-salud-fisica-y-mental-de-solidaridad","tag-hector-gonzalez-rodriguez","tag-solidaridad","tag-unidad-deportiva-de-la-colonia-colosio"],"yoast_head":"<!-- This site is optimized with the Yoast SEO plugin v27.5 - https:\/\/yoast.com\/product\/yoast-seo-wordpress\/ -->\n<title>Anuncia Gobierno de Solidaridad aplicaci\u00f3n de vacuna a adultos de 50 a\u00f1os - NOTICIAS DE LA 4T<\/title>\n<meta name=\"robots\" content=\"noindex, follow, max-snippet:-1, max-image-preview:large, max-video-preview:-1\" \/>\n<meta property=\"og:locale\" content=\"es_MX\" \/>\n<meta property=\"og:type\" content=\"article\" \/>\n<meta property=\"og:title\" content=\"Anuncia Gobierno de Solidaridad aplicaci\u00f3n de vacuna a adultos de 50 a\u00f1os - NOTICIAS DE LA 4T\" \/>\n<meta property=\"og:description\" content=\"Playa del Carmen, Quintana Roo, a 07 de junio del 2021.- Este 8 y 9...\" \/>\n<meta property=\"og:url\" content=\"https:\/\/redamlo.com\/index.php\/2021\/06\/08\/anuncia-gobierno-de-solidaridad-aplicacion-de-vacuna-a-adultos-de-50-anos\/\" \/>\n<meta property=\"og:site_name\" content=\"NOTICIAS DE LA 4T\" \/>\n<meta property=\"article:published_time\" content=\"2021-06-08T02:23:10+00:00\" \/>\n<meta property=\"og:image\" content=\"https:\/\/redamlo.com\/wp-content\/uploads\/2021\/06\/segunda-dosis-de-vacunacion.jpg\" \/>\n\t<meta property=\"og:image:width\" content=\"1280\" \/>\n\t<meta property=\"og:image:height\" content=\"1280\" \/>\n\t<meta property=\"og:image:type\" content=\"image\/jpeg\" \/>\n<meta name=\"author\" content=\"Blanca\" \/>\n<meta name=\"twitter:card\" content=\"summary_large_image\" \/>\n<meta name=\"twitter:label1\" content=\"Escrito por\" \/>\n\t<meta name=\"twitter:data1\" content=\"Blanca\" \/>\n\t<meta name=\"twitter:label2\" content=\"Tiempo de lectura\" \/>\n\t<meta name=\"twitter:data2\" content=\"1 minuto\" \/>\n<script type=\"application\/ld+json\" class=\"yoast-schema-graph\">{\"@context\":\"https:\\\/\\\/schema.org\",\"@graph\":[{\"@type\":\"Article\",\"@id\":\"https:\\\/\\\/redamlo.com\\\/index.php\\\/2021\\\/06\\\/08\\\/anuncia-gobierno-de-solidaridad-aplicacion-de-vacuna-a-adultos-de-50-anos\\\/#article\",\"isPartOf\":{\"@id\":\"https:\\\/\\\/redamlo.com\\\/index.php\\\/2021\\\/06\\\/08\\\/anuncia-gobierno-de-solidaridad-aplicacion-de-vacuna-a-adultos-de-50-anos\\\/\"},\"author\":{\"name\":\"Blanca\",\"@id\":\"https:\\\/\\\/redamlo.com\\\/#\\\/schema\\\/person\\\/7223a4375eb8f1a782fcae010a7115cf\"},\"headline\":\"Anuncia Gobierno de Solidaridad aplicaci\u00f3n de vacuna a adultos de 50 a\u00f1os\",\"datePublished\":\"2021-06-08T02:23:10+00:00\",\"mainEntityOfPage\":{\"@id\":\"https:\\\/\\\/redamlo.com\\\/index.php\\\/2021\\\/06\\\/08\\\/anuncia-gobierno-de-solidaridad-aplicacion-de-vacuna-a-adultos-de-50-anos\\\/\"},\"wordCount\":312,\"commentCount\":0,\"publisher\":{\"@id\":\"https:\\\/\\\/redamlo.com\\\/#organization\"},\"image\":{\"@id\":\"https:\\\/\\\/redamlo.com\\\/index.php\\\/2021\\\/06\\\/08\\\/anuncia-gobierno-de-solidaridad-aplicacion-de-vacuna-a-adultos-de-50-anos\\\/#primaryimage\"},\"thumbnailUrl\":\"https:\\\/\\\/redamlo.com\\\/wp-content\\\/uploads\\\/2021\\\/06\\\/segunda-dosis-de-vacunacion.jpg\",\"keywords\":[\"aplicaci\u00f3n de vacuna a adultos de 50 a\u00f1os\",\"CENALTUR\",\"Direcci\u00f3n de Salud F\u00edsica y Mental de Solidaridad\",\"H\u00e9ctor Gonz\u00e1lez Rodr\u00edguez\",\"Solidaridad\",\"Unidad Deportiva de la colonia Colosio\"],\"articleSection\":[\"Uncategorized\"],\"inLanguage\":\"es\",\"potentialAction\":[{\"@type\":\"CommentAction\",\"name\":\"Comment\",\"target\":[\"https:\\\/\\\/redamlo.com\\\/index.php\\\/2021\\\/06\\\/08\\\/anuncia-gobierno-de-solidaridad-aplicacion-de-vacuna-a-adultos-de-50-anos\\\/#respond\"]}]},{\"@type\":\"WebPage\",\"@id\":\"https:\\\/\\\/redamlo.com\\\/index.php\\\/2021\\\/06\\\/08\\\/anuncia-gobierno-de-solidaridad-aplicacion-de-vacuna-a-adultos-de-50-anos\\\/\",\"url\":\"https:\\\/\\\/redamlo.com\\\/index.php\\\/2021\\\/06\\\/08\\\/anuncia-gobierno-de-solidaridad-aplicacion-de-vacuna-a-adultos-de-50-anos\\\/\",\"name\":\"Anuncia Gobierno de Solidaridad aplicaci\u00f3n de vacuna a adultos de 50 a\u00f1os - NOTICIAS DE LA 4T\",\"isPartOf\":{\"@id\":\"https:\\\/\\\/redamlo.com\\\/#website\"},\"primaryImageOfPage\":{\"@id\":\"https:\\\/\\\/redamlo.com\\\/index.php\\\/2021\\\/06\\\/08\\\/anuncia-gobierno-de-solidaridad-aplicacion-de-vacuna-a-adultos-de-50-anos\\\/#primaryimage\"},\"image\":{\"@id\":\"https:\\\/\\\/redamlo.com\\\/index.php\\\/2021\\\/06\\\/08\\\/anuncia-gobierno-de-solidaridad-aplicacion-de-vacuna-a-adultos-de-50-anos\\\/#primaryimage\"},\"thumbnailUrl\":\"https:\\\/\\\/redamlo.com\\\/wp-content\\\/uploads\\\/2021\\\/06\\\/segunda-dosis-de-vacunacion.jpg\",\"datePublished\":\"2021-06-08T02:23:10+00:00\",\"breadcrumb\":{\"@id\":\"https:\\\/\\\/redamlo.com\\\/index.php\\\/2021\\\/06\\\/08\\\/anuncia-gobierno-de-solidaridad-aplicacion-de-vacuna-a-adultos-de-50-anos\\\/#breadcrumb\"},\"inLanguage\":\"es\",\"potentialAction\":[{\"@type\":\"ReadAction\",\"target\":[\"https:\\\/\\\/redamlo.com\\\/index.php\\\/2021\\\/06\\\/08\\\/anuncia-gobierno-de-solidaridad-aplicacion-de-vacuna-a-adultos-de-50-anos\\\/\"]}]},{\"@type\":\"ImageObject\",\"inLanguage\":\"es\",\"@id\":\"https:\\\/\\\/redamlo.com\\\/index.php\\\/2021\\\/06\\\/08\\\/anuncia-gobierno-de-solidaridad-aplicacion-de-vacuna-a-adultos-de-50-anos\\\/#primaryimage\",\"url\":\"https:\\\/\\\/redamlo.com\\\/wp-content\\\/uploads\\\/2021\\\/06\\\/segunda-dosis-de-vacunacion.jpg\",\"contentUrl\":\"https:\\\/\\\/redamlo.com\\\/wp-content\\\/uploads\\\/2021\\\/06\\\/segunda-dosis-de-vacunacion.jpg\",\"width\":1280,\"height\":1280},{\"@type\":\"BreadcrumbList\",\"@id\":\"https:\\\/\\\/redamlo.com\\\/index.php\\\/2021\\\/06\\\/08\\\/anuncia-gobierno-de-solidaridad-aplicacion-de-vacuna-a-adultos-de-50-anos\\\/#breadcrumb\",\"itemListElement\":[{\"@type\":\"ListItem\",\"position\":1,\"name\":\"Inicio\",\"item\":\"https:\\\/\\\/redamlo.com\\\/\"},{\"@type\":\"ListItem\",\"position\":2,\"name\":\"Anuncia Gobierno de Solidaridad aplicaci\u00f3n de vacuna a adultos de 50 a\u00f1os\"}]},{\"@type\":\"WebSite\",\"@id\":\"https:\\\/\\\/redamlo.com\\\/#website\",\"url\":\"https:\\\/\\\/redamlo.com\\\/\",\"name\":\"NOTICIAS DE LA 4T\",\"description\":\"\",\"publisher\":{\"@id\":\"https:\\\/\\\/redamlo.com\\\/#organization\"},\"potentialAction\":[{\"@type\":\"SearchAction\",\"target\":{\"@type\":\"EntryPoint\",\"urlTemplate\":\"https:\\\/\\\/redamlo.com\\\/?s={search_term_string}\"},\"query-input\":{\"@type\":\"PropertyValueSpecification\",\"valueRequired\":true,\"valueName\":\"search_term_string\"}}],\"inLanguage\":\"es\"},{\"@type\":\"Organization\",\"@id\":\"https:\\\/\\\/redamlo.com\\\/#organization\",\"name\":\"NOTICIAS DE LA 4T\",\"url\":\"https:\\\/\\\/redamlo.com\\\/\",\"logo\":{\"@type\":\"ImageObject\",\"inLanguage\":\"es\",\"@id\":\"https:\\\/\\\/redamlo.com\\\/#\\\/schema\\\/logo\\\/image\\\/\",\"url\":\"https:\\\/\\\/redamlo.com\\\/wp-content\\\/uploads\\\/2024\\\/08\\\/cropped-RED-AMLO-logo-50.png\",\"contentUrl\":\"https:\\\/\\\/redamlo.com\\\/wp-content\\\/uploads\\\/2024\\\/08\\\/cropped-RED-AMLO-logo-50.png\",\"width\":256,\"height\":256,\"caption\":\"NOTICIAS DE LA 4T\"},\"image\":{\"@id\":\"https:\\\/\\\/redamlo.com\\\/#\\\/schema\\\/logo\\\/image\\\/\"}},{\"@type\":\"Person\",\"@id\":\"https:\\\/\\\/redamlo.com\\\/#\\\/schema\\\/person\\\/7223a4375eb8f1a782fcae010a7115cf\",\"name\":\"Blanca\",\"image\":{\"@type\":\"ImageObject\",\"inLanguage\":\"es\",\"@id\":\"https:\\\/\\\/secure.gravatar.com\\\/avatar\\\/3f79bc8336367a4e6093eae8757acaaf61d1124834b905616de7829b0273426d?s=96&d=mm&r=g\",\"url\":\"https:\\\/\\\/secure.gravatar.com\\\/avatar\\\/3f79bc8336367a4e6093eae8757acaaf61d1124834b905616de7829b0273426d?s=96&d=mm&r=g\",\"contentUrl\":\"https:\\\/\\\/secure.gravatar.com\\\/avatar\\\/3f79bc8336367a4e6093eae8757acaaf61d1124834b905616de7829b0273426d?s=96&d=mm&r=g\",\"caption\":\"Blanca\"},\"url\":\"https:\\\/\\\/redamlo.com\\\/index.php\\\/author\\\/blanca\\\/\"}]}<\/script>\n<!-- \/ Yoast SEO plugin. -->","yoast_head_json":{"title":"Anuncia Gobierno de Solidaridad aplicaci\u00f3n de vacuna a adultos de 50 a\u00f1os - NOTICIAS DE LA 4T","robots":{"index":"noindex","follow":"follow","max-snippet":"max-snippet:-1","max-image-preview":"max-image-preview:large","max-video-preview":"max-video-preview:-1"},"og_locale":"es_MX","og_type":"article","og_title":"Anuncia Gobierno de Solidaridad aplicaci\u00f3n de vacuna a adultos de 50 a\u00f1os - NOTICIAS DE LA 4T","og_description":"Playa del Carmen, Quintana Roo, a 07 de junio del 2021.- Este 8 y 9...","og_url":"https:\/\/redamlo.com\/index.php\/2021\/06\/08\/anuncia-gobierno-de-solidaridad-aplicacion-de-vacuna-a-adultos-de-50-anos\/","og_site_name":"NOTICIAS DE LA 4T","article_published_time":"2021-06-08T02:23:10+00:00","og_image":[{"width":1280,"height":1280,"url":"https:\/\/redamlo.com\/wp-content\/uploads\/2021\/06\/segunda-dosis-de-vacunacion.jpg","type":"image\/jpeg"}],"author":"Blanca","twitter_card":"summary_large_image","twitter_misc":{"Escrito por":"Blanca","Tiempo de lectura":"1 minuto"},"schema":{"@context":"https:\/\/schema.org","@graph":[{"@type":"Article","@id":"https:\/\/redamlo.com\/index.php\/2021\/06\/08\/anuncia-gobierno-de-solidaridad-aplicacion-de-vacuna-a-adultos-de-50-anos\/#article","isPartOf":{"@id":"https:\/\/redamlo.com\/index.php\/2021\/06\/08\/anuncia-gobierno-de-solidaridad-aplicacion-de-vacuna-a-adultos-de-50-anos\/"},"author":{"name":"Blanca","@id":"https:\/\/redamlo.com\/#\/schema\/person\/7223a4375eb8f1a782fcae010a7115cf"},"headline":"Anuncia Gobierno de Solidaridad aplicaci\u00f3n de vacuna a adultos de 50 a\u00f1os","datePublished":"2021-06-08T02:23:10+00:00","mainEntityOfPage":{"@id":"https:\/\/redamlo.com\/index.php\/2021\/06\/08\/anuncia-gobierno-de-solidaridad-aplicacion-de-vacuna-a-adultos-de-50-anos\/"},"wordCount":312,"commentCount":0,"publisher":{"@id":"https:\/\/redamlo.com\/#organization"},"image":{"@id":"https:\/\/redamlo.com\/index.php\/2021\/06\/08\/anuncia-gobierno-de-solidaridad-aplicacion-de-vacuna-a-adultos-de-50-anos\/#primaryimage"},"thumbnailUrl":"https:\/\/redamlo.com\/wp-content\/uploads\/2021\/06\/segunda-dosis-de-vacunacion.jpg","keywords":["aplicaci\u00f3n de vacuna a adultos de 50 a\u00f1os","CENALTUR","Direcci\u00f3n de Salud F\u00edsica y Mental de Solidaridad","H\u00e9ctor Gonz\u00e1lez Rodr\u00edguez","Solidaridad","Unidad Deportiva de la colonia Colosio"],"articleSection":["Uncategorized"],"inLanguage":"es","potentialAction":[{"@type":"CommentAction","name":"Comment","target":["https:\/\/redamlo.com\/index.php\/2021\/06\/08\/anuncia-gobierno-de-solidaridad-aplicacion-de-vacuna-a-adultos-de-50-anos\/#respond"]}]},{"@type":"WebPage","@id":"https:\/\/redamlo.com\/index.php\/2021\/06\/08\/anuncia-gobierno-de-solidaridad-aplicacion-de-vacuna-a-adultos-de-50-anos\/","url":"https:\/\/redamlo.com\/index.php\/2021\/06\/08\/anuncia-gobierno-de-solidaridad-aplicacion-de-vacuna-a-adultos-de-50-anos\/","name":"Anuncia Gobierno de Solidaridad aplicaci\u00f3n de vacuna a adultos de 50 a\u00f1os - NOTICIAS DE LA 4T","isPartOf":{"@id":"https:\/\/redamlo.com\/#website"},"primaryImageOfPage":{"@id":"https:\/\/redamlo.com\/index.php\/2021\/06\/08\/anuncia-gobierno-de-solidaridad-aplicacion-de-vacuna-a-adultos-de-50-anos\/#primaryimage"},"image":{"@id":"https:\/\/redamlo.com\/index.php\/2021\/06\/08\/anuncia-gobierno-de-solidaridad-aplicacion-de-vacuna-a-adultos-de-50-anos\/#primaryimage"},"thumbnailUrl":"https:\/\/redamlo.com\/wp-content\/uploads\/2021\/06\/segunda-dosis-de-vacunacion.jpg","datePublished":"2021-06-08T02:23:10+00:00","breadcrumb":{"@id":"https:\/\/redamlo.com\/index.php\/2021\/06\/08\/anuncia-gobierno-de-solidaridad-aplicacion-de-vacuna-a-adultos-de-50-anos\/#breadcrumb"},"inLanguage":"es","potentialAction":[{"@type":"ReadAction","target":["https:\/\/redamlo.com\/index.php\/2021\/06\/08\/anuncia-gobierno-de-solidaridad-aplicacion-de-vacuna-a-adultos-de-50-anos\/"]}]},{"@type":"ImageObject","inLanguage":"es","@id":"https:\/\/redamlo.com\/index.php\/2021\/06\/08\/anuncia-gobierno-de-solidaridad-aplicacion-de-vacuna-a-adultos-de-50-anos\/#primaryimage","url":"https:\/\/redamlo.com\/wp-content\/uploads\/2021\/06\/segunda-dosis-de-vacunacion.jpg","contentUrl":"https:\/\/redamlo.com\/wp-content\/uploads\/2021\/06\/segunda-dosis-de-vacunacion.jpg","width":1280,"height":1280},{"@type":"BreadcrumbList","@id":"https:\/\/redamlo.com\/index.php\/2021\/06\/08\/anuncia-gobierno-de-solidaridad-aplicacion-de-vacuna-a-adultos-de-50-anos\/#breadcrumb","itemListElement":[{"@type":"ListItem","position":1,"name":"Inicio","item":"https:\/\/redamlo.com\/"},{"@type":"ListItem","position":2,"name":"Anuncia Gobierno de Solidaridad aplicaci\u00f3n de vacuna a adultos de 50 a\u00f1os"}]},{"@type":"WebSite","@id":"https:\/\/redamlo.com\/#website","url":"https:\/\/redamlo.com\/","name":"NOTICIAS DE LA 4T","description":"","publisher":{"@id":"https:\/\/redamlo.com\/#organization"},"potentialAction":[{"@type":"SearchAction","target":{"@type":"EntryPoint","urlTemplate":"https:\/\/redamlo.com\/?s={search_term_string}"},"query-input":{"@type":"PropertyValueSpecification","valueRequired":true,"valueName":"search_term_string"}}],"inLanguage":"es"},{"@type":"Organization","@id":"https:\/\/redamlo.com\/#organization","name":"NOTICIAS DE LA 4T","url":"https:\/\/redamlo.com\/","logo":{"@type":"ImageObject","inLanguage":"es","@id":"https:\/\/redamlo.com\/#\/schema\/logo\/image\/","url":"https:\/\/redamlo.com\/wp-content\/uploads\/2024\/08\/cropped-RED-AMLO-logo-50.png","contentUrl":"https:\/\/redamlo.com\/wp-content\/uploads\/2024\/08\/cropped-RED-AMLO-logo-50.png","width":256,"height":256,"caption":"NOTICIAS DE LA 4T"},"image":{"@id":"https:\/\/redamlo.com\/#\/schema\/logo\/image\/"}},{"@type":"Person","@id":"https:\/\/redamlo.com\/#\/schema\/person\/7223a4375eb8f1a782fcae010a7115cf","name":"Blanca","image":{"@type":"ImageObject","inLanguage":"es","@id":"https:\/\/secure.gravatar.com\/avatar\/3f79bc8336367a4e6093eae8757acaaf61d1124834b905616de7829b0273426d?s=96&d=mm&r=g","url":"https:\/\/secure.gravatar.com\/avatar\/3f79bc8336367a4e6093eae8757acaaf61d1124834b905616de7829b0273426d?s=96&d=mm&r=g","contentUrl":"https:\/\/secure.gravatar.com\/avatar\/3f79bc8336367a4e6093eae8757acaaf61d1124834b905616de7829b0273426d?s=96&d=mm&r=g","caption":"Blanca"},"url":"https:\/\/redamlo.com\/index.php\/author\/blanca\/"}]}},"_links":{"self":[{"href":"https:\/\/redamlo.com\/index.php\/wp-json\/wp\/v2\/posts\/4471","targetHints":{"allow":["GET"]}}],"collection":[{"href":"https:\/\/redamlo.com\/index.php\/wp-json\/wp\/v2\/posts"}],"about":[{"href":"https:\/\/redamlo.com\/index.php\/wp-json\/wp\/v2\/types\/post"}],"author":[{"embeddable":true,"href":"https:\/\/redamlo.com\/index.php\/wp-json\/wp\/v2\/users\/2"}],"replies":[{"embeddable":true,"href":"https:\/\/redamlo.com\/index.php\/wp-json\/wp\/v2\/comments?post=4471"}],"version-history":[{"count":0,"href":"https:\/\/redamlo.com\/index.php\/wp-json\/wp\/v2\/posts\/4471\/revisions"}],"wp:featuredmedia":[{"embeddable":true,"href":"https:\/\/redamlo.com\/index.php\/wp-json\/wp\/v2\/media\/4473"}],"wp:attachment":[{"href":"https:\/\/redamlo.com\/index.php\/wp-json\/wp\/v2\/media?parent=4471"}],"wp:term":[{"taxonomy":"category","embeddable":true,"href":"https:\/\/redamlo.com\/index.php\/wp-json\/wp\/v2\/categories?post=4471"},{"taxonomy":"post_tag","embeddable":true,"href":"https:\/\/redamlo.com\/index.php\/wp-json\/wp\/v2\/tags?post=4471"}],"curies":[{"name":"wp","href":"https:\/\/api.w.org\/{rel}","templated":true}]}}