{"id":4447,"date":"2021-06-06T06:04:57","date_gmt":"2021-06-06T11:04:57","guid":{"rendered":"https:\/\/redamlo.com\/?p=4447"},"modified":"2021-06-06T06:04:57","modified_gmt":"2021-06-06T11:04:57","slug":"confirma-ricardo-gallardo-cardona-donde-emitira-su-voto","status":"publish","type":"post","link":"https:\/\/redamlo.com\/index.php\/2021\/06\/06\/confirma-ricardo-gallardo-cardona-donde-emitira-su-voto\/","title":{"rendered":"Confirma Ricardo Gallardo Cardona, donde emitir\u00e1 su voto"},"content":{"rendered":"<p>El candidato a la gubernatura de los partidos Verde Ecologista de M\u00e9xico y del Trabajo (PVEM-PT), Jos\u00e9 Ricardo Gallardo Cardona, anunci\u00f3 que asistir\u00e1 ma\u00f1ana a las 09:30 horas, a emitir su derecho a voto en la casilla ubicada en la secundaria de la colonia &#8220;La Constancia&#8221;, en la calle Bugambilias en &#8220;Soledad de Graciano S\u00e1nchez&#8221;, siendo hasta el momento el \u00fanico candidato en comunicar su hubicacion.<\/p>\n<p>Cabe destacar que frente a las presentes elecciones del 6 de junio donde participan Ricardo Gallardo Cardona, Adri\u00e1n Esper C\u00e1rdenas, Arturo Segoviano Garc\u00eda, Francisco Javier Rico \u00c1valos, Jos\u00e9 Luis Romero Calzada, Juan Carlos Machinena Morales, Marvelly Costanzo Rangel, M\u00f3nica Rangel y Octavio Pedroza por la Gubernatura de estado.<\/p>\n<p>El Instituto Nacional Electoral (INE) ha puesto a disposici\u00f3n de los ciudadanos una p\u00e1gina web donde el electorado puede indentificar con facilidad los sitios donde estar\u00e1n ubicadas las casillas, as\u00ed como las medidas de seguridad que deber\u00e1n seguir para el momento de acudir a ejercer su derecho al voto.<\/p>\n<p>Es importar que cada proceso electoral o en caso de que sea tu primer proceso recuerdes buscar tu casilla, contar con tu credencial para votar (vigente), ya que al ingresar al sistema vas a requerir del n\u00famero de secci\u00f3n que esta impreso en el documento a fin de localizar la direcci\u00f3n en la cual realizar\u00e1s el sufragio.<\/p>\n<p>Una vez que cuentes con esos datos ya est\u00e1s listo para ingresar al sitio https:\/\/ubicatucasilla.ine.mx\/ .<\/p>\n<p>Una vez que accedas a la vista principal da click al apartado Todas las entidades y selecciona San Luis Potos\u00ed, en seguida escribe el n\u00famero de secci\u00f3n y finaliza con click en la barra Buscar.<\/p>\n<p>Despu\u00e9s de los pasos anteriores aparecer\u00e1 el domicilio donde se ubica la casilla a la que tendras que dirigirte a votar, debes recordar llevar pluma o plum\u00f3n y cubre bocas para ingresar.<\/p>\n","protected":false},"excerpt":{"rendered":"<p>El candidato a la gubernatura de los partidos Verde Ecologista de M\u00e9xico y del Trabajo&#8230;<\/p>\n","protected":false},"author":2,"featured_media":4448,"comment_status":"open","ping_status":"closed","sticky":false,"template":"","format":"standard","meta":{"footnotes":""},"categories":[1],"tags":[761,795,389,390,790,267,764],"class_list":["post-4447","post","type-post","status-publish","format-standard","has-post-thumbnail","hentry","category-uncategorized","tag-el-pollo-gallardo","tag-juntos-haremos-historia","tag-pt","tag-pvem","tag-ricardo-gallardo-cardona","tag-san-luis-potosi","tag-slp"],"yoast_head":"<!-- This site is optimized with the Yoast SEO plugin v27.5 - https:\/\/yoast.com\/product\/yoast-seo-wordpress\/ -->\n<title>Confirma Ricardo Gallardo Cardona, donde emitir\u00e1 su voto - NOTICIAS DE LA 4T<\/title>\n<meta name=\"robots\" content=\"noindex, follow, max-snippet:-1, max-image-preview:large, max-video-preview:-1\" \/>\n<meta property=\"og:locale\" content=\"es_MX\" \/>\n<meta property=\"og:type\" content=\"article\" \/>\n<meta property=\"og:title\" content=\"Confirma Ricardo Gallardo Cardona, donde emitir\u00e1 su voto - NOTICIAS DE LA 4T\" \/>\n<meta property=\"og:description\" content=\"El candidato a la gubernatura de los partidos Verde Ecologista de M\u00e9xico y del Trabajo...\" \/>\n<meta property=\"og:url\" content=\"https:\/\/redamlo.com\/index.php\/2021\/06\/06\/confirma-ricardo-gallardo-cardona-donde-emitira-su-voto\/\" \/>\n<meta property=\"og:site_name\" content=\"NOTICIAS DE LA 4T\" \/>\n<meta property=\"article:published_time\" content=\"2021-06-06T11:04:57+00:00\" \/>\n<meta property=\"og:image\" content=\"https:\/\/redamlo.com\/wp-content\/uploads\/2021\/06\/FB_IMG_1622976804887.jpg\" \/>\n\t<meta property=\"og:image:width\" content=\"800\" \/>\n\t<meta property=\"og:image:height\" content=\"800\" \/>\n\t<meta property=\"og:image:type\" content=\"image\/jpeg\" \/>\n<meta name=\"author\" content=\"Blanca\" \/>\n<meta name=\"twitter:card\" content=\"summary_large_image\" \/>\n<meta name=\"twitter:label1\" content=\"Escrito por\" \/>\n\t<meta name=\"twitter:data1\" content=\"Blanca\" \/>\n\t<meta name=\"twitter:label2\" content=\"Tiempo de lectura\" \/>\n\t<meta name=\"twitter:data2\" content=\"2 minutos\" \/>\n<script type=\"application\/ld+json\" class=\"yoast-schema-graph\">{\"@context\":\"https:\\\/\\\/schema.org\",\"@graph\":[{\"@type\":\"Article\",\"@id\":\"https:\\\/\\\/redamlo.com\\\/index.php\\\/2021\\\/06\\\/06\\\/confirma-ricardo-gallardo-cardona-donde-emitira-su-voto\\\/#article\",\"isPartOf\":{\"@id\":\"https:\\\/\\\/redamlo.com\\\/index.php\\\/2021\\\/06\\\/06\\\/confirma-ricardo-gallardo-cardona-donde-emitira-su-voto\\\/\"},\"author\":{\"name\":\"Blanca\",\"@id\":\"https:\\\/\\\/redamlo.com\\\/#\\\/schema\\\/person\\\/7223a4375eb8f1a782fcae010a7115cf\"},\"headline\":\"Confirma Ricardo Gallardo Cardona, donde emitir\u00e1 su voto\",\"datePublished\":\"2021-06-06T11:04:57+00:00\",\"mainEntityOfPage\":{\"@id\":\"https:\\\/\\\/redamlo.com\\\/index.php\\\/2021\\\/06\\\/06\\\/confirma-ricardo-gallardo-cardona-donde-emitira-su-voto\\\/\"},\"wordCount\":331,\"commentCount\":0,\"publisher\":{\"@id\":\"https:\\\/\\\/redamlo.com\\\/#organization\"},\"image\":{\"@id\":\"https:\\\/\\\/redamlo.com\\\/index.php\\\/2021\\\/06\\\/06\\\/confirma-ricardo-gallardo-cardona-donde-emitira-su-voto\\\/#primaryimage\"},\"thumbnailUrl\":\"https:\\\/\\\/redamlo.com\\\/wp-content\\\/uploads\\\/2021\\\/06\\\/FB_IMG_1622976804887.jpg\",\"keywords\":[\"El Pollo Gallardo\",\"Juntos Haremos Historia\",\"PT\",\"PVEM\",\"Ricardo Gallardo Cardona\",\"San Luis Potos\u00ed\",\"SLP\"],\"articleSection\":[\"Uncategorized\"],\"inLanguage\":\"es\",\"potentialAction\":[{\"@type\":\"CommentAction\",\"name\":\"Comment\",\"target\":[\"https:\\\/\\\/redamlo.com\\\/index.php\\\/2021\\\/06\\\/06\\\/confirma-ricardo-gallardo-cardona-donde-emitira-su-voto\\\/#respond\"]}]},{\"@type\":\"WebPage\",\"@id\":\"https:\\\/\\\/redamlo.com\\\/index.php\\\/2021\\\/06\\\/06\\\/confirma-ricardo-gallardo-cardona-donde-emitira-su-voto\\\/\",\"url\":\"https:\\\/\\\/redamlo.com\\\/index.php\\\/2021\\\/06\\\/06\\\/confirma-ricardo-gallardo-cardona-donde-emitira-su-voto\\\/\",\"name\":\"Confirma Ricardo Gallardo Cardona, donde emitir\u00e1 su voto - NOTICIAS DE LA 4T\",\"isPartOf\":{\"@id\":\"https:\\\/\\\/redamlo.com\\\/#website\"},\"primaryImageOfPage\":{\"@id\":\"https:\\\/\\\/redamlo.com\\\/index.php\\\/2021\\\/06\\\/06\\\/confirma-ricardo-gallardo-cardona-donde-emitira-su-voto\\\/#primaryimage\"},\"image\":{\"@id\":\"https:\\\/\\\/redamlo.com\\\/index.php\\\/2021\\\/06\\\/06\\\/confirma-ricardo-gallardo-cardona-donde-emitira-su-voto\\\/#primaryimage\"},\"thumbnailUrl\":\"https:\\\/\\\/redamlo.com\\\/wp-content\\\/uploads\\\/2021\\\/06\\\/FB_IMG_1622976804887.jpg\",\"datePublished\":\"2021-06-06T11:04:57+00:00\",\"breadcrumb\":{\"@id\":\"https:\\\/\\\/redamlo.com\\\/index.php\\\/2021\\\/06\\\/06\\\/confirma-ricardo-gallardo-cardona-donde-emitira-su-voto\\\/#breadcrumb\"},\"inLanguage\":\"es\",\"potentialAction\":[{\"@type\":\"ReadAction\",\"target\":[\"https:\\\/\\\/redamlo.com\\\/index.php\\\/2021\\\/06\\\/06\\\/confirma-ricardo-gallardo-cardona-donde-emitira-su-voto\\\/\"]}]},{\"@type\":\"ImageObject\",\"inLanguage\":\"es\",\"@id\":\"https:\\\/\\\/redamlo.com\\\/index.php\\\/2021\\\/06\\\/06\\\/confirma-ricardo-gallardo-cardona-donde-emitira-su-voto\\\/#primaryimage\",\"url\":\"https:\\\/\\\/redamlo.com\\\/wp-content\\\/uploads\\\/2021\\\/06\\\/FB_IMG_1622976804887.jpg\",\"contentUrl\":\"https:\\\/\\\/redamlo.com\\\/wp-content\\\/uploads\\\/2021\\\/06\\\/FB_IMG_1622976804887.jpg\",\"width\":800,\"height\":800},{\"@type\":\"BreadcrumbList\",\"@id\":\"https:\\\/\\\/redamlo.com\\\/index.php\\\/2021\\\/06\\\/06\\\/confirma-ricardo-gallardo-cardona-donde-emitira-su-voto\\\/#breadcrumb\",\"itemListElement\":[{\"@type\":\"ListItem\",\"position\":1,\"name\":\"Inicio\",\"item\":\"https:\\\/\\\/redamlo.com\\\/\"},{\"@type\":\"ListItem\",\"position\":2,\"name\":\"Confirma Ricardo Gallardo Cardona, donde emitir\u00e1 su voto\"}]},{\"@type\":\"WebSite\",\"@id\":\"https:\\\/\\\/redamlo.com\\\/#website\",\"url\":\"https:\\\/\\\/redamlo.com\\\/\",\"name\":\"NOTICIAS DE LA 4T\",\"description\":\"\",\"publisher\":{\"@id\":\"https:\\\/\\\/redamlo.com\\\/#organization\"},\"potentialAction\":[{\"@type\":\"SearchAction\",\"target\":{\"@type\":\"EntryPoint\",\"urlTemplate\":\"https:\\\/\\\/redamlo.com\\\/?s={search_term_string}\"},\"query-input\":{\"@type\":\"PropertyValueSpecification\",\"valueRequired\":true,\"valueName\":\"search_term_string\"}}],\"inLanguage\":\"es\"},{\"@type\":\"Organization\",\"@id\":\"https:\\\/\\\/redamlo.com\\\/#organization\",\"name\":\"NOTICIAS DE LA 4T\",\"url\":\"https:\\\/\\\/redamlo.com\\\/\",\"logo\":{\"@type\":\"ImageObject\",\"inLanguage\":\"es\",\"@id\":\"https:\\\/\\\/redamlo.com\\\/#\\\/schema\\\/logo\\\/image\\\/\",\"url\":\"https:\\\/\\\/redamlo.com\\\/wp-content\\\/uploads\\\/2024\\\/08\\\/cropped-RED-AMLO-logo-50.png\",\"contentUrl\":\"https:\\\/\\\/redamlo.com\\\/wp-content\\\/uploads\\\/2024\\\/08\\\/cropped-RED-AMLO-logo-50.png\",\"width\":256,\"height\":256,\"caption\":\"NOTICIAS DE LA 4T\"},\"image\":{\"@id\":\"https:\\\/\\\/redamlo.com\\\/#\\\/schema\\\/logo\\\/image\\\/\"}},{\"@type\":\"Person\",\"@id\":\"https:\\\/\\\/redamlo.com\\\/#\\\/schema\\\/person\\\/7223a4375eb8f1a782fcae010a7115cf\",\"name\":\"Blanca\",\"image\":{\"@type\":\"ImageObject\",\"inLanguage\":\"es\",\"@id\":\"https:\\\/\\\/secure.gravatar.com\\\/avatar\\\/3f79bc8336367a4e6093eae8757acaaf61d1124834b905616de7829b0273426d?s=96&d=mm&r=g\",\"url\":\"https:\\\/\\\/secure.gravatar.com\\\/avatar\\\/3f79bc8336367a4e6093eae8757acaaf61d1124834b905616de7829b0273426d?s=96&d=mm&r=g\",\"contentUrl\":\"https:\\\/\\\/secure.gravatar.com\\\/avatar\\\/3f79bc8336367a4e6093eae8757acaaf61d1124834b905616de7829b0273426d?s=96&d=mm&r=g\",\"caption\":\"Blanca\"},\"url\":\"https:\\\/\\\/redamlo.com\\\/index.php\\\/author\\\/blanca\\\/\"}]}<\/script>\n<!-- \/ Yoast SEO plugin. -->","yoast_head_json":{"title":"Confirma Ricardo Gallardo Cardona, donde emitir\u00e1 su voto - NOTICIAS DE LA 4T","robots":{"index":"noindex","follow":"follow","max-snippet":"max-snippet:-1","max-image-preview":"max-image-preview:large","max-video-preview":"max-video-preview:-1"},"og_locale":"es_MX","og_type":"article","og_title":"Confirma Ricardo Gallardo Cardona, donde emitir\u00e1 su voto - NOTICIAS DE LA 4T","og_description":"El candidato a la gubernatura de los partidos Verde Ecologista de M\u00e9xico y del Trabajo...","og_url":"https:\/\/redamlo.com\/index.php\/2021\/06\/06\/confirma-ricardo-gallardo-cardona-donde-emitira-su-voto\/","og_site_name":"NOTICIAS DE LA 4T","article_published_time":"2021-06-06T11:04:57+00:00","og_image":[{"width":800,"height":800,"url":"https:\/\/redamlo.com\/wp-content\/uploads\/2021\/06\/FB_IMG_1622976804887.jpg","type":"image\/jpeg"}],"author":"Blanca","twitter_card":"summary_large_image","twitter_misc":{"Escrito por":"Blanca","Tiempo de lectura":"2 minutos"},"schema":{"@context":"https:\/\/schema.org","@graph":[{"@type":"Article","@id":"https:\/\/redamlo.com\/index.php\/2021\/06\/06\/confirma-ricardo-gallardo-cardona-donde-emitira-su-voto\/#article","isPartOf":{"@id":"https:\/\/redamlo.com\/index.php\/2021\/06\/06\/confirma-ricardo-gallardo-cardona-donde-emitira-su-voto\/"},"author":{"name":"Blanca","@id":"https:\/\/redamlo.com\/#\/schema\/person\/7223a4375eb8f1a782fcae010a7115cf"},"headline":"Confirma Ricardo Gallardo Cardona, donde emitir\u00e1 su voto","datePublished":"2021-06-06T11:04:57+00:00","mainEntityOfPage":{"@id":"https:\/\/redamlo.com\/index.php\/2021\/06\/06\/confirma-ricardo-gallardo-cardona-donde-emitira-su-voto\/"},"wordCount":331,"commentCount":0,"publisher":{"@id":"https:\/\/redamlo.com\/#organization"},"image":{"@id":"https:\/\/redamlo.com\/index.php\/2021\/06\/06\/confirma-ricardo-gallardo-cardona-donde-emitira-su-voto\/#primaryimage"},"thumbnailUrl":"https:\/\/redamlo.com\/wp-content\/uploads\/2021\/06\/FB_IMG_1622976804887.jpg","keywords":["El Pollo Gallardo","Juntos Haremos Historia","PT","PVEM","Ricardo Gallardo Cardona","San Luis Potos\u00ed","SLP"],"articleSection":["Uncategorized"],"inLanguage":"es","potentialAction":[{"@type":"CommentAction","name":"Comment","target":["https:\/\/redamlo.com\/index.php\/2021\/06\/06\/confirma-ricardo-gallardo-cardona-donde-emitira-su-voto\/#respond"]}]},{"@type":"WebPage","@id":"https:\/\/redamlo.com\/index.php\/2021\/06\/06\/confirma-ricardo-gallardo-cardona-donde-emitira-su-voto\/","url":"https:\/\/redamlo.com\/index.php\/2021\/06\/06\/confirma-ricardo-gallardo-cardona-donde-emitira-su-voto\/","name":"Confirma Ricardo Gallardo Cardona, donde emitir\u00e1 su voto - NOTICIAS DE LA 4T","isPartOf":{"@id":"https:\/\/redamlo.com\/#website"},"primaryImageOfPage":{"@id":"https:\/\/redamlo.com\/index.php\/2021\/06\/06\/confirma-ricardo-gallardo-cardona-donde-emitira-su-voto\/#primaryimage"},"image":{"@id":"https:\/\/redamlo.com\/index.php\/2021\/06\/06\/confirma-ricardo-gallardo-cardona-donde-emitira-su-voto\/#primaryimage"},"thumbnailUrl":"https:\/\/redamlo.com\/wp-content\/uploads\/2021\/06\/FB_IMG_1622976804887.jpg","datePublished":"2021-06-06T11:04:57+00:00","breadcrumb":{"@id":"https:\/\/redamlo.com\/index.php\/2021\/06\/06\/confirma-ricardo-gallardo-cardona-donde-emitira-su-voto\/#breadcrumb"},"inLanguage":"es","potentialAction":[{"@type":"ReadAction","target":["https:\/\/redamlo.com\/index.php\/2021\/06\/06\/confirma-ricardo-gallardo-cardona-donde-emitira-su-voto\/"]}]},{"@type":"ImageObject","inLanguage":"es","@id":"https:\/\/redamlo.com\/index.php\/2021\/06\/06\/confirma-ricardo-gallardo-cardona-donde-emitira-su-voto\/#primaryimage","url":"https:\/\/redamlo.com\/wp-content\/uploads\/2021\/06\/FB_IMG_1622976804887.jpg","contentUrl":"https:\/\/redamlo.com\/wp-content\/uploads\/2021\/06\/FB_IMG_1622976804887.jpg","width":800,"height":800},{"@type":"BreadcrumbList","@id":"https:\/\/redamlo.com\/index.php\/2021\/06\/06\/confirma-ricardo-gallardo-cardona-donde-emitira-su-voto\/#breadcrumb","itemListElement":[{"@type":"ListItem","position":1,"name":"Inicio","item":"https:\/\/redamlo.com\/"},{"@type":"ListItem","position":2,"name":"Confirma Ricardo Gallardo Cardona, donde emitir\u00e1 su voto"}]},{"@type":"WebSite","@id":"https:\/\/redamlo.com\/#website","url":"https:\/\/redamlo.com\/","name":"NOTICIAS DE LA 4T","description":"","publisher":{"@id":"https:\/\/redamlo.com\/#organization"},"potentialAction":[{"@type":"SearchAction","target":{"@type":"EntryPoint","urlTemplate":"https:\/\/redamlo.com\/?s={search_term_string}"},"query-input":{"@type":"PropertyValueSpecification","valueRequired":true,"valueName":"search_term_string"}}],"inLanguage":"es"},{"@type":"Organization","@id":"https:\/\/redamlo.com\/#organization","name":"NOTICIAS DE LA 4T","url":"https:\/\/redamlo.com\/","logo":{"@type":"ImageObject","inLanguage":"es","@id":"https:\/\/redamlo.com\/#\/schema\/logo\/image\/","url":"https:\/\/redamlo.com\/wp-content\/uploads\/2024\/08\/cropped-RED-AMLO-logo-50.png","contentUrl":"https:\/\/redamlo.com\/wp-content\/uploads\/2024\/08\/cropped-RED-AMLO-logo-50.png","width":256,"height":256,"caption":"NOTICIAS DE LA 4T"},"image":{"@id":"https:\/\/redamlo.com\/#\/schema\/logo\/image\/"}},{"@type":"Person","@id":"https:\/\/redamlo.com\/#\/schema\/person\/7223a4375eb8f1a782fcae010a7115cf","name":"Blanca","image":{"@type":"ImageObject","inLanguage":"es","@id":"https:\/\/secure.gravatar.com\/avatar\/3f79bc8336367a4e6093eae8757acaaf61d1124834b905616de7829b0273426d?s=96&d=mm&r=g","url":"https:\/\/secure.gravatar.com\/avatar\/3f79bc8336367a4e6093eae8757acaaf61d1124834b905616de7829b0273426d?s=96&d=mm&r=g","contentUrl":"https:\/\/secure.gravatar.com\/avatar\/3f79bc8336367a4e6093eae8757acaaf61d1124834b905616de7829b0273426d?s=96&d=mm&r=g","caption":"Blanca"},"url":"https:\/\/redamlo.com\/index.php\/author\/blanca\/"}]}},"_links":{"self":[{"href":"https:\/\/redamlo.com\/index.php\/wp-json\/wp\/v2\/posts\/4447","targetHints":{"allow":["GET"]}}],"collection":[{"href":"https:\/\/redamlo.com\/index.php\/wp-json\/wp\/v2\/posts"}],"about":[{"href":"https:\/\/redamlo.com\/index.php\/wp-json\/wp\/v2\/types\/post"}],"author":[{"embeddable":true,"href":"https:\/\/redamlo.com\/index.php\/wp-json\/wp\/v2\/users\/2"}],"replies":[{"embeddable":true,"href":"https:\/\/redamlo.com\/index.php\/wp-json\/wp\/v2\/comments?post=4447"}],"version-history":[{"count":0,"href":"https:\/\/redamlo.com\/index.php\/wp-json\/wp\/v2\/posts\/4447\/revisions"}],"wp:featuredmedia":[{"embeddable":true,"href":"https:\/\/redamlo.com\/index.php\/wp-json\/wp\/v2\/media\/4448"}],"wp:attachment":[{"href":"https:\/\/redamlo.com\/index.php\/wp-json\/wp\/v2\/media?parent=4447"}],"wp:term":[{"taxonomy":"category","embeddable":true,"href":"https:\/\/redamlo.com\/index.php\/wp-json\/wp\/v2\/categories?post=4447"},{"taxonomy":"post_tag","embeddable":true,"href":"https:\/\/redamlo.com\/index.php\/wp-json\/wp\/v2\/tags?post=4447"}],"curies":[{"name":"wp","href":"https:\/\/api.w.org\/{rel}","templated":true}]}}