{"id":4424,"date":"2021-06-01T11:00:36","date_gmt":"2021-06-01T11:00:36","guid":{"rendered":"https:\/\/redamlo.com\/?p=4424"},"modified":"2021-06-01T11:00:36","modified_gmt":"2021-06-01T11:00:36","slug":"epidemia-esta-controlada-y-vacunacion-contra-covid-19-avanza","status":"publish","type":"post","link":"https:\/\/redamlo.com\/index.php\/2021\/06\/01\/epidemia-esta-controlada-y-vacunacion-contra-covid-19-avanza\/","title":{"rendered":"Epidemia est\u00e1 controlada y vacunaci\u00f3n contra Covid-19 avanza"},"content":{"rendered":"<p style=\"text-align: justify;\"><span style=\"color: #000000; font-family: Arial, Helvetica, sans-serif;\">M\u00c9XICO, 01 de junio de 2021.- El presidente de M\u00e9xico, Andr\u00e9s Manuel L\u00f3pez Obrador asegur\u00f3 que la epidemia de Covid-19 est\u00e1 controlada y desde el gobierno federal se atiende la incidencia de contagios en algunos municipios del pa\u00eds.<\/span><\/p>\n<p style=\"text-align: justify;\"><span style=\"color: #000000; font-family: Arial, Helvetica, sans-serif;\">\u201cEn general hay una disminuci\u00f3n de la pandemia y lo m\u00e1s importante de todo, lo que nos da m\u00e1s tranquilidad es que est\u00e1n bajando los fallecimientos. Eso es lo que m\u00e1s nos llena de satisfacci\u00f3n. Vamos avanzando\u201d, asever\u00f3.<\/span><\/p>\n<p style=\"text-align: justify;\"><span style=\"color: #000000; font-family: Arial, Helvetica, sans-serif;\">En conferencia de prensa matutina resalt\u00f3 el progreso del Plan Nacional de Vacunaci\u00f3n. Dijo que la llegada de dosis al pa\u00eds ha sucedido conforme a lo planeado.<\/span><\/p>\n<p style=\"text-align: justify;\"><span style=\"color: #000000; font-family: Arial, Helvetica, sans-serif;\">De acuerdo con datos de la Secretar\u00eda de Salud, desde el 23 de diciembre se han recibido 39 millones 888 mil 675 dosis. Hoy llegar\u00e1n 288 mil 990 dosis de Pfizer y en el transcurso de la primera semana de junio, 2 millones 458 mil 990 dosis, de las cuales corresponder\u00e1n a dos embarques de 585 mil dosis de Pfizer cada uno y un mill\u00f3n de SinoVac.<\/span><\/p>\n<p style=\"text-align: justify;\"><span style=\"color: #000000; font-family: Arial, Helvetica, sans-serif;\">Asimismo, en la semana se anunciar\u00e1 la liberaci\u00f3n de lotes de la vacuna AstraZeneca que se fabrican en Argentina y se envasan en M\u00e9xico.<\/span><\/p>\n<p style=\"text-align: justify;\"><span style=\"color: #000000; font-family: Arial, Helvetica, sans-serif;\">El subsecretario de Prevenci\u00f3n y Promoci\u00f3n de la Salud, Hugo L\u00f3pez-Gatell Ram\u00edrez, expuso que en M\u00e9xico se ha vacunado a 22 millones 43 mil 213 personas, que representan el 25 por ciento de la poblaci\u00f3n mayor de 18 a\u00f1os.<\/span><\/p>\n<p style=\"text-align: justify;\"><span style=\"color: #000000; font-family: Arial, Helvetica, sans-serif;\">El lunes 31 de mayo se aplicaron 511 mil 334 dosis y en M\u00e9xico se han suministrado 30 millones 990 mil 908 dosis, agreg\u00f3.<\/span><\/p>\n<p style=\"text-align: justify;\"><span style=\"color: #000000; font-family: Arial, Helvetica, sans-serif;\">Asegur\u00f3 que aumentar\u00e1 la capacidad de inmunizaci\u00f3n en los siguientes d\u00edas para aplicar entre 850 mil y un mill\u00f3n de dosis por d\u00eda.<\/span><\/p>\n<p style=\"text-align: justify;\"><span style=\"color: #000000; font-family: Arial, Helvetica, sans-serif;\">Ayer inici\u00f3 en once entidades federativas la vacunaci\u00f3n a personas de 40 a 49 a\u00f1os; 82 mil 398 recibieron la primera dosis.<\/span><\/p>\n<p style=\"text-align: justify;\"><span style=\"color: #000000; font-family: Arial, Helvetica, sans-serif;\">El sector de las personas embarazadas registra un avance acumulado de 151 mil 419 personas protegidas en todo el pa\u00eds.<\/span><\/p>\n<p style=\"text-align: justify;\"><span style=\"color: #000000; font-family: Arial, Helvetica, sans-serif;\">Inform\u00f3 que la epidemia suma 19 semanas consecutivas a la baja y se contin\u00faa en la semana 20 de reducci\u00f3n. La previsi\u00f3n para las siguientes dos semanas es una tendencia de descenso.<\/span><\/p>\n<p style=\"text-align: justify;\"><span style=\"color: #000000; font-family: Arial, Helvetica, sans-serif;\">El secretario de Relaciones Exteriores, Marcelo Ebrard Casaubon, indic\u00f3 que M\u00e9xico ocupa el lugar n\u00famero 9 en cuanto a millones de dosis administradas, por encima de pa\u00edses como Turqu\u00eda, Rusia, Indonesia, Espa\u00f1a y Canad\u00e1.<\/span><\/p>\n<p style=\"text-align: justify;\"><span style=\"color: #000000; font-family: Arial, Helvetica, sans-serif;\">Destac\u00f3 que el pa\u00eds don\u00f3 ventiladores mec\u00e1nicos fabricados en M\u00e9xico a diez pa\u00edses de Am\u00e9rica Latina y el Caribe con el apoyo de la Fuerza A\u00e9rea Mexicana<\/span><\/p>\n<p style=\"text-align: justify;\"><span style=\"color: #000000; font-family: Arial, Helvetica, sans-serif;\">Durante el di\u00e1logo con representantes de los medios de comunicaci\u00f3n, el secretario de Salud, Jorge Alcocer Varela, recibi\u00f3 la segunda dosis de la farmac\u00e9utica AstraZeneca.<\/span><\/p>\n<p style=\"text-align: justify;\"><span style=\"color: #000000; font-family: Arial, Helvetica, sans-serif;\">\u201cCompletamente inmunizado. Dentro de 15 d\u00edas ya voy a estar con los anticuerpos que se generan con este ant\u00edgeno, protegiendo a los dem\u00e1s y protegi\u00e9ndome. Es una situaci\u00f3n que realmente vale la pena\u201d, expres\u00f3.<\/span><\/p>\n<p><iframe loading=\"lazy\" title=\"Epidemia de COVID-19 est\u00e1 controlada y vacunaci\u00f3n progresa. Conferencia presidente AMLO\" width=\"640\" height=\"360\" src=\"https:\/\/www.youtube.com\/embed\/y6G-aQN_uyA?start=1051&#038;feature=oembed\" frameborder=\"0\" allow=\"accelerometer; autoplay; clipboard-write; encrypted-media; gyroscope; picture-in-picture; web-share\" referrerpolicy=\"strict-origin-when-cross-origin\" allowfullscreen><\/iframe><\/p>\n","protected":false},"excerpt":{"rendered":"<p>M\u00c9XICO, 01 de junio de 2021.- El presidente de M\u00e9xico, Andr\u00e9s Manuel L\u00f3pez Obrador asegur\u00f3&#8230;<\/p>\n","protected":false},"author":2,"featured_media":4427,"comment_status":"open","ping_status":"closed","sticky":false,"template":"","format":"standard","meta":{"footnotes":""},"categories":[25,20,27,31],"tags":[84,131,473,556,658,132,9,567,576,655],"class_list":["post-4424","post","type-post","status-publish","format-standard","has-post-thumbnail","hentry","category-4t","category-nacionales","category-presidencia","category-salud","tag-amlo","tag-andres-manuel-lopez-obrador","tag-covid-19","tag-gobierno-de-mexico","tag-jorge-alcocer","tag-marcelo-ebrard","tag-mexico","tag-pandemia","tag-plan-nacional-de-vacunacion","tag-sre"],"yoast_head":"<!-- This site is optimized with the Yoast SEO plugin v27.5 - https:\/\/yoast.com\/product\/yoast-seo-wordpress\/ -->\n<title>Epidemia est\u00e1 controlada y vacunaci\u00f3n contra Covid-19 avanza - NOTICIAS DE LA 4T<\/title>\n<meta name=\"robots\" content=\"noindex, follow, max-snippet:-1, max-image-preview:large, max-video-preview:-1\" \/>\n<meta property=\"og:locale\" content=\"es_MX\" \/>\n<meta property=\"og:type\" content=\"article\" \/>\n<meta property=\"og:title\" content=\"Epidemia est\u00e1 controlada y vacunaci\u00f3n contra Covid-19 avanza - NOTICIAS DE LA 4T\" \/>\n<meta property=\"og:description\" content=\"M\u00c9XICO, 01 de junio de 2021.- El presidente de M\u00e9xico, Andr\u00e9s Manuel L\u00f3pez Obrador asegur\u00f3...\" \/>\n<meta property=\"og:url\" content=\"https:\/\/redamlo.com\/index.php\/2021\/06\/01\/epidemia-esta-controlada-y-vacunacion-contra-covid-19-avanza\/\" \/>\n<meta property=\"og:site_name\" content=\"NOTICIAS DE LA 4T\" \/>\n<meta property=\"article:published_time\" content=\"2021-06-01T11:00:36+00:00\" \/>\n<meta property=\"og:image\" content=\"https:\/\/redamlo.com\/wp-content\/uploads\/2021\/06\/Epidemia-esta-controlada-y-vacunacion-contra-Covid-19-avanza.jpg\" \/>\n\t<meta property=\"og:image:width\" content=\"767\" \/>\n\t<meta property=\"og:image:height\" content=\"485\" \/>\n\t<meta property=\"og:image:type\" content=\"image\/jpeg\" \/>\n<meta name=\"author\" content=\"Blanca\" \/>\n<meta name=\"twitter:card\" content=\"summary_large_image\" \/>\n<meta name=\"twitter:label1\" content=\"Escrito por\" \/>\n\t<meta name=\"twitter:data1\" content=\"Blanca\" \/>\n\t<meta name=\"twitter:label2\" content=\"Tiempo de lectura\" \/>\n\t<meta name=\"twitter:data2\" content=\"3 minutos\" \/>\n<script type=\"application\/ld+json\" class=\"yoast-schema-graph\">{\"@context\":\"https:\\\/\\\/schema.org\",\"@graph\":[{\"@type\":\"Article\",\"@id\":\"https:\\\/\\\/redamlo.com\\\/index.php\\\/2021\\\/06\\\/01\\\/epidemia-esta-controlada-y-vacunacion-contra-covid-19-avanza\\\/#article\",\"isPartOf\":{\"@id\":\"https:\\\/\\\/redamlo.com\\\/index.php\\\/2021\\\/06\\\/01\\\/epidemia-esta-controlada-y-vacunacion-contra-covid-19-avanza\\\/\"},\"author\":{\"name\":\"Blanca\",\"@id\":\"https:\\\/\\\/redamlo.com\\\/#\\\/schema\\\/person\\\/7223a4375eb8f1a782fcae010a7115cf\"},\"headline\":\"Epidemia est\u00e1 controlada y vacunaci\u00f3n contra Covid-19 avanza\",\"datePublished\":\"2021-06-01T11:00:36+00:00\",\"mainEntityOfPage\":{\"@id\":\"https:\\\/\\\/redamlo.com\\\/index.php\\\/2021\\\/06\\\/01\\\/epidemia-esta-controlada-y-vacunacion-contra-covid-19-avanza\\\/\"},\"wordCount\":522,\"commentCount\":0,\"publisher\":{\"@id\":\"https:\\\/\\\/redamlo.com\\\/#organization\"},\"image\":{\"@id\":\"https:\\\/\\\/redamlo.com\\\/index.php\\\/2021\\\/06\\\/01\\\/epidemia-esta-controlada-y-vacunacion-contra-covid-19-avanza\\\/#primaryimage\"},\"thumbnailUrl\":\"https:\\\/\\\/redamlo.com\\\/wp-content\\\/uploads\\\/2021\\\/06\\\/Epidemia-esta-controlada-y-vacunacion-contra-Covid-19-avanza.jpg\",\"keywords\":[\"AMLO\",\"Andr\u00e9s Manuel L\u00f3pez Obrador\",\"COVID-19\",\"Gobierno de M\u00e9xico\",\"Jorge Alcocer\",\"Marcelo Ebrard\",\"M\u00e9xico\",\"pandemia\",\"Plan Nacional de Vacunaci\u00f3n\",\"SRE\"],\"articleSection\":[\"4T\",\"Nacionales\",\"Presidencia\",\"Salud\"],\"inLanguage\":\"es\",\"potentialAction\":[{\"@type\":\"CommentAction\",\"name\":\"Comment\",\"target\":[\"https:\\\/\\\/redamlo.com\\\/index.php\\\/2021\\\/06\\\/01\\\/epidemia-esta-controlada-y-vacunacion-contra-covid-19-avanza\\\/#respond\"]}]},{\"@type\":\"WebPage\",\"@id\":\"https:\\\/\\\/redamlo.com\\\/index.php\\\/2021\\\/06\\\/01\\\/epidemia-esta-controlada-y-vacunacion-contra-covid-19-avanza\\\/\",\"url\":\"https:\\\/\\\/redamlo.com\\\/index.php\\\/2021\\\/06\\\/01\\\/epidemia-esta-controlada-y-vacunacion-contra-covid-19-avanza\\\/\",\"name\":\"Epidemia est\u00e1 controlada y vacunaci\u00f3n contra Covid-19 avanza - NOTICIAS DE LA 4T\",\"isPartOf\":{\"@id\":\"https:\\\/\\\/redamlo.com\\\/#website\"},\"primaryImageOfPage\":{\"@id\":\"https:\\\/\\\/redamlo.com\\\/index.php\\\/2021\\\/06\\\/01\\\/epidemia-esta-controlada-y-vacunacion-contra-covid-19-avanza\\\/#primaryimage\"},\"image\":{\"@id\":\"https:\\\/\\\/redamlo.com\\\/index.php\\\/2021\\\/06\\\/01\\\/epidemia-esta-controlada-y-vacunacion-contra-covid-19-avanza\\\/#primaryimage\"},\"thumbnailUrl\":\"https:\\\/\\\/redamlo.com\\\/wp-content\\\/uploads\\\/2021\\\/06\\\/Epidemia-esta-controlada-y-vacunacion-contra-Covid-19-avanza.jpg\",\"datePublished\":\"2021-06-01T11:00:36+00:00\",\"breadcrumb\":{\"@id\":\"https:\\\/\\\/redamlo.com\\\/index.php\\\/2021\\\/06\\\/01\\\/epidemia-esta-controlada-y-vacunacion-contra-covid-19-avanza\\\/#breadcrumb\"},\"inLanguage\":\"es\",\"potentialAction\":[{\"@type\":\"ReadAction\",\"target\":[\"https:\\\/\\\/redamlo.com\\\/index.php\\\/2021\\\/06\\\/01\\\/epidemia-esta-controlada-y-vacunacion-contra-covid-19-avanza\\\/\"]}]},{\"@type\":\"ImageObject\",\"inLanguage\":\"es\",\"@id\":\"https:\\\/\\\/redamlo.com\\\/index.php\\\/2021\\\/06\\\/01\\\/epidemia-esta-controlada-y-vacunacion-contra-covid-19-avanza\\\/#primaryimage\",\"url\":\"https:\\\/\\\/redamlo.com\\\/wp-content\\\/uploads\\\/2021\\\/06\\\/Epidemia-esta-controlada-y-vacunacion-contra-Covid-19-avanza.jpg\",\"contentUrl\":\"https:\\\/\\\/redamlo.com\\\/wp-content\\\/uploads\\\/2021\\\/06\\\/Epidemia-esta-controlada-y-vacunacion-contra-Covid-19-avanza.jpg\",\"width\":767,\"height\":485},{\"@type\":\"BreadcrumbList\",\"@id\":\"https:\\\/\\\/redamlo.com\\\/index.php\\\/2021\\\/06\\\/01\\\/epidemia-esta-controlada-y-vacunacion-contra-covid-19-avanza\\\/#breadcrumb\",\"itemListElement\":[{\"@type\":\"ListItem\",\"position\":1,\"name\":\"Inicio\",\"item\":\"https:\\\/\\\/redamlo.com\\\/\"},{\"@type\":\"ListItem\",\"position\":2,\"name\":\"Epidemia est\u00e1 controlada y vacunaci\u00f3n contra Covid-19 avanza\"}]},{\"@type\":\"WebSite\",\"@id\":\"https:\\\/\\\/redamlo.com\\\/#website\",\"url\":\"https:\\\/\\\/redamlo.com\\\/\",\"name\":\"NOTICIAS DE LA 4T\",\"description\":\"\",\"publisher\":{\"@id\":\"https:\\\/\\\/redamlo.com\\\/#organization\"},\"potentialAction\":[{\"@type\":\"SearchAction\",\"target\":{\"@type\":\"EntryPoint\",\"urlTemplate\":\"https:\\\/\\\/redamlo.com\\\/?s={search_term_string}\"},\"query-input\":{\"@type\":\"PropertyValueSpecification\",\"valueRequired\":true,\"valueName\":\"search_term_string\"}}],\"inLanguage\":\"es\"},{\"@type\":\"Organization\",\"@id\":\"https:\\\/\\\/redamlo.com\\\/#organization\",\"name\":\"NOTICIAS DE LA 4T\",\"url\":\"https:\\\/\\\/redamlo.com\\\/\",\"logo\":{\"@type\":\"ImageObject\",\"inLanguage\":\"es\",\"@id\":\"https:\\\/\\\/redamlo.com\\\/#\\\/schema\\\/logo\\\/image\\\/\",\"url\":\"https:\\\/\\\/redamlo.com\\\/wp-content\\\/uploads\\\/2024\\\/08\\\/cropped-RED-AMLO-logo-50.png\",\"contentUrl\":\"https:\\\/\\\/redamlo.com\\\/wp-content\\\/uploads\\\/2024\\\/08\\\/cropped-RED-AMLO-logo-50.png\",\"width\":256,\"height\":256,\"caption\":\"NOTICIAS DE LA 4T\"},\"image\":{\"@id\":\"https:\\\/\\\/redamlo.com\\\/#\\\/schema\\\/logo\\\/image\\\/\"}},{\"@type\":\"Person\",\"@id\":\"https:\\\/\\\/redamlo.com\\\/#\\\/schema\\\/person\\\/7223a4375eb8f1a782fcae010a7115cf\",\"name\":\"Blanca\",\"image\":{\"@type\":\"ImageObject\",\"inLanguage\":\"es\",\"@id\":\"https:\\\/\\\/secure.gravatar.com\\\/avatar\\\/3f79bc8336367a4e6093eae8757acaaf61d1124834b905616de7829b0273426d?s=96&d=mm&r=g\",\"url\":\"https:\\\/\\\/secure.gravatar.com\\\/avatar\\\/3f79bc8336367a4e6093eae8757acaaf61d1124834b905616de7829b0273426d?s=96&d=mm&r=g\",\"contentUrl\":\"https:\\\/\\\/secure.gravatar.com\\\/avatar\\\/3f79bc8336367a4e6093eae8757acaaf61d1124834b905616de7829b0273426d?s=96&d=mm&r=g\",\"caption\":\"Blanca\"},\"url\":\"https:\\\/\\\/redamlo.com\\\/index.php\\\/author\\\/blanca\\\/\"}]}<\/script>\n<!-- \/ Yoast SEO plugin. -->","yoast_head_json":{"title":"Epidemia est\u00e1 controlada y vacunaci\u00f3n contra Covid-19 avanza - NOTICIAS DE LA 4T","robots":{"index":"noindex","follow":"follow","max-snippet":"max-snippet:-1","max-image-preview":"max-image-preview:large","max-video-preview":"max-video-preview:-1"},"og_locale":"es_MX","og_type":"article","og_title":"Epidemia est\u00e1 controlada y vacunaci\u00f3n contra Covid-19 avanza - NOTICIAS DE LA 4T","og_description":"M\u00c9XICO, 01 de junio de 2021.- El presidente de M\u00e9xico, Andr\u00e9s Manuel L\u00f3pez Obrador asegur\u00f3...","og_url":"https:\/\/redamlo.com\/index.php\/2021\/06\/01\/epidemia-esta-controlada-y-vacunacion-contra-covid-19-avanza\/","og_site_name":"NOTICIAS DE LA 4T","article_published_time":"2021-06-01T11:00:36+00:00","og_image":[{"width":767,"height":485,"url":"https:\/\/redamlo.com\/wp-content\/uploads\/2021\/06\/Epidemia-esta-controlada-y-vacunacion-contra-Covid-19-avanza.jpg","type":"image\/jpeg"}],"author":"Blanca","twitter_card":"summary_large_image","twitter_misc":{"Escrito por":"Blanca","Tiempo de lectura":"3 minutos"},"schema":{"@context":"https:\/\/schema.org","@graph":[{"@type":"Article","@id":"https:\/\/redamlo.com\/index.php\/2021\/06\/01\/epidemia-esta-controlada-y-vacunacion-contra-covid-19-avanza\/#article","isPartOf":{"@id":"https:\/\/redamlo.com\/index.php\/2021\/06\/01\/epidemia-esta-controlada-y-vacunacion-contra-covid-19-avanza\/"},"author":{"name":"Blanca","@id":"https:\/\/redamlo.com\/#\/schema\/person\/7223a4375eb8f1a782fcae010a7115cf"},"headline":"Epidemia est\u00e1 controlada y vacunaci\u00f3n contra Covid-19 avanza","datePublished":"2021-06-01T11:00:36+00:00","mainEntityOfPage":{"@id":"https:\/\/redamlo.com\/index.php\/2021\/06\/01\/epidemia-esta-controlada-y-vacunacion-contra-covid-19-avanza\/"},"wordCount":522,"commentCount":0,"publisher":{"@id":"https:\/\/redamlo.com\/#organization"},"image":{"@id":"https:\/\/redamlo.com\/index.php\/2021\/06\/01\/epidemia-esta-controlada-y-vacunacion-contra-covid-19-avanza\/#primaryimage"},"thumbnailUrl":"https:\/\/redamlo.com\/wp-content\/uploads\/2021\/06\/Epidemia-esta-controlada-y-vacunacion-contra-Covid-19-avanza.jpg","keywords":["AMLO","Andr\u00e9s Manuel L\u00f3pez Obrador","COVID-19","Gobierno de M\u00e9xico","Jorge Alcocer","Marcelo Ebrard","M\u00e9xico","pandemia","Plan Nacional de Vacunaci\u00f3n","SRE"],"articleSection":["4T","Nacionales","Presidencia","Salud"],"inLanguage":"es","potentialAction":[{"@type":"CommentAction","name":"Comment","target":["https:\/\/redamlo.com\/index.php\/2021\/06\/01\/epidemia-esta-controlada-y-vacunacion-contra-covid-19-avanza\/#respond"]}]},{"@type":"WebPage","@id":"https:\/\/redamlo.com\/index.php\/2021\/06\/01\/epidemia-esta-controlada-y-vacunacion-contra-covid-19-avanza\/","url":"https:\/\/redamlo.com\/index.php\/2021\/06\/01\/epidemia-esta-controlada-y-vacunacion-contra-covid-19-avanza\/","name":"Epidemia est\u00e1 controlada y vacunaci\u00f3n contra Covid-19 avanza - NOTICIAS DE LA 4T","isPartOf":{"@id":"https:\/\/redamlo.com\/#website"},"primaryImageOfPage":{"@id":"https:\/\/redamlo.com\/index.php\/2021\/06\/01\/epidemia-esta-controlada-y-vacunacion-contra-covid-19-avanza\/#primaryimage"},"image":{"@id":"https:\/\/redamlo.com\/index.php\/2021\/06\/01\/epidemia-esta-controlada-y-vacunacion-contra-covid-19-avanza\/#primaryimage"},"thumbnailUrl":"https:\/\/redamlo.com\/wp-content\/uploads\/2021\/06\/Epidemia-esta-controlada-y-vacunacion-contra-Covid-19-avanza.jpg","datePublished":"2021-06-01T11:00:36+00:00","breadcrumb":{"@id":"https:\/\/redamlo.com\/index.php\/2021\/06\/01\/epidemia-esta-controlada-y-vacunacion-contra-covid-19-avanza\/#breadcrumb"},"inLanguage":"es","potentialAction":[{"@type":"ReadAction","target":["https:\/\/redamlo.com\/index.php\/2021\/06\/01\/epidemia-esta-controlada-y-vacunacion-contra-covid-19-avanza\/"]}]},{"@type":"ImageObject","inLanguage":"es","@id":"https:\/\/redamlo.com\/index.php\/2021\/06\/01\/epidemia-esta-controlada-y-vacunacion-contra-covid-19-avanza\/#primaryimage","url":"https:\/\/redamlo.com\/wp-content\/uploads\/2021\/06\/Epidemia-esta-controlada-y-vacunacion-contra-Covid-19-avanza.jpg","contentUrl":"https:\/\/redamlo.com\/wp-content\/uploads\/2021\/06\/Epidemia-esta-controlada-y-vacunacion-contra-Covid-19-avanza.jpg","width":767,"height":485},{"@type":"BreadcrumbList","@id":"https:\/\/redamlo.com\/index.php\/2021\/06\/01\/epidemia-esta-controlada-y-vacunacion-contra-covid-19-avanza\/#breadcrumb","itemListElement":[{"@type":"ListItem","position":1,"name":"Inicio","item":"https:\/\/redamlo.com\/"},{"@type":"ListItem","position":2,"name":"Epidemia est\u00e1 controlada y vacunaci\u00f3n contra Covid-19 avanza"}]},{"@type":"WebSite","@id":"https:\/\/redamlo.com\/#website","url":"https:\/\/redamlo.com\/","name":"NOTICIAS DE LA 4T","description":"","publisher":{"@id":"https:\/\/redamlo.com\/#organization"},"potentialAction":[{"@type":"SearchAction","target":{"@type":"EntryPoint","urlTemplate":"https:\/\/redamlo.com\/?s={search_term_string}"},"query-input":{"@type":"PropertyValueSpecification","valueRequired":true,"valueName":"search_term_string"}}],"inLanguage":"es"},{"@type":"Organization","@id":"https:\/\/redamlo.com\/#organization","name":"NOTICIAS DE LA 4T","url":"https:\/\/redamlo.com\/","logo":{"@type":"ImageObject","inLanguage":"es","@id":"https:\/\/redamlo.com\/#\/schema\/logo\/image\/","url":"https:\/\/redamlo.com\/wp-content\/uploads\/2024\/08\/cropped-RED-AMLO-logo-50.png","contentUrl":"https:\/\/redamlo.com\/wp-content\/uploads\/2024\/08\/cropped-RED-AMLO-logo-50.png","width":256,"height":256,"caption":"NOTICIAS DE LA 4T"},"image":{"@id":"https:\/\/redamlo.com\/#\/schema\/logo\/image\/"}},{"@type":"Person","@id":"https:\/\/redamlo.com\/#\/schema\/person\/7223a4375eb8f1a782fcae010a7115cf","name":"Blanca","image":{"@type":"ImageObject","inLanguage":"es","@id":"https:\/\/secure.gravatar.com\/avatar\/3f79bc8336367a4e6093eae8757acaaf61d1124834b905616de7829b0273426d?s=96&d=mm&r=g","url":"https:\/\/secure.gravatar.com\/avatar\/3f79bc8336367a4e6093eae8757acaaf61d1124834b905616de7829b0273426d?s=96&d=mm&r=g","contentUrl":"https:\/\/secure.gravatar.com\/avatar\/3f79bc8336367a4e6093eae8757acaaf61d1124834b905616de7829b0273426d?s=96&d=mm&r=g","caption":"Blanca"},"url":"https:\/\/redamlo.com\/index.php\/author\/blanca\/"}]}},"_links":{"self":[{"href":"https:\/\/redamlo.com\/index.php\/wp-json\/wp\/v2\/posts\/4424","targetHints":{"allow":["GET"]}}],"collection":[{"href":"https:\/\/redamlo.com\/index.php\/wp-json\/wp\/v2\/posts"}],"about":[{"href":"https:\/\/redamlo.com\/index.php\/wp-json\/wp\/v2\/types\/post"}],"author":[{"embeddable":true,"href":"https:\/\/redamlo.com\/index.php\/wp-json\/wp\/v2\/users\/2"}],"replies":[{"embeddable":true,"href":"https:\/\/redamlo.com\/index.php\/wp-json\/wp\/v2\/comments?post=4424"}],"version-history":[{"count":0,"href":"https:\/\/redamlo.com\/index.php\/wp-json\/wp\/v2\/posts\/4424\/revisions"}],"wp:featuredmedia":[{"embeddable":true,"href":"https:\/\/redamlo.com\/index.php\/wp-json\/wp\/v2\/media\/4427"}],"wp:attachment":[{"href":"https:\/\/redamlo.com\/index.php\/wp-json\/wp\/v2\/media?parent=4424"}],"wp:term":[{"taxonomy":"category","embeddable":true,"href":"https:\/\/redamlo.com\/index.php\/wp-json\/wp\/v2\/categories?post=4424"},{"taxonomy":"post_tag","embeddable":true,"href":"https:\/\/redamlo.com\/index.php\/wp-json\/wp\/v2\/tags?post=4424"}],"curies":[{"name":"wp","href":"https:\/\/api.w.org\/{rel}","templated":true}]}}